{"id":77786,"date":"2025-08-01T10:40:45","date_gmt":"2025-08-01T13:40:45","guid":{"rendered":"https:\/\/www.travel3.com.br\/?p=77786"},"modified":"2025-08-01T10:40:50","modified_gmt":"2025-08-01T13:40:50","slug":"tivoli-ecoresort-praia-do-forte-ofertas-resort-week","status":"publish","type":"post","link":"https:\/\/www.travel3.com.br\/site\/acontece-no-turismo\/tivoli-ecoresort-praia-do-forte-ofertas-resort-week\/","title":{"rendered":"Tivoli Ecoresort Praia do Forte lan\u00e7a ofertas na Resort Week"},"content":{"rendered":"\n<h2 class=\"wp-block-heading\">Resort na Bahia oferece at\u00e9 15% de desconto para hospedagens at\u00e9 dezembro de 2025<\/h2>\n\n\n\n<p>O Tivoli Ecoresort Praia do Forte participa da Resort Week de 5 a 11 de agosto, com descontos de at\u00e9 15% em reservas feitas diretamente no site do resort. A promo\u00e7\u00e3o \u00e9 v\u00e1lida para hospedagens at\u00e9 19 de dezembro de 2025, em estadias a partir de tr\u00eas di\u00e1rias.<\/p>\n\n\n\n<p>Localizado em uma reserva de Mata Atl\u00e2ntica \u00e0 beira-mar, o Tivoli Ecoresort Praia do Forte combina lazer, bem-estar e contato com a natureza. O resort disp\u00f5e de piscinas voltadas para o mar, restaurantes, centro fitness, quadras esportivas e atividades ambientais.<\/p>\n\n\n\n<p>As crian\u00e7as t\u00eam programa\u00e7\u00e3o exclusiva no clube infantil Caretta Caretta, enquanto os adultos podem relaxar no Anantara Spa, eleito o Melhor Spa de Resort do Brasil pelo World Spa Awards. A experi\u00eancia inclui caf\u00e9 da manh\u00e3, jantar com bebidas n\u00e3o alco\u00f3licas e welcome drink, al\u00e9m de uma agenda variada de lazer para todas as idades.<\/p>\n\n\n\n<p>* Consulte termos e condi\u00e7\u00f5es no <strong><a href=\"https:\/\/www.tivolihotels.com\/pt\/tivoli-ecoresort-praia-do-forte\" target=\"_blank\" rel=\"noreferrer noopener\">site<\/a><\/strong>. <\/p>\n\n\n\n<p>Reservas podem ser feitas pelo site <strong><a href=\"https:\/\/www.tivolihotels.com\/pt\/tivoli-ecoresort-praia-do-forte\" target=\"_blank\" rel=\"noreferrer noopener\">tivolihotels.com<\/a><\/strong> (cupom RESORTWEEK) ou pelo e-mail <a href=\"mailto:reservas.tepf@tivolihotels.com\"><strong>reservas.tepf@tivolihotels.com<\/strong><\/a>.<\/p>\n\n\n\n<p><\/p>\n","protected":false},"excerpt":{"rendered":"<p>Resort na Bahia oferece at\u00e9 15% de desconto para hospedagens at\u00e9 dezembro de 2025<\/p>\n","protected":false},"author":5,"featured_media":77789,"comment_status":"open","ping_status":"open","sticky":false,"template":"","format":"standard","meta":{"footnotes":""},"categories":[969,161],"tags":[2287,514,5430,6803,525],"class_list":["post-77786","post","type-post","status-publish","format-standard","has-post-thumbnail","hentry","category-acontece-no-turismo","category-promocoes","tag-anantara-spa","tag-bahia","tag-hoteis-de-luxo","tag-resort-week","tag-tivoli-ecoresort-praia-do-forte"],"yoast_head":"<!-- This site is optimized with the Yoast SEO plugin v26.2 - https:\/\/yoast.com\/wordpress\/plugins\/seo\/ -->\n<title>Tivoli Ecoresort Praia do Forte lan\u00e7a ofertas na Resort Week - Travel3<\/title>\n<meta name=\"description\" content=\"Tivoli Ecoresort Praia do Forte lan\u00e7a ofertas na Resort Week, com at\u00e9 15% de desconto em reservas para viagens at\u00e9 dezembro de 2025.\" \/>\n<meta name=\"robots\" content=\"index, follow, max-snippet:-1, max-image-preview:large, max-video-preview:-1\" \/>\n<link rel=\"canonical\" href=\"https:\/\/www.travel3.com.br\/site\/acontece-no-turismo\/tivoli-ecoresort-praia-do-forte-ofertas-resort-week\/\" \/>\n<meta property=\"og:locale\" content=\"pt_BR\" \/>\n<meta property=\"og:type\" content=\"article\" \/>\n<meta property=\"og:title\" content=\"Tivoli Ecoresort Praia do Forte lan\u00e7a ofertas na Resort Week - Travel3\" \/>\n<meta property=\"og:description\" content=\"Tivoli Ecoresort Praia do Forte lan\u00e7a ofertas na Resort Week, com at\u00e9 15% de desconto em reservas para viagens at\u00e9 dezembro de 2025.\" \/>\n<meta property=\"og:url\" content=\"https:\/\/www.travel3.com.br\/site\/acontece-no-turismo\/tivoli-ecoresort-praia-do-forte-ofertas-resort-week\/\" \/>\n<meta property=\"og:site_name\" content=\"Travel3\" \/>\n<meta property=\"article:publisher\" content=\"https:\/\/www.facebook.com\/travel3media\/\" \/>\n<meta property=\"article:published_time\" content=\"2025-08-01T13:40:45+00:00\" \/>\n<meta property=\"article:modified_time\" content=\"2025-08-01T13:40:50+00:00\" \/>\n<meta property=\"og:image\" content=\"https:\/\/www.travel3.com.br\/site\/wp-content\/uploads\/2025\/08\/Tivoli.jpg\" \/>\n\t<meta property=\"og:image:width\" content=\"800\" \/>\n\t<meta property=\"og:image:height\" content=\"534\" \/>\n\t<meta property=\"og:image:type\" content=\"image\/jpeg\" \/>\n<meta name=\"author\" content=\"Reda\u00e7\u00e3o Travel3\" \/>\n<meta name=\"twitter:card\" content=\"summary_large_image\" \/>\n<meta name=\"twitter:label1\" content=\"Escrito por\" \/>\n\t<meta name=\"twitter:data1\" content=\"Reda\u00e7\u00e3o Travel3\" \/>\n\t<meta name=\"twitter:label2\" content=\"Est. tempo de leitura\" \/>\n\t<meta name=\"twitter:data2\" content=\"2 minutos\" \/>\n<script type=\"application\/ld+json\" class=\"yoast-schema-graph\">{\"@context\":\"https:\/\/schema.org\",\"@graph\":[{\"@type\":\"Article\",\"@id\":\"https:\/\/www.travel3.com.br\/site\/acontece-no-turismo\/tivoli-ecoresort-praia-do-forte-ofertas-resort-week\/#article\",\"isPartOf\":{\"@id\":\"https:\/\/www.travel3.com.br\/site\/acontece-no-turismo\/tivoli-ecoresort-praia-do-forte-ofertas-resort-week\/\"},\"author\":{\"name\":\"Reda\u00e7\u00e3o Travel3\",\"@id\":\"https:\/\/www.travel3.com.br\/site\/#\/schema\/person\/89251b0320bc67697de92249f97f3fdb\"},\"headline\":\"Tivoli Ecoresort Praia do Forte lan\u00e7a ofertas na Resort Week\",\"datePublished\":\"2025-08-01T13:40:45+00:00\",\"dateModified\":\"2025-08-01T13:40:50+00:00\",\"mainEntityOfPage\":{\"@id\":\"https:\/\/www.travel3.com.br\/site\/acontece-no-turismo\/tivoli-ecoresort-praia-do-forte-ofertas-resort-week\/\"},\"wordCount\":196,\"commentCount\":0,\"publisher\":{\"@id\":\"https:\/\/www.travel3.com.br\/site\/#organization\"},\"image\":{\"@id\":\"https:\/\/www.travel3.com.br\/site\/acontece-no-turismo\/tivoli-ecoresort-praia-do-forte-ofertas-resort-week\/#primaryimage\"},\"thumbnailUrl\":\"https:\/\/www.travel3.com.br\/site\/wp-content\/uploads\/2025\/08\/Tivoli.jpg\",\"keywords\":[\"anantara spa\",\"Bahia\",\"hot\u00e9is de luxo\",\"resort week\",\"Tivoli Ecoresort Praia do Forte\"],\"articleSection\":[\"Acontece no Turismo\",\"Promo\u00e7\u00f5es\"],\"inLanguage\":\"pt-BR\",\"potentialAction\":[{\"@type\":\"CommentAction\",\"name\":\"Comment\",\"target\":[\"https:\/\/www.travel3.com.br\/site\/acontece-no-turismo\/tivoli-ecoresort-praia-do-forte-ofertas-resort-week\/#respond\"]}]},{\"@type\":\"WebPage\",\"@id\":\"https:\/\/www.travel3.com.br\/site\/acontece-no-turismo\/tivoli-ecoresort-praia-do-forte-ofertas-resort-week\/\",\"url\":\"https:\/\/www.travel3.com.br\/site\/acontece-no-turismo\/tivoli-ecoresort-praia-do-forte-ofertas-resort-week\/\",\"name\":\"Tivoli Ecoresort Praia do Forte lan\u00e7a ofertas na Resort Week - Travel3\",\"isPartOf\":{\"@id\":\"https:\/\/www.travel3.com.br\/site\/#website\"},\"primaryImageOfPage\":{\"@id\":\"https:\/\/www.travel3.com.br\/site\/acontece-no-turismo\/tivoli-ecoresort-praia-do-forte-ofertas-resort-week\/#primaryimage\"},\"image\":{\"@id\":\"https:\/\/www.travel3.com.br\/site\/acontece-no-turismo\/tivoli-ecoresort-praia-do-forte-ofertas-resort-week\/#primaryimage\"},\"thumbnailUrl\":\"https:\/\/www.travel3.com.br\/site\/wp-content\/uploads\/2025\/08\/Tivoli.jpg\",\"datePublished\":\"2025-08-01T13:40:45+00:00\",\"dateModified\":\"2025-08-01T13:40:50+00:00\",\"description\":\"Tivoli Ecoresort Praia do Forte lan\u00e7a ofertas na Resort Week, com at\u00e9 15% de desconto em reservas para viagens at\u00e9 dezembro de 2025.\",\"breadcrumb\":{\"@id\":\"https:\/\/www.travel3.com.br\/site\/acontece-no-turismo\/tivoli-ecoresort-praia-do-forte-ofertas-resort-week\/#breadcrumb\"},\"inLanguage\":\"pt-BR\",\"potentialAction\":[{\"@type\":\"ReadAction\",\"target\":[\"https:\/\/www.travel3.com.br\/site\/acontece-no-turismo\/tivoli-ecoresort-praia-do-forte-ofertas-resort-week\/\"]}]},{\"@type\":\"ImageObject\",\"inLanguage\":\"pt-BR\",\"@id\":\"https:\/\/www.travel3.com.br\/site\/acontece-no-turismo\/tivoli-ecoresort-praia-do-forte-ofertas-resort-week\/#primaryimage\",\"url\":\"https:\/\/www.travel3.com.br\/site\/wp-content\/uploads\/2025\/08\/Tivoli.jpg\",\"contentUrl\":\"https:\/\/www.travel3.com.br\/site\/wp-content\/uploads\/2025\/08\/Tivoli.jpg\",\"width\":800,\"height\":534,\"caption\":\"Tivoli Ecoresort Praia do Forte visto do alto (Foto: Divulga\u00e7\u00e3o)\"},{\"@type\":\"BreadcrumbList\",\"@id\":\"https:\/\/www.travel3.com.br\/site\/acontece-no-turismo\/tivoli-ecoresort-praia-do-forte-ofertas-resort-week\/#breadcrumb\",\"itemListElement\":[{\"@type\":\"ListItem\",\"position\":1,\"name\":\"In\u00edcio\",\"item\":\"https:\/\/www.travel3.com.br\/site\/\"},{\"@type\":\"ListItem\",\"position\":2,\"name\":\"Tivoli Ecoresort Praia do Forte lan\u00e7a ofertas na Resort Week\"}]},{\"@type\":\"WebSite\",\"@id\":\"https:\/\/www.travel3.com.br\/site\/#website\",\"url\":\"https:\/\/www.travel3.com.br\/site\/\",\"name\":\"Travel3\",\"description\":\"Lazer + Neg&oacute;cios + Aventura\",\"publisher\":{\"@id\":\"https:\/\/www.travel3.com.br\/site\/#organization\"},\"potentialAction\":[{\"@type\":\"SearchAction\",\"target\":{\"@type\":\"EntryPoint\",\"urlTemplate\":\"https:\/\/www.travel3.com.br\/site\/?s={search_term_string}\"},\"query-input\":{\"@type\":\"PropertyValueSpecification\",\"valueRequired\":true,\"valueName\":\"search_term_string\"}}],\"inLanguage\":\"pt-BR\"},{\"@type\":\"Organization\",\"@id\":\"https:\/\/www.travel3.com.br\/site\/#organization\",\"name\":\"Travel3\",\"url\":\"https:\/\/www.travel3.com.br\/site\/\",\"logo\":{\"@type\":\"ImageObject\",\"inLanguage\":\"pt-BR\",\"@id\":\"https:\/\/www.travel3.com.br\/site\/#\/schema\/logo\/image\/\",\"url\":\"https:\/\/www.travel3.com.br\/site\/wp-content\/uploads\/2020\/01\/logo-travel3-2020.png\",\"contentUrl\":\"https:\/\/www.travel3.com.br\/site\/wp-content\/uploads\/2020\/01\/logo-travel3-2020.png\",\"width\":232,\"height\":79,\"caption\":\"Travel3\"},\"image\":{\"@id\":\"https:\/\/www.travel3.com.br\/site\/#\/schema\/logo\/image\/\"},\"sameAs\":[\"https:\/\/www.facebook.com\/travel3media\/\",\"https:\/\/www.instagram.com\/revistatravel3\/\",\"https:\/\/www.youtube.com\/channel\/UCno7J4paGBR3VbZQzvoJ9Eg\"]},{\"@type\":\"Person\",\"@id\":\"https:\/\/www.travel3.com.br\/site\/#\/schema\/person\/89251b0320bc67697de92249f97f3fdb\",\"name\":\"Reda\u00e7\u00e3o Travel3\",\"image\":{\"@type\":\"ImageObject\",\"inLanguage\":\"pt-BR\",\"@id\":\"https:\/\/www.travel3.com.br\/site\/#\/schema\/person\/image\/\",\"url\":\"https:\/\/secure.gravatar.com\/avatar\/85a5ec2ad99b1932f671ebf50c117db6?s=96&d=mm&r=g\",\"contentUrl\":\"https:\/\/secure.gravatar.com\/avatar\/85a5ec2ad99b1932f671ebf50c117db6?s=96&d=mm&r=g\",\"caption\":\"Reda\u00e7\u00e3o Travel3\"},\"sameAs\":[\"http:\/\/www.travel3.com.br\/\"],\"url\":\"https:\/\/www.travel3.com.br\/site\/author\/redacao\/\"}]}<\/script>\n<!-- \/ Yoast SEO plugin. -->","yoast_head_json":{"title":"Tivoli Ecoresort Praia do Forte lan\u00e7a ofertas na Resort Week - Travel3","description":"Tivoli Ecoresort Praia do Forte lan\u00e7a ofertas na Resort Week, com at\u00e9 15% de desconto em reservas para viagens at\u00e9 dezembro de 2025.","robots":{"index":"index","follow":"follow","max-snippet":"max-snippet:-1","max-image-preview":"max-image-preview:large","max-video-preview":"max-video-preview:-1"},"canonical":"https:\/\/www.travel3.com.br\/site\/acontece-no-turismo\/tivoli-ecoresort-praia-do-forte-ofertas-resort-week\/","og_locale":"pt_BR","og_type":"article","og_title":"Tivoli Ecoresort Praia do Forte lan\u00e7a ofertas na Resort Week - Travel3","og_description":"Tivoli Ecoresort Praia do Forte lan\u00e7a ofertas na Resort Week, com at\u00e9 15% de desconto em reservas para viagens at\u00e9 dezembro de 2025.","og_url":"https:\/\/www.travel3.com.br\/site\/acontece-no-turismo\/tivoli-ecoresort-praia-do-forte-ofertas-resort-week\/","og_site_name":"Travel3","article_publisher":"https:\/\/www.facebook.com\/travel3media\/","article_published_time":"2025-08-01T13:40:45+00:00","article_modified_time":"2025-08-01T13:40:50+00:00","og_image":[{"width":800,"height":534,"url":"https:\/\/www.travel3.com.br\/site\/wp-content\/uploads\/2025\/08\/Tivoli.jpg","type":"image\/jpeg"}],"author":"Reda\u00e7\u00e3o Travel3","twitter_card":"summary_large_image","twitter_misc":{"Escrito por":"Reda\u00e7\u00e3o Travel3","Est. tempo de leitura":"2 minutos"},"schema":{"@context":"https:\/\/schema.org","@graph":[{"@type":"Article","@id":"https:\/\/www.travel3.com.br\/site\/acontece-no-turismo\/tivoli-ecoresort-praia-do-forte-ofertas-resort-week\/#article","isPartOf":{"@id":"https:\/\/www.travel3.com.br\/site\/acontece-no-turismo\/tivoli-ecoresort-praia-do-forte-ofertas-resort-week\/"},"author":{"name":"Reda\u00e7\u00e3o Travel3","@id":"https:\/\/www.travel3.com.br\/site\/#\/schema\/person\/89251b0320bc67697de92249f97f3fdb"},"headline":"Tivoli Ecoresort Praia do Forte lan\u00e7a ofertas na Resort Week","datePublished":"2025-08-01T13:40:45+00:00","dateModified":"2025-08-01T13:40:50+00:00","mainEntityOfPage":{"@id":"https:\/\/www.travel3.com.br\/site\/acontece-no-turismo\/tivoli-ecoresort-praia-do-forte-ofertas-resort-week\/"},"wordCount":196,"commentCount":0,"publisher":{"@id":"https:\/\/www.travel3.com.br\/site\/#organization"},"image":{"@id":"https:\/\/www.travel3.com.br\/site\/acontece-no-turismo\/tivoli-ecoresort-praia-do-forte-ofertas-resort-week\/#primaryimage"},"thumbnailUrl":"https:\/\/www.travel3.com.br\/site\/wp-content\/uploads\/2025\/08\/Tivoli.jpg","keywords":["anantara spa","Bahia","hot\u00e9is de luxo","resort week","Tivoli Ecoresort Praia do Forte"],"articleSection":["Acontece no Turismo","Promo\u00e7\u00f5es"],"inLanguage":"pt-BR","potentialAction":[{"@type":"CommentAction","name":"Comment","target":["https:\/\/www.travel3.com.br\/site\/acontece-no-turismo\/tivoli-ecoresort-praia-do-forte-ofertas-resort-week\/#respond"]}]},{"@type":"WebPage","@id":"https:\/\/www.travel3.com.br\/site\/acontece-no-turismo\/tivoli-ecoresort-praia-do-forte-ofertas-resort-week\/","url":"https:\/\/www.travel3.com.br\/site\/acontece-no-turismo\/tivoli-ecoresort-praia-do-forte-ofertas-resort-week\/","name":"Tivoli Ecoresort Praia do Forte lan\u00e7a ofertas na Resort Week - Travel3","isPartOf":{"@id":"https:\/\/www.travel3.com.br\/site\/#website"},"primaryImageOfPage":{"@id":"https:\/\/www.travel3.com.br\/site\/acontece-no-turismo\/tivoli-ecoresort-praia-do-forte-ofertas-resort-week\/#primaryimage"},"image":{"@id":"https:\/\/www.travel3.com.br\/site\/acontece-no-turismo\/tivoli-ecoresort-praia-do-forte-ofertas-resort-week\/#primaryimage"},"thumbnailUrl":"https:\/\/www.travel3.com.br\/site\/wp-content\/uploads\/2025\/08\/Tivoli.jpg","datePublished":"2025-08-01T13:40:45+00:00","dateModified":"2025-08-01T13:40:50+00:00","description":"Tivoli Ecoresort Praia do Forte lan\u00e7a ofertas na Resort Week, com at\u00e9 15% de desconto em reservas para viagens at\u00e9 dezembro de 2025.","breadcrumb":{"@id":"https:\/\/www.travel3.com.br\/site\/acontece-no-turismo\/tivoli-ecoresort-praia-do-forte-ofertas-resort-week\/#breadcrumb"},"inLanguage":"pt-BR","potentialAction":[{"@type":"ReadAction","target":["https:\/\/www.travel3.com.br\/site\/acontece-no-turismo\/tivoli-ecoresort-praia-do-forte-ofertas-resort-week\/"]}]},{"@type":"ImageObject","inLanguage":"pt-BR","@id":"https:\/\/www.travel3.com.br\/site\/acontece-no-turismo\/tivoli-ecoresort-praia-do-forte-ofertas-resort-week\/#primaryimage","url":"https:\/\/www.travel3.com.br\/site\/wp-content\/uploads\/2025\/08\/Tivoli.jpg","contentUrl":"https:\/\/www.travel3.com.br\/site\/wp-content\/uploads\/2025\/08\/Tivoli.jpg","width":800,"height":534,"caption":"Tivoli Ecoresort Praia do Forte visto do alto (Foto: Divulga\u00e7\u00e3o)"},{"@type":"BreadcrumbList","@id":"https:\/\/www.travel3.com.br\/site\/acontece-no-turismo\/tivoli-ecoresort-praia-do-forte-ofertas-resort-week\/#breadcrumb","itemListElement":[{"@type":"ListItem","position":1,"name":"In\u00edcio","item":"https:\/\/www.travel3.com.br\/site\/"},{"@type":"ListItem","position":2,"name":"Tivoli Ecoresort Praia do Forte lan\u00e7a ofertas na Resort Week"}]},{"@type":"WebSite","@id":"https:\/\/www.travel3.com.br\/site\/#website","url":"https:\/\/www.travel3.com.br\/site\/","name":"Travel3","description":"Lazer + Neg&oacute;cios + Aventura","publisher":{"@id":"https:\/\/www.travel3.com.br\/site\/#organization"},"potentialAction":[{"@type":"SearchAction","target":{"@type":"EntryPoint","urlTemplate":"https:\/\/www.travel3.com.br\/site\/?s={search_term_string}"},"query-input":{"@type":"PropertyValueSpecification","valueRequired":true,"valueName":"search_term_string"}}],"inLanguage":"pt-BR"},{"@type":"Organization","@id":"https:\/\/www.travel3.com.br\/site\/#organization","name":"Travel3","url":"https:\/\/www.travel3.com.br\/site\/","logo":{"@type":"ImageObject","inLanguage":"pt-BR","@id":"https:\/\/www.travel3.com.br\/site\/#\/schema\/logo\/image\/","url":"https:\/\/www.travel3.com.br\/site\/wp-content\/uploads\/2020\/01\/logo-travel3-2020.png","contentUrl":"https:\/\/www.travel3.com.br\/site\/wp-content\/uploads\/2020\/01\/logo-travel3-2020.png","width":232,"height":79,"caption":"Travel3"},"image":{"@id":"https:\/\/www.travel3.com.br\/site\/#\/schema\/logo\/image\/"},"sameAs":["https:\/\/www.facebook.com\/travel3media\/","https:\/\/www.instagram.com\/revistatravel3\/","https:\/\/www.youtube.com\/channel\/UCno7J4paGBR3VbZQzvoJ9Eg"]},{"@type":"Person","@id":"https:\/\/www.travel3.com.br\/site\/#\/schema\/person\/89251b0320bc67697de92249f97f3fdb","name":"Reda\u00e7\u00e3o Travel3","image":{"@type":"ImageObject","inLanguage":"pt-BR","@id":"https:\/\/www.travel3.com.br\/site\/#\/schema\/person\/image\/","url":"https:\/\/secure.gravatar.com\/avatar\/85a5ec2ad99b1932f671ebf50c117db6?s=96&d=mm&r=g","contentUrl":"https:\/\/secure.gravatar.com\/avatar\/85a5ec2ad99b1932f671ebf50c117db6?s=96&d=mm&r=g","caption":"Reda\u00e7\u00e3o Travel3"},"sameAs":["http:\/\/www.travel3.com.br\/"],"url":"https:\/\/www.travel3.com.br\/site\/author\/redacao\/"}]}},"_links":{"self":[{"href":"https:\/\/www.travel3.com.br\/site\/wp-json\/wp\/v2\/posts\/77786","targetHints":{"allow":["GET"]}}],"collection":[{"href":"https:\/\/www.travel3.com.br\/site\/wp-json\/wp\/v2\/posts"}],"about":[{"href":"https:\/\/www.travel3.com.br\/site\/wp-json\/wp\/v2\/types\/post"}],"author":[{"embeddable":true,"href":"https:\/\/www.travel3.com.br\/site\/wp-json\/wp\/v2\/users\/5"}],"replies":[{"embeddable":true,"href":"https:\/\/www.travel3.com.br\/site\/wp-json\/wp\/v2\/comments?post=77786"}],"version-history":[{"count":4,"href":"https:\/\/www.travel3.com.br\/site\/wp-json\/wp\/v2\/posts\/77786\/revisions"}],"predecessor-version":[{"id":77792,"href":"https:\/\/www.travel3.com.br\/site\/wp-json\/wp\/v2\/posts\/77786\/revisions\/77792"}],"wp:featuredmedia":[{"embeddable":true,"href":"https:\/\/www.travel3.com.br\/site\/wp-json\/wp\/v2\/media\/77789"}],"wp:attachment":[{"href":"https:\/\/www.travel3.com.br\/site\/wp-json\/wp\/v2\/media?parent=77786"}],"wp:term":[{"taxonomy":"category","embeddable":true,"href":"https:\/\/www.travel3.com.br\/site\/wp-json\/wp\/v2\/categories?post=77786"},{"taxonomy":"post_tag","embeddable":true,"href":"https:\/\/www.travel3.com.br\/site\/wp-json\/wp\/v2\/tags?post=77786"}],"curies":[{"name":"wp","href":"https:\/\/api.w.org\/{rel}","templated":true}]}}