{"id":77458,"date":"2025-07-14T10:08:27","date_gmt":"2025-07-14T13:08:27","guid":{"rendered":"https:\/\/www.travel3.com.br\/?p=77458"},"modified":"2025-07-14T10:08:28","modified_gmt":"2025-07-14T13:08:28","slug":"ferias-no-peru-combinam-aventura-cultura-e-natureza","status":"publish","type":"post","link":"https:\/\/www.travel3.com.br\/site\/comece-a-viajar\/ferias-no-peru-combinam-aventura-cultura-e-natureza\/","title":{"rendered":"F\u00e9rias no Peru combinam aventura, cultura e natureza"},"content":{"rendered":"\n<h2 class=\"wp-block-heading\">Vale Sagrado, Vale do Colca e Huaraz s\u00e3o boas op\u00e7\u00f5es com acesso f\u00e1cil e clima seco nesta \u00e9poca do ano<\/h2>\n\n\n\n<p>Passar as f\u00e9rias no Peru s\u00e3o uma excelente escolha para quem deseja combinar aventura, cultura e contato com a natureza em um \u00fanico destino. A poucas horas do Brasil, o pa\u00eds oferece clima seco, c\u00e9u limpo e temperaturas amenas durante esta \u00e9poca do ano. Entre as melhores op\u00e7\u00f5es para julho est\u00e3o o Vale Sagrado dos Incas, o Vale do Colca e as montanhas nevadas de Huaraz.<\/p>\n\n\n\n<h3 class=\"wp-block-heading\">Vale Sagrado: aventura e cultura em Cusco<\/h3>\n\n\n\n<p>Cusco \u00e9 o ponto de partida para visitar Machu Picchu e explorar o Vale Sagrado dos Incas. Al\u00e9m da import\u00e2ncia hist\u00f3rica, a regi\u00e3o oferece passeios de bicicleta pelas paisagens andinas, stand-up paddle e caiaque na Lagoa Piuray, al\u00e9m de tirolesa e via ferrata em Urubamba. Tamb\u00e9m \u00e9 poss\u00edvel vivenciar o cotidiano de comunidades locais e visitar mercados de artesanato. A rede hoteleira conta com op\u00e7\u00f5es de luxo integradas ao cen\u00e1rio natural.<\/p>\n\n\n\n<h3 class=\"wp-block-heading\">Vale do Colca: natureza e bem-estar<\/h3>\n\n\n\n<p>A 3h30 de Arequipa, o Vale do Colca \u00e9 ideal para quem busca experi\u00eancias aut\u00eanticas em meio a vales, montanhas e vilarejos tradicionais. A observa\u00e7\u00e3o de condores no c\u00e2nion e as piscinas termais est\u00e3o entre os destaques. O destino re\u00fane trilhas, atividades ao ar livre e hospedagens sustent\u00e1veis com foco em conforto e integra\u00e7\u00e3o \u00e0 paisagem andina.<\/p>\n\n\n<div class=\"wp-block-image\">\n<figure class=\"aligncenter size-large is-resized\"><img loading=\"lazy\" decoding=\"async\" width=\"1024\" height=\"682\" src=\"https:\/\/www.travel3.com.br\/site\/wp-content\/uploads\/2024\/06\/HUARAZ_ANCASH02_Easy-Resize.com_-1024x682.jpg\" alt=\"Julho f\u00e9rias no Peru - Huaraz\" class=\"wp-image-69198\" style=\"width:709px;height:auto\" srcset=\"https:\/\/www.travel3.com.br\/site\/wp-content\/uploads\/2024\/06\/HUARAZ_ANCASH02_Easy-Resize.com_-1024x682.jpg 1024w, https:\/\/www.travel3.com.br\/site\/wp-content\/uploads\/2024\/06\/HUARAZ_ANCASH02_Easy-Resize.com_-300x200.jpg 300w, https:\/\/www.travel3.com.br\/site\/wp-content\/uploads\/2024\/06\/HUARAZ_ANCASH02_Easy-Resize.com_-768x512.jpg 768w, https:\/\/www.travel3.com.br\/site\/wp-content\/uploads\/2024\/06\/HUARAZ_ANCASH02_Easy-Resize.com_-150x100.jpg 150w, https:\/\/www.travel3.com.br\/site\/wp-content\/uploads\/2024\/06\/HUARAZ_ANCASH02_Easy-Resize.com_-750x500.jpg 750w, https:\/\/www.travel3.com.br\/site\/wp-content\/uploads\/2024\/06\/HUARAZ_ANCASH02_Easy-Resize.com_-1140x760.jpg 1140w, https:\/\/www.travel3.com.br\/site\/wp-content\/uploads\/2024\/06\/HUARAZ_ANCASH02_Easy-Resize.com_.jpg 1280w\" sizes=\"auto, (max-width: 1024px) 100vw, 1024px\" \/><figcaption class=\"wp-element-caption\">Huaraz, ao norte do Peru (Foto: Divulga\u00e7\u00e3o)<\/figcaption><\/figure><\/div>\n\n\n<h3 class=\"wp-block-heading\">Huaraz: trilhas e paisagens nevadas<\/h3>\n\n\n\n<p>Huaraz, na regi\u00e3o de \u00c1ncash, \u00e9 a base para explorar a Cordilheira Branca, a mais alta cordilheira tropical do mundo. Com acesso f\u00e1cil a partir de Lima, o destino oferece trilhas entre lagoas azul-turquesa e picos nevados, al\u00e9m do Parque Nacional Huascar\u00e1n. A regi\u00e3o tamb\u00e9m abriga o s\u00edtio arqueol\u00f3gico Chav\u00edn de Hu\u00e1ntar, reconhecido pela UNESCO.<\/p>\n\n\n<div class=\"wp-block-image\">\n<figure class=\"aligncenter size-large is-resized\"><img loading=\"lazy\" decoding=\"async\" width=\"1024\" height=\"682\" src=\"https:\/\/www.travel3.com.br\/site\/wp-content\/uploads\/2024\/06\/Lima-Miraflores_Easy-Resize.com_-1024x682.jpg\" alt=\"Miraflores-Lima Julho no Peru\" class=\"wp-image-69194\" style=\"width:752px;height:auto\" srcset=\"https:\/\/www.travel3.com.br\/site\/wp-content\/uploads\/2024\/06\/Lima-Miraflores_Easy-Resize.com_-1024x682.jpg 1024w, https:\/\/www.travel3.com.br\/site\/wp-content\/uploads\/2024\/06\/Lima-Miraflores_Easy-Resize.com_-300x200.jpg 300w, https:\/\/www.travel3.com.br\/site\/wp-content\/uploads\/2024\/06\/Lima-Miraflores_Easy-Resize.com_-768x512.jpg 768w, https:\/\/www.travel3.com.br\/site\/wp-content\/uploads\/2024\/06\/Lima-Miraflores_Easy-Resize.com_-150x100.jpg 150w, https:\/\/www.travel3.com.br\/site\/wp-content\/uploads\/2024\/06\/Lima-Miraflores_Easy-Resize.com_-750x500.jpg 750w, https:\/\/www.travel3.com.br\/site\/wp-content\/uploads\/2024\/06\/Lima-Miraflores_Easy-Resize.com_-1140x760.jpg 1140w, https:\/\/www.travel3.com.br\/site\/wp-content\/uploads\/2024\/06\/Lima-Miraflores_Easy-Resize.com_.jpg 1280w\" sizes=\"auto, (max-width: 1024px) 100vw, 1024px\" \/><figcaption class=\"wp-element-caption\">Miraflores, bairro de Lima, a capital peruana (Foto: Divulga\u00e7\u00e3o)<\/figcaption><\/figure><\/div>\n\n\n<h3 class=\"wp-block-heading\">Como chegar<\/h3>\n\n\n\n<p>O Peru tem 42 voos semanais diretos a partir de cidades como S\u00e3o Paulo, Rio de Janeiro, Bras\u00edlia, Porto Alegre e Curitiba, com destino a Lima. A partir da capital, \u00e9 poss\u00edvel seguir para Cusco, Arequipa e Huaraz em voos dom\u00e9sticos. <\/p>\n\n\n\n<p>Lima n\u00e3o \u00e9 apenas um ponto de conex\u00e3o; vale a pena reservar alguns dias para explorar a capital peruana. Voc\u00ea pode visitar seu Centro Hist\u00f3rico, que preserva igrejas e casar\u00f5es vice-reinados, e tamb\u00e9m os bairros de Miraflores e Barranco, que revelam uma Lima din\u00e2mica e contempor\u00e2nea, com pared\u00f5es voltados para o Oceano Pac\u00edfico, galerias de arte, museus, caf\u00e9s, bares e uma ampla variedade de restaurantes que oferecem a culin\u00e1ria peruana, cuja riqueza e sabor requintado lhe renderam diversos pr\u00eamios internacionais \u2014 uma excelente maneira de encerrar suas f\u00e9rias no Peru.<\/p>\n","protected":false},"excerpt":{"rendered":"<p>Vale Sagrado, Vale do Colca e Huaraz s\u00e3o boas op\u00e7\u00f5es com acesso f\u00e1cil e clima seco nesta \u00e9poca do ano<\/p>\n","protected":false},"author":5,"featured_media":77459,"comment_status":"open","ping_status":"open","sticky":false,"template":"","format":"standard","meta":{"footnotes":""},"categories":[884],"tags":[388,2136,962,5408,6131],"class_list":["post-77458","post","type-post","status-publish","format-standard","has-post-thumbnail","hentry","category-comece-a-viajar","tag-ferias","tag-ferias-de-julho","tag-peru","tag-peru-travel","tag-promperu-2"],"yoast_head":"<!-- This site is optimized with the Yoast SEO plugin v26.2 - https:\/\/yoast.com\/wordpress\/plugins\/seo\/ -->\n<title>F\u00e9rias no Peru combinam aventura, cultura e natureza - Travel3<\/title>\n<meta name=\"description\" content=\"F\u00e9rias no Peru combinam cultura, natureza e aventura em destinos como Cusco, Colca e Huaraz, ideais para viajar em julho.\" \/>\n<meta name=\"robots\" content=\"index, follow, max-snippet:-1, max-image-preview:large, max-video-preview:-1\" \/>\n<link rel=\"canonical\" href=\"https:\/\/www.travel3.com.br\/site\/comece-a-viajar\/ferias-no-peru-combinam-aventura-cultura-e-natureza\/\" \/>\n<meta property=\"og:locale\" content=\"pt_BR\" \/>\n<meta property=\"og:type\" content=\"article\" \/>\n<meta property=\"og:title\" content=\"F\u00e9rias no Peru combinam aventura, cultura e natureza - Travel3\" \/>\n<meta property=\"og:description\" content=\"F\u00e9rias no Peru combinam cultura, natureza e aventura em destinos como Cusco, Colca e Huaraz, ideais para viajar em julho.\" \/>\n<meta property=\"og:url\" content=\"https:\/\/www.travel3.com.br\/site\/comece-a-viajar\/ferias-no-peru-combinam-aventura-cultura-e-natureza\/\" \/>\n<meta property=\"og:site_name\" content=\"Travel3\" \/>\n<meta property=\"article:publisher\" content=\"https:\/\/www.facebook.com\/travel3media\/\" \/>\n<meta property=\"article:published_time\" content=\"2025-07-14T13:08:27+00:00\" \/>\n<meta property=\"article:modified_time\" content=\"2025-07-14T13:08:28+00:00\" \/>\n<meta property=\"og:image\" content=\"https:\/\/www.travel3.com.br\/site\/wp-content\/uploads\/2025\/07\/Kayak-en-la-Laguna-Piuray-Creditos_-Daniel-Silva-PROMPERU-_Easy-Resize.com_.jpg\" \/>\n\t<meta property=\"og:image:width\" content=\"1280\" \/>\n\t<meta property=\"og:image:height\" content=\"853\" \/>\n\t<meta property=\"og:image:type\" content=\"image\/jpeg\" \/>\n<meta name=\"author\" content=\"Reda\u00e7\u00e3o Travel3\" \/>\n<meta name=\"twitter:card\" content=\"summary_large_image\" \/>\n<meta name=\"twitter:label1\" content=\"Escrito por\" \/>\n\t<meta name=\"twitter:data1\" content=\"Reda\u00e7\u00e3o Travel3\" \/>\n\t<meta name=\"twitter:label2\" content=\"Est. tempo de leitura\" \/>\n\t<meta name=\"twitter:data2\" content=\"4 minutos\" \/>\n<script type=\"application\/ld+json\" class=\"yoast-schema-graph\">{\"@context\":\"https:\/\/schema.org\",\"@graph\":[{\"@type\":\"Article\",\"@id\":\"https:\/\/www.travel3.com.br\/site\/comece-a-viajar\/ferias-no-peru-combinam-aventura-cultura-e-natureza\/#article\",\"isPartOf\":{\"@id\":\"https:\/\/www.travel3.com.br\/site\/comece-a-viajar\/ferias-no-peru-combinam-aventura-cultura-e-natureza\/\"},\"author\":{\"name\":\"Reda\u00e7\u00e3o Travel3\",\"@id\":\"https:\/\/www.travel3.com.br\/site\/#\/schema\/person\/89251b0320bc67697de92249f97f3fdb\"},\"headline\":\"F\u00e9rias no Peru combinam aventura, cultura e natureza\",\"datePublished\":\"2025-07-14T13:08:27+00:00\",\"dateModified\":\"2025-07-14T13:08:28+00:00\",\"mainEntityOfPage\":{\"@id\":\"https:\/\/www.travel3.com.br\/site\/comece-a-viajar\/ferias-no-peru-combinam-aventura-cultura-e-natureza\/\"},\"wordCount\":491,\"commentCount\":0,\"publisher\":{\"@id\":\"https:\/\/www.travel3.com.br\/site\/#organization\"},\"image\":{\"@id\":\"https:\/\/www.travel3.com.br\/site\/comece-a-viajar\/ferias-no-peru-combinam-aventura-cultura-e-natureza\/#primaryimage\"},\"thumbnailUrl\":\"https:\/\/www.travel3.com.br\/site\/wp-content\/uploads\/2025\/07\/Kayak-en-la-Laguna-Piuray-Creditos_-Daniel-Silva-PROMPERU-_Easy-Resize.com_.jpg\",\"keywords\":[\"F\u00e9rias\",\"F\u00e9rias de Julho\",\"peru\",\"Peru Travel\",\"Promper\u00fa\"],\"articleSection\":[\"Comece a Viajar\"],\"inLanguage\":\"pt-BR\",\"potentialAction\":[{\"@type\":\"CommentAction\",\"name\":\"Comment\",\"target\":[\"https:\/\/www.travel3.com.br\/site\/comece-a-viajar\/ferias-no-peru-combinam-aventura-cultura-e-natureza\/#respond\"]}]},{\"@type\":\"WebPage\",\"@id\":\"https:\/\/www.travel3.com.br\/site\/comece-a-viajar\/ferias-no-peru-combinam-aventura-cultura-e-natureza\/\",\"url\":\"https:\/\/www.travel3.com.br\/site\/comece-a-viajar\/ferias-no-peru-combinam-aventura-cultura-e-natureza\/\",\"name\":\"F\u00e9rias no Peru combinam aventura, cultura e natureza - Travel3\",\"isPartOf\":{\"@id\":\"https:\/\/www.travel3.com.br\/site\/#website\"},\"primaryImageOfPage\":{\"@id\":\"https:\/\/www.travel3.com.br\/site\/comece-a-viajar\/ferias-no-peru-combinam-aventura-cultura-e-natureza\/#primaryimage\"},\"image\":{\"@id\":\"https:\/\/www.travel3.com.br\/site\/comece-a-viajar\/ferias-no-peru-combinam-aventura-cultura-e-natureza\/#primaryimage\"},\"thumbnailUrl\":\"https:\/\/www.travel3.com.br\/site\/wp-content\/uploads\/2025\/07\/Kayak-en-la-Laguna-Piuray-Creditos_-Daniel-Silva-PROMPERU-_Easy-Resize.com_.jpg\",\"datePublished\":\"2025-07-14T13:08:27+00:00\",\"dateModified\":\"2025-07-14T13:08:28+00:00\",\"description\":\"F\u00e9rias no Peru combinam cultura, natureza e aventura em destinos como Cusco, Colca e Huaraz, ideais para viajar em julho.\",\"breadcrumb\":{\"@id\":\"https:\/\/www.travel3.com.br\/site\/comece-a-viajar\/ferias-no-peru-combinam-aventura-cultura-e-natureza\/#breadcrumb\"},\"inLanguage\":\"pt-BR\",\"potentialAction\":[{\"@type\":\"ReadAction\",\"target\":[\"https:\/\/www.travel3.com.br\/site\/comece-a-viajar\/ferias-no-peru-combinam-aventura-cultura-e-natureza\/\"]}]},{\"@type\":\"ImageObject\",\"inLanguage\":\"pt-BR\",\"@id\":\"https:\/\/www.travel3.com.br\/site\/comece-a-viajar\/ferias-no-peru-combinam-aventura-cultura-e-natureza\/#primaryimage\",\"url\":\"https:\/\/www.travel3.com.br\/site\/wp-content\/uploads\/2025\/07\/Kayak-en-la-Laguna-Piuray-Creditos_-Daniel-Silva-PROMPERU-_Easy-Resize.com_.jpg\",\"contentUrl\":\"https:\/\/www.travel3.com.br\/site\/wp-content\/uploads\/2025\/07\/Kayak-en-la-Laguna-Piuray-Creditos_-Daniel-Silva-PROMPERU-_Easy-Resize.com_.jpg\",\"width\":1280,\"height\":853,\"caption\":\"Caiaque na Lagoa Piuray (Foto: Daniel Silva, PROMPER\u00da\/Divulga\u00e7\u00e3o)\"},{\"@type\":\"BreadcrumbList\",\"@id\":\"https:\/\/www.travel3.com.br\/site\/comece-a-viajar\/ferias-no-peru-combinam-aventura-cultura-e-natureza\/#breadcrumb\",\"itemListElement\":[{\"@type\":\"ListItem\",\"position\":1,\"name\":\"In\u00edcio\",\"item\":\"https:\/\/www.travel3.com.br\/site\/\"},{\"@type\":\"ListItem\",\"position\":2,\"name\":\"F\u00e9rias no Peru combinam aventura, cultura e natureza\"}]},{\"@type\":\"WebSite\",\"@id\":\"https:\/\/www.travel3.com.br\/site\/#website\",\"url\":\"https:\/\/www.travel3.com.br\/site\/\",\"name\":\"Travel3\",\"description\":\"Lazer + Neg&oacute;cios + Aventura\",\"publisher\":{\"@id\":\"https:\/\/www.travel3.com.br\/site\/#organization\"},\"potentialAction\":[{\"@type\":\"SearchAction\",\"target\":{\"@type\":\"EntryPoint\",\"urlTemplate\":\"https:\/\/www.travel3.com.br\/site\/?s={search_term_string}\"},\"query-input\":{\"@type\":\"PropertyValueSpecification\",\"valueRequired\":true,\"valueName\":\"search_term_string\"}}],\"inLanguage\":\"pt-BR\"},{\"@type\":\"Organization\",\"@id\":\"https:\/\/www.travel3.com.br\/site\/#organization\",\"name\":\"Travel3\",\"url\":\"https:\/\/www.travel3.com.br\/site\/\",\"logo\":{\"@type\":\"ImageObject\",\"inLanguage\":\"pt-BR\",\"@id\":\"https:\/\/www.travel3.com.br\/site\/#\/schema\/logo\/image\/\",\"url\":\"https:\/\/www.travel3.com.br\/site\/wp-content\/uploads\/2020\/01\/logo-travel3-2020.png\",\"contentUrl\":\"https:\/\/www.travel3.com.br\/site\/wp-content\/uploads\/2020\/01\/logo-travel3-2020.png\",\"width\":232,\"height\":79,\"caption\":\"Travel3\"},\"image\":{\"@id\":\"https:\/\/www.travel3.com.br\/site\/#\/schema\/logo\/image\/\"},\"sameAs\":[\"https:\/\/www.facebook.com\/travel3media\/\",\"https:\/\/www.instagram.com\/revistatravel3\/\",\"https:\/\/www.youtube.com\/channel\/UCno7J4paGBR3VbZQzvoJ9Eg\"]},{\"@type\":\"Person\",\"@id\":\"https:\/\/www.travel3.com.br\/site\/#\/schema\/person\/89251b0320bc67697de92249f97f3fdb\",\"name\":\"Reda\u00e7\u00e3o Travel3\",\"image\":{\"@type\":\"ImageObject\",\"inLanguage\":\"pt-BR\",\"@id\":\"https:\/\/www.travel3.com.br\/site\/#\/schema\/person\/image\/\",\"url\":\"https:\/\/secure.gravatar.com\/avatar\/85a5ec2ad99b1932f671ebf50c117db6?s=96&d=mm&r=g\",\"contentUrl\":\"https:\/\/secure.gravatar.com\/avatar\/85a5ec2ad99b1932f671ebf50c117db6?s=96&d=mm&r=g\",\"caption\":\"Reda\u00e7\u00e3o Travel3\"},\"sameAs\":[\"http:\/\/www.travel3.com.br\/\"],\"url\":\"https:\/\/www.travel3.com.br\/site\/author\/redacao\/\"}]}<\/script>\n<!-- \/ Yoast SEO plugin. -->","yoast_head_json":{"title":"F\u00e9rias no Peru combinam aventura, cultura e natureza - Travel3","description":"F\u00e9rias no Peru combinam cultura, natureza e aventura em destinos como Cusco, Colca e Huaraz, ideais para viajar em julho.","robots":{"index":"index","follow":"follow","max-snippet":"max-snippet:-1","max-image-preview":"max-image-preview:large","max-video-preview":"max-video-preview:-1"},"canonical":"https:\/\/www.travel3.com.br\/site\/comece-a-viajar\/ferias-no-peru-combinam-aventura-cultura-e-natureza\/","og_locale":"pt_BR","og_type":"article","og_title":"F\u00e9rias no Peru combinam aventura, cultura e natureza - Travel3","og_description":"F\u00e9rias no Peru combinam cultura, natureza e aventura em destinos como Cusco, Colca e Huaraz, ideais para viajar em julho.","og_url":"https:\/\/www.travel3.com.br\/site\/comece-a-viajar\/ferias-no-peru-combinam-aventura-cultura-e-natureza\/","og_site_name":"Travel3","article_publisher":"https:\/\/www.facebook.com\/travel3media\/","article_published_time":"2025-07-14T13:08:27+00:00","article_modified_time":"2025-07-14T13:08:28+00:00","og_image":[{"width":1280,"height":853,"url":"https:\/\/www.travel3.com.br\/site\/wp-content\/uploads\/2025\/07\/Kayak-en-la-Laguna-Piuray-Creditos_-Daniel-Silva-PROMPERU-_Easy-Resize.com_.jpg","type":"image\/jpeg"}],"author":"Reda\u00e7\u00e3o Travel3","twitter_card":"summary_large_image","twitter_misc":{"Escrito por":"Reda\u00e7\u00e3o Travel3","Est. tempo de leitura":"4 minutos"},"schema":{"@context":"https:\/\/schema.org","@graph":[{"@type":"Article","@id":"https:\/\/www.travel3.com.br\/site\/comece-a-viajar\/ferias-no-peru-combinam-aventura-cultura-e-natureza\/#article","isPartOf":{"@id":"https:\/\/www.travel3.com.br\/site\/comece-a-viajar\/ferias-no-peru-combinam-aventura-cultura-e-natureza\/"},"author":{"name":"Reda\u00e7\u00e3o Travel3","@id":"https:\/\/www.travel3.com.br\/site\/#\/schema\/person\/89251b0320bc67697de92249f97f3fdb"},"headline":"F\u00e9rias no Peru combinam aventura, cultura e natureza","datePublished":"2025-07-14T13:08:27+00:00","dateModified":"2025-07-14T13:08:28+00:00","mainEntityOfPage":{"@id":"https:\/\/www.travel3.com.br\/site\/comece-a-viajar\/ferias-no-peru-combinam-aventura-cultura-e-natureza\/"},"wordCount":491,"commentCount":0,"publisher":{"@id":"https:\/\/www.travel3.com.br\/site\/#organization"},"image":{"@id":"https:\/\/www.travel3.com.br\/site\/comece-a-viajar\/ferias-no-peru-combinam-aventura-cultura-e-natureza\/#primaryimage"},"thumbnailUrl":"https:\/\/www.travel3.com.br\/site\/wp-content\/uploads\/2025\/07\/Kayak-en-la-Laguna-Piuray-Creditos_-Daniel-Silva-PROMPERU-_Easy-Resize.com_.jpg","keywords":["F\u00e9rias","F\u00e9rias de Julho","peru","Peru Travel","Promper\u00fa"],"articleSection":["Comece a Viajar"],"inLanguage":"pt-BR","potentialAction":[{"@type":"CommentAction","name":"Comment","target":["https:\/\/www.travel3.com.br\/site\/comece-a-viajar\/ferias-no-peru-combinam-aventura-cultura-e-natureza\/#respond"]}]},{"@type":"WebPage","@id":"https:\/\/www.travel3.com.br\/site\/comece-a-viajar\/ferias-no-peru-combinam-aventura-cultura-e-natureza\/","url":"https:\/\/www.travel3.com.br\/site\/comece-a-viajar\/ferias-no-peru-combinam-aventura-cultura-e-natureza\/","name":"F\u00e9rias no Peru combinam aventura, cultura e natureza - Travel3","isPartOf":{"@id":"https:\/\/www.travel3.com.br\/site\/#website"},"primaryImageOfPage":{"@id":"https:\/\/www.travel3.com.br\/site\/comece-a-viajar\/ferias-no-peru-combinam-aventura-cultura-e-natureza\/#primaryimage"},"image":{"@id":"https:\/\/www.travel3.com.br\/site\/comece-a-viajar\/ferias-no-peru-combinam-aventura-cultura-e-natureza\/#primaryimage"},"thumbnailUrl":"https:\/\/www.travel3.com.br\/site\/wp-content\/uploads\/2025\/07\/Kayak-en-la-Laguna-Piuray-Creditos_-Daniel-Silva-PROMPERU-_Easy-Resize.com_.jpg","datePublished":"2025-07-14T13:08:27+00:00","dateModified":"2025-07-14T13:08:28+00:00","description":"F\u00e9rias no Peru combinam cultura, natureza e aventura em destinos como Cusco, Colca e Huaraz, ideais para viajar em julho.","breadcrumb":{"@id":"https:\/\/www.travel3.com.br\/site\/comece-a-viajar\/ferias-no-peru-combinam-aventura-cultura-e-natureza\/#breadcrumb"},"inLanguage":"pt-BR","potentialAction":[{"@type":"ReadAction","target":["https:\/\/www.travel3.com.br\/site\/comece-a-viajar\/ferias-no-peru-combinam-aventura-cultura-e-natureza\/"]}]},{"@type":"ImageObject","inLanguage":"pt-BR","@id":"https:\/\/www.travel3.com.br\/site\/comece-a-viajar\/ferias-no-peru-combinam-aventura-cultura-e-natureza\/#primaryimage","url":"https:\/\/www.travel3.com.br\/site\/wp-content\/uploads\/2025\/07\/Kayak-en-la-Laguna-Piuray-Creditos_-Daniel-Silva-PROMPERU-_Easy-Resize.com_.jpg","contentUrl":"https:\/\/www.travel3.com.br\/site\/wp-content\/uploads\/2025\/07\/Kayak-en-la-Laguna-Piuray-Creditos_-Daniel-Silva-PROMPERU-_Easy-Resize.com_.jpg","width":1280,"height":853,"caption":"Caiaque na Lagoa Piuray (Foto: Daniel Silva, PROMPER\u00da\/Divulga\u00e7\u00e3o)"},{"@type":"BreadcrumbList","@id":"https:\/\/www.travel3.com.br\/site\/comece-a-viajar\/ferias-no-peru-combinam-aventura-cultura-e-natureza\/#breadcrumb","itemListElement":[{"@type":"ListItem","position":1,"name":"In\u00edcio","item":"https:\/\/www.travel3.com.br\/site\/"},{"@type":"ListItem","position":2,"name":"F\u00e9rias no Peru combinam aventura, cultura e natureza"}]},{"@type":"WebSite","@id":"https:\/\/www.travel3.com.br\/site\/#website","url":"https:\/\/www.travel3.com.br\/site\/","name":"Travel3","description":"Lazer + Neg&oacute;cios + Aventura","publisher":{"@id":"https:\/\/www.travel3.com.br\/site\/#organization"},"potentialAction":[{"@type":"SearchAction","target":{"@type":"EntryPoint","urlTemplate":"https:\/\/www.travel3.com.br\/site\/?s={search_term_string}"},"query-input":{"@type":"PropertyValueSpecification","valueRequired":true,"valueName":"search_term_string"}}],"inLanguage":"pt-BR"},{"@type":"Organization","@id":"https:\/\/www.travel3.com.br\/site\/#organization","name":"Travel3","url":"https:\/\/www.travel3.com.br\/site\/","logo":{"@type":"ImageObject","inLanguage":"pt-BR","@id":"https:\/\/www.travel3.com.br\/site\/#\/schema\/logo\/image\/","url":"https:\/\/www.travel3.com.br\/site\/wp-content\/uploads\/2020\/01\/logo-travel3-2020.png","contentUrl":"https:\/\/www.travel3.com.br\/site\/wp-content\/uploads\/2020\/01\/logo-travel3-2020.png","width":232,"height":79,"caption":"Travel3"},"image":{"@id":"https:\/\/www.travel3.com.br\/site\/#\/schema\/logo\/image\/"},"sameAs":["https:\/\/www.facebook.com\/travel3media\/","https:\/\/www.instagram.com\/revistatravel3\/","https:\/\/www.youtube.com\/channel\/UCno7J4paGBR3VbZQzvoJ9Eg"]},{"@type":"Person","@id":"https:\/\/www.travel3.com.br\/site\/#\/schema\/person\/89251b0320bc67697de92249f97f3fdb","name":"Reda\u00e7\u00e3o Travel3","image":{"@type":"ImageObject","inLanguage":"pt-BR","@id":"https:\/\/www.travel3.com.br\/site\/#\/schema\/person\/image\/","url":"https:\/\/secure.gravatar.com\/avatar\/85a5ec2ad99b1932f671ebf50c117db6?s=96&d=mm&r=g","contentUrl":"https:\/\/secure.gravatar.com\/avatar\/85a5ec2ad99b1932f671ebf50c117db6?s=96&d=mm&r=g","caption":"Reda\u00e7\u00e3o Travel3"},"sameAs":["http:\/\/www.travel3.com.br\/"],"url":"https:\/\/www.travel3.com.br\/site\/author\/redacao\/"}]}},"_links":{"self":[{"href":"https:\/\/www.travel3.com.br\/site\/wp-json\/wp\/v2\/posts\/77458","targetHints":{"allow":["GET"]}}],"collection":[{"href":"https:\/\/www.travel3.com.br\/site\/wp-json\/wp\/v2\/posts"}],"about":[{"href":"https:\/\/www.travel3.com.br\/site\/wp-json\/wp\/v2\/types\/post"}],"author":[{"embeddable":true,"href":"https:\/\/www.travel3.com.br\/site\/wp-json\/wp\/v2\/users\/5"}],"replies":[{"embeddable":true,"href":"https:\/\/www.travel3.com.br\/site\/wp-json\/wp\/v2\/comments?post=77458"}],"version-history":[{"count":3,"href":"https:\/\/www.travel3.com.br\/site\/wp-json\/wp\/v2\/posts\/77458\/revisions"}],"predecessor-version":[{"id":77518,"href":"https:\/\/www.travel3.com.br\/site\/wp-json\/wp\/v2\/posts\/77458\/revisions\/77518"}],"wp:featuredmedia":[{"embeddable":true,"href":"https:\/\/www.travel3.com.br\/site\/wp-json\/wp\/v2\/media\/77459"}],"wp:attachment":[{"href":"https:\/\/www.travel3.com.br\/site\/wp-json\/wp\/v2\/media?parent=77458"}],"wp:term":[{"taxonomy":"category","embeddable":true,"href":"https:\/\/www.travel3.com.br\/site\/wp-json\/wp\/v2\/categories?post=77458"},{"taxonomy":"post_tag","embeddable":true,"href":"https:\/\/www.travel3.com.br\/site\/wp-json\/wp\/v2\/tags?post=77458"}],"curies":[{"name":"wp","href":"https:\/\/api.w.org\/{rel}","templated":true}]}}