{"id":77002,"date":"2025-06-18T08:17:53","date_gmt":"2025-06-18T11:17:53","guid":{"rendered":"https:\/\/www.travel3.com.br\/?p=77002"},"modified":"2025-06-18T08:17:55","modified_gmt":"2025-06-18T11:17:55","slug":"vesperata-diamantina-palco-rua","status":"publish","type":"post","link":"https:\/\/www.travel3.com.br\/site\/destaque\/vesperata-diamantina-palco-rua\/","title":{"rendered":"Vesperata transforma ruas de Diamantina em palco ao ar livre"},"content":{"rendered":"\n<h2 class=\"wp-block-heading\">Evento reconhecido como patrim\u00f4nio imaterial atrai turistas e movimenta a economia da cidade hist\u00f3rica no Vale do Jequitinhonha<\/h2>\n\n\n\n<p>Reconhecida como patrim\u00f4nio imaterial de Minas Gerais, a Vesperata \u00e9 um dos principais atrativos tur\u00edsticos de Diamantina. Realizado desde o in\u00edcio da d\u00e9cada de 1990, o evento musical transforma a Rua da Quitanda em palco ao ar livre, movimentando o turismo e a economia da cidade hist\u00f3rica no Vale do Jequitinhonha.<\/p>\n\n\n\n<p>Durante a temporada de apresenta\u00e7\u00f5es, bares, restaurantes e com\u00e9rcios da regi\u00e3o registram aumento significativo no fluxo de visitantes. A programa\u00e7\u00e3o atrai turistas de v\u00e1rias partes do pa\u00eds e contribui diretamente para a gera\u00e7\u00e3o de renda no munic\u00edpio.<\/p>\n\n\n\n<p>\u201c<strong><em>O espet\u00e1culo \u00e9 um s\u00edmbolo cultural para Minas. A cada edi\u00e7\u00e3o, vemos o entusiasmo dos comerciantes e moradores da cidade<\/em><\/strong>\u201d, afirma o prefeito Geferson Giordani Burgarelli. Segundo ele, o evento une m\u00fasica, tradi\u00e7\u00e3o e gastronomia em uma experi\u00eancia que atrai novos p\u00fablicos para Diamantina.<\/p>\n\n\n\n<p>Na Vesperata, m\u00fasicos se posicionam nas sacadas dos casar\u00f5es coloniais, enquanto maestros regem a apresenta\u00e7\u00e3o do centro da rua. O repert\u00f3rio re\u00fane obras cl\u00e1ssicas e contempor\u00e2neas, interpretadas por integrantes da Banda do 3\u00ba Batalh\u00e3o da Pol\u00edcia Militar de Minas Gerais e da Banda Mirim Prefeito Ant\u00f4nio de Carvalho Cruz.<\/p>\n\n\n<div class=\"wp-block-image\">\n<figure class=\"aligncenter size-large is-resized\"><img loading=\"lazy\" decoding=\"async\" width=\"1024\" height=\"681\" src=\"https:\/\/www.travel3.com.br\/site\/wp-content\/uploads\/2023\/01\/Diamantina_Easy-Resize.com-1-1024x681.jpg\" alt=\"Diamantina - MG\" class=\"wp-image-55792\" style=\"width:704px;height:auto\" srcset=\"https:\/\/www.travel3.com.br\/site\/wp-content\/uploads\/2023\/01\/Diamantina_Easy-Resize.com-1-1024x681.jpg 1024w, https:\/\/www.travel3.com.br\/site\/wp-content\/uploads\/2023\/01\/Diamantina_Easy-Resize.com-1-300x199.jpg 300w, https:\/\/www.travel3.com.br\/site\/wp-content\/uploads\/2023\/01\/Diamantina_Easy-Resize.com-1-768x511.jpg 768w, https:\/\/www.travel3.com.br\/site\/wp-content\/uploads\/2023\/01\/Diamantina_Easy-Resize.com-1-150x100.jpg 150w, https:\/\/www.travel3.com.br\/site\/wp-content\/uploads\/2023\/01\/Diamantina_Easy-Resize.com-1-750x499.jpg 750w, https:\/\/www.travel3.com.br\/site\/wp-content\/uploads\/2023\/01\/Diamantina_Easy-Resize.com-1-1140x758.jpg 1140w, https:\/\/www.travel3.com.br\/site\/wp-content\/uploads\/2023\/01\/Diamantina_Easy-Resize.com-1.jpg 1280w\" sizes=\"auto, (max-width: 1024px) 100vw, 1024px\" \/><figcaption class=\"wp-element-caption\">Foto: Pedro Vilela\/MTur<\/figcaption><\/figure><\/div>\n\n\n<h3 class=\"wp-block-heading\">Pr\u00f3ximas edi\u00e7\u00f5es em 2025<\/h3>\n\n\n\n<p>As pr\u00f3ximas apresenta\u00e7\u00f5es da Vesperata est\u00e3o confirmadas para os dias 5, 12 e 19 de julho de 2025. Os ingressos s\u00e3o vendidos exclusivamente pela plataforma <strong><a href=\"https:\/\/bileto.sympla.com.br\/event\/107260\/d\/323568\" target=\"_blank\" rel=\"noreferrer noopener\">Sympla<\/a><\/strong>, com limite de at\u00e9 tr\u00eas mesas por CPF ou CNPJ. As edi\u00e7\u00f5es de junho j\u00e1 est\u00e3o esgotadas.<\/p>\n\n\n\n<p>As datas de abertura das vendas para os pr\u00f3ximos meses s\u00e3o:<\/p>\n\n\n\n<ul class=\"wp-block-list\">\n<li>Agosto: 20 de junho<\/li>\n\n\n\n<li>Setembro: 4 de julho<\/li>\n\n\n\n<li>Outubro: 18 de julho<\/li>\n<\/ul>\n\n\n\n<p>A Vesperata \u00e9 promovida pela Prefeitura de Diamantina e organizada pela empresa E&amp;B Produ\u00e7\u00f5es.<\/p>\n\n\n\n<p>+ <strong><a href=\"https:\/\/www.travel3.com.br\/comece-a-viajar\/diamantina-no-inverno-tradicoes\/\" target=\"_blank\" rel=\"noreferrer noopener\">Viva Diamantina no inverno e conhe\u00e7a as tradi\u00e7\u00f5es locais<\/a><\/strong><\/p>\n","protected":false},"excerpt":{"rendered":"<p>Evento atrai turistas e movimenta a economia da cidade hist\u00f3rica no Vale do Jequitinhonha<\/p>\n","protected":false},"author":5,"featured_media":77003,"comment_status":"open","ping_status":"open","sticky":false,"template":"","format":"standard","meta":{"footnotes":""},"categories":[178,226,10,7,162,4882],"tags":[1755,2838,2315,5767,6707],"class_list":["post-77002","post","type-post","status-publish","format-standard","has-post-thumbnail","hentry","category-brasil","category-destaque","category-destinos","category-dicas","category-ferias-e-feriados","category-home","tag-cidades-historicas","tag-diamantina","tag-diamantina-mg","tag-vesperata","tag-vesperata-em-diamantina"],"yoast_head":"<!-- This site is optimized with the Yoast SEO plugin v26.2 - https:\/\/yoast.com\/wordpress\/plugins\/seo\/ -->\n<title>Vesperata transforma ruas de Diamantina em palco ao ar livre - Travel3<\/title>\n<meta name=\"description\" content=\"Vesperata de Diamantina atrai turistas com m\u00fasica ao ar livre e movimenta a economia local. Evento \u00e9 patrim\u00f4nio imaterial de Minas Gerais.\" \/>\n<meta name=\"robots\" content=\"index, follow, max-snippet:-1, max-image-preview:large, max-video-preview:-1\" \/>\n<link rel=\"canonical\" href=\"https:\/\/www.travel3.com.br\/site\/destaque\/vesperata-diamantina-palco-rua\/\" \/>\n<meta property=\"og:locale\" content=\"pt_BR\" \/>\n<meta property=\"og:type\" content=\"article\" \/>\n<meta property=\"og:title\" content=\"Vesperata transforma ruas de Diamantina em palco ao ar livre - Travel3\" \/>\n<meta property=\"og:description\" content=\"Vesperata de Diamantina atrai turistas com m\u00fasica ao ar livre e movimenta a economia local. Evento \u00e9 patrim\u00f4nio imaterial de Minas Gerais.\" \/>\n<meta property=\"og:url\" content=\"https:\/\/www.travel3.com.br\/site\/destaque\/vesperata-diamantina-palco-rua\/\" \/>\n<meta property=\"og:site_name\" content=\"Travel3\" \/>\n<meta property=\"article:publisher\" content=\"https:\/\/www.facebook.com\/travel3media\/\" \/>\n<meta property=\"article:published_time\" content=\"2025-06-18T11:17:53+00:00\" \/>\n<meta property=\"article:modified_time\" content=\"2025-06-18T11:17:55+00:00\" \/>\n<meta property=\"og:image\" content=\"https:\/\/www.travel3.com.br\/site\/wp-content\/uploads\/2025\/06\/vesperata-em-diamantina.jpg\" \/>\n\t<meta property=\"og:image:width\" content=\"1280\" \/>\n\t<meta property=\"og:image:height\" content=\"853\" \/>\n\t<meta property=\"og:image:type\" content=\"image\/jpeg\" \/>\n<meta name=\"author\" content=\"Reda\u00e7\u00e3o Travel3\" \/>\n<meta name=\"twitter:card\" content=\"summary_large_image\" \/>\n<meta name=\"twitter:label1\" content=\"Escrito por\" \/>\n\t<meta name=\"twitter:data1\" content=\"Reda\u00e7\u00e3o Travel3\" \/>\n\t<meta name=\"twitter:label2\" content=\"Est. tempo de leitura\" \/>\n\t<meta name=\"twitter:data2\" content=\"3 minutos\" \/>\n<script type=\"application\/ld+json\" class=\"yoast-schema-graph\">{\"@context\":\"https:\/\/schema.org\",\"@graph\":[{\"@type\":\"Article\",\"@id\":\"https:\/\/www.travel3.com.br\/site\/destaque\/vesperata-diamantina-palco-rua\/#article\",\"isPartOf\":{\"@id\":\"https:\/\/www.travel3.com.br\/site\/destaque\/vesperata-diamantina-palco-rua\/\"},\"author\":{\"name\":\"Reda\u00e7\u00e3o Travel3\",\"@id\":\"https:\/\/www.travel3.com.br\/site\/#\/schema\/person\/89251b0320bc67697de92249f97f3fdb\"},\"headline\":\"Vesperata transforma ruas de Diamantina em palco ao ar livre\",\"datePublished\":\"2025-06-18T11:17:53+00:00\",\"dateModified\":\"2025-06-18T11:17:55+00:00\",\"mainEntityOfPage\":{\"@id\":\"https:\/\/www.travel3.com.br\/site\/destaque\/vesperata-diamantina-palco-rua\/\"},\"wordCount\":341,\"commentCount\":0,\"publisher\":{\"@id\":\"https:\/\/www.travel3.com.br\/site\/#organization\"},\"image\":{\"@id\":\"https:\/\/www.travel3.com.br\/site\/destaque\/vesperata-diamantina-palco-rua\/#primaryimage\"},\"thumbnailUrl\":\"https:\/\/www.travel3.com.br\/site\/wp-content\/uploads\/2025\/06\/vesperata-em-diamantina.jpg\",\"keywords\":[\"cidades hist\u00f3ricas\",\"Diamantina\",\"Diamantina - MG\",\"vesperata\",\"vesperata em diamantina\"],\"articleSection\":[\"Brasil\",\"Destaque\",\"Destinos\",\"Dicas\",\"F\u00e9rias e Feriados\",\"Home\"],\"inLanguage\":\"pt-BR\",\"potentialAction\":[{\"@type\":\"CommentAction\",\"name\":\"Comment\",\"target\":[\"https:\/\/www.travel3.com.br\/site\/destaque\/vesperata-diamantina-palco-rua\/#respond\"]}]},{\"@type\":\"WebPage\",\"@id\":\"https:\/\/www.travel3.com.br\/site\/destaque\/vesperata-diamantina-palco-rua\/\",\"url\":\"https:\/\/www.travel3.com.br\/site\/destaque\/vesperata-diamantina-palco-rua\/\",\"name\":\"Vesperata transforma ruas de Diamantina em palco ao ar livre - Travel3\",\"isPartOf\":{\"@id\":\"https:\/\/www.travel3.com.br\/site\/#website\"},\"primaryImageOfPage\":{\"@id\":\"https:\/\/www.travel3.com.br\/site\/destaque\/vesperata-diamantina-palco-rua\/#primaryimage\"},\"image\":{\"@id\":\"https:\/\/www.travel3.com.br\/site\/destaque\/vesperata-diamantina-palco-rua\/#primaryimage\"},\"thumbnailUrl\":\"https:\/\/www.travel3.com.br\/site\/wp-content\/uploads\/2025\/06\/vesperata-em-diamantina.jpg\",\"datePublished\":\"2025-06-18T11:17:53+00:00\",\"dateModified\":\"2025-06-18T11:17:55+00:00\",\"description\":\"Vesperata de Diamantina atrai turistas com m\u00fasica ao ar livre e movimenta a economia local. Evento \u00e9 patrim\u00f4nio imaterial de Minas Gerais.\",\"breadcrumb\":{\"@id\":\"https:\/\/www.travel3.com.br\/site\/destaque\/vesperata-diamantina-palco-rua\/#breadcrumb\"},\"inLanguage\":\"pt-BR\",\"potentialAction\":[{\"@type\":\"ReadAction\",\"target\":[\"https:\/\/www.travel3.com.br\/site\/destaque\/vesperata-diamantina-palco-rua\/\"]}]},{\"@type\":\"ImageObject\",\"inLanguage\":\"pt-BR\",\"@id\":\"https:\/\/www.travel3.com.br\/site\/destaque\/vesperata-diamantina-palco-rua\/#primaryimage\",\"url\":\"https:\/\/www.travel3.com.br\/site\/wp-content\/uploads\/2025\/06\/vesperata-em-diamantina.jpg\",\"contentUrl\":\"https:\/\/www.travel3.com.br\/site\/wp-content\/uploads\/2025\/06\/vesperata-em-diamantina.jpg\",\"width\":1280,\"height\":853,\"caption\":\"Durante a Vesperata de Diamantina, m\u00fasicos se apresentam nas sacadas coloniais (Foto: Divulga\u00e7\u00e3o)\"},{\"@type\":\"BreadcrumbList\",\"@id\":\"https:\/\/www.travel3.com.br\/site\/destaque\/vesperata-diamantina-palco-rua\/#breadcrumb\",\"itemListElement\":[{\"@type\":\"ListItem\",\"position\":1,\"name\":\"In\u00edcio\",\"item\":\"https:\/\/www.travel3.com.br\/site\/\"},{\"@type\":\"ListItem\",\"position\":2,\"name\":\"Vesperata transforma ruas de Diamantina em palco ao ar livre\"}]},{\"@type\":\"WebSite\",\"@id\":\"https:\/\/www.travel3.com.br\/site\/#website\",\"url\":\"https:\/\/www.travel3.com.br\/site\/\",\"name\":\"Travel3\",\"description\":\"Lazer + Neg&oacute;cios + Aventura\",\"publisher\":{\"@id\":\"https:\/\/www.travel3.com.br\/site\/#organization\"},\"potentialAction\":[{\"@type\":\"SearchAction\",\"target\":{\"@type\":\"EntryPoint\",\"urlTemplate\":\"https:\/\/www.travel3.com.br\/site\/?s={search_term_string}\"},\"query-input\":{\"@type\":\"PropertyValueSpecification\",\"valueRequired\":true,\"valueName\":\"search_term_string\"}}],\"inLanguage\":\"pt-BR\"},{\"@type\":\"Organization\",\"@id\":\"https:\/\/www.travel3.com.br\/site\/#organization\",\"name\":\"Travel3\",\"url\":\"https:\/\/www.travel3.com.br\/site\/\",\"logo\":{\"@type\":\"ImageObject\",\"inLanguage\":\"pt-BR\",\"@id\":\"https:\/\/www.travel3.com.br\/site\/#\/schema\/logo\/image\/\",\"url\":\"https:\/\/www.travel3.com.br\/site\/wp-content\/uploads\/2020\/01\/logo-travel3-2020.png\",\"contentUrl\":\"https:\/\/www.travel3.com.br\/site\/wp-content\/uploads\/2020\/01\/logo-travel3-2020.png\",\"width\":232,\"height\":79,\"caption\":\"Travel3\"},\"image\":{\"@id\":\"https:\/\/www.travel3.com.br\/site\/#\/schema\/logo\/image\/\"},\"sameAs\":[\"https:\/\/www.facebook.com\/travel3media\/\",\"https:\/\/www.instagram.com\/revistatravel3\/\",\"https:\/\/www.youtube.com\/channel\/UCno7J4paGBR3VbZQzvoJ9Eg\"]},{\"@type\":\"Person\",\"@id\":\"https:\/\/www.travel3.com.br\/site\/#\/schema\/person\/89251b0320bc67697de92249f97f3fdb\",\"name\":\"Reda\u00e7\u00e3o Travel3\",\"image\":{\"@type\":\"ImageObject\",\"inLanguage\":\"pt-BR\",\"@id\":\"https:\/\/www.travel3.com.br\/site\/#\/schema\/person\/image\/\",\"url\":\"https:\/\/secure.gravatar.com\/avatar\/85a5ec2ad99b1932f671ebf50c117db6?s=96&d=mm&r=g\",\"contentUrl\":\"https:\/\/secure.gravatar.com\/avatar\/85a5ec2ad99b1932f671ebf50c117db6?s=96&d=mm&r=g\",\"caption\":\"Reda\u00e7\u00e3o Travel3\"},\"sameAs\":[\"http:\/\/www.travel3.com.br\/\"],\"url\":\"https:\/\/www.travel3.com.br\/site\/author\/redacao\/\"}]}<\/script>\n<!-- \/ Yoast SEO plugin. -->","yoast_head_json":{"title":"Vesperata transforma ruas de Diamantina em palco ao ar livre - Travel3","description":"Vesperata de Diamantina atrai turistas com m\u00fasica ao ar livre e movimenta a economia local. Evento \u00e9 patrim\u00f4nio imaterial de Minas Gerais.","robots":{"index":"index","follow":"follow","max-snippet":"max-snippet:-1","max-image-preview":"max-image-preview:large","max-video-preview":"max-video-preview:-1"},"canonical":"https:\/\/www.travel3.com.br\/site\/destaque\/vesperata-diamantina-palco-rua\/","og_locale":"pt_BR","og_type":"article","og_title":"Vesperata transforma ruas de Diamantina em palco ao ar livre - Travel3","og_description":"Vesperata de Diamantina atrai turistas com m\u00fasica ao ar livre e movimenta a economia local. Evento \u00e9 patrim\u00f4nio imaterial de Minas Gerais.","og_url":"https:\/\/www.travel3.com.br\/site\/destaque\/vesperata-diamantina-palco-rua\/","og_site_name":"Travel3","article_publisher":"https:\/\/www.facebook.com\/travel3media\/","article_published_time":"2025-06-18T11:17:53+00:00","article_modified_time":"2025-06-18T11:17:55+00:00","og_image":[{"width":1280,"height":853,"url":"https:\/\/www.travel3.com.br\/site\/wp-content\/uploads\/2025\/06\/vesperata-em-diamantina.jpg","type":"image\/jpeg"}],"author":"Reda\u00e7\u00e3o Travel3","twitter_card":"summary_large_image","twitter_misc":{"Escrito por":"Reda\u00e7\u00e3o Travel3","Est. tempo de leitura":"3 minutos"},"schema":{"@context":"https:\/\/schema.org","@graph":[{"@type":"Article","@id":"https:\/\/www.travel3.com.br\/site\/destaque\/vesperata-diamantina-palco-rua\/#article","isPartOf":{"@id":"https:\/\/www.travel3.com.br\/site\/destaque\/vesperata-diamantina-palco-rua\/"},"author":{"name":"Reda\u00e7\u00e3o Travel3","@id":"https:\/\/www.travel3.com.br\/site\/#\/schema\/person\/89251b0320bc67697de92249f97f3fdb"},"headline":"Vesperata transforma ruas de Diamantina em palco ao ar livre","datePublished":"2025-06-18T11:17:53+00:00","dateModified":"2025-06-18T11:17:55+00:00","mainEntityOfPage":{"@id":"https:\/\/www.travel3.com.br\/site\/destaque\/vesperata-diamantina-palco-rua\/"},"wordCount":341,"commentCount":0,"publisher":{"@id":"https:\/\/www.travel3.com.br\/site\/#organization"},"image":{"@id":"https:\/\/www.travel3.com.br\/site\/destaque\/vesperata-diamantina-palco-rua\/#primaryimage"},"thumbnailUrl":"https:\/\/www.travel3.com.br\/site\/wp-content\/uploads\/2025\/06\/vesperata-em-diamantina.jpg","keywords":["cidades hist\u00f3ricas","Diamantina","Diamantina - MG","vesperata","vesperata em diamantina"],"articleSection":["Brasil","Destaque","Destinos","Dicas","F\u00e9rias e Feriados","Home"],"inLanguage":"pt-BR","potentialAction":[{"@type":"CommentAction","name":"Comment","target":["https:\/\/www.travel3.com.br\/site\/destaque\/vesperata-diamantina-palco-rua\/#respond"]}]},{"@type":"WebPage","@id":"https:\/\/www.travel3.com.br\/site\/destaque\/vesperata-diamantina-palco-rua\/","url":"https:\/\/www.travel3.com.br\/site\/destaque\/vesperata-diamantina-palco-rua\/","name":"Vesperata transforma ruas de Diamantina em palco ao ar livre - Travel3","isPartOf":{"@id":"https:\/\/www.travel3.com.br\/site\/#website"},"primaryImageOfPage":{"@id":"https:\/\/www.travel3.com.br\/site\/destaque\/vesperata-diamantina-palco-rua\/#primaryimage"},"image":{"@id":"https:\/\/www.travel3.com.br\/site\/destaque\/vesperata-diamantina-palco-rua\/#primaryimage"},"thumbnailUrl":"https:\/\/www.travel3.com.br\/site\/wp-content\/uploads\/2025\/06\/vesperata-em-diamantina.jpg","datePublished":"2025-06-18T11:17:53+00:00","dateModified":"2025-06-18T11:17:55+00:00","description":"Vesperata de Diamantina atrai turistas com m\u00fasica ao ar livre e movimenta a economia local. Evento \u00e9 patrim\u00f4nio imaterial de Minas Gerais.","breadcrumb":{"@id":"https:\/\/www.travel3.com.br\/site\/destaque\/vesperata-diamantina-palco-rua\/#breadcrumb"},"inLanguage":"pt-BR","potentialAction":[{"@type":"ReadAction","target":["https:\/\/www.travel3.com.br\/site\/destaque\/vesperata-diamantina-palco-rua\/"]}]},{"@type":"ImageObject","inLanguage":"pt-BR","@id":"https:\/\/www.travel3.com.br\/site\/destaque\/vesperata-diamantina-palco-rua\/#primaryimage","url":"https:\/\/www.travel3.com.br\/site\/wp-content\/uploads\/2025\/06\/vesperata-em-diamantina.jpg","contentUrl":"https:\/\/www.travel3.com.br\/site\/wp-content\/uploads\/2025\/06\/vesperata-em-diamantina.jpg","width":1280,"height":853,"caption":"Durante a Vesperata de Diamantina, m\u00fasicos se apresentam nas sacadas coloniais (Foto: Divulga\u00e7\u00e3o)"},{"@type":"BreadcrumbList","@id":"https:\/\/www.travel3.com.br\/site\/destaque\/vesperata-diamantina-palco-rua\/#breadcrumb","itemListElement":[{"@type":"ListItem","position":1,"name":"In\u00edcio","item":"https:\/\/www.travel3.com.br\/site\/"},{"@type":"ListItem","position":2,"name":"Vesperata transforma ruas de Diamantina em palco ao ar livre"}]},{"@type":"WebSite","@id":"https:\/\/www.travel3.com.br\/site\/#website","url":"https:\/\/www.travel3.com.br\/site\/","name":"Travel3","description":"Lazer + Neg&oacute;cios + Aventura","publisher":{"@id":"https:\/\/www.travel3.com.br\/site\/#organization"},"potentialAction":[{"@type":"SearchAction","target":{"@type":"EntryPoint","urlTemplate":"https:\/\/www.travel3.com.br\/site\/?s={search_term_string}"},"query-input":{"@type":"PropertyValueSpecification","valueRequired":true,"valueName":"search_term_string"}}],"inLanguage":"pt-BR"},{"@type":"Organization","@id":"https:\/\/www.travel3.com.br\/site\/#organization","name":"Travel3","url":"https:\/\/www.travel3.com.br\/site\/","logo":{"@type":"ImageObject","inLanguage":"pt-BR","@id":"https:\/\/www.travel3.com.br\/site\/#\/schema\/logo\/image\/","url":"https:\/\/www.travel3.com.br\/site\/wp-content\/uploads\/2020\/01\/logo-travel3-2020.png","contentUrl":"https:\/\/www.travel3.com.br\/site\/wp-content\/uploads\/2020\/01\/logo-travel3-2020.png","width":232,"height":79,"caption":"Travel3"},"image":{"@id":"https:\/\/www.travel3.com.br\/site\/#\/schema\/logo\/image\/"},"sameAs":["https:\/\/www.facebook.com\/travel3media\/","https:\/\/www.instagram.com\/revistatravel3\/","https:\/\/www.youtube.com\/channel\/UCno7J4paGBR3VbZQzvoJ9Eg"]},{"@type":"Person","@id":"https:\/\/www.travel3.com.br\/site\/#\/schema\/person\/89251b0320bc67697de92249f97f3fdb","name":"Reda\u00e7\u00e3o Travel3","image":{"@type":"ImageObject","inLanguage":"pt-BR","@id":"https:\/\/www.travel3.com.br\/site\/#\/schema\/person\/image\/","url":"https:\/\/secure.gravatar.com\/avatar\/85a5ec2ad99b1932f671ebf50c117db6?s=96&d=mm&r=g","contentUrl":"https:\/\/secure.gravatar.com\/avatar\/85a5ec2ad99b1932f671ebf50c117db6?s=96&d=mm&r=g","caption":"Reda\u00e7\u00e3o Travel3"},"sameAs":["http:\/\/www.travel3.com.br\/"],"url":"https:\/\/www.travel3.com.br\/site\/author\/redacao\/"}]}},"_links":{"self":[{"href":"https:\/\/www.travel3.com.br\/site\/wp-json\/wp\/v2\/posts\/77002","targetHints":{"allow":["GET"]}}],"collection":[{"href":"https:\/\/www.travel3.com.br\/site\/wp-json\/wp\/v2\/posts"}],"about":[{"href":"https:\/\/www.travel3.com.br\/site\/wp-json\/wp\/v2\/types\/post"}],"author":[{"embeddable":true,"href":"https:\/\/www.travel3.com.br\/site\/wp-json\/wp\/v2\/users\/5"}],"replies":[{"embeddable":true,"href":"https:\/\/www.travel3.com.br\/site\/wp-json\/wp\/v2\/comments?post=77002"}],"version-history":[{"count":3,"href":"https:\/\/www.travel3.com.br\/site\/wp-json\/wp\/v2\/posts\/77002\/revisions"}],"predecessor-version":[{"id":77006,"href":"https:\/\/www.travel3.com.br\/site\/wp-json\/wp\/v2\/posts\/77002\/revisions\/77006"}],"wp:featuredmedia":[{"embeddable":true,"href":"https:\/\/www.travel3.com.br\/site\/wp-json\/wp\/v2\/media\/77003"}],"wp:attachment":[{"href":"https:\/\/www.travel3.com.br\/site\/wp-json\/wp\/v2\/media?parent=77002"}],"wp:term":[{"taxonomy":"category","embeddable":true,"href":"https:\/\/www.travel3.com.br\/site\/wp-json\/wp\/v2\/categories?post=77002"},{"taxonomy":"post_tag","embeddable":true,"href":"https:\/\/www.travel3.com.br\/site\/wp-json\/wp\/v2\/tags?post=77002"}],"curies":[{"name":"wp","href":"https:\/\/api.w.org\/{rel}","templated":true}]}}