{"id":76703,"date":"2025-05-28T15:55:09","date_gmt":"2025-05-28T18:55:09","guid":{"rendered":"https:\/\/www.travel3.com.br\/?p=76703"},"modified":"2025-05-28T15:55:53","modified_gmt":"2025-05-28T18:55:53","slug":"diamantina-no-inverno-tradicoes","status":"publish","type":"post","link":"https:\/\/www.travel3.com.br\/site\/comece-a-viajar\/diamantina-no-inverno-tradicoes\/","title":{"rendered":"Viva Diamantina no inverno e conhe\u00e7a as tradi\u00e7\u00f5es locais"},"content":{"rendered":"\n<h2 class=\"wp-block-heading\">Esta\u00e7\u00e3o atrai turistas para Vesperata, gastronomia e trilhas<\/h2>\n\n\n\n<p><strong>Diamantina no inverno<\/strong> transforma a cidade numa vitrine de cultura e hist\u00f3ria. Com arquitetura colonial e ruas de pedra, o destino convida a passeios por casar\u00f5es, igrejas barrocas e museus.<\/p>\n\n\n\n<h3 class=\"wp-block-heading\">Festa Vesperata<\/h3>\n\n\n\n<p>A Vesperata re\u00fane orquestras e corais em pra\u00e7as hist\u00f3ricas. O evento ao ar livre oferece apresenta\u00e7\u00f5es em casar\u00f5es centen\u00e1rios, atraindo visitantes que buscam m\u00fasica e tradi\u00e7\u00f5es locais.<\/p>\n\n\n\n<h3 class=\"wp-block-heading\">Sabores do Jequitinhonha<\/h3>\n\n\n\n<p>Restaurantes do Vale do Jequitinhonha servem pratos com ingredientes regionais, como frango com quiabo e queijos artesanais. A culin\u00e1ria reflete receitas passadas de gera\u00e7\u00e3o em gera\u00e7\u00e3o.<\/p>\n\n\n\n<h3 class=\"wp-block-heading\">Patrim\u00f4nio UNESCO<\/h3>\n\n\n\n<p>O Centro Hist\u00f3rico de Diamantina, tombado pela UNESCO, inclui a <strong><a href=\"https:\/\/www.diamantina.mg.gov.br\/portal\/turismo\/0\/9\/727\/casa-de-juscelino-kubitschek\" target=\"_blank\" rel=\"noreferrer noopener\">Casa de Juscelino Kubitschek<\/a><\/strong>, a Casa da Chica da Silva e o Mercado Velho, onde artes\u00e3os vendem pe\u00e7as t\u00edpicas e produtos locais.<\/p>\n\n\n\n<h3 class=\"wp-block-heading\">Natureza e conforto<\/h3>\n\n\n\n<p>A Serra do Espinha\u00e7o oferece trilhas e mirantes com vista para vales e forma\u00e7\u00f5es rochosas. Para hospedagem, o<strong><a href=\"https:\/\/www.travel3.com.br\/hotel\/hotel-estilo-de-minas-diamantina\/\" target=\"_blank\" rel=\"noreferrer noopener\"> Hotel Estilo de Minas<\/a><\/strong> combina decora\u00e7\u00e3o mineira a quartos confort\u00e1veis, piscina aquecida e restaurante com menu adaptado aos sabores da regi\u00e3o.<\/p>\n\n\n\n<p>Diamantina no inverno re\u00fane todos os elementos para uma viagem memor\u00e1vel: clima ameno, riqueza cultural, experi\u00eancias gastron\u00f4micas e contato com a natureza. Com uma programa\u00e7\u00e3o que valoriza a hist\u00f3ria local e op\u00e7\u00f5es de hospedagem confort\u00e1veis, a cidade se consolida como um dos destinos mais atraentes do Vale do Jequitinhonha durante a esta\u00e7\u00e3o.<\/p>\n","protected":false},"excerpt":{"rendered":"<p>Esta\u00e7\u00e3o atrai turistas para Vesperata, gastronomia e trilhas<\/p>\n","protected":false},"author":5,"featured_media":76704,"comment_status":"open","ping_status":"open","sticky":false,"template":"","format":"standard","meta":{"footnotes":""},"categories":[884],"tags":[1755,2838,4562],"class_list":["post-76703","post","type-post","status-publish","format-standard","has-post-thumbnail","hentry","category-comece-a-viajar","tag-cidades-historicas","tag-diamantina","tag-visite-minas-gerais"],"yoast_head":"<!-- This site is optimized with the Yoast SEO plugin v26.2 - https:\/\/yoast.com\/wordpress\/plugins\/seo\/ -->\n<title>Viva Diamantina no inverno e conhe\u00e7a as tradi\u00e7\u00f5es locais - Travel3<\/title>\n<meta name=\"description\" content=\"Diamantina no inverno atrai turistas com Vesperata, gastronomia regional e trilhas no Vale do Jequitinhonha.\" \/>\n<meta name=\"robots\" content=\"index, follow, max-snippet:-1, max-image-preview:large, max-video-preview:-1\" \/>\n<link rel=\"canonical\" href=\"https:\/\/www.travel3.com.br\/site\/comece-a-viajar\/diamantina-no-inverno-tradicoes\/\" \/>\n<meta property=\"og:locale\" content=\"pt_BR\" \/>\n<meta property=\"og:type\" content=\"article\" \/>\n<meta property=\"og:title\" content=\"Viva Diamantina no inverno e conhe\u00e7a as tradi\u00e7\u00f5es locais - Travel3\" \/>\n<meta property=\"og:description\" content=\"Diamantina no inverno atrai turistas com Vesperata, gastronomia regional e trilhas no Vale do Jequitinhonha.\" \/>\n<meta property=\"og:url\" content=\"https:\/\/www.travel3.com.br\/site\/comece-a-viajar\/diamantina-no-inverno-tradicoes\/\" \/>\n<meta property=\"og:site_name\" content=\"Travel3\" \/>\n<meta property=\"article:publisher\" content=\"https:\/\/www.facebook.com\/travel3media\/\" \/>\n<meta property=\"article:published_time\" content=\"2025-05-28T18:55:09+00:00\" \/>\n<meta property=\"article:modified_time\" content=\"2025-05-28T18:55:53+00:00\" \/>\n<meta property=\"og:image\" content=\"https:\/\/www.travel3.com.br\/site\/wp-content\/uploads\/2025\/05\/Diamantina_RicardoLuizz-2_Easy-Resize.com_.jpg\" \/>\n\t<meta property=\"og:image:width\" content=\"1280\" \/>\n\t<meta property=\"og:image:height\" content=\"960\" \/>\n\t<meta property=\"og:image:type\" content=\"image\/jpeg\" \/>\n<meta name=\"author\" content=\"Reda\u00e7\u00e3o Travel3\" \/>\n<meta name=\"twitter:card\" content=\"summary_large_image\" \/>\n<meta name=\"twitter:label1\" content=\"Escrito por\" \/>\n\t<meta name=\"twitter:data1\" content=\"Reda\u00e7\u00e3o Travel3\" \/>\n\t<meta name=\"twitter:label2\" content=\"Est. tempo de leitura\" \/>\n\t<meta name=\"twitter:data2\" content=\"2 minutos\" \/>\n<script type=\"application\/ld+json\" class=\"yoast-schema-graph\">{\"@context\":\"https:\/\/schema.org\",\"@graph\":[{\"@type\":\"Article\",\"@id\":\"https:\/\/www.travel3.com.br\/site\/comece-a-viajar\/diamantina-no-inverno-tradicoes\/#article\",\"isPartOf\":{\"@id\":\"https:\/\/www.travel3.com.br\/site\/comece-a-viajar\/diamantina-no-inverno-tradicoes\/\"},\"author\":{\"name\":\"Reda\u00e7\u00e3o Travel3\",\"@id\":\"https:\/\/www.travel3.com.br\/site\/#\/schema\/person\/89251b0320bc67697de92249f97f3fdb\"},\"headline\":\"Viva Diamantina no inverno e conhe\u00e7a as tradi\u00e7\u00f5es locais\",\"datePublished\":\"2025-05-28T18:55:09+00:00\",\"dateModified\":\"2025-05-28T18:55:53+00:00\",\"mainEntityOfPage\":{\"@id\":\"https:\/\/www.travel3.com.br\/site\/comece-a-viajar\/diamantina-no-inverno-tradicoes\/\"},\"wordCount\":268,\"commentCount\":0,\"publisher\":{\"@id\":\"https:\/\/www.travel3.com.br\/site\/#organization\"},\"image\":{\"@id\":\"https:\/\/www.travel3.com.br\/site\/comece-a-viajar\/diamantina-no-inverno-tradicoes\/#primaryimage\"},\"thumbnailUrl\":\"https:\/\/www.travel3.com.br\/site\/wp-content\/uploads\/2025\/05\/Diamantina_RicardoLuizz-2_Easy-Resize.com_.jpg\",\"keywords\":[\"cidades hist\u00f3ricas\",\"Diamantina\",\"visite minas gerais\"],\"articleSection\":[\"Comece a Viajar\"],\"inLanguage\":\"pt-BR\",\"potentialAction\":[{\"@type\":\"CommentAction\",\"name\":\"Comment\",\"target\":[\"https:\/\/www.travel3.com.br\/site\/comece-a-viajar\/diamantina-no-inverno-tradicoes\/#respond\"]}]},{\"@type\":\"WebPage\",\"@id\":\"https:\/\/www.travel3.com.br\/site\/comece-a-viajar\/diamantina-no-inverno-tradicoes\/\",\"url\":\"https:\/\/www.travel3.com.br\/site\/comece-a-viajar\/diamantina-no-inverno-tradicoes\/\",\"name\":\"Viva Diamantina no inverno e conhe\u00e7a as tradi\u00e7\u00f5es locais - Travel3\",\"isPartOf\":{\"@id\":\"https:\/\/www.travel3.com.br\/site\/#website\"},\"primaryImageOfPage\":{\"@id\":\"https:\/\/www.travel3.com.br\/site\/comece-a-viajar\/diamantina-no-inverno-tradicoes\/#primaryimage\"},\"image\":{\"@id\":\"https:\/\/www.travel3.com.br\/site\/comece-a-viajar\/diamantina-no-inverno-tradicoes\/#primaryimage\"},\"thumbnailUrl\":\"https:\/\/www.travel3.com.br\/site\/wp-content\/uploads\/2025\/05\/Diamantina_RicardoLuizz-2_Easy-Resize.com_.jpg\",\"datePublished\":\"2025-05-28T18:55:09+00:00\",\"dateModified\":\"2025-05-28T18:55:53+00:00\",\"description\":\"Diamantina no inverno atrai turistas com Vesperata, gastronomia regional e trilhas no Vale do Jequitinhonha.\",\"breadcrumb\":{\"@id\":\"https:\/\/www.travel3.com.br\/site\/comece-a-viajar\/diamantina-no-inverno-tradicoes\/#breadcrumb\"},\"inLanguage\":\"pt-BR\",\"potentialAction\":[{\"@type\":\"ReadAction\",\"target\":[\"https:\/\/www.travel3.com.br\/site\/comece-a-viajar\/diamantina-no-inverno-tradicoes\/\"]}]},{\"@type\":\"ImageObject\",\"inLanguage\":\"pt-BR\",\"@id\":\"https:\/\/www.travel3.com.br\/site\/comece-a-viajar\/diamantina-no-inverno-tradicoes\/#primaryimage\",\"url\":\"https:\/\/www.travel3.com.br\/site\/wp-content\/uploads\/2025\/05\/Diamantina_RicardoLuizz-2_Easy-Resize.com_.jpg\",\"contentUrl\":\"https:\/\/www.travel3.com.br\/site\/wp-content\/uploads\/2025\/05\/Diamantina_RicardoLuizz-2_Easy-Resize.com_.jpg\",\"width\":1280,\"height\":960,\"caption\":\"Foto: RicardoLuizz\/Divulga\u00e7\u00e3o\"},{\"@type\":\"BreadcrumbList\",\"@id\":\"https:\/\/www.travel3.com.br\/site\/comece-a-viajar\/diamantina-no-inverno-tradicoes\/#breadcrumb\",\"itemListElement\":[{\"@type\":\"ListItem\",\"position\":1,\"name\":\"In\u00edcio\",\"item\":\"https:\/\/www.travel3.com.br\/site\/\"},{\"@type\":\"ListItem\",\"position\":2,\"name\":\"Viva Diamantina no inverno e conhe\u00e7a as tradi\u00e7\u00f5es locais\"}]},{\"@type\":\"WebSite\",\"@id\":\"https:\/\/www.travel3.com.br\/site\/#website\",\"url\":\"https:\/\/www.travel3.com.br\/site\/\",\"name\":\"Travel3\",\"description\":\"Lazer + Neg&oacute;cios + Aventura\",\"publisher\":{\"@id\":\"https:\/\/www.travel3.com.br\/site\/#organization\"},\"potentialAction\":[{\"@type\":\"SearchAction\",\"target\":{\"@type\":\"EntryPoint\",\"urlTemplate\":\"https:\/\/www.travel3.com.br\/site\/?s={search_term_string}\"},\"query-input\":{\"@type\":\"PropertyValueSpecification\",\"valueRequired\":true,\"valueName\":\"search_term_string\"}}],\"inLanguage\":\"pt-BR\"},{\"@type\":\"Organization\",\"@id\":\"https:\/\/www.travel3.com.br\/site\/#organization\",\"name\":\"Travel3\",\"url\":\"https:\/\/www.travel3.com.br\/site\/\",\"logo\":{\"@type\":\"ImageObject\",\"inLanguage\":\"pt-BR\",\"@id\":\"https:\/\/www.travel3.com.br\/site\/#\/schema\/logo\/image\/\",\"url\":\"https:\/\/www.travel3.com.br\/site\/wp-content\/uploads\/2020\/01\/logo-travel3-2020.png\",\"contentUrl\":\"https:\/\/www.travel3.com.br\/site\/wp-content\/uploads\/2020\/01\/logo-travel3-2020.png\",\"width\":232,\"height\":79,\"caption\":\"Travel3\"},\"image\":{\"@id\":\"https:\/\/www.travel3.com.br\/site\/#\/schema\/logo\/image\/\"},\"sameAs\":[\"https:\/\/www.facebook.com\/travel3media\/\",\"https:\/\/www.instagram.com\/revistatravel3\/\",\"https:\/\/www.youtube.com\/channel\/UCno7J4paGBR3VbZQzvoJ9Eg\"]},{\"@type\":\"Person\",\"@id\":\"https:\/\/www.travel3.com.br\/site\/#\/schema\/person\/89251b0320bc67697de92249f97f3fdb\",\"name\":\"Reda\u00e7\u00e3o Travel3\",\"image\":{\"@type\":\"ImageObject\",\"inLanguage\":\"pt-BR\",\"@id\":\"https:\/\/www.travel3.com.br\/site\/#\/schema\/person\/image\/\",\"url\":\"https:\/\/secure.gravatar.com\/avatar\/85a5ec2ad99b1932f671ebf50c117db6?s=96&d=mm&r=g\",\"contentUrl\":\"https:\/\/secure.gravatar.com\/avatar\/85a5ec2ad99b1932f671ebf50c117db6?s=96&d=mm&r=g\",\"caption\":\"Reda\u00e7\u00e3o Travel3\"},\"sameAs\":[\"http:\/\/www.travel3.com.br\/\"],\"url\":\"https:\/\/www.travel3.com.br\/site\/author\/redacao\/\"}]}<\/script>\n<!-- \/ Yoast SEO plugin. -->","yoast_head_json":{"title":"Viva Diamantina no inverno e conhe\u00e7a as tradi\u00e7\u00f5es locais - Travel3","description":"Diamantina no inverno atrai turistas com Vesperata, gastronomia regional e trilhas no Vale do Jequitinhonha.","robots":{"index":"index","follow":"follow","max-snippet":"max-snippet:-1","max-image-preview":"max-image-preview:large","max-video-preview":"max-video-preview:-1"},"canonical":"https:\/\/www.travel3.com.br\/site\/comece-a-viajar\/diamantina-no-inverno-tradicoes\/","og_locale":"pt_BR","og_type":"article","og_title":"Viva Diamantina no inverno e conhe\u00e7a as tradi\u00e7\u00f5es locais - Travel3","og_description":"Diamantina no inverno atrai turistas com Vesperata, gastronomia regional e trilhas no Vale do Jequitinhonha.","og_url":"https:\/\/www.travel3.com.br\/site\/comece-a-viajar\/diamantina-no-inverno-tradicoes\/","og_site_name":"Travel3","article_publisher":"https:\/\/www.facebook.com\/travel3media\/","article_published_time":"2025-05-28T18:55:09+00:00","article_modified_time":"2025-05-28T18:55:53+00:00","og_image":[{"width":1280,"height":960,"url":"https:\/\/www.travel3.com.br\/site\/wp-content\/uploads\/2025\/05\/Diamantina_RicardoLuizz-2_Easy-Resize.com_.jpg","type":"image\/jpeg"}],"author":"Reda\u00e7\u00e3o Travel3","twitter_card":"summary_large_image","twitter_misc":{"Escrito por":"Reda\u00e7\u00e3o Travel3","Est. tempo de leitura":"2 minutos"},"schema":{"@context":"https:\/\/schema.org","@graph":[{"@type":"Article","@id":"https:\/\/www.travel3.com.br\/site\/comece-a-viajar\/diamantina-no-inverno-tradicoes\/#article","isPartOf":{"@id":"https:\/\/www.travel3.com.br\/site\/comece-a-viajar\/diamantina-no-inverno-tradicoes\/"},"author":{"name":"Reda\u00e7\u00e3o Travel3","@id":"https:\/\/www.travel3.com.br\/site\/#\/schema\/person\/89251b0320bc67697de92249f97f3fdb"},"headline":"Viva Diamantina no inverno e conhe\u00e7a as tradi\u00e7\u00f5es locais","datePublished":"2025-05-28T18:55:09+00:00","dateModified":"2025-05-28T18:55:53+00:00","mainEntityOfPage":{"@id":"https:\/\/www.travel3.com.br\/site\/comece-a-viajar\/diamantina-no-inverno-tradicoes\/"},"wordCount":268,"commentCount":0,"publisher":{"@id":"https:\/\/www.travel3.com.br\/site\/#organization"},"image":{"@id":"https:\/\/www.travel3.com.br\/site\/comece-a-viajar\/diamantina-no-inverno-tradicoes\/#primaryimage"},"thumbnailUrl":"https:\/\/www.travel3.com.br\/site\/wp-content\/uploads\/2025\/05\/Diamantina_RicardoLuizz-2_Easy-Resize.com_.jpg","keywords":["cidades hist\u00f3ricas","Diamantina","visite minas gerais"],"articleSection":["Comece a Viajar"],"inLanguage":"pt-BR","potentialAction":[{"@type":"CommentAction","name":"Comment","target":["https:\/\/www.travel3.com.br\/site\/comece-a-viajar\/diamantina-no-inverno-tradicoes\/#respond"]}]},{"@type":"WebPage","@id":"https:\/\/www.travel3.com.br\/site\/comece-a-viajar\/diamantina-no-inverno-tradicoes\/","url":"https:\/\/www.travel3.com.br\/site\/comece-a-viajar\/diamantina-no-inverno-tradicoes\/","name":"Viva Diamantina no inverno e conhe\u00e7a as tradi\u00e7\u00f5es locais - Travel3","isPartOf":{"@id":"https:\/\/www.travel3.com.br\/site\/#website"},"primaryImageOfPage":{"@id":"https:\/\/www.travel3.com.br\/site\/comece-a-viajar\/diamantina-no-inverno-tradicoes\/#primaryimage"},"image":{"@id":"https:\/\/www.travel3.com.br\/site\/comece-a-viajar\/diamantina-no-inverno-tradicoes\/#primaryimage"},"thumbnailUrl":"https:\/\/www.travel3.com.br\/site\/wp-content\/uploads\/2025\/05\/Diamantina_RicardoLuizz-2_Easy-Resize.com_.jpg","datePublished":"2025-05-28T18:55:09+00:00","dateModified":"2025-05-28T18:55:53+00:00","description":"Diamantina no inverno atrai turistas com Vesperata, gastronomia regional e trilhas no Vale do Jequitinhonha.","breadcrumb":{"@id":"https:\/\/www.travel3.com.br\/site\/comece-a-viajar\/diamantina-no-inverno-tradicoes\/#breadcrumb"},"inLanguage":"pt-BR","potentialAction":[{"@type":"ReadAction","target":["https:\/\/www.travel3.com.br\/site\/comece-a-viajar\/diamantina-no-inverno-tradicoes\/"]}]},{"@type":"ImageObject","inLanguage":"pt-BR","@id":"https:\/\/www.travel3.com.br\/site\/comece-a-viajar\/diamantina-no-inverno-tradicoes\/#primaryimage","url":"https:\/\/www.travel3.com.br\/site\/wp-content\/uploads\/2025\/05\/Diamantina_RicardoLuizz-2_Easy-Resize.com_.jpg","contentUrl":"https:\/\/www.travel3.com.br\/site\/wp-content\/uploads\/2025\/05\/Diamantina_RicardoLuizz-2_Easy-Resize.com_.jpg","width":1280,"height":960,"caption":"Foto: RicardoLuizz\/Divulga\u00e7\u00e3o"},{"@type":"BreadcrumbList","@id":"https:\/\/www.travel3.com.br\/site\/comece-a-viajar\/diamantina-no-inverno-tradicoes\/#breadcrumb","itemListElement":[{"@type":"ListItem","position":1,"name":"In\u00edcio","item":"https:\/\/www.travel3.com.br\/site\/"},{"@type":"ListItem","position":2,"name":"Viva Diamantina no inverno e conhe\u00e7a as tradi\u00e7\u00f5es locais"}]},{"@type":"WebSite","@id":"https:\/\/www.travel3.com.br\/site\/#website","url":"https:\/\/www.travel3.com.br\/site\/","name":"Travel3","description":"Lazer + Neg&oacute;cios + Aventura","publisher":{"@id":"https:\/\/www.travel3.com.br\/site\/#organization"},"potentialAction":[{"@type":"SearchAction","target":{"@type":"EntryPoint","urlTemplate":"https:\/\/www.travel3.com.br\/site\/?s={search_term_string}"},"query-input":{"@type":"PropertyValueSpecification","valueRequired":true,"valueName":"search_term_string"}}],"inLanguage":"pt-BR"},{"@type":"Organization","@id":"https:\/\/www.travel3.com.br\/site\/#organization","name":"Travel3","url":"https:\/\/www.travel3.com.br\/site\/","logo":{"@type":"ImageObject","inLanguage":"pt-BR","@id":"https:\/\/www.travel3.com.br\/site\/#\/schema\/logo\/image\/","url":"https:\/\/www.travel3.com.br\/site\/wp-content\/uploads\/2020\/01\/logo-travel3-2020.png","contentUrl":"https:\/\/www.travel3.com.br\/site\/wp-content\/uploads\/2020\/01\/logo-travel3-2020.png","width":232,"height":79,"caption":"Travel3"},"image":{"@id":"https:\/\/www.travel3.com.br\/site\/#\/schema\/logo\/image\/"},"sameAs":["https:\/\/www.facebook.com\/travel3media\/","https:\/\/www.instagram.com\/revistatravel3\/","https:\/\/www.youtube.com\/channel\/UCno7J4paGBR3VbZQzvoJ9Eg"]},{"@type":"Person","@id":"https:\/\/www.travel3.com.br\/site\/#\/schema\/person\/89251b0320bc67697de92249f97f3fdb","name":"Reda\u00e7\u00e3o Travel3","image":{"@type":"ImageObject","inLanguage":"pt-BR","@id":"https:\/\/www.travel3.com.br\/site\/#\/schema\/person\/image\/","url":"https:\/\/secure.gravatar.com\/avatar\/85a5ec2ad99b1932f671ebf50c117db6?s=96&d=mm&r=g","contentUrl":"https:\/\/secure.gravatar.com\/avatar\/85a5ec2ad99b1932f671ebf50c117db6?s=96&d=mm&r=g","caption":"Reda\u00e7\u00e3o Travel3"},"sameAs":["http:\/\/www.travel3.com.br\/"],"url":"https:\/\/www.travel3.com.br\/site\/author\/redacao\/"}]}},"_links":{"self":[{"href":"https:\/\/www.travel3.com.br\/site\/wp-json\/wp\/v2\/posts\/76703","targetHints":{"allow":["GET"]}}],"collection":[{"href":"https:\/\/www.travel3.com.br\/site\/wp-json\/wp\/v2\/posts"}],"about":[{"href":"https:\/\/www.travel3.com.br\/site\/wp-json\/wp\/v2\/types\/post"}],"author":[{"embeddable":true,"href":"https:\/\/www.travel3.com.br\/site\/wp-json\/wp\/v2\/users\/5"}],"replies":[{"embeddable":true,"href":"https:\/\/www.travel3.com.br\/site\/wp-json\/wp\/v2\/comments?post=76703"}],"version-history":[{"count":2,"href":"https:\/\/www.travel3.com.br\/site\/wp-json\/wp\/v2\/posts\/76703\/revisions"}],"predecessor-version":[{"id":76706,"href":"https:\/\/www.travel3.com.br\/site\/wp-json\/wp\/v2\/posts\/76703\/revisions\/76706"}],"wp:featuredmedia":[{"embeddable":true,"href":"https:\/\/www.travel3.com.br\/site\/wp-json\/wp\/v2\/media\/76704"}],"wp:attachment":[{"href":"https:\/\/www.travel3.com.br\/site\/wp-json\/wp\/v2\/media?parent=76703"}],"wp:term":[{"taxonomy":"category","embeddable":true,"href":"https:\/\/www.travel3.com.br\/site\/wp-json\/wp\/v2\/categories?post=76703"},{"taxonomy":"post_tag","embeddable":true,"href":"https:\/\/www.travel3.com.br\/site\/wp-json\/wp\/v2\/tags?post=76703"}],"curies":[{"name":"wp","href":"https:\/\/api.w.org\/{rel}","templated":true}]}}