{"id":76439,"date":"2025-05-15T08:01:25","date_gmt":"2025-05-15T11:01:25","guid":{"rendered":"https:\/\/www.travel3.com.br\/?p=76439"},"modified":"2025-05-15T08:51:18","modified_gmt":"2025-05-15T11:51:18","slug":"turismo-de-los-cabos-promove-evento-em-belo-horizonte","status":"publish","type":"post","link":"https:\/\/www.travel3.com.br\/site\/acontece-no-turismo\/turismo-de-los-cabos-promove-evento-em-belo-horizonte\/","title":{"rendered":"Turismo de Los Cabos promove evento em Belo Horizonte"},"content":{"rendered":"\n<h2 class=\"wp-block-heading\">Diana Pomar apresenta destino mexicano a ag\u00eancias selecionadas da capital mineira<\/h2>\n\n\n\n<p>O <strong>Turismo de Los Cabos<\/strong>, por meio de sua representante no Brasil, Diana Pomar, promoveu nesta ter\u00e7a-feira (14) um encontro com agentes de viagens de Belo Horizonte para fortalecer a divulga\u00e7\u00e3o do destino junto ao mercado mineiro.<\/p>\n\n\n\n<p>O evento, em formato de almo\u00e7o, aconteceu no <strong><a href=\"https:\/\/www.instagram.com\/terracolibertas\/\" target=\"_blank\" rel=\"noreferrer noopener\">Terra\u00e7o Libertas<\/a><\/strong> e reuniu cerca de 20 profissionais do setor, entre representantes de operadoras e ag\u00eancias da capital.<\/p>\n\n\n<div class=\"wp-block-image\">\n<figure class=\"aligncenter size-large is-resized\"><img decoding=\"async\" src=\"https:\/\/www.travel3.com.br\/site\/wp-content\/uploads\/2025\/05\/Diana-Pomar_Easy-Resize.com_-1024x768.jpg\" alt=\"Diana Pomar\" class=\"wp-image-76445\" style=\"width:675px;height:auto\"\/><figcaption class=\"wp-element-caption\">Diana Pomar, representante de Los Cabos no Brasil (Foto: Caroline Tonaco\/Travel3)<\/figcaption><\/figure><\/div>\n\n\n<blockquote class=\"wp-block-quote is-layout-flow wp-block-quote-is-layout-flow\">\n<p>Vejo muitas semelhan\u00e7as entre o povo mineiro e o mexicano. Ambos valorizam as ra\u00edzes, a cultura e s\u00e3o muito acolhedores. Em Minas, as pessoas falam com os olhos e demonstram afeto com o cora\u00e7\u00e3o.<\/p>\n<cite><strong>Diana Pomar<\/strong>, representante de Los Cabos no Brasil<\/cite><\/blockquote>\n\n\n<div class=\"wp-block-image\">\n<figure class=\"aligncenter size-large is-resized\"><img loading=\"lazy\" decoding=\"async\" width=\"768\" height=\"1024\" src=\"https:\/\/www.travel3.com.br\/site\/wp-content\/uploads\/2025\/05\/Turismo-de-Los-Cabos-Mesa_Easy-Resize.com_-768x1024.jpg\" alt=\"Turismo de Los Cabos\" class=\"wp-image-76471\" style=\"width:598px;height:auto\" srcset=\"https:\/\/www.travel3.com.br\/site\/wp-content\/uploads\/2025\/05\/Turismo-de-Los-Cabos-Mesa_Easy-Resize.com_-768x1024.jpg 768w, https:\/\/www.travel3.com.br\/site\/wp-content\/uploads\/2025\/05\/Turismo-de-Los-Cabos-Mesa_Easy-Resize.com_-225x300.jpg 225w, https:\/\/www.travel3.com.br\/site\/wp-content\/uploads\/2025\/05\/Turismo-de-Los-Cabos-Mesa_Easy-Resize.com_-640x853.jpg 640w, https:\/\/www.travel3.com.br\/site\/wp-content\/uploads\/2025\/05\/Turismo-de-Los-Cabos-Mesa_Easy-Resize.com_-150x200.jpg 150w, https:\/\/www.travel3.com.br\/site\/wp-content\/uploads\/2025\/05\/Turismo-de-Los-Cabos-Mesa_Easy-Resize.com_-750x1000.jpg 750w, https:\/\/www.travel3.com.br\/site\/wp-content\/uploads\/2025\/05\/Turismo-de-Los-Cabos-Mesa_Easy-Resize.com_.jpg 960w\" sizes=\"auto, (max-width: 768px) 100vw, 768px\" \/><figcaption class=\"wp-element-caption\">Foto: Caroline Tonaco\/Travel3<\/figcaption><\/figure><\/div>\n\n\n<p>A sele\u00e7\u00e3o dos convidados foi feita sob medida e contou com a presen\u00e7a das ag\u00eancias mais exclusivas de Belo Horizonte. Com esse time de presentes, al\u00e9m da apresenta\u00e7\u00e3o, o encontro foi marcado por networking e troca de experi\u00eancias.<\/p>\n\n\n\n<p><\/p>\n\n\n<div class=\"wp-block-image\">\n<figure class=\"aligncenter size-large is-resized\"><img loading=\"lazy\" decoding=\"async\" width=\"1024\" height=\"768\" src=\"https:\/\/www.travel3.com.br\/site\/wp-content\/uploads\/2025\/05\/Turismo-de-Los-Cabos-Evento-BH5_Easy-Resize.com_-1024x768.jpg\" alt=\"Turismo de Los Cabos - Evento BH\" class=\"wp-image-76446\" style=\"width:613px;height:auto\" srcset=\"https:\/\/www.travel3.com.br\/site\/wp-content\/uploads\/2025\/05\/Turismo-de-Los-Cabos-Evento-BH5_Easy-Resize.com_-1024x768.jpg 1024w, https:\/\/www.travel3.com.br\/site\/wp-content\/uploads\/2025\/05\/Turismo-de-Los-Cabos-Evento-BH5_Easy-Resize.com_-300x225.jpg 300w, https:\/\/www.travel3.com.br\/site\/wp-content\/uploads\/2025\/05\/Turismo-de-Los-Cabos-Evento-BH5_Easy-Resize.com_-768x576.jpg 768w, https:\/\/www.travel3.com.br\/site\/wp-content\/uploads\/2025\/05\/Turismo-de-Los-Cabos-Evento-BH5_Easy-Resize.com_-150x113.jpg 150w, https:\/\/www.travel3.com.br\/site\/wp-content\/uploads\/2025\/05\/Turismo-de-Los-Cabos-Evento-BH5_Easy-Resize.com_-750x563.jpg 750w, https:\/\/www.travel3.com.br\/site\/wp-content\/uploads\/2025\/05\/Turismo-de-Los-Cabos-Evento-BH5_Easy-Resize.com_-1140x855.jpg 1140w, https:\/\/www.travel3.com.br\/site\/wp-content\/uploads\/2025\/05\/Turismo-de-Los-Cabos-Evento-BH5_Easy-Resize.com_.jpg 1280w\" sizes=\"auto, (max-width: 1024px) 100vw, 1024px\" \/><figcaption class=\"wp-element-caption\">Diana Pomar durante sua apresenta\u00e7\u00e3o (Foto: Caroline Tonaco\/Travel3)<\/figcaption><\/figure><\/div>\n\n\n<h3 class=\"wp-block-heading\">Confira os destaques e quem esteve presente<\/h3>\n\n\n\n<p>Diana Pomar conduziu a apresenta\u00e7\u00e3o e compartilhou informa\u00e7\u00f5es preciosas sobre o destino localizado na Baja California Sur, a cerca de duas horas da Cidade do M\u00e9xico. Reconhecido como o principal destino de luxo do M\u00e9xico, <strong><a href=\"https:\/\/www.travel3.com.br\/comece-a-viajar\/entre-o-mar-e-o-deserto-viva-o-luxo-em-los-cabos\/\" target=\"_blank\" rel=\"noreferrer noopener\">Los Cabos<\/a><\/strong> concentra redes hoteleiras internacionais, hot\u00e9is boutique, centros de compras e uma estrutura voltada ao turismo de alto padr\u00e3o.<\/p>\n\n\n<div class=\"wp-block-image\">\n<figure class=\"aligncenter size-large is-resized\"><img loading=\"lazy\" decoding=\"async\" width=\"1024\" height=\"1024\" src=\"https:\/\/www.travel3.com.br\/site\/wp-content\/uploads\/2025\/05\/Gr-2-Los-Cabos-EventoBH_Easy-Resize.com_-1024x1024.jpg\" alt=\"Los Cabos EventoBH\" class=\"wp-image-76482\" style=\"width:718px;height:auto\" srcset=\"https:\/\/www.travel3.com.br\/site\/wp-content\/uploads\/2025\/05\/Gr-2-Los-Cabos-EventoBH_Easy-Resize.com_-1024x1024.jpg 1024w, https:\/\/www.travel3.com.br\/site\/wp-content\/uploads\/2025\/05\/Gr-2-Los-Cabos-EventoBH_Easy-Resize.com_-300x300.jpg 300w, https:\/\/www.travel3.com.br\/site\/wp-content\/uploads\/2025\/05\/Gr-2-Los-Cabos-EventoBH_Easy-Resize.com_-150x150.jpg 150w, https:\/\/www.travel3.com.br\/site\/wp-content\/uploads\/2025\/05\/Gr-2-Los-Cabos-EventoBH_Easy-Resize.com_-768x768.jpg 768w, https:\/\/www.travel3.com.br\/site\/wp-content\/uploads\/2025\/05\/Gr-2-Los-Cabos-EventoBH_Easy-Resize.com_-96x96.jpg 96w, https:\/\/www.travel3.com.br\/site\/wp-content\/uploads\/2025\/05\/Gr-2-Los-Cabos-EventoBH_Easy-Resize.com_-75x75.jpg 75w, https:\/\/www.travel3.com.br\/site\/wp-content\/uploads\/2025\/05\/Gr-2-Los-Cabos-EventoBH_Easy-Resize.com_-350x350.jpg 350w, https:\/\/www.travel3.com.br\/site\/wp-content\/uploads\/2025\/05\/Gr-2-Los-Cabos-EventoBH_Easy-Resize.com_-750x750.jpg 750w, https:\/\/www.travel3.com.br\/site\/wp-content\/uploads\/2025\/05\/Gr-2-Los-Cabos-EventoBH_Easy-Resize.com_-1140x1140.jpg 1140w, https:\/\/www.travel3.com.br\/site\/wp-content\/uploads\/2025\/05\/Gr-2-Los-Cabos-EventoBH_Easy-Resize.com_.jpg 1280w\" sizes=\"auto, (max-width: 1024px) 100vw, 1024px\" \/><\/figure><\/div>\n\n\n<p class=\"has-text-align-center has-small-font-size\">Carlota Soares, da BRT Operadora; Juliana Piancastelli, da Queensberry; Fabiana Castro, da Esta\u00e7\u00e3o de Turismo e Marcia Tonidandel, da BRT Operadora + Luisa Castro, da IViagens e Mariana Camargos, da Aurora Viagens + Diana Pomar e Jo\u00e3o Cruz, da Orinter (Fotos: Caroline Tonaco\/Travel3)<\/p>\n\n\n\n<p>Ela destacou a for\u00e7a da hotelaria local ao apresentar as marcas internacionais que operam em Los Cabos. Segundo Diana, o destino re\u00fane algumas das principais redes do mundo, como <strong>Four Seasons<\/strong>, <strong>One&amp;Only<\/strong>, <strong>Waldorf Astoria<\/strong> e <strong>Nobu<\/strong>, al\u00e9m de hot\u00e9is boutique voltados para experi\u00eancias exclusivas e integra\u00e7\u00e3o com a natureza.<\/p>\n\n\n<div class=\"wp-block-image\">\n<figure class=\"aligncenter size-large is-resized\"><img loading=\"lazy\" decoding=\"async\" width=\"1024\" height=\"1024\" src=\"https:\/\/www.travel3.com.br\/site\/wp-content\/uploads\/2025\/05\/Gr1-Los-Cabos-EventoBH_Easy-Resize.com_-1024x1024.jpg\" alt=\"Los Cabos EventoBH\" class=\"wp-image-76481\" style=\"width:726px;height:auto\" srcset=\"https:\/\/www.travel3.com.br\/site\/wp-content\/uploads\/2025\/05\/Gr1-Los-Cabos-EventoBH_Easy-Resize.com_-1024x1024.jpg 1024w, https:\/\/www.travel3.com.br\/site\/wp-content\/uploads\/2025\/05\/Gr1-Los-Cabos-EventoBH_Easy-Resize.com_-300x300.jpg 300w, https:\/\/www.travel3.com.br\/site\/wp-content\/uploads\/2025\/05\/Gr1-Los-Cabos-EventoBH_Easy-Resize.com_-150x150.jpg 150w, https:\/\/www.travel3.com.br\/site\/wp-content\/uploads\/2025\/05\/Gr1-Los-Cabos-EventoBH_Easy-Resize.com_-768x768.jpg 768w, https:\/\/www.travel3.com.br\/site\/wp-content\/uploads\/2025\/05\/Gr1-Los-Cabos-EventoBH_Easy-Resize.com_-96x96.jpg 96w, https:\/\/www.travel3.com.br\/site\/wp-content\/uploads\/2025\/05\/Gr1-Los-Cabos-EventoBH_Easy-Resize.com_-75x75.jpg 75w, https:\/\/www.travel3.com.br\/site\/wp-content\/uploads\/2025\/05\/Gr1-Los-Cabos-EventoBH_Easy-Resize.com_-350x350.jpg 350w, https:\/\/www.travel3.com.br\/site\/wp-content\/uploads\/2025\/05\/Gr1-Los-Cabos-EventoBH_Easy-Resize.com_-750x750.jpg 750w, https:\/\/www.travel3.com.br\/site\/wp-content\/uploads\/2025\/05\/Gr1-Los-Cabos-EventoBH_Easy-Resize.com_-1140x1140.jpg 1140w, https:\/\/www.travel3.com.br\/site\/wp-content\/uploads\/2025\/05\/Gr1-Los-Cabos-EventoBH_Easy-Resize.com_.jpg 1280w\" sizes=\"auto, (max-width: 1024px) 100vw, 1024px\" \/><\/figure><\/div>\n\n\n<p class=\"has-text-align-center has-small-font-size\">Renata Azevedo, da Speed System; Diana Pomar e Julia P\u00e9res, da Snow Operadora + Grazielle Tostes, da Interep e Juliana Gomes, da Maac Travel + Ana Luiza Lima, da Ana Luiza Lima Consultoria em Viagens; Mariana Camargos, da Aurora Viagens e Carolina Cordeiro, da Teresa Perez Group (Fotos: Caroline Tonaco\/Travel3)<\/p>\n\n\n\n<p>A diversidade de hospedagens oferecidas em Los Cabos atende diferentes perfis de viajantes, de casais a fam\u00edlias, com foco em bem-estar, gastronomia e lazer. E Diana ressaltou que o setor segue em expans\u00e3o, com novos empreendimentos previstos:<\/p>\n\n\n\n<blockquote class=\"wp-block-quote is-layout-flow wp-block-quote-is-layout-flow\">\n<p class=\"has-text-align-center\">&#8220;<em>A<\/em>s melhores marcas do mundo j\u00e1 est\u00e3o presentes em Los Cabos, e o destino continuar\u00e1 recebendo novos empreendimentos nos pr\u00f3ximos tr\u00eas anos&#8221;.<\/p>\n<\/blockquote>\n\n\n<div class=\"wp-block-image\">\n<figure class=\"aligncenter size-large is-resized\"><img loading=\"lazy\" decoding=\"async\" width=\"1024\" height=\"1024\" src=\"https:\/\/www.travel3.com.br\/site\/wp-content\/uploads\/2025\/05\/Gr-3-Los-Cabos-EventoBH_Easy-Resize.com_-1024x1024.jpg\" alt=\"Los Cabos EventoBH\" class=\"wp-image-76483\" style=\"width:724px;height:auto\" srcset=\"https:\/\/www.travel3.com.br\/site\/wp-content\/uploads\/2025\/05\/Gr-3-Los-Cabos-EventoBH_Easy-Resize.com_-1024x1024.jpg 1024w, https:\/\/www.travel3.com.br\/site\/wp-content\/uploads\/2025\/05\/Gr-3-Los-Cabos-EventoBH_Easy-Resize.com_-300x300.jpg 300w, https:\/\/www.travel3.com.br\/site\/wp-content\/uploads\/2025\/05\/Gr-3-Los-Cabos-EventoBH_Easy-Resize.com_-150x150.jpg 150w, https:\/\/www.travel3.com.br\/site\/wp-content\/uploads\/2025\/05\/Gr-3-Los-Cabos-EventoBH_Easy-Resize.com_-768x768.jpg 768w, https:\/\/www.travel3.com.br\/site\/wp-content\/uploads\/2025\/05\/Gr-3-Los-Cabos-EventoBH_Easy-Resize.com_-96x96.jpg 96w, https:\/\/www.travel3.com.br\/site\/wp-content\/uploads\/2025\/05\/Gr-3-Los-Cabos-EventoBH_Easy-Resize.com_-75x75.jpg 75w, https:\/\/www.travel3.com.br\/site\/wp-content\/uploads\/2025\/05\/Gr-3-Los-Cabos-EventoBH_Easy-Resize.com_-350x350.jpg 350w, https:\/\/www.travel3.com.br\/site\/wp-content\/uploads\/2025\/05\/Gr-3-Los-Cabos-EventoBH_Easy-Resize.com_-750x750.jpg 750w, https:\/\/www.travel3.com.br\/site\/wp-content\/uploads\/2025\/05\/Gr-3-Los-Cabos-EventoBH_Easy-Resize.com_-1140x1140.jpg 1140w, https:\/\/www.travel3.com.br\/site\/wp-content\/uploads\/2025\/05\/Gr-3-Los-Cabos-EventoBH_Easy-Resize.com_.jpg 1280w\" sizes=\"auto, (max-width: 1024px) 100vw, 1024px\" \/><\/figure><\/div>\n\n\n<p class=\"has-text-align-center has-small-font-size\">Felipe Dias, da Mice Travel; Bruno Baeta e Jaqueline Ledo, da Visual Turismo e Cecilia Oliveira, da Linovi Viagens + Diana Pomar e Silvia Lage, da Belvitur + Juliana Gomes, da Maac Travel; Diana Pomar e Marcella Gomes, da Fred Tour Viagens e Turismo (Fotos: Caroline Tonaco\/Travel3)<\/p>\n\n\n\n<p>Diana tamb\u00e9m destacou a recente inclus\u00e3o de Los Cabos no <strong><a href=\"https:\/\/www.travel3.com.br\/acontece-no-turismo\/guia-michelin-reconhece-a-excelencia-de-los-cabos\/\" target=\"_blank\" rel=\"noreferrer noopener\">Guia Michelin<\/a><\/strong>, fato que refor\u00e7a a relev\u00e2ncia do destino na cena gastron\u00f4mica internacional. Segundo ela, essa conquista comprova a diversidade e a qualidade da culin\u00e1ria local, e demonstra um diferencial importante para o viajante brasileiro, que cada vez mais valoriza experi\u00eancias aut\u00eanticas fora das acomoda\u00e7\u00f5es.<\/p>\n\n\n\n<blockquote class=\"wp-block-quote is-layout-flow wp-block-quote-is-layout-flow\">\n<p class=\"has-text-align-center\">&#8220;Hoje temos 14 restaurantes indicados, quatro deles dentro de hot\u00e9is e os demais fora. Isso \u00e9 importante porque o viajante brasileiro quer vivenciar a gastronomia local, explorar novidades fora do hotel, e Los Cabos oferece essa possibilidade&#8221;.<\/p>\n<\/blockquote>\n\n\n<div class=\"wp-block-image\">\n<figure class=\"aligncenter size-large is-resized\"><img loading=\"lazy\" decoding=\"async\" width=\"768\" height=\"1024\" src=\"https:\/\/www.travel3.com.br\/site\/wp-content\/uploads\/2025\/05\/DPCTJLMG-768x1024.jpeg\" alt=\"Los Cabos EventoBH\" class=\"wp-image-76485\" style=\"width:454px;height:auto\" srcset=\"https:\/\/www.travel3.com.br\/site\/wp-content\/uploads\/2025\/05\/DPCTJLMG-768x1024.jpeg 768w, https:\/\/www.travel3.com.br\/site\/wp-content\/uploads\/2025\/05\/DPCTJLMG-225x300.jpeg 225w, https:\/\/www.travel3.com.br\/site\/wp-content\/uploads\/2025\/05\/DPCTJLMG-640x853.jpeg 640w, https:\/\/www.travel3.com.br\/site\/wp-content\/uploads\/2025\/05\/DPCTJLMG-150x200.jpeg 150w, https:\/\/www.travel3.com.br\/site\/wp-content\/uploads\/2025\/05\/DPCTJLMG-750x1000.jpeg 750w, https:\/\/www.travel3.com.br\/site\/wp-content\/uploads\/2025\/05\/DPCTJLMG.jpeg 960w\" sizes=\"auto, (max-width: 768px) 100vw, 768px\" \/><figcaption class=\"wp-element-caption\">Marcella Gomes, Da Fred Tour; Jaqueline Ledo, da Visual Turismo, Diana Pomar e Caroline Tonaco, da Travel3 (Foto: Divulga\u00e7\u00e3o)<\/figcaption><\/figure><\/div>\n\n\n<p>Al\u00e9m da infraestrutura, Diana abordou os diferenciais naturais da regi\u00e3o, que combina mar, deserto e montanhas, re\u00fane uma rica vida marinha, proporciona avistamento de baleias, experi\u00eancias de ecoturismo, campos de golfe, passeios variados e uma vida noturna ativa.<\/p>\n\n\n\n<p>V\u00eddeos e imagens exibidos ao longo da apresenta\u00e7\u00e3o ilustraram as experi\u00eancias dispon\u00edveis no destino e chamaram a aten\u00e7\u00e3o e encantaram os participantes. Ap\u00f3s a apresenta\u00e7\u00e3o, os convidados participaram de um animado almo\u00e7o ao ar livre, no terra\u00e7o, sob as copas das \u00e1rvores do espa\u00e7o.<\/p>\n\n\n<div class=\"wp-block-image\">\n<figure class=\"aligncenter size-large is-resized\"><img loading=\"lazy\" decoding=\"async\" width=\"1024\" height=\"688\" src=\"https:\/\/www.travel3.com.br\/site\/wp-content\/uploads\/2025\/05\/Turismo-de-Los-Cabos-Evento-BH-fim_Easy-Resize.com_-1024x688.jpg\" alt=\"Turismo de Los Cabos - Evento BH\" class=\"wp-image-76467\" style=\"width:796px;height:auto\" srcset=\"https:\/\/www.travel3.com.br\/site\/wp-content\/uploads\/2025\/05\/Turismo-de-Los-Cabos-Evento-BH-fim_Easy-Resize.com_-1024x688.jpg 1024w, https:\/\/www.travel3.com.br\/site\/wp-content\/uploads\/2025\/05\/Turismo-de-Los-Cabos-Evento-BH-fim_Easy-Resize.com_-300x202.jpg 300w, https:\/\/www.travel3.com.br\/site\/wp-content\/uploads\/2025\/05\/Turismo-de-Los-Cabos-Evento-BH-fim_Easy-Resize.com_-768x516.jpg 768w, https:\/\/www.travel3.com.br\/site\/wp-content\/uploads\/2025\/05\/Turismo-de-Los-Cabos-Evento-BH-fim_Easy-Resize.com_-150x101.jpg 150w, https:\/\/www.travel3.com.br\/site\/wp-content\/uploads\/2025\/05\/Turismo-de-Los-Cabos-Evento-BH-fim_Easy-Resize.com_-750x504.jpg 750w, https:\/\/www.travel3.com.br\/site\/wp-content\/uploads\/2025\/05\/Turismo-de-Los-Cabos-Evento-BH-fim_Easy-Resize.com_-1140x766.jpg 1140w, https:\/\/www.travel3.com.br\/site\/wp-content\/uploads\/2025\/05\/Turismo-de-Los-Cabos-Evento-BH-fim_Easy-Resize.com_.jpg 1280w\" sizes=\"auto, (max-width: 1024px) 100vw, 1024px\" \/><figcaption class=\"wp-element-caption\">Foto: Caroline Tonaco\/Travel3<\/figcaption><\/figure><\/div>\n\n\n<p>A iniciativa contou com a colabora\u00e7\u00e3o da <strong><a href=\"https:\/\/www.instagram.com\/fredtour\/\" target=\"_blank\" rel=\"noreferrer noopener\">Fred Tour Viagens e Turismo <\/a><\/strong>e com o apoio da <strong>Travel3<\/strong>, e refor\u00e7ou a estrat\u00e9gia do Turismo de Los Cabos de estreitar la\u00e7os com o mercado brasileiro, com foco em regi\u00f5es de forte potencial emissivo, como Minas Gerais. <\/p>\n\n\n\n<p>A aproxima\u00e7\u00e3o com agentes locais e a apresenta\u00e7\u00e3o das novidades do destino integram as a\u00e7\u00f5es para ampliar a presen\u00e7a de Los Cabos nas prateleiras das principais ag\u00eancias do pa\u00eds.<\/p>\n","protected":false},"excerpt":{"rendered":"<p>Diana Pomar apresenta destino mexicano a ag\u00eancias selecionadas da capital mineira<\/p>\n","protected":false},"author":14,"featured_media":76443,"comment_status":"open","ping_status":"open","sticky":false,"template":"","format":"standard","meta":{"footnotes":""},"categories":[969,5],"tags":[4902,4987,2157,1338,1379,5835,187,6598],"class_list":["post-76439","post","type-post","status-publish","format-standard","has-post-thumbnail","hentry","category-acontece-no-turismo","category-eventos-e-feiras","tag-caroline-tonaco","tag-dgx-travel","tag-diana-pomar","tag-fredtour","tag-los-cabos","tag-los-cabos-tourism","tag-travel3","tag-turismo-de-los-cabos"],"yoast_head":"<!-- This site is optimized with the Yoast SEO plugin v26.2 - https:\/\/yoast.com\/wordpress\/plugins\/seo\/ -->\n<title>Turismo de Los Cabos promove evento em Belo Horizonte - Travel3<\/title>\n<meta name=\"description\" content=\"Turismo de Los Cabos promove evento em Belo Horizonte e apresenta atrativos do destino mexicano a ag\u00eancias de viagens selecionadas\" \/>\n<meta name=\"robots\" content=\"index, follow, max-snippet:-1, max-image-preview:large, max-video-preview:-1\" \/>\n<link rel=\"canonical\" href=\"https:\/\/www.travel3.com.br\/site\/acontece-no-turismo\/turismo-de-los-cabos-promove-evento-em-belo-horizonte\/\" \/>\n<meta property=\"og:locale\" content=\"pt_BR\" \/>\n<meta property=\"og:type\" content=\"article\" \/>\n<meta property=\"og:title\" content=\"Turismo de Los Cabos promove evento em Belo Horizonte - Travel3\" \/>\n<meta property=\"og:description\" content=\"Turismo de Los Cabos promove evento em Belo Horizonte e apresenta atrativos do destino mexicano a ag\u00eancias de viagens selecionadas\" \/>\n<meta property=\"og:url\" content=\"https:\/\/www.travel3.com.br\/site\/acontece-no-turismo\/turismo-de-los-cabos-promove-evento-em-belo-horizonte\/\" \/>\n<meta property=\"og:site_name\" content=\"Travel3\" \/>\n<meta property=\"article:publisher\" content=\"https:\/\/www.facebook.com\/travel3media\/\" \/>\n<meta property=\"article:published_time\" content=\"2025-05-15T11:01:25+00:00\" \/>\n<meta property=\"article:modified_time\" content=\"2025-05-15T11:51:18+00:00\" \/>\n<meta property=\"og:image\" content=\"https:\/\/www.travel3.com.br\/site\/wp-content\/uploads\/2025\/05\/LC-Capa_Easy-Resize.com_-e1747259497890.jpg\" \/>\n\t<meta property=\"og:image:width\" content=\"1280\" \/>\n\t<meta property=\"og:image:height\" content=\"730\" \/>\n\t<meta property=\"og:image:type\" content=\"image\/jpeg\" \/>\n<meta name=\"author\" content=\"Caroline Tonaco\" \/>\n<meta name=\"twitter:card\" content=\"summary_large_image\" \/>\n<meta name=\"twitter:label1\" content=\"Escrito por\" \/>\n\t<meta name=\"twitter:data1\" content=\"Caroline Tonaco\" \/>\n\t<meta name=\"twitter:label2\" content=\"Est. tempo de leitura\" \/>\n\t<meta name=\"twitter:data2\" content=\"6 minutos\" \/>\n<script type=\"application\/ld+json\" class=\"yoast-schema-graph\">{\"@context\":\"https:\/\/schema.org\",\"@graph\":[{\"@type\":\"Article\",\"@id\":\"https:\/\/www.travel3.com.br\/site\/acontece-no-turismo\/turismo-de-los-cabos-promove-evento-em-belo-horizonte\/#article\",\"isPartOf\":{\"@id\":\"https:\/\/www.travel3.com.br\/site\/acontece-no-turismo\/turismo-de-los-cabos-promove-evento-em-belo-horizonte\/\"},\"author\":{\"name\":\"Caroline Tonaco\",\"@id\":\"https:\/\/www.travel3.com.br\/site\/#\/schema\/person\/d837eaf73c4e8896e932e0acede946c0\"},\"headline\":\"Turismo de Los Cabos promove evento em Belo Horizonte\",\"datePublished\":\"2025-05-15T11:01:25+00:00\",\"dateModified\":\"2025-05-15T11:51:18+00:00\",\"mainEntityOfPage\":{\"@id\":\"https:\/\/www.travel3.com.br\/site\/acontece-no-turismo\/turismo-de-los-cabos-promove-evento-em-belo-horizonte\/\"},\"wordCount\":837,\"commentCount\":0,\"publisher\":{\"@id\":\"https:\/\/www.travel3.com.br\/site\/#organization\"},\"image\":{\"@id\":\"https:\/\/www.travel3.com.br\/site\/acontece-no-turismo\/turismo-de-los-cabos-promove-evento-em-belo-horizonte\/#primaryimage\"},\"thumbnailUrl\":\"https:\/\/www.travel3.com.br\/site\/wp-content\/uploads\/2025\/05\/LC-Capa_Easy-Resize.com_-e1747259497890.jpg\",\"keywords\":[\"Caroline Tonaco\",\"DGX Travel\",\"Diana Pomar\",\"Fredtour\",\"Los Cabos\",\"Los Cabos Tourism\",\"Travel3\",\"turismo de los cabos\"],\"articleSection\":[\"Acontece no Turismo\",\"Eventos e Feiras\"],\"inLanguage\":\"pt-BR\",\"potentialAction\":[{\"@type\":\"CommentAction\",\"name\":\"Comment\",\"target\":[\"https:\/\/www.travel3.com.br\/site\/acontece-no-turismo\/turismo-de-los-cabos-promove-evento-em-belo-horizonte\/#respond\"]}]},{\"@type\":\"WebPage\",\"@id\":\"https:\/\/www.travel3.com.br\/site\/acontece-no-turismo\/turismo-de-los-cabos-promove-evento-em-belo-horizonte\/\",\"url\":\"https:\/\/www.travel3.com.br\/site\/acontece-no-turismo\/turismo-de-los-cabos-promove-evento-em-belo-horizonte\/\",\"name\":\"Turismo de Los Cabos promove evento em Belo Horizonte - Travel3\",\"isPartOf\":{\"@id\":\"https:\/\/www.travel3.com.br\/site\/#website\"},\"primaryImageOfPage\":{\"@id\":\"https:\/\/www.travel3.com.br\/site\/acontece-no-turismo\/turismo-de-los-cabos-promove-evento-em-belo-horizonte\/#primaryimage\"},\"image\":{\"@id\":\"https:\/\/www.travel3.com.br\/site\/acontece-no-turismo\/turismo-de-los-cabos-promove-evento-em-belo-horizonte\/#primaryimage\"},\"thumbnailUrl\":\"https:\/\/www.travel3.com.br\/site\/wp-content\/uploads\/2025\/05\/LC-Capa_Easy-Resize.com_-e1747259497890.jpg\",\"datePublished\":\"2025-05-15T11:01:25+00:00\",\"dateModified\":\"2025-05-15T11:51:18+00:00\",\"description\":\"Turismo de Los Cabos promove evento em Belo Horizonte e apresenta atrativos do destino mexicano a ag\u00eancias de viagens selecionadas\",\"breadcrumb\":{\"@id\":\"https:\/\/www.travel3.com.br\/site\/acontece-no-turismo\/turismo-de-los-cabos-promove-evento-em-belo-horizonte\/#breadcrumb\"},\"inLanguage\":\"pt-BR\",\"potentialAction\":[{\"@type\":\"ReadAction\",\"target\":[\"https:\/\/www.travel3.com.br\/site\/acontece-no-turismo\/turismo-de-los-cabos-promove-evento-em-belo-horizonte\/\"]}]},{\"@type\":\"ImageObject\",\"inLanguage\":\"pt-BR\",\"@id\":\"https:\/\/www.travel3.com.br\/site\/acontece-no-turismo\/turismo-de-los-cabos-promove-evento-em-belo-horizonte\/#primaryimage\",\"url\":\"https:\/\/www.travel3.com.br\/site\/wp-content\/uploads\/2025\/05\/LC-Capa_Easy-Resize.com_-e1747259497890.jpg\",\"contentUrl\":\"https:\/\/www.travel3.com.br\/site\/wp-content\/uploads\/2025\/05\/LC-Capa_Easy-Resize.com_-e1747259497890.jpg\",\"width\":1280,\"height\":730,\"caption\":\"Diana Pomar, representante de Los Cabos no Brasil, ao lado dos convidados durante o encontro com agentes de viagens de Belo Horizonte (Foto: Caroline Tonaco\/Travel3)\"},{\"@type\":\"BreadcrumbList\",\"@id\":\"https:\/\/www.travel3.com.br\/site\/acontece-no-turismo\/turismo-de-los-cabos-promove-evento-em-belo-horizonte\/#breadcrumb\",\"itemListElement\":[{\"@type\":\"ListItem\",\"position\":1,\"name\":\"In\u00edcio\",\"item\":\"https:\/\/www.travel3.com.br\/site\/\"},{\"@type\":\"ListItem\",\"position\":2,\"name\":\"Turismo de Los Cabos promove evento em Belo Horizonte\"}]},{\"@type\":\"WebSite\",\"@id\":\"https:\/\/www.travel3.com.br\/site\/#website\",\"url\":\"https:\/\/www.travel3.com.br\/site\/\",\"name\":\"Travel3\",\"description\":\"Lazer + Neg&oacute;cios + Aventura\",\"publisher\":{\"@id\":\"https:\/\/www.travel3.com.br\/site\/#organization\"},\"potentialAction\":[{\"@type\":\"SearchAction\",\"target\":{\"@type\":\"EntryPoint\",\"urlTemplate\":\"https:\/\/www.travel3.com.br\/site\/?s={search_term_string}\"},\"query-input\":{\"@type\":\"PropertyValueSpecification\",\"valueRequired\":true,\"valueName\":\"search_term_string\"}}],\"inLanguage\":\"pt-BR\"},{\"@type\":\"Organization\",\"@id\":\"https:\/\/www.travel3.com.br\/site\/#organization\",\"name\":\"Travel3\",\"url\":\"https:\/\/www.travel3.com.br\/site\/\",\"logo\":{\"@type\":\"ImageObject\",\"inLanguage\":\"pt-BR\",\"@id\":\"https:\/\/www.travel3.com.br\/site\/#\/schema\/logo\/image\/\",\"url\":\"https:\/\/www.travel3.com.br\/site\/wp-content\/uploads\/2020\/01\/logo-travel3-2020.png\",\"contentUrl\":\"https:\/\/www.travel3.com.br\/site\/wp-content\/uploads\/2020\/01\/logo-travel3-2020.png\",\"width\":232,\"height\":79,\"caption\":\"Travel3\"},\"image\":{\"@id\":\"https:\/\/www.travel3.com.br\/site\/#\/schema\/logo\/image\/\"},\"sameAs\":[\"https:\/\/www.facebook.com\/travel3media\/\",\"https:\/\/www.instagram.com\/revistatravel3\/\",\"https:\/\/www.youtube.com\/channel\/UCno7J4paGBR3VbZQzvoJ9Eg\"]},{\"@type\":\"Person\",\"@id\":\"https:\/\/www.travel3.com.br\/site\/#\/schema\/person\/d837eaf73c4e8896e932e0acede946c0\",\"name\":\"Caroline Tonaco\",\"image\":{\"@type\":\"ImageObject\",\"inLanguage\":\"pt-BR\",\"@id\":\"https:\/\/www.travel3.com.br\/site\/#\/schema\/person\/image\/\",\"url\":\"https:\/\/www.travel3.com.br\/site\/wp-content\/uploads\/2019\/09\/caroline-150x150.jpeg\",\"contentUrl\":\"https:\/\/www.travel3.com.br\/site\/wp-content\/uploads\/2019\/09\/caroline-150x150.jpeg\",\"caption\":\"Caroline Tonaco\"},\"sameAs\":[\"https:\/\/www.travel3.com.br\/\",\"https:\/\/www.instagram.com\/carolinetonaco\/\"],\"url\":\"https:\/\/www.travel3.com.br\/site\/author\/caroline\/\"}]}<\/script>\n<!-- \/ Yoast SEO plugin. -->","yoast_head_json":{"title":"Turismo de Los Cabos promove evento em Belo Horizonte - Travel3","description":"Turismo de Los Cabos promove evento em Belo Horizonte e apresenta atrativos do destino mexicano a ag\u00eancias de viagens selecionadas","robots":{"index":"index","follow":"follow","max-snippet":"max-snippet:-1","max-image-preview":"max-image-preview:large","max-video-preview":"max-video-preview:-1"},"canonical":"https:\/\/www.travel3.com.br\/site\/acontece-no-turismo\/turismo-de-los-cabos-promove-evento-em-belo-horizonte\/","og_locale":"pt_BR","og_type":"article","og_title":"Turismo de Los Cabos promove evento em Belo Horizonte - Travel3","og_description":"Turismo de Los Cabos promove evento em Belo Horizonte e apresenta atrativos do destino mexicano a ag\u00eancias de viagens selecionadas","og_url":"https:\/\/www.travel3.com.br\/site\/acontece-no-turismo\/turismo-de-los-cabos-promove-evento-em-belo-horizonte\/","og_site_name":"Travel3","article_publisher":"https:\/\/www.facebook.com\/travel3media\/","article_published_time":"2025-05-15T11:01:25+00:00","article_modified_time":"2025-05-15T11:51:18+00:00","og_image":[{"width":1280,"height":730,"url":"https:\/\/www.travel3.com.br\/site\/wp-content\/uploads\/2025\/05\/LC-Capa_Easy-Resize.com_-e1747259497890.jpg","type":"image\/jpeg"}],"author":"Caroline Tonaco","twitter_card":"summary_large_image","twitter_misc":{"Escrito por":"Caroline Tonaco","Est. tempo de leitura":"6 minutos"},"schema":{"@context":"https:\/\/schema.org","@graph":[{"@type":"Article","@id":"https:\/\/www.travel3.com.br\/site\/acontece-no-turismo\/turismo-de-los-cabos-promove-evento-em-belo-horizonte\/#article","isPartOf":{"@id":"https:\/\/www.travel3.com.br\/site\/acontece-no-turismo\/turismo-de-los-cabos-promove-evento-em-belo-horizonte\/"},"author":{"name":"Caroline Tonaco","@id":"https:\/\/www.travel3.com.br\/site\/#\/schema\/person\/d837eaf73c4e8896e932e0acede946c0"},"headline":"Turismo de Los Cabos promove evento em Belo Horizonte","datePublished":"2025-05-15T11:01:25+00:00","dateModified":"2025-05-15T11:51:18+00:00","mainEntityOfPage":{"@id":"https:\/\/www.travel3.com.br\/site\/acontece-no-turismo\/turismo-de-los-cabos-promove-evento-em-belo-horizonte\/"},"wordCount":837,"commentCount":0,"publisher":{"@id":"https:\/\/www.travel3.com.br\/site\/#organization"},"image":{"@id":"https:\/\/www.travel3.com.br\/site\/acontece-no-turismo\/turismo-de-los-cabos-promove-evento-em-belo-horizonte\/#primaryimage"},"thumbnailUrl":"https:\/\/www.travel3.com.br\/site\/wp-content\/uploads\/2025\/05\/LC-Capa_Easy-Resize.com_-e1747259497890.jpg","keywords":["Caroline Tonaco","DGX Travel","Diana Pomar","Fredtour","Los Cabos","Los Cabos Tourism","Travel3","turismo de los cabos"],"articleSection":["Acontece no Turismo","Eventos e Feiras"],"inLanguage":"pt-BR","potentialAction":[{"@type":"CommentAction","name":"Comment","target":["https:\/\/www.travel3.com.br\/site\/acontece-no-turismo\/turismo-de-los-cabos-promove-evento-em-belo-horizonte\/#respond"]}]},{"@type":"WebPage","@id":"https:\/\/www.travel3.com.br\/site\/acontece-no-turismo\/turismo-de-los-cabos-promove-evento-em-belo-horizonte\/","url":"https:\/\/www.travel3.com.br\/site\/acontece-no-turismo\/turismo-de-los-cabos-promove-evento-em-belo-horizonte\/","name":"Turismo de Los Cabos promove evento em Belo Horizonte - Travel3","isPartOf":{"@id":"https:\/\/www.travel3.com.br\/site\/#website"},"primaryImageOfPage":{"@id":"https:\/\/www.travel3.com.br\/site\/acontece-no-turismo\/turismo-de-los-cabos-promove-evento-em-belo-horizonte\/#primaryimage"},"image":{"@id":"https:\/\/www.travel3.com.br\/site\/acontece-no-turismo\/turismo-de-los-cabos-promove-evento-em-belo-horizonte\/#primaryimage"},"thumbnailUrl":"https:\/\/www.travel3.com.br\/site\/wp-content\/uploads\/2025\/05\/LC-Capa_Easy-Resize.com_-e1747259497890.jpg","datePublished":"2025-05-15T11:01:25+00:00","dateModified":"2025-05-15T11:51:18+00:00","description":"Turismo de Los Cabos promove evento em Belo Horizonte e apresenta atrativos do destino mexicano a ag\u00eancias de viagens selecionadas","breadcrumb":{"@id":"https:\/\/www.travel3.com.br\/site\/acontece-no-turismo\/turismo-de-los-cabos-promove-evento-em-belo-horizonte\/#breadcrumb"},"inLanguage":"pt-BR","potentialAction":[{"@type":"ReadAction","target":["https:\/\/www.travel3.com.br\/site\/acontece-no-turismo\/turismo-de-los-cabos-promove-evento-em-belo-horizonte\/"]}]},{"@type":"ImageObject","inLanguage":"pt-BR","@id":"https:\/\/www.travel3.com.br\/site\/acontece-no-turismo\/turismo-de-los-cabos-promove-evento-em-belo-horizonte\/#primaryimage","url":"https:\/\/www.travel3.com.br\/site\/wp-content\/uploads\/2025\/05\/LC-Capa_Easy-Resize.com_-e1747259497890.jpg","contentUrl":"https:\/\/www.travel3.com.br\/site\/wp-content\/uploads\/2025\/05\/LC-Capa_Easy-Resize.com_-e1747259497890.jpg","width":1280,"height":730,"caption":"Diana Pomar, representante de Los Cabos no Brasil, ao lado dos convidados durante o encontro com agentes de viagens de Belo Horizonte (Foto: Caroline Tonaco\/Travel3)"},{"@type":"BreadcrumbList","@id":"https:\/\/www.travel3.com.br\/site\/acontece-no-turismo\/turismo-de-los-cabos-promove-evento-em-belo-horizonte\/#breadcrumb","itemListElement":[{"@type":"ListItem","position":1,"name":"In\u00edcio","item":"https:\/\/www.travel3.com.br\/site\/"},{"@type":"ListItem","position":2,"name":"Turismo de Los Cabos promove evento em Belo Horizonte"}]},{"@type":"WebSite","@id":"https:\/\/www.travel3.com.br\/site\/#website","url":"https:\/\/www.travel3.com.br\/site\/","name":"Travel3","description":"Lazer + Neg&oacute;cios + Aventura","publisher":{"@id":"https:\/\/www.travel3.com.br\/site\/#organization"},"potentialAction":[{"@type":"SearchAction","target":{"@type":"EntryPoint","urlTemplate":"https:\/\/www.travel3.com.br\/site\/?s={search_term_string}"},"query-input":{"@type":"PropertyValueSpecification","valueRequired":true,"valueName":"search_term_string"}}],"inLanguage":"pt-BR"},{"@type":"Organization","@id":"https:\/\/www.travel3.com.br\/site\/#organization","name":"Travel3","url":"https:\/\/www.travel3.com.br\/site\/","logo":{"@type":"ImageObject","inLanguage":"pt-BR","@id":"https:\/\/www.travel3.com.br\/site\/#\/schema\/logo\/image\/","url":"https:\/\/www.travel3.com.br\/site\/wp-content\/uploads\/2020\/01\/logo-travel3-2020.png","contentUrl":"https:\/\/www.travel3.com.br\/site\/wp-content\/uploads\/2020\/01\/logo-travel3-2020.png","width":232,"height":79,"caption":"Travel3"},"image":{"@id":"https:\/\/www.travel3.com.br\/site\/#\/schema\/logo\/image\/"},"sameAs":["https:\/\/www.facebook.com\/travel3media\/","https:\/\/www.instagram.com\/revistatravel3\/","https:\/\/www.youtube.com\/channel\/UCno7J4paGBR3VbZQzvoJ9Eg"]},{"@type":"Person","@id":"https:\/\/www.travel3.com.br\/site\/#\/schema\/person\/d837eaf73c4e8896e932e0acede946c0","name":"Caroline Tonaco","image":{"@type":"ImageObject","inLanguage":"pt-BR","@id":"https:\/\/www.travel3.com.br\/site\/#\/schema\/person\/image\/","url":"https:\/\/www.travel3.com.br\/site\/wp-content\/uploads\/2019\/09\/caroline-150x150.jpeg","contentUrl":"https:\/\/www.travel3.com.br\/site\/wp-content\/uploads\/2019\/09\/caroline-150x150.jpeg","caption":"Caroline Tonaco"},"sameAs":["https:\/\/www.travel3.com.br\/","https:\/\/www.instagram.com\/carolinetonaco\/"],"url":"https:\/\/www.travel3.com.br\/site\/author\/caroline\/"}]}},"_links":{"self":[{"href":"https:\/\/www.travel3.com.br\/site\/wp-json\/wp\/v2\/posts\/76439","targetHints":{"allow":["GET"]}}],"collection":[{"href":"https:\/\/www.travel3.com.br\/site\/wp-json\/wp\/v2\/posts"}],"about":[{"href":"https:\/\/www.travel3.com.br\/site\/wp-json\/wp\/v2\/types\/post"}],"author":[{"embeddable":true,"href":"https:\/\/www.travel3.com.br\/site\/wp-json\/wp\/v2\/users\/14"}],"replies":[{"embeddable":true,"href":"https:\/\/www.travel3.com.br\/site\/wp-json\/wp\/v2\/comments?post=76439"}],"version-history":[{"count":55,"href":"https:\/\/www.travel3.com.br\/site\/wp-json\/wp\/v2\/posts\/76439\/revisions"}],"predecessor-version":[{"id":76513,"href":"https:\/\/www.travel3.com.br\/site\/wp-json\/wp\/v2\/posts\/76439\/revisions\/76513"}],"wp:featuredmedia":[{"embeddable":true,"href":"https:\/\/www.travel3.com.br\/site\/wp-json\/wp\/v2\/media\/76443"}],"wp:attachment":[{"href":"https:\/\/www.travel3.com.br\/site\/wp-json\/wp\/v2\/media?parent=76439"}],"wp:term":[{"taxonomy":"category","embeddable":true,"href":"https:\/\/www.travel3.com.br\/site\/wp-json\/wp\/v2\/categories?post=76439"},{"taxonomy":"post_tag","embeddable":true,"href":"https:\/\/www.travel3.com.br\/site\/wp-json\/wp\/v2\/tags?post=76439"}],"curies":[{"name":"wp","href":"https:\/\/api.w.org\/{rel}","templated":true}]}}