{"id":75940,"date":"2025-04-17T18:13:24","date_gmt":"2025-04-17T21:13:24","guid":{"rendered":"https:\/\/www.travel3.com.br\/?p=75940"},"modified":"2025-04-17T18:29:27","modified_gmt":"2025-04-17T21:29:27","slug":"los-cabos-jantar-wtm-latin-america","status":"publish","type":"post","link":"https:\/\/www.travel3.com.br\/site\/acontece-no-turismo\/los-cabos-jantar-wtm-latin-america\/","title":{"rendered":"Los Cabos re\u00fane parceiros estrat\u00e9gicos em jantar durante a WTM"},"content":{"rendered":"\n<h2 class=\"wp-block-heading\">Destino mexicano promove experi\u00eancia gastron\u00f4mica para executivos de operadoras e a\u00e9reas<\/h2>\n\n\n\n<p>Diana Pomar, representante de Los Cabos no Brasil, foi a anfitri\u00e3 de um jantar exclusivo promovido pelo Escrit\u00f3rio de Turismo do destino mexicano no \u00faltimo dia 15, durante a <strong><a href=\"https:\/\/www.travel3.com.br\/acontece-no-turismo\/wtm-latin-america-2025-cresce\/\" target=\"_blank\" rel=\"noreferrer noopener\">WTM Latin America<\/a><\/strong>. O evento aconteceu no restaurante Kazuo, em S\u00e3o Paulo, e reuniu executivos de operadoras e companhias a\u00e9reas com atua\u00e7\u00e3o estrat\u00e9gica no turismo brasileiro.<\/p>\n\n\n<div class=\"wp-block-image\">\n<figure class=\"aligncenter size-large is-resized\"><img loading=\"lazy\" decoding=\"async\" width=\"972\" height=\"1024\" src=\"https:\/\/www.travel3.com.br\/site\/wp-content\/uploads\/2025\/04\/Los-cabos-jantar-wtm-972x1024.jpg\" alt=\"Los cabos jantar wtm\" class=\"wp-image-75945\" style=\"width:459px;height:auto\" srcset=\"https:\/\/www.travel3.com.br\/site\/wp-content\/uploads\/2025\/04\/Los-cabos-jantar-wtm-972x1024.jpg 972w, https:\/\/www.travel3.com.br\/site\/wp-content\/uploads\/2025\/04\/Los-cabos-jantar-wtm-285x300.jpg 285w, https:\/\/www.travel3.com.br\/site\/wp-content\/uploads\/2025\/04\/Los-cabos-jantar-wtm-768x809.jpg 768w, https:\/\/www.travel3.com.br\/site\/wp-content\/uploads\/2025\/04\/Los-cabos-jantar-wtm-150x158.jpg 150w, https:\/\/www.travel3.com.br\/site\/wp-content\/uploads\/2025\/04\/Los-cabos-jantar-wtm-750x790.jpg 750w, https:\/\/www.travel3.com.br\/site\/wp-content\/uploads\/2025\/04\/Los-cabos-jantar-wtm-1140x1201.jpg 1140w, https:\/\/www.travel3.com.br\/site\/wp-content\/uploads\/2025\/04\/Los-cabos-jantar-wtm.jpg 1215w\" sizes=\"auto, (max-width: 972px) 100vw, 972px\" \/><figcaption class=\"wp-element-caption\">Diana Pomar (Foto: CarolineTonaco\/Travel3)<\/figcaption><\/figure><\/div>\n\n\n<p>O restaurante, comandado pelo chef Kazuo Harada e detentor de uma estrela Michelin, recebeu os convidados com um menu em 10 tempos. A sequ\u00eancia celebrou uma viagem pela \u00c1sia, com pratos que variaram entre entradas frias e pratos quentes, refletindo a proposta de alta gastronomia que tamb\u00e9m caracteriza Los Cabos, <strong><a href=\"https:\/\/www.travel3.com.br\/acontece-no-turismo\/guia-michelin-reconhece-a-excelencia-de-los-cabos\/\" target=\"_blank\" rel=\"noreferrer noopener\">destino com 14 restaurantes<\/a><\/strong> reconhecidos pelo mesmo guia.<\/p>\n\n\n<div class=\"wp-block-image\">\n<figure class=\"aligncenter size-large is-resized\"><img loading=\"lazy\" decoding=\"async\" width=\"1024\" height=\"1024\" src=\"https:\/\/www.travel3.com.br\/site\/wp-content\/uploads\/2025\/04\/Jantar-los-cabos-kazuo_Easy-Resize.com_-1024x1024.jpg\" alt=\"Los Cabos - Kazuo\" class=\"wp-image-75947\" style=\"width:437px;height:auto\" srcset=\"https:\/\/www.travel3.com.br\/site\/wp-content\/uploads\/2025\/04\/Jantar-los-cabos-kazuo_Easy-Resize.com_-1024x1024.jpg 1024w, https:\/\/www.travel3.com.br\/site\/wp-content\/uploads\/2025\/04\/Jantar-los-cabos-kazuo_Easy-Resize.com_-300x300.jpg 300w, https:\/\/www.travel3.com.br\/site\/wp-content\/uploads\/2025\/04\/Jantar-los-cabos-kazuo_Easy-Resize.com_-150x150.jpg 150w, https:\/\/www.travel3.com.br\/site\/wp-content\/uploads\/2025\/04\/Jantar-los-cabos-kazuo_Easy-Resize.com_-768x768.jpg 768w, https:\/\/www.travel3.com.br\/site\/wp-content\/uploads\/2025\/04\/Jantar-los-cabos-kazuo_Easy-Resize.com_-96x96.jpg 96w, https:\/\/www.travel3.com.br\/site\/wp-content\/uploads\/2025\/04\/Jantar-los-cabos-kazuo_Easy-Resize.com_-75x75.jpg 75w, https:\/\/www.travel3.com.br\/site\/wp-content\/uploads\/2025\/04\/Jantar-los-cabos-kazuo_Easy-Resize.com_-350x350.jpg 350w, https:\/\/www.travel3.com.br\/site\/wp-content\/uploads\/2025\/04\/Jantar-los-cabos-kazuo_Easy-Resize.com_-750x750.jpg 750w, https:\/\/www.travel3.com.br\/site\/wp-content\/uploads\/2025\/04\/Jantar-los-cabos-kazuo_Easy-Resize.com_-1140x1140.jpg 1140w, https:\/\/www.travel3.com.br\/site\/wp-content\/uploads\/2025\/04\/Jantar-los-cabos-kazuo_Easy-Resize.com_.jpg 1280w\" sizes=\"auto, (max-width: 1024px) 100vw, 1024px\" \/><figcaption class=\"wp-element-caption\">Alguns dos pratos do menu em 10 tempos assinado pelo chef Kazuo Harada, servido durante o jantar promovido por Los Cabos (Fotos: Caroline Tonaco\/Travel3)<\/figcaption><\/figure><\/div>\n\n\n<p>Estiveram no jantar Bruna Freitas e Cesar Turlao (Aerom\u00e9xico), Daniela Panzoldo (Teresa Perez), Marta Shinosaki e Leila Minatogawa (Grupo TGK), Alicia Arabori (Kangaroo Tours), Umberto Nocelli e Vitor Santos (Orinter Tour &amp; Travel), Fernando Ram\u00edrez (New Age Operadora), Fernanda Miranda (Grupo TTW), Thais Martins (PrimeTour), Davis Camargo (Abreu International) e Bruno Delfini (BWT Operadora). <\/p>\n\n\n\n<p>A iniciativa refor\u00e7ou a import\u00e2ncia dessas empresas no posicionamento de Los Cabos como destino de alto padr\u00e3o no mercado brasileiro.<\/p>\n\n\n<div class=\"wp-block-image\">\n<figure class=\"aligncenter size-large is-resized\"><img loading=\"lazy\" decoding=\"async\" width=\"1024\" height=\"768\" src=\"https:\/\/www.travel3.com.br\/site\/wp-content\/uploads\/2025\/04\/IMG_3072_Easy-Resize.com_-1024x768.jpg\" alt=\"jantar los cabos\" class=\"wp-image-75952\" style=\"width:513px;height:auto\" srcset=\"https:\/\/www.travel3.com.br\/site\/wp-content\/uploads\/2025\/04\/IMG_3072_Easy-Resize.com_-1024x768.jpg 1024w, https:\/\/www.travel3.com.br\/site\/wp-content\/uploads\/2025\/04\/IMG_3072_Easy-Resize.com_-300x225.jpg 300w, https:\/\/www.travel3.com.br\/site\/wp-content\/uploads\/2025\/04\/IMG_3072_Easy-Resize.com_-768x576.jpg 768w, https:\/\/www.travel3.com.br\/site\/wp-content\/uploads\/2025\/04\/IMG_3072_Easy-Resize.com_-150x113.jpg 150w, https:\/\/www.travel3.com.br\/site\/wp-content\/uploads\/2025\/04\/IMG_3072_Easy-Resize.com_-750x563.jpg 750w, https:\/\/www.travel3.com.br\/site\/wp-content\/uploads\/2025\/04\/IMG_3072_Easy-Resize.com_-1140x855.jpg 1140w, https:\/\/www.travel3.com.br\/site\/wp-content\/uploads\/2025\/04\/IMG_3072_Easy-Resize.com_.jpg 1280w\" sizes=\"auto, (max-width: 1024px) 100vw, 1024px\" \/><figcaption class=\"wp-element-caption\">Foto: CarolineTonaco\/Travel3<\/figcaption><\/figure><\/div>\n\n<div class=\"wp-block-image\">\n<figure class=\"aligncenter size-full is-resized\"><img loading=\"lazy\" decoding=\"async\" width=\"360\" height=\"482\" src=\"https:\/\/www.travel3.com.br\/site\/wp-content\/uploads\/2025\/04\/Jantar-Los-Cabos-1-e1744923708430.jpg\" alt=\"Jantar Los Cabos\" class=\"wp-image-75948\" style=\"width:285px;height:auto\" srcset=\"https:\/\/www.travel3.com.br\/site\/wp-content\/uploads\/2025\/04\/Jantar-Los-Cabos-1-e1744923708430.jpg 360w, https:\/\/www.travel3.com.br\/site\/wp-content\/uploads\/2025\/04\/Jantar-Los-Cabos-1-e1744923708430-224x300.jpg 224w, https:\/\/www.travel3.com.br\/site\/wp-content\/uploads\/2025\/04\/Jantar-Los-Cabos-1-e1744923708430-150x201.jpg 150w\" sizes=\"auto, (max-width: 360px) 100vw, 360px\" \/><figcaption class=\"wp-element-caption\">Foto: Divulga\u00e7\u00e3o<\/figcaption><\/figure><\/div>\n\n\n<p>Durante o jantar, Diana Pomar apresentou as novidades do destino e agradeceu o comprometimento dos parceiros. Ela destacou os avan\u00e7os de Los Cabos no turismo de excel\u00eancia, com foco em hospitalidade, bem-estar e gastronomia.<\/p>\n\n\n\n<blockquote class=\"wp-block-quote is-layout-flow wp-block-quote-is-layout-flow\">\n<p>A dedica\u00e7\u00e3o de cada uma dessas empresas presentes aqui tem sido fundamental para consolidar Los Cabos como um destino de desejo no mercado brasileiro. <\/p>\n<cite><strong>Diana Pomar<\/strong>, representante de Los Cabos no Brasil<\/cite><\/blockquote>\n\n\n\n<p>Atualmente, Los Cabos conta com 16 propriedades reconhecidas pela rede Virtuoso, liderando entre os destinos mexicanos. O destino tamb\u00e9m se destaca globalmente por sua concentra\u00e7\u00e3o de hot\u00e9is avaliados pela Forbes Travel Guide, resultado de investimentos cont\u00ednuos em qualidade de servi\u00e7o.<\/p>\n\n\n\n<p>Para saber mais, acesse o <strong><a href=\"https:\/\/www.visitloscabos.travel\/\" target=\"_blank\" rel=\"noreferrer noopener\">site<\/a><\/strong>.<\/p>\n\n\n\n<p>+ <strong><a href=\"https:\/\/www.travel3.com.br\/comece-a-viajar\/entre-o-mar-e-o-deserto-viva-o-luxo-em-los-cabos\/\" target=\"_blank\" rel=\"noreferrer noopener\">Entre o mar e o deserto, viva o luxo em Los Cabos<\/a><\/strong><\/p>\n\n\n\n<p><\/p>\n","protected":false},"excerpt":{"rendered":"<p>Destino mexicano promove experi\u00eancia gastron\u00f4mica para executivos de operadoras e a\u00e9reas<\/p>\n","protected":false},"author":14,"featured_media":75943,"comment_status":"open","ping_status":"open","sticky":false,"template":"","format":"standard","meta":{"footnotes":""},"categories":[969,6],"tags":[5691,6599,1379,6598],"class_list":["post-75940","post","type-post","status-publish","format-standard","has-post-thumbnail","hentry","category-acontece-no-turismo","category-gastronomia","tag-guia-michelin","tag-kazuo","tag-los-cabos","tag-turismo-de-los-cabos"],"yoast_head":"<!-- This site is optimized with the Yoast SEO plugin v26.2 - https:\/\/yoast.com\/wordpress\/plugins\/seo\/ -->\n<title>Los Cabos re\u00fane parceiros estrat\u00e9gicos em jantar durante a WTM - Travel3<\/title>\n<meta name=\"description\" content=\"Los Cabos promove jantar para parceiros durante a WTM Latin America com menu especial no restaurante Kazuo e novidades do destino mexicano\" \/>\n<meta name=\"robots\" content=\"index, follow, max-snippet:-1, max-image-preview:large, max-video-preview:-1\" \/>\n<link rel=\"canonical\" href=\"https:\/\/www.travel3.com.br\/site\/acontece-no-turismo\/los-cabos-jantar-wtm-latin-america\/\" \/>\n<meta property=\"og:locale\" content=\"pt_BR\" \/>\n<meta property=\"og:type\" content=\"article\" \/>\n<meta property=\"og:title\" content=\"Los Cabos re\u00fane parceiros estrat\u00e9gicos em jantar durante a WTM - Travel3\" \/>\n<meta property=\"og:description\" content=\"Los Cabos promove jantar para parceiros durante a WTM Latin America com menu especial no restaurante Kazuo e novidades do destino mexicano\" \/>\n<meta property=\"og:url\" content=\"https:\/\/www.travel3.com.br\/site\/acontece-no-turismo\/los-cabos-jantar-wtm-latin-america\/\" \/>\n<meta property=\"og:site_name\" content=\"Travel3\" \/>\n<meta property=\"article:publisher\" content=\"https:\/\/www.facebook.com\/travel3media\/\" \/>\n<meta property=\"article:published_time\" content=\"2025-04-17T21:13:24+00:00\" \/>\n<meta property=\"article:modified_time\" content=\"2025-04-17T21:29:27+00:00\" \/>\n<meta property=\"og:image\" content=\"https:\/\/www.travel3.com.br\/site\/wp-content\/uploads\/2025\/04\/Jantar-Los-Cabos1.jpg\" \/>\n\t<meta property=\"og:image:width\" content=\"1280\" \/>\n\t<meta property=\"og:image:height\" content=\"960\" \/>\n\t<meta property=\"og:image:type\" content=\"image\/jpeg\" \/>\n<meta name=\"author\" content=\"Caroline Tonaco\" \/>\n<meta name=\"twitter:card\" content=\"summary_large_image\" \/>\n<meta name=\"twitter:label1\" content=\"Escrito por\" \/>\n\t<meta name=\"twitter:data1\" content=\"Caroline Tonaco\" \/>\n\t<meta name=\"twitter:label2\" content=\"Est. tempo de leitura\" \/>\n\t<meta name=\"twitter:data2\" content=\"3 minutos\" \/>\n<script type=\"application\/ld+json\" class=\"yoast-schema-graph\">{\"@context\":\"https:\/\/schema.org\",\"@graph\":[{\"@type\":\"Article\",\"@id\":\"https:\/\/www.travel3.com.br\/site\/acontece-no-turismo\/los-cabos-jantar-wtm-latin-america\/#article\",\"isPartOf\":{\"@id\":\"https:\/\/www.travel3.com.br\/site\/acontece-no-turismo\/los-cabos-jantar-wtm-latin-america\/\"},\"author\":{\"name\":\"Caroline Tonaco\",\"@id\":\"https:\/\/www.travel3.com.br\/site\/#\/schema\/person\/d837eaf73c4e8896e932e0acede946c0\"},\"headline\":\"Los Cabos re\u00fane parceiros estrat\u00e9gicos em jantar durante a WTM\",\"datePublished\":\"2025-04-17T21:13:24+00:00\",\"dateModified\":\"2025-04-17T21:29:27+00:00\",\"mainEntityOfPage\":{\"@id\":\"https:\/\/www.travel3.com.br\/site\/acontece-no-turismo\/los-cabos-jantar-wtm-latin-america\/\"},\"wordCount\":388,\"commentCount\":0,\"publisher\":{\"@id\":\"https:\/\/www.travel3.com.br\/site\/#organization\"},\"image\":{\"@id\":\"https:\/\/www.travel3.com.br\/site\/acontece-no-turismo\/los-cabos-jantar-wtm-latin-america\/#primaryimage\"},\"thumbnailUrl\":\"https:\/\/www.travel3.com.br\/site\/wp-content\/uploads\/2025\/04\/Jantar-Los-Cabos1.jpg\",\"keywords\":[\"guia michelin\",\"kazuo\",\"Los Cabos\",\"turismo de los cabos\"],\"articleSection\":[\"Acontece no Turismo\",\"Gastronomia\"],\"inLanguage\":\"pt-BR\",\"potentialAction\":[{\"@type\":\"CommentAction\",\"name\":\"Comment\",\"target\":[\"https:\/\/www.travel3.com.br\/site\/acontece-no-turismo\/los-cabos-jantar-wtm-latin-america\/#respond\"]}]},{\"@type\":\"WebPage\",\"@id\":\"https:\/\/www.travel3.com.br\/site\/acontece-no-turismo\/los-cabos-jantar-wtm-latin-america\/\",\"url\":\"https:\/\/www.travel3.com.br\/site\/acontece-no-turismo\/los-cabos-jantar-wtm-latin-america\/\",\"name\":\"Los Cabos re\u00fane parceiros estrat\u00e9gicos em jantar durante a WTM - Travel3\",\"isPartOf\":{\"@id\":\"https:\/\/www.travel3.com.br\/site\/#website\"},\"primaryImageOfPage\":{\"@id\":\"https:\/\/www.travel3.com.br\/site\/acontece-no-turismo\/los-cabos-jantar-wtm-latin-america\/#primaryimage\"},\"image\":{\"@id\":\"https:\/\/www.travel3.com.br\/site\/acontece-no-turismo\/los-cabos-jantar-wtm-latin-america\/#primaryimage\"},\"thumbnailUrl\":\"https:\/\/www.travel3.com.br\/site\/wp-content\/uploads\/2025\/04\/Jantar-Los-Cabos1.jpg\",\"datePublished\":\"2025-04-17T21:13:24+00:00\",\"dateModified\":\"2025-04-17T21:29:27+00:00\",\"description\":\"Los Cabos promove jantar para parceiros durante a WTM Latin America com menu especial no restaurante Kazuo e novidades do destino mexicano\",\"breadcrumb\":{\"@id\":\"https:\/\/www.travel3.com.br\/site\/acontece-no-turismo\/los-cabos-jantar-wtm-latin-america\/#breadcrumb\"},\"inLanguage\":\"pt-BR\",\"potentialAction\":[{\"@type\":\"ReadAction\",\"target\":[\"https:\/\/www.travel3.com.br\/site\/acontece-no-turismo\/los-cabos-jantar-wtm-latin-america\/\"]}]},{\"@type\":\"ImageObject\",\"inLanguage\":\"pt-BR\",\"@id\":\"https:\/\/www.travel3.com.br\/site\/acontece-no-turismo\/los-cabos-jantar-wtm-latin-america\/#primaryimage\",\"url\":\"https:\/\/www.travel3.com.br\/site\/wp-content\/uploads\/2025\/04\/Jantar-Los-Cabos1.jpg\",\"contentUrl\":\"https:\/\/www.travel3.com.br\/site\/wp-content\/uploads\/2025\/04\/Jantar-Los-Cabos1.jpg\",\"width\":1280,\"height\":960,\"caption\":\"Diana Pomar, representante do Turismo de Los Cabos no Brasil, recebeu convidados para um jantar no Restaurante Kazuo, durante a WTM Latin America (Foto: Caroline Tonaco\/Travel3)\"},{\"@type\":\"BreadcrumbList\",\"@id\":\"https:\/\/www.travel3.com.br\/site\/acontece-no-turismo\/los-cabos-jantar-wtm-latin-america\/#breadcrumb\",\"itemListElement\":[{\"@type\":\"ListItem\",\"position\":1,\"name\":\"In\u00edcio\",\"item\":\"https:\/\/www.travel3.com.br\/site\/\"},{\"@type\":\"ListItem\",\"position\":2,\"name\":\"Los Cabos re\u00fane parceiros estrat\u00e9gicos em jantar durante a WTM\"}]},{\"@type\":\"WebSite\",\"@id\":\"https:\/\/www.travel3.com.br\/site\/#website\",\"url\":\"https:\/\/www.travel3.com.br\/site\/\",\"name\":\"Travel3\",\"description\":\"Lazer + Neg&oacute;cios + Aventura\",\"publisher\":{\"@id\":\"https:\/\/www.travel3.com.br\/site\/#organization\"},\"potentialAction\":[{\"@type\":\"SearchAction\",\"target\":{\"@type\":\"EntryPoint\",\"urlTemplate\":\"https:\/\/www.travel3.com.br\/site\/?s={search_term_string}\"},\"query-input\":{\"@type\":\"PropertyValueSpecification\",\"valueRequired\":true,\"valueName\":\"search_term_string\"}}],\"inLanguage\":\"pt-BR\"},{\"@type\":\"Organization\",\"@id\":\"https:\/\/www.travel3.com.br\/site\/#organization\",\"name\":\"Travel3\",\"url\":\"https:\/\/www.travel3.com.br\/site\/\",\"logo\":{\"@type\":\"ImageObject\",\"inLanguage\":\"pt-BR\",\"@id\":\"https:\/\/www.travel3.com.br\/site\/#\/schema\/logo\/image\/\",\"url\":\"https:\/\/www.travel3.com.br\/site\/wp-content\/uploads\/2020\/01\/logo-travel3-2020.png\",\"contentUrl\":\"https:\/\/www.travel3.com.br\/site\/wp-content\/uploads\/2020\/01\/logo-travel3-2020.png\",\"width\":232,\"height\":79,\"caption\":\"Travel3\"},\"image\":{\"@id\":\"https:\/\/www.travel3.com.br\/site\/#\/schema\/logo\/image\/\"},\"sameAs\":[\"https:\/\/www.facebook.com\/travel3media\/\",\"https:\/\/www.instagram.com\/revistatravel3\/\",\"https:\/\/www.youtube.com\/channel\/UCno7J4paGBR3VbZQzvoJ9Eg\"]},{\"@type\":\"Person\",\"@id\":\"https:\/\/www.travel3.com.br\/site\/#\/schema\/person\/d837eaf73c4e8896e932e0acede946c0\",\"name\":\"Caroline Tonaco\",\"image\":{\"@type\":\"ImageObject\",\"inLanguage\":\"pt-BR\",\"@id\":\"https:\/\/www.travel3.com.br\/site\/#\/schema\/person\/image\/\",\"url\":\"https:\/\/www.travel3.com.br\/site\/wp-content\/uploads\/2019\/09\/caroline-150x150.jpeg\",\"contentUrl\":\"https:\/\/www.travel3.com.br\/site\/wp-content\/uploads\/2019\/09\/caroline-150x150.jpeg\",\"caption\":\"Caroline Tonaco\"},\"sameAs\":[\"https:\/\/www.travel3.com.br\/\",\"https:\/\/www.instagram.com\/carolinetonaco\/\"],\"url\":\"https:\/\/www.travel3.com.br\/site\/author\/caroline\/\"}]}<\/script>\n<!-- \/ Yoast SEO plugin. -->","yoast_head_json":{"title":"Los Cabos re\u00fane parceiros estrat\u00e9gicos em jantar durante a WTM - Travel3","description":"Los Cabos promove jantar para parceiros durante a WTM Latin America com menu especial no restaurante Kazuo e novidades do destino mexicano","robots":{"index":"index","follow":"follow","max-snippet":"max-snippet:-1","max-image-preview":"max-image-preview:large","max-video-preview":"max-video-preview:-1"},"canonical":"https:\/\/www.travel3.com.br\/site\/acontece-no-turismo\/los-cabos-jantar-wtm-latin-america\/","og_locale":"pt_BR","og_type":"article","og_title":"Los Cabos re\u00fane parceiros estrat\u00e9gicos em jantar durante a WTM - Travel3","og_description":"Los Cabos promove jantar para parceiros durante a WTM Latin America com menu especial no restaurante Kazuo e novidades do destino mexicano","og_url":"https:\/\/www.travel3.com.br\/site\/acontece-no-turismo\/los-cabos-jantar-wtm-latin-america\/","og_site_name":"Travel3","article_publisher":"https:\/\/www.facebook.com\/travel3media\/","article_published_time":"2025-04-17T21:13:24+00:00","article_modified_time":"2025-04-17T21:29:27+00:00","og_image":[{"width":1280,"height":960,"url":"https:\/\/www.travel3.com.br\/site\/wp-content\/uploads\/2025\/04\/Jantar-Los-Cabos1.jpg","type":"image\/jpeg"}],"author":"Caroline Tonaco","twitter_card":"summary_large_image","twitter_misc":{"Escrito por":"Caroline Tonaco","Est. tempo de leitura":"3 minutos"},"schema":{"@context":"https:\/\/schema.org","@graph":[{"@type":"Article","@id":"https:\/\/www.travel3.com.br\/site\/acontece-no-turismo\/los-cabos-jantar-wtm-latin-america\/#article","isPartOf":{"@id":"https:\/\/www.travel3.com.br\/site\/acontece-no-turismo\/los-cabos-jantar-wtm-latin-america\/"},"author":{"name":"Caroline Tonaco","@id":"https:\/\/www.travel3.com.br\/site\/#\/schema\/person\/d837eaf73c4e8896e932e0acede946c0"},"headline":"Los Cabos re\u00fane parceiros estrat\u00e9gicos em jantar durante a WTM","datePublished":"2025-04-17T21:13:24+00:00","dateModified":"2025-04-17T21:29:27+00:00","mainEntityOfPage":{"@id":"https:\/\/www.travel3.com.br\/site\/acontece-no-turismo\/los-cabos-jantar-wtm-latin-america\/"},"wordCount":388,"commentCount":0,"publisher":{"@id":"https:\/\/www.travel3.com.br\/site\/#organization"},"image":{"@id":"https:\/\/www.travel3.com.br\/site\/acontece-no-turismo\/los-cabos-jantar-wtm-latin-america\/#primaryimage"},"thumbnailUrl":"https:\/\/www.travel3.com.br\/site\/wp-content\/uploads\/2025\/04\/Jantar-Los-Cabos1.jpg","keywords":["guia michelin","kazuo","Los Cabos","turismo de los cabos"],"articleSection":["Acontece no Turismo","Gastronomia"],"inLanguage":"pt-BR","potentialAction":[{"@type":"CommentAction","name":"Comment","target":["https:\/\/www.travel3.com.br\/site\/acontece-no-turismo\/los-cabos-jantar-wtm-latin-america\/#respond"]}]},{"@type":"WebPage","@id":"https:\/\/www.travel3.com.br\/site\/acontece-no-turismo\/los-cabos-jantar-wtm-latin-america\/","url":"https:\/\/www.travel3.com.br\/site\/acontece-no-turismo\/los-cabos-jantar-wtm-latin-america\/","name":"Los Cabos re\u00fane parceiros estrat\u00e9gicos em jantar durante a WTM - Travel3","isPartOf":{"@id":"https:\/\/www.travel3.com.br\/site\/#website"},"primaryImageOfPage":{"@id":"https:\/\/www.travel3.com.br\/site\/acontece-no-turismo\/los-cabos-jantar-wtm-latin-america\/#primaryimage"},"image":{"@id":"https:\/\/www.travel3.com.br\/site\/acontece-no-turismo\/los-cabos-jantar-wtm-latin-america\/#primaryimage"},"thumbnailUrl":"https:\/\/www.travel3.com.br\/site\/wp-content\/uploads\/2025\/04\/Jantar-Los-Cabos1.jpg","datePublished":"2025-04-17T21:13:24+00:00","dateModified":"2025-04-17T21:29:27+00:00","description":"Los Cabos promove jantar para parceiros durante a WTM Latin America com menu especial no restaurante Kazuo e novidades do destino mexicano","breadcrumb":{"@id":"https:\/\/www.travel3.com.br\/site\/acontece-no-turismo\/los-cabos-jantar-wtm-latin-america\/#breadcrumb"},"inLanguage":"pt-BR","potentialAction":[{"@type":"ReadAction","target":["https:\/\/www.travel3.com.br\/site\/acontece-no-turismo\/los-cabos-jantar-wtm-latin-america\/"]}]},{"@type":"ImageObject","inLanguage":"pt-BR","@id":"https:\/\/www.travel3.com.br\/site\/acontece-no-turismo\/los-cabos-jantar-wtm-latin-america\/#primaryimage","url":"https:\/\/www.travel3.com.br\/site\/wp-content\/uploads\/2025\/04\/Jantar-Los-Cabos1.jpg","contentUrl":"https:\/\/www.travel3.com.br\/site\/wp-content\/uploads\/2025\/04\/Jantar-Los-Cabos1.jpg","width":1280,"height":960,"caption":"Diana Pomar, representante do Turismo de Los Cabos no Brasil, recebeu convidados para um jantar no Restaurante Kazuo, durante a WTM Latin America (Foto: Caroline Tonaco\/Travel3)"},{"@type":"BreadcrumbList","@id":"https:\/\/www.travel3.com.br\/site\/acontece-no-turismo\/los-cabos-jantar-wtm-latin-america\/#breadcrumb","itemListElement":[{"@type":"ListItem","position":1,"name":"In\u00edcio","item":"https:\/\/www.travel3.com.br\/site\/"},{"@type":"ListItem","position":2,"name":"Los Cabos re\u00fane parceiros estrat\u00e9gicos em jantar durante a WTM"}]},{"@type":"WebSite","@id":"https:\/\/www.travel3.com.br\/site\/#website","url":"https:\/\/www.travel3.com.br\/site\/","name":"Travel3","description":"Lazer + Neg&oacute;cios + Aventura","publisher":{"@id":"https:\/\/www.travel3.com.br\/site\/#organization"},"potentialAction":[{"@type":"SearchAction","target":{"@type":"EntryPoint","urlTemplate":"https:\/\/www.travel3.com.br\/site\/?s={search_term_string}"},"query-input":{"@type":"PropertyValueSpecification","valueRequired":true,"valueName":"search_term_string"}}],"inLanguage":"pt-BR"},{"@type":"Organization","@id":"https:\/\/www.travel3.com.br\/site\/#organization","name":"Travel3","url":"https:\/\/www.travel3.com.br\/site\/","logo":{"@type":"ImageObject","inLanguage":"pt-BR","@id":"https:\/\/www.travel3.com.br\/site\/#\/schema\/logo\/image\/","url":"https:\/\/www.travel3.com.br\/site\/wp-content\/uploads\/2020\/01\/logo-travel3-2020.png","contentUrl":"https:\/\/www.travel3.com.br\/site\/wp-content\/uploads\/2020\/01\/logo-travel3-2020.png","width":232,"height":79,"caption":"Travel3"},"image":{"@id":"https:\/\/www.travel3.com.br\/site\/#\/schema\/logo\/image\/"},"sameAs":["https:\/\/www.facebook.com\/travel3media\/","https:\/\/www.instagram.com\/revistatravel3\/","https:\/\/www.youtube.com\/channel\/UCno7J4paGBR3VbZQzvoJ9Eg"]},{"@type":"Person","@id":"https:\/\/www.travel3.com.br\/site\/#\/schema\/person\/d837eaf73c4e8896e932e0acede946c0","name":"Caroline Tonaco","image":{"@type":"ImageObject","inLanguage":"pt-BR","@id":"https:\/\/www.travel3.com.br\/site\/#\/schema\/person\/image\/","url":"https:\/\/www.travel3.com.br\/site\/wp-content\/uploads\/2019\/09\/caroline-150x150.jpeg","contentUrl":"https:\/\/www.travel3.com.br\/site\/wp-content\/uploads\/2019\/09\/caroline-150x150.jpeg","caption":"Caroline Tonaco"},"sameAs":["https:\/\/www.travel3.com.br\/","https:\/\/www.instagram.com\/carolinetonaco\/"],"url":"https:\/\/www.travel3.com.br\/site\/author\/caroline\/"}]}},"_links":{"self":[{"href":"https:\/\/www.travel3.com.br\/site\/wp-json\/wp\/v2\/posts\/75940","targetHints":{"allow":["GET"]}}],"collection":[{"href":"https:\/\/www.travel3.com.br\/site\/wp-json\/wp\/v2\/posts"}],"about":[{"href":"https:\/\/www.travel3.com.br\/site\/wp-json\/wp\/v2\/types\/post"}],"author":[{"embeddable":true,"href":"https:\/\/www.travel3.com.br\/site\/wp-json\/wp\/v2\/users\/14"}],"replies":[{"embeddable":true,"href":"https:\/\/www.travel3.com.br\/site\/wp-json\/wp\/v2\/comments?post=75940"}],"version-history":[{"count":9,"href":"https:\/\/www.travel3.com.br\/site\/wp-json\/wp\/v2\/posts\/75940\/revisions"}],"predecessor-version":[{"id":75958,"href":"https:\/\/www.travel3.com.br\/site\/wp-json\/wp\/v2\/posts\/75940\/revisions\/75958"}],"wp:featuredmedia":[{"embeddable":true,"href":"https:\/\/www.travel3.com.br\/site\/wp-json\/wp\/v2\/media\/75943"}],"wp:attachment":[{"href":"https:\/\/www.travel3.com.br\/site\/wp-json\/wp\/v2\/media?parent=75940"}],"wp:term":[{"taxonomy":"category","embeddable":true,"href":"https:\/\/www.travel3.com.br\/site\/wp-json\/wp\/v2\/categories?post=75940"},{"taxonomy":"post_tag","embeddable":true,"href":"https:\/\/www.travel3.com.br\/site\/wp-json\/wp\/v2\/tags?post=75940"}],"curies":[{"name":"wp","href":"https:\/\/api.w.org\/{rel}","templated":true}]}}