{"id":7592,"date":"2017-11-18T17:46:14","date_gmt":"2017-11-18T19:46:14","guid":{"rendered":"http:\/\/www.travel3.com.br\/?p=7592"},"modified":"2017-11-18T17:46:46","modified_gmt":"2017-11-18T19:46:46","slug":"megafam-mmtgapnet-portugal-termina-em-noite-portuguesa-com-certeza","status":"publish","type":"post","link":"https:\/\/www.travel3.com.br\/site\/destaque\/megafam-mmtgapnet-portugal-termina-em-noite-portuguesa-com-certeza\/","title":{"rendered":"MEGAFAM MMTGAPNET 2017 TERMINA EM NOITE PORTUGUESA, COM CERTEZA"},"content":{"rendered":"<p>Confira as melhores imagens dos momentos + importantes<!--more--><\/p>\n<p>Na noite desta sexta-feira (18 de novembro), aconteceu a festa de premia\u00e7\u00e3o + encerramento do Megafam MMTGapnet.<\/p>\n<p>H\u00e1 2 dias visitando as atra\u00e7\u00f5es da cidade do Porto, os agentes de viagem celebraram o final da viagem conhecendo uma das mais sofisticadas e tradicionais caves de Portugal, a The House of Sandeman, no Centro Hist\u00f3rico do Porto.<\/p>\n<p>O local, tipicamente portugu\u00eas deu ainda mais brilho e fechou em alto estilo os 7 dias de premia\u00e7\u00e3o + capacita\u00e7\u00e3o + confraterniza\u00e7\u00e3o = Megafam MMTGapnet.<\/p>\n<p>Veja os momentos marcantes de uma noite, certamente portuguesa:<\/p>\n<p style=\"text-align: center;\"><a href=\"http:\/\/www.travel3.com.br\/site\/wp-content\/uploads\/2017\/11\/megafam-2017-premiacao056.jpg\"><img loading=\"lazy\" decoding=\"async\" class=\"size-full wp-image-7593\" src=\"http:\/\/www.travel3.com.br\/site\/wp-content\/uploads\/2017\/11\/megafam-2017-premiacao056.jpg\" alt=\"O sorriso &quot;miss\u00e3o cumprida&quot;, dos profissionais da MMTGapnet\" width=\"4272\" height=\"2856\" \/><\/a><strong>O sorriso &#8220;miss\u00e3o cumprida&#8221;, dos profissionais da MMTGapnet, respons\u00e1veis pelo \u00eaxito do evento, em Portugal<\/strong><\/p>\n<figure id=\"attachment_7596\" aria-describedby=\"caption-attachment-7596\" style=\"width: 4272px\" class=\"wp-caption aligncenter\"><a href=\"http:\/\/www.travel3.com.br\/site\/wp-content\/uploads\/2017\/11\/megafam-2017-premiacao008.jpg\"><img loading=\"lazy\" decoding=\"async\" class=\"size-full wp-image-7596\" src=\"http:\/\/www.travel3.com.br\/site\/wp-content\/uploads\/2017\/11\/megafam-2017-premiacao008.jpg\" alt=\"Ivo Lins, Mariana Azevedo e James Giacomini, da MMTGapnet; Mario Carvalho, da Tap Portugal, e Bernardo Cardoso, do Turismo de Portugal no Brasil\" width=\"4272\" height=\"2856\" \/><\/a><figcaption id=\"caption-attachment-7596\" class=\"wp-caption-text\"><strong>Ivo Lins, Mariana Azevedo e James Giacomini, da MMTGapnet; Mario Carvalho, da Tap Portugal, e Bernardo Cardoso, do Turismo de Portugal no Brasil<\/strong><\/figcaption><\/figure>\n<figure id=\"attachment_7595\" aria-describedby=\"caption-attachment-7595\" style=\"width: 4272px\" class=\"wp-caption aligncenter\"><a href=\"http:\/\/www.travel3.com.br\/site\/wp-content\/uploads\/2017\/11\/megafam-2017-premiacao059.jpg\"><img loading=\"lazy\" decoding=\"async\" class=\"size-full wp-image-7595\" src=\"http:\/\/www.travel3.com.br\/site\/wp-content\/uploads\/2017\/11\/megafam-2017-premiacao059.jpg\" alt=\"Ivo Lins e Mario Carvalho, com a equipe do Turismo de Portugal + Mariana Azevedo, Katia Silva, e James Giacomini, da MMTGapnet\" width=\"4272\" height=\"2856\" \/><\/a><figcaption id=\"caption-attachment-7595\" class=\"wp-caption-text\"><strong>Ivo Lins e Mario Carvalho, com a equipe do Turismo de Portugal + Mariana Azevedo, Katia Silva, e James Giacomini, da MMTGapnet<\/strong><\/figcaption><\/figure>\n<figure id=\"attachment_7597\" aria-describedby=\"caption-attachment-7597\" style=\"width: 4272px\" class=\"wp-caption aligncenter\"><a href=\"http:\/\/www.travel3.com.br\/site\/wp-content\/uploads\/2017\/11\/megafam-2017-premiacao001.jpg\"><img loading=\"lazy\" decoding=\"async\" class=\"size-full wp-image-7597\" src=\"http:\/\/www.travel3.com.br\/site\/wp-content\/uploads\/2017\/11\/megafam-2017-premiacao001.jpg\" alt=\"Detalhe da decora\u00e7\u00e3o do jantar de premia\u00e7\u00e3o, numa das mais renomadas caves da cidade do Porto \" width=\"4272\" height=\"2856\" \/><\/a><figcaption id=\"caption-attachment-7597\" class=\"wp-caption-text\"><strong>Detalhe da decora\u00e7\u00e3o do jantar de premia\u00e7\u00e3o, numa das mais renomadas caves da cidade do Porto<\/strong><\/figcaption><\/figure>\n<figure id=\"attachment_7594\" aria-describedby=\"caption-attachment-7594\" style=\"width: 4272px\" class=\"wp-caption aligncenter\"><a href=\"http:\/\/www.travel3.com.br\/site\/wp-content\/uploads\/2017\/11\/megafam-2017-premiacao029.jpg\"><img loading=\"lazy\" decoding=\"async\" class=\"size-full wp-image-7594\" src=\"http:\/\/www.travel3.com.br\/site\/wp-content\/uploads\/2017\/11\/megafam-2017-premiacao029.jpg\" alt=\"Ivo Lins, vice presidente do Grupo Flytour Gapnet, fala aos ganhadores do Megafam MMTGapnet Portugal\" width=\"4272\" height=\"2856\" \/><\/a><figcaption id=\"caption-attachment-7594\" class=\"wp-caption-text\"><strong>Ivo Lins, vice presidente do Grupo Flytour Gapnet, fala aos ganhadores do Megafam MMTGapnet Portugal<\/strong><\/figcaption><\/figure>\n<figure id=\"attachment_7598\" aria-describedby=\"caption-attachment-7598\" style=\"width: 4272px\" class=\"wp-caption aligncenter\"><a href=\"http:\/\/www.travel3.com.br\/site\/wp-content\/uploads\/2017\/11\/megafam-2017-premiacao024.jpg\"><img loading=\"lazy\" decoding=\"async\" class=\"size-full wp-image-7598\" src=\"http:\/\/www.travel3.com.br\/site\/wp-content\/uploads\/2017\/11\/megafam-2017-premiacao024.jpg\" alt=\"Os agentes de viagem ganhadores do Megafam MMTGapnet Portugal\" width=\"4272\" height=\"2856\" \/><\/a><figcaption id=\"caption-attachment-7598\" class=\"wp-caption-text\"><strong>Os ganhadores do Megafam MMTGapnet Portugal ouvem os discursos\u00a0<\/strong><\/figcaption><\/figure>\n<p>Depois dos discursos de abertura veio a premia\u00e7\u00e3o:<\/p>\n<figure id=\"attachment_7601\" aria-describedby=\"caption-attachment-7601\" style=\"width: 4272px\" class=\"wp-caption aligncenter\"><a href=\"http:\/\/www.travel3.com.br\/site\/wp-content\/uploads\/2017\/11\/megafam-2017-premiacao078.jpg\"><img loading=\"lazy\" decoding=\"async\" class=\"size-full wp-image-7601\" src=\"http:\/\/www.travel3.com.br\/site\/wp-content\/uploads\/2017\/11\/megafam-2017-premiacao078.jpg\" alt=\"Hugo Lagares e Deco Borges com os premiados da capital paulistana\" width=\"4272\" height=\"2856\" \/><\/a><figcaption id=\"caption-attachment-7601\" class=\"wp-caption-text\"><strong>Hugo Lagares e Deco Borges, da MMTGapnet (\u00e0 direita)\u00a0 com os premiados da capital paulistana<\/strong><\/figcaption><\/figure>\n<figure id=\"attachment_7602\" aria-describedby=\"caption-attachment-7602\" style=\"width: 4272px\" class=\"wp-caption aligncenter\"><a href=\"http:\/\/www.travel3.com.br\/site\/wp-content\/uploads\/2017\/11\/megafam-2017-premiacao082.jpg\"><img loading=\"lazy\" decoding=\"async\" class=\"size-full wp-image-7602\" src=\"http:\/\/www.travel3.com.br\/site\/wp-content\/uploads\/2017\/11\/megafam-2017-premiacao082.jpg\" alt=\"Raphael Magalh\u00e3es, da MMTGapnet, com os premiados de Santos (SP)\" width=\"4272\" height=\"2856\" \/><\/a><figcaption id=\"caption-attachment-7602\" class=\"wp-caption-text\">Raphael Magalh\u00e3es, da MMTGapnet, com os premiados de Santos (SP)<\/figcaption><\/figure>\n<figure id=\"attachment_7603\" aria-describedby=\"caption-attachment-7603\" style=\"width: 4272px\" class=\"wp-caption aligncenter\"><a href=\"http:\/\/www.travel3.com.br\/site\/wp-content\/uploads\/2017\/11\/megafam-2017-premiacao087.jpg\"><img loading=\"lazy\" decoding=\"async\" class=\"size-full wp-image-7603\" src=\"http:\/\/www.travel3.com.br\/site\/wp-content\/uploads\/2017\/11\/megafam-2017-premiacao087.jpg\" alt=\"Os agentes de viagem de Campinas + regi\u00e3o tamb\u00e9m se fizeram presentes ao evento\" width=\"4272\" height=\"2856\" \/><\/a><figcaption id=\"caption-attachment-7603\" class=\"wp-caption-text\"><strong>Os agentes de viagem de Campinas + regi\u00e3o tamb\u00e9m se fizeram presentes ao evento<\/strong><\/figcaption><\/figure>\n<figure id=\"attachment_7604\" aria-describedby=\"caption-attachment-7604\" style=\"width: 4272px\" class=\"wp-caption aligncenter\"><a href=\"http:\/\/www.travel3.com.br\/site\/wp-content\/uploads\/2017\/11\/megafam-2017-premiacao088.jpg\"><img loading=\"lazy\" decoding=\"async\" class=\"size-full wp-image-7604\" src=\"http:\/\/www.travel3.com.br\/site\/wp-content\/uploads\/2017\/11\/megafam-2017-premiacao088.jpg\" alt=\"Ribeir\u00e3o Preto marcand presen\u00e7a no Megafam MMTGapnet\" width=\"4272\" height=\"2856\" \/><\/a><figcaption id=\"caption-attachment-7604\" class=\"wp-caption-text\"><strong>Ribeir\u00e3o Preto + regi\u00e3o marcando presen\u00e7a no Megafam MMTGapnet<\/strong><\/figcaption><\/figure>\n<figure id=\"attachment_7605\" aria-describedby=\"caption-attachment-7605\" style=\"width: 4272px\" class=\"wp-caption aligncenter\"><a href=\"http:\/\/www.travel3.com.br\/site\/wp-content\/uploads\/2017\/11\/megafam-2017-premiacao090.jpg\"><img loading=\"lazy\" decoding=\"async\" class=\"size-full wp-image-7605\" src=\"http:\/\/www.travel3.com.br\/site\/wp-content\/uploads\/2017\/11\/megafam-2017-premiacao090.jpg\" alt=\"Hugo Lagares, Bruno S\u00e1 e os agentes parceiros, de Bras\u00edlia\" width=\"4272\" height=\"2856\" \/><\/a><figcaption id=\"caption-attachment-7605\" class=\"wp-caption-text\"><strong>Hugo Lagares, Bruno S\u00e1 e os agentes parceiros, de Bras\u00edlia<\/strong><\/figcaption><\/figure>\n<figure id=\"attachment_7606\" aria-describedby=\"caption-attachment-7606\" style=\"width: 4272px\" class=\"wp-caption aligncenter\"><a href=\"http:\/\/www.travel3.com.br\/site\/wp-content\/uploads\/2017\/11\/megafam-2017-premiacao092.jpg\"><img loading=\"lazy\" decoding=\"async\" class=\"size-full wp-image-7606\" src=\"http:\/\/www.travel3.com.br\/site\/wp-content\/uploads\/2017\/11\/megafam-2017-premiacao092.jpg\" alt=\"Hugo Lagares, Bruno S\u00e1 e os ganhadores de Vit\u00f3ria\" width=\"4272\" height=\"2856\" \/><\/a><figcaption id=\"caption-attachment-7606\" class=\"wp-caption-text\"><strong>Hugo Lagares, Bruno S\u00e1 e os ganhadores de Vit\u00f3ria<\/strong><\/figcaption><\/figure>\n<figure id=\"attachment_7607\" aria-describedby=\"caption-attachment-7607\" style=\"width: 4272px\" class=\"wp-caption aligncenter\"><a href=\"http:\/\/www.travel3.com.br\/site\/wp-content\/uploads\/2017\/11\/megafam-2017-premiacao095.jpg\"><img loading=\"lazy\" decoding=\"async\" class=\"size-full wp-image-7607\" src=\"http:\/\/www.travel3.com.br\/site\/wp-content\/uploads\/2017\/11\/megafam-2017-premiacao095.jpg\" alt=\"O Sul do Brasil teve muitas &quot;figurinhas repetidas&quot;, agentes que todos os anos retornam ao Megafam\" width=\"4272\" height=\"2856\" \/><\/a><figcaption id=\"caption-attachment-7607\" class=\"wp-caption-text\"><strong>O Sul do Brasil teve muitas &#8220;figurinhas repetidas&#8221;, agentes que todos os anos retornam ao Megafam<\/strong><\/figcaption><\/figure>\n<figure id=\"attachment_7608\" aria-describedby=\"caption-attachment-7608\" style=\"width: 4272px\" class=\"wp-caption aligncenter\"><a href=\"http:\/\/www.travel3.com.br\/site\/wp-content\/uploads\/2017\/11\/megafam-2017-premiacao096.jpg\"><img loading=\"lazy\" decoding=\"async\" class=\"size-full wp-image-7608\" src=\"http:\/\/www.travel3.com.br\/site\/wp-content\/uploads\/2017\/11\/megafam-2017-premiacao096.jpg\" alt=\"Bruno S\u00e1 e as &quot;meninas do Rio&quot;, na premia\u00e7\u00e3o Megafam 2017 MMTGapnet 2017\" width=\"4272\" height=\"2856\" \/><\/a><figcaption id=\"caption-attachment-7608\" class=\"wp-caption-text\"><strong>Bruno S\u00e1 e as &#8220;meninas do Rio&#8221;, na premia\u00e7\u00e3o Megafam 2017 MMTGapnet 2017<\/strong><\/figcaption><\/figure>\n<figure id=\"attachment_7609\" aria-describedby=\"caption-attachment-7609\" style=\"width: 4272px\" class=\"wp-caption aligncenter\"><a href=\"http:\/\/www.travel3.com.br\/site\/wp-content\/uploads\/2017\/11\/megafam-2017-premiacao098.jpg\"><img loading=\"lazy\" decoding=\"async\" class=\"size-full wp-image-7609\" src=\"http:\/\/www.travel3.com.br\/site\/wp-content\/uploads\/2017\/11\/megafam-2017-premiacao098.jpg\" alt=\"As ag\u00eancias de viagem do Nordeste n\u00e3o poderiam faltar \u00e0 premia\u00e7\u00e3o\" width=\"4272\" height=\"2856\" \/><\/a><figcaption id=\"caption-attachment-7609\" class=\"wp-caption-text\"><strong>As ag\u00eancias de viagem do Nordeste n\u00e3o poderiam faltar \u00e0 premia\u00e7\u00e3o<\/strong><\/figcaption><\/figure>\n<figure id=\"attachment_7610\" aria-describedby=\"caption-attachment-7610\" style=\"width: 4272px\" class=\"wp-caption aligncenter\"><a href=\"http:\/\/www.travel3.com.br\/site\/wp-content\/uploads\/2017\/11\/megafam-2017-premiacao100.jpg\"><img loading=\"lazy\" decoding=\"async\" class=\"size-full wp-image-7610\" src=\"http:\/\/www.travel3.com.br\/site\/wp-content\/uploads\/2017\/11\/megafam-2017-premiacao100.jpg\" alt=\"Serafim Oliveira e os ganhadores do segmento Lazer + Corporativo\" width=\"4272\" height=\"2856\" \/><\/a><figcaption id=\"caption-attachment-7610\" class=\"wp-caption-text\"><strong>Serafim Oliveira e os ganhadores do segmento Lazer + Corporativo<\/strong><\/figcaption><\/figure>\n<figure id=\"attachment_7611\" aria-describedby=\"caption-attachment-7611\" style=\"width: 4272px\" class=\"wp-caption aligncenter\"><a href=\"http:\/\/www.travel3.com.br\/site\/wp-content\/uploads\/2017\/11\/megafam-2017-premiacao102.jpg\"><img loading=\"lazy\" decoding=\"async\" class=\"size-full wp-image-7611\" src=\"http:\/\/www.travel3.com.br\/site\/wp-content\/uploads\/2017\/11\/megafam-2017-premiacao102.jpg\" alt=\"Os ganhadores de Minas Gerais recebem os trof\u00e9us e as devidas homenagens\" width=\"4272\" height=\"2856\" \/><\/a><figcaption id=\"caption-attachment-7611\" class=\"wp-caption-text\"><strong>Os ganhadores de Minas Gerais recebem os trof\u00e9us e as devidas homenagens<\/strong><\/figcaption><\/figure>\n","protected":false},"excerpt":{"rendered":"<p>Confira as melhores imagens dos momentos + importantes<\/p>\n","protected":false},"author":4,"featured_media":7593,"comment_status":"open","ping_status":"open","sticky":false,"template":"","format":"standard","meta":{"footnotes":""},"categories":[226,5,4],"tags":[711,323,712,481,528,449,714,713],"class_list":["post-7592","post","type-post","status-publish","format-standard","has-post-thumbnail","hentry","category-destaque","category-eventos-e-feiras","category-operadoras","tag-megafam-mmtgapnet","tag-mmtgapnet","tag-porto","tag-portugal","tag-premio","tag-radio-travel3","tag-tap-portugal","tag-vinho"],"yoast_head":"<!-- This site is optimized with the Yoast SEO plugin v26.2 - https:\/\/yoast.com\/wordpress\/plugins\/seo\/ -->\n<title>MEGAFAM MMTGAPNET 2017 TERMINA EM NOITE PORTUGUESA, COM CERTEZA - Travel3<\/title>\n<meta name=\"description\" content=\"A TRAVEL3 \u00e9 um portal de conte\u00fado voltado para o turismo, encontre destinos, viagens, hospedagem, passagens, guias, not\u00edcias sobre o mercado do turismo, dicas de viagem, v\u00eddeos e podcast.\" \/>\n<meta name=\"robots\" content=\"index, follow, max-snippet:-1, max-image-preview:large, max-video-preview:-1\" \/>\n<link rel=\"canonical\" href=\"https:\/\/www.travel3.com.br\/site\/destaque\/megafam-mmtgapnet-portugal-termina-em-noite-portuguesa-com-certeza\/\" \/>\n<meta property=\"og:locale\" content=\"pt_BR\" \/>\n<meta property=\"og:type\" content=\"article\" \/>\n<meta property=\"og:title\" content=\"MEGAFAM MMTGAPNET 2017 TERMINA EM NOITE PORTUGUESA, COM CERTEZA - Travel3\" \/>\n<meta property=\"og:description\" content=\"A TRAVEL3 \u00e9 um portal de conte\u00fado voltado para o turismo, encontre destinos, viagens, hospedagem, passagens, guias, not\u00edcias sobre o mercado do turismo, dicas de viagem, v\u00eddeos e podcast.\" \/>\n<meta property=\"og:url\" content=\"https:\/\/www.travel3.com.br\/site\/destaque\/megafam-mmtgapnet-portugal-termina-em-noite-portuguesa-com-certeza\/\" \/>\n<meta property=\"og:site_name\" content=\"Travel3\" \/>\n<meta property=\"article:publisher\" content=\"https:\/\/www.facebook.com\/travel3media\/\" \/>\n<meta property=\"article:published_time\" content=\"2017-11-18T19:46:14+00:00\" \/>\n<meta property=\"article:modified_time\" content=\"2017-11-18T19:46:46+00:00\" \/>\n<meta property=\"og:image\" content=\"https:\/\/www.travel3.com.br\/site\/wp-content\/uploads\/2017\/11\/megafam-2017-premiacao056-e1512581062984.jpg\" \/>\n\t<meta property=\"og:image:width\" content=\"1900\" \/>\n\t<meta property=\"og:image:height\" content=\"1270\" \/>\n\t<meta property=\"og:image:type\" content=\"image\/jpeg\" \/>\n<meta name=\"author\" content=\"Claudia Tonaco\" \/>\n<meta name=\"twitter:card\" content=\"summary_large_image\" \/>\n<meta name=\"twitter:label1\" content=\"Escrito por\" \/>\n\t<meta name=\"twitter:data1\" content=\"Claudia Tonaco\" \/>\n\t<meta name=\"twitter:label2\" content=\"Est. tempo de leitura\" \/>\n\t<meta name=\"twitter:data2\" content=\"2 minutos\" \/>\n<script type=\"application\/ld+json\" class=\"yoast-schema-graph\">{\"@context\":\"https:\/\/schema.org\",\"@graph\":[{\"@type\":\"Article\",\"@id\":\"https:\/\/www.travel3.com.br\/site\/destaque\/megafam-mmtgapnet-portugal-termina-em-noite-portuguesa-com-certeza\/#article\",\"isPartOf\":{\"@id\":\"https:\/\/www.travel3.com.br\/site\/destaque\/megafam-mmtgapnet-portugal-termina-em-noite-portuguesa-com-certeza\/\"},\"author\":{\"name\":\"Claudia Tonaco\",\"@id\":\"https:\/\/www.travel3.com.br\/site\/#\/schema\/person\/ad24a6ccba88dcd54877f3d2fb76c605\"},\"headline\":\"MEGAFAM MMTGAPNET 2017 TERMINA EM NOITE PORTUGUESA, COM CERTEZA\",\"datePublished\":\"2017-11-18T19:46:14+00:00\",\"dateModified\":\"2017-11-18T19:46:46+00:00\",\"mainEntityOfPage\":{\"@id\":\"https:\/\/www.travel3.com.br\/site\/destaque\/megafam-mmtgapnet-portugal-termina-em-noite-portuguesa-com-certeza\/\"},\"wordCount\":464,\"commentCount\":0,\"publisher\":{\"@id\":\"https:\/\/www.travel3.com.br\/site\/#organization\"},\"image\":{\"@id\":\"https:\/\/www.travel3.com.br\/site\/destaque\/megafam-mmtgapnet-portugal-termina-em-noite-portuguesa-com-certeza\/#primaryimage\"},\"thumbnailUrl\":\"https:\/\/www.travel3.com.br\/site\/wp-content\/uploads\/2017\/11\/megafam-2017-premiacao056-e1512581062984.jpg\",\"keywords\":[\"Megafam MMTGapnet\",\"MMTGapnet\",\"Porto\",\"Portugal\",\"pr\u00eamio\",\"radio Travel3\",\"Tap Portugal\",\"Vinho\"],\"articleSection\":[\"Destaque\",\"Eventos e Feiras\",\"Operadoras\"],\"inLanguage\":\"pt-BR\",\"potentialAction\":[{\"@type\":\"CommentAction\",\"name\":\"Comment\",\"target\":[\"https:\/\/www.travel3.com.br\/site\/destaque\/megafam-mmtgapnet-portugal-termina-em-noite-portuguesa-com-certeza\/#respond\"]}]},{\"@type\":\"WebPage\",\"@id\":\"https:\/\/www.travel3.com.br\/site\/destaque\/megafam-mmtgapnet-portugal-termina-em-noite-portuguesa-com-certeza\/\",\"url\":\"https:\/\/www.travel3.com.br\/site\/destaque\/megafam-mmtgapnet-portugal-termina-em-noite-portuguesa-com-certeza\/\",\"name\":\"MEGAFAM MMTGAPNET 2017 TERMINA EM NOITE PORTUGUESA, COM CERTEZA - Travel3\",\"isPartOf\":{\"@id\":\"https:\/\/www.travel3.com.br\/site\/#website\"},\"primaryImageOfPage\":{\"@id\":\"https:\/\/www.travel3.com.br\/site\/destaque\/megafam-mmtgapnet-portugal-termina-em-noite-portuguesa-com-certeza\/#primaryimage\"},\"image\":{\"@id\":\"https:\/\/www.travel3.com.br\/site\/destaque\/megafam-mmtgapnet-portugal-termina-em-noite-portuguesa-com-certeza\/#primaryimage\"},\"thumbnailUrl\":\"https:\/\/www.travel3.com.br\/site\/wp-content\/uploads\/2017\/11\/megafam-2017-premiacao056-e1512581062984.jpg\",\"datePublished\":\"2017-11-18T19:46:14+00:00\",\"dateModified\":\"2017-11-18T19:46:46+00:00\",\"description\":\"A TRAVEL3 \u00e9 um portal de conte\u00fado voltado para o turismo, encontre destinos, viagens, hospedagem, passagens, guias, not\u00edcias sobre o mercado do turismo, dicas de viagem, v\u00eddeos e podcast.\",\"breadcrumb\":{\"@id\":\"https:\/\/www.travel3.com.br\/site\/destaque\/megafam-mmtgapnet-portugal-termina-em-noite-portuguesa-com-certeza\/#breadcrumb\"},\"inLanguage\":\"pt-BR\",\"potentialAction\":[{\"@type\":\"ReadAction\",\"target\":[\"https:\/\/www.travel3.com.br\/site\/destaque\/megafam-mmtgapnet-portugal-termina-em-noite-portuguesa-com-certeza\/\"]}]},{\"@type\":\"ImageObject\",\"inLanguage\":\"pt-BR\",\"@id\":\"https:\/\/www.travel3.com.br\/site\/destaque\/megafam-mmtgapnet-portugal-termina-em-noite-portuguesa-com-certeza\/#primaryimage\",\"url\":\"https:\/\/www.travel3.com.br\/site\/wp-content\/uploads\/2017\/11\/megafam-2017-premiacao056-e1512581062984.jpg\",\"contentUrl\":\"https:\/\/www.travel3.com.br\/site\/wp-content\/uploads\/2017\/11\/megafam-2017-premiacao056-e1512581062984.jpg\",\"width\":1900,\"height\":1270,\"caption\":\"O sorriso \\\"miss\u00e3o cumprida\\\", dos profissionais da MMTGapnet\"},{\"@type\":\"BreadcrumbList\",\"@id\":\"https:\/\/www.travel3.com.br\/site\/destaque\/megafam-mmtgapnet-portugal-termina-em-noite-portuguesa-com-certeza\/#breadcrumb\",\"itemListElement\":[{\"@type\":\"ListItem\",\"position\":1,\"name\":\"In\u00edcio\",\"item\":\"https:\/\/www.travel3.com.br\/site\/\"},{\"@type\":\"ListItem\",\"position\":2,\"name\":\"MEGAFAM MMTGAPNET 2017 TERMINA EM NOITE PORTUGUESA, COM CERTEZA\"}]},{\"@type\":\"WebSite\",\"@id\":\"https:\/\/www.travel3.com.br\/site\/#website\",\"url\":\"https:\/\/www.travel3.com.br\/site\/\",\"name\":\"Travel3\",\"description\":\"Lazer + Neg&oacute;cios + Aventura\",\"publisher\":{\"@id\":\"https:\/\/www.travel3.com.br\/site\/#organization\"},\"potentialAction\":[{\"@type\":\"SearchAction\",\"target\":{\"@type\":\"EntryPoint\",\"urlTemplate\":\"https:\/\/www.travel3.com.br\/site\/?s={search_term_string}\"},\"query-input\":{\"@type\":\"PropertyValueSpecification\",\"valueRequired\":true,\"valueName\":\"search_term_string\"}}],\"inLanguage\":\"pt-BR\"},{\"@type\":\"Organization\",\"@id\":\"https:\/\/www.travel3.com.br\/site\/#organization\",\"name\":\"Travel3\",\"url\":\"https:\/\/www.travel3.com.br\/site\/\",\"logo\":{\"@type\":\"ImageObject\",\"inLanguage\":\"pt-BR\",\"@id\":\"https:\/\/www.travel3.com.br\/site\/#\/schema\/logo\/image\/\",\"url\":\"https:\/\/www.travel3.com.br\/site\/wp-content\/uploads\/2020\/01\/logo-travel3-2020.png\",\"contentUrl\":\"https:\/\/www.travel3.com.br\/site\/wp-content\/uploads\/2020\/01\/logo-travel3-2020.png\",\"width\":232,\"height\":79,\"caption\":\"Travel3\"},\"image\":{\"@id\":\"https:\/\/www.travel3.com.br\/site\/#\/schema\/logo\/image\/\"},\"sameAs\":[\"https:\/\/www.facebook.com\/travel3media\/\",\"https:\/\/www.instagram.com\/revistatravel3\/\",\"https:\/\/www.youtube.com\/channel\/UCno7J4paGBR3VbZQzvoJ9Eg\"]},{\"@type\":\"Person\",\"@id\":\"https:\/\/www.travel3.com.br\/site\/#\/schema\/person\/ad24a6ccba88dcd54877f3d2fb76c605\",\"name\":\"Claudia Tonaco\",\"image\":{\"@type\":\"ImageObject\",\"inLanguage\":\"pt-BR\",\"@id\":\"https:\/\/www.travel3.com.br\/site\/#\/schema\/person\/image\/\",\"url\":\"https:\/\/secure.gravatar.com\/avatar\/7c64bb31135bb8c28f49658a042f8b8a?s=96&d=mm&r=g\",\"contentUrl\":\"https:\/\/secure.gravatar.com\/avatar\/7c64bb31135bb8c28f49658a042f8b8a?s=96&d=mm&r=g\",\"caption\":\"Claudia Tonaco\"},\"sameAs\":[\"http:\/\/www.travel3.com.br\"],\"url\":\"https:\/\/www.travel3.com.br\/site\/author\/tonaco\/\"}]}<\/script>\n<!-- \/ Yoast SEO plugin. -->","yoast_head_json":{"title":"MEGAFAM MMTGAPNET 2017 TERMINA EM NOITE PORTUGUESA, COM CERTEZA - Travel3","description":"A TRAVEL3 \u00e9 um portal de conte\u00fado voltado para o turismo, encontre destinos, viagens, hospedagem, passagens, guias, not\u00edcias sobre o mercado do turismo, dicas de viagem, v\u00eddeos e podcast.","robots":{"index":"index","follow":"follow","max-snippet":"max-snippet:-1","max-image-preview":"max-image-preview:large","max-video-preview":"max-video-preview:-1"},"canonical":"https:\/\/www.travel3.com.br\/site\/destaque\/megafam-mmtgapnet-portugal-termina-em-noite-portuguesa-com-certeza\/","og_locale":"pt_BR","og_type":"article","og_title":"MEGAFAM MMTGAPNET 2017 TERMINA EM NOITE PORTUGUESA, COM CERTEZA - Travel3","og_description":"A TRAVEL3 \u00e9 um portal de conte\u00fado voltado para o turismo, encontre destinos, viagens, hospedagem, passagens, guias, not\u00edcias sobre o mercado do turismo, dicas de viagem, v\u00eddeos e podcast.","og_url":"https:\/\/www.travel3.com.br\/site\/destaque\/megafam-mmtgapnet-portugal-termina-em-noite-portuguesa-com-certeza\/","og_site_name":"Travel3","article_publisher":"https:\/\/www.facebook.com\/travel3media\/","article_published_time":"2017-11-18T19:46:14+00:00","article_modified_time":"2017-11-18T19:46:46+00:00","og_image":[{"width":1900,"height":1270,"url":"https:\/\/www.travel3.com.br\/site\/wp-content\/uploads\/2017\/11\/megafam-2017-premiacao056-e1512581062984.jpg","type":"image\/jpeg"}],"author":"Claudia Tonaco","twitter_card":"summary_large_image","twitter_misc":{"Escrito por":"Claudia Tonaco","Est. tempo de leitura":"2 minutos"},"schema":{"@context":"https:\/\/schema.org","@graph":[{"@type":"Article","@id":"https:\/\/www.travel3.com.br\/site\/destaque\/megafam-mmtgapnet-portugal-termina-em-noite-portuguesa-com-certeza\/#article","isPartOf":{"@id":"https:\/\/www.travel3.com.br\/site\/destaque\/megafam-mmtgapnet-portugal-termina-em-noite-portuguesa-com-certeza\/"},"author":{"name":"Claudia Tonaco","@id":"https:\/\/www.travel3.com.br\/site\/#\/schema\/person\/ad24a6ccba88dcd54877f3d2fb76c605"},"headline":"MEGAFAM MMTGAPNET 2017 TERMINA EM NOITE PORTUGUESA, COM CERTEZA","datePublished":"2017-11-18T19:46:14+00:00","dateModified":"2017-11-18T19:46:46+00:00","mainEntityOfPage":{"@id":"https:\/\/www.travel3.com.br\/site\/destaque\/megafam-mmtgapnet-portugal-termina-em-noite-portuguesa-com-certeza\/"},"wordCount":464,"commentCount":0,"publisher":{"@id":"https:\/\/www.travel3.com.br\/site\/#organization"},"image":{"@id":"https:\/\/www.travel3.com.br\/site\/destaque\/megafam-mmtgapnet-portugal-termina-em-noite-portuguesa-com-certeza\/#primaryimage"},"thumbnailUrl":"https:\/\/www.travel3.com.br\/site\/wp-content\/uploads\/2017\/11\/megafam-2017-premiacao056-e1512581062984.jpg","keywords":["Megafam MMTGapnet","MMTGapnet","Porto","Portugal","pr\u00eamio","radio Travel3","Tap Portugal","Vinho"],"articleSection":["Destaque","Eventos e Feiras","Operadoras"],"inLanguage":"pt-BR","potentialAction":[{"@type":"CommentAction","name":"Comment","target":["https:\/\/www.travel3.com.br\/site\/destaque\/megafam-mmtgapnet-portugal-termina-em-noite-portuguesa-com-certeza\/#respond"]}]},{"@type":"WebPage","@id":"https:\/\/www.travel3.com.br\/site\/destaque\/megafam-mmtgapnet-portugal-termina-em-noite-portuguesa-com-certeza\/","url":"https:\/\/www.travel3.com.br\/site\/destaque\/megafam-mmtgapnet-portugal-termina-em-noite-portuguesa-com-certeza\/","name":"MEGAFAM MMTGAPNET 2017 TERMINA EM NOITE PORTUGUESA, COM CERTEZA - Travel3","isPartOf":{"@id":"https:\/\/www.travel3.com.br\/site\/#website"},"primaryImageOfPage":{"@id":"https:\/\/www.travel3.com.br\/site\/destaque\/megafam-mmtgapnet-portugal-termina-em-noite-portuguesa-com-certeza\/#primaryimage"},"image":{"@id":"https:\/\/www.travel3.com.br\/site\/destaque\/megafam-mmtgapnet-portugal-termina-em-noite-portuguesa-com-certeza\/#primaryimage"},"thumbnailUrl":"https:\/\/www.travel3.com.br\/site\/wp-content\/uploads\/2017\/11\/megafam-2017-premiacao056-e1512581062984.jpg","datePublished":"2017-11-18T19:46:14+00:00","dateModified":"2017-11-18T19:46:46+00:00","description":"A TRAVEL3 \u00e9 um portal de conte\u00fado voltado para o turismo, encontre destinos, viagens, hospedagem, passagens, guias, not\u00edcias sobre o mercado do turismo, dicas de viagem, v\u00eddeos e podcast.","breadcrumb":{"@id":"https:\/\/www.travel3.com.br\/site\/destaque\/megafam-mmtgapnet-portugal-termina-em-noite-portuguesa-com-certeza\/#breadcrumb"},"inLanguage":"pt-BR","potentialAction":[{"@type":"ReadAction","target":["https:\/\/www.travel3.com.br\/site\/destaque\/megafam-mmtgapnet-portugal-termina-em-noite-portuguesa-com-certeza\/"]}]},{"@type":"ImageObject","inLanguage":"pt-BR","@id":"https:\/\/www.travel3.com.br\/site\/destaque\/megafam-mmtgapnet-portugal-termina-em-noite-portuguesa-com-certeza\/#primaryimage","url":"https:\/\/www.travel3.com.br\/site\/wp-content\/uploads\/2017\/11\/megafam-2017-premiacao056-e1512581062984.jpg","contentUrl":"https:\/\/www.travel3.com.br\/site\/wp-content\/uploads\/2017\/11\/megafam-2017-premiacao056-e1512581062984.jpg","width":1900,"height":1270,"caption":"O sorriso \"miss\u00e3o cumprida\", dos profissionais da MMTGapnet"},{"@type":"BreadcrumbList","@id":"https:\/\/www.travel3.com.br\/site\/destaque\/megafam-mmtgapnet-portugal-termina-em-noite-portuguesa-com-certeza\/#breadcrumb","itemListElement":[{"@type":"ListItem","position":1,"name":"In\u00edcio","item":"https:\/\/www.travel3.com.br\/site\/"},{"@type":"ListItem","position":2,"name":"MEGAFAM MMTGAPNET 2017 TERMINA EM NOITE PORTUGUESA, COM CERTEZA"}]},{"@type":"WebSite","@id":"https:\/\/www.travel3.com.br\/site\/#website","url":"https:\/\/www.travel3.com.br\/site\/","name":"Travel3","description":"Lazer + Neg&oacute;cios + Aventura","publisher":{"@id":"https:\/\/www.travel3.com.br\/site\/#organization"},"potentialAction":[{"@type":"SearchAction","target":{"@type":"EntryPoint","urlTemplate":"https:\/\/www.travel3.com.br\/site\/?s={search_term_string}"},"query-input":{"@type":"PropertyValueSpecification","valueRequired":true,"valueName":"search_term_string"}}],"inLanguage":"pt-BR"},{"@type":"Organization","@id":"https:\/\/www.travel3.com.br\/site\/#organization","name":"Travel3","url":"https:\/\/www.travel3.com.br\/site\/","logo":{"@type":"ImageObject","inLanguage":"pt-BR","@id":"https:\/\/www.travel3.com.br\/site\/#\/schema\/logo\/image\/","url":"https:\/\/www.travel3.com.br\/site\/wp-content\/uploads\/2020\/01\/logo-travel3-2020.png","contentUrl":"https:\/\/www.travel3.com.br\/site\/wp-content\/uploads\/2020\/01\/logo-travel3-2020.png","width":232,"height":79,"caption":"Travel3"},"image":{"@id":"https:\/\/www.travel3.com.br\/site\/#\/schema\/logo\/image\/"},"sameAs":["https:\/\/www.facebook.com\/travel3media\/","https:\/\/www.instagram.com\/revistatravel3\/","https:\/\/www.youtube.com\/channel\/UCno7J4paGBR3VbZQzvoJ9Eg"]},{"@type":"Person","@id":"https:\/\/www.travel3.com.br\/site\/#\/schema\/person\/ad24a6ccba88dcd54877f3d2fb76c605","name":"Claudia Tonaco","image":{"@type":"ImageObject","inLanguage":"pt-BR","@id":"https:\/\/www.travel3.com.br\/site\/#\/schema\/person\/image\/","url":"https:\/\/secure.gravatar.com\/avatar\/7c64bb31135bb8c28f49658a042f8b8a?s=96&d=mm&r=g","contentUrl":"https:\/\/secure.gravatar.com\/avatar\/7c64bb31135bb8c28f49658a042f8b8a?s=96&d=mm&r=g","caption":"Claudia Tonaco"},"sameAs":["http:\/\/www.travel3.com.br"],"url":"https:\/\/www.travel3.com.br\/site\/author\/tonaco\/"}]}},"_links":{"self":[{"href":"https:\/\/www.travel3.com.br\/site\/wp-json\/wp\/v2\/posts\/7592","targetHints":{"allow":["GET"]}}],"collection":[{"href":"https:\/\/www.travel3.com.br\/site\/wp-json\/wp\/v2\/posts"}],"about":[{"href":"https:\/\/www.travel3.com.br\/site\/wp-json\/wp\/v2\/types\/post"}],"author":[{"embeddable":true,"href":"https:\/\/www.travel3.com.br\/site\/wp-json\/wp\/v2\/users\/4"}],"replies":[{"embeddable":true,"href":"https:\/\/www.travel3.com.br\/site\/wp-json\/wp\/v2\/comments?post=7592"}],"version-history":[{"count":2,"href":"https:\/\/www.travel3.com.br\/site\/wp-json\/wp\/v2\/posts\/7592\/revisions"}],"predecessor-version":[{"id":7613,"href":"https:\/\/www.travel3.com.br\/site\/wp-json\/wp\/v2\/posts\/7592\/revisions\/7613"}],"wp:featuredmedia":[{"embeddable":true,"href":"https:\/\/www.travel3.com.br\/site\/wp-json\/wp\/v2\/media\/7593"}],"wp:attachment":[{"href":"https:\/\/www.travel3.com.br\/site\/wp-json\/wp\/v2\/media?parent=7592"}],"wp:term":[{"taxonomy":"category","embeddable":true,"href":"https:\/\/www.travel3.com.br\/site\/wp-json\/wp\/v2\/categories?post=7592"},{"taxonomy":"post_tag","embeddable":true,"href":"https:\/\/www.travel3.com.br\/site\/wp-json\/wp\/v2\/tags?post=7592"}],"curies":[{"name":"wp","href":"https:\/\/api.w.org\/{rel}","templated":true}]}}