{"id":75772,"date":"2025-04-14T12:50:06","date_gmt":"2025-04-14T15:50:06","guid":{"rendered":"https:\/\/www.travel3.com.br\/?p=75772"},"modified":"2025-04-14T12:50:08","modified_gmt":"2025-04-14T15:50:08","slug":"peru-reforca-atuacao-no-brasil-com-foco-em-turismo-diversificado","status":"publish","type":"post","link":"https:\/\/www.travel3.com.br\/site\/acontece-no-turismo\/peru-reforca-atuacao-no-brasil-com-foco-em-turismo-diversificado\/","title":{"rendered":"Peru refor\u00e7a atua\u00e7\u00e3o no Brasil com foco em turismo diversificado"},"content":{"rendered":"\n<h2 class=\"wp-block-heading\">Pa\u00eds apresenta atra\u00e7\u00f5es na WTM Latin America e amplia presen\u00e7a no mercado brasileiro<\/h2>\n\n\n\n<p>O Peru est\u00e1 participando da WTM Latin America 2025, que acontece de hoje, 14, e vai at\u00e9 16 de abril, no Expo Center Norte, em S\u00e3o Paulo. A presen\u00e7a ocorre em um momento de crescimento do turismo entre os dois pa\u00edses. Em 2024, o Brasil ocupou a quinta posi\u00e7\u00e3o no ranking de emissores de turistas para o Peru, com 184.725 visitantes, n\u00famero 41% maior que o registrado em 2023.<\/p>\n\n\n\n<p>A <strong><a href=\"https:\/\/www.peru.travel\/pt\" target=\"_blank\" rel=\"noreferrer noopener\">PROMPER\u00da<\/a><\/strong>, entidade oficial de promo\u00e7\u00e3o do turismo peruano, apresenta um estande com design baseado em constru\u00e7\u00f5es pr\u00e9-hisp\u00e2nicas. Com 210 m\u00b2, o espa\u00e7o abriga 20 expositores que destacam experi\u00eancias culturais, de natureza e de aventura, voltadas a diferentes perfis de viajantes.<\/p>\n\n\n<div class=\"wp-block-image\">\n<figure class=\"aligncenter size-large is-resized\"><img loading=\"lazy\" decoding=\"async\" width=\"1024\" height=\"682\" src=\"https:\/\/www.travel3.com.br\/site\/wp-content\/uploads\/2024\/06\/HUARAZ_ANCASH02_Easy-Resize.com_-1024x682.jpg\" alt=\"Julho no Peru - Huaraz\" class=\"wp-image-69198\" style=\"width:781px;height:auto\" srcset=\"https:\/\/www.travel3.com.br\/site\/wp-content\/uploads\/2024\/06\/HUARAZ_ANCASH02_Easy-Resize.com_-1024x682.jpg 1024w, https:\/\/www.travel3.com.br\/site\/wp-content\/uploads\/2024\/06\/HUARAZ_ANCASH02_Easy-Resize.com_-300x200.jpg 300w, https:\/\/www.travel3.com.br\/site\/wp-content\/uploads\/2024\/06\/HUARAZ_ANCASH02_Easy-Resize.com_-768x512.jpg 768w, https:\/\/www.travel3.com.br\/site\/wp-content\/uploads\/2024\/06\/HUARAZ_ANCASH02_Easy-Resize.com_-150x100.jpg 150w, https:\/\/www.travel3.com.br\/site\/wp-content\/uploads\/2024\/06\/HUARAZ_ANCASH02_Easy-Resize.com_-750x500.jpg 750w, https:\/\/www.travel3.com.br\/site\/wp-content\/uploads\/2024\/06\/HUARAZ_ANCASH02_Easy-Resize.com_-1140x760.jpg 1140w, https:\/\/www.travel3.com.br\/site\/wp-content\/uploads\/2024\/06\/HUARAZ_ANCASH02_Easy-Resize.com_.jpg 1280w\" sizes=\"auto, (max-width: 1024px) 100vw, 1024px\" \/><figcaption class=\"wp-element-caption\">Huaraz, ao norte do Peru (Foto: Divulga\u00e7\u00e3o)<\/figcaption><\/figure><\/div>\n\n\n<p>As empresas participantes s\u00e3o: Casa Andina Hoteles, DMC Peru Agency &amp; Mice, Domiruth Peru Travel, Exploor Peru, Fiesta Tours \/ Peru Luxury Journeys, HHP Hoteles Hacienda, Hilton Garden Inn Cusco &amp; Hilton Garden Inn Lima Miraflores, Hoteles Pullman &amp; Manto Gallery, Intursa Grupo Hotelero, Lima Tours, One Per\u00fa Travel, PDS Viajes &#8211; Per\u00fa Destino Seguro, Per\u00fa Jamuy Travel, Per\u00fa Travel Operador \u2013 Mayorista, Peru Vip Luxury Travel, Perurail, PTS Peru S.A.C., Salkantay Trekking Peru, Sun Gate Tours e Terra Per\u00fa.<\/p>\n\n\n\n<p>Durante a feira, o Peru evidencia atra\u00e7\u00f5es do turismo como Machu Picchu, os Andes, a capital Lima e experi\u00eancias ligadas \u00e0 culin\u00e1ria, ao bem-estar e \u00e0 viv\u00eancia em comunidades locais. No dia 15 de abril, \u00e0s 16h15, a influenciadora Patty Leone conduz uma apresenta\u00e7\u00e3o especial sobre o destino, com dicas de comunica\u00e7\u00e3o nas redes sociais.<\/p>\n\n\n<div class=\"wp-block-image\">\n<figure class=\"aligncenter size-large is-resized\"><img loading=\"lazy\" decoding=\"async\" width=\"1024\" height=\"682\" src=\"https:\/\/www.travel3.com.br\/site\/wp-content\/uploads\/2024\/07\/MACHU-PICCHU-credito-Divulgacao-PROMPERU_Easy-Resize.com_-1024x682.jpg\" alt=\"Machu Picchu, Peru\" class=\"wp-image-69975\" style=\"width:826px;height:auto\" srcset=\"https:\/\/www.travel3.com.br\/site\/wp-content\/uploads\/2024\/07\/MACHU-PICCHU-credito-Divulgacao-PROMPERU_Easy-Resize.com_-1024x682.jpg 1024w, https:\/\/www.travel3.com.br\/site\/wp-content\/uploads\/2024\/07\/MACHU-PICCHU-credito-Divulgacao-PROMPERU_Easy-Resize.com_-300x200.jpg 300w, https:\/\/www.travel3.com.br\/site\/wp-content\/uploads\/2024\/07\/MACHU-PICCHU-credito-Divulgacao-PROMPERU_Easy-Resize.com_-768x512.jpg 768w, https:\/\/www.travel3.com.br\/site\/wp-content\/uploads\/2024\/07\/MACHU-PICCHU-credito-Divulgacao-PROMPERU_Easy-Resize.com_-150x100.jpg 150w, https:\/\/www.travel3.com.br\/site\/wp-content\/uploads\/2024\/07\/MACHU-PICCHU-credito-Divulgacao-PROMPERU_Easy-Resize.com_-750x500.jpg 750w, https:\/\/www.travel3.com.br\/site\/wp-content\/uploads\/2024\/07\/MACHU-PICCHU-credito-Divulgacao-PROMPERU_Easy-Resize.com_-1140x760.jpg 1140w, https:\/\/www.travel3.com.br\/site\/wp-content\/uploads\/2024\/07\/MACHU-PICCHU-credito-Divulgacao-PROMPERU_Easy-Resize.com_.jpg 1280w\" sizes=\"auto, (max-width: 1024px) 100vw, 1024px\" \/><figcaption class=\"wp-element-caption\">Machu Picchu, Peru (Foto: Divulga\u00e7\u00e3o\/ PROMPER\u00da)<\/figcaption><\/figure><\/div>\n\n\n<p>A PROMPER\u00da vem ampliando a\u00e7\u00f5es promocionais no Brasil, incluindo capacita\u00e7\u00f5es para o setor tur\u00edstico e campanhas como a <strong><a href=\"https:\/\/www.travel3.com.br\/destaque\/peru-week-incentiva-viagens-com-ofertas-exclusivas\/\" target=\"_blank\" rel=\"noreferrer noopener\">Peru Week<\/a><\/strong>, que facilita o acesso a promo\u00e7\u00f5es em passagens, hospedagens e pacotes.<\/p>\n\n\n\n<p>Atualmente, o pa\u00eds conta com 42 voos diretos semanais que conectam Lima a S\u00e3o Paulo, Rio de Janeiro, Bras\u00edlia, Porto Alegre e Curitiba. O tempo m\u00e9dio de voo varia entre quatro horas e meia e cinco horas, o que refor\u00e7a a proximidade geogr\u00e1fica entre os dois mercados.<\/p>\n\n\n\n<p><strong>Silvia Seperack<\/strong>, conselheira econ\u00f4mico-comercial da PROMPER\u00da no Brasil, afirma que a presen\u00e7a na <strong>WTM Latin America<\/strong> fortalece a rela\u00e7\u00e3o do Peru com o mercado do turismo brasileiro e impulsiona a imagem do pa\u00eds como destino acess\u00edvel e diverso.<\/p>\n","protected":false},"excerpt":{"rendered":"<p>Pa\u00eds apresenta atra\u00e7\u00f5es na WTM Latin America e amplia presen\u00e7a no mercado brasileiro<\/p>\n","protected":false},"author":5,"featured_media":70476,"comment_status":"open","ping_status":"open","sticky":false,"template":"","format":"standard","meta":{"footnotes":""},"categories":[969],"tags":[962,5408,6131,6059],"class_list":["post-75772","post","type-post","status-publish","format-standard","has-post-thumbnail","hentry","category-acontece-no-turismo","tag-peru","tag-peru-travel","tag-promperu-2","tag-wtm-latin-america-2025"],"yoast_head":"<!-- This site is optimized with the Yoast SEO plugin v26.2 - https:\/\/yoast.com\/wordpress\/plugins\/seo\/ -->\n<title>Peru refor\u00e7a atua\u00e7\u00e3o no Brasil com foco em turismo diversificado - Travel3<\/title>\n<meta name=\"description\" content=\"Peru refor\u00e7a atua\u00e7\u00e3o no Brasil com foco em turismo diversificado; Pa\u00eds apresenta atra\u00e7\u00f5es na WTM Latin America e amplia presen\u00e7a no mercado\" \/>\n<meta name=\"robots\" content=\"index, follow, max-snippet:-1, max-image-preview:large, max-video-preview:-1\" \/>\n<link rel=\"canonical\" href=\"https:\/\/www.travel3.com.br\/site\/acontece-no-turismo\/peru-reforca-atuacao-no-brasil-com-foco-em-turismo-diversificado\/\" \/>\n<meta property=\"og:locale\" content=\"pt_BR\" \/>\n<meta property=\"og:type\" content=\"article\" \/>\n<meta property=\"og:title\" content=\"Peru refor\u00e7a atua\u00e7\u00e3o no Brasil com foco em turismo diversificado - Travel3\" \/>\n<meta property=\"og:description\" content=\"Peru refor\u00e7a atua\u00e7\u00e3o no Brasil com foco em turismo diversificado; Pa\u00eds apresenta atra\u00e7\u00f5es na WTM Latin America e amplia presen\u00e7a no mercado\" \/>\n<meta property=\"og:url\" content=\"https:\/\/www.travel3.com.br\/site\/acontece-no-turismo\/peru-reforca-atuacao-no-brasil-com-foco-em-turismo-diversificado\/\" \/>\n<meta property=\"og:site_name\" content=\"Travel3\" \/>\n<meta property=\"article:publisher\" content=\"https:\/\/www.facebook.com\/travel3media\/\" \/>\n<meta property=\"article:published_time\" content=\"2025-04-14T15:50:06+00:00\" \/>\n<meta property=\"article:modified_time\" content=\"2025-04-14T15:50:08+00:00\" \/>\n<meta property=\"og:image\" content=\"https:\/\/www.travel3.com.br\/site\/wp-content\/uploads\/2024\/08\/Cusco_Easy-Resize.com_.jpg\" \/>\n\t<meta property=\"og:image:width\" content=\"1280\" \/>\n\t<meta property=\"og:image:height\" content=\"960\" \/>\n\t<meta property=\"og:image:type\" content=\"image\/jpeg\" \/>\n<meta name=\"author\" content=\"Reda\u00e7\u00e3o Travel3\" \/>\n<meta name=\"twitter:card\" content=\"summary_large_image\" \/>\n<meta name=\"twitter:label1\" content=\"Escrito por\" \/>\n\t<meta name=\"twitter:data1\" content=\"Reda\u00e7\u00e3o Travel3\" \/>\n\t<meta name=\"twitter:label2\" content=\"Est. tempo de leitura\" \/>\n\t<meta name=\"twitter:data2\" content=\"3 minutos\" \/>\n<script type=\"application\/ld+json\" class=\"yoast-schema-graph\">{\"@context\":\"https:\/\/schema.org\",\"@graph\":[{\"@type\":\"Article\",\"@id\":\"https:\/\/www.travel3.com.br\/site\/acontece-no-turismo\/peru-reforca-atuacao-no-brasil-com-foco-em-turismo-diversificado\/#article\",\"isPartOf\":{\"@id\":\"https:\/\/www.travel3.com.br\/site\/acontece-no-turismo\/peru-reforca-atuacao-no-brasil-com-foco-em-turismo-diversificado\/\"},\"author\":{\"name\":\"Reda\u00e7\u00e3o Travel3\",\"@id\":\"https:\/\/www.travel3.com.br\/site\/#\/schema\/person\/89251b0320bc67697de92249f97f3fdb\"},\"headline\":\"Peru refor\u00e7a atua\u00e7\u00e3o no Brasil com foco em turismo diversificado\",\"datePublished\":\"2025-04-14T15:50:06+00:00\",\"dateModified\":\"2025-04-14T15:50:08+00:00\",\"mainEntityOfPage\":{\"@id\":\"https:\/\/www.travel3.com.br\/site\/acontece-no-turismo\/peru-reforca-atuacao-no-brasil-com-foco-em-turismo-diversificado\/\"},\"wordCount\":424,\"commentCount\":0,\"publisher\":{\"@id\":\"https:\/\/www.travel3.com.br\/site\/#organization\"},\"image\":{\"@id\":\"https:\/\/www.travel3.com.br\/site\/acontece-no-turismo\/peru-reforca-atuacao-no-brasil-com-foco-em-turismo-diversificado\/#primaryimage\"},\"thumbnailUrl\":\"https:\/\/www.travel3.com.br\/site\/wp-content\/uploads\/2024\/08\/Cusco_Easy-Resize.com_.jpg\",\"keywords\":[\"peru\",\"Peru Travel\",\"Promper\u00fa\",\"WTM Latin America 2025\"],\"articleSection\":[\"Acontece no Turismo\"],\"inLanguage\":\"pt-BR\",\"potentialAction\":[{\"@type\":\"CommentAction\",\"name\":\"Comment\",\"target\":[\"https:\/\/www.travel3.com.br\/site\/acontece-no-turismo\/peru-reforca-atuacao-no-brasil-com-foco-em-turismo-diversificado\/#respond\"]}]},{\"@type\":\"WebPage\",\"@id\":\"https:\/\/www.travel3.com.br\/site\/acontece-no-turismo\/peru-reforca-atuacao-no-brasil-com-foco-em-turismo-diversificado\/\",\"url\":\"https:\/\/www.travel3.com.br\/site\/acontece-no-turismo\/peru-reforca-atuacao-no-brasil-com-foco-em-turismo-diversificado\/\",\"name\":\"Peru refor\u00e7a atua\u00e7\u00e3o no Brasil com foco em turismo diversificado - Travel3\",\"isPartOf\":{\"@id\":\"https:\/\/www.travel3.com.br\/site\/#website\"},\"primaryImageOfPage\":{\"@id\":\"https:\/\/www.travel3.com.br\/site\/acontece-no-turismo\/peru-reforca-atuacao-no-brasil-com-foco-em-turismo-diversificado\/#primaryimage\"},\"image\":{\"@id\":\"https:\/\/www.travel3.com.br\/site\/acontece-no-turismo\/peru-reforca-atuacao-no-brasil-com-foco-em-turismo-diversificado\/#primaryimage\"},\"thumbnailUrl\":\"https:\/\/www.travel3.com.br\/site\/wp-content\/uploads\/2024\/08\/Cusco_Easy-Resize.com_.jpg\",\"datePublished\":\"2025-04-14T15:50:06+00:00\",\"dateModified\":\"2025-04-14T15:50:08+00:00\",\"description\":\"Peru refor\u00e7a atua\u00e7\u00e3o no Brasil com foco em turismo diversificado; Pa\u00eds apresenta atra\u00e7\u00f5es na WTM Latin America e amplia presen\u00e7a no mercado\",\"breadcrumb\":{\"@id\":\"https:\/\/www.travel3.com.br\/site\/acontece-no-turismo\/peru-reforca-atuacao-no-brasil-com-foco-em-turismo-diversificado\/#breadcrumb\"},\"inLanguage\":\"pt-BR\",\"potentialAction\":[{\"@type\":\"ReadAction\",\"target\":[\"https:\/\/www.travel3.com.br\/site\/acontece-no-turismo\/peru-reforca-atuacao-no-brasil-com-foco-em-turismo-diversificado\/\"]}]},{\"@type\":\"ImageObject\",\"inLanguage\":\"pt-BR\",\"@id\":\"https:\/\/www.travel3.com.br\/site\/acontece-no-turismo\/peru-reforca-atuacao-no-brasil-com-foco-em-turismo-diversificado\/#primaryimage\",\"url\":\"https:\/\/www.travel3.com.br\/site\/wp-content\/uploads\/2024\/08\/Cusco_Easy-Resize.com_.jpg\",\"contentUrl\":\"https:\/\/www.travel3.com.br\/site\/wp-content\/uploads\/2024\/08\/Cusco_Easy-Resize.com_.jpg\",\"width\":1280,\"height\":960,\"caption\":\"Cusco, no Peru (Foto: Divulga\u00e7\u00e3o)\"},{\"@type\":\"BreadcrumbList\",\"@id\":\"https:\/\/www.travel3.com.br\/site\/acontece-no-turismo\/peru-reforca-atuacao-no-brasil-com-foco-em-turismo-diversificado\/#breadcrumb\",\"itemListElement\":[{\"@type\":\"ListItem\",\"position\":1,\"name\":\"In\u00edcio\",\"item\":\"https:\/\/www.travel3.com.br\/site\/\"},{\"@type\":\"ListItem\",\"position\":2,\"name\":\"Peru refor\u00e7a atua\u00e7\u00e3o no Brasil com foco em turismo diversificado\"}]},{\"@type\":\"WebSite\",\"@id\":\"https:\/\/www.travel3.com.br\/site\/#website\",\"url\":\"https:\/\/www.travel3.com.br\/site\/\",\"name\":\"Travel3\",\"description\":\"Lazer + Neg&oacute;cios + Aventura\",\"publisher\":{\"@id\":\"https:\/\/www.travel3.com.br\/site\/#organization\"},\"potentialAction\":[{\"@type\":\"SearchAction\",\"target\":{\"@type\":\"EntryPoint\",\"urlTemplate\":\"https:\/\/www.travel3.com.br\/site\/?s={search_term_string}\"},\"query-input\":{\"@type\":\"PropertyValueSpecification\",\"valueRequired\":true,\"valueName\":\"search_term_string\"}}],\"inLanguage\":\"pt-BR\"},{\"@type\":\"Organization\",\"@id\":\"https:\/\/www.travel3.com.br\/site\/#organization\",\"name\":\"Travel3\",\"url\":\"https:\/\/www.travel3.com.br\/site\/\",\"logo\":{\"@type\":\"ImageObject\",\"inLanguage\":\"pt-BR\",\"@id\":\"https:\/\/www.travel3.com.br\/site\/#\/schema\/logo\/image\/\",\"url\":\"https:\/\/www.travel3.com.br\/site\/wp-content\/uploads\/2020\/01\/logo-travel3-2020.png\",\"contentUrl\":\"https:\/\/www.travel3.com.br\/site\/wp-content\/uploads\/2020\/01\/logo-travel3-2020.png\",\"width\":232,\"height\":79,\"caption\":\"Travel3\"},\"image\":{\"@id\":\"https:\/\/www.travel3.com.br\/site\/#\/schema\/logo\/image\/\"},\"sameAs\":[\"https:\/\/www.facebook.com\/travel3media\/\",\"https:\/\/www.instagram.com\/revistatravel3\/\",\"https:\/\/www.youtube.com\/channel\/UCno7J4paGBR3VbZQzvoJ9Eg\"]},{\"@type\":\"Person\",\"@id\":\"https:\/\/www.travel3.com.br\/site\/#\/schema\/person\/89251b0320bc67697de92249f97f3fdb\",\"name\":\"Reda\u00e7\u00e3o Travel3\",\"image\":{\"@type\":\"ImageObject\",\"inLanguage\":\"pt-BR\",\"@id\":\"https:\/\/www.travel3.com.br\/site\/#\/schema\/person\/image\/\",\"url\":\"https:\/\/secure.gravatar.com\/avatar\/85a5ec2ad99b1932f671ebf50c117db6?s=96&d=mm&r=g\",\"contentUrl\":\"https:\/\/secure.gravatar.com\/avatar\/85a5ec2ad99b1932f671ebf50c117db6?s=96&d=mm&r=g\",\"caption\":\"Reda\u00e7\u00e3o Travel3\"},\"sameAs\":[\"http:\/\/www.travel3.com.br\/\"],\"url\":\"https:\/\/www.travel3.com.br\/site\/author\/redacao\/\"}]}<\/script>\n<!-- \/ Yoast SEO plugin. -->","yoast_head_json":{"title":"Peru refor\u00e7a atua\u00e7\u00e3o no Brasil com foco em turismo diversificado - Travel3","description":"Peru refor\u00e7a atua\u00e7\u00e3o no Brasil com foco em turismo diversificado; Pa\u00eds apresenta atra\u00e7\u00f5es na WTM Latin America e amplia presen\u00e7a no mercado","robots":{"index":"index","follow":"follow","max-snippet":"max-snippet:-1","max-image-preview":"max-image-preview:large","max-video-preview":"max-video-preview:-1"},"canonical":"https:\/\/www.travel3.com.br\/site\/acontece-no-turismo\/peru-reforca-atuacao-no-brasil-com-foco-em-turismo-diversificado\/","og_locale":"pt_BR","og_type":"article","og_title":"Peru refor\u00e7a atua\u00e7\u00e3o no Brasil com foco em turismo diversificado - Travel3","og_description":"Peru refor\u00e7a atua\u00e7\u00e3o no Brasil com foco em turismo diversificado; Pa\u00eds apresenta atra\u00e7\u00f5es na WTM Latin America e amplia presen\u00e7a no mercado","og_url":"https:\/\/www.travel3.com.br\/site\/acontece-no-turismo\/peru-reforca-atuacao-no-brasil-com-foco-em-turismo-diversificado\/","og_site_name":"Travel3","article_publisher":"https:\/\/www.facebook.com\/travel3media\/","article_published_time":"2025-04-14T15:50:06+00:00","article_modified_time":"2025-04-14T15:50:08+00:00","og_image":[{"width":1280,"height":960,"url":"https:\/\/www.travel3.com.br\/site\/wp-content\/uploads\/2024\/08\/Cusco_Easy-Resize.com_.jpg","type":"image\/jpeg"}],"author":"Reda\u00e7\u00e3o Travel3","twitter_card":"summary_large_image","twitter_misc":{"Escrito por":"Reda\u00e7\u00e3o Travel3","Est. tempo de leitura":"3 minutos"},"schema":{"@context":"https:\/\/schema.org","@graph":[{"@type":"Article","@id":"https:\/\/www.travel3.com.br\/site\/acontece-no-turismo\/peru-reforca-atuacao-no-brasil-com-foco-em-turismo-diversificado\/#article","isPartOf":{"@id":"https:\/\/www.travel3.com.br\/site\/acontece-no-turismo\/peru-reforca-atuacao-no-brasil-com-foco-em-turismo-diversificado\/"},"author":{"name":"Reda\u00e7\u00e3o Travel3","@id":"https:\/\/www.travel3.com.br\/site\/#\/schema\/person\/89251b0320bc67697de92249f97f3fdb"},"headline":"Peru refor\u00e7a atua\u00e7\u00e3o no Brasil com foco em turismo diversificado","datePublished":"2025-04-14T15:50:06+00:00","dateModified":"2025-04-14T15:50:08+00:00","mainEntityOfPage":{"@id":"https:\/\/www.travel3.com.br\/site\/acontece-no-turismo\/peru-reforca-atuacao-no-brasil-com-foco-em-turismo-diversificado\/"},"wordCount":424,"commentCount":0,"publisher":{"@id":"https:\/\/www.travel3.com.br\/site\/#organization"},"image":{"@id":"https:\/\/www.travel3.com.br\/site\/acontece-no-turismo\/peru-reforca-atuacao-no-brasil-com-foco-em-turismo-diversificado\/#primaryimage"},"thumbnailUrl":"https:\/\/www.travel3.com.br\/site\/wp-content\/uploads\/2024\/08\/Cusco_Easy-Resize.com_.jpg","keywords":["peru","Peru Travel","Promper\u00fa","WTM Latin America 2025"],"articleSection":["Acontece no Turismo"],"inLanguage":"pt-BR","potentialAction":[{"@type":"CommentAction","name":"Comment","target":["https:\/\/www.travel3.com.br\/site\/acontece-no-turismo\/peru-reforca-atuacao-no-brasil-com-foco-em-turismo-diversificado\/#respond"]}]},{"@type":"WebPage","@id":"https:\/\/www.travel3.com.br\/site\/acontece-no-turismo\/peru-reforca-atuacao-no-brasil-com-foco-em-turismo-diversificado\/","url":"https:\/\/www.travel3.com.br\/site\/acontece-no-turismo\/peru-reforca-atuacao-no-brasil-com-foco-em-turismo-diversificado\/","name":"Peru refor\u00e7a atua\u00e7\u00e3o no Brasil com foco em turismo diversificado - Travel3","isPartOf":{"@id":"https:\/\/www.travel3.com.br\/site\/#website"},"primaryImageOfPage":{"@id":"https:\/\/www.travel3.com.br\/site\/acontece-no-turismo\/peru-reforca-atuacao-no-brasil-com-foco-em-turismo-diversificado\/#primaryimage"},"image":{"@id":"https:\/\/www.travel3.com.br\/site\/acontece-no-turismo\/peru-reforca-atuacao-no-brasil-com-foco-em-turismo-diversificado\/#primaryimage"},"thumbnailUrl":"https:\/\/www.travel3.com.br\/site\/wp-content\/uploads\/2024\/08\/Cusco_Easy-Resize.com_.jpg","datePublished":"2025-04-14T15:50:06+00:00","dateModified":"2025-04-14T15:50:08+00:00","description":"Peru refor\u00e7a atua\u00e7\u00e3o no Brasil com foco em turismo diversificado; Pa\u00eds apresenta atra\u00e7\u00f5es na WTM Latin America e amplia presen\u00e7a no mercado","breadcrumb":{"@id":"https:\/\/www.travel3.com.br\/site\/acontece-no-turismo\/peru-reforca-atuacao-no-brasil-com-foco-em-turismo-diversificado\/#breadcrumb"},"inLanguage":"pt-BR","potentialAction":[{"@type":"ReadAction","target":["https:\/\/www.travel3.com.br\/site\/acontece-no-turismo\/peru-reforca-atuacao-no-brasil-com-foco-em-turismo-diversificado\/"]}]},{"@type":"ImageObject","inLanguage":"pt-BR","@id":"https:\/\/www.travel3.com.br\/site\/acontece-no-turismo\/peru-reforca-atuacao-no-brasil-com-foco-em-turismo-diversificado\/#primaryimage","url":"https:\/\/www.travel3.com.br\/site\/wp-content\/uploads\/2024\/08\/Cusco_Easy-Resize.com_.jpg","contentUrl":"https:\/\/www.travel3.com.br\/site\/wp-content\/uploads\/2024\/08\/Cusco_Easy-Resize.com_.jpg","width":1280,"height":960,"caption":"Cusco, no Peru (Foto: Divulga\u00e7\u00e3o)"},{"@type":"BreadcrumbList","@id":"https:\/\/www.travel3.com.br\/site\/acontece-no-turismo\/peru-reforca-atuacao-no-brasil-com-foco-em-turismo-diversificado\/#breadcrumb","itemListElement":[{"@type":"ListItem","position":1,"name":"In\u00edcio","item":"https:\/\/www.travel3.com.br\/site\/"},{"@type":"ListItem","position":2,"name":"Peru refor\u00e7a atua\u00e7\u00e3o no Brasil com foco em turismo diversificado"}]},{"@type":"WebSite","@id":"https:\/\/www.travel3.com.br\/site\/#website","url":"https:\/\/www.travel3.com.br\/site\/","name":"Travel3","description":"Lazer + Neg&oacute;cios + Aventura","publisher":{"@id":"https:\/\/www.travel3.com.br\/site\/#organization"},"potentialAction":[{"@type":"SearchAction","target":{"@type":"EntryPoint","urlTemplate":"https:\/\/www.travel3.com.br\/site\/?s={search_term_string}"},"query-input":{"@type":"PropertyValueSpecification","valueRequired":true,"valueName":"search_term_string"}}],"inLanguage":"pt-BR"},{"@type":"Organization","@id":"https:\/\/www.travel3.com.br\/site\/#organization","name":"Travel3","url":"https:\/\/www.travel3.com.br\/site\/","logo":{"@type":"ImageObject","inLanguage":"pt-BR","@id":"https:\/\/www.travel3.com.br\/site\/#\/schema\/logo\/image\/","url":"https:\/\/www.travel3.com.br\/site\/wp-content\/uploads\/2020\/01\/logo-travel3-2020.png","contentUrl":"https:\/\/www.travel3.com.br\/site\/wp-content\/uploads\/2020\/01\/logo-travel3-2020.png","width":232,"height":79,"caption":"Travel3"},"image":{"@id":"https:\/\/www.travel3.com.br\/site\/#\/schema\/logo\/image\/"},"sameAs":["https:\/\/www.facebook.com\/travel3media\/","https:\/\/www.instagram.com\/revistatravel3\/","https:\/\/www.youtube.com\/channel\/UCno7J4paGBR3VbZQzvoJ9Eg"]},{"@type":"Person","@id":"https:\/\/www.travel3.com.br\/site\/#\/schema\/person\/89251b0320bc67697de92249f97f3fdb","name":"Reda\u00e7\u00e3o Travel3","image":{"@type":"ImageObject","inLanguage":"pt-BR","@id":"https:\/\/www.travel3.com.br\/site\/#\/schema\/person\/image\/","url":"https:\/\/secure.gravatar.com\/avatar\/85a5ec2ad99b1932f671ebf50c117db6?s=96&d=mm&r=g","contentUrl":"https:\/\/secure.gravatar.com\/avatar\/85a5ec2ad99b1932f671ebf50c117db6?s=96&d=mm&r=g","caption":"Reda\u00e7\u00e3o Travel3"},"sameAs":["http:\/\/www.travel3.com.br\/"],"url":"https:\/\/www.travel3.com.br\/site\/author\/redacao\/"}]}},"_links":{"self":[{"href":"https:\/\/www.travel3.com.br\/site\/wp-json\/wp\/v2\/posts\/75772","targetHints":{"allow":["GET"]}}],"collection":[{"href":"https:\/\/www.travel3.com.br\/site\/wp-json\/wp\/v2\/posts"}],"about":[{"href":"https:\/\/www.travel3.com.br\/site\/wp-json\/wp\/v2\/types\/post"}],"author":[{"embeddable":true,"href":"https:\/\/www.travel3.com.br\/site\/wp-json\/wp\/v2\/users\/5"}],"replies":[{"embeddable":true,"href":"https:\/\/www.travel3.com.br\/site\/wp-json\/wp\/v2\/comments?post=75772"}],"version-history":[{"count":3,"href":"https:\/\/www.travel3.com.br\/site\/wp-json\/wp\/v2\/posts\/75772\/revisions"}],"predecessor-version":[{"id":75835,"href":"https:\/\/www.travel3.com.br\/site\/wp-json\/wp\/v2\/posts\/75772\/revisions\/75835"}],"wp:featuredmedia":[{"embeddable":true,"href":"https:\/\/www.travel3.com.br\/site\/wp-json\/wp\/v2\/media\/70476"}],"wp:attachment":[{"href":"https:\/\/www.travel3.com.br\/site\/wp-json\/wp\/v2\/media?parent=75772"}],"wp:term":[{"taxonomy":"category","embeddable":true,"href":"https:\/\/www.travel3.com.br\/site\/wp-json\/wp\/v2\/categories?post=75772"},{"taxonomy":"post_tag","embeddable":true,"href":"https:\/\/www.travel3.com.br\/site\/wp-json\/wp\/v2\/tags?post=75772"}],"curies":[{"name":"wp","href":"https:\/\/api.w.org\/{rel}","templated":true}]}}