{"id":75765,"date":"2025-04-11T08:15:41","date_gmt":"2025-04-11T11:15:41","guid":{"rendered":"https:\/\/www.travel3.com.br\/?p=75765"},"modified":"2025-04-11T08:15:42","modified_gmt":"2025-04-11T11:15:42","slug":"w-premium-group-inaugura-sala-vip-em-fortaleza","status":"publish","type":"post","link":"https:\/\/www.travel3.com.br\/site\/acontece-no-turismo\/w-premium-group-inaugura-sala-vip-em-fortaleza\/","title":{"rendered":"W Premium Group inaugura sala VIP em Fortaleza"},"content":{"rendered":"\n<h2 class=\"wp-block-heading\">Mais novo lounge do grupo oferece conforto e servi\u00e7os exclusivos para viajantes<\/h2>\n\n\n\n<p>W Premium Group, l\u00edder em servi\u00e7os de hospitalidade em aeroportos do Brasil, inaugura um novo lounge na \u00e1rea de embarque internacional do Aeroporto de Fortaleza. O espa\u00e7o expande a atua\u00e7\u00e3o do grupo na cidade e oferece mais uma op\u00e7\u00e3o premium para viajantes que buscam conforto e servi\u00e7os exclusivos antes do voo.<\/p>\n\n\n\n<p>A nova sala VIP conta com ambientes planejados para diferentes perfis de passageiros. H\u00e1 \u00e1reas de descanso com sof\u00e1s e poltronas, espa\u00e7o de trabalho equipado com bancadas e uma experi\u00eancia gastron\u00f4mica completa. O buffet inclui op\u00e7\u00f5es quentes e frias, al\u00e9m de um frigobar com bebidas n\u00e3o alco\u00f3licas. No bar, os clientes podem aproveitar um servi\u00e7o completo de drinks.<\/p>\n\n\n\n<p>A ambienta\u00e7\u00e3o do novo lounge destaca a cultura brasileira com elementos regionais, como quadros que retratam paisagens locais. M\u00f3veis em couro natural e ecol\u00f3gico, mesas de madeira e detalhes em concreto refor\u00e7am o design sofisticado e acolhedor do espa\u00e7o.<\/p>\n\n\n\n<p>O acesso ao lounge est\u00e1 <strong><a href=\"https:\/\/www.travel3.com.br\/acontece-no-turismo\/w-premium-group-firma-parceria-com-dragonpass\/\" target=\"_blank\" rel=\"noreferrer noopener\">dispon\u00edvel<\/a><\/strong> para clientes de programas como American Express, Visa, C6 Bank, Sisprime, Dragonpass, Assist Card, Coris, Hero e GTA.<\/p>\n\n\n<div class=\"wp-block-image\">\n<figure class=\"aligncenter size-large is-resized\"><img loading=\"lazy\" decoding=\"async\" width=\"819\" height=\"1024\" src=\"https:\/\/www.travel3.com.br\/site\/wp-content\/uploads\/2025\/02\/W-Premium-Fortaleza2_Easy-Resize.com_-819x1024.jpg\" alt=\"W Premium Fortaleza Dragonpass\" class=\"wp-image-74445\" style=\"width:595px;height:auto\" srcset=\"https:\/\/www.travel3.com.br\/site\/wp-content\/uploads\/2025\/02\/W-Premium-Fortaleza2_Easy-Resize.com_-819x1024.jpg 819w, https:\/\/www.travel3.com.br\/site\/wp-content\/uploads\/2025\/02\/W-Premium-Fortaleza2_Easy-Resize.com_-240x300.jpg 240w, https:\/\/www.travel3.com.br\/site\/wp-content\/uploads\/2025\/02\/W-Premium-Fortaleza2_Easy-Resize.com_-768x960.jpg 768w, https:\/\/www.travel3.com.br\/site\/wp-content\/uploads\/2025\/02\/W-Premium-Fortaleza2_Easy-Resize.com_-150x188.jpg 150w, https:\/\/www.travel3.com.br\/site\/wp-content\/uploads\/2025\/02\/W-Premium-Fortaleza2_Easy-Resize.com_-750x938.jpg 750w, https:\/\/www.travel3.com.br\/site\/wp-content\/uploads\/2025\/02\/W-Premium-Fortaleza2_Easy-Resize.com_.jpg 1024w\" sizes=\"auto, (max-width: 819px) 100vw, 819px\" \/><figcaption class=\"wp-element-caption\">W Premium Lounge Fortaleza (Foto: Divulga\u00e7\u00e3o)<\/figcaption><\/figure><\/div>\n\n\n<h3 class=\"wp-block-heading\">Expans\u00e3o no Brasil e na Am\u00e9rica do Sul<\/h3>\n\n\n\n<p>O W Premium Group opera 25 servi\u00e7os de hospitalidade em aeroportos brasileiros, incluindo 17 salas VIP em cidades como S\u00e3o Paulo, Recife, Porto Alegre, Bel\u00e9m e Goi\u00e2nia. A empresa tamb\u00e9m oferece servi\u00e7os como Meet &amp; Assist e Fast Pass.<\/p>\n\n\n\n<p>Al\u00e9m da atua\u00e7\u00e3o consolidada no Brasil, o grupo mant\u00e9m opera\u00e7\u00f5es na Argentina, com lounges em Ushuaia, El Calafate e Trelew. At\u00e9 o fim do ano, novas salas VIP ser\u00e3o inauguradas em Curitiba e Bel\u00e9m, refor\u00e7ando a estrat\u00e9gia de expans\u00e3o da empresa no mercado de turismo e avia\u00e7\u00e3o.<\/p>\n\n\n\n<p>Para mais informa\u00e7\u00f5es, acesse o <strong><a href=\"https:\/\/wpremiumlounge.com\/sobre\" target=\"_blank\" rel=\"noreferrer noopener\">site<\/a><\/strong>. <\/p>\n","protected":false},"excerpt":{"rendered":"<p>Mais novo lounge do grupo oferece conforto e servi\u00e7os exclusivos para viajantes<\/p>\n","protected":false},"author":5,"featured_media":75769,"comment_status":"open","ping_status":"open","sticky":false,"template":"","format":"standard","meta":{"footnotes":""},"categories":[969],"tags":[1037,5878,6327],"class_list":["post-75765","post","type-post","status-publish","format-standard","has-post-thumbnail","hentry","category-acontece-no-turismo","tag-sala-vip","tag-w-premium-group","tag-w-premium-lounge"],"yoast_head":"<!-- This site is optimized with the Yoast SEO plugin v26.2 - https:\/\/yoast.com\/wordpress\/plugins\/seo\/ -->\n<title>W Premium Group inaugura sala VIP em Fortaleza - Travel3<\/title>\n<meta name=\"description\" content=\"W Premium Group inaugura sala VIP em Fortaleza; Mais novo lounge do grupo oferece conforto e servi\u00e7os exclusivos para viajantes\" \/>\n<meta name=\"robots\" content=\"index, follow, max-snippet:-1, max-image-preview:large, max-video-preview:-1\" \/>\n<link rel=\"canonical\" href=\"https:\/\/www.travel3.com.br\/site\/acontece-no-turismo\/w-premium-group-inaugura-sala-vip-em-fortaleza\/\" \/>\n<meta property=\"og:locale\" content=\"pt_BR\" \/>\n<meta property=\"og:type\" content=\"article\" \/>\n<meta property=\"og:title\" content=\"W Premium Group inaugura sala VIP em Fortaleza - Travel3\" \/>\n<meta property=\"og:description\" content=\"W Premium Group inaugura sala VIP em Fortaleza; Mais novo lounge do grupo oferece conforto e servi\u00e7os exclusivos para viajantes\" \/>\n<meta property=\"og:url\" content=\"https:\/\/www.travel3.com.br\/site\/acontece-no-turismo\/w-premium-group-inaugura-sala-vip-em-fortaleza\/\" \/>\n<meta property=\"og:site_name\" content=\"Travel3\" \/>\n<meta property=\"article:publisher\" content=\"https:\/\/www.facebook.com\/travel3media\/\" \/>\n<meta property=\"article:published_time\" content=\"2025-04-11T11:15:41+00:00\" \/>\n<meta property=\"article:modified_time\" content=\"2025-04-11T11:15:42+00:00\" \/>\n<meta property=\"og:image\" content=\"https:\/\/www.travel3.com.br\/site\/wp-content\/uploads\/2025\/04\/Inauguracao-W-Premium-Fortaleza.jpg\" \/>\n\t<meta property=\"og:image:width\" content=\"1280\" \/>\n\t<meta property=\"og:image:height\" content=\"853\" \/>\n\t<meta property=\"og:image:type\" content=\"image\/jpeg\" \/>\n<meta name=\"author\" content=\"Reda\u00e7\u00e3o Travel3\" \/>\n<meta name=\"twitter:card\" content=\"summary_large_image\" \/>\n<meta name=\"twitter:label1\" content=\"Escrito por\" \/>\n\t<meta name=\"twitter:data1\" content=\"Reda\u00e7\u00e3o Travel3\" \/>\n\t<meta name=\"twitter:label2\" content=\"Est. tempo de leitura\" \/>\n\t<meta name=\"twitter:data2\" content=\"2 minutos\" \/>\n<script type=\"application\/ld+json\" class=\"yoast-schema-graph\">{\"@context\":\"https:\/\/schema.org\",\"@graph\":[{\"@type\":\"Article\",\"@id\":\"https:\/\/www.travel3.com.br\/site\/acontece-no-turismo\/w-premium-group-inaugura-sala-vip-em-fortaleza\/#article\",\"isPartOf\":{\"@id\":\"https:\/\/www.travel3.com.br\/site\/acontece-no-turismo\/w-premium-group-inaugura-sala-vip-em-fortaleza\/\"},\"author\":{\"name\":\"Reda\u00e7\u00e3o Travel3\",\"@id\":\"https:\/\/www.travel3.com.br\/site\/#\/schema\/person\/89251b0320bc67697de92249f97f3fdb\"},\"headline\":\"W Premium Group inaugura sala VIP em Fortaleza\",\"datePublished\":\"2025-04-11T11:15:41+00:00\",\"dateModified\":\"2025-04-11T11:15:42+00:00\",\"mainEntityOfPage\":{\"@id\":\"https:\/\/www.travel3.com.br\/site\/acontece-no-turismo\/w-premium-group-inaugura-sala-vip-em-fortaleza\/\"},\"wordCount\":338,\"commentCount\":0,\"publisher\":{\"@id\":\"https:\/\/www.travel3.com.br\/site\/#organization\"},\"image\":{\"@id\":\"https:\/\/www.travel3.com.br\/site\/acontece-no-turismo\/w-premium-group-inaugura-sala-vip-em-fortaleza\/#primaryimage\"},\"thumbnailUrl\":\"https:\/\/www.travel3.com.br\/site\/wp-content\/uploads\/2025\/04\/Inauguracao-W-Premium-Fortaleza.jpg\",\"keywords\":[\"sala vip\",\"W Premium Group\",\"w premium lounge\"],\"articleSection\":[\"Acontece no Turismo\"],\"inLanguage\":\"pt-BR\",\"potentialAction\":[{\"@type\":\"CommentAction\",\"name\":\"Comment\",\"target\":[\"https:\/\/www.travel3.com.br\/site\/acontece-no-turismo\/w-premium-group-inaugura-sala-vip-em-fortaleza\/#respond\"]}]},{\"@type\":\"WebPage\",\"@id\":\"https:\/\/www.travel3.com.br\/site\/acontece-no-turismo\/w-premium-group-inaugura-sala-vip-em-fortaleza\/\",\"url\":\"https:\/\/www.travel3.com.br\/site\/acontece-no-turismo\/w-premium-group-inaugura-sala-vip-em-fortaleza\/\",\"name\":\"W Premium Group inaugura sala VIP em Fortaleza - Travel3\",\"isPartOf\":{\"@id\":\"https:\/\/www.travel3.com.br\/site\/#website\"},\"primaryImageOfPage\":{\"@id\":\"https:\/\/www.travel3.com.br\/site\/acontece-no-turismo\/w-premium-group-inaugura-sala-vip-em-fortaleza\/#primaryimage\"},\"image\":{\"@id\":\"https:\/\/www.travel3.com.br\/site\/acontece-no-turismo\/w-premium-group-inaugura-sala-vip-em-fortaleza\/#primaryimage\"},\"thumbnailUrl\":\"https:\/\/www.travel3.com.br\/site\/wp-content\/uploads\/2025\/04\/Inauguracao-W-Premium-Fortaleza.jpg\",\"datePublished\":\"2025-04-11T11:15:41+00:00\",\"dateModified\":\"2025-04-11T11:15:42+00:00\",\"description\":\"W Premium Group inaugura sala VIP em Fortaleza; Mais novo lounge do grupo oferece conforto e servi\u00e7os exclusivos para viajantes\",\"breadcrumb\":{\"@id\":\"https:\/\/www.travel3.com.br\/site\/acontece-no-turismo\/w-premium-group-inaugura-sala-vip-em-fortaleza\/#breadcrumb\"},\"inLanguage\":\"pt-BR\",\"potentialAction\":[{\"@type\":\"ReadAction\",\"target\":[\"https:\/\/www.travel3.com.br\/site\/acontece-no-turismo\/w-premium-group-inaugura-sala-vip-em-fortaleza\/\"]}]},{\"@type\":\"ImageObject\",\"inLanguage\":\"pt-BR\",\"@id\":\"https:\/\/www.travel3.com.br\/site\/acontece-no-turismo\/w-premium-group-inaugura-sala-vip-em-fortaleza\/#primaryimage\",\"url\":\"https:\/\/www.travel3.com.br\/site\/wp-content\/uploads\/2025\/04\/Inauguracao-W-Premium-Fortaleza.jpg\",\"contentUrl\":\"https:\/\/www.travel3.com.br\/site\/wp-content\/uploads\/2025\/04\/Inauguracao-W-Premium-Fortaleza.jpg\",\"width\":1280,\"height\":853,\"caption\":\"Foto: Divulga\u00e7\u00e3o\"},{\"@type\":\"BreadcrumbList\",\"@id\":\"https:\/\/www.travel3.com.br\/site\/acontece-no-turismo\/w-premium-group-inaugura-sala-vip-em-fortaleza\/#breadcrumb\",\"itemListElement\":[{\"@type\":\"ListItem\",\"position\":1,\"name\":\"In\u00edcio\",\"item\":\"https:\/\/www.travel3.com.br\/site\/\"},{\"@type\":\"ListItem\",\"position\":2,\"name\":\"W Premium Group inaugura sala VIP em Fortaleza\"}]},{\"@type\":\"WebSite\",\"@id\":\"https:\/\/www.travel3.com.br\/site\/#website\",\"url\":\"https:\/\/www.travel3.com.br\/site\/\",\"name\":\"Travel3\",\"description\":\"Lazer + Neg&oacute;cios + Aventura\",\"publisher\":{\"@id\":\"https:\/\/www.travel3.com.br\/site\/#organization\"},\"potentialAction\":[{\"@type\":\"SearchAction\",\"target\":{\"@type\":\"EntryPoint\",\"urlTemplate\":\"https:\/\/www.travel3.com.br\/site\/?s={search_term_string}\"},\"query-input\":{\"@type\":\"PropertyValueSpecification\",\"valueRequired\":true,\"valueName\":\"search_term_string\"}}],\"inLanguage\":\"pt-BR\"},{\"@type\":\"Organization\",\"@id\":\"https:\/\/www.travel3.com.br\/site\/#organization\",\"name\":\"Travel3\",\"url\":\"https:\/\/www.travel3.com.br\/site\/\",\"logo\":{\"@type\":\"ImageObject\",\"inLanguage\":\"pt-BR\",\"@id\":\"https:\/\/www.travel3.com.br\/site\/#\/schema\/logo\/image\/\",\"url\":\"https:\/\/www.travel3.com.br\/site\/wp-content\/uploads\/2020\/01\/logo-travel3-2020.png\",\"contentUrl\":\"https:\/\/www.travel3.com.br\/site\/wp-content\/uploads\/2020\/01\/logo-travel3-2020.png\",\"width\":232,\"height\":79,\"caption\":\"Travel3\"},\"image\":{\"@id\":\"https:\/\/www.travel3.com.br\/site\/#\/schema\/logo\/image\/\"},\"sameAs\":[\"https:\/\/www.facebook.com\/travel3media\/\",\"https:\/\/www.instagram.com\/revistatravel3\/\",\"https:\/\/www.youtube.com\/channel\/UCno7J4paGBR3VbZQzvoJ9Eg\"]},{\"@type\":\"Person\",\"@id\":\"https:\/\/www.travel3.com.br\/site\/#\/schema\/person\/89251b0320bc67697de92249f97f3fdb\",\"name\":\"Reda\u00e7\u00e3o Travel3\",\"image\":{\"@type\":\"ImageObject\",\"inLanguage\":\"pt-BR\",\"@id\":\"https:\/\/www.travel3.com.br\/site\/#\/schema\/person\/image\/\",\"url\":\"https:\/\/secure.gravatar.com\/avatar\/85a5ec2ad99b1932f671ebf50c117db6?s=96&d=mm&r=g\",\"contentUrl\":\"https:\/\/secure.gravatar.com\/avatar\/85a5ec2ad99b1932f671ebf50c117db6?s=96&d=mm&r=g\",\"caption\":\"Reda\u00e7\u00e3o Travel3\"},\"sameAs\":[\"http:\/\/www.travel3.com.br\/\"],\"url\":\"https:\/\/www.travel3.com.br\/site\/author\/redacao\/\"}]}<\/script>\n<!-- \/ Yoast SEO plugin. -->","yoast_head_json":{"title":"W Premium Group inaugura sala VIP em Fortaleza - Travel3","description":"W Premium Group inaugura sala VIP em Fortaleza; Mais novo lounge do grupo oferece conforto e servi\u00e7os exclusivos para viajantes","robots":{"index":"index","follow":"follow","max-snippet":"max-snippet:-1","max-image-preview":"max-image-preview:large","max-video-preview":"max-video-preview:-1"},"canonical":"https:\/\/www.travel3.com.br\/site\/acontece-no-turismo\/w-premium-group-inaugura-sala-vip-em-fortaleza\/","og_locale":"pt_BR","og_type":"article","og_title":"W Premium Group inaugura sala VIP em Fortaleza - Travel3","og_description":"W Premium Group inaugura sala VIP em Fortaleza; Mais novo lounge do grupo oferece conforto e servi\u00e7os exclusivos para viajantes","og_url":"https:\/\/www.travel3.com.br\/site\/acontece-no-turismo\/w-premium-group-inaugura-sala-vip-em-fortaleza\/","og_site_name":"Travel3","article_publisher":"https:\/\/www.facebook.com\/travel3media\/","article_published_time":"2025-04-11T11:15:41+00:00","article_modified_time":"2025-04-11T11:15:42+00:00","og_image":[{"width":1280,"height":853,"url":"https:\/\/www.travel3.com.br\/site\/wp-content\/uploads\/2025\/04\/Inauguracao-W-Premium-Fortaleza.jpg","type":"image\/jpeg"}],"author":"Reda\u00e7\u00e3o Travel3","twitter_card":"summary_large_image","twitter_misc":{"Escrito por":"Reda\u00e7\u00e3o Travel3","Est. tempo de leitura":"2 minutos"},"schema":{"@context":"https:\/\/schema.org","@graph":[{"@type":"Article","@id":"https:\/\/www.travel3.com.br\/site\/acontece-no-turismo\/w-premium-group-inaugura-sala-vip-em-fortaleza\/#article","isPartOf":{"@id":"https:\/\/www.travel3.com.br\/site\/acontece-no-turismo\/w-premium-group-inaugura-sala-vip-em-fortaleza\/"},"author":{"name":"Reda\u00e7\u00e3o Travel3","@id":"https:\/\/www.travel3.com.br\/site\/#\/schema\/person\/89251b0320bc67697de92249f97f3fdb"},"headline":"W Premium Group inaugura sala VIP em Fortaleza","datePublished":"2025-04-11T11:15:41+00:00","dateModified":"2025-04-11T11:15:42+00:00","mainEntityOfPage":{"@id":"https:\/\/www.travel3.com.br\/site\/acontece-no-turismo\/w-premium-group-inaugura-sala-vip-em-fortaleza\/"},"wordCount":338,"commentCount":0,"publisher":{"@id":"https:\/\/www.travel3.com.br\/site\/#organization"},"image":{"@id":"https:\/\/www.travel3.com.br\/site\/acontece-no-turismo\/w-premium-group-inaugura-sala-vip-em-fortaleza\/#primaryimage"},"thumbnailUrl":"https:\/\/www.travel3.com.br\/site\/wp-content\/uploads\/2025\/04\/Inauguracao-W-Premium-Fortaleza.jpg","keywords":["sala vip","W Premium Group","w premium lounge"],"articleSection":["Acontece no Turismo"],"inLanguage":"pt-BR","potentialAction":[{"@type":"CommentAction","name":"Comment","target":["https:\/\/www.travel3.com.br\/site\/acontece-no-turismo\/w-premium-group-inaugura-sala-vip-em-fortaleza\/#respond"]}]},{"@type":"WebPage","@id":"https:\/\/www.travel3.com.br\/site\/acontece-no-turismo\/w-premium-group-inaugura-sala-vip-em-fortaleza\/","url":"https:\/\/www.travel3.com.br\/site\/acontece-no-turismo\/w-premium-group-inaugura-sala-vip-em-fortaleza\/","name":"W Premium Group inaugura sala VIP em Fortaleza - Travel3","isPartOf":{"@id":"https:\/\/www.travel3.com.br\/site\/#website"},"primaryImageOfPage":{"@id":"https:\/\/www.travel3.com.br\/site\/acontece-no-turismo\/w-premium-group-inaugura-sala-vip-em-fortaleza\/#primaryimage"},"image":{"@id":"https:\/\/www.travel3.com.br\/site\/acontece-no-turismo\/w-premium-group-inaugura-sala-vip-em-fortaleza\/#primaryimage"},"thumbnailUrl":"https:\/\/www.travel3.com.br\/site\/wp-content\/uploads\/2025\/04\/Inauguracao-W-Premium-Fortaleza.jpg","datePublished":"2025-04-11T11:15:41+00:00","dateModified":"2025-04-11T11:15:42+00:00","description":"W Premium Group inaugura sala VIP em Fortaleza; Mais novo lounge do grupo oferece conforto e servi\u00e7os exclusivos para viajantes","breadcrumb":{"@id":"https:\/\/www.travel3.com.br\/site\/acontece-no-turismo\/w-premium-group-inaugura-sala-vip-em-fortaleza\/#breadcrumb"},"inLanguage":"pt-BR","potentialAction":[{"@type":"ReadAction","target":["https:\/\/www.travel3.com.br\/site\/acontece-no-turismo\/w-premium-group-inaugura-sala-vip-em-fortaleza\/"]}]},{"@type":"ImageObject","inLanguage":"pt-BR","@id":"https:\/\/www.travel3.com.br\/site\/acontece-no-turismo\/w-premium-group-inaugura-sala-vip-em-fortaleza\/#primaryimage","url":"https:\/\/www.travel3.com.br\/site\/wp-content\/uploads\/2025\/04\/Inauguracao-W-Premium-Fortaleza.jpg","contentUrl":"https:\/\/www.travel3.com.br\/site\/wp-content\/uploads\/2025\/04\/Inauguracao-W-Premium-Fortaleza.jpg","width":1280,"height":853,"caption":"Foto: Divulga\u00e7\u00e3o"},{"@type":"BreadcrumbList","@id":"https:\/\/www.travel3.com.br\/site\/acontece-no-turismo\/w-premium-group-inaugura-sala-vip-em-fortaleza\/#breadcrumb","itemListElement":[{"@type":"ListItem","position":1,"name":"In\u00edcio","item":"https:\/\/www.travel3.com.br\/site\/"},{"@type":"ListItem","position":2,"name":"W Premium Group inaugura sala VIP em Fortaleza"}]},{"@type":"WebSite","@id":"https:\/\/www.travel3.com.br\/site\/#website","url":"https:\/\/www.travel3.com.br\/site\/","name":"Travel3","description":"Lazer + Neg&oacute;cios + Aventura","publisher":{"@id":"https:\/\/www.travel3.com.br\/site\/#organization"},"potentialAction":[{"@type":"SearchAction","target":{"@type":"EntryPoint","urlTemplate":"https:\/\/www.travel3.com.br\/site\/?s={search_term_string}"},"query-input":{"@type":"PropertyValueSpecification","valueRequired":true,"valueName":"search_term_string"}}],"inLanguage":"pt-BR"},{"@type":"Organization","@id":"https:\/\/www.travel3.com.br\/site\/#organization","name":"Travel3","url":"https:\/\/www.travel3.com.br\/site\/","logo":{"@type":"ImageObject","inLanguage":"pt-BR","@id":"https:\/\/www.travel3.com.br\/site\/#\/schema\/logo\/image\/","url":"https:\/\/www.travel3.com.br\/site\/wp-content\/uploads\/2020\/01\/logo-travel3-2020.png","contentUrl":"https:\/\/www.travel3.com.br\/site\/wp-content\/uploads\/2020\/01\/logo-travel3-2020.png","width":232,"height":79,"caption":"Travel3"},"image":{"@id":"https:\/\/www.travel3.com.br\/site\/#\/schema\/logo\/image\/"},"sameAs":["https:\/\/www.facebook.com\/travel3media\/","https:\/\/www.instagram.com\/revistatravel3\/","https:\/\/www.youtube.com\/channel\/UCno7J4paGBR3VbZQzvoJ9Eg"]},{"@type":"Person","@id":"https:\/\/www.travel3.com.br\/site\/#\/schema\/person\/89251b0320bc67697de92249f97f3fdb","name":"Reda\u00e7\u00e3o Travel3","image":{"@type":"ImageObject","inLanguage":"pt-BR","@id":"https:\/\/www.travel3.com.br\/site\/#\/schema\/person\/image\/","url":"https:\/\/secure.gravatar.com\/avatar\/85a5ec2ad99b1932f671ebf50c117db6?s=96&d=mm&r=g","contentUrl":"https:\/\/secure.gravatar.com\/avatar\/85a5ec2ad99b1932f671ebf50c117db6?s=96&d=mm&r=g","caption":"Reda\u00e7\u00e3o Travel3"},"sameAs":["http:\/\/www.travel3.com.br\/"],"url":"https:\/\/www.travel3.com.br\/site\/author\/redacao\/"}]}},"_links":{"self":[{"href":"https:\/\/www.travel3.com.br\/site\/wp-json\/wp\/v2\/posts\/75765","targetHints":{"allow":["GET"]}}],"collection":[{"href":"https:\/\/www.travel3.com.br\/site\/wp-json\/wp\/v2\/posts"}],"about":[{"href":"https:\/\/www.travel3.com.br\/site\/wp-json\/wp\/v2\/types\/post"}],"author":[{"embeddable":true,"href":"https:\/\/www.travel3.com.br\/site\/wp-json\/wp\/v2\/users\/5"}],"replies":[{"embeddable":true,"href":"https:\/\/www.travel3.com.br\/site\/wp-json\/wp\/v2\/comments?post=75765"}],"version-history":[{"count":2,"href":"https:\/\/www.travel3.com.br\/site\/wp-json\/wp\/v2\/posts\/75765\/revisions"}],"predecessor-version":[{"id":75770,"href":"https:\/\/www.travel3.com.br\/site\/wp-json\/wp\/v2\/posts\/75765\/revisions\/75770"}],"wp:featuredmedia":[{"embeddable":true,"href":"https:\/\/www.travel3.com.br\/site\/wp-json\/wp\/v2\/media\/75769"}],"wp:attachment":[{"href":"https:\/\/www.travel3.com.br\/site\/wp-json\/wp\/v2\/media?parent=75765"}],"wp:term":[{"taxonomy":"category","embeddable":true,"href":"https:\/\/www.travel3.com.br\/site\/wp-json\/wp\/v2\/categories?post=75765"},{"taxonomy":"post_tag","embeddable":true,"href":"https:\/\/www.travel3.com.br\/site\/wp-json\/wp\/v2\/tags?post=75765"}],"curies":[{"name":"wp","href":"https:\/\/api.w.org\/{rel}","templated":true}]}}