{"id":75666,"date":"2025-04-02T09:30:00","date_gmt":"2025-04-02T12:30:00","guid":{"rendered":"https:\/\/www.travel3.com.br\/?p=75666"},"modified":"2025-04-02T10:46:31","modified_gmt":"2025-04-02T13:46:31","slug":"auroraeco-amplia-cicloturismo-de-luxo-com-e-bikes-e-superbikes","status":"publish","type":"post","link":"https:\/\/www.travel3.com.br\/site\/comece-a-viajar\/auroraeco-amplia-cicloturismo-de-luxo-com-e-bikes-e-superbikes\/","title":{"rendered":"Auroraeco amplia cicloturismo de luxo com e-bikes e superbikes"},"content":{"rendered":"\n<h2 class=\"wp-block-heading\">Operadora pioneira investe em tecnologia e acessibilidade, acompanhando o crescimento do setor<\/h2>\n\n\n\n<p>Com 26 anos de experi\u00eancia e mais de 40 destinos em cerca de 20 pa\u00edses, a <strong><a href=\"https:\/\/www.auroraeco.com.br\/\" target=\"_blank\" rel=\"noreferrer noopener\">Auroraeco <\/a><\/strong>se consolidou como refer\u00eancia no cicloturismo de alto padr\u00e3o. A operadora expandiu sua oferta com bicicletas el\u00e9tricas e superbikes, permitindo que mais viajantes desfrutem de roteiros exclusivos no Brasil, Am\u00e9rica Latina e Europa.<\/p>\n\n\n\n<p>O cicloturismo de luxo representa 15% do faturamento da <strong><a href=\"https:\/\/www.travel3.com.br\/acontece-no-turismo\/auroraeco-realiza-imersao-musical-na-patagonia-chilena\/\" target=\"_blank\" rel=\"noreferrer noopener\">Auroraeco<\/a><\/strong>, refletindo o aumento da demanda por experi\u00eancias sustent\u00e1veis e imersivas. Segundo o instituto Precedence Research, o setor global movimentou US$ 128 bilh\u00f5es em 2023, com proje\u00e7\u00e3o para US$ 238 bilh\u00f5es at\u00e9 2030. No Brasil, o mercado deve crescer de US$ 1,7 bilh\u00e3o para US$ 2,8 bilh\u00f5es na mesma d\u00e9cada.<\/p>\n\n\n\n<h3 class=\"wp-block-heading\">Compromisso com a inova\u00e7\u00e3o<\/h3>\n\n\n\n<p>Fundada por <strong>Guilherme Padilha<\/strong>, a Auroraeco sempre esteve \u00e0 frente das tend\u00eancias do setor. &#8220;<strong><em>Quando come\u00e7amos, o cicloturismo era visto como algo restrito a aventureiros. Nosso objetivo sempre foi torn\u00e1-lo acess\u00edvel a um p\u00fablico mais amplo, sem abrir m\u00e3o do conforto e da exclusividade. A introdu\u00e7\u00e3o das e-bikes foi um passo fundamental para isso<\/em><\/strong>&#8220;, afirma Padilha.<\/p>\n\n\n<div class=\"wp-block-image\">\n<figure class=\"aligncenter size-large is-resized\"><img loading=\"lazy\" decoding=\"async\" width=\"1024\" height=\"768\" src=\"https:\/\/www.travel3.com.br\/site\/wp-content\/uploads\/2025\/04\/Biking-no-Vale-Sagrado-Peru_Easy-Resize.com_-1024x768.jpg\" alt=\"Cicloturismo luxo auroraeco\" class=\"wp-image-75668\" style=\"width:829px;height:auto\" srcset=\"https:\/\/www.travel3.com.br\/site\/wp-content\/uploads\/2025\/04\/Biking-no-Vale-Sagrado-Peru_Easy-Resize.com_-1024x768.jpg 1024w, https:\/\/www.travel3.com.br\/site\/wp-content\/uploads\/2025\/04\/Biking-no-Vale-Sagrado-Peru_Easy-Resize.com_-300x225.jpg 300w, https:\/\/www.travel3.com.br\/site\/wp-content\/uploads\/2025\/04\/Biking-no-Vale-Sagrado-Peru_Easy-Resize.com_-768x576.jpg 768w, https:\/\/www.travel3.com.br\/site\/wp-content\/uploads\/2025\/04\/Biking-no-Vale-Sagrado-Peru_Easy-Resize.com_-150x113.jpg 150w, https:\/\/www.travel3.com.br\/site\/wp-content\/uploads\/2025\/04\/Biking-no-Vale-Sagrado-Peru_Easy-Resize.com_-750x563.jpg 750w, https:\/\/www.travel3.com.br\/site\/wp-content\/uploads\/2025\/04\/Biking-no-Vale-Sagrado-Peru_Easy-Resize.com_-1140x855.jpg 1140w, https:\/\/www.travel3.com.br\/site\/wp-content\/uploads\/2025\/04\/Biking-no-Vale-Sagrado-Peru_Easy-Resize.com_.jpg 1280w\" sizes=\"auto, (max-width: 1024px) 100vw, 1024px\" \/><figcaption class=\"wp-element-caption\">Biking no Vale Sagrado, no Peru (Foto: Divulga\u00e7\u00e3o)<\/figcaption><\/figure><\/div>\n\n\n<h3 class=\"wp-block-heading\">Destinos exclusivos e parcerias internacionais<\/h3>\n\n\n\n<p>A Auroraeco mant\u00e9m parcerias estrat\u00e9gicas com operadoras renomadas, como Butterfield &amp; Robinson (Canad\u00e1) e DuVine Cycling + Adventure Co. (EUA), garantindo roteiros internacionais de excel\u00eancia. Entre os destinos mais procurados na Europa est\u00e3o It\u00e1lia, Fran\u00e7a, Espanha, Holanda, Portugal, Su\u00ed\u00e7a e Cro\u00e1cia, combinando paisagens ic\u00f4nicas, gastronomia sofisticada e hospedagens em hot\u00e9is-boutique. Na Am\u00e9rica Latina, os destaques s\u00e3o Mendoza (Argentina), Punta del Este (Uruguai), Los Lagos (Chile) e Machu Picchu (Peru).<\/p>\n\n\n\n<p>No Brasil, a Auroraeco oferece roteiros como a Praia de Pipa (RN) e a Costa do Cacau (BA), que unem biodiversidade, praias paradis\u00edacas e experi\u00eancias imersivas.<\/p>\n\n\n\n<h3 class=\"wp-block-heading\">E-bikes impulsionam o setor<\/h3>\n\n\n\n<p>As e-bikes e superbikes revolucionaram o cicloturismo de luxo, permitindo que grupos com diferentes n\u00edveis de preparo f\u00edsico viajem juntos. &#8220;Hoje, pessoas que nunca imaginaram pedalar 40 km est\u00e3o vivendo essa experi\u00eancia sem esgotamento f\u00edsico. A resposta do p\u00fablico foi imediata&#8221;, afirma Guilherme Padilha, CEO da Auroraeco.<\/p>\n\n\n\n<p>Com um olhar para o futuro, a operadora segue investindo na expans\u00e3o do segmento, com planos de levar seus roteiros exclusivos para novos destinos na \u00c1sia e \u00c1frica.<\/p>\n\n\n\n<p>Para saber mais sobre os 43 destinos e detalhes sobre os bike-tours ofertados pela Auroraeco, <strong><a href=\"https:\/\/www.auroraeco.com.br\/bicicletas\" target=\"_blank\" rel=\"noreferrer noopener\">acesse o site<\/a><\/strong>. <\/p>\n","protected":false},"excerpt":{"rendered":"<p>Operadora pioneira investe em tecnologia e acessibilidade, acompanhando o crescimento do setor<\/p>\n","protected":false},"author":5,"featured_media":75667,"comment_status":"open","ping_status":"open","sticky":false,"template":"","format":"standard","meta":{"footnotes":""},"categories":[884,226,4882],"tags":[3990,4925,974,403,5388,6578],"class_list":["post-75666","post","type-post","status-publish","format-standard","has-post-thumbnail","hentry","category-comece-a-viajar","category-destaque","category-home","tag-auroraeco","tag-cicloturismo","tag-ecoturismo","tag-operadoras","tag-turismo-de-esporte","tag-turismo-de-experiencia"],"yoast_head":"<!-- This site is optimized with the Yoast SEO plugin v26.2 - https:\/\/yoast.com\/wordpress\/plugins\/seo\/ -->\n<title>Auroraeco amplia cicloturismo de luxo com e-bikes e superbikes - Travel3<\/title>\n<meta name=\"description\" content=\"Auroraeco amplia cicloturismo de luxo com e-bikes e superbikes; Operadora pioneira investe em tecnologia e acessibilidade\" \/>\n<meta name=\"robots\" content=\"index, follow, max-snippet:-1, max-image-preview:large, max-video-preview:-1\" \/>\n<link rel=\"canonical\" href=\"https:\/\/www.travel3.com.br\/site\/comece-a-viajar\/auroraeco-amplia-cicloturismo-de-luxo-com-e-bikes-e-superbikes\/\" \/>\n<meta property=\"og:locale\" content=\"pt_BR\" \/>\n<meta property=\"og:type\" content=\"article\" \/>\n<meta property=\"og:title\" content=\"Auroraeco amplia cicloturismo de luxo com e-bikes e superbikes - Travel3\" \/>\n<meta property=\"og:description\" content=\"Auroraeco amplia cicloturismo de luxo com e-bikes e superbikes; Operadora pioneira investe em tecnologia e acessibilidade\" \/>\n<meta property=\"og:url\" content=\"https:\/\/www.travel3.com.br\/site\/comece-a-viajar\/auroraeco-amplia-cicloturismo-de-luxo-com-e-bikes-e-superbikes\/\" \/>\n<meta property=\"og:site_name\" content=\"Travel3\" \/>\n<meta property=\"article:publisher\" content=\"https:\/\/www.facebook.com\/travel3media\/\" \/>\n<meta property=\"article:published_time\" content=\"2025-04-02T12:30:00+00:00\" \/>\n<meta property=\"article:modified_time\" content=\"2025-04-02T13:46:31+00:00\" \/>\n<meta property=\"og:image\" content=\"https:\/\/www.travel3.com.br\/site\/wp-content\/uploads\/2025\/04\/Bike-na-Costa-do-Cacau_Easy-Resize.com_.jpg\" \/>\n\t<meta property=\"og:image:width\" content=\"1280\" \/>\n\t<meta property=\"og:image:height\" content=\"720\" \/>\n\t<meta property=\"og:image:type\" content=\"image\/jpeg\" \/>\n<meta name=\"author\" content=\"Reda\u00e7\u00e3o Travel3\" \/>\n<meta name=\"twitter:card\" content=\"summary_large_image\" \/>\n<meta name=\"twitter:label1\" content=\"Escrito por\" \/>\n\t<meta name=\"twitter:data1\" content=\"Reda\u00e7\u00e3o Travel3\" \/>\n\t<meta name=\"twitter:label2\" content=\"Est. tempo de leitura\" \/>\n\t<meta name=\"twitter:data2\" content=\"3 minutos\" \/>\n<script type=\"application\/ld+json\" class=\"yoast-schema-graph\">{\"@context\":\"https:\/\/schema.org\",\"@graph\":[{\"@type\":\"Article\",\"@id\":\"https:\/\/www.travel3.com.br\/site\/comece-a-viajar\/auroraeco-amplia-cicloturismo-de-luxo-com-e-bikes-e-superbikes\/#article\",\"isPartOf\":{\"@id\":\"https:\/\/www.travel3.com.br\/site\/comece-a-viajar\/auroraeco-amplia-cicloturismo-de-luxo-com-e-bikes-e-superbikes\/\"},\"author\":{\"name\":\"Reda\u00e7\u00e3o Travel3\",\"@id\":\"https:\/\/www.travel3.com.br\/site\/#\/schema\/person\/89251b0320bc67697de92249f97f3fdb\"},\"headline\":\"Auroraeco amplia cicloturismo de luxo com e-bikes e superbikes\",\"datePublished\":\"2025-04-02T12:30:00+00:00\",\"dateModified\":\"2025-04-02T13:46:31+00:00\",\"mainEntityOfPage\":{\"@id\":\"https:\/\/www.travel3.com.br\/site\/comece-a-viajar\/auroraeco-amplia-cicloturismo-de-luxo-com-e-bikes-e-superbikes\/\"},\"wordCount\":425,\"commentCount\":0,\"publisher\":{\"@id\":\"https:\/\/www.travel3.com.br\/site\/#organization\"},\"image\":{\"@id\":\"https:\/\/www.travel3.com.br\/site\/comece-a-viajar\/auroraeco-amplia-cicloturismo-de-luxo-com-e-bikes-e-superbikes\/#primaryimage\"},\"thumbnailUrl\":\"https:\/\/www.travel3.com.br\/site\/wp-content\/uploads\/2025\/04\/Bike-na-Costa-do-Cacau_Easy-Resize.com_.jpg\",\"keywords\":[\"Auroraeco\",\"Cicloturismo\",\"ecoturismo\",\"Operadoras\",\"turismo de esporte\",\"turismo de experi\u00eancia\"],\"articleSection\":[\"Comece a Viajar\",\"Destaque\",\"Home\"],\"inLanguage\":\"pt-BR\",\"potentialAction\":[{\"@type\":\"CommentAction\",\"name\":\"Comment\",\"target\":[\"https:\/\/www.travel3.com.br\/site\/comece-a-viajar\/auroraeco-amplia-cicloturismo-de-luxo-com-e-bikes-e-superbikes\/#respond\"]}]},{\"@type\":\"WebPage\",\"@id\":\"https:\/\/www.travel3.com.br\/site\/comece-a-viajar\/auroraeco-amplia-cicloturismo-de-luxo-com-e-bikes-e-superbikes\/\",\"url\":\"https:\/\/www.travel3.com.br\/site\/comece-a-viajar\/auroraeco-amplia-cicloturismo-de-luxo-com-e-bikes-e-superbikes\/\",\"name\":\"Auroraeco amplia cicloturismo de luxo com e-bikes e superbikes - Travel3\",\"isPartOf\":{\"@id\":\"https:\/\/www.travel3.com.br\/site\/#website\"},\"primaryImageOfPage\":{\"@id\":\"https:\/\/www.travel3.com.br\/site\/comece-a-viajar\/auroraeco-amplia-cicloturismo-de-luxo-com-e-bikes-e-superbikes\/#primaryimage\"},\"image\":{\"@id\":\"https:\/\/www.travel3.com.br\/site\/comece-a-viajar\/auroraeco-amplia-cicloturismo-de-luxo-com-e-bikes-e-superbikes\/#primaryimage\"},\"thumbnailUrl\":\"https:\/\/www.travel3.com.br\/site\/wp-content\/uploads\/2025\/04\/Bike-na-Costa-do-Cacau_Easy-Resize.com_.jpg\",\"datePublished\":\"2025-04-02T12:30:00+00:00\",\"dateModified\":\"2025-04-02T13:46:31+00:00\",\"description\":\"Auroraeco amplia cicloturismo de luxo com e-bikes e superbikes; Operadora pioneira investe em tecnologia e acessibilidade\",\"breadcrumb\":{\"@id\":\"https:\/\/www.travel3.com.br\/site\/comece-a-viajar\/auroraeco-amplia-cicloturismo-de-luxo-com-e-bikes-e-superbikes\/#breadcrumb\"},\"inLanguage\":\"pt-BR\",\"potentialAction\":[{\"@type\":\"ReadAction\",\"target\":[\"https:\/\/www.travel3.com.br\/site\/comece-a-viajar\/auroraeco-amplia-cicloturismo-de-luxo-com-e-bikes-e-superbikes\/\"]}]},{\"@type\":\"ImageObject\",\"inLanguage\":\"pt-BR\",\"@id\":\"https:\/\/www.travel3.com.br\/site\/comece-a-viajar\/auroraeco-amplia-cicloturismo-de-luxo-com-e-bikes-e-superbikes\/#primaryimage\",\"url\":\"https:\/\/www.travel3.com.br\/site\/wp-content\/uploads\/2025\/04\/Bike-na-Costa-do-Cacau_Easy-Resize.com_.jpg\",\"contentUrl\":\"https:\/\/www.travel3.com.br\/site\/wp-content\/uploads\/2025\/04\/Bike-na-Costa-do-Cacau_Easy-Resize.com_.jpg\",\"width\":1280,\"height\":720,\"caption\":\"Bike na Costa do Cacau (Foto: Divulga\u00e7\u00e3o)\"},{\"@type\":\"BreadcrumbList\",\"@id\":\"https:\/\/www.travel3.com.br\/site\/comece-a-viajar\/auroraeco-amplia-cicloturismo-de-luxo-com-e-bikes-e-superbikes\/#breadcrumb\",\"itemListElement\":[{\"@type\":\"ListItem\",\"position\":1,\"name\":\"In\u00edcio\",\"item\":\"https:\/\/www.travel3.com.br\/site\/\"},{\"@type\":\"ListItem\",\"position\":2,\"name\":\"Auroraeco amplia cicloturismo de luxo com e-bikes e superbikes\"}]},{\"@type\":\"WebSite\",\"@id\":\"https:\/\/www.travel3.com.br\/site\/#website\",\"url\":\"https:\/\/www.travel3.com.br\/site\/\",\"name\":\"Travel3\",\"description\":\"Lazer + Neg&oacute;cios + Aventura\",\"publisher\":{\"@id\":\"https:\/\/www.travel3.com.br\/site\/#organization\"},\"potentialAction\":[{\"@type\":\"SearchAction\",\"target\":{\"@type\":\"EntryPoint\",\"urlTemplate\":\"https:\/\/www.travel3.com.br\/site\/?s={search_term_string}\"},\"query-input\":{\"@type\":\"PropertyValueSpecification\",\"valueRequired\":true,\"valueName\":\"search_term_string\"}}],\"inLanguage\":\"pt-BR\"},{\"@type\":\"Organization\",\"@id\":\"https:\/\/www.travel3.com.br\/site\/#organization\",\"name\":\"Travel3\",\"url\":\"https:\/\/www.travel3.com.br\/site\/\",\"logo\":{\"@type\":\"ImageObject\",\"inLanguage\":\"pt-BR\",\"@id\":\"https:\/\/www.travel3.com.br\/site\/#\/schema\/logo\/image\/\",\"url\":\"https:\/\/www.travel3.com.br\/site\/wp-content\/uploads\/2020\/01\/logo-travel3-2020.png\",\"contentUrl\":\"https:\/\/www.travel3.com.br\/site\/wp-content\/uploads\/2020\/01\/logo-travel3-2020.png\",\"width\":232,\"height\":79,\"caption\":\"Travel3\"},\"image\":{\"@id\":\"https:\/\/www.travel3.com.br\/site\/#\/schema\/logo\/image\/\"},\"sameAs\":[\"https:\/\/www.facebook.com\/travel3media\/\",\"https:\/\/www.instagram.com\/revistatravel3\/\",\"https:\/\/www.youtube.com\/channel\/UCno7J4paGBR3VbZQzvoJ9Eg\"]},{\"@type\":\"Person\",\"@id\":\"https:\/\/www.travel3.com.br\/site\/#\/schema\/person\/89251b0320bc67697de92249f97f3fdb\",\"name\":\"Reda\u00e7\u00e3o Travel3\",\"image\":{\"@type\":\"ImageObject\",\"inLanguage\":\"pt-BR\",\"@id\":\"https:\/\/www.travel3.com.br\/site\/#\/schema\/person\/image\/\",\"url\":\"https:\/\/secure.gravatar.com\/avatar\/85a5ec2ad99b1932f671ebf50c117db6?s=96&d=mm&r=g\",\"contentUrl\":\"https:\/\/secure.gravatar.com\/avatar\/85a5ec2ad99b1932f671ebf50c117db6?s=96&d=mm&r=g\",\"caption\":\"Reda\u00e7\u00e3o Travel3\"},\"sameAs\":[\"http:\/\/www.travel3.com.br\/\"],\"url\":\"https:\/\/www.travel3.com.br\/site\/author\/redacao\/\"}]}<\/script>\n<!-- \/ Yoast SEO plugin. -->","yoast_head_json":{"title":"Auroraeco amplia cicloturismo de luxo com e-bikes e superbikes - Travel3","description":"Auroraeco amplia cicloturismo de luxo com e-bikes e superbikes; Operadora pioneira investe em tecnologia e acessibilidade","robots":{"index":"index","follow":"follow","max-snippet":"max-snippet:-1","max-image-preview":"max-image-preview:large","max-video-preview":"max-video-preview:-1"},"canonical":"https:\/\/www.travel3.com.br\/site\/comece-a-viajar\/auroraeco-amplia-cicloturismo-de-luxo-com-e-bikes-e-superbikes\/","og_locale":"pt_BR","og_type":"article","og_title":"Auroraeco amplia cicloturismo de luxo com e-bikes e superbikes - Travel3","og_description":"Auroraeco amplia cicloturismo de luxo com e-bikes e superbikes; Operadora pioneira investe em tecnologia e acessibilidade","og_url":"https:\/\/www.travel3.com.br\/site\/comece-a-viajar\/auroraeco-amplia-cicloturismo-de-luxo-com-e-bikes-e-superbikes\/","og_site_name":"Travel3","article_publisher":"https:\/\/www.facebook.com\/travel3media\/","article_published_time":"2025-04-02T12:30:00+00:00","article_modified_time":"2025-04-02T13:46:31+00:00","og_image":[{"width":1280,"height":720,"url":"https:\/\/www.travel3.com.br\/site\/wp-content\/uploads\/2025\/04\/Bike-na-Costa-do-Cacau_Easy-Resize.com_.jpg","type":"image\/jpeg"}],"author":"Reda\u00e7\u00e3o Travel3","twitter_card":"summary_large_image","twitter_misc":{"Escrito por":"Reda\u00e7\u00e3o Travel3","Est. tempo de leitura":"3 minutos"},"schema":{"@context":"https:\/\/schema.org","@graph":[{"@type":"Article","@id":"https:\/\/www.travel3.com.br\/site\/comece-a-viajar\/auroraeco-amplia-cicloturismo-de-luxo-com-e-bikes-e-superbikes\/#article","isPartOf":{"@id":"https:\/\/www.travel3.com.br\/site\/comece-a-viajar\/auroraeco-amplia-cicloturismo-de-luxo-com-e-bikes-e-superbikes\/"},"author":{"name":"Reda\u00e7\u00e3o Travel3","@id":"https:\/\/www.travel3.com.br\/site\/#\/schema\/person\/89251b0320bc67697de92249f97f3fdb"},"headline":"Auroraeco amplia cicloturismo de luxo com e-bikes e superbikes","datePublished":"2025-04-02T12:30:00+00:00","dateModified":"2025-04-02T13:46:31+00:00","mainEntityOfPage":{"@id":"https:\/\/www.travel3.com.br\/site\/comece-a-viajar\/auroraeco-amplia-cicloturismo-de-luxo-com-e-bikes-e-superbikes\/"},"wordCount":425,"commentCount":0,"publisher":{"@id":"https:\/\/www.travel3.com.br\/site\/#organization"},"image":{"@id":"https:\/\/www.travel3.com.br\/site\/comece-a-viajar\/auroraeco-amplia-cicloturismo-de-luxo-com-e-bikes-e-superbikes\/#primaryimage"},"thumbnailUrl":"https:\/\/www.travel3.com.br\/site\/wp-content\/uploads\/2025\/04\/Bike-na-Costa-do-Cacau_Easy-Resize.com_.jpg","keywords":["Auroraeco","Cicloturismo","ecoturismo","Operadoras","turismo de esporte","turismo de experi\u00eancia"],"articleSection":["Comece a Viajar","Destaque","Home"],"inLanguage":"pt-BR","potentialAction":[{"@type":"CommentAction","name":"Comment","target":["https:\/\/www.travel3.com.br\/site\/comece-a-viajar\/auroraeco-amplia-cicloturismo-de-luxo-com-e-bikes-e-superbikes\/#respond"]}]},{"@type":"WebPage","@id":"https:\/\/www.travel3.com.br\/site\/comece-a-viajar\/auroraeco-amplia-cicloturismo-de-luxo-com-e-bikes-e-superbikes\/","url":"https:\/\/www.travel3.com.br\/site\/comece-a-viajar\/auroraeco-amplia-cicloturismo-de-luxo-com-e-bikes-e-superbikes\/","name":"Auroraeco amplia cicloturismo de luxo com e-bikes e superbikes - Travel3","isPartOf":{"@id":"https:\/\/www.travel3.com.br\/site\/#website"},"primaryImageOfPage":{"@id":"https:\/\/www.travel3.com.br\/site\/comece-a-viajar\/auroraeco-amplia-cicloturismo-de-luxo-com-e-bikes-e-superbikes\/#primaryimage"},"image":{"@id":"https:\/\/www.travel3.com.br\/site\/comece-a-viajar\/auroraeco-amplia-cicloturismo-de-luxo-com-e-bikes-e-superbikes\/#primaryimage"},"thumbnailUrl":"https:\/\/www.travel3.com.br\/site\/wp-content\/uploads\/2025\/04\/Bike-na-Costa-do-Cacau_Easy-Resize.com_.jpg","datePublished":"2025-04-02T12:30:00+00:00","dateModified":"2025-04-02T13:46:31+00:00","description":"Auroraeco amplia cicloturismo de luxo com e-bikes e superbikes; Operadora pioneira investe em tecnologia e acessibilidade","breadcrumb":{"@id":"https:\/\/www.travel3.com.br\/site\/comece-a-viajar\/auroraeco-amplia-cicloturismo-de-luxo-com-e-bikes-e-superbikes\/#breadcrumb"},"inLanguage":"pt-BR","potentialAction":[{"@type":"ReadAction","target":["https:\/\/www.travel3.com.br\/site\/comece-a-viajar\/auroraeco-amplia-cicloturismo-de-luxo-com-e-bikes-e-superbikes\/"]}]},{"@type":"ImageObject","inLanguage":"pt-BR","@id":"https:\/\/www.travel3.com.br\/site\/comece-a-viajar\/auroraeco-amplia-cicloturismo-de-luxo-com-e-bikes-e-superbikes\/#primaryimage","url":"https:\/\/www.travel3.com.br\/site\/wp-content\/uploads\/2025\/04\/Bike-na-Costa-do-Cacau_Easy-Resize.com_.jpg","contentUrl":"https:\/\/www.travel3.com.br\/site\/wp-content\/uploads\/2025\/04\/Bike-na-Costa-do-Cacau_Easy-Resize.com_.jpg","width":1280,"height":720,"caption":"Bike na Costa do Cacau (Foto: Divulga\u00e7\u00e3o)"},{"@type":"BreadcrumbList","@id":"https:\/\/www.travel3.com.br\/site\/comece-a-viajar\/auroraeco-amplia-cicloturismo-de-luxo-com-e-bikes-e-superbikes\/#breadcrumb","itemListElement":[{"@type":"ListItem","position":1,"name":"In\u00edcio","item":"https:\/\/www.travel3.com.br\/site\/"},{"@type":"ListItem","position":2,"name":"Auroraeco amplia cicloturismo de luxo com e-bikes e superbikes"}]},{"@type":"WebSite","@id":"https:\/\/www.travel3.com.br\/site\/#website","url":"https:\/\/www.travel3.com.br\/site\/","name":"Travel3","description":"Lazer + Neg&oacute;cios + Aventura","publisher":{"@id":"https:\/\/www.travel3.com.br\/site\/#organization"},"potentialAction":[{"@type":"SearchAction","target":{"@type":"EntryPoint","urlTemplate":"https:\/\/www.travel3.com.br\/site\/?s={search_term_string}"},"query-input":{"@type":"PropertyValueSpecification","valueRequired":true,"valueName":"search_term_string"}}],"inLanguage":"pt-BR"},{"@type":"Organization","@id":"https:\/\/www.travel3.com.br\/site\/#organization","name":"Travel3","url":"https:\/\/www.travel3.com.br\/site\/","logo":{"@type":"ImageObject","inLanguage":"pt-BR","@id":"https:\/\/www.travel3.com.br\/site\/#\/schema\/logo\/image\/","url":"https:\/\/www.travel3.com.br\/site\/wp-content\/uploads\/2020\/01\/logo-travel3-2020.png","contentUrl":"https:\/\/www.travel3.com.br\/site\/wp-content\/uploads\/2020\/01\/logo-travel3-2020.png","width":232,"height":79,"caption":"Travel3"},"image":{"@id":"https:\/\/www.travel3.com.br\/site\/#\/schema\/logo\/image\/"},"sameAs":["https:\/\/www.facebook.com\/travel3media\/","https:\/\/www.instagram.com\/revistatravel3\/","https:\/\/www.youtube.com\/channel\/UCno7J4paGBR3VbZQzvoJ9Eg"]},{"@type":"Person","@id":"https:\/\/www.travel3.com.br\/site\/#\/schema\/person\/89251b0320bc67697de92249f97f3fdb","name":"Reda\u00e7\u00e3o Travel3","image":{"@type":"ImageObject","inLanguage":"pt-BR","@id":"https:\/\/www.travel3.com.br\/site\/#\/schema\/person\/image\/","url":"https:\/\/secure.gravatar.com\/avatar\/85a5ec2ad99b1932f671ebf50c117db6?s=96&d=mm&r=g","contentUrl":"https:\/\/secure.gravatar.com\/avatar\/85a5ec2ad99b1932f671ebf50c117db6?s=96&d=mm&r=g","caption":"Reda\u00e7\u00e3o Travel3"},"sameAs":["http:\/\/www.travel3.com.br\/"],"url":"https:\/\/www.travel3.com.br\/site\/author\/redacao\/"}]}},"_links":{"self":[{"href":"https:\/\/www.travel3.com.br\/site\/wp-json\/wp\/v2\/posts\/75666","targetHints":{"allow":["GET"]}}],"collection":[{"href":"https:\/\/www.travel3.com.br\/site\/wp-json\/wp\/v2\/posts"}],"about":[{"href":"https:\/\/www.travel3.com.br\/site\/wp-json\/wp\/v2\/types\/post"}],"author":[{"embeddable":true,"href":"https:\/\/www.travel3.com.br\/site\/wp-json\/wp\/v2\/users\/5"}],"replies":[{"embeddable":true,"href":"https:\/\/www.travel3.com.br\/site\/wp-json\/wp\/v2\/comments?post=75666"}],"version-history":[{"count":1,"href":"https:\/\/www.travel3.com.br\/site\/wp-json\/wp\/v2\/posts\/75666\/revisions"}],"predecessor-version":[{"id":75669,"href":"https:\/\/www.travel3.com.br\/site\/wp-json\/wp\/v2\/posts\/75666\/revisions\/75669"}],"wp:featuredmedia":[{"embeddable":true,"href":"https:\/\/www.travel3.com.br\/site\/wp-json\/wp\/v2\/media\/75667"}],"wp:attachment":[{"href":"https:\/\/www.travel3.com.br\/site\/wp-json\/wp\/v2\/media?parent=75666"}],"wp:term":[{"taxonomy":"category","embeddable":true,"href":"https:\/\/www.travel3.com.br\/site\/wp-json\/wp\/v2\/categories?post=75666"},{"taxonomy":"post_tag","embeddable":true,"href":"https:\/\/www.travel3.com.br\/site\/wp-json\/wp\/v2\/tags?post=75666"}],"curies":[{"name":"wp","href":"https:\/\/api.w.org\/{rel}","templated":true}]}}