{"id":7464,"date":"2017-11-13T23:50:27","date_gmt":"2017-11-14T01:50:27","guid":{"rendered":"http:\/\/www.travel3.com.br\/?p=7464"},"modified":"2017-11-13T23:51:09","modified_gmt":"2017-11-14T01:51:09","slug":"megafam-mmtgapnet-1o-dia-termina-com-coquetel-de-boas-vindas","status":"publish","type":"post","link":"https:\/\/www.travel3.com.br\/site\/destaque\/megafam-mmtgapnet-1o-dia-termina-com-coquetel-de-boas-vindas\/","title":{"rendered":"MEGAFAM MMTGAPNET: 1o DIA TERMINA COM COQUETEL DE BOAS VINDAS"},"content":{"rendered":"<figure id=\"attachment_7466\" aria-describedby=\"caption-attachment-7466\" style=\"width: 4272px\" class=\"wp-caption aligncenter\"><a href=\"http:\/\/www.travel3.com.br\/site\/wp-content\/uploads\/2017\/11\/1_4_coquetel-boas-vindas041.jpg\"><img loading=\"lazy\" decoding=\"async\" class=\"size-full wp-image-7466\" src=\"http:\/\/www.travel3.com.br\/site\/wp-content\/uploads\/2017\/11\/1_4_coquetel-boas-vindas041.jpg\" alt=\"Hugo Lagares, Arnaldo Franken, da MMTGapnet; Paulo Henrique Cunha, da TAP Portugal; Mariana Azevedo, da MMTGapnet, e Pedro Ribeiro, da rede Dom Pedro, no coquetel de boas vindas do Megafam MMTGapnet 2017 (Fotos: Claudia Tonaco)\" width=\"4272\" height=\"2856\" \/><\/a><figcaption id=\"caption-attachment-7466\" class=\"wp-caption-text\"><strong>Hugo Lagares, Arnaldo Franken, da MMTGapnet; Paulo Henrique Cunha, da TAP Portugal; Mariana Azevedo, da MMTGapnet, e Pedro Ribeiro, da rede Dom Pedro, no coquetel de boas vindas do Megafam MMTGapnet 2017 (Fotos: Claudia Tonaco)<\/strong><\/figcaption><\/figure>\n<p>Um dia recheado de (sensacionais) atra\u00e7\u00f5es. Assim foram as primeiras 24 horas do Megafam MMTGapnet 2017, que acontece em Portugal.<\/p>\n<p><!--more-->Ap\u00f3s a chegada ao elegante hotel D. Pedro, na capital portuguesa, os agentes de viagem puderam descansar e se preparar para a tarde surpreendente que come\u00e7ou com uma visita \u00e0 charmosa Sintra.<\/p>\n<p>Distante cerca de 30km do Centro de Lisboa, Sintra ainda exibe seus castelos e mans\u00f5es, onde a fam\u00edlia real portuguesa e os nobres da cortes ficavam para fugir das altas temperaturas do ver\u00e3o lisbonense.<\/p>\n<figure id=\"attachment_7467\" aria-describedby=\"caption-attachment-7467\" style=\"width: 3876px\" class=\"wp-caption aligncenter\"><a href=\"http:\/\/www.travel3.com.br\/site\/wp-content\/uploads\/2017\/11\/1_2_sintra003_a.jpg\"><img loading=\"lazy\" decoding=\"async\" class=\"size-full wp-image-7467\" src=\"http:\/\/www.travel3.com.br\/site\/wp-content\/uploads\/2017\/11\/1_2_sintra003_a.jpg\" alt=\"O Megafam MMTGapnet se re\u00fane em frente ao Castelo de Sintra, para a foto oficial\" width=\"3876\" height=\"2412\" \/><\/a><figcaption id=\"caption-attachment-7467\" class=\"wp-caption-text\"><strong>O Megafam MMTGapnet se re\u00fane em frente ao Castelo de Sintra, para a foto oficial<\/strong><\/figcaption><\/figure>\n<p>Pelo seu conjunto arquitet\u00f4nico, a sofisticada vila encravada nas montanhas conquistou o t\u00edtulo de Patrim\u00f4nio Mundial da Unesco.<\/p>\n<p>De Sintra o grupo de agentes de viagem seguiu por uma das mais bonitas rodovias europeias at\u00e9 o Cabo da Roca, o ponto mais ocidental do continente europeu, em bom portugu\u00eas, a pontinha da Europa.<\/p>\n<figure id=\"attachment_7468\" aria-describedby=\"caption-attachment-7468\" style=\"width: 4272px\" class=\"wp-caption aligncenter\"><a href=\"http:\/\/www.travel3.com.br\/site\/wp-content\/uploads\/2017\/11\/1_3_cabo-roca011.jpg\"><img loading=\"lazy\" decoding=\"async\" class=\"size-full wp-image-7468\" src=\"http:\/\/www.travel3.com.br\/site\/wp-content\/uploads\/2017\/11\/1_3_cabo-roca011.jpg\" alt=\"O dram\u00e1tico cen\u00e1rio do Cabo da Roca, ao entardecer\" width=\"4272\" height=\"2856\" \/><\/a><figcaption id=\"caption-attachment-7468\" class=\"wp-caption-text\"><strong>O dram\u00e1tico cen\u00e1rio do Cabo da Roca, ao entardecer<\/strong><\/figcaption><\/figure>\n<p>A regi\u00e3o de Cabo da Roca \u00e9 famosa por oferecer um dos mais pelos p\u00f4r-do-sol do planeta e a mais uma vez a log\u00edstica da MMTGapnet fez com que o grupo chegasse justamente no fim de tarde, para assistir ao espet\u00e1culo do entardecer no oceano.<\/p>\n<p>De volta ao Hotel D. Pedro, antes de sair para a programa\u00e7\u00e3o noturna, os participantes do Megafam foram recebidos no espa\u00e7o de eventos do hotel para um coquetel, onde as deliciosas especialidades portuguesas foram servidas.<\/p>\n<figure id=\"attachment_7469\" aria-describedby=\"caption-attachment-7469\" style=\"width: 4272px\" class=\"wp-caption aligncenter\"><a href=\"http:\/\/www.travel3.com.br\/site\/wp-content\/uploads\/2017\/11\/1_4_coquetel-boas-vindas017.jpg\"><img loading=\"lazy\" decoding=\"async\" class=\"size-full wp-image-7469\" src=\"http:\/\/www.travel3.com.br\/site\/wp-content\/uploads\/2017\/11\/1_4_coquetel-boas-vindas017.jpg\" alt=\"Arnaldo Franken e Mariana Azevedo, da MMTGapnet, entregam a Pedro Ribeiro, diretor do Dom Pedro Hotels &amp; Golf Collection um presente de agradecimento pela hospitalidade\" width=\"4272\" height=\"2856\" \/><\/a><figcaption id=\"caption-attachment-7469\" class=\"wp-caption-text\"><strong>Arnaldo Franken e Mariana Azevedo, da MMTGapnet, entregam a Pedro Ribeiro, diretor do Dom Pedro Hotels &amp; Golf Collection um presente de agradecimento pela hospitalidade<\/strong><\/figcaption><\/figure>\n<p>Arnaldo Franken, s\u00f3cio-diretor da MMTGapnet saudou os presentes, agradeceu a parceria e desfilou um apanhado de boas not\u00edcias que inclu\u00edram o crescimento de 15% em rela\u00e7\u00e3o a 2016 e o lan\u00e7amento de um sistema totalmente novo que j\u00e1 no 1\u00ba semestre de 2018 vai beneficiar ainda mais o trabalhos dos agentes de viagem.<\/p>\n<p>Confira as imagens do 1\u00ba dia de Megafam MMTGapnet Portugal:<\/p>\n<figure id=\"attachment_7470\" aria-describedby=\"caption-attachment-7470\" style=\"width: 4272px\" class=\"wp-caption aligncenter\"><a href=\"http:\/\/www.travel3.com.br\/site\/wp-content\/uploads\/2017\/11\/1_2_sintra010.jpg\"><img loading=\"lazy\" decoding=\"async\" class=\"size-full wp-image-7470\" src=\"http:\/\/www.travel3.com.br\/site\/wp-content\/uploads\/2017\/11\/1_2_sintra010.jpg\" alt=\"Os agentes de viagem de Minas Gerais, com Hugo Lagares, em Sintra\" width=\"4272\" height=\"2856\" \/><\/a><figcaption id=\"caption-attachment-7470\" class=\"wp-caption-text\"><strong>Os agentes de viagem de Minas Gerais, com Hugo Lagares, em Sintra<\/strong><\/figcaption><\/figure>\n<figure id=\"attachment_7471\" aria-describedby=\"caption-attachment-7471\" style=\"width: 4272px\" class=\"wp-caption aligncenter\"><a href=\"http:\/\/www.travel3.com.br\/site\/wp-content\/uploads\/2017\/11\/1_2_sintra013.jpg\"><img loading=\"lazy\" decoding=\"async\" class=\"size-full wp-image-7471\" src=\"http:\/\/www.travel3.com.br\/site\/wp-content\/uploads\/2017\/11\/1_2_sintra013.jpg\" alt=\"Monica de S\u00e1 e Elisana Silva, no caf\u00e9 Periquita, em Sintra\" width=\"4272\" height=\"2856\" \/><\/a><figcaption id=\"caption-attachment-7471\" class=\"wp-caption-text\"><strong>Monica de S\u00e1 e Elisana Silva, no caf\u00e9 Periquita, em Sintra<\/strong><\/figcaption><\/figure>\n<figure id=\"attachment_7472\" aria-describedby=\"caption-attachment-7472\" style=\"width: 4272px\" class=\"wp-caption aligncenter\"><a href=\"http:\/\/www.travel3.com.br\/site\/wp-content\/uploads\/2017\/11\/1_2_sintra020.jpg\"><img loading=\"lazy\" decoding=\"async\" class=\"size-full wp-image-7472\" src=\"http:\/\/www.travel3.com.br\/site\/wp-content\/uploads\/2017\/11\/1_2_sintra020.jpg\" alt=\"Ulisses e Sofia Nunes, Simone e Silvio Crepaldi\" width=\"4272\" height=\"2856\" \/><\/a><figcaption id=\"caption-attachment-7472\" class=\"wp-caption-text\"><strong>Ulisses e Sofia Nunes, Simone e Silvio Crepaldi<\/strong><\/figcaption><\/figure>\n<figure id=\"attachment_7473\" aria-describedby=\"caption-attachment-7473\" style=\"width: 4272px\" class=\"wp-caption aligncenter\"><a href=\"http:\/\/www.travel3.com.br\/site\/wp-content\/uploads\/2017\/11\/1_2_sintra021.jpg\"><img loading=\"lazy\" decoding=\"async\" class=\"size-full wp-image-7473\" src=\"http:\/\/www.travel3.com.br\/site\/wp-content\/uploads\/2017\/11\/1_2_sintra021.jpg\" alt=\"Curtindo a vida adoidado em Sintra\" width=\"4272\" height=\"2856\" \/><\/a><figcaption id=\"caption-attachment-7473\" class=\"wp-caption-text\"><strong>Curtindo a vida adoidado em Sintra<\/strong><\/figcaption><\/figure>\n<figure id=\"attachment_7474\" aria-describedby=\"caption-attachment-7474\" style=\"width: 4272px\" class=\"wp-caption aligncenter\"><a href=\"http:\/\/www.travel3.com.br\/site\/wp-content\/uploads\/2017\/11\/1_2_sintra026.jpg\"><img loading=\"lazy\" decoding=\"async\" class=\"size-full wp-image-7474\" src=\"http:\/\/www.travel3.com.br\/site\/wp-content\/uploads\/2017\/11\/1_2_sintra026.jpg\" alt=\"Juliana Coimbra e Hugo Lagares \" width=\"4272\" height=\"2856\" \/><\/a><figcaption id=\"caption-attachment-7474\" class=\"wp-caption-text\"><strong>Juliana Coimbra e Hugo Lagares<\/strong><\/figcaption><\/figure>\n<figure id=\"attachment_7475\" aria-describedby=\"caption-attachment-7475\" style=\"width: 4272px\" class=\"wp-caption aligncenter\"><a href=\"http:\/\/www.travel3.com.br\/site\/wp-content\/uploads\/2017\/11\/1_2_sintra027.jpg\"><img loading=\"lazy\" decoding=\"async\" class=\"size-full wp-image-7475\" src=\"http:\/\/www.travel3.com.br\/site\/wp-content\/uploads\/2017\/11\/1_2_sintra027.jpg\" alt=\"Bruno S\u00e1, da MMTGapnet e os convidados do MegaFam, felizes sob o sol de uma das mais belas vilas europeias\" width=\"4272\" height=\"2856\" \/><\/a><figcaption id=\"caption-attachment-7475\" class=\"wp-caption-text\"><strong>Bruno S\u00e1, da MMTGapnet e os convidados do MegaFam, felizes sob o sol de uma das mais belas vilas europeias<\/strong><\/figcaption><\/figure>\n<figure id=\"attachment_7476\" aria-describedby=\"caption-attachment-7476\" style=\"width: 4272px\" class=\"wp-caption aligncenter\"><a href=\"http:\/\/www.travel3.com.br\/site\/wp-content\/uploads\/2017\/11\/1_2_sintra034.jpg\"><img loading=\"lazy\" decoding=\"async\" class=\"size-full wp-image-7476\" src=\"http:\/\/www.travel3.com.br\/site\/wp-content\/uploads\/2017\/11\/1_2_sintra034.jpg\" alt=\"Mauri Viau e Rodrigo Jardim\" width=\"4272\" height=\"2856\" \/><\/a><figcaption id=\"caption-attachment-7476\" class=\"wp-caption-text\"><strong>Mauri Viau e Rodrigo Jardim<\/strong><\/figcaption><\/figure>\n<figure id=\"attachment_7477\" aria-describedby=\"caption-attachment-7477\" style=\"width: 4272px\" class=\"wp-caption aligncenter\"><a href=\"http:\/\/www.travel3.com.br\/site\/wp-content\/uploads\/2017\/11\/1_2_sintra035.jpg\"><img loading=\"lazy\" decoding=\"async\" class=\"size-full wp-image-7477\" src=\"http:\/\/www.travel3.com.br\/site\/wp-content\/uploads\/2017\/11\/1_2_sintra035.jpg\" alt=\"Mariana Azevedo, Serafim Oliveira e Hugo Lagares\" width=\"4272\" height=\"2856\" \/><\/a><figcaption id=\"caption-attachment-7477\" class=\"wp-caption-text\"><strong>Mariana Azevedo, Serafim Oliveira e Hugo Lagares<\/strong><\/figcaption><\/figure>\n<figure id=\"attachment_7478\" aria-describedby=\"caption-attachment-7478\" style=\"width: 4272px\" class=\"wp-caption aligncenter\"><a href=\"http:\/\/www.travel3.com.br\/site\/wp-content\/uploads\/2017\/11\/1_3_cabo-roca004.jpg\"><img loading=\"lazy\" decoding=\"async\" class=\"size-full wp-image-7478\" src=\"http:\/\/www.travel3.com.br\/site\/wp-content\/uploads\/2017\/11\/1_3_cabo-roca004.jpg\" alt=\"Mariana Azevedo, Flavia Cruz em Cabo Roca\" width=\"4272\" height=\"2856\" \/><\/a><figcaption id=\"caption-attachment-7478\" class=\"wp-caption-text\"><strong>Mariana Azevedo, Flavia Cruz em Cabo da Roca<\/strong><\/figcaption><\/figure>\n<figure id=\"attachment_7479\" aria-describedby=\"caption-attachment-7479\" style=\"width: 4272px\" class=\"wp-caption aligncenter\"><a href=\"http:\/\/www.travel3.com.br\/site\/wp-content\/uploads\/2017\/11\/1_3_cabo-roca006.jpg\"><img loading=\"lazy\" decoding=\"async\" class=\"size-full wp-image-7479\" src=\"http:\/\/www.travel3.com.br\/site\/wp-content\/uploads\/2017\/11\/1_3_cabo-roca006.jpg\" alt=\"Em Cabo da Roca, onde &quot;a terra se acaba e o mar come\u00e7a&quot;, como disse o poeta lusitano Luiz Vaz de Cam\u00f5es\" width=\"4272\" height=\"2856\" \/><\/a><figcaption id=\"caption-attachment-7479\" class=\"wp-caption-text\">Em Cabo da Roca, onde &#8220;a terra se acaba e o mar come\u00e7a&#8221;, como disse o poeta lusitano Luiz Vaz de Cam\u00f5es<\/figcaption><\/figure>\n<figure id=\"attachment_7480\" aria-describedby=\"caption-attachment-7480\" style=\"width: 4272px\" class=\"wp-caption aligncenter\"><a href=\"http:\/\/www.travel3.com.br\/site\/wp-content\/uploads\/2017\/11\/1_4_coquetel-boas-vindas002.jpg\"><img loading=\"lazy\" decoding=\"async\" class=\"size-full wp-image-7480\" src=\"http:\/\/www.travel3.com.br\/site\/wp-content\/uploads\/2017\/11\/1_4_coquetel-boas-vindas002.jpg\" alt=\"Tamuana Gurgel, da MMTGapnet, e Carol Tolentino, parceira top da operadora\" width=\"4272\" height=\"2856\" \/><\/a><figcaption id=\"caption-attachment-7480\" class=\"wp-caption-text\"><strong>Tamuana Gurgel, da MMTGapnet, e Carol Tolentino, parceira top da operadora<\/strong><\/figcaption><\/figure>\n<figure id=\"attachment_7482\" aria-describedby=\"caption-attachment-7482\" style=\"width: 4272px\" class=\"wp-caption aligncenter\"><a href=\"http:\/\/www.travel3.com.br\/site\/wp-content\/uploads\/2017\/11\/1_4_coquetel-boas-vindas004.jpg\"><img loading=\"lazy\" decoding=\"async\" class=\"size-full wp-image-7482\" src=\"http:\/\/www.travel3.com.br\/site\/wp-content\/uploads\/2017\/11\/1_4_coquetel-boas-vindas004.jpg\" alt=\"Alan Eloi, Claudemir Silva, Diogenes Junior, e Caio Giamp\u00e1\" width=\"4272\" height=\"2856\" \/><\/a><figcaption id=\"caption-attachment-7482\" class=\"wp-caption-text\"><strong>Alan Eloi, Claudemir Silva, Diogenes Junior, e Caio Giamp\u00e1<\/strong><\/figcaption><\/figure>\n<figure id=\"attachment_7481\" aria-describedby=\"caption-attachment-7481\" style=\"width: 4272px\" class=\"wp-caption aligncenter\"><a href=\"http:\/\/www.travel3.com.br\/site\/wp-content\/uploads\/2017\/11\/1_4_coquetel-boas-vindas003.jpg\"><img loading=\"lazy\" decoding=\"async\" class=\"size-full wp-image-7481\" src=\"http:\/\/www.travel3.com.br\/site\/wp-content\/uploads\/2017\/11\/1_4_coquetel-boas-vindas003.jpg\" alt=\"Bianca Jacome, Monica Kelly, Diassis Holanda, e Edmilson Junior\" width=\"4272\" height=\"2856\" \/><\/a><figcaption id=\"caption-attachment-7481\" class=\"wp-caption-text\"><strong>Bianca Jacome, Monica Kelly, Diassis Holanda, e Edmilson Junior<\/strong><\/figcaption><\/figure>\n<figure id=\"attachment_7483\" aria-describedby=\"caption-attachment-7483\" style=\"width: 4272px\" class=\"wp-caption aligncenter\"><a href=\"http:\/\/www.travel3.com.br\/site\/wp-content\/uploads\/2017\/11\/1_4_coquetel-boas-vindas005.jpg\"><img loading=\"lazy\" decoding=\"async\" class=\"size-full wp-image-7483\" src=\"http:\/\/www.travel3.com.br\/site\/wp-content\/uploads\/2017\/11\/1_4_coquetel-boas-vindas005.jpg\" alt=\"Raphael Magalh\u00e3es, Jamile Bufrem, e Marco Baretta\" width=\"4272\" height=\"2856\" \/><\/a><figcaption id=\"caption-attachment-7483\" class=\"wp-caption-text\"><strong>Raphael Magalh\u00e3es, da MMTGapnet, com Jamile Bufrem, e Marco Baretta<\/strong><\/figcaption><\/figure>\n<figure id=\"attachment_7484\" aria-describedby=\"caption-attachment-7484\" style=\"width: 4272px\" class=\"wp-caption aligncenter\"><a href=\"http:\/\/www.travel3.com.br\/site\/wp-content\/uploads\/2017\/11\/1_4_coquetel-boas-vindas007.jpg\"><img loading=\"lazy\" decoding=\"async\" class=\"size-full wp-image-7484\" src=\"http:\/\/www.travel3.com.br\/site\/wp-content\/uploads\/2017\/11\/1_4_coquetel-boas-vindas007.jpg\" alt=\"Bruno S\u00e1, da MMTGapnet, com Juliana Costa e Michelle Sampaio\" width=\"4272\" height=\"2856\" \/><\/a><figcaption id=\"caption-attachment-7484\" class=\"wp-caption-text\"><strong>Bruno S\u00e1, da MMTGapnet, com Juliana Costa e Michelle Sampaio<\/strong><\/figcaption><\/figure>\n<figure id=\"attachment_7485\" aria-describedby=\"caption-attachment-7485\" style=\"width: 4272px\" class=\"wp-caption aligncenter\"><a href=\"http:\/\/www.travel3.com.br\/site\/wp-content\/uploads\/2017\/11\/1_4_coquetel-boas-vindas011.jpg\"><img loading=\"lazy\" decoding=\"async\" class=\"size-full wp-image-7485\" src=\"http:\/\/www.travel3.com.br\/site\/wp-content\/uploads\/2017\/11\/1_4_coquetel-boas-vindas011.jpg\" alt=\"Dunia Camacho, da Special Tour; Max Martini, e Antonio Cardoso\" width=\"4272\" height=\"2856\" \/><\/a><figcaption id=\"caption-attachment-7485\" class=\"wp-caption-text\"><strong>Dunia Camacho, da Special Tour; Max Martini, e Antonio Cardoso<\/strong><\/figcaption><\/figure>\n<figure id=\"attachment_7486\" aria-describedby=\"caption-attachment-7486\" style=\"width: 4272px\" class=\"wp-caption aligncenter\"><a href=\"http:\/\/www.travel3.com.br\/site\/wp-content\/uploads\/2017\/11\/1_4_coquetel-boas-vindas023.jpg\"><img loading=\"lazy\" decoding=\"async\" class=\"size-full wp-image-7486\" src=\"http:\/\/www.travel3.com.br\/site\/wp-content\/uploads\/2017\/11\/1_4_coquetel-boas-vindas023.jpg\" alt=\"Arnaldo Franken sa\u00fada os convidados no coquetel de boas vindas do Megafam MMTGapnet Portugal\" width=\"4272\" height=\"2856\" \/><\/a><figcaption id=\"caption-attachment-7486\" class=\"wp-caption-text\"><strong>Arnaldo Franken sa\u00fada os convidados no coquetel de boas vindas do Megafam MMTGapnet Portugal<\/strong><\/figcaption><\/figure>\n","protected":false},"excerpt":{"rendered":"<p>Um dia recheado de (sensacionais) atra\u00e7\u00f5es. Assim foram as primeiras 24 horas do Megafam MMTGapnet 2017, que acontece em Portugal.<\/p>\n","protected":false},"author":4,"featured_media":7466,"comment_status":"open","ping_status":"open","sticky":false,"template":"","format":"standard","meta":{"footnotes":""},"categories":[226,5,4],"tags":[668,239,669,591,589,323,481,593,187],"class_list":["post-7464","post","type-post","status-publish","format-standard","has-post-thumbnail","hentry","category-destaque","category-eventos-e-feiras","category-operadoras","tag-cabo-da-roca","tag-europa","tag-hotel-d-pedro","tag-lisboa","tag-megafam","tag-mmtgapnet","tag-portugal","tag-sintra","tag-travel3"],"yoast_head":"<!-- This site is optimized with the Yoast SEO plugin v26.2 - https:\/\/yoast.com\/wordpress\/plugins\/seo\/ -->\n<title>MEGAFAM MMTGAPNET: 1o DIA TERMINA COM COQUETEL DE BOAS VINDAS - Travel3<\/title>\n<meta name=\"description\" content=\"A TRAVEL3 \u00e9 um portal de conte\u00fado voltado para o turismo, encontre destinos, viagens, hospedagem, passagens, guias, not\u00edcias sobre o mercado do turismo, dicas de viagem, v\u00eddeos e podcast.\" \/>\n<meta name=\"robots\" content=\"index, follow, max-snippet:-1, max-image-preview:large, max-video-preview:-1\" \/>\n<link rel=\"canonical\" href=\"https:\/\/www.travel3.com.br\/site\/destaque\/megafam-mmtgapnet-1o-dia-termina-com-coquetel-de-boas-vindas\/\" \/>\n<meta property=\"og:locale\" content=\"pt_BR\" \/>\n<meta property=\"og:type\" content=\"article\" \/>\n<meta property=\"og:title\" content=\"MEGAFAM MMTGAPNET: 1o DIA TERMINA COM COQUETEL DE BOAS VINDAS - Travel3\" \/>\n<meta property=\"og:description\" content=\"A TRAVEL3 \u00e9 um portal de conte\u00fado voltado para o turismo, encontre destinos, viagens, hospedagem, passagens, guias, not\u00edcias sobre o mercado do turismo, dicas de viagem, v\u00eddeos e podcast.\" \/>\n<meta property=\"og:url\" content=\"https:\/\/www.travel3.com.br\/site\/destaque\/megafam-mmtgapnet-1o-dia-termina-com-coquetel-de-boas-vindas\/\" \/>\n<meta property=\"og:site_name\" content=\"Travel3\" \/>\n<meta property=\"article:publisher\" content=\"https:\/\/www.facebook.com\/travel3media\/\" \/>\n<meta property=\"article:published_time\" content=\"2017-11-14T01:50:27+00:00\" \/>\n<meta property=\"article:modified_time\" content=\"2017-11-14T01:51:09+00:00\" \/>\n<meta property=\"og:image\" content=\"https:\/\/www.travel3.com.br\/site\/wp-content\/uploads\/2017\/11\/1_4_coquetel-boas-vindas041-e1512582844476.jpg\" \/>\n\t<meta property=\"og:image:width\" content=\"1900\" \/>\n\t<meta property=\"og:image:height\" content=\"1270\" \/>\n\t<meta property=\"og:image:type\" content=\"image\/jpeg\" \/>\n<meta name=\"author\" content=\"Claudia Tonaco\" \/>\n<meta name=\"twitter:card\" content=\"summary_large_image\" \/>\n<meta name=\"twitter:label1\" content=\"Escrito por\" \/>\n\t<meta name=\"twitter:data1\" content=\"Claudia Tonaco\" \/>\n\t<meta name=\"twitter:label2\" content=\"Est. tempo de leitura\" \/>\n\t<meta name=\"twitter:data2\" content=\"4 minutos\" \/>\n<script type=\"application\/ld+json\" class=\"yoast-schema-graph\">{\"@context\":\"https:\/\/schema.org\",\"@graph\":[{\"@type\":\"Article\",\"@id\":\"https:\/\/www.travel3.com.br\/site\/destaque\/megafam-mmtgapnet-1o-dia-termina-com-coquetel-de-boas-vindas\/#article\",\"isPartOf\":{\"@id\":\"https:\/\/www.travel3.com.br\/site\/destaque\/megafam-mmtgapnet-1o-dia-termina-com-coquetel-de-boas-vindas\/\"},\"author\":{\"name\":\"Claudia Tonaco\",\"@id\":\"https:\/\/www.travel3.com.br\/site\/#\/schema\/person\/ad24a6ccba88dcd54877f3d2fb76c605\"},\"headline\":\"MEGAFAM MMTGAPNET: 1o DIA TERMINA COM COQUETEL DE BOAS VINDAS\",\"datePublished\":\"2017-11-14T01:50:27+00:00\",\"dateModified\":\"2017-11-14T01:51:09+00:00\",\"mainEntityOfPage\":{\"@id\":\"https:\/\/www.travel3.com.br\/site\/destaque\/megafam-mmtgapnet-1o-dia-termina-com-coquetel-de-boas-vindas\/\"},\"wordCount\":718,\"commentCount\":0,\"publisher\":{\"@id\":\"https:\/\/www.travel3.com.br\/site\/#organization\"},\"image\":{\"@id\":\"https:\/\/www.travel3.com.br\/site\/destaque\/megafam-mmtgapnet-1o-dia-termina-com-coquetel-de-boas-vindas\/#primaryimage\"},\"thumbnailUrl\":\"https:\/\/www.travel3.com.br\/site\/wp-content\/uploads\/2017\/11\/1_4_coquetel-boas-vindas041-e1512582844476.jpg\",\"keywords\":[\"Cabo da Roca\",\"Europa\",\"Hotel D. Pedro\",\"Lisboa\",\"Megafam\",\"MMTGapnet\",\"Portugal\",\"Sintra\",\"Travel3\"],\"articleSection\":[\"Destaque\",\"Eventos e Feiras\",\"Operadoras\"],\"inLanguage\":\"pt-BR\",\"potentialAction\":[{\"@type\":\"CommentAction\",\"name\":\"Comment\",\"target\":[\"https:\/\/www.travel3.com.br\/site\/destaque\/megafam-mmtgapnet-1o-dia-termina-com-coquetel-de-boas-vindas\/#respond\"]}]},{\"@type\":\"WebPage\",\"@id\":\"https:\/\/www.travel3.com.br\/site\/destaque\/megafam-mmtgapnet-1o-dia-termina-com-coquetel-de-boas-vindas\/\",\"url\":\"https:\/\/www.travel3.com.br\/site\/destaque\/megafam-mmtgapnet-1o-dia-termina-com-coquetel-de-boas-vindas\/\",\"name\":\"MEGAFAM MMTGAPNET: 1o DIA TERMINA COM COQUETEL DE BOAS VINDAS - Travel3\",\"isPartOf\":{\"@id\":\"https:\/\/www.travel3.com.br\/site\/#website\"},\"primaryImageOfPage\":{\"@id\":\"https:\/\/www.travel3.com.br\/site\/destaque\/megafam-mmtgapnet-1o-dia-termina-com-coquetel-de-boas-vindas\/#primaryimage\"},\"image\":{\"@id\":\"https:\/\/www.travel3.com.br\/site\/destaque\/megafam-mmtgapnet-1o-dia-termina-com-coquetel-de-boas-vindas\/#primaryimage\"},\"thumbnailUrl\":\"https:\/\/www.travel3.com.br\/site\/wp-content\/uploads\/2017\/11\/1_4_coquetel-boas-vindas041-e1512582844476.jpg\",\"datePublished\":\"2017-11-14T01:50:27+00:00\",\"dateModified\":\"2017-11-14T01:51:09+00:00\",\"description\":\"A TRAVEL3 \u00e9 um portal de conte\u00fado voltado para o turismo, encontre destinos, viagens, hospedagem, passagens, guias, not\u00edcias sobre o mercado do turismo, dicas de viagem, v\u00eddeos e podcast.\",\"breadcrumb\":{\"@id\":\"https:\/\/www.travel3.com.br\/site\/destaque\/megafam-mmtgapnet-1o-dia-termina-com-coquetel-de-boas-vindas\/#breadcrumb\"},\"inLanguage\":\"pt-BR\",\"potentialAction\":[{\"@type\":\"ReadAction\",\"target\":[\"https:\/\/www.travel3.com.br\/site\/destaque\/megafam-mmtgapnet-1o-dia-termina-com-coquetel-de-boas-vindas\/\"]}]},{\"@type\":\"ImageObject\",\"inLanguage\":\"pt-BR\",\"@id\":\"https:\/\/www.travel3.com.br\/site\/destaque\/megafam-mmtgapnet-1o-dia-termina-com-coquetel-de-boas-vindas\/#primaryimage\",\"url\":\"https:\/\/www.travel3.com.br\/site\/wp-content\/uploads\/2017\/11\/1_4_coquetel-boas-vindas041-e1512582844476.jpg\",\"contentUrl\":\"https:\/\/www.travel3.com.br\/site\/wp-content\/uploads\/2017\/11\/1_4_coquetel-boas-vindas041-e1512582844476.jpg\",\"width\":1900,\"height\":1270,\"caption\":\"Hugo Lagares, Arnaldo Franken, da MMTGapnet; Paulo Henrique Cunha, da TAP Portugal; Mariana Azevedo, da MMTGapnet, e Pedro Ribeiro, da rede Dom Pedro, no coquetel de boas vindas do Megafam MMTGapnet 2017 (Fotos: Claudia Tonaco)\"},{\"@type\":\"BreadcrumbList\",\"@id\":\"https:\/\/www.travel3.com.br\/site\/destaque\/megafam-mmtgapnet-1o-dia-termina-com-coquetel-de-boas-vindas\/#breadcrumb\",\"itemListElement\":[{\"@type\":\"ListItem\",\"position\":1,\"name\":\"In\u00edcio\",\"item\":\"https:\/\/www.travel3.com.br\/site\/\"},{\"@type\":\"ListItem\",\"position\":2,\"name\":\"MEGAFAM MMTGAPNET: 1o DIA TERMINA COM COQUETEL DE BOAS VINDAS\"}]},{\"@type\":\"WebSite\",\"@id\":\"https:\/\/www.travel3.com.br\/site\/#website\",\"url\":\"https:\/\/www.travel3.com.br\/site\/\",\"name\":\"Travel3\",\"description\":\"Lazer + Neg&oacute;cios + Aventura\",\"publisher\":{\"@id\":\"https:\/\/www.travel3.com.br\/site\/#organization\"},\"potentialAction\":[{\"@type\":\"SearchAction\",\"target\":{\"@type\":\"EntryPoint\",\"urlTemplate\":\"https:\/\/www.travel3.com.br\/site\/?s={search_term_string}\"},\"query-input\":{\"@type\":\"PropertyValueSpecification\",\"valueRequired\":true,\"valueName\":\"search_term_string\"}}],\"inLanguage\":\"pt-BR\"},{\"@type\":\"Organization\",\"@id\":\"https:\/\/www.travel3.com.br\/site\/#organization\",\"name\":\"Travel3\",\"url\":\"https:\/\/www.travel3.com.br\/site\/\",\"logo\":{\"@type\":\"ImageObject\",\"inLanguage\":\"pt-BR\",\"@id\":\"https:\/\/www.travel3.com.br\/site\/#\/schema\/logo\/image\/\",\"url\":\"https:\/\/www.travel3.com.br\/site\/wp-content\/uploads\/2020\/01\/logo-travel3-2020.png\",\"contentUrl\":\"https:\/\/www.travel3.com.br\/site\/wp-content\/uploads\/2020\/01\/logo-travel3-2020.png\",\"width\":232,\"height\":79,\"caption\":\"Travel3\"},\"image\":{\"@id\":\"https:\/\/www.travel3.com.br\/site\/#\/schema\/logo\/image\/\"},\"sameAs\":[\"https:\/\/www.facebook.com\/travel3media\/\",\"https:\/\/www.instagram.com\/revistatravel3\/\",\"https:\/\/www.youtube.com\/channel\/UCno7J4paGBR3VbZQzvoJ9Eg\"]},{\"@type\":\"Person\",\"@id\":\"https:\/\/www.travel3.com.br\/site\/#\/schema\/person\/ad24a6ccba88dcd54877f3d2fb76c605\",\"name\":\"Claudia Tonaco\",\"image\":{\"@type\":\"ImageObject\",\"inLanguage\":\"pt-BR\",\"@id\":\"https:\/\/www.travel3.com.br\/site\/#\/schema\/person\/image\/\",\"url\":\"https:\/\/secure.gravatar.com\/avatar\/7c64bb31135bb8c28f49658a042f8b8a?s=96&d=mm&r=g\",\"contentUrl\":\"https:\/\/secure.gravatar.com\/avatar\/7c64bb31135bb8c28f49658a042f8b8a?s=96&d=mm&r=g\",\"caption\":\"Claudia Tonaco\"},\"sameAs\":[\"http:\/\/www.travel3.com.br\"],\"url\":\"https:\/\/www.travel3.com.br\/site\/author\/tonaco\/\"}]}<\/script>\n<!-- \/ Yoast SEO plugin. -->","yoast_head_json":{"title":"MEGAFAM MMTGAPNET: 1o DIA TERMINA COM COQUETEL DE BOAS VINDAS - Travel3","description":"A TRAVEL3 \u00e9 um portal de conte\u00fado voltado para o turismo, encontre destinos, viagens, hospedagem, passagens, guias, not\u00edcias sobre o mercado do turismo, dicas de viagem, v\u00eddeos e podcast.","robots":{"index":"index","follow":"follow","max-snippet":"max-snippet:-1","max-image-preview":"max-image-preview:large","max-video-preview":"max-video-preview:-1"},"canonical":"https:\/\/www.travel3.com.br\/site\/destaque\/megafam-mmtgapnet-1o-dia-termina-com-coquetel-de-boas-vindas\/","og_locale":"pt_BR","og_type":"article","og_title":"MEGAFAM MMTGAPNET: 1o DIA TERMINA COM COQUETEL DE BOAS VINDAS - Travel3","og_description":"A TRAVEL3 \u00e9 um portal de conte\u00fado voltado para o turismo, encontre destinos, viagens, hospedagem, passagens, guias, not\u00edcias sobre o mercado do turismo, dicas de viagem, v\u00eddeos e podcast.","og_url":"https:\/\/www.travel3.com.br\/site\/destaque\/megafam-mmtgapnet-1o-dia-termina-com-coquetel-de-boas-vindas\/","og_site_name":"Travel3","article_publisher":"https:\/\/www.facebook.com\/travel3media\/","article_published_time":"2017-11-14T01:50:27+00:00","article_modified_time":"2017-11-14T01:51:09+00:00","og_image":[{"width":1900,"height":1270,"url":"https:\/\/www.travel3.com.br\/site\/wp-content\/uploads\/2017\/11\/1_4_coquetel-boas-vindas041-e1512582844476.jpg","type":"image\/jpeg"}],"author":"Claudia Tonaco","twitter_card":"summary_large_image","twitter_misc":{"Escrito por":"Claudia Tonaco","Est. tempo de leitura":"4 minutos"},"schema":{"@context":"https:\/\/schema.org","@graph":[{"@type":"Article","@id":"https:\/\/www.travel3.com.br\/site\/destaque\/megafam-mmtgapnet-1o-dia-termina-com-coquetel-de-boas-vindas\/#article","isPartOf":{"@id":"https:\/\/www.travel3.com.br\/site\/destaque\/megafam-mmtgapnet-1o-dia-termina-com-coquetel-de-boas-vindas\/"},"author":{"name":"Claudia Tonaco","@id":"https:\/\/www.travel3.com.br\/site\/#\/schema\/person\/ad24a6ccba88dcd54877f3d2fb76c605"},"headline":"MEGAFAM MMTGAPNET: 1o DIA TERMINA COM COQUETEL DE BOAS VINDAS","datePublished":"2017-11-14T01:50:27+00:00","dateModified":"2017-11-14T01:51:09+00:00","mainEntityOfPage":{"@id":"https:\/\/www.travel3.com.br\/site\/destaque\/megafam-mmtgapnet-1o-dia-termina-com-coquetel-de-boas-vindas\/"},"wordCount":718,"commentCount":0,"publisher":{"@id":"https:\/\/www.travel3.com.br\/site\/#organization"},"image":{"@id":"https:\/\/www.travel3.com.br\/site\/destaque\/megafam-mmtgapnet-1o-dia-termina-com-coquetel-de-boas-vindas\/#primaryimage"},"thumbnailUrl":"https:\/\/www.travel3.com.br\/site\/wp-content\/uploads\/2017\/11\/1_4_coquetel-boas-vindas041-e1512582844476.jpg","keywords":["Cabo da Roca","Europa","Hotel D. Pedro","Lisboa","Megafam","MMTGapnet","Portugal","Sintra","Travel3"],"articleSection":["Destaque","Eventos e Feiras","Operadoras"],"inLanguage":"pt-BR","potentialAction":[{"@type":"CommentAction","name":"Comment","target":["https:\/\/www.travel3.com.br\/site\/destaque\/megafam-mmtgapnet-1o-dia-termina-com-coquetel-de-boas-vindas\/#respond"]}]},{"@type":"WebPage","@id":"https:\/\/www.travel3.com.br\/site\/destaque\/megafam-mmtgapnet-1o-dia-termina-com-coquetel-de-boas-vindas\/","url":"https:\/\/www.travel3.com.br\/site\/destaque\/megafam-mmtgapnet-1o-dia-termina-com-coquetel-de-boas-vindas\/","name":"MEGAFAM MMTGAPNET: 1o DIA TERMINA COM COQUETEL DE BOAS VINDAS - Travel3","isPartOf":{"@id":"https:\/\/www.travel3.com.br\/site\/#website"},"primaryImageOfPage":{"@id":"https:\/\/www.travel3.com.br\/site\/destaque\/megafam-mmtgapnet-1o-dia-termina-com-coquetel-de-boas-vindas\/#primaryimage"},"image":{"@id":"https:\/\/www.travel3.com.br\/site\/destaque\/megafam-mmtgapnet-1o-dia-termina-com-coquetel-de-boas-vindas\/#primaryimage"},"thumbnailUrl":"https:\/\/www.travel3.com.br\/site\/wp-content\/uploads\/2017\/11\/1_4_coquetel-boas-vindas041-e1512582844476.jpg","datePublished":"2017-11-14T01:50:27+00:00","dateModified":"2017-11-14T01:51:09+00:00","description":"A TRAVEL3 \u00e9 um portal de conte\u00fado voltado para o turismo, encontre destinos, viagens, hospedagem, passagens, guias, not\u00edcias sobre o mercado do turismo, dicas de viagem, v\u00eddeos e podcast.","breadcrumb":{"@id":"https:\/\/www.travel3.com.br\/site\/destaque\/megafam-mmtgapnet-1o-dia-termina-com-coquetel-de-boas-vindas\/#breadcrumb"},"inLanguage":"pt-BR","potentialAction":[{"@type":"ReadAction","target":["https:\/\/www.travel3.com.br\/site\/destaque\/megafam-mmtgapnet-1o-dia-termina-com-coquetel-de-boas-vindas\/"]}]},{"@type":"ImageObject","inLanguage":"pt-BR","@id":"https:\/\/www.travel3.com.br\/site\/destaque\/megafam-mmtgapnet-1o-dia-termina-com-coquetel-de-boas-vindas\/#primaryimage","url":"https:\/\/www.travel3.com.br\/site\/wp-content\/uploads\/2017\/11\/1_4_coquetel-boas-vindas041-e1512582844476.jpg","contentUrl":"https:\/\/www.travel3.com.br\/site\/wp-content\/uploads\/2017\/11\/1_4_coquetel-boas-vindas041-e1512582844476.jpg","width":1900,"height":1270,"caption":"Hugo Lagares, Arnaldo Franken, da MMTGapnet; Paulo Henrique Cunha, da TAP Portugal; Mariana Azevedo, da MMTGapnet, e Pedro Ribeiro, da rede Dom Pedro, no coquetel de boas vindas do Megafam MMTGapnet 2017 (Fotos: Claudia Tonaco)"},{"@type":"BreadcrumbList","@id":"https:\/\/www.travel3.com.br\/site\/destaque\/megafam-mmtgapnet-1o-dia-termina-com-coquetel-de-boas-vindas\/#breadcrumb","itemListElement":[{"@type":"ListItem","position":1,"name":"In\u00edcio","item":"https:\/\/www.travel3.com.br\/site\/"},{"@type":"ListItem","position":2,"name":"MEGAFAM MMTGAPNET: 1o DIA TERMINA COM COQUETEL DE BOAS VINDAS"}]},{"@type":"WebSite","@id":"https:\/\/www.travel3.com.br\/site\/#website","url":"https:\/\/www.travel3.com.br\/site\/","name":"Travel3","description":"Lazer + Neg&oacute;cios + Aventura","publisher":{"@id":"https:\/\/www.travel3.com.br\/site\/#organization"},"potentialAction":[{"@type":"SearchAction","target":{"@type":"EntryPoint","urlTemplate":"https:\/\/www.travel3.com.br\/site\/?s={search_term_string}"},"query-input":{"@type":"PropertyValueSpecification","valueRequired":true,"valueName":"search_term_string"}}],"inLanguage":"pt-BR"},{"@type":"Organization","@id":"https:\/\/www.travel3.com.br\/site\/#organization","name":"Travel3","url":"https:\/\/www.travel3.com.br\/site\/","logo":{"@type":"ImageObject","inLanguage":"pt-BR","@id":"https:\/\/www.travel3.com.br\/site\/#\/schema\/logo\/image\/","url":"https:\/\/www.travel3.com.br\/site\/wp-content\/uploads\/2020\/01\/logo-travel3-2020.png","contentUrl":"https:\/\/www.travel3.com.br\/site\/wp-content\/uploads\/2020\/01\/logo-travel3-2020.png","width":232,"height":79,"caption":"Travel3"},"image":{"@id":"https:\/\/www.travel3.com.br\/site\/#\/schema\/logo\/image\/"},"sameAs":["https:\/\/www.facebook.com\/travel3media\/","https:\/\/www.instagram.com\/revistatravel3\/","https:\/\/www.youtube.com\/channel\/UCno7J4paGBR3VbZQzvoJ9Eg"]},{"@type":"Person","@id":"https:\/\/www.travel3.com.br\/site\/#\/schema\/person\/ad24a6ccba88dcd54877f3d2fb76c605","name":"Claudia Tonaco","image":{"@type":"ImageObject","inLanguage":"pt-BR","@id":"https:\/\/www.travel3.com.br\/site\/#\/schema\/person\/image\/","url":"https:\/\/secure.gravatar.com\/avatar\/7c64bb31135bb8c28f49658a042f8b8a?s=96&d=mm&r=g","contentUrl":"https:\/\/secure.gravatar.com\/avatar\/7c64bb31135bb8c28f49658a042f8b8a?s=96&d=mm&r=g","caption":"Claudia Tonaco"},"sameAs":["http:\/\/www.travel3.com.br"],"url":"https:\/\/www.travel3.com.br\/site\/author\/tonaco\/"}]}},"_links":{"self":[{"href":"https:\/\/www.travel3.com.br\/site\/wp-json\/wp\/v2\/posts\/7464","targetHints":{"allow":["GET"]}}],"collection":[{"href":"https:\/\/www.travel3.com.br\/site\/wp-json\/wp\/v2\/posts"}],"about":[{"href":"https:\/\/www.travel3.com.br\/site\/wp-json\/wp\/v2\/types\/post"}],"author":[{"embeddable":true,"href":"https:\/\/www.travel3.com.br\/site\/wp-json\/wp\/v2\/users\/4"}],"replies":[{"embeddable":true,"href":"https:\/\/www.travel3.com.br\/site\/wp-json\/wp\/v2\/comments?post=7464"}],"version-history":[{"count":2,"href":"https:\/\/www.travel3.com.br\/site\/wp-json\/wp\/v2\/posts\/7464\/revisions"}],"predecessor-version":[{"id":7487,"href":"https:\/\/www.travel3.com.br\/site\/wp-json\/wp\/v2\/posts\/7464\/revisions\/7487"}],"wp:featuredmedia":[{"embeddable":true,"href":"https:\/\/www.travel3.com.br\/site\/wp-json\/wp\/v2\/media\/7466"}],"wp:attachment":[{"href":"https:\/\/www.travel3.com.br\/site\/wp-json\/wp\/v2\/media?parent=7464"}],"wp:term":[{"taxonomy":"category","embeddable":true,"href":"https:\/\/www.travel3.com.br\/site\/wp-json\/wp\/v2\/categories?post=7464"},{"taxonomy":"post_tag","embeddable":true,"href":"https:\/\/www.travel3.com.br\/site\/wp-json\/wp\/v2\/tags?post=7464"}],"curies":[{"name":"wp","href":"https:\/\/api.w.org\/{rel}","templated":true}]}}