{"id":74623,"date":"2025-02-14T10:48:16","date_gmt":"2025-02-14T13:48:16","guid":{"rendered":"https:\/\/www.travel3.com.br\/?p=74623"},"modified":"2025-02-14T10:48:17","modified_gmt":"2025-02-14T13:48:17","slug":"recanto-cataratas-prepara-programacao-especial-para-o-carnaval","status":"publish","type":"post","link":"https:\/\/www.travel3.com.br\/site\/acontece-no-turismo\/recanto-cataratas-prepara-programacao-especial-para-o-carnaval\/","title":{"rendered":"Recanto Cataratas prepara programa\u00e7\u00e3o especial para o Carnaval"},"content":{"rendered":"\n<h2 class=\"wp-block-heading\">Resort oferece lazer e descanso com atividades para todas as idades<\/h2>\n\n\n\n<p>O Recanto Cataratas, em Foz do Igua\u00e7u (PR), preparou uma programa\u00e7\u00e3o especial para o Carnaval, de 28 de fevereiro a 4 de mar\u00e7o. Com atividades di\u00e1rias para todas as idades, o resort combina divers\u00e3o e momentos de descanso para os h\u00f3spedes.<\/p>\n\n\n\n<p>A agenda inclui o Bloquinho de Carnaval, com m\u00fasica ao vivo, e o tradicional Baile de M\u00e1scaras. Oficinas de customiza\u00e7\u00e3o de abad\u00e1s, aulas de ritmos carnavalescos e um workshop de cervejas especiais tamb\u00e9m fazem parte da programa\u00e7\u00e3o.<\/p>\n\n\n\n<p>Para as crian\u00e7as, o resort oferece atividades como futebol gigante, festa das cores, pintura corporal e brincadeiras circenses. A Casa da Mata, espa\u00e7o envidra\u00e7ado entre as \u00e1rvores, abriga recrea\u00e7\u00e3o monitorada para crian\u00e7as de at\u00e9 quatro anos.<\/p>\n\n\n\n<p>O parque aqu\u00e1tico do Recanto Cataratas conta com piscinas termais para adultos e crian\u00e7as, sem uso de produtos qu\u00edmicos. A \u00e1rea de lazer tamb\u00e9m oferece aulas de hidrogin\u00e1stica tem\u00e1tica e alongamento, incluindo op\u00e7\u00f5es para h\u00f3spedes acima de 60 anos.<\/p>\n\n\n<div class=\"wp-block-image\">\n<figure class=\"aligncenter size-large is-resized\"><img loading=\"lazy\" decoding=\"async\" width=\"1024\" height=\"682\" src=\"https:\/\/www.travel3.com.br\/site\/wp-content\/uploads\/2023\/08\/426867_1072992_descanso_e_relaxamento_no__recanto_cataratas_Easy-Resize.com_-1024x682.jpg\" alt=\"Recanto Cataratas Resort\" class=\"wp-image-62274\" style=\"width:658px;height:auto\" srcset=\"https:\/\/www.travel3.com.br\/site\/wp-content\/uploads\/2023\/08\/426867_1072992_descanso_e_relaxamento_no__recanto_cataratas_Easy-Resize.com_-1024x682.jpg 1024w, https:\/\/www.travel3.com.br\/site\/wp-content\/uploads\/2023\/08\/426867_1072992_descanso_e_relaxamento_no__recanto_cataratas_Easy-Resize.com_-300x200.jpg 300w, https:\/\/www.travel3.com.br\/site\/wp-content\/uploads\/2023\/08\/426867_1072992_descanso_e_relaxamento_no__recanto_cataratas_Easy-Resize.com_-768x512.jpg 768w, https:\/\/www.travel3.com.br\/site\/wp-content\/uploads\/2023\/08\/426867_1072992_descanso_e_relaxamento_no__recanto_cataratas_Easy-Resize.com_-150x100.jpg 150w, https:\/\/www.travel3.com.br\/site\/wp-content\/uploads\/2023\/08\/426867_1072992_descanso_e_relaxamento_no__recanto_cataratas_Easy-Resize.com_-750x500.jpg 750w, https:\/\/www.travel3.com.br\/site\/wp-content\/uploads\/2023\/08\/426867_1072992_descanso_e_relaxamento_no__recanto_cataratas_Easy-Resize.com_-1140x760.jpg 1140w, https:\/\/www.travel3.com.br\/site\/wp-content\/uploads\/2023\/08\/426867_1072992_descanso_e_relaxamento_no__recanto_cataratas_Easy-Resize.com_.jpg 1280w\" sizes=\"auto, (max-width: 1024px) 100vw, 1024px\" \/><figcaption class=\"wp-element-caption\">Foto: divulga\u00e7\u00e3o<\/figcaption><\/figure><\/div>\n\n\n<p>Quem busca relaxamento pode aproveitar as espregui\u00e7adeiras do deck ou os pergolados \u00e0 sombra. O bar molhado serve chopp gelado e drinks refrescantes para quem deseja um momento de descanso entre um mergulho e outro.<\/p>\n\n\n\n<p>O resort disp\u00f5e de quadras de t\u00eanis e beach tennis, campo de futebol e cancha de bocha. A diversidade gastron\u00f4mica inclui caf\u00e9 da manh\u00e3 farto, al\u00e9m de pratos da cozinha contempor\u00e2nea e regional no almo\u00e7o e nos jantares tem\u00e1ticos, sempre acompanhados de m\u00fasica ao vivo.<\/p>\n\n\n\n<p>A Pra\u00e7a de Entretenimento re\u00fane um pub londrino, pistas de boliche, salas de jogos e um disco club. A estrutura do hotel tamb\u00e9m inclui piscina t\u00e9rmica coberta e um spa com tratamentos e terapias corporais.<\/p>\n\n\n\n<h3 class=\"wp-block-heading\">Carnaval no Recanto Cataratas<\/h3>\n\n\n\n<ul class=\"wp-block-list\">\n<li>Per\u00edodo: 28\/02 a 04\/03\/2025 (di\u00e1rias flex\u00edveis)<\/li>\n\n\n\n<li>Cortesia para duas crian\u00e7as de at\u00e9 10 anos hospedadas no mesmo apartamento dos pais.<\/li>\n\n\n\n<li>Tarifas flutuantes, com valores dispon\u00edveis no site: <a href=\"http:\/\/www.recantocataratasresort.com.br\">www.recantocataratasresort.com.br<\/a><\/li>\n\n\n\n<li>Instagram: <a href=\"https:\/\/www.instagram.com\/recantocataratasresort\">@recantocataratasresort<\/a><\/li>\n\n\n\n<li>Mais informa\u00e7\u00f5es: 0800 7072 400 ou (45) 2102-3000<\/li>\n\n\n\n<li>Estacionamento e internet de alta velocidade gratuitos.<\/li>\n<\/ul>\n","protected":false},"excerpt":{"rendered":"<p>Resort oferece lazer e descanso com atividades para todas as idades<\/p>\n","protected":false},"author":5,"featured_media":60643,"comment_status":"open","ping_status":"open","sticky":false,"template":"","format":"standard","meta":{"footnotes":""},"categories":[969],"tags":[292,6495,1394,5731],"class_list":["post-74623","post","type-post","status-publish","format-standard","has-post-thumbnail","hentry","category-acontece-no-turismo","tag-carnaval","tag-carnaval-2025","tag-foz-do-iguacu","tag-recanto-cataratas-resort"],"yoast_head":"<!-- This site is optimized with the Yoast SEO plugin v26.2 - https:\/\/yoast.com\/wordpress\/plugins\/seo\/ -->\n<title>Recanto Cataratas prepara programa\u00e7\u00e3o especial para o Carnaval - Travel3<\/title>\n<meta name=\"description\" content=\"Recanto Cataratas prepara programa\u00e7\u00e3o especial para o Carnaval; Resort oferece lazer e descanso com atividades para todas as idades\" \/>\n<meta name=\"robots\" content=\"index, follow, max-snippet:-1, max-image-preview:large, max-video-preview:-1\" \/>\n<link rel=\"canonical\" href=\"https:\/\/www.travel3.com.br\/site\/acontece-no-turismo\/recanto-cataratas-prepara-programacao-especial-para-o-carnaval\/\" \/>\n<meta property=\"og:locale\" content=\"pt_BR\" \/>\n<meta property=\"og:type\" content=\"article\" \/>\n<meta property=\"og:title\" content=\"Recanto Cataratas prepara programa\u00e7\u00e3o especial para o Carnaval - Travel3\" \/>\n<meta property=\"og:description\" content=\"Recanto Cataratas prepara programa\u00e7\u00e3o especial para o Carnaval; Resort oferece lazer e descanso com atividades para todas as idades\" \/>\n<meta property=\"og:url\" content=\"https:\/\/www.travel3.com.br\/site\/acontece-no-turismo\/recanto-cataratas-prepara-programacao-especial-para-o-carnaval\/\" \/>\n<meta property=\"og:site_name\" content=\"Travel3\" \/>\n<meta property=\"article:publisher\" content=\"https:\/\/www.facebook.com\/travel3media\/\" \/>\n<meta property=\"article:published_time\" content=\"2025-02-14T13:48:16+00:00\" \/>\n<meta property=\"article:modified_time\" content=\"2025-02-14T13:48:17+00:00\" \/>\n<meta property=\"og:image\" content=\"https:\/\/www.travel3.com.br\/site\/wp-content\/uploads\/2023\/06\/1Recanto-Cataratas-Vista_Easy-Resize.com_.jpg\" \/>\n\t<meta property=\"og:image:width\" content=\"1280\" \/>\n\t<meta property=\"og:image:height\" content=\"828\" \/>\n\t<meta property=\"og:image:type\" content=\"image\/jpeg\" \/>\n<meta name=\"author\" content=\"Reda\u00e7\u00e3o Travel3\" \/>\n<meta name=\"twitter:card\" content=\"summary_large_image\" \/>\n<meta name=\"twitter:label1\" content=\"Escrito por\" \/>\n\t<meta name=\"twitter:data1\" content=\"Reda\u00e7\u00e3o Travel3\" \/>\n\t<meta name=\"twitter:label2\" content=\"Est. tempo de leitura\" \/>\n\t<meta name=\"twitter:data2\" content=\"3 minutos\" \/>\n<script type=\"application\/ld+json\" class=\"yoast-schema-graph\">{\"@context\":\"https:\/\/schema.org\",\"@graph\":[{\"@type\":\"Article\",\"@id\":\"https:\/\/www.travel3.com.br\/site\/acontece-no-turismo\/recanto-cataratas-prepara-programacao-especial-para-o-carnaval\/#article\",\"isPartOf\":{\"@id\":\"https:\/\/www.travel3.com.br\/site\/acontece-no-turismo\/recanto-cataratas-prepara-programacao-especial-para-o-carnaval\/\"},\"author\":{\"name\":\"Reda\u00e7\u00e3o Travel3\",\"@id\":\"https:\/\/www.travel3.com.br\/site\/#\/schema\/person\/89251b0320bc67697de92249f97f3fdb\"},\"headline\":\"Recanto Cataratas prepara programa\u00e7\u00e3o especial para o Carnaval\",\"datePublished\":\"2025-02-14T13:48:16+00:00\",\"dateModified\":\"2025-02-14T13:48:17+00:00\",\"mainEntityOfPage\":{\"@id\":\"https:\/\/www.travel3.com.br\/site\/acontece-no-turismo\/recanto-cataratas-prepara-programacao-especial-para-o-carnaval\/\"},\"wordCount\":376,\"commentCount\":0,\"publisher\":{\"@id\":\"https:\/\/www.travel3.com.br\/site\/#organization\"},\"image\":{\"@id\":\"https:\/\/www.travel3.com.br\/site\/acontece-no-turismo\/recanto-cataratas-prepara-programacao-especial-para-o-carnaval\/#primaryimage\"},\"thumbnailUrl\":\"https:\/\/www.travel3.com.br\/site\/wp-content\/uploads\/2023\/06\/1Recanto-Cataratas-Vista_Easy-Resize.com_.jpg\",\"keywords\":[\"Carnaval\",\"carnaval 2025\",\"Foz do Igua\u00e7u\",\"Recanto Cataratas Resort\"],\"articleSection\":[\"Acontece no Turismo\"],\"inLanguage\":\"pt-BR\",\"potentialAction\":[{\"@type\":\"CommentAction\",\"name\":\"Comment\",\"target\":[\"https:\/\/www.travel3.com.br\/site\/acontece-no-turismo\/recanto-cataratas-prepara-programacao-especial-para-o-carnaval\/#respond\"]}]},{\"@type\":\"WebPage\",\"@id\":\"https:\/\/www.travel3.com.br\/site\/acontece-no-turismo\/recanto-cataratas-prepara-programacao-especial-para-o-carnaval\/\",\"url\":\"https:\/\/www.travel3.com.br\/site\/acontece-no-turismo\/recanto-cataratas-prepara-programacao-especial-para-o-carnaval\/\",\"name\":\"Recanto Cataratas prepara programa\u00e7\u00e3o especial para o Carnaval - Travel3\",\"isPartOf\":{\"@id\":\"https:\/\/www.travel3.com.br\/site\/#website\"},\"primaryImageOfPage\":{\"@id\":\"https:\/\/www.travel3.com.br\/site\/acontece-no-turismo\/recanto-cataratas-prepara-programacao-especial-para-o-carnaval\/#primaryimage\"},\"image\":{\"@id\":\"https:\/\/www.travel3.com.br\/site\/acontece-no-turismo\/recanto-cataratas-prepara-programacao-especial-para-o-carnaval\/#primaryimage\"},\"thumbnailUrl\":\"https:\/\/www.travel3.com.br\/site\/wp-content\/uploads\/2023\/06\/1Recanto-Cataratas-Vista_Easy-Resize.com_.jpg\",\"datePublished\":\"2025-02-14T13:48:16+00:00\",\"dateModified\":\"2025-02-14T13:48:17+00:00\",\"description\":\"Recanto Cataratas prepara programa\u00e7\u00e3o especial para o Carnaval; Resort oferece lazer e descanso com atividades para todas as idades\",\"breadcrumb\":{\"@id\":\"https:\/\/www.travel3.com.br\/site\/acontece-no-turismo\/recanto-cataratas-prepara-programacao-especial-para-o-carnaval\/#breadcrumb\"},\"inLanguage\":\"pt-BR\",\"potentialAction\":[{\"@type\":\"ReadAction\",\"target\":[\"https:\/\/www.travel3.com.br\/site\/acontece-no-turismo\/recanto-cataratas-prepara-programacao-especial-para-o-carnaval\/\"]}]},{\"@type\":\"ImageObject\",\"inLanguage\":\"pt-BR\",\"@id\":\"https:\/\/www.travel3.com.br\/site\/acontece-no-turismo\/recanto-cataratas-prepara-programacao-especial-para-o-carnaval\/#primaryimage\",\"url\":\"https:\/\/www.travel3.com.br\/site\/wp-content\/uploads\/2023\/06\/1Recanto-Cataratas-Vista_Easy-Resize.com_.jpg\",\"contentUrl\":\"https:\/\/www.travel3.com.br\/site\/wp-content\/uploads\/2023\/06\/1Recanto-Cataratas-Vista_Easy-Resize.com_.jpg\",\"width\":1280,\"height\":828,\"caption\":\"Vista do Recanto Cataratas, em Foz do Igua\u00e7u (Foto: Divulga\u00e7\u00e3o)\"},{\"@type\":\"BreadcrumbList\",\"@id\":\"https:\/\/www.travel3.com.br\/site\/acontece-no-turismo\/recanto-cataratas-prepara-programacao-especial-para-o-carnaval\/#breadcrumb\",\"itemListElement\":[{\"@type\":\"ListItem\",\"position\":1,\"name\":\"In\u00edcio\",\"item\":\"https:\/\/www.travel3.com.br\/site\/\"},{\"@type\":\"ListItem\",\"position\":2,\"name\":\"Recanto Cataratas prepara programa\u00e7\u00e3o especial para o Carnaval\"}]},{\"@type\":\"WebSite\",\"@id\":\"https:\/\/www.travel3.com.br\/site\/#website\",\"url\":\"https:\/\/www.travel3.com.br\/site\/\",\"name\":\"Travel3\",\"description\":\"Lazer + Neg&oacute;cios + Aventura\",\"publisher\":{\"@id\":\"https:\/\/www.travel3.com.br\/site\/#organization\"},\"potentialAction\":[{\"@type\":\"SearchAction\",\"target\":{\"@type\":\"EntryPoint\",\"urlTemplate\":\"https:\/\/www.travel3.com.br\/site\/?s={search_term_string}\"},\"query-input\":{\"@type\":\"PropertyValueSpecification\",\"valueRequired\":true,\"valueName\":\"search_term_string\"}}],\"inLanguage\":\"pt-BR\"},{\"@type\":\"Organization\",\"@id\":\"https:\/\/www.travel3.com.br\/site\/#organization\",\"name\":\"Travel3\",\"url\":\"https:\/\/www.travel3.com.br\/site\/\",\"logo\":{\"@type\":\"ImageObject\",\"inLanguage\":\"pt-BR\",\"@id\":\"https:\/\/www.travel3.com.br\/site\/#\/schema\/logo\/image\/\",\"url\":\"https:\/\/www.travel3.com.br\/site\/wp-content\/uploads\/2020\/01\/logo-travel3-2020.png\",\"contentUrl\":\"https:\/\/www.travel3.com.br\/site\/wp-content\/uploads\/2020\/01\/logo-travel3-2020.png\",\"width\":232,\"height\":79,\"caption\":\"Travel3\"},\"image\":{\"@id\":\"https:\/\/www.travel3.com.br\/site\/#\/schema\/logo\/image\/\"},\"sameAs\":[\"https:\/\/www.facebook.com\/travel3media\/\",\"https:\/\/www.instagram.com\/revistatravel3\/\",\"https:\/\/www.youtube.com\/channel\/UCno7J4paGBR3VbZQzvoJ9Eg\"]},{\"@type\":\"Person\",\"@id\":\"https:\/\/www.travel3.com.br\/site\/#\/schema\/person\/89251b0320bc67697de92249f97f3fdb\",\"name\":\"Reda\u00e7\u00e3o Travel3\",\"image\":{\"@type\":\"ImageObject\",\"inLanguage\":\"pt-BR\",\"@id\":\"https:\/\/www.travel3.com.br\/site\/#\/schema\/person\/image\/\",\"url\":\"https:\/\/secure.gravatar.com\/avatar\/85a5ec2ad99b1932f671ebf50c117db6?s=96&d=mm&r=g\",\"contentUrl\":\"https:\/\/secure.gravatar.com\/avatar\/85a5ec2ad99b1932f671ebf50c117db6?s=96&d=mm&r=g\",\"caption\":\"Reda\u00e7\u00e3o Travel3\"},\"sameAs\":[\"http:\/\/www.travel3.com.br\/\"],\"url\":\"https:\/\/www.travel3.com.br\/site\/author\/redacao\/\"}]}<\/script>\n<!-- \/ Yoast SEO plugin. -->","yoast_head_json":{"title":"Recanto Cataratas prepara programa\u00e7\u00e3o especial para o Carnaval - Travel3","description":"Recanto Cataratas prepara programa\u00e7\u00e3o especial para o Carnaval; Resort oferece lazer e descanso com atividades para todas as idades","robots":{"index":"index","follow":"follow","max-snippet":"max-snippet:-1","max-image-preview":"max-image-preview:large","max-video-preview":"max-video-preview:-1"},"canonical":"https:\/\/www.travel3.com.br\/site\/acontece-no-turismo\/recanto-cataratas-prepara-programacao-especial-para-o-carnaval\/","og_locale":"pt_BR","og_type":"article","og_title":"Recanto Cataratas prepara programa\u00e7\u00e3o especial para o Carnaval - Travel3","og_description":"Recanto Cataratas prepara programa\u00e7\u00e3o especial para o Carnaval; Resort oferece lazer e descanso com atividades para todas as idades","og_url":"https:\/\/www.travel3.com.br\/site\/acontece-no-turismo\/recanto-cataratas-prepara-programacao-especial-para-o-carnaval\/","og_site_name":"Travel3","article_publisher":"https:\/\/www.facebook.com\/travel3media\/","article_published_time":"2025-02-14T13:48:16+00:00","article_modified_time":"2025-02-14T13:48:17+00:00","og_image":[{"width":1280,"height":828,"url":"https:\/\/www.travel3.com.br\/site\/wp-content\/uploads\/2023\/06\/1Recanto-Cataratas-Vista_Easy-Resize.com_.jpg","type":"image\/jpeg"}],"author":"Reda\u00e7\u00e3o Travel3","twitter_card":"summary_large_image","twitter_misc":{"Escrito por":"Reda\u00e7\u00e3o Travel3","Est. tempo de leitura":"3 minutos"},"schema":{"@context":"https:\/\/schema.org","@graph":[{"@type":"Article","@id":"https:\/\/www.travel3.com.br\/site\/acontece-no-turismo\/recanto-cataratas-prepara-programacao-especial-para-o-carnaval\/#article","isPartOf":{"@id":"https:\/\/www.travel3.com.br\/site\/acontece-no-turismo\/recanto-cataratas-prepara-programacao-especial-para-o-carnaval\/"},"author":{"name":"Reda\u00e7\u00e3o Travel3","@id":"https:\/\/www.travel3.com.br\/site\/#\/schema\/person\/89251b0320bc67697de92249f97f3fdb"},"headline":"Recanto Cataratas prepara programa\u00e7\u00e3o especial para o Carnaval","datePublished":"2025-02-14T13:48:16+00:00","dateModified":"2025-02-14T13:48:17+00:00","mainEntityOfPage":{"@id":"https:\/\/www.travel3.com.br\/site\/acontece-no-turismo\/recanto-cataratas-prepara-programacao-especial-para-o-carnaval\/"},"wordCount":376,"commentCount":0,"publisher":{"@id":"https:\/\/www.travel3.com.br\/site\/#organization"},"image":{"@id":"https:\/\/www.travel3.com.br\/site\/acontece-no-turismo\/recanto-cataratas-prepara-programacao-especial-para-o-carnaval\/#primaryimage"},"thumbnailUrl":"https:\/\/www.travel3.com.br\/site\/wp-content\/uploads\/2023\/06\/1Recanto-Cataratas-Vista_Easy-Resize.com_.jpg","keywords":["Carnaval","carnaval 2025","Foz do Igua\u00e7u","Recanto Cataratas Resort"],"articleSection":["Acontece no Turismo"],"inLanguage":"pt-BR","potentialAction":[{"@type":"CommentAction","name":"Comment","target":["https:\/\/www.travel3.com.br\/site\/acontece-no-turismo\/recanto-cataratas-prepara-programacao-especial-para-o-carnaval\/#respond"]}]},{"@type":"WebPage","@id":"https:\/\/www.travel3.com.br\/site\/acontece-no-turismo\/recanto-cataratas-prepara-programacao-especial-para-o-carnaval\/","url":"https:\/\/www.travel3.com.br\/site\/acontece-no-turismo\/recanto-cataratas-prepara-programacao-especial-para-o-carnaval\/","name":"Recanto Cataratas prepara programa\u00e7\u00e3o especial para o Carnaval - Travel3","isPartOf":{"@id":"https:\/\/www.travel3.com.br\/site\/#website"},"primaryImageOfPage":{"@id":"https:\/\/www.travel3.com.br\/site\/acontece-no-turismo\/recanto-cataratas-prepara-programacao-especial-para-o-carnaval\/#primaryimage"},"image":{"@id":"https:\/\/www.travel3.com.br\/site\/acontece-no-turismo\/recanto-cataratas-prepara-programacao-especial-para-o-carnaval\/#primaryimage"},"thumbnailUrl":"https:\/\/www.travel3.com.br\/site\/wp-content\/uploads\/2023\/06\/1Recanto-Cataratas-Vista_Easy-Resize.com_.jpg","datePublished":"2025-02-14T13:48:16+00:00","dateModified":"2025-02-14T13:48:17+00:00","description":"Recanto Cataratas prepara programa\u00e7\u00e3o especial para o Carnaval; Resort oferece lazer e descanso com atividades para todas as idades","breadcrumb":{"@id":"https:\/\/www.travel3.com.br\/site\/acontece-no-turismo\/recanto-cataratas-prepara-programacao-especial-para-o-carnaval\/#breadcrumb"},"inLanguage":"pt-BR","potentialAction":[{"@type":"ReadAction","target":["https:\/\/www.travel3.com.br\/site\/acontece-no-turismo\/recanto-cataratas-prepara-programacao-especial-para-o-carnaval\/"]}]},{"@type":"ImageObject","inLanguage":"pt-BR","@id":"https:\/\/www.travel3.com.br\/site\/acontece-no-turismo\/recanto-cataratas-prepara-programacao-especial-para-o-carnaval\/#primaryimage","url":"https:\/\/www.travel3.com.br\/site\/wp-content\/uploads\/2023\/06\/1Recanto-Cataratas-Vista_Easy-Resize.com_.jpg","contentUrl":"https:\/\/www.travel3.com.br\/site\/wp-content\/uploads\/2023\/06\/1Recanto-Cataratas-Vista_Easy-Resize.com_.jpg","width":1280,"height":828,"caption":"Vista do Recanto Cataratas, em Foz do Igua\u00e7u (Foto: Divulga\u00e7\u00e3o)"},{"@type":"BreadcrumbList","@id":"https:\/\/www.travel3.com.br\/site\/acontece-no-turismo\/recanto-cataratas-prepara-programacao-especial-para-o-carnaval\/#breadcrumb","itemListElement":[{"@type":"ListItem","position":1,"name":"In\u00edcio","item":"https:\/\/www.travel3.com.br\/site\/"},{"@type":"ListItem","position":2,"name":"Recanto Cataratas prepara programa\u00e7\u00e3o especial para o Carnaval"}]},{"@type":"WebSite","@id":"https:\/\/www.travel3.com.br\/site\/#website","url":"https:\/\/www.travel3.com.br\/site\/","name":"Travel3","description":"Lazer + Neg&oacute;cios + Aventura","publisher":{"@id":"https:\/\/www.travel3.com.br\/site\/#organization"},"potentialAction":[{"@type":"SearchAction","target":{"@type":"EntryPoint","urlTemplate":"https:\/\/www.travel3.com.br\/site\/?s={search_term_string}"},"query-input":{"@type":"PropertyValueSpecification","valueRequired":true,"valueName":"search_term_string"}}],"inLanguage":"pt-BR"},{"@type":"Organization","@id":"https:\/\/www.travel3.com.br\/site\/#organization","name":"Travel3","url":"https:\/\/www.travel3.com.br\/site\/","logo":{"@type":"ImageObject","inLanguage":"pt-BR","@id":"https:\/\/www.travel3.com.br\/site\/#\/schema\/logo\/image\/","url":"https:\/\/www.travel3.com.br\/site\/wp-content\/uploads\/2020\/01\/logo-travel3-2020.png","contentUrl":"https:\/\/www.travel3.com.br\/site\/wp-content\/uploads\/2020\/01\/logo-travel3-2020.png","width":232,"height":79,"caption":"Travel3"},"image":{"@id":"https:\/\/www.travel3.com.br\/site\/#\/schema\/logo\/image\/"},"sameAs":["https:\/\/www.facebook.com\/travel3media\/","https:\/\/www.instagram.com\/revistatravel3\/","https:\/\/www.youtube.com\/channel\/UCno7J4paGBR3VbZQzvoJ9Eg"]},{"@type":"Person","@id":"https:\/\/www.travel3.com.br\/site\/#\/schema\/person\/89251b0320bc67697de92249f97f3fdb","name":"Reda\u00e7\u00e3o Travel3","image":{"@type":"ImageObject","inLanguage":"pt-BR","@id":"https:\/\/www.travel3.com.br\/site\/#\/schema\/person\/image\/","url":"https:\/\/secure.gravatar.com\/avatar\/85a5ec2ad99b1932f671ebf50c117db6?s=96&d=mm&r=g","contentUrl":"https:\/\/secure.gravatar.com\/avatar\/85a5ec2ad99b1932f671ebf50c117db6?s=96&d=mm&r=g","caption":"Reda\u00e7\u00e3o Travel3"},"sameAs":["http:\/\/www.travel3.com.br\/"],"url":"https:\/\/www.travel3.com.br\/site\/author\/redacao\/"}]}},"_links":{"self":[{"href":"https:\/\/www.travel3.com.br\/site\/wp-json\/wp\/v2\/posts\/74623","targetHints":{"allow":["GET"]}}],"collection":[{"href":"https:\/\/www.travel3.com.br\/site\/wp-json\/wp\/v2\/posts"}],"about":[{"href":"https:\/\/www.travel3.com.br\/site\/wp-json\/wp\/v2\/types\/post"}],"author":[{"embeddable":true,"href":"https:\/\/www.travel3.com.br\/site\/wp-json\/wp\/v2\/users\/5"}],"replies":[{"embeddable":true,"href":"https:\/\/www.travel3.com.br\/site\/wp-json\/wp\/v2\/comments?post=74623"}],"version-history":[{"count":2,"href":"https:\/\/www.travel3.com.br\/site\/wp-json\/wp\/v2\/posts\/74623\/revisions"}],"predecessor-version":[{"id":74626,"href":"https:\/\/www.travel3.com.br\/site\/wp-json\/wp\/v2\/posts\/74623\/revisions\/74626"}],"wp:featuredmedia":[{"embeddable":true,"href":"https:\/\/www.travel3.com.br\/site\/wp-json\/wp\/v2\/media\/60643"}],"wp:attachment":[{"href":"https:\/\/www.travel3.com.br\/site\/wp-json\/wp\/v2\/media?parent=74623"}],"wp:term":[{"taxonomy":"category","embeddable":true,"href":"https:\/\/www.travel3.com.br\/site\/wp-json\/wp\/v2\/categories?post=74623"},{"taxonomy":"post_tag","embeddable":true,"href":"https:\/\/www.travel3.com.br\/site\/wp-json\/wp\/v2\/tags?post=74623"}],"curies":[{"name":"wp","href":"https:\/\/api.w.org\/{rel}","templated":true}]}}