{"id":74530,"date":"2025-02-10T09:01:35","date_gmt":"2025-02-10T12:01:35","guid":{"rendered":"https:\/\/www.travel3.com.br\/?p=74530"},"modified":"2025-02-10T09:01:44","modified_gmt":"2025-02-10T12:01:44","slug":"carnaval-de-diamantina-retorna-ao-centro-historico-em-2025","status":"publish","type":"post","link":"https:\/\/www.travel3.com.br\/site\/acontece-no-turismo\/carnaval-de-diamantina-retorna-ao-centro-historico-em-2025\/","title":{"rendered":"Carnaval de Diamantina retorna ao Centro Hist\u00f3rico em 2025"},"content":{"rendered":"\n<h2 class=\"wp-block-heading\">Evento re\u00fane foli\u00f5es e confirma tradi\u00e7\u00e3o com programa\u00e7\u00e3o diversificada<\/h2>\n\n\n\n<p>O <strong>Carnaval de Diamantina 2025<\/strong> acontece de 28 de fevereiro a 4 de mar\u00e7o, reunindo milhares de foli\u00f5es no Centro Hist\u00f3rico da cidade. Com o tema &#8220;\u00c9 saudade que bate no meu cora\u00e7\u00e3o&#8221;, o evento retorna ao Mercado Velho, mantendo a tradi\u00e7\u00e3o e a diversidade que marcam a festa reconhecida como Patrim\u00f4nio Mundial. <\/p>\n\n\n\n<p>A expectativa \u00e9 de 40 mil pessoas por dia nas ruas, consolidando o Carnaval de Diamantina como um dos principais do pa\u00eds.<\/p>\n\n\n\n<h3 class=\"wp-block-heading\">Programa\u00e7\u00e3o e espa\u00e7os tem\u00e1ticos<\/h3>\n\n\n\n<p>O evento contar\u00e1 com diferentes circuitos para atender diversos p\u00fablicos. O <strong>Circuito Cultural dos Blocos<\/strong> oferecer\u00e1 cortejos, matin\u00eas para crian\u00e7as e atra\u00e7\u00f5es inclusivas. No <strong>Espa\u00e7o Universit\u00e1rio Campos Tijuco<\/strong>, os blocos universit\u00e1rios se re\u00fanem durante a tarde no &#8220;Carnaval do P\u00f4r do Sol&#8221;. J\u00e1 o <strong>Espa\u00e7o Folia<\/strong> ser\u00e1 palco para grandes nomes da m\u00fasica nacional.<\/p>\n\n\n\n<h3 class=\"wp-block-heading\">Atra\u00e7\u00f5es musicais<\/h3>\n\n\n\n<ul class=\"wp-block-list\">\n<li><strong>Sexta-feira, 28 de fevereiro<\/strong>: Biqu\u00edni Cavad\u00e3o, Greg e Gont e Bartucada.<\/li>\n\n\n\n<li><strong>S\u00e1bado, 1\u00ba de mar\u00e7o<\/strong>: Atitude 67, The Orthez e Batcaverna.<\/li>\n\n\n\n<li><strong>Domingo, 2 de mar\u00e7o<\/strong>: Xandreli, Day Ferreira e Clayton &amp; Rom\u00e1rio.<\/li>\n\n\n\n<li><strong>Segunda-feira, 3 de mar\u00e7o<\/strong>: Adriana Ara\u00fajo, Tuca Fernandes e Bat Caverna.<\/li>\n\n\n\n<li><strong>Ter\u00e7a-feira, 4 de mar\u00e7o<\/strong>: T\u00f4 Chegando, KVSH e Bat Caverna.<\/li>\n<\/ul>\n\n\n\n<h3 class=\"wp-block-heading\">Camarote Oficial<\/h3>\n\n\n\n<p>O Mercado Velho receber\u00e1 o <strong>Camarote Oficial<\/strong>, organizado pela Pulsar Brasil, empresa com 15 anos de atua\u00e7\u00e3o em eventos da cidade. O espa\u00e7o oferecer\u00e1 localiza\u00e7\u00e3o privilegiada ao lado do palco, varanda com vista para a Pra\u00e7a do Mercado, bares, pra\u00e7a de alimenta\u00e7\u00e3o, banheiros exclusivos, Espa\u00e7o Beleza e seguran\u00e7a refor\u00e7ada.<\/p>\n\n\n\n<p>Os ingressos custam R$ 500 para o passaporte de todos os dias e R$ 150 por dia. As vendas ocorrem pelo WhatsApp (38) 99907-3710 e no Instagram <strong><a href=\"https:\/\/www.instagram.com\/carnavaldediamantinaoficial\/\" target=\"_blank\" rel=\"noreferrer noopener\">@carnavaldediamantinaoficial<\/a><\/strong>.<\/p>\n","protected":false},"excerpt":{"rendered":"<p>Evento re\u00fane foli\u00f5es e confirma tradi\u00e7\u00e3o com programa\u00e7\u00e3o diversificada<\/p>\n","protected":false},"author":5,"featured_media":74532,"comment_status":"open","ping_status":"open","sticky":false,"template":"","format":"standard","meta":{"footnotes":""},"categories":[969],"tags":[6495,2838,2315,4562],"class_list":["post-74530","post","type-post","status-publish","format-standard","has-post-thumbnail","hentry","category-acontece-no-turismo","tag-carnaval-2025","tag-diamantina","tag-diamantina-mg","tag-visite-minas-gerais"],"yoast_head":"<!-- This site is optimized with the Yoast SEO plugin v26.2 - https:\/\/yoast.com\/wordpress\/plugins\/seo\/ -->\n<title>Carnaval de Diamantina retorna ao Centro Hist\u00f3rico em 2025 - Travel3<\/title>\n<meta name=\"description\" content=\"Carnaval de Diamantina retorna ao Centro Hist\u00f3rico em 2025; Evento re\u00fane foli\u00f5es e confirma tradi\u00e7\u00e3o com programa\u00e7\u00e3o diversificada\" \/>\n<meta name=\"robots\" content=\"index, follow, max-snippet:-1, max-image-preview:large, max-video-preview:-1\" \/>\n<link rel=\"canonical\" href=\"https:\/\/www.travel3.com.br\/site\/acontece-no-turismo\/carnaval-de-diamantina-retorna-ao-centro-historico-em-2025\/\" \/>\n<meta property=\"og:locale\" content=\"pt_BR\" \/>\n<meta property=\"og:type\" content=\"article\" \/>\n<meta property=\"og:title\" content=\"Carnaval de Diamantina retorna ao Centro Hist\u00f3rico em 2025 - Travel3\" \/>\n<meta property=\"og:description\" content=\"Carnaval de Diamantina retorna ao Centro Hist\u00f3rico em 2025; Evento re\u00fane foli\u00f5es e confirma tradi\u00e7\u00e3o com programa\u00e7\u00e3o diversificada\" \/>\n<meta property=\"og:url\" content=\"https:\/\/www.travel3.com.br\/site\/acontece-no-turismo\/carnaval-de-diamantina-retorna-ao-centro-historico-em-2025\/\" \/>\n<meta property=\"og:site_name\" content=\"Travel3\" \/>\n<meta property=\"article:publisher\" content=\"https:\/\/www.facebook.com\/travel3media\/\" \/>\n<meta property=\"article:published_time\" content=\"2025-02-10T12:01:35+00:00\" \/>\n<meta property=\"article:modified_time\" content=\"2025-02-10T12:01:44+00:00\" \/>\n<meta property=\"og:image\" content=\"https:\/\/www.travel3.com.br\/site\/wp-content\/uploads\/2025\/02\/carnaval-diamantina_Easy-Resize.com_.jpg\" \/>\n\t<meta property=\"og:image:width\" content=\"1280\" \/>\n\t<meta property=\"og:image:height\" content=\"853\" \/>\n\t<meta property=\"og:image:type\" content=\"image\/jpeg\" \/>\n<meta name=\"author\" content=\"Reda\u00e7\u00e3o Travel3\" \/>\n<meta name=\"twitter:card\" content=\"summary_large_image\" \/>\n<meta name=\"twitter:label1\" content=\"Escrito por\" \/>\n\t<meta name=\"twitter:data1\" content=\"Reda\u00e7\u00e3o Travel3\" \/>\n\t<meta name=\"twitter:label2\" content=\"Est. tempo de leitura\" \/>\n\t<meta name=\"twitter:data2\" content=\"2 minutos\" \/>\n<script type=\"application\/ld+json\" class=\"yoast-schema-graph\">{\"@context\":\"https:\/\/schema.org\",\"@graph\":[{\"@type\":\"Article\",\"@id\":\"https:\/\/www.travel3.com.br\/site\/acontece-no-turismo\/carnaval-de-diamantina-retorna-ao-centro-historico-em-2025\/#article\",\"isPartOf\":{\"@id\":\"https:\/\/www.travel3.com.br\/site\/acontece-no-turismo\/carnaval-de-diamantina-retorna-ao-centro-historico-em-2025\/\"},\"author\":{\"name\":\"Reda\u00e7\u00e3o Travel3\",\"@id\":\"https:\/\/www.travel3.com.br\/site\/#\/schema\/person\/89251b0320bc67697de92249f97f3fdb\"},\"headline\":\"Carnaval de Diamantina retorna ao Centro Hist\u00f3rico em 2025\",\"datePublished\":\"2025-02-10T12:01:35+00:00\",\"dateModified\":\"2025-02-10T12:01:44+00:00\",\"mainEntityOfPage\":{\"@id\":\"https:\/\/www.travel3.com.br\/site\/acontece-no-turismo\/carnaval-de-diamantina-retorna-ao-centro-historico-em-2025\/\"},\"wordCount\":314,\"commentCount\":0,\"publisher\":{\"@id\":\"https:\/\/www.travel3.com.br\/site\/#organization\"},\"image\":{\"@id\":\"https:\/\/www.travel3.com.br\/site\/acontece-no-turismo\/carnaval-de-diamantina-retorna-ao-centro-historico-em-2025\/#primaryimage\"},\"thumbnailUrl\":\"https:\/\/www.travel3.com.br\/site\/wp-content\/uploads\/2025\/02\/carnaval-diamantina_Easy-Resize.com_.jpg\",\"keywords\":[\"carnaval 2025\",\"Diamantina\",\"Diamantina - MG\",\"visite minas gerais\"],\"articleSection\":[\"Acontece no Turismo\"],\"inLanguage\":\"pt-BR\",\"potentialAction\":[{\"@type\":\"CommentAction\",\"name\":\"Comment\",\"target\":[\"https:\/\/www.travel3.com.br\/site\/acontece-no-turismo\/carnaval-de-diamantina-retorna-ao-centro-historico-em-2025\/#respond\"]}]},{\"@type\":\"WebPage\",\"@id\":\"https:\/\/www.travel3.com.br\/site\/acontece-no-turismo\/carnaval-de-diamantina-retorna-ao-centro-historico-em-2025\/\",\"url\":\"https:\/\/www.travel3.com.br\/site\/acontece-no-turismo\/carnaval-de-diamantina-retorna-ao-centro-historico-em-2025\/\",\"name\":\"Carnaval de Diamantina retorna ao Centro Hist\u00f3rico em 2025 - Travel3\",\"isPartOf\":{\"@id\":\"https:\/\/www.travel3.com.br\/site\/#website\"},\"primaryImageOfPage\":{\"@id\":\"https:\/\/www.travel3.com.br\/site\/acontece-no-turismo\/carnaval-de-diamantina-retorna-ao-centro-historico-em-2025\/#primaryimage\"},\"image\":{\"@id\":\"https:\/\/www.travel3.com.br\/site\/acontece-no-turismo\/carnaval-de-diamantina-retorna-ao-centro-historico-em-2025\/#primaryimage\"},\"thumbnailUrl\":\"https:\/\/www.travel3.com.br\/site\/wp-content\/uploads\/2025\/02\/carnaval-diamantina_Easy-Resize.com_.jpg\",\"datePublished\":\"2025-02-10T12:01:35+00:00\",\"dateModified\":\"2025-02-10T12:01:44+00:00\",\"description\":\"Carnaval de Diamantina retorna ao Centro Hist\u00f3rico em 2025; Evento re\u00fane foli\u00f5es e confirma tradi\u00e7\u00e3o com programa\u00e7\u00e3o diversificada\",\"breadcrumb\":{\"@id\":\"https:\/\/www.travel3.com.br\/site\/acontece-no-turismo\/carnaval-de-diamantina-retorna-ao-centro-historico-em-2025\/#breadcrumb\"},\"inLanguage\":\"pt-BR\",\"potentialAction\":[{\"@type\":\"ReadAction\",\"target\":[\"https:\/\/www.travel3.com.br\/site\/acontece-no-turismo\/carnaval-de-diamantina-retorna-ao-centro-historico-em-2025\/\"]}]},{\"@type\":\"ImageObject\",\"inLanguage\":\"pt-BR\",\"@id\":\"https:\/\/www.travel3.com.br\/site\/acontece-no-turismo\/carnaval-de-diamantina-retorna-ao-centro-historico-em-2025\/#primaryimage\",\"url\":\"https:\/\/www.travel3.com.br\/site\/wp-content\/uploads\/2025\/02\/carnaval-diamantina_Easy-Resize.com_.jpg\",\"contentUrl\":\"https:\/\/www.travel3.com.br\/site\/wp-content\/uploads\/2025\/02\/carnaval-diamantina_Easy-Resize.com_.jpg\",\"width\":1280,\"height\":853,\"caption\":\"Foto: Divulga\u00e7\u00e3o\"},{\"@type\":\"BreadcrumbList\",\"@id\":\"https:\/\/www.travel3.com.br\/site\/acontece-no-turismo\/carnaval-de-diamantina-retorna-ao-centro-historico-em-2025\/#breadcrumb\",\"itemListElement\":[{\"@type\":\"ListItem\",\"position\":1,\"name\":\"In\u00edcio\",\"item\":\"https:\/\/www.travel3.com.br\/site\/\"},{\"@type\":\"ListItem\",\"position\":2,\"name\":\"Carnaval de Diamantina retorna ao Centro Hist\u00f3rico em 2025\"}]},{\"@type\":\"WebSite\",\"@id\":\"https:\/\/www.travel3.com.br\/site\/#website\",\"url\":\"https:\/\/www.travel3.com.br\/site\/\",\"name\":\"Travel3\",\"description\":\"Lazer + Neg&oacute;cios + Aventura\",\"publisher\":{\"@id\":\"https:\/\/www.travel3.com.br\/site\/#organization\"},\"potentialAction\":[{\"@type\":\"SearchAction\",\"target\":{\"@type\":\"EntryPoint\",\"urlTemplate\":\"https:\/\/www.travel3.com.br\/site\/?s={search_term_string}\"},\"query-input\":{\"@type\":\"PropertyValueSpecification\",\"valueRequired\":true,\"valueName\":\"search_term_string\"}}],\"inLanguage\":\"pt-BR\"},{\"@type\":\"Organization\",\"@id\":\"https:\/\/www.travel3.com.br\/site\/#organization\",\"name\":\"Travel3\",\"url\":\"https:\/\/www.travel3.com.br\/site\/\",\"logo\":{\"@type\":\"ImageObject\",\"inLanguage\":\"pt-BR\",\"@id\":\"https:\/\/www.travel3.com.br\/site\/#\/schema\/logo\/image\/\",\"url\":\"https:\/\/www.travel3.com.br\/site\/wp-content\/uploads\/2020\/01\/logo-travel3-2020.png\",\"contentUrl\":\"https:\/\/www.travel3.com.br\/site\/wp-content\/uploads\/2020\/01\/logo-travel3-2020.png\",\"width\":232,\"height\":79,\"caption\":\"Travel3\"},\"image\":{\"@id\":\"https:\/\/www.travel3.com.br\/site\/#\/schema\/logo\/image\/\"},\"sameAs\":[\"https:\/\/www.facebook.com\/travel3media\/\",\"https:\/\/www.instagram.com\/revistatravel3\/\",\"https:\/\/www.youtube.com\/channel\/UCno7J4paGBR3VbZQzvoJ9Eg\"]},{\"@type\":\"Person\",\"@id\":\"https:\/\/www.travel3.com.br\/site\/#\/schema\/person\/89251b0320bc67697de92249f97f3fdb\",\"name\":\"Reda\u00e7\u00e3o Travel3\",\"image\":{\"@type\":\"ImageObject\",\"inLanguage\":\"pt-BR\",\"@id\":\"https:\/\/www.travel3.com.br\/site\/#\/schema\/person\/image\/\",\"url\":\"https:\/\/secure.gravatar.com\/avatar\/85a5ec2ad99b1932f671ebf50c117db6?s=96&d=mm&r=g\",\"contentUrl\":\"https:\/\/secure.gravatar.com\/avatar\/85a5ec2ad99b1932f671ebf50c117db6?s=96&d=mm&r=g\",\"caption\":\"Reda\u00e7\u00e3o Travel3\"},\"sameAs\":[\"http:\/\/www.travel3.com.br\/\"],\"url\":\"https:\/\/www.travel3.com.br\/site\/author\/redacao\/\"}]}<\/script>\n<!-- \/ Yoast SEO plugin. -->","yoast_head_json":{"title":"Carnaval de Diamantina retorna ao Centro Hist\u00f3rico em 2025 - Travel3","description":"Carnaval de Diamantina retorna ao Centro Hist\u00f3rico em 2025; Evento re\u00fane foli\u00f5es e confirma tradi\u00e7\u00e3o com programa\u00e7\u00e3o diversificada","robots":{"index":"index","follow":"follow","max-snippet":"max-snippet:-1","max-image-preview":"max-image-preview:large","max-video-preview":"max-video-preview:-1"},"canonical":"https:\/\/www.travel3.com.br\/site\/acontece-no-turismo\/carnaval-de-diamantina-retorna-ao-centro-historico-em-2025\/","og_locale":"pt_BR","og_type":"article","og_title":"Carnaval de Diamantina retorna ao Centro Hist\u00f3rico em 2025 - Travel3","og_description":"Carnaval de Diamantina retorna ao Centro Hist\u00f3rico em 2025; Evento re\u00fane foli\u00f5es e confirma tradi\u00e7\u00e3o com programa\u00e7\u00e3o diversificada","og_url":"https:\/\/www.travel3.com.br\/site\/acontece-no-turismo\/carnaval-de-diamantina-retorna-ao-centro-historico-em-2025\/","og_site_name":"Travel3","article_publisher":"https:\/\/www.facebook.com\/travel3media\/","article_published_time":"2025-02-10T12:01:35+00:00","article_modified_time":"2025-02-10T12:01:44+00:00","og_image":[{"width":1280,"height":853,"url":"https:\/\/www.travel3.com.br\/site\/wp-content\/uploads\/2025\/02\/carnaval-diamantina_Easy-Resize.com_.jpg","type":"image\/jpeg"}],"author":"Reda\u00e7\u00e3o Travel3","twitter_card":"summary_large_image","twitter_misc":{"Escrito por":"Reda\u00e7\u00e3o Travel3","Est. tempo de leitura":"2 minutos"},"schema":{"@context":"https:\/\/schema.org","@graph":[{"@type":"Article","@id":"https:\/\/www.travel3.com.br\/site\/acontece-no-turismo\/carnaval-de-diamantina-retorna-ao-centro-historico-em-2025\/#article","isPartOf":{"@id":"https:\/\/www.travel3.com.br\/site\/acontece-no-turismo\/carnaval-de-diamantina-retorna-ao-centro-historico-em-2025\/"},"author":{"name":"Reda\u00e7\u00e3o Travel3","@id":"https:\/\/www.travel3.com.br\/site\/#\/schema\/person\/89251b0320bc67697de92249f97f3fdb"},"headline":"Carnaval de Diamantina retorna ao Centro Hist\u00f3rico em 2025","datePublished":"2025-02-10T12:01:35+00:00","dateModified":"2025-02-10T12:01:44+00:00","mainEntityOfPage":{"@id":"https:\/\/www.travel3.com.br\/site\/acontece-no-turismo\/carnaval-de-diamantina-retorna-ao-centro-historico-em-2025\/"},"wordCount":314,"commentCount":0,"publisher":{"@id":"https:\/\/www.travel3.com.br\/site\/#organization"},"image":{"@id":"https:\/\/www.travel3.com.br\/site\/acontece-no-turismo\/carnaval-de-diamantina-retorna-ao-centro-historico-em-2025\/#primaryimage"},"thumbnailUrl":"https:\/\/www.travel3.com.br\/site\/wp-content\/uploads\/2025\/02\/carnaval-diamantina_Easy-Resize.com_.jpg","keywords":["carnaval 2025","Diamantina","Diamantina - MG","visite minas gerais"],"articleSection":["Acontece no Turismo"],"inLanguage":"pt-BR","potentialAction":[{"@type":"CommentAction","name":"Comment","target":["https:\/\/www.travel3.com.br\/site\/acontece-no-turismo\/carnaval-de-diamantina-retorna-ao-centro-historico-em-2025\/#respond"]}]},{"@type":"WebPage","@id":"https:\/\/www.travel3.com.br\/site\/acontece-no-turismo\/carnaval-de-diamantina-retorna-ao-centro-historico-em-2025\/","url":"https:\/\/www.travel3.com.br\/site\/acontece-no-turismo\/carnaval-de-diamantina-retorna-ao-centro-historico-em-2025\/","name":"Carnaval de Diamantina retorna ao Centro Hist\u00f3rico em 2025 - Travel3","isPartOf":{"@id":"https:\/\/www.travel3.com.br\/site\/#website"},"primaryImageOfPage":{"@id":"https:\/\/www.travel3.com.br\/site\/acontece-no-turismo\/carnaval-de-diamantina-retorna-ao-centro-historico-em-2025\/#primaryimage"},"image":{"@id":"https:\/\/www.travel3.com.br\/site\/acontece-no-turismo\/carnaval-de-diamantina-retorna-ao-centro-historico-em-2025\/#primaryimage"},"thumbnailUrl":"https:\/\/www.travel3.com.br\/site\/wp-content\/uploads\/2025\/02\/carnaval-diamantina_Easy-Resize.com_.jpg","datePublished":"2025-02-10T12:01:35+00:00","dateModified":"2025-02-10T12:01:44+00:00","description":"Carnaval de Diamantina retorna ao Centro Hist\u00f3rico em 2025; Evento re\u00fane foli\u00f5es e confirma tradi\u00e7\u00e3o com programa\u00e7\u00e3o diversificada","breadcrumb":{"@id":"https:\/\/www.travel3.com.br\/site\/acontece-no-turismo\/carnaval-de-diamantina-retorna-ao-centro-historico-em-2025\/#breadcrumb"},"inLanguage":"pt-BR","potentialAction":[{"@type":"ReadAction","target":["https:\/\/www.travel3.com.br\/site\/acontece-no-turismo\/carnaval-de-diamantina-retorna-ao-centro-historico-em-2025\/"]}]},{"@type":"ImageObject","inLanguage":"pt-BR","@id":"https:\/\/www.travel3.com.br\/site\/acontece-no-turismo\/carnaval-de-diamantina-retorna-ao-centro-historico-em-2025\/#primaryimage","url":"https:\/\/www.travel3.com.br\/site\/wp-content\/uploads\/2025\/02\/carnaval-diamantina_Easy-Resize.com_.jpg","contentUrl":"https:\/\/www.travel3.com.br\/site\/wp-content\/uploads\/2025\/02\/carnaval-diamantina_Easy-Resize.com_.jpg","width":1280,"height":853,"caption":"Foto: Divulga\u00e7\u00e3o"},{"@type":"BreadcrumbList","@id":"https:\/\/www.travel3.com.br\/site\/acontece-no-turismo\/carnaval-de-diamantina-retorna-ao-centro-historico-em-2025\/#breadcrumb","itemListElement":[{"@type":"ListItem","position":1,"name":"In\u00edcio","item":"https:\/\/www.travel3.com.br\/site\/"},{"@type":"ListItem","position":2,"name":"Carnaval de Diamantina retorna ao Centro Hist\u00f3rico em 2025"}]},{"@type":"WebSite","@id":"https:\/\/www.travel3.com.br\/site\/#website","url":"https:\/\/www.travel3.com.br\/site\/","name":"Travel3","description":"Lazer + Neg&oacute;cios + Aventura","publisher":{"@id":"https:\/\/www.travel3.com.br\/site\/#organization"},"potentialAction":[{"@type":"SearchAction","target":{"@type":"EntryPoint","urlTemplate":"https:\/\/www.travel3.com.br\/site\/?s={search_term_string}"},"query-input":{"@type":"PropertyValueSpecification","valueRequired":true,"valueName":"search_term_string"}}],"inLanguage":"pt-BR"},{"@type":"Organization","@id":"https:\/\/www.travel3.com.br\/site\/#organization","name":"Travel3","url":"https:\/\/www.travel3.com.br\/site\/","logo":{"@type":"ImageObject","inLanguage":"pt-BR","@id":"https:\/\/www.travel3.com.br\/site\/#\/schema\/logo\/image\/","url":"https:\/\/www.travel3.com.br\/site\/wp-content\/uploads\/2020\/01\/logo-travel3-2020.png","contentUrl":"https:\/\/www.travel3.com.br\/site\/wp-content\/uploads\/2020\/01\/logo-travel3-2020.png","width":232,"height":79,"caption":"Travel3"},"image":{"@id":"https:\/\/www.travel3.com.br\/site\/#\/schema\/logo\/image\/"},"sameAs":["https:\/\/www.facebook.com\/travel3media\/","https:\/\/www.instagram.com\/revistatravel3\/","https:\/\/www.youtube.com\/channel\/UCno7J4paGBR3VbZQzvoJ9Eg"]},{"@type":"Person","@id":"https:\/\/www.travel3.com.br\/site\/#\/schema\/person\/89251b0320bc67697de92249f97f3fdb","name":"Reda\u00e7\u00e3o Travel3","image":{"@type":"ImageObject","inLanguage":"pt-BR","@id":"https:\/\/www.travel3.com.br\/site\/#\/schema\/person\/image\/","url":"https:\/\/secure.gravatar.com\/avatar\/85a5ec2ad99b1932f671ebf50c117db6?s=96&d=mm&r=g","contentUrl":"https:\/\/secure.gravatar.com\/avatar\/85a5ec2ad99b1932f671ebf50c117db6?s=96&d=mm&r=g","caption":"Reda\u00e7\u00e3o Travel3"},"sameAs":["http:\/\/www.travel3.com.br\/"],"url":"https:\/\/www.travel3.com.br\/site\/author\/redacao\/"}]}},"_links":{"self":[{"href":"https:\/\/www.travel3.com.br\/site\/wp-json\/wp\/v2\/posts\/74530","targetHints":{"allow":["GET"]}}],"collection":[{"href":"https:\/\/www.travel3.com.br\/site\/wp-json\/wp\/v2\/posts"}],"about":[{"href":"https:\/\/www.travel3.com.br\/site\/wp-json\/wp\/v2\/types\/post"}],"author":[{"embeddable":true,"href":"https:\/\/www.travel3.com.br\/site\/wp-json\/wp\/v2\/users\/5"}],"replies":[{"embeddable":true,"href":"https:\/\/www.travel3.com.br\/site\/wp-json\/wp\/v2\/comments?post=74530"}],"version-history":[{"count":3,"href":"https:\/\/www.travel3.com.br\/site\/wp-json\/wp\/v2\/posts\/74530\/revisions"}],"predecessor-version":[{"id":74535,"href":"https:\/\/www.travel3.com.br\/site\/wp-json\/wp\/v2\/posts\/74530\/revisions\/74535"}],"wp:featuredmedia":[{"embeddable":true,"href":"https:\/\/www.travel3.com.br\/site\/wp-json\/wp\/v2\/media\/74532"}],"wp:attachment":[{"href":"https:\/\/www.travel3.com.br\/site\/wp-json\/wp\/v2\/media?parent=74530"}],"wp:term":[{"taxonomy":"category","embeddable":true,"href":"https:\/\/www.travel3.com.br\/site\/wp-json\/wp\/v2\/categories?post=74530"},{"taxonomy":"post_tag","embeddable":true,"href":"https:\/\/www.travel3.com.br\/site\/wp-json\/wp\/v2\/tags?post=74530"}],"curies":[{"name":"wp","href":"https:\/\/api.w.org\/{rel}","templated":true}]}}