{"id":74392,"date":"2025-02-03T07:39:00","date_gmt":"2025-02-03T10:39:00","guid":{"rendered":"https:\/\/www.travel3.com.br\/?p=74392"},"modified":"2025-02-02T19:39:59","modified_gmt":"2025-02-02T22:39:59","slug":"gramado-conquista-2o-lugar-entre-os-melhores-destinos-da-america-do-sul","status":"publish","type":"post","link":"https:\/\/www.travel3.com.br\/site\/acontece-no-turismo\/gramado-conquista-2o-lugar-entre-os-melhores-destinos-da-america-do-sul\/","title":{"rendered":"Gramado conquista 2\u00ba lugar entre os melhores destinos da Am\u00e9rica do Sul"},"content":{"rendered":"\n<h2 class=\"wp-block-heading\">Cidade ga\u00facha refor\u00e7a posi\u00e7\u00e3o como refer\u00eancia no turismo<\/h2>\n\n\n\n<p>Gramado, no Rio Grande do Sul, conquistou a segunda posi\u00e7\u00e3o na categoria melhores destinos da Am\u00e9rica do Sul no pr\u00eamio <strong>Travellers&#8217; Choice \u2013 Os melhores dos melhores de 2025<\/strong>, do <strong><a href=\"https:\/\/www.tripadvisor.com.br\/\" target=\"_blank\" rel=\"noreferrer noopener\">Tripadvisor<\/a><\/strong>. O ranking, baseado na avalia\u00e7\u00e3o de turistas ao longo de 2024, colocou a cidade \u00e0 frente de destinos como Cartagena e Medell\u00edn, na Col\u00f4mbia.<\/p>\n\n\n\n<p>O Tripadvisor descreve Gramado como &#8220;um ref\u00fagio pitoresco e verdejante&#8221; e destaca atrativos como os pedalinhos e os bosques de pinheiros do Lago Negro, al\u00e9m do Snowland, \u00fanico parque de neve indoor da Am\u00e9rica Latina.<\/p>\n\n\n\n<p>Em 2024, o Rio Grande do Sul recebeu 879.412 turistas internacionais, consolidando-se como o quarto principal port\u00e3o de entrada do Brasil. Argentina, Uruguai e Paraguai lideram a lista de pa\u00edses emissores, com 857.383 visitantes.<\/p>\n\n\n\n<p>O presidente da Embratur, <strong>Marcelo Freixo<\/strong>, parabenizou Gramado pelo reconhecimento e ressaltou a import\u00e2ncia do turismo para a recupera\u00e7\u00e3o econ\u00f4mica do estado, que enfrentou uma grave trag\u00e9dia clim\u00e1tica no \u00faltimo ano. O prefeito de Gramado, Nestor Tissot, tamb\u00e9m celebrou a conquista e destacou o impacto positivo da premia\u00e7\u00e3o na visibilidade do munic\u00edpio.<\/p>\n\n\n\n<p>Com cerca de 40 mil habitantes, Gramado tem 86% de sua economia voltada ao turismo. A cidade conta com 216 meios de hospedagem, mais de 26 mil leitos e mais de 300 restaurantes. O reconhecimento atual se soma a outras conquistas, como o t\u00edtulo de melhor hotel do mundo concedido ao <strong><a href=\"https:\/\/www.travel3.com.br\/hotel\/colline-de-france-expande-sua-assinatura-no-brasil\/\" target=\"_blank\" rel=\"noreferrer noopener\">Colline de France <\/a><\/strong>na edi\u00e7\u00e3o de 2024 do mesmo pr\u00eamio do Tripadvisor.<\/p>\n\n\n\n<h3 class=\"wp-block-heading\">Crit\u00e9rios de sele\u00e7\u00e3o do Tripadvisor<\/h3>\n\n\n\n<p>O <strong>Travellers\u2019 Choice \u2013 Os melhores dos melhores<\/strong> premia os destinos mais bem avaliados na plataforma, considerando a qualidade e quantidade de avalia\u00e7\u00f5es dos viajantes. Apenas estabelecimentos e destinos com perfil ativo h\u00e1 pelo menos 12 meses, um n\u00famero m\u00ednimo de avalia\u00e7\u00f5es e uma pontua\u00e7\u00e3o consistente acima da m\u00e9dia podem concorrer ao pr\u00eamio.<\/p>\n","protected":false},"excerpt":{"rendered":"<p>Cidade ga\u00facha refor\u00e7a posi\u00e7\u00e3o como refer\u00eancia no turismo<\/p>\n","protected":false},"author":5,"featured_media":74394,"comment_status":"open","ping_status":"open","sticky":false,"template":"","format":"standard","meta":{"footnotes":""},"categories":[969],"tags":[521,471],"class_list":["post-74392","post","type-post","status-publish","format-standard","has-post-thumbnail","hentry","category-acontece-no-turismo","tag-gramado","tag-serra-gaucha"],"yoast_head":"<!-- This site is optimized with the Yoast SEO plugin v26.2 - https:\/\/yoast.com\/wordpress\/plugins\/seo\/ -->\n<title>Gramado conquista 2\u00ba lugar entre os melhores destinos da Am\u00e9rica do Sul - Travel3<\/title>\n<meta name=\"description\" content=\"Gramado conquista 2\u00ba lugar entre os melhores destinos da Am\u00e9rica do Sul; Cidade ga\u00facha refor\u00e7a posi\u00e7\u00e3o como refer\u00eancia no turismo\" \/>\n<meta name=\"robots\" content=\"index, follow, max-snippet:-1, max-image-preview:large, max-video-preview:-1\" \/>\n<link rel=\"canonical\" href=\"https:\/\/www.travel3.com.br\/site\/acontece-no-turismo\/gramado-conquista-2o-lugar-entre-os-melhores-destinos-da-america-do-sul\/\" \/>\n<meta property=\"og:locale\" content=\"pt_BR\" \/>\n<meta property=\"og:type\" content=\"article\" \/>\n<meta property=\"og:title\" content=\"Gramado conquista 2\u00ba lugar entre os melhores destinos da Am\u00e9rica do Sul - Travel3\" \/>\n<meta property=\"og:description\" content=\"Gramado conquista 2\u00ba lugar entre os melhores destinos da Am\u00e9rica do Sul; Cidade ga\u00facha refor\u00e7a posi\u00e7\u00e3o como refer\u00eancia no turismo\" \/>\n<meta property=\"og:url\" content=\"https:\/\/www.travel3.com.br\/site\/acontece-no-turismo\/gramado-conquista-2o-lugar-entre-os-melhores-destinos-da-america-do-sul\/\" \/>\n<meta property=\"og:site_name\" content=\"Travel3\" \/>\n<meta property=\"article:publisher\" content=\"https:\/\/www.facebook.com\/travel3media\/\" \/>\n<meta property=\"article:published_time\" content=\"2025-02-03T10:39:00+00:00\" \/>\n<meta property=\"og:image\" content=\"https:\/\/www.travel3.com.br\/site\/wp-content\/uploads\/2025\/02\/gramado_Easy-Resize.com_.jpg\" \/>\n\t<meta property=\"og:image:width\" content=\"1280\" \/>\n\t<meta property=\"og:image:height\" content=\"853\" \/>\n\t<meta property=\"og:image:type\" content=\"image\/jpeg\" \/>\n<meta name=\"author\" content=\"Reda\u00e7\u00e3o Travel3\" \/>\n<meta name=\"twitter:card\" content=\"summary_large_image\" \/>\n<meta name=\"twitter:label1\" content=\"Escrito por\" \/>\n\t<meta name=\"twitter:data1\" content=\"Reda\u00e7\u00e3o Travel3\" \/>\n\t<meta name=\"twitter:label2\" content=\"Est. tempo de leitura\" \/>\n\t<meta name=\"twitter:data2\" content=\"2 minutos\" \/>\n<script type=\"application\/ld+json\" class=\"yoast-schema-graph\">{\"@context\":\"https:\/\/schema.org\",\"@graph\":[{\"@type\":\"Article\",\"@id\":\"https:\/\/www.travel3.com.br\/site\/acontece-no-turismo\/gramado-conquista-2o-lugar-entre-os-melhores-destinos-da-america-do-sul\/#article\",\"isPartOf\":{\"@id\":\"https:\/\/www.travel3.com.br\/site\/acontece-no-turismo\/gramado-conquista-2o-lugar-entre-os-melhores-destinos-da-america-do-sul\/\"},\"author\":{\"name\":\"Reda\u00e7\u00e3o Travel3\",\"@id\":\"https:\/\/www.travel3.com.br\/site\/#\/schema\/person\/89251b0320bc67697de92249f97f3fdb\"},\"headline\":\"Gramado conquista 2\u00ba lugar entre os melhores destinos da Am\u00e9rica do Sul\",\"datePublished\":\"2025-02-03T10:39:00+00:00\",\"mainEntityOfPage\":{\"@id\":\"https:\/\/www.travel3.com.br\/site\/acontece-no-turismo\/gramado-conquista-2o-lugar-entre-os-melhores-destinos-da-america-do-sul\/\"},\"wordCount\":337,\"commentCount\":0,\"publisher\":{\"@id\":\"https:\/\/www.travel3.com.br\/site\/#organization\"},\"image\":{\"@id\":\"https:\/\/www.travel3.com.br\/site\/acontece-no-turismo\/gramado-conquista-2o-lugar-entre-os-melhores-destinos-da-america-do-sul\/#primaryimage\"},\"thumbnailUrl\":\"https:\/\/www.travel3.com.br\/site\/wp-content\/uploads\/2025\/02\/gramado_Easy-Resize.com_.jpg\",\"keywords\":[\"gramado\",\"Serra Ga\u00facha\"],\"articleSection\":[\"Acontece no Turismo\"],\"inLanguage\":\"pt-BR\",\"potentialAction\":[{\"@type\":\"CommentAction\",\"name\":\"Comment\",\"target\":[\"https:\/\/www.travel3.com.br\/site\/acontece-no-turismo\/gramado-conquista-2o-lugar-entre-os-melhores-destinos-da-america-do-sul\/#respond\"]}]},{\"@type\":\"WebPage\",\"@id\":\"https:\/\/www.travel3.com.br\/site\/acontece-no-turismo\/gramado-conquista-2o-lugar-entre-os-melhores-destinos-da-america-do-sul\/\",\"url\":\"https:\/\/www.travel3.com.br\/site\/acontece-no-turismo\/gramado-conquista-2o-lugar-entre-os-melhores-destinos-da-america-do-sul\/\",\"name\":\"Gramado conquista 2\u00ba lugar entre os melhores destinos da Am\u00e9rica do Sul - Travel3\",\"isPartOf\":{\"@id\":\"https:\/\/www.travel3.com.br\/site\/#website\"},\"primaryImageOfPage\":{\"@id\":\"https:\/\/www.travel3.com.br\/site\/acontece-no-turismo\/gramado-conquista-2o-lugar-entre-os-melhores-destinos-da-america-do-sul\/#primaryimage\"},\"image\":{\"@id\":\"https:\/\/www.travel3.com.br\/site\/acontece-no-turismo\/gramado-conquista-2o-lugar-entre-os-melhores-destinos-da-america-do-sul\/#primaryimage\"},\"thumbnailUrl\":\"https:\/\/www.travel3.com.br\/site\/wp-content\/uploads\/2025\/02\/gramado_Easy-Resize.com_.jpg\",\"datePublished\":\"2025-02-03T10:39:00+00:00\",\"description\":\"Gramado conquista 2\u00ba lugar entre os melhores destinos da Am\u00e9rica do Sul; Cidade ga\u00facha refor\u00e7a posi\u00e7\u00e3o como refer\u00eancia no turismo\",\"breadcrumb\":{\"@id\":\"https:\/\/www.travel3.com.br\/site\/acontece-no-turismo\/gramado-conquista-2o-lugar-entre-os-melhores-destinos-da-america-do-sul\/#breadcrumb\"},\"inLanguage\":\"pt-BR\",\"potentialAction\":[{\"@type\":\"ReadAction\",\"target\":[\"https:\/\/www.travel3.com.br\/site\/acontece-no-turismo\/gramado-conquista-2o-lugar-entre-os-melhores-destinos-da-america-do-sul\/\"]}]},{\"@type\":\"ImageObject\",\"inLanguage\":\"pt-BR\",\"@id\":\"https:\/\/www.travel3.com.br\/site\/acontece-no-turismo\/gramado-conquista-2o-lugar-entre-os-melhores-destinos-da-america-do-sul\/#primaryimage\",\"url\":\"https:\/\/www.travel3.com.br\/site\/wp-content\/uploads\/2025\/02\/gramado_Easy-Resize.com_.jpg\",\"contentUrl\":\"https:\/\/www.travel3.com.br\/site\/wp-content\/uploads\/2025\/02\/gramado_Easy-Resize.com_.jpg\",\"width\":1280,\"height\":853,\"caption\":\"Turistas aproveitam as atra\u00e7\u00f5es de Gramado, um dos destinos mais bem avaliados da Am\u00e9rica do Sul (Foto: Divulga\u00e7\u00e3o)\"},{\"@type\":\"BreadcrumbList\",\"@id\":\"https:\/\/www.travel3.com.br\/site\/acontece-no-turismo\/gramado-conquista-2o-lugar-entre-os-melhores-destinos-da-america-do-sul\/#breadcrumb\",\"itemListElement\":[{\"@type\":\"ListItem\",\"position\":1,\"name\":\"In\u00edcio\",\"item\":\"https:\/\/www.travel3.com.br\/site\/\"},{\"@type\":\"ListItem\",\"position\":2,\"name\":\"Gramado conquista 2\u00ba lugar entre os melhores destinos da Am\u00e9rica do Sul\"}]},{\"@type\":\"WebSite\",\"@id\":\"https:\/\/www.travel3.com.br\/site\/#website\",\"url\":\"https:\/\/www.travel3.com.br\/site\/\",\"name\":\"Travel3\",\"description\":\"Lazer + Neg&oacute;cios + Aventura\",\"publisher\":{\"@id\":\"https:\/\/www.travel3.com.br\/site\/#organization\"},\"potentialAction\":[{\"@type\":\"SearchAction\",\"target\":{\"@type\":\"EntryPoint\",\"urlTemplate\":\"https:\/\/www.travel3.com.br\/site\/?s={search_term_string}\"},\"query-input\":{\"@type\":\"PropertyValueSpecification\",\"valueRequired\":true,\"valueName\":\"search_term_string\"}}],\"inLanguage\":\"pt-BR\"},{\"@type\":\"Organization\",\"@id\":\"https:\/\/www.travel3.com.br\/site\/#organization\",\"name\":\"Travel3\",\"url\":\"https:\/\/www.travel3.com.br\/site\/\",\"logo\":{\"@type\":\"ImageObject\",\"inLanguage\":\"pt-BR\",\"@id\":\"https:\/\/www.travel3.com.br\/site\/#\/schema\/logo\/image\/\",\"url\":\"https:\/\/www.travel3.com.br\/site\/wp-content\/uploads\/2020\/01\/logo-travel3-2020.png\",\"contentUrl\":\"https:\/\/www.travel3.com.br\/site\/wp-content\/uploads\/2020\/01\/logo-travel3-2020.png\",\"width\":232,\"height\":79,\"caption\":\"Travel3\"},\"image\":{\"@id\":\"https:\/\/www.travel3.com.br\/site\/#\/schema\/logo\/image\/\"},\"sameAs\":[\"https:\/\/www.facebook.com\/travel3media\/\",\"https:\/\/www.instagram.com\/revistatravel3\/\",\"https:\/\/www.youtube.com\/channel\/UCno7J4paGBR3VbZQzvoJ9Eg\"]},{\"@type\":\"Person\",\"@id\":\"https:\/\/www.travel3.com.br\/site\/#\/schema\/person\/89251b0320bc67697de92249f97f3fdb\",\"name\":\"Reda\u00e7\u00e3o Travel3\",\"image\":{\"@type\":\"ImageObject\",\"inLanguage\":\"pt-BR\",\"@id\":\"https:\/\/www.travel3.com.br\/site\/#\/schema\/person\/image\/\",\"url\":\"https:\/\/secure.gravatar.com\/avatar\/85a5ec2ad99b1932f671ebf50c117db6?s=96&d=mm&r=g\",\"contentUrl\":\"https:\/\/secure.gravatar.com\/avatar\/85a5ec2ad99b1932f671ebf50c117db6?s=96&d=mm&r=g\",\"caption\":\"Reda\u00e7\u00e3o Travel3\"},\"sameAs\":[\"http:\/\/www.travel3.com.br\/\"],\"url\":\"https:\/\/www.travel3.com.br\/site\/author\/redacao\/\"}]}<\/script>\n<!-- \/ Yoast SEO plugin. -->","yoast_head_json":{"title":"Gramado conquista 2\u00ba lugar entre os melhores destinos da Am\u00e9rica do Sul - Travel3","description":"Gramado conquista 2\u00ba lugar entre os melhores destinos da Am\u00e9rica do Sul; Cidade ga\u00facha refor\u00e7a posi\u00e7\u00e3o como refer\u00eancia no turismo","robots":{"index":"index","follow":"follow","max-snippet":"max-snippet:-1","max-image-preview":"max-image-preview:large","max-video-preview":"max-video-preview:-1"},"canonical":"https:\/\/www.travel3.com.br\/site\/acontece-no-turismo\/gramado-conquista-2o-lugar-entre-os-melhores-destinos-da-america-do-sul\/","og_locale":"pt_BR","og_type":"article","og_title":"Gramado conquista 2\u00ba lugar entre os melhores destinos da Am\u00e9rica do Sul - Travel3","og_description":"Gramado conquista 2\u00ba lugar entre os melhores destinos da Am\u00e9rica do Sul; Cidade ga\u00facha refor\u00e7a posi\u00e7\u00e3o como refer\u00eancia no turismo","og_url":"https:\/\/www.travel3.com.br\/site\/acontece-no-turismo\/gramado-conquista-2o-lugar-entre-os-melhores-destinos-da-america-do-sul\/","og_site_name":"Travel3","article_publisher":"https:\/\/www.facebook.com\/travel3media\/","article_published_time":"2025-02-03T10:39:00+00:00","og_image":[{"width":1280,"height":853,"url":"https:\/\/www.travel3.com.br\/site\/wp-content\/uploads\/2025\/02\/gramado_Easy-Resize.com_.jpg","type":"image\/jpeg"}],"author":"Reda\u00e7\u00e3o Travel3","twitter_card":"summary_large_image","twitter_misc":{"Escrito por":"Reda\u00e7\u00e3o Travel3","Est. tempo de leitura":"2 minutos"},"schema":{"@context":"https:\/\/schema.org","@graph":[{"@type":"Article","@id":"https:\/\/www.travel3.com.br\/site\/acontece-no-turismo\/gramado-conquista-2o-lugar-entre-os-melhores-destinos-da-america-do-sul\/#article","isPartOf":{"@id":"https:\/\/www.travel3.com.br\/site\/acontece-no-turismo\/gramado-conquista-2o-lugar-entre-os-melhores-destinos-da-america-do-sul\/"},"author":{"name":"Reda\u00e7\u00e3o Travel3","@id":"https:\/\/www.travel3.com.br\/site\/#\/schema\/person\/89251b0320bc67697de92249f97f3fdb"},"headline":"Gramado conquista 2\u00ba lugar entre os melhores destinos da Am\u00e9rica do Sul","datePublished":"2025-02-03T10:39:00+00:00","mainEntityOfPage":{"@id":"https:\/\/www.travel3.com.br\/site\/acontece-no-turismo\/gramado-conquista-2o-lugar-entre-os-melhores-destinos-da-america-do-sul\/"},"wordCount":337,"commentCount":0,"publisher":{"@id":"https:\/\/www.travel3.com.br\/site\/#organization"},"image":{"@id":"https:\/\/www.travel3.com.br\/site\/acontece-no-turismo\/gramado-conquista-2o-lugar-entre-os-melhores-destinos-da-america-do-sul\/#primaryimage"},"thumbnailUrl":"https:\/\/www.travel3.com.br\/site\/wp-content\/uploads\/2025\/02\/gramado_Easy-Resize.com_.jpg","keywords":["gramado","Serra Ga\u00facha"],"articleSection":["Acontece no Turismo"],"inLanguage":"pt-BR","potentialAction":[{"@type":"CommentAction","name":"Comment","target":["https:\/\/www.travel3.com.br\/site\/acontece-no-turismo\/gramado-conquista-2o-lugar-entre-os-melhores-destinos-da-america-do-sul\/#respond"]}]},{"@type":"WebPage","@id":"https:\/\/www.travel3.com.br\/site\/acontece-no-turismo\/gramado-conquista-2o-lugar-entre-os-melhores-destinos-da-america-do-sul\/","url":"https:\/\/www.travel3.com.br\/site\/acontece-no-turismo\/gramado-conquista-2o-lugar-entre-os-melhores-destinos-da-america-do-sul\/","name":"Gramado conquista 2\u00ba lugar entre os melhores destinos da Am\u00e9rica do Sul - Travel3","isPartOf":{"@id":"https:\/\/www.travel3.com.br\/site\/#website"},"primaryImageOfPage":{"@id":"https:\/\/www.travel3.com.br\/site\/acontece-no-turismo\/gramado-conquista-2o-lugar-entre-os-melhores-destinos-da-america-do-sul\/#primaryimage"},"image":{"@id":"https:\/\/www.travel3.com.br\/site\/acontece-no-turismo\/gramado-conquista-2o-lugar-entre-os-melhores-destinos-da-america-do-sul\/#primaryimage"},"thumbnailUrl":"https:\/\/www.travel3.com.br\/site\/wp-content\/uploads\/2025\/02\/gramado_Easy-Resize.com_.jpg","datePublished":"2025-02-03T10:39:00+00:00","description":"Gramado conquista 2\u00ba lugar entre os melhores destinos da Am\u00e9rica do Sul; Cidade ga\u00facha refor\u00e7a posi\u00e7\u00e3o como refer\u00eancia no turismo","breadcrumb":{"@id":"https:\/\/www.travel3.com.br\/site\/acontece-no-turismo\/gramado-conquista-2o-lugar-entre-os-melhores-destinos-da-america-do-sul\/#breadcrumb"},"inLanguage":"pt-BR","potentialAction":[{"@type":"ReadAction","target":["https:\/\/www.travel3.com.br\/site\/acontece-no-turismo\/gramado-conquista-2o-lugar-entre-os-melhores-destinos-da-america-do-sul\/"]}]},{"@type":"ImageObject","inLanguage":"pt-BR","@id":"https:\/\/www.travel3.com.br\/site\/acontece-no-turismo\/gramado-conquista-2o-lugar-entre-os-melhores-destinos-da-america-do-sul\/#primaryimage","url":"https:\/\/www.travel3.com.br\/site\/wp-content\/uploads\/2025\/02\/gramado_Easy-Resize.com_.jpg","contentUrl":"https:\/\/www.travel3.com.br\/site\/wp-content\/uploads\/2025\/02\/gramado_Easy-Resize.com_.jpg","width":1280,"height":853,"caption":"Turistas aproveitam as atra\u00e7\u00f5es de Gramado, um dos destinos mais bem avaliados da Am\u00e9rica do Sul (Foto: Divulga\u00e7\u00e3o)"},{"@type":"BreadcrumbList","@id":"https:\/\/www.travel3.com.br\/site\/acontece-no-turismo\/gramado-conquista-2o-lugar-entre-os-melhores-destinos-da-america-do-sul\/#breadcrumb","itemListElement":[{"@type":"ListItem","position":1,"name":"In\u00edcio","item":"https:\/\/www.travel3.com.br\/site\/"},{"@type":"ListItem","position":2,"name":"Gramado conquista 2\u00ba lugar entre os melhores destinos da Am\u00e9rica do Sul"}]},{"@type":"WebSite","@id":"https:\/\/www.travel3.com.br\/site\/#website","url":"https:\/\/www.travel3.com.br\/site\/","name":"Travel3","description":"Lazer + Neg&oacute;cios + Aventura","publisher":{"@id":"https:\/\/www.travel3.com.br\/site\/#organization"},"potentialAction":[{"@type":"SearchAction","target":{"@type":"EntryPoint","urlTemplate":"https:\/\/www.travel3.com.br\/site\/?s={search_term_string}"},"query-input":{"@type":"PropertyValueSpecification","valueRequired":true,"valueName":"search_term_string"}}],"inLanguage":"pt-BR"},{"@type":"Organization","@id":"https:\/\/www.travel3.com.br\/site\/#organization","name":"Travel3","url":"https:\/\/www.travel3.com.br\/site\/","logo":{"@type":"ImageObject","inLanguage":"pt-BR","@id":"https:\/\/www.travel3.com.br\/site\/#\/schema\/logo\/image\/","url":"https:\/\/www.travel3.com.br\/site\/wp-content\/uploads\/2020\/01\/logo-travel3-2020.png","contentUrl":"https:\/\/www.travel3.com.br\/site\/wp-content\/uploads\/2020\/01\/logo-travel3-2020.png","width":232,"height":79,"caption":"Travel3"},"image":{"@id":"https:\/\/www.travel3.com.br\/site\/#\/schema\/logo\/image\/"},"sameAs":["https:\/\/www.facebook.com\/travel3media\/","https:\/\/www.instagram.com\/revistatravel3\/","https:\/\/www.youtube.com\/channel\/UCno7J4paGBR3VbZQzvoJ9Eg"]},{"@type":"Person","@id":"https:\/\/www.travel3.com.br\/site\/#\/schema\/person\/89251b0320bc67697de92249f97f3fdb","name":"Reda\u00e7\u00e3o Travel3","image":{"@type":"ImageObject","inLanguage":"pt-BR","@id":"https:\/\/www.travel3.com.br\/site\/#\/schema\/person\/image\/","url":"https:\/\/secure.gravatar.com\/avatar\/85a5ec2ad99b1932f671ebf50c117db6?s=96&d=mm&r=g","contentUrl":"https:\/\/secure.gravatar.com\/avatar\/85a5ec2ad99b1932f671ebf50c117db6?s=96&d=mm&r=g","caption":"Reda\u00e7\u00e3o Travel3"},"sameAs":["http:\/\/www.travel3.com.br\/"],"url":"https:\/\/www.travel3.com.br\/site\/author\/redacao\/"}]}},"_links":{"self":[{"href":"https:\/\/www.travel3.com.br\/site\/wp-json\/wp\/v2\/posts\/74392","targetHints":{"allow":["GET"]}}],"collection":[{"href":"https:\/\/www.travel3.com.br\/site\/wp-json\/wp\/v2\/posts"}],"about":[{"href":"https:\/\/www.travel3.com.br\/site\/wp-json\/wp\/v2\/types\/post"}],"author":[{"embeddable":true,"href":"https:\/\/www.travel3.com.br\/site\/wp-json\/wp\/v2\/users\/5"}],"replies":[{"embeddable":true,"href":"https:\/\/www.travel3.com.br\/site\/wp-json\/wp\/v2\/comments?post=74392"}],"version-history":[{"count":3,"href":"https:\/\/www.travel3.com.br\/site\/wp-json\/wp\/v2\/posts\/74392\/revisions"}],"predecessor-version":[{"id":74396,"href":"https:\/\/www.travel3.com.br\/site\/wp-json\/wp\/v2\/posts\/74392\/revisions\/74396"}],"wp:featuredmedia":[{"embeddable":true,"href":"https:\/\/www.travel3.com.br\/site\/wp-json\/wp\/v2\/media\/74394"}],"wp:attachment":[{"href":"https:\/\/www.travel3.com.br\/site\/wp-json\/wp\/v2\/media?parent=74392"}],"wp:term":[{"taxonomy":"category","embeddable":true,"href":"https:\/\/www.travel3.com.br\/site\/wp-json\/wp\/v2\/categories?post=74392"},{"taxonomy":"post_tag","embeddable":true,"href":"https:\/\/www.travel3.com.br\/site\/wp-json\/wp\/v2\/tags?post=74392"}],"curies":[{"name":"wp","href":"https:\/\/api.w.org\/{rel}","templated":true}]}}