{"id":72852,"date":"2024-11-19T11:21:29","date_gmt":"2024-11-19T14:21:29","guid":{"rendered":"https:\/\/www.travel3.com.br\/?p=72852"},"modified":"2024-11-19T11:21:34","modified_gmt":"2024-11-19T14:21:34","slug":"viagenspromo-apoia-leilao-beneficente-de-ronaldo-fenomeno","status":"publish","type":"post","link":"https:\/\/www.travel3.com.br\/site\/acontece-no-turismo\/viagenspromo-apoia-leilao-beneficente-de-ronaldo-fenomeno\/","title":{"rendered":"ViagensPromo apoia leil\u00e3o beneficente de Ronaldo Fen\u00f4meno"},"content":{"rendered":"\n<h2 class=\"wp-block-heading\">Operadora participa de evento para arrecadar fundos para programas sociais<\/h2>\n\n\n\n<p>A <strong><a href=\"https:\/\/www.travel3.com.br\/acontece-no-turismo\/viagenspromo-lanca-blackpromo-com-premios-e-vantagens\/\" target=\"_blank\" rel=\"noreferrer noopener\">ViagensPromo<\/a><\/strong> confirmou sua participa\u00e7\u00e3o no <strong><em>Leil\u00e3o Gal\u00e1cticos<\/em><\/strong>, evento beneficente promovido por Ronaldo Fen\u00f4meno e Celina Locks, com o objetivo de arrecadar recursos para a <strong><a href=\"https:\/\/fenomenos.org\/\" target=\"_blank\" rel=\"noreferrer noopener\">Funda\u00e7\u00e3o Fen\u00f4menos<\/a><\/strong>. A organiza\u00e7\u00e3o atua desde 2012 em comunidades brasileiras, desenvolvendo programas sociais que j\u00e1 impactaram mais de 100 mil pessoas.<\/p>\n\n\n\n<p>O evento ocorrer\u00e1 nesta quinta-feira, 21 de novembro, no Clube Monte L\u00edbano, em S\u00e3o Paulo, e reunir\u00e1 empres\u00e1rios e personalidades. Os participantes poder\u00e3o adquirir lotes de produtos e servi\u00e7os ofertados durante o leil\u00e3o, com a renda revertida integralmente \u00e0 Funda\u00e7\u00e3o.<\/p>\n\n\n\n<p>&#8220;<strong><em>Todo fen\u00f4meno nasce com um sonho. \u00c9 preciso prop\u00f3sito, determina\u00e7\u00e3o e brilho nos olhos para transformar potencial em realidade. Eu sei que o mundo est\u00e1 cheio de fen\u00f4menos, e o nosso papel \u00e9 identificar, apoiar e potencializar aqueles que p\u00f5em paix\u00e3o em tudo o que fazem e est\u00e3o transformando positivamente o Brasil<\/em><\/strong>,\u201d comenta Ronaldo Fen\u00f4meno.<\/p>\n\n\n\n<h3 class=\"wp-block-heading\">A ViagensPromo contribuir\u00e1 com dois lotes de viagens:<\/h3>\n\n\n\n<ul class=\"wp-block-list\"><li>Uma parceria com o Nannai Resort, em Muro Alto (PE), incluindo transporte a\u00e9reo, traslado privativo, hospedagem e experi\u00eancias exclusivas no resort.<\/li><li>Uma viagem para Dubai, com bilhetes em classe executiva pela Emirates, servi\u00e7os terrestres inclusos.<\/li><\/ul>\n\n\n\n<p>A Funda\u00e7\u00e3o Fen\u00f4menos identifica e apoia lideran\u00e7as comunit\u00e1rias que promovem transforma\u00e7\u00e3o social. Entre seus projetos, destacam-se:<\/p>\n\n\n\n<ul class=\"wp-block-list\"><li><strong>Fundo Fen\u00f4menos<\/strong>: incentivo a iniciativas que geram autonomia e melhoria na qualidade de vida das comunidades.<\/li><li><strong>Desafio Fen\u00f4menos<\/strong>: mobiliza\u00e7\u00e3o de organiza\u00e7\u00f5es e lideran\u00e7as em \u00e1reas perif\u00e9ricas de S\u00e3o Paulo para desenvolver solu\u00e7\u00f5es que integrem atividades f\u00edsicas e sustentabilidade.<\/li><\/ul>\n\n\n\n<p>Com 785 horas de consultoria e 99 lideran\u00e7as apoiadas, a Funda\u00e7\u00e3o j\u00e1 impactou diretamente 104 mil vidas, contribuindo para o desenvolvimento social.<\/p>\n\n\n\n<p>Para Renato Kido, fundador e diretor da ViagensPromo, apoiar a iniciativa reflete o compromisso da operadora com o impacto social. \u201c<strong><em>Contribu\u00edmos para que mais pessoas realizem seus sonhos. A Funda\u00e7\u00e3o Fen\u00f4menos trabalha nas bases, promovendo qualidade de vida e autonomia, permitindo que as comunidades avancem e conquistem novos horizontes<\/em><\/strong>\u201d, afirmou Kido.<\/p>\n\n\n\n<p>O evento refor\u00e7a a parceria entre a operadora e organiza\u00e7\u00f5es sociais na busca por solu\u00e7\u00f5es transformadoras, alinhando neg\u00f3cios e prop\u00f3sitos.<\/p>\n","protected":false},"excerpt":{"rendered":"<p>Operadora participa de evento para arrecadar fundos para programas sociais<\/p>\n","protected":false},"author":6,"featured_media":72853,"comment_status":"open","ping_status":"open","sticky":false,"template":"","format":"standard","meta":{"footnotes":""},"categories":[969,4],"tags":[6409,403,6410,4518],"class_list":["post-72852","post","type-post","status-publish","format-standard","has-post-thumbnail","hentry","category-acontece-no-turismo","category-operadoras","tag-leilao-beneficente","tag-operadoras","tag-ronaldo-fenomeno","tag-viagenspromo"],"yoast_head":"<!-- This site is optimized with the Yoast SEO plugin v26.2 - https:\/\/yoast.com\/wordpress\/plugins\/seo\/ -->\n<title>ViagensPromo apoia leil\u00e3o beneficente de Ronaldo Fen\u00f4meno - Travel3<\/title>\n<meta name=\"description\" content=\"ViagensPromo apoia leil\u00e3o beneficente de Ronaldo Fen\u00f4meno; Operadora participa de evento para arrecadar fundos para programas sociais\" \/>\n<meta name=\"robots\" content=\"index, follow, max-snippet:-1, max-image-preview:large, max-video-preview:-1\" \/>\n<link rel=\"canonical\" href=\"https:\/\/www.travel3.com.br\/site\/acontece-no-turismo\/viagenspromo-apoia-leilao-beneficente-de-ronaldo-fenomeno\/\" \/>\n<meta property=\"og:locale\" content=\"pt_BR\" \/>\n<meta property=\"og:type\" content=\"article\" \/>\n<meta property=\"og:title\" content=\"ViagensPromo apoia leil\u00e3o beneficente de Ronaldo Fen\u00f4meno - Travel3\" \/>\n<meta property=\"og:description\" content=\"ViagensPromo apoia leil\u00e3o beneficente de Ronaldo Fen\u00f4meno; Operadora participa de evento para arrecadar fundos para programas sociais\" \/>\n<meta property=\"og:url\" content=\"https:\/\/www.travel3.com.br\/site\/acontece-no-turismo\/viagenspromo-apoia-leilao-beneficente-de-ronaldo-fenomeno\/\" \/>\n<meta property=\"og:site_name\" content=\"Travel3\" \/>\n<meta property=\"article:publisher\" content=\"https:\/\/www.facebook.com\/travel3media\/\" \/>\n<meta property=\"article:published_time\" content=\"2024-11-19T14:21:29+00:00\" \/>\n<meta property=\"article:modified_time\" content=\"2024-11-19T14:21:34+00:00\" \/>\n<meta property=\"og:image\" content=\"https:\/\/www.travel3.com.br\/site\/wp-content\/uploads\/2024\/11\/Ronaldo-e-Celina-Locks-e1732025631470.jpg\" \/>\n\t<meta property=\"og:image:width\" content=\"1600\" \/>\n\t<meta property=\"og:image:height\" content=\"836\" \/>\n\t<meta property=\"og:image:type\" content=\"image\/jpeg\" \/>\n<meta name=\"author\" content=\"Reda\u00e7\u00e3o Travel3\" \/>\n<meta name=\"twitter:card\" content=\"summary_large_image\" \/>\n<meta name=\"twitter:label1\" content=\"Escrito por\" \/>\n\t<meta name=\"twitter:data1\" content=\"Reda\u00e7\u00e3o Travel3\" \/>\n\t<meta name=\"twitter:label2\" content=\"Est. tempo de leitura\" \/>\n\t<meta name=\"twitter:data2\" content=\"2 minutos\" \/>\n<script type=\"application\/ld+json\" class=\"yoast-schema-graph\">{\"@context\":\"https:\/\/schema.org\",\"@graph\":[{\"@type\":\"Article\",\"@id\":\"https:\/\/www.travel3.com.br\/site\/acontece-no-turismo\/viagenspromo-apoia-leilao-beneficente-de-ronaldo-fenomeno\/#article\",\"isPartOf\":{\"@id\":\"https:\/\/www.travel3.com.br\/site\/acontece-no-turismo\/viagenspromo-apoia-leilao-beneficente-de-ronaldo-fenomeno\/\"},\"author\":{\"name\":\"Reda\u00e7\u00e3o Travel3\",\"@id\":\"https:\/\/www.travel3.com.br\/site\/#\/schema\/person\/9cff8daac0a2f1aa0799f827b8aa8308\"},\"headline\":\"ViagensPromo apoia leil\u00e3o beneficente de Ronaldo Fen\u00f4meno\",\"datePublished\":\"2024-11-19T14:21:29+00:00\",\"dateModified\":\"2024-11-19T14:21:34+00:00\",\"mainEntityOfPage\":{\"@id\":\"https:\/\/www.travel3.com.br\/site\/acontece-no-turismo\/viagenspromo-apoia-leilao-beneficente-de-ronaldo-fenomeno\/\"},\"wordCount\":390,\"commentCount\":0,\"publisher\":{\"@id\":\"https:\/\/www.travel3.com.br\/site\/#organization\"},\"image\":{\"@id\":\"https:\/\/www.travel3.com.br\/site\/acontece-no-turismo\/viagenspromo-apoia-leilao-beneficente-de-ronaldo-fenomeno\/#primaryimage\"},\"thumbnailUrl\":\"https:\/\/www.travel3.com.br\/site\/wp-content\/uploads\/2024\/11\/Ronaldo-e-Celina-Locks-e1732025631470.jpg\",\"keywords\":[\"leil\u00e3o beneficente\",\"Operadoras\",\"ronaldo Fen\u00f4meno\",\"ViagensPromo\"],\"articleSection\":[\"Acontece no Turismo\",\"Operadoras\"],\"inLanguage\":\"pt-BR\",\"potentialAction\":[{\"@type\":\"CommentAction\",\"name\":\"Comment\",\"target\":[\"https:\/\/www.travel3.com.br\/site\/acontece-no-turismo\/viagenspromo-apoia-leilao-beneficente-de-ronaldo-fenomeno\/#respond\"]}]},{\"@type\":\"WebPage\",\"@id\":\"https:\/\/www.travel3.com.br\/site\/acontece-no-turismo\/viagenspromo-apoia-leilao-beneficente-de-ronaldo-fenomeno\/\",\"url\":\"https:\/\/www.travel3.com.br\/site\/acontece-no-turismo\/viagenspromo-apoia-leilao-beneficente-de-ronaldo-fenomeno\/\",\"name\":\"ViagensPromo apoia leil\u00e3o beneficente de Ronaldo Fen\u00f4meno - Travel3\",\"isPartOf\":{\"@id\":\"https:\/\/www.travel3.com.br\/site\/#website\"},\"primaryImageOfPage\":{\"@id\":\"https:\/\/www.travel3.com.br\/site\/acontece-no-turismo\/viagenspromo-apoia-leilao-beneficente-de-ronaldo-fenomeno\/#primaryimage\"},\"image\":{\"@id\":\"https:\/\/www.travel3.com.br\/site\/acontece-no-turismo\/viagenspromo-apoia-leilao-beneficente-de-ronaldo-fenomeno\/#primaryimage\"},\"thumbnailUrl\":\"https:\/\/www.travel3.com.br\/site\/wp-content\/uploads\/2024\/11\/Ronaldo-e-Celina-Locks-e1732025631470.jpg\",\"datePublished\":\"2024-11-19T14:21:29+00:00\",\"dateModified\":\"2024-11-19T14:21:34+00:00\",\"description\":\"ViagensPromo apoia leil\u00e3o beneficente de Ronaldo Fen\u00f4meno; Operadora participa de evento para arrecadar fundos para programas sociais\",\"breadcrumb\":{\"@id\":\"https:\/\/www.travel3.com.br\/site\/acontece-no-turismo\/viagenspromo-apoia-leilao-beneficente-de-ronaldo-fenomeno\/#breadcrumb\"},\"inLanguage\":\"pt-BR\",\"potentialAction\":[{\"@type\":\"ReadAction\",\"target\":[\"https:\/\/www.travel3.com.br\/site\/acontece-no-turismo\/viagenspromo-apoia-leilao-beneficente-de-ronaldo-fenomeno\/\"]}]},{\"@type\":\"ImageObject\",\"inLanguage\":\"pt-BR\",\"@id\":\"https:\/\/www.travel3.com.br\/site\/acontece-no-turismo\/viagenspromo-apoia-leilao-beneficente-de-ronaldo-fenomeno\/#primaryimage\",\"url\":\"https:\/\/www.travel3.com.br\/site\/wp-content\/uploads\/2024\/11\/Ronaldo-e-Celina-Locks-e1732025631470.jpg\",\"contentUrl\":\"https:\/\/www.travel3.com.br\/site\/wp-content\/uploads\/2024\/11\/Ronaldo-e-Celina-Locks-e1732025631470.jpg\",\"width\":1600,\"height\":836,\"caption\":\"Ronaldo Fen\u00f4meno e Celina Locks: Leil\u00e3o em prol da Funda\u00e7\u00e3o Fen\u00f4menos ser\u00e1 realizado pela primeira vez em um novo formato no dia 21 de novembro no Clube Monte L\u00edbano, em S\u00e3o Paulo (Foto: Divulga\u00e7\u00e3o)\"},{\"@type\":\"BreadcrumbList\",\"@id\":\"https:\/\/www.travel3.com.br\/site\/acontece-no-turismo\/viagenspromo-apoia-leilao-beneficente-de-ronaldo-fenomeno\/#breadcrumb\",\"itemListElement\":[{\"@type\":\"ListItem\",\"position\":1,\"name\":\"In\u00edcio\",\"item\":\"https:\/\/www.travel3.com.br\/site\/\"},{\"@type\":\"ListItem\",\"position\":2,\"name\":\"ViagensPromo apoia leil\u00e3o beneficente de Ronaldo Fen\u00f4meno\"}]},{\"@type\":\"WebSite\",\"@id\":\"https:\/\/www.travel3.com.br\/site\/#website\",\"url\":\"https:\/\/www.travel3.com.br\/site\/\",\"name\":\"Travel3\",\"description\":\"Lazer + Neg&oacute;cios + Aventura\",\"publisher\":{\"@id\":\"https:\/\/www.travel3.com.br\/site\/#organization\"},\"potentialAction\":[{\"@type\":\"SearchAction\",\"target\":{\"@type\":\"EntryPoint\",\"urlTemplate\":\"https:\/\/www.travel3.com.br\/site\/?s={search_term_string}\"},\"query-input\":{\"@type\":\"PropertyValueSpecification\",\"valueRequired\":true,\"valueName\":\"search_term_string\"}}],\"inLanguage\":\"pt-BR\"},{\"@type\":\"Organization\",\"@id\":\"https:\/\/www.travel3.com.br\/site\/#organization\",\"name\":\"Travel3\",\"url\":\"https:\/\/www.travel3.com.br\/site\/\",\"logo\":{\"@type\":\"ImageObject\",\"inLanguage\":\"pt-BR\",\"@id\":\"https:\/\/www.travel3.com.br\/site\/#\/schema\/logo\/image\/\",\"url\":\"https:\/\/www.travel3.com.br\/site\/wp-content\/uploads\/2020\/01\/logo-travel3-2020.png\",\"contentUrl\":\"https:\/\/www.travel3.com.br\/site\/wp-content\/uploads\/2020\/01\/logo-travel3-2020.png\",\"width\":232,\"height\":79,\"caption\":\"Travel3\"},\"image\":{\"@id\":\"https:\/\/www.travel3.com.br\/site\/#\/schema\/logo\/image\/\"},\"sameAs\":[\"https:\/\/www.facebook.com\/travel3media\/\",\"https:\/\/www.instagram.com\/revistatravel3\/\",\"https:\/\/www.youtube.com\/channel\/UCno7J4paGBR3VbZQzvoJ9Eg\"]},{\"@type\":\"Person\",\"@id\":\"https:\/\/www.travel3.com.br\/site\/#\/schema\/person\/9cff8daac0a2f1aa0799f827b8aa8308\",\"name\":\"Reda\u00e7\u00e3o Travel3\",\"image\":{\"@type\":\"ImageObject\",\"inLanguage\":\"pt-BR\",\"@id\":\"https:\/\/www.travel3.com.br\/site\/#\/schema\/person\/image\/\",\"url\":\"https:\/\/secure.gravatar.com\/avatar\/6e6125525e1f04b7b8c607d71556e490?s=96&d=mm&r=g\",\"contentUrl\":\"https:\/\/secure.gravatar.com\/avatar\/6e6125525e1f04b7b8c607d71556e490?s=96&d=mm&r=g\",\"caption\":\"Reda\u00e7\u00e3o Travel3\"},\"sameAs\":[\"http:\/\/www.travel3.com.br\"],\"url\":\"https:\/\/www.travel3.com.br\/site\/author\/redacao2\/\"}]}<\/script>\n<!-- \/ Yoast SEO plugin. -->","yoast_head_json":{"title":"ViagensPromo apoia leil\u00e3o beneficente de Ronaldo Fen\u00f4meno - Travel3","description":"ViagensPromo apoia leil\u00e3o beneficente de Ronaldo Fen\u00f4meno; Operadora participa de evento para arrecadar fundos para programas sociais","robots":{"index":"index","follow":"follow","max-snippet":"max-snippet:-1","max-image-preview":"max-image-preview:large","max-video-preview":"max-video-preview:-1"},"canonical":"https:\/\/www.travel3.com.br\/site\/acontece-no-turismo\/viagenspromo-apoia-leilao-beneficente-de-ronaldo-fenomeno\/","og_locale":"pt_BR","og_type":"article","og_title":"ViagensPromo apoia leil\u00e3o beneficente de Ronaldo Fen\u00f4meno - Travel3","og_description":"ViagensPromo apoia leil\u00e3o beneficente de Ronaldo Fen\u00f4meno; Operadora participa de evento para arrecadar fundos para programas sociais","og_url":"https:\/\/www.travel3.com.br\/site\/acontece-no-turismo\/viagenspromo-apoia-leilao-beneficente-de-ronaldo-fenomeno\/","og_site_name":"Travel3","article_publisher":"https:\/\/www.facebook.com\/travel3media\/","article_published_time":"2024-11-19T14:21:29+00:00","article_modified_time":"2024-11-19T14:21:34+00:00","og_image":[{"width":1600,"height":836,"url":"https:\/\/www.travel3.com.br\/site\/wp-content\/uploads\/2024\/11\/Ronaldo-e-Celina-Locks-e1732025631470.jpg","type":"image\/jpeg"}],"author":"Reda\u00e7\u00e3o Travel3","twitter_card":"summary_large_image","twitter_misc":{"Escrito por":"Reda\u00e7\u00e3o Travel3","Est. tempo de leitura":"2 minutos"},"schema":{"@context":"https:\/\/schema.org","@graph":[{"@type":"Article","@id":"https:\/\/www.travel3.com.br\/site\/acontece-no-turismo\/viagenspromo-apoia-leilao-beneficente-de-ronaldo-fenomeno\/#article","isPartOf":{"@id":"https:\/\/www.travel3.com.br\/site\/acontece-no-turismo\/viagenspromo-apoia-leilao-beneficente-de-ronaldo-fenomeno\/"},"author":{"name":"Reda\u00e7\u00e3o Travel3","@id":"https:\/\/www.travel3.com.br\/site\/#\/schema\/person\/9cff8daac0a2f1aa0799f827b8aa8308"},"headline":"ViagensPromo apoia leil\u00e3o beneficente de Ronaldo Fen\u00f4meno","datePublished":"2024-11-19T14:21:29+00:00","dateModified":"2024-11-19T14:21:34+00:00","mainEntityOfPage":{"@id":"https:\/\/www.travel3.com.br\/site\/acontece-no-turismo\/viagenspromo-apoia-leilao-beneficente-de-ronaldo-fenomeno\/"},"wordCount":390,"commentCount":0,"publisher":{"@id":"https:\/\/www.travel3.com.br\/site\/#organization"},"image":{"@id":"https:\/\/www.travel3.com.br\/site\/acontece-no-turismo\/viagenspromo-apoia-leilao-beneficente-de-ronaldo-fenomeno\/#primaryimage"},"thumbnailUrl":"https:\/\/www.travel3.com.br\/site\/wp-content\/uploads\/2024\/11\/Ronaldo-e-Celina-Locks-e1732025631470.jpg","keywords":["leil\u00e3o beneficente","Operadoras","ronaldo Fen\u00f4meno","ViagensPromo"],"articleSection":["Acontece no Turismo","Operadoras"],"inLanguage":"pt-BR","potentialAction":[{"@type":"CommentAction","name":"Comment","target":["https:\/\/www.travel3.com.br\/site\/acontece-no-turismo\/viagenspromo-apoia-leilao-beneficente-de-ronaldo-fenomeno\/#respond"]}]},{"@type":"WebPage","@id":"https:\/\/www.travel3.com.br\/site\/acontece-no-turismo\/viagenspromo-apoia-leilao-beneficente-de-ronaldo-fenomeno\/","url":"https:\/\/www.travel3.com.br\/site\/acontece-no-turismo\/viagenspromo-apoia-leilao-beneficente-de-ronaldo-fenomeno\/","name":"ViagensPromo apoia leil\u00e3o beneficente de Ronaldo Fen\u00f4meno - Travel3","isPartOf":{"@id":"https:\/\/www.travel3.com.br\/site\/#website"},"primaryImageOfPage":{"@id":"https:\/\/www.travel3.com.br\/site\/acontece-no-turismo\/viagenspromo-apoia-leilao-beneficente-de-ronaldo-fenomeno\/#primaryimage"},"image":{"@id":"https:\/\/www.travel3.com.br\/site\/acontece-no-turismo\/viagenspromo-apoia-leilao-beneficente-de-ronaldo-fenomeno\/#primaryimage"},"thumbnailUrl":"https:\/\/www.travel3.com.br\/site\/wp-content\/uploads\/2024\/11\/Ronaldo-e-Celina-Locks-e1732025631470.jpg","datePublished":"2024-11-19T14:21:29+00:00","dateModified":"2024-11-19T14:21:34+00:00","description":"ViagensPromo apoia leil\u00e3o beneficente de Ronaldo Fen\u00f4meno; Operadora participa de evento para arrecadar fundos para programas sociais","breadcrumb":{"@id":"https:\/\/www.travel3.com.br\/site\/acontece-no-turismo\/viagenspromo-apoia-leilao-beneficente-de-ronaldo-fenomeno\/#breadcrumb"},"inLanguage":"pt-BR","potentialAction":[{"@type":"ReadAction","target":["https:\/\/www.travel3.com.br\/site\/acontece-no-turismo\/viagenspromo-apoia-leilao-beneficente-de-ronaldo-fenomeno\/"]}]},{"@type":"ImageObject","inLanguage":"pt-BR","@id":"https:\/\/www.travel3.com.br\/site\/acontece-no-turismo\/viagenspromo-apoia-leilao-beneficente-de-ronaldo-fenomeno\/#primaryimage","url":"https:\/\/www.travel3.com.br\/site\/wp-content\/uploads\/2024\/11\/Ronaldo-e-Celina-Locks-e1732025631470.jpg","contentUrl":"https:\/\/www.travel3.com.br\/site\/wp-content\/uploads\/2024\/11\/Ronaldo-e-Celina-Locks-e1732025631470.jpg","width":1600,"height":836,"caption":"Ronaldo Fen\u00f4meno e Celina Locks: Leil\u00e3o em prol da Funda\u00e7\u00e3o Fen\u00f4menos ser\u00e1 realizado pela primeira vez em um novo formato no dia 21 de novembro no Clube Monte L\u00edbano, em S\u00e3o Paulo (Foto: Divulga\u00e7\u00e3o)"},{"@type":"BreadcrumbList","@id":"https:\/\/www.travel3.com.br\/site\/acontece-no-turismo\/viagenspromo-apoia-leilao-beneficente-de-ronaldo-fenomeno\/#breadcrumb","itemListElement":[{"@type":"ListItem","position":1,"name":"In\u00edcio","item":"https:\/\/www.travel3.com.br\/site\/"},{"@type":"ListItem","position":2,"name":"ViagensPromo apoia leil\u00e3o beneficente de Ronaldo Fen\u00f4meno"}]},{"@type":"WebSite","@id":"https:\/\/www.travel3.com.br\/site\/#website","url":"https:\/\/www.travel3.com.br\/site\/","name":"Travel3","description":"Lazer + Neg&oacute;cios + Aventura","publisher":{"@id":"https:\/\/www.travel3.com.br\/site\/#organization"},"potentialAction":[{"@type":"SearchAction","target":{"@type":"EntryPoint","urlTemplate":"https:\/\/www.travel3.com.br\/site\/?s={search_term_string}"},"query-input":{"@type":"PropertyValueSpecification","valueRequired":true,"valueName":"search_term_string"}}],"inLanguage":"pt-BR"},{"@type":"Organization","@id":"https:\/\/www.travel3.com.br\/site\/#organization","name":"Travel3","url":"https:\/\/www.travel3.com.br\/site\/","logo":{"@type":"ImageObject","inLanguage":"pt-BR","@id":"https:\/\/www.travel3.com.br\/site\/#\/schema\/logo\/image\/","url":"https:\/\/www.travel3.com.br\/site\/wp-content\/uploads\/2020\/01\/logo-travel3-2020.png","contentUrl":"https:\/\/www.travel3.com.br\/site\/wp-content\/uploads\/2020\/01\/logo-travel3-2020.png","width":232,"height":79,"caption":"Travel3"},"image":{"@id":"https:\/\/www.travel3.com.br\/site\/#\/schema\/logo\/image\/"},"sameAs":["https:\/\/www.facebook.com\/travel3media\/","https:\/\/www.instagram.com\/revistatravel3\/","https:\/\/www.youtube.com\/channel\/UCno7J4paGBR3VbZQzvoJ9Eg"]},{"@type":"Person","@id":"https:\/\/www.travel3.com.br\/site\/#\/schema\/person\/9cff8daac0a2f1aa0799f827b8aa8308","name":"Reda\u00e7\u00e3o Travel3","image":{"@type":"ImageObject","inLanguage":"pt-BR","@id":"https:\/\/www.travel3.com.br\/site\/#\/schema\/person\/image\/","url":"https:\/\/secure.gravatar.com\/avatar\/6e6125525e1f04b7b8c607d71556e490?s=96&d=mm&r=g","contentUrl":"https:\/\/secure.gravatar.com\/avatar\/6e6125525e1f04b7b8c607d71556e490?s=96&d=mm&r=g","caption":"Reda\u00e7\u00e3o Travel3"},"sameAs":["http:\/\/www.travel3.com.br"],"url":"https:\/\/www.travel3.com.br\/site\/author\/redacao2\/"}]}},"_links":{"self":[{"href":"https:\/\/www.travel3.com.br\/site\/wp-json\/wp\/v2\/posts\/72852","targetHints":{"allow":["GET"]}}],"collection":[{"href":"https:\/\/www.travel3.com.br\/site\/wp-json\/wp\/v2\/posts"}],"about":[{"href":"https:\/\/www.travel3.com.br\/site\/wp-json\/wp\/v2\/types\/post"}],"author":[{"embeddable":true,"href":"https:\/\/www.travel3.com.br\/site\/wp-json\/wp\/v2\/users\/6"}],"replies":[{"embeddable":true,"href":"https:\/\/www.travel3.com.br\/site\/wp-json\/wp\/v2\/comments?post=72852"}],"version-history":[{"count":6,"href":"https:\/\/www.travel3.com.br\/site\/wp-json\/wp\/v2\/posts\/72852\/revisions"}],"predecessor-version":[{"id":72862,"href":"https:\/\/www.travel3.com.br\/site\/wp-json\/wp\/v2\/posts\/72852\/revisions\/72862"}],"wp:featuredmedia":[{"embeddable":true,"href":"https:\/\/www.travel3.com.br\/site\/wp-json\/wp\/v2\/media\/72853"}],"wp:attachment":[{"href":"https:\/\/www.travel3.com.br\/site\/wp-json\/wp\/v2\/media?parent=72852"}],"wp:term":[{"taxonomy":"category","embeddable":true,"href":"https:\/\/www.travel3.com.br\/site\/wp-json\/wp\/v2\/categories?post=72852"},{"taxonomy":"post_tag","embeddable":true,"href":"https:\/\/www.travel3.com.br\/site\/wp-json\/wp\/v2\/tags?post=72852"}],"curies":[{"name":"wp","href":"https:\/\/api.w.org\/{rel}","templated":true}]}}