{"id":72508,"date":"2024-10-31T09:00:52","date_gmt":"2024-10-31T12:00:52","guid":{"rendered":"https:\/\/www.travel3.com.br\/?p=72508"},"modified":"2024-10-31T09:00:53","modified_gmt":"2024-10-31T12:00:53","slug":"black-friday-da-wam-experience-tem-descontos-de-ate-30","status":"publish","type":"post","link":"https:\/\/www.travel3.com.br\/site\/dicas\/black-friday-da-wam-experience-tem-descontos-de-ate-30\/","title":{"rendered":"Black Friday da WAM Experience tem descontos de at\u00e9 30%"},"content":{"rendered":"\n<h2 class=\"wp-block-heading\">Campanha oferece di\u00e1rias em hot\u00e9is e parques aqu\u00e1ticos com condi\u00e7\u00f5es especiais<\/h2>\n\n\n\n<p>A WAM Experience lan\u00e7a sua campanha de <strong>Black Friday<\/strong> com condi\u00e7\u00f5es especiais para hospedagens em hot\u00e9is, di\u00e1rias em parques aqu\u00e1ticos e oportunidades de aquisi\u00e7\u00e3o de empreendimentos de multipropriedade. A promo\u00e7\u00e3o oferece descontos de at\u00e9 30% em estadias, com datas v\u00e1lidas para 2024 e 2025.<\/p>\n\n\n\n<p>A campanha ocorre em tr\u00eas etapas. A primeira, entre 1 e 16 de novembro, \u00e9 o per\u00edodo de cadastro, realizado em uma <strong><a href=\"https:\/\/wamexperience.com.br\/black-wam-2024\/\" target=\"_blank\" rel=\"noreferrer noopener\">landing page<\/a><\/strong> dedicada. Quem se cadastrar ter\u00e1 acesso antecipado \u00e0s promo\u00e7\u00f5es com desconto de 30%, que estar\u00e3o dispon\u00edveis entre 17 e 30 de novembro. J\u00e1 os n\u00e3o cadastrados poder\u00e3o acessar o desconto de 20%. <\/p>\n\n\n\n<p>A p\u00e1gina ser\u00e1 liberada para o p\u00fablico geral com 30% de desconto a partir do dia 30 de novembro. \u201c<strong><em>Os cadastrados aproveitam mais datas de hospedagem nos per\u00edodos de maior procura. A campanha abrange todos os nossos hot\u00e9is, parques aqu\u00e1ticos e tamb\u00e9m as op\u00e7\u00f5es de multipropriedade<\/em><\/strong>\u201d, explica Jo\u00e3o Mendes, diretor de Marketing da WAM Experience.<\/p>\n\n\n\n<div class=\"wp-block-image\"><figure class=\"aligncenter size-full\"><img loading=\"lazy\" decoding=\"async\" width=\"800\" height=\"348\" src=\"https:\/\/www.travel3.com.br\/site\/wp-content\/uploads\/2024\/10\/Buzios-Beach-Hotel-da-WAM-Experience-em-Armacao-de-Buzios.jpg\" alt=\"B\u00fazios Beach Hotel, da WAM Experience, em Arma\u00e7\u00e3o de B\u00fazios\" class=\"wp-image-72510\" srcset=\"https:\/\/www.travel3.com.br\/site\/wp-content\/uploads\/2024\/10\/Buzios-Beach-Hotel-da-WAM-Experience-em-Armacao-de-Buzios.jpg 800w, https:\/\/www.travel3.com.br\/site\/wp-content\/uploads\/2024\/10\/Buzios-Beach-Hotel-da-WAM-Experience-em-Armacao-de-Buzios-300x131.jpg 300w, https:\/\/www.travel3.com.br\/site\/wp-content\/uploads\/2024\/10\/Buzios-Beach-Hotel-da-WAM-Experience-em-Armacao-de-Buzios-768x334.jpg 768w, https:\/\/www.travel3.com.br\/site\/wp-content\/uploads\/2024\/10\/Buzios-Beach-Hotel-da-WAM-Experience-em-Armacao-de-Buzios-150x65.jpg 150w, https:\/\/www.travel3.com.br\/site\/wp-content\/uploads\/2024\/10\/Buzios-Beach-Hotel-da-WAM-Experience-em-Armacao-de-Buzios-750x326.jpg 750w\" sizes=\"auto, (max-width: 800px) 100vw, 800px\" \/><figcaption>B\u00fazios Beach Hotel, da WAM Experience, em Arma\u00e7\u00e3o de B\u00fazios, RJ (Foto: Divulga\u00e7\u00e3o)<\/figcaption><\/figure><\/div>\n\n\n\n<p>Para utiliza\u00e7\u00e3o das hospedagens, h\u00e1 diversas datas dispon\u00edveis. Em 2024, as reservas podem ser feitas at\u00e9 20 de dezembro, exceto para o feriado de Proclama\u00e7\u00e3o da Rep\u00fablica (14 a 17 de novembro). <\/p>\n\n\n\n<p>Em 2025, a promo\u00e7\u00e3o cobre o per\u00edodo de 2 de fevereiro a 20 de dezembro, com exce\u00e7\u00e3o dos feriados de Carnaval (28 de fevereiro a 4 de mar\u00e7o), Semana Santa (18 a 21 de abril), Dia do Trabalhador (1 a 4 de maio), Corpus Christi (19 a 22 de junho), Saco Cheio (12 a 16 de outubro) e o m\u00eas de julho.<\/p>\n\n\n\n<p>A WAM Experience conta com 11 hot\u00e9is em cinco destinos: Ondas Praia Resort (BA), Dom Pedro Laguna (CE), B\u00fazios Beach Resort (RJ), Praias do Lago Eco Resort, Ilhas do Lago Eco Resort, Resort do Lago, Encontro das \u00c1guas Thermas Resort, Riviera Park Hotel, Priv\u00e9 Thermas Hotel e Boulevard Suite Hotel, todos em Caldas Novas (GO), e o Solar Pedra da Ilha, em Santa Catarina.<\/p>\n\n\n\n<p>Al\u00e9m disso, o grupo administra tr\u00eas parques aqu\u00e1ticos: Water Park Clube Priv\u00e9, N\u00e1utico Praia Clube e Kawana Park, localizados em Caldas Novas. Todas as salas de venda de multipropriedades tamb\u00e9m integram a campanha.<\/p>\n\n\n\n<p>A oferta inclui o regime de meia pens\u00e3o, com duas di\u00e1rias e gratuidade para duas crian\u00e7as.<\/p>\n\n\n\n<p>Para mais informa\u00e7\u00f5es, acesse o <strong><a href=\"https:\/\/wamexperience.com.br\/black-wam-2024\/\" target=\"_blank\" rel=\"noreferrer noopener\">site<\/a><\/strong>.<\/p>\n\n\n\n<p>+ <strong><a href=\"https:\/\/www.travel3.com.br\/comece-a-viajar\/sabores-de-salta-conectam-cultura-e-tradicao\/\" target=\"_blank\" rel=\"noreferrer noopener\">Sabores de Salta conectam cultura e tradi\u00e7\u00e3o<\/a><\/strong><\/p>\n","protected":false},"excerpt":{"rendered":"<p>Campanha oferece di\u00e1rias em hot\u00e9is e parques aqu\u00e1ticos com condi\u00e7\u00f5es especiais<\/p>\n","protected":false},"author":6,"featured_media":72509,"comment_status":"open","ping_status":"open","sticky":false,"template":"","format":"standard","meta":{"footnotes":""},"categories":[7,161],"tags":[762,6374],"class_list":["post-72508","post","type-post","status-publish","format-standard","has-post-thumbnail","hentry","category-dicas","category-promocoes","tag-black-friday","tag-wam-experience"],"yoast_head":"<!-- This site is optimized with the Yoast SEO plugin v26.2 - https:\/\/yoast.com\/wordpress\/plugins\/seo\/ -->\n<title>Black Friday da WAM Experience tem descontos de at\u00e9 30% - Travel3<\/title>\n<meta name=\"description\" content=\"Black Friday da WAM Experience tem descontos de at\u00e9 30%; Campanha oferece di\u00e1rias em hot\u00e9is e parques aqu\u00e1ticos com condi\u00e7\u00f5es especiais\" \/>\n<meta name=\"robots\" content=\"index, follow, max-snippet:-1, max-image-preview:large, max-video-preview:-1\" \/>\n<link rel=\"canonical\" href=\"https:\/\/www.travel3.com.br\/site\/dicas\/black-friday-da-wam-experience-tem-descontos-de-ate-30\/\" \/>\n<meta property=\"og:locale\" content=\"pt_BR\" \/>\n<meta property=\"og:type\" content=\"article\" \/>\n<meta property=\"og:title\" content=\"Black Friday da WAM Experience tem descontos de at\u00e9 30% - Travel3\" \/>\n<meta property=\"og:description\" content=\"Black Friday da WAM Experience tem descontos de at\u00e9 30%; Campanha oferece di\u00e1rias em hot\u00e9is e parques aqu\u00e1ticos com condi\u00e7\u00f5es especiais\" \/>\n<meta property=\"og:url\" content=\"https:\/\/www.travel3.com.br\/site\/dicas\/black-friday-da-wam-experience-tem-descontos-de-ate-30\/\" \/>\n<meta property=\"og:site_name\" content=\"Travel3\" \/>\n<meta property=\"article:publisher\" content=\"https:\/\/www.facebook.com\/travel3media\/\" \/>\n<meta property=\"article:published_time\" content=\"2024-10-31T12:00:52+00:00\" \/>\n<meta property=\"article:modified_time\" content=\"2024-10-31T12:00:53+00:00\" \/>\n<meta property=\"og:image\" content=\"https:\/\/www.travel3.com.br\/site\/wp-content\/uploads\/2024\/10\/Dom-Pedro-Laguna-da-WAM-Experience-em-Aquiraz_Easy-Resize.com_.jpg\" \/>\n\t<meta property=\"og:image:width\" content=\"1280\" \/>\n\t<meta property=\"og:image:height\" content=\"853\" \/>\n\t<meta property=\"og:image:type\" content=\"image\/jpeg\" \/>\n<meta name=\"author\" content=\"Reda\u00e7\u00e3o Travel3\" \/>\n<meta name=\"twitter:card\" content=\"summary_large_image\" \/>\n<meta name=\"twitter:label1\" content=\"Escrito por\" \/>\n\t<meta name=\"twitter:data1\" content=\"Reda\u00e7\u00e3o Travel3\" \/>\n\t<meta name=\"twitter:label2\" content=\"Est. tempo de leitura\" \/>\n\t<meta name=\"twitter:data2\" content=\"3 minutos\" \/>\n<script type=\"application\/ld+json\" class=\"yoast-schema-graph\">{\"@context\":\"https:\/\/schema.org\",\"@graph\":[{\"@type\":\"Article\",\"@id\":\"https:\/\/www.travel3.com.br\/site\/dicas\/black-friday-da-wam-experience-tem-descontos-de-ate-30\/#article\",\"isPartOf\":{\"@id\":\"https:\/\/www.travel3.com.br\/site\/dicas\/black-friday-da-wam-experience-tem-descontos-de-ate-30\/\"},\"author\":{\"name\":\"Reda\u00e7\u00e3o Travel3\",\"@id\":\"https:\/\/www.travel3.com.br\/site\/#\/schema\/person\/9cff8daac0a2f1aa0799f827b8aa8308\"},\"headline\":\"Black Friday da WAM Experience tem descontos de at\u00e9 30%\",\"datePublished\":\"2024-10-31T12:00:52+00:00\",\"dateModified\":\"2024-10-31T12:00:53+00:00\",\"mainEntityOfPage\":{\"@id\":\"https:\/\/www.travel3.com.br\/site\/dicas\/black-friday-da-wam-experience-tem-descontos-de-ate-30\/\"},\"wordCount\":430,\"commentCount\":0,\"publisher\":{\"@id\":\"https:\/\/www.travel3.com.br\/site\/#organization\"},\"image\":{\"@id\":\"https:\/\/www.travel3.com.br\/site\/dicas\/black-friday-da-wam-experience-tem-descontos-de-ate-30\/#primaryimage\"},\"thumbnailUrl\":\"https:\/\/www.travel3.com.br\/site\/wp-content\/uploads\/2024\/10\/Dom-Pedro-Laguna-da-WAM-Experience-em-Aquiraz_Easy-Resize.com_.jpg\",\"keywords\":[\"black friday\",\"WAM Experience\"],\"articleSection\":[\"Dicas\",\"Promo\u00e7\u00f5es\"],\"inLanguage\":\"pt-BR\",\"potentialAction\":[{\"@type\":\"CommentAction\",\"name\":\"Comment\",\"target\":[\"https:\/\/www.travel3.com.br\/site\/dicas\/black-friday-da-wam-experience-tem-descontos-de-ate-30\/#respond\"]}]},{\"@type\":\"WebPage\",\"@id\":\"https:\/\/www.travel3.com.br\/site\/dicas\/black-friday-da-wam-experience-tem-descontos-de-ate-30\/\",\"url\":\"https:\/\/www.travel3.com.br\/site\/dicas\/black-friday-da-wam-experience-tem-descontos-de-ate-30\/\",\"name\":\"Black Friday da WAM Experience tem descontos de at\u00e9 30% - Travel3\",\"isPartOf\":{\"@id\":\"https:\/\/www.travel3.com.br\/site\/#website\"},\"primaryImageOfPage\":{\"@id\":\"https:\/\/www.travel3.com.br\/site\/dicas\/black-friday-da-wam-experience-tem-descontos-de-ate-30\/#primaryimage\"},\"image\":{\"@id\":\"https:\/\/www.travel3.com.br\/site\/dicas\/black-friday-da-wam-experience-tem-descontos-de-ate-30\/#primaryimage\"},\"thumbnailUrl\":\"https:\/\/www.travel3.com.br\/site\/wp-content\/uploads\/2024\/10\/Dom-Pedro-Laguna-da-WAM-Experience-em-Aquiraz_Easy-Resize.com_.jpg\",\"datePublished\":\"2024-10-31T12:00:52+00:00\",\"dateModified\":\"2024-10-31T12:00:53+00:00\",\"description\":\"Black Friday da WAM Experience tem descontos de at\u00e9 30%; Campanha oferece di\u00e1rias em hot\u00e9is e parques aqu\u00e1ticos com condi\u00e7\u00f5es especiais\",\"breadcrumb\":{\"@id\":\"https:\/\/www.travel3.com.br\/site\/dicas\/black-friday-da-wam-experience-tem-descontos-de-ate-30\/#breadcrumb\"},\"inLanguage\":\"pt-BR\",\"potentialAction\":[{\"@type\":\"ReadAction\",\"target\":[\"https:\/\/www.travel3.com.br\/site\/dicas\/black-friday-da-wam-experience-tem-descontos-de-ate-30\/\"]}]},{\"@type\":\"ImageObject\",\"inLanguage\":\"pt-BR\",\"@id\":\"https:\/\/www.travel3.com.br\/site\/dicas\/black-friday-da-wam-experience-tem-descontos-de-ate-30\/#primaryimage\",\"url\":\"https:\/\/www.travel3.com.br\/site\/wp-content\/uploads\/2024\/10\/Dom-Pedro-Laguna-da-WAM-Experience-em-Aquiraz_Easy-Resize.com_.jpg\",\"contentUrl\":\"https:\/\/www.travel3.com.br\/site\/wp-content\/uploads\/2024\/10\/Dom-Pedro-Laguna-da-WAM-Experience-em-Aquiraz_Easy-Resize.com_.jpg\",\"width\":1280,\"height\":853,\"caption\":\"Dom Pedro Laguna, da WAM Experience, em Aquiraz\/CE (Foto: Divulga\u00e7\u00e3o)\"},{\"@type\":\"BreadcrumbList\",\"@id\":\"https:\/\/www.travel3.com.br\/site\/dicas\/black-friday-da-wam-experience-tem-descontos-de-ate-30\/#breadcrumb\",\"itemListElement\":[{\"@type\":\"ListItem\",\"position\":1,\"name\":\"In\u00edcio\",\"item\":\"https:\/\/www.travel3.com.br\/site\/\"},{\"@type\":\"ListItem\",\"position\":2,\"name\":\"Black Friday da WAM Experience tem descontos de at\u00e9 30%\"}]},{\"@type\":\"WebSite\",\"@id\":\"https:\/\/www.travel3.com.br\/site\/#website\",\"url\":\"https:\/\/www.travel3.com.br\/site\/\",\"name\":\"Travel3\",\"description\":\"Lazer + Neg&oacute;cios + Aventura\",\"publisher\":{\"@id\":\"https:\/\/www.travel3.com.br\/site\/#organization\"},\"potentialAction\":[{\"@type\":\"SearchAction\",\"target\":{\"@type\":\"EntryPoint\",\"urlTemplate\":\"https:\/\/www.travel3.com.br\/site\/?s={search_term_string}\"},\"query-input\":{\"@type\":\"PropertyValueSpecification\",\"valueRequired\":true,\"valueName\":\"search_term_string\"}}],\"inLanguage\":\"pt-BR\"},{\"@type\":\"Organization\",\"@id\":\"https:\/\/www.travel3.com.br\/site\/#organization\",\"name\":\"Travel3\",\"url\":\"https:\/\/www.travel3.com.br\/site\/\",\"logo\":{\"@type\":\"ImageObject\",\"inLanguage\":\"pt-BR\",\"@id\":\"https:\/\/www.travel3.com.br\/site\/#\/schema\/logo\/image\/\",\"url\":\"https:\/\/www.travel3.com.br\/site\/wp-content\/uploads\/2020\/01\/logo-travel3-2020.png\",\"contentUrl\":\"https:\/\/www.travel3.com.br\/site\/wp-content\/uploads\/2020\/01\/logo-travel3-2020.png\",\"width\":232,\"height\":79,\"caption\":\"Travel3\"},\"image\":{\"@id\":\"https:\/\/www.travel3.com.br\/site\/#\/schema\/logo\/image\/\"},\"sameAs\":[\"https:\/\/www.facebook.com\/travel3media\/\",\"https:\/\/www.instagram.com\/revistatravel3\/\",\"https:\/\/www.youtube.com\/channel\/UCno7J4paGBR3VbZQzvoJ9Eg\"]},{\"@type\":\"Person\",\"@id\":\"https:\/\/www.travel3.com.br\/site\/#\/schema\/person\/9cff8daac0a2f1aa0799f827b8aa8308\",\"name\":\"Reda\u00e7\u00e3o Travel3\",\"image\":{\"@type\":\"ImageObject\",\"inLanguage\":\"pt-BR\",\"@id\":\"https:\/\/www.travel3.com.br\/site\/#\/schema\/person\/image\/\",\"url\":\"https:\/\/secure.gravatar.com\/avatar\/6e6125525e1f04b7b8c607d71556e490?s=96&d=mm&r=g\",\"contentUrl\":\"https:\/\/secure.gravatar.com\/avatar\/6e6125525e1f04b7b8c607d71556e490?s=96&d=mm&r=g\",\"caption\":\"Reda\u00e7\u00e3o Travel3\"},\"sameAs\":[\"http:\/\/www.travel3.com.br\"],\"url\":\"https:\/\/www.travel3.com.br\/site\/author\/redacao2\/\"}]}<\/script>\n<!-- \/ Yoast SEO plugin. -->","yoast_head_json":{"title":"Black Friday da WAM Experience tem descontos de at\u00e9 30% - Travel3","description":"Black Friday da WAM Experience tem descontos de at\u00e9 30%; Campanha oferece di\u00e1rias em hot\u00e9is e parques aqu\u00e1ticos com condi\u00e7\u00f5es especiais","robots":{"index":"index","follow":"follow","max-snippet":"max-snippet:-1","max-image-preview":"max-image-preview:large","max-video-preview":"max-video-preview:-1"},"canonical":"https:\/\/www.travel3.com.br\/site\/dicas\/black-friday-da-wam-experience-tem-descontos-de-ate-30\/","og_locale":"pt_BR","og_type":"article","og_title":"Black Friday da WAM Experience tem descontos de at\u00e9 30% - Travel3","og_description":"Black Friday da WAM Experience tem descontos de at\u00e9 30%; Campanha oferece di\u00e1rias em hot\u00e9is e parques aqu\u00e1ticos com condi\u00e7\u00f5es especiais","og_url":"https:\/\/www.travel3.com.br\/site\/dicas\/black-friday-da-wam-experience-tem-descontos-de-ate-30\/","og_site_name":"Travel3","article_publisher":"https:\/\/www.facebook.com\/travel3media\/","article_published_time":"2024-10-31T12:00:52+00:00","article_modified_time":"2024-10-31T12:00:53+00:00","og_image":[{"width":1280,"height":853,"url":"https:\/\/www.travel3.com.br\/site\/wp-content\/uploads\/2024\/10\/Dom-Pedro-Laguna-da-WAM-Experience-em-Aquiraz_Easy-Resize.com_.jpg","type":"image\/jpeg"}],"author":"Reda\u00e7\u00e3o Travel3","twitter_card":"summary_large_image","twitter_misc":{"Escrito por":"Reda\u00e7\u00e3o Travel3","Est. tempo de leitura":"3 minutos"},"schema":{"@context":"https:\/\/schema.org","@graph":[{"@type":"Article","@id":"https:\/\/www.travel3.com.br\/site\/dicas\/black-friday-da-wam-experience-tem-descontos-de-ate-30\/#article","isPartOf":{"@id":"https:\/\/www.travel3.com.br\/site\/dicas\/black-friday-da-wam-experience-tem-descontos-de-ate-30\/"},"author":{"name":"Reda\u00e7\u00e3o Travel3","@id":"https:\/\/www.travel3.com.br\/site\/#\/schema\/person\/9cff8daac0a2f1aa0799f827b8aa8308"},"headline":"Black Friday da WAM Experience tem descontos de at\u00e9 30%","datePublished":"2024-10-31T12:00:52+00:00","dateModified":"2024-10-31T12:00:53+00:00","mainEntityOfPage":{"@id":"https:\/\/www.travel3.com.br\/site\/dicas\/black-friday-da-wam-experience-tem-descontos-de-ate-30\/"},"wordCount":430,"commentCount":0,"publisher":{"@id":"https:\/\/www.travel3.com.br\/site\/#organization"},"image":{"@id":"https:\/\/www.travel3.com.br\/site\/dicas\/black-friday-da-wam-experience-tem-descontos-de-ate-30\/#primaryimage"},"thumbnailUrl":"https:\/\/www.travel3.com.br\/site\/wp-content\/uploads\/2024\/10\/Dom-Pedro-Laguna-da-WAM-Experience-em-Aquiraz_Easy-Resize.com_.jpg","keywords":["black friday","WAM Experience"],"articleSection":["Dicas","Promo\u00e7\u00f5es"],"inLanguage":"pt-BR","potentialAction":[{"@type":"CommentAction","name":"Comment","target":["https:\/\/www.travel3.com.br\/site\/dicas\/black-friday-da-wam-experience-tem-descontos-de-ate-30\/#respond"]}]},{"@type":"WebPage","@id":"https:\/\/www.travel3.com.br\/site\/dicas\/black-friday-da-wam-experience-tem-descontos-de-ate-30\/","url":"https:\/\/www.travel3.com.br\/site\/dicas\/black-friday-da-wam-experience-tem-descontos-de-ate-30\/","name":"Black Friday da WAM Experience tem descontos de at\u00e9 30% - Travel3","isPartOf":{"@id":"https:\/\/www.travel3.com.br\/site\/#website"},"primaryImageOfPage":{"@id":"https:\/\/www.travel3.com.br\/site\/dicas\/black-friday-da-wam-experience-tem-descontos-de-ate-30\/#primaryimage"},"image":{"@id":"https:\/\/www.travel3.com.br\/site\/dicas\/black-friday-da-wam-experience-tem-descontos-de-ate-30\/#primaryimage"},"thumbnailUrl":"https:\/\/www.travel3.com.br\/site\/wp-content\/uploads\/2024\/10\/Dom-Pedro-Laguna-da-WAM-Experience-em-Aquiraz_Easy-Resize.com_.jpg","datePublished":"2024-10-31T12:00:52+00:00","dateModified":"2024-10-31T12:00:53+00:00","description":"Black Friday da WAM Experience tem descontos de at\u00e9 30%; Campanha oferece di\u00e1rias em hot\u00e9is e parques aqu\u00e1ticos com condi\u00e7\u00f5es especiais","breadcrumb":{"@id":"https:\/\/www.travel3.com.br\/site\/dicas\/black-friday-da-wam-experience-tem-descontos-de-ate-30\/#breadcrumb"},"inLanguage":"pt-BR","potentialAction":[{"@type":"ReadAction","target":["https:\/\/www.travel3.com.br\/site\/dicas\/black-friday-da-wam-experience-tem-descontos-de-ate-30\/"]}]},{"@type":"ImageObject","inLanguage":"pt-BR","@id":"https:\/\/www.travel3.com.br\/site\/dicas\/black-friday-da-wam-experience-tem-descontos-de-ate-30\/#primaryimage","url":"https:\/\/www.travel3.com.br\/site\/wp-content\/uploads\/2024\/10\/Dom-Pedro-Laguna-da-WAM-Experience-em-Aquiraz_Easy-Resize.com_.jpg","contentUrl":"https:\/\/www.travel3.com.br\/site\/wp-content\/uploads\/2024\/10\/Dom-Pedro-Laguna-da-WAM-Experience-em-Aquiraz_Easy-Resize.com_.jpg","width":1280,"height":853,"caption":"Dom Pedro Laguna, da WAM Experience, em Aquiraz\/CE (Foto: Divulga\u00e7\u00e3o)"},{"@type":"BreadcrumbList","@id":"https:\/\/www.travel3.com.br\/site\/dicas\/black-friday-da-wam-experience-tem-descontos-de-ate-30\/#breadcrumb","itemListElement":[{"@type":"ListItem","position":1,"name":"In\u00edcio","item":"https:\/\/www.travel3.com.br\/site\/"},{"@type":"ListItem","position":2,"name":"Black Friday da WAM Experience tem descontos de at\u00e9 30%"}]},{"@type":"WebSite","@id":"https:\/\/www.travel3.com.br\/site\/#website","url":"https:\/\/www.travel3.com.br\/site\/","name":"Travel3","description":"Lazer + Neg&oacute;cios + Aventura","publisher":{"@id":"https:\/\/www.travel3.com.br\/site\/#organization"},"potentialAction":[{"@type":"SearchAction","target":{"@type":"EntryPoint","urlTemplate":"https:\/\/www.travel3.com.br\/site\/?s={search_term_string}"},"query-input":{"@type":"PropertyValueSpecification","valueRequired":true,"valueName":"search_term_string"}}],"inLanguage":"pt-BR"},{"@type":"Organization","@id":"https:\/\/www.travel3.com.br\/site\/#organization","name":"Travel3","url":"https:\/\/www.travel3.com.br\/site\/","logo":{"@type":"ImageObject","inLanguage":"pt-BR","@id":"https:\/\/www.travel3.com.br\/site\/#\/schema\/logo\/image\/","url":"https:\/\/www.travel3.com.br\/site\/wp-content\/uploads\/2020\/01\/logo-travel3-2020.png","contentUrl":"https:\/\/www.travel3.com.br\/site\/wp-content\/uploads\/2020\/01\/logo-travel3-2020.png","width":232,"height":79,"caption":"Travel3"},"image":{"@id":"https:\/\/www.travel3.com.br\/site\/#\/schema\/logo\/image\/"},"sameAs":["https:\/\/www.facebook.com\/travel3media\/","https:\/\/www.instagram.com\/revistatravel3\/","https:\/\/www.youtube.com\/channel\/UCno7J4paGBR3VbZQzvoJ9Eg"]},{"@type":"Person","@id":"https:\/\/www.travel3.com.br\/site\/#\/schema\/person\/9cff8daac0a2f1aa0799f827b8aa8308","name":"Reda\u00e7\u00e3o Travel3","image":{"@type":"ImageObject","inLanguage":"pt-BR","@id":"https:\/\/www.travel3.com.br\/site\/#\/schema\/person\/image\/","url":"https:\/\/secure.gravatar.com\/avatar\/6e6125525e1f04b7b8c607d71556e490?s=96&d=mm&r=g","contentUrl":"https:\/\/secure.gravatar.com\/avatar\/6e6125525e1f04b7b8c607d71556e490?s=96&d=mm&r=g","caption":"Reda\u00e7\u00e3o Travel3"},"sameAs":["http:\/\/www.travel3.com.br"],"url":"https:\/\/www.travel3.com.br\/site\/author\/redacao2\/"}]}},"_links":{"self":[{"href":"https:\/\/www.travel3.com.br\/site\/wp-json\/wp\/v2\/posts\/72508","targetHints":{"allow":["GET"]}}],"collection":[{"href":"https:\/\/www.travel3.com.br\/site\/wp-json\/wp\/v2\/posts"}],"about":[{"href":"https:\/\/www.travel3.com.br\/site\/wp-json\/wp\/v2\/types\/post"}],"author":[{"embeddable":true,"href":"https:\/\/www.travel3.com.br\/site\/wp-json\/wp\/v2\/users\/6"}],"replies":[{"embeddable":true,"href":"https:\/\/www.travel3.com.br\/site\/wp-json\/wp\/v2\/comments?post=72508"}],"version-history":[{"count":4,"href":"https:\/\/www.travel3.com.br\/site\/wp-json\/wp\/v2\/posts\/72508\/revisions"}],"predecessor-version":[{"id":72515,"href":"https:\/\/www.travel3.com.br\/site\/wp-json\/wp\/v2\/posts\/72508\/revisions\/72515"}],"wp:featuredmedia":[{"embeddable":true,"href":"https:\/\/www.travel3.com.br\/site\/wp-json\/wp\/v2\/media\/72509"}],"wp:attachment":[{"href":"https:\/\/www.travel3.com.br\/site\/wp-json\/wp\/v2\/media?parent=72508"}],"wp:term":[{"taxonomy":"category","embeddable":true,"href":"https:\/\/www.travel3.com.br\/site\/wp-json\/wp\/v2\/categories?post=72508"},{"taxonomy":"post_tag","embeddable":true,"href":"https:\/\/www.travel3.com.br\/site\/wp-json\/wp\/v2\/tags?post=72508"}],"curies":[{"name":"wp","href":"https:\/\/api.w.org\/{rel}","templated":true}]}}