{"id":71722,"date":"2024-09-25T11:51:11","date_gmt":"2024-09-25T14:51:11","guid":{"rendered":"https:\/\/www.travel3.com.br\/?p=71722"},"modified":"2024-09-25T11:51:16","modified_gmt":"2024-09-25T14:51:16","slug":"azul-lanca-novos-voos-para-o-uruguai","status":"publish","type":"post","link":"https:\/\/www.travel3.com.br\/site\/ir-e-vir\/azul-lanca-novos-voos-para-o-uruguai\/","title":{"rendered":"Azul lan\u00e7a novos voos para o Uruguai"},"content":{"rendered":"\n<h2 class=\"wp-block-heading\">Companhia a\u00e9rea expande suas opera\u00e7\u00f5es e conecta mais destinos na temporada de ver\u00e3o<\/h2>\n\n\n\n<p>A <strong><a href=\"https:\/\/www.voeazul.com.br\/\" target=\"_blank\" rel=\"noreferrer noopener\">Azul<\/a><\/strong>, maior companhia a\u00e9rea em n\u00famero de voos di\u00e1rios e cidades atendidas no Brasil, inicia dois novos voos para o Uruguai na alta temporada de ver\u00e3o. Um voo direto ligar\u00e1 Florian\u00f3polis a Montevid\u00e9u, capital uruguaia, de 16 de dezembro de 2024 a 7 de mar\u00e7o de 2025. O segundo voo partir\u00e1 de Campinas para Punta del Este, um popular destino de f\u00e9rias, entre 18 de dezembro de 2024 e 2 de fevereiro de 2025.<\/p>\n\n\n\n<p>Os voos de Florian\u00f3polis (SC) para Montevid\u00e9u ocorrer\u00e3o \u00e0s segundas e sextas-feiras, com partida \u00e0s 12h e chegada \u00e0s 13h55. O retorno sair\u00e1 \u00e0s 15h10, pousando \u00e0s 16h55 em Florian\u00f3polis. Os voos de Campinas (SP) para Punta del Este acontecer\u00e3o \u00e0s quartas e domingos, com decolagem \u00e0s 9h25 e chegada prevista \u00e0s 11h55. O retorno ocorrer\u00e1 \u00e0s 13h10, com chegada \u00e0s 15h40. Ambas as rotas utilizar\u00e3o aeronaves Embraer E2, que comportam 136 passageiros.<\/p>\n\n\n\n<p>Vitor Silva, gerente geral de Malha, Planejamento Estrat\u00e9gico e Alian\u00e7as da Azul, comenta sobre as novas opera\u00e7\u00f5es da Azul para o Uruguai: \u201c<strong><em>Punta del Este j\u00e1 conta com voos a partir de Guarulhos (SP), e agora temos a oportunidade de oferecer um voo direto de Campinas, aumentando a conectividade para atender a demanda de viajantes do interior de S\u00e3o Paulo e outras regi\u00f5es do pa\u00eds. Entre Montevid\u00e9u e Florian\u00f3polis, h\u00e1 um grande fluxo de turistas que desejam aproveitar as praias e festas de Florian\u00f3polis<\/em><\/strong>.\u201d<\/p>\n\n\n\n<h3 class=\"wp-block-heading\">Novidades a Partir de Campinas, Principal Hub da Azul<\/h3>\n\n\n\n<p class=\"has-medium-font-size\"><strong>Voos Extras para Orlando<\/strong><\/p>\n\n\n\n<p>Orlando, conhecido por seus parques de divers\u00e3o e entretenimento, receber\u00e1 voos extras da Azul saindo de Viracopos durante o pr\u00f3ximo ver\u00e3o. Entre 16 e 23 de novembro de 2024, al\u00e9m do voo di\u00e1rio, haver\u00e1 uma opera\u00e7\u00e3o extra aos s\u00e1bados. A partir de 30 de novembro, a frequ\u00eancia extra ser\u00e1 di\u00e1ria, com duas sa\u00eddas por dia de Campinas.<\/p>\n\n\n\n<p class=\"has-medium-font-size\"><strong>Voos Noturnos na Alta Temporada<\/strong><\/p>\n\n\n\n<p>Outra novidade ser\u00e1 a inclus\u00e3o de voos extras noturnos de Campinas, nos dias 21 e 28 de dezembro de 2024, e 4, 6, 11 e 13 de janeiro de 2025. Ao todo, a Azul programou 68 decolagens noturnas nesse per\u00edodo, com destinos para Bras\u00edlia (DF), Cuiab\u00e1 (MT), Curitiba (PR), Florian\u00f3polis (SC), Gale\u00e3o (RJ), Goi\u00e2nia (GO), Londrina (PR), Presidente Prudente (SP), Ribeir\u00e3o Preto (SP), S\u00e3o Jos\u00e9 do Rio Preto (SP), Uberl\u00e2ndia (MG) e Chapec\u00f3 (SC).<\/p>\n","protected":false},"excerpt":{"rendered":"<p>Companhia a\u00e9rea expande suas opera\u00e7\u00f5es e conecta mais destinos na temporada de ver\u00e3o<\/p>\n","protected":false},"author":6,"featured_media":71723,"comment_status":"open","ping_status":"open","sticky":false,"template":"","format":"standard","meta":{"footnotes":""},"categories":[309,8],"tags":[4101,2503,542],"class_list":["post-71722","post","type-post","status-publish","format-standard","has-post-thumbnail","hentry","category-ar","category-ir-e-vir","tag-azul","tag-azul-linhas-aereas","tag-uruguai"],"yoast_head":"<!-- This site is optimized with the Yoast SEO plugin v26.2 - https:\/\/yoast.com\/wordpress\/plugins\/seo\/ -->\n<title>Azul lan\u00e7a novos voos para o Uruguai - Travel3<\/title>\n<meta name=\"description\" content=\"Azul lan\u00e7a novos voos para o Uruguai; Companhia a\u00e9rea expande suas opera\u00e7\u00f5es e conecta mais destinos na temporada de ver\u00e3o\" \/>\n<meta name=\"robots\" content=\"index, follow, max-snippet:-1, max-image-preview:large, max-video-preview:-1\" \/>\n<link rel=\"canonical\" href=\"https:\/\/www.travel3.com.br\/site\/ir-e-vir\/azul-lanca-novos-voos-para-o-uruguai\/\" \/>\n<meta property=\"og:locale\" content=\"pt_BR\" \/>\n<meta property=\"og:type\" content=\"article\" \/>\n<meta property=\"og:title\" content=\"Azul lan\u00e7a novos voos para o Uruguai - Travel3\" \/>\n<meta property=\"og:description\" content=\"Azul lan\u00e7a novos voos para o Uruguai; Companhia a\u00e9rea expande suas opera\u00e7\u00f5es e conecta mais destinos na temporada de ver\u00e3o\" \/>\n<meta property=\"og:url\" content=\"https:\/\/www.travel3.com.br\/site\/ir-e-vir\/azul-lanca-novos-voos-para-o-uruguai\/\" \/>\n<meta property=\"og:site_name\" content=\"Travel3\" \/>\n<meta property=\"article:publisher\" content=\"https:\/\/www.facebook.com\/travel3media\/\" \/>\n<meta property=\"article:published_time\" content=\"2024-09-25T14:51:11+00:00\" \/>\n<meta property=\"article:modified_time\" content=\"2024-09-25T14:51:16+00:00\" \/>\n<meta property=\"og:image\" content=\"https:\/\/www.travel3.com.br\/site\/wp-content\/uploads\/2024\/09\/AZUL-EMBRAER-195-E2-VCP-TAXI_Easy-Resize.com_.jpg\" \/>\n\t<meta property=\"og:image:width\" content=\"1280\" \/>\n\t<meta property=\"og:image:height\" content=\"853\" \/>\n\t<meta property=\"og:image:type\" content=\"image\/jpeg\" \/>\n<meta name=\"author\" content=\"Reda\u00e7\u00e3o Travel3\" \/>\n<meta name=\"twitter:card\" content=\"summary_large_image\" \/>\n<meta name=\"twitter:label1\" content=\"Escrito por\" \/>\n\t<meta name=\"twitter:data1\" content=\"Reda\u00e7\u00e3o Travel3\" \/>\n\t<meta name=\"twitter:label2\" content=\"Est. tempo de leitura\" \/>\n\t<meta name=\"twitter:data2\" content=\"3 minutos\" \/>\n<script type=\"application\/ld+json\" class=\"yoast-schema-graph\">{\"@context\":\"https:\/\/schema.org\",\"@graph\":[{\"@type\":\"Article\",\"@id\":\"https:\/\/www.travel3.com.br\/site\/ir-e-vir\/azul-lanca-novos-voos-para-o-uruguai\/#article\",\"isPartOf\":{\"@id\":\"https:\/\/www.travel3.com.br\/site\/ir-e-vir\/azul-lanca-novos-voos-para-o-uruguai\/\"},\"author\":{\"name\":\"Reda\u00e7\u00e3o Travel3\",\"@id\":\"https:\/\/www.travel3.com.br\/site\/#\/schema\/person\/9cff8daac0a2f1aa0799f827b8aa8308\"},\"headline\":\"Azul lan\u00e7a novos voos para o Uruguai\",\"datePublished\":\"2024-09-25T14:51:11+00:00\",\"dateModified\":\"2024-09-25T14:51:16+00:00\",\"mainEntityOfPage\":{\"@id\":\"https:\/\/www.travel3.com.br\/site\/ir-e-vir\/azul-lanca-novos-voos-para-o-uruguai\/\"},\"wordCount\":425,\"commentCount\":0,\"publisher\":{\"@id\":\"https:\/\/www.travel3.com.br\/site\/#organization\"},\"image\":{\"@id\":\"https:\/\/www.travel3.com.br\/site\/ir-e-vir\/azul-lanca-novos-voos-para-o-uruguai\/#primaryimage\"},\"thumbnailUrl\":\"https:\/\/www.travel3.com.br\/site\/wp-content\/uploads\/2024\/09\/AZUL-EMBRAER-195-E2-VCP-TAXI_Easy-Resize.com_.jpg\",\"keywords\":[\"Azul\",\"azul linhas a\u00e9reas\",\"uruguai\"],\"articleSection\":[\"Ar\",\"Ir e Vir\"],\"inLanguage\":\"pt-BR\",\"potentialAction\":[{\"@type\":\"CommentAction\",\"name\":\"Comment\",\"target\":[\"https:\/\/www.travel3.com.br\/site\/ir-e-vir\/azul-lanca-novos-voos-para-o-uruguai\/#respond\"]}]},{\"@type\":\"WebPage\",\"@id\":\"https:\/\/www.travel3.com.br\/site\/ir-e-vir\/azul-lanca-novos-voos-para-o-uruguai\/\",\"url\":\"https:\/\/www.travel3.com.br\/site\/ir-e-vir\/azul-lanca-novos-voos-para-o-uruguai\/\",\"name\":\"Azul lan\u00e7a novos voos para o Uruguai - Travel3\",\"isPartOf\":{\"@id\":\"https:\/\/www.travel3.com.br\/site\/#website\"},\"primaryImageOfPage\":{\"@id\":\"https:\/\/www.travel3.com.br\/site\/ir-e-vir\/azul-lanca-novos-voos-para-o-uruguai\/#primaryimage\"},\"image\":{\"@id\":\"https:\/\/www.travel3.com.br\/site\/ir-e-vir\/azul-lanca-novos-voos-para-o-uruguai\/#primaryimage\"},\"thumbnailUrl\":\"https:\/\/www.travel3.com.br\/site\/wp-content\/uploads\/2024\/09\/AZUL-EMBRAER-195-E2-VCP-TAXI_Easy-Resize.com_.jpg\",\"datePublished\":\"2024-09-25T14:51:11+00:00\",\"dateModified\":\"2024-09-25T14:51:16+00:00\",\"description\":\"Azul lan\u00e7a novos voos para o Uruguai; Companhia a\u00e9rea expande suas opera\u00e7\u00f5es e conecta mais destinos na temporada de ver\u00e3o\",\"breadcrumb\":{\"@id\":\"https:\/\/www.travel3.com.br\/site\/ir-e-vir\/azul-lanca-novos-voos-para-o-uruguai\/#breadcrumb\"},\"inLanguage\":\"pt-BR\",\"potentialAction\":[{\"@type\":\"ReadAction\",\"target\":[\"https:\/\/www.travel3.com.br\/site\/ir-e-vir\/azul-lanca-novos-voos-para-o-uruguai\/\"]}]},{\"@type\":\"ImageObject\",\"inLanguage\":\"pt-BR\",\"@id\":\"https:\/\/www.travel3.com.br\/site\/ir-e-vir\/azul-lanca-novos-voos-para-o-uruguai\/#primaryimage\",\"url\":\"https:\/\/www.travel3.com.br\/site\/wp-content\/uploads\/2024\/09\/AZUL-EMBRAER-195-E2-VCP-TAXI_Easy-Resize.com_.jpg\",\"contentUrl\":\"https:\/\/www.travel3.com.br\/site\/wp-content\/uploads\/2024\/09\/AZUL-EMBRAER-195-E2-VCP-TAXI_Easy-Resize.com_.jpg\",\"width\":1280,\"height\":853,\"caption\":\"Os voos para o Uruguai ser\u00e3o operados pela aeronave Embraer 195-E2 (Foto: Divulga\u00e7\u00e3o)\"},{\"@type\":\"BreadcrumbList\",\"@id\":\"https:\/\/www.travel3.com.br\/site\/ir-e-vir\/azul-lanca-novos-voos-para-o-uruguai\/#breadcrumb\",\"itemListElement\":[{\"@type\":\"ListItem\",\"position\":1,\"name\":\"In\u00edcio\",\"item\":\"https:\/\/www.travel3.com.br\/site\/\"},{\"@type\":\"ListItem\",\"position\":2,\"name\":\"Azul lan\u00e7a novos voos para o Uruguai\"}]},{\"@type\":\"WebSite\",\"@id\":\"https:\/\/www.travel3.com.br\/site\/#website\",\"url\":\"https:\/\/www.travel3.com.br\/site\/\",\"name\":\"Travel3\",\"description\":\"Lazer + Neg&oacute;cios + Aventura\",\"publisher\":{\"@id\":\"https:\/\/www.travel3.com.br\/site\/#organization\"},\"potentialAction\":[{\"@type\":\"SearchAction\",\"target\":{\"@type\":\"EntryPoint\",\"urlTemplate\":\"https:\/\/www.travel3.com.br\/site\/?s={search_term_string}\"},\"query-input\":{\"@type\":\"PropertyValueSpecification\",\"valueRequired\":true,\"valueName\":\"search_term_string\"}}],\"inLanguage\":\"pt-BR\"},{\"@type\":\"Organization\",\"@id\":\"https:\/\/www.travel3.com.br\/site\/#organization\",\"name\":\"Travel3\",\"url\":\"https:\/\/www.travel3.com.br\/site\/\",\"logo\":{\"@type\":\"ImageObject\",\"inLanguage\":\"pt-BR\",\"@id\":\"https:\/\/www.travel3.com.br\/site\/#\/schema\/logo\/image\/\",\"url\":\"https:\/\/www.travel3.com.br\/site\/wp-content\/uploads\/2020\/01\/logo-travel3-2020.png\",\"contentUrl\":\"https:\/\/www.travel3.com.br\/site\/wp-content\/uploads\/2020\/01\/logo-travel3-2020.png\",\"width\":232,\"height\":79,\"caption\":\"Travel3\"},\"image\":{\"@id\":\"https:\/\/www.travel3.com.br\/site\/#\/schema\/logo\/image\/\"},\"sameAs\":[\"https:\/\/www.facebook.com\/travel3media\/\",\"https:\/\/www.instagram.com\/revistatravel3\/\",\"https:\/\/www.youtube.com\/channel\/UCno7J4paGBR3VbZQzvoJ9Eg\"]},{\"@type\":\"Person\",\"@id\":\"https:\/\/www.travel3.com.br\/site\/#\/schema\/person\/9cff8daac0a2f1aa0799f827b8aa8308\",\"name\":\"Reda\u00e7\u00e3o Travel3\",\"image\":{\"@type\":\"ImageObject\",\"inLanguage\":\"pt-BR\",\"@id\":\"https:\/\/www.travel3.com.br\/site\/#\/schema\/person\/image\/\",\"url\":\"https:\/\/secure.gravatar.com\/avatar\/6e6125525e1f04b7b8c607d71556e490?s=96&d=mm&r=g\",\"contentUrl\":\"https:\/\/secure.gravatar.com\/avatar\/6e6125525e1f04b7b8c607d71556e490?s=96&d=mm&r=g\",\"caption\":\"Reda\u00e7\u00e3o Travel3\"},\"sameAs\":[\"http:\/\/www.travel3.com.br\"],\"url\":\"https:\/\/www.travel3.com.br\/site\/author\/redacao2\/\"}]}<\/script>\n<!-- \/ Yoast SEO plugin. -->","yoast_head_json":{"title":"Azul lan\u00e7a novos voos para o Uruguai - Travel3","description":"Azul lan\u00e7a novos voos para o Uruguai; Companhia a\u00e9rea expande suas opera\u00e7\u00f5es e conecta mais destinos na temporada de ver\u00e3o","robots":{"index":"index","follow":"follow","max-snippet":"max-snippet:-1","max-image-preview":"max-image-preview:large","max-video-preview":"max-video-preview:-1"},"canonical":"https:\/\/www.travel3.com.br\/site\/ir-e-vir\/azul-lanca-novos-voos-para-o-uruguai\/","og_locale":"pt_BR","og_type":"article","og_title":"Azul lan\u00e7a novos voos para o Uruguai - Travel3","og_description":"Azul lan\u00e7a novos voos para o Uruguai; Companhia a\u00e9rea expande suas opera\u00e7\u00f5es e conecta mais destinos na temporada de ver\u00e3o","og_url":"https:\/\/www.travel3.com.br\/site\/ir-e-vir\/azul-lanca-novos-voos-para-o-uruguai\/","og_site_name":"Travel3","article_publisher":"https:\/\/www.facebook.com\/travel3media\/","article_published_time":"2024-09-25T14:51:11+00:00","article_modified_time":"2024-09-25T14:51:16+00:00","og_image":[{"width":1280,"height":853,"url":"https:\/\/www.travel3.com.br\/site\/wp-content\/uploads\/2024\/09\/AZUL-EMBRAER-195-E2-VCP-TAXI_Easy-Resize.com_.jpg","type":"image\/jpeg"}],"author":"Reda\u00e7\u00e3o Travel3","twitter_card":"summary_large_image","twitter_misc":{"Escrito por":"Reda\u00e7\u00e3o Travel3","Est. tempo de leitura":"3 minutos"},"schema":{"@context":"https:\/\/schema.org","@graph":[{"@type":"Article","@id":"https:\/\/www.travel3.com.br\/site\/ir-e-vir\/azul-lanca-novos-voos-para-o-uruguai\/#article","isPartOf":{"@id":"https:\/\/www.travel3.com.br\/site\/ir-e-vir\/azul-lanca-novos-voos-para-o-uruguai\/"},"author":{"name":"Reda\u00e7\u00e3o Travel3","@id":"https:\/\/www.travel3.com.br\/site\/#\/schema\/person\/9cff8daac0a2f1aa0799f827b8aa8308"},"headline":"Azul lan\u00e7a novos voos para o Uruguai","datePublished":"2024-09-25T14:51:11+00:00","dateModified":"2024-09-25T14:51:16+00:00","mainEntityOfPage":{"@id":"https:\/\/www.travel3.com.br\/site\/ir-e-vir\/azul-lanca-novos-voos-para-o-uruguai\/"},"wordCount":425,"commentCount":0,"publisher":{"@id":"https:\/\/www.travel3.com.br\/site\/#organization"},"image":{"@id":"https:\/\/www.travel3.com.br\/site\/ir-e-vir\/azul-lanca-novos-voos-para-o-uruguai\/#primaryimage"},"thumbnailUrl":"https:\/\/www.travel3.com.br\/site\/wp-content\/uploads\/2024\/09\/AZUL-EMBRAER-195-E2-VCP-TAXI_Easy-Resize.com_.jpg","keywords":["Azul","azul linhas a\u00e9reas","uruguai"],"articleSection":["Ar","Ir e Vir"],"inLanguage":"pt-BR","potentialAction":[{"@type":"CommentAction","name":"Comment","target":["https:\/\/www.travel3.com.br\/site\/ir-e-vir\/azul-lanca-novos-voos-para-o-uruguai\/#respond"]}]},{"@type":"WebPage","@id":"https:\/\/www.travel3.com.br\/site\/ir-e-vir\/azul-lanca-novos-voos-para-o-uruguai\/","url":"https:\/\/www.travel3.com.br\/site\/ir-e-vir\/azul-lanca-novos-voos-para-o-uruguai\/","name":"Azul lan\u00e7a novos voos para o Uruguai - Travel3","isPartOf":{"@id":"https:\/\/www.travel3.com.br\/site\/#website"},"primaryImageOfPage":{"@id":"https:\/\/www.travel3.com.br\/site\/ir-e-vir\/azul-lanca-novos-voos-para-o-uruguai\/#primaryimage"},"image":{"@id":"https:\/\/www.travel3.com.br\/site\/ir-e-vir\/azul-lanca-novos-voos-para-o-uruguai\/#primaryimage"},"thumbnailUrl":"https:\/\/www.travel3.com.br\/site\/wp-content\/uploads\/2024\/09\/AZUL-EMBRAER-195-E2-VCP-TAXI_Easy-Resize.com_.jpg","datePublished":"2024-09-25T14:51:11+00:00","dateModified":"2024-09-25T14:51:16+00:00","description":"Azul lan\u00e7a novos voos para o Uruguai; Companhia a\u00e9rea expande suas opera\u00e7\u00f5es e conecta mais destinos na temporada de ver\u00e3o","breadcrumb":{"@id":"https:\/\/www.travel3.com.br\/site\/ir-e-vir\/azul-lanca-novos-voos-para-o-uruguai\/#breadcrumb"},"inLanguage":"pt-BR","potentialAction":[{"@type":"ReadAction","target":["https:\/\/www.travel3.com.br\/site\/ir-e-vir\/azul-lanca-novos-voos-para-o-uruguai\/"]}]},{"@type":"ImageObject","inLanguage":"pt-BR","@id":"https:\/\/www.travel3.com.br\/site\/ir-e-vir\/azul-lanca-novos-voos-para-o-uruguai\/#primaryimage","url":"https:\/\/www.travel3.com.br\/site\/wp-content\/uploads\/2024\/09\/AZUL-EMBRAER-195-E2-VCP-TAXI_Easy-Resize.com_.jpg","contentUrl":"https:\/\/www.travel3.com.br\/site\/wp-content\/uploads\/2024\/09\/AZUL-EMBRAER-195-E2-VCP-TAXI_Easy-Resize.com_.jpg","width":1280,"height":853,"caption":"Os voos para o Uruguai ser\u00e3o operados pela aeronave Embraer 195-E2 (Foto: Divulga\u00e7\u00e3o)"},{"@type":"BreadcrumbList","@id":"https:\/\/www.travel3.com.br\/site\/ir-e-vir\/azul-lanca-novos-voos-para-o-uruguai\/#breadcrumb","itemListElement":[{"@type":"ListItem","position":1,"name":"In\u00edcio","item":"https:\/\/www.travel3.com.br\/site\/"},{"@type":"ListItem","position":2,"name":"Azul lan\u00e7a novos voos para o Uruguai"}]},{"@type":"WebSite","@id":"https:\/\/www.travel3.com.br\/site\/#website","url":"https:\/\/www.travel3.com.br\/site\/","name":"Travel3","description":"Lazer + Neg&oacute;cios + Aventura","publisher":{"@id":"https:\/\/www.travel3.com.br\/site\/#organization"},"potentialAction":[{"@type":"SearchAction","target":{"@type":"EntryPoint","urlTemplate":"https:\/\/www.travel3.com.br\/site\/?s={search_term_string}"},"query-input":{"@type":"PropertyValueSpecification","valueRequired":true,"valueName":"search_term_string"}}],"inLanguage":"pt-BR"},{"@type":"Organization","@id":"https:\/\/www.travel3.com.br\/site\/#organization","name":"Travel3","url":"https:\/\/www.travel3.com.br\/site\/","logo":{"@type":"ImageObject","inLanguage":"pt-BR","@id":"https:\/\/www.travel3.com.br\/site\/#\/schema\/logo\/image\/","url":"https:\/\/www.travel3.com.br\/site\/wp-content\/uploads\/2020\/01\/logo-travel3-2020.png","contentUrl":"https:\/\/www.travel3.com.br\/site\/wp-content\/uploads\/2020\/01\/logo-travel3-2020.png","width":232,"height":79,"caption":"Travel3"},"image":{"@id":"https:\/\/www.travel3.com.br\/site\/#\/schema\/logo\/image\/"},"sameAs":["https:\/\/www.facebook.com\/travel3media\/","https:\/\/www.instagram.com\/revistatravel3\/","https:\/\/www.youtube.com\/channel\/UCno7J4paGBR3VbZQzvoJ9Eg"]},{"@type":"Person","@id":"https:\/\/www.travel3.com.br\/site\/#\/schema\/person\/9cff8daac0a2f1aa0799f827b8aa8308","name":"Reda\u00e7\u00e3o Travel3","image":{"@type":"ImageObject","inLanguage":"pt-BR","@id":"https:\/\/www.travel3.com.br\/site\/#\/schema\/person\/image\/","url":"https:\/\/secure.gravatar.com\/avatar\/6e6125525e1f04b7b8c607d71556e490?s=96&d=mm&r=g","contentUrl":"https:\/\/secure.gravatar.com\/avatar\/6e6125525e1f04b7b8c607d71556e490?s=96&d=mm&r=g","caption":"Reda\u00e7\u00e3o Travel3"},"sameAs":["http:\/\/www.travel3.com.br"],"url":"https:\/\/www.travel3.com.br\/site\/author\/redacao2\/"}]}},"_links":{"self":[{"href":"https:\/\/www.travel3.com.br\/site\/wp-json\/wp\/v2\/posts\/71722","targetHints":{"allow":["GET"]}}],"collection":[{"href":"https:\/\/www.travel3.com.br\/site\/wp-json\/wp\/v2\/posts"}],"about":[{"href":"https:\/\/www.travel3.com.br\/site\/wp-json\/wp\/v2\/types\/post"}],"author":[{"embeddable":true,"href":"https:\/\/www.travel3.com.br\/site\/wp-json\/wp\/v2\/users\/6"}],"replies":[{"embeddable":true,"href":"https:\/\/www.travel3.com.br\/site\/wp-json\/wp\/v2\/comments?post=71722"}],"version-history":[{"count":3,"href":"https:\/\/www.travel3.com.br\/site\/wp-json\/wp\/v2\/posts\/71722\/revisions"}],"predecessor-version":[{"id":71728,"href":"https:\/\/www.travel3.com.br\/site\/wp-json\/wp\/v2\/posts\/71722\/revisions\/71728"}],"wp:featuredmedia":[{"embeddable":true,"href":"https:\/\/www.travel3.com.br\/site\/wp-json\/wp\/v2\/media\/71723"}],"wp:attachment":[{"href":"https:\/\/www.travel3.com.br\/site\/wp-json\/wp\/v2\/media?parent=71722"}],"wp:term":[{"taxonomy":"category","embeddable":true,"href":"https:\/\/www.travel3.com.br\/site\/wp-json\/wp\/v2\/categories?post=71722"},{"taxonomy":"post_tag","embeddable":true,"href":"https:\/\/www.travel3.com.br\/site\/wp-json\/wp\/v2\/tags?post=71722"}],"curies":[{"name":"wp","href":"https:\/\/api.w.org\/{rel}","templated":true}]}}