{"id":71050,"date":"2024-09-03T18:29:00","date_gmt":"2024-09-03T21:29:00","guid":{"rendered":"https:\/\/www.travel3.com.br\/?p=71050"},"modified":"2024-09-09T13:11:09","modified_gmt":"2024-09-09T16:11:09","slug":"france-excellence-destaca-sustentabilidade-em-2024","status":"publish","type":"post","link":"https:\/\/www.travel3.com.br\/site\/acontece-no-turismo\/france-excellence-destaca-sustentabilidade-em-2024\/","title":{"rendered":"France Excellence destaca sustentabilidade em 2024"},"content":{"rendered":"\n<h2 class=\"wp-block-heading\">Evento da Atout France explora inova\u00e7\u00e3o e estilo de vida em S\u00e3o Paulo<\/h2>\n\n\n\n<p>Ap\u00f3s o sucesso da sua <strong><a href=\"https:\/\/www.travel3.com.br\/acontece-no-turismo\/eventos-e-feiras\/vem-ai-o-france-excellence-2023-o-evento-que-vai-alem-do-luxo\/\" target=\"_blank\" rel=\"noreferrer noopener\">\u00faltima edi\u00e7\u00e3o<\/a><\/strong>, o France Excellence 2024, organizado pela Atout France, ocorrer\u00e1 nos dias 18 e 19 de setembro em S\u00e3o Paulo, com foco no <em>art de vivre<\/em> franc\u00eas e na sustentabilidade. O evento, em sua 4\u00aa edi\u00e7\u00e3o, ser\u00e1 realizado no AYA HUB, dentro do complexo Cidade Matarazzo, um espa\u00e7o projetado para promover a sustentabilidade.<\/p>\n\n\n\n<figure class=\"wp-block-pullquote\"><blockquote><p><strong><em>A edi\u00e7\u00e3o desse ano, j\u00e1 com um hist\u00f3rico rico de palestras e conte\u00fado de alta qualidade, acontece num momento importante e bonito do nosso destino. A Fran\u00e7a tem a ambi\u00e7\u00e3o de ser um exemplo de turismo sustent\u00e1vel at\u00e9 2030 e as Olimp\u00edadas mostraram a capacidade do nosso pa\u00eds de receber o mundo, focando neste assunto. Al\u00e9m disso, os v\u00e1rios setores de luxo tem uma necessidade de exemplaridade<\/em>.<\/strong><\/p><p><strong> <\/strong><\/p><cite><em>Caroline Putnoki, Diretora da Atout France para a Am\u00e9rica do Sul<\/em><\/cite><\/blockquote><\/figure>\n\n\n\n<p>O tema deste ano, &#8220;<strong><em>L\u2019art de (RE)vivre \u00e0 la fran\u00e7aise<\/em><\/strong>&#8220;, explora a busca por um estilo de vida sofisticado e equilibrado, enraizado na cultura francesa. A programa\u00e7\u00e3o inclui confer\u00eancias e rodadas de neg\u00f3cios, com a participa\u00e7\u00e3o de especialistas em luxo e turismo.<\/p>\n\n\n\n<p>No dia 18 de setembro, a confer\u00eancia de abertura ser\u00e1 conduzida por Diana Verde Nieto, especialista em ESG e fundadora da Positive Luxury, que abordar\u00e1 o tema &#8220;<em>Reimaginando o Luxo<\/em>&#8220;. Durante o dia, fornecedores franceses e profissionais brasileiros do setor de turismo participar\u00e3o de rodadas de neg\u00f3cios focadas no mercado de luxo. \u00c0 noite, Claire Coletti, Diretora Global de Sustentabilidade da Guerlain, apresentar\u00e1 a confer\u00eancia &#8220;<em>Em Nome da Beleza<\/em>&#8220;.<\/p>\n\n\n\n<div class=\"wp-block-image\"><figure class=\"aligncenter size-large is-resized\"><img loading=\"lazy\" decoding=\"async\" src=\"https:\/\/www.travel3.com.br\/site\/wp-content\/uploads\/2024\/09\/France-Excellence-2024_Easy-Resize.com-1-686x1024.jpg\" alt=\"France Excellence 2024\" class=\"wp-image-71052\" width=\"496\" height=\"740\" srcset=\"https:\/\/www.travel3.com.br\/site\/wp-content\/uploads\/2024\/09\/France-Excellence-2024_Easy-Resize.com-1-686x1024.jpg 686w, https:\/\/www.travel3.com.br\/site\/wp-content\/uploads\/2024\/09\/France-Excellence-2024_Easy-Resize.com-1-201x300.jpg 201w, https:\/\/www.travel3.com.br\/site\/wp-content\/uploads\/2024\/09\/France-Excellence-2024_Easy-Resize.com-1-768x1146.jpg 768w, https:\/\/www.travel3.com.br\/site\/wp-content\/uploads\/2024\/09\/France-Excellence-2024_Easy-Resize.com-1-150x224.jpg 150w, https:\/\/www.travel3.com.br\/site\/wp-content\/uploads\/2024\/09\/France-Excellence-2024_Easy-Resize.com-1-750x1119.jpg 750w, https:\/\/www.travel3.com.br\/site\/wp-content\/uploads\/2024\/09\/France-Excellence-2024_Easy-Resize.com-1.jpg 858w\" sizes=\"auto, (max-width: 496px) 100vw, 496px\" \/><\/figure><\/div>\n\n\n\n<p>No dia 19, a confer\u00eancia &#8220;A Etiqueta Francesa e <em>o Luxo do S\u00e9culo XXI<\/em>&#8221; ser\u00e1 liderada por Evelyne de Mascarel, fundadora do SavoirVivre.today. As rodadas de neg\u00f3cios continuar\u00e3o ao longo do dia, com destaque para discuss\u00f5es sobre inova\u00e7\u00e3o e sustentabilidade no setor de luxo.<\/p>\n\n\n\n<p>A edi\u00e7\u00e3o deste ano do France Excellence visa a destacar a ambi\u00e7\u00e3o da Fran\u00e7a de ser um exemplo de turismo sustent\u00e1vel at\u00e9 2030, especialmente ap\u00f3s as Olimp\u00edadas, que demonstraram a capacidade do pa\u00eds de receber o mundo com foco em sustentabilidade.<\/p>\n\n\n\n<p>Ao todo, o evento contar\u00e1 com 1.300 encontros comerciais, tr\u00eas confer\u00eancias e a participa\u00e7\u00e3o de 280 buyers j\u00e1 inscritos. Entre os participantes das rodadas de neg\u00f3cios est\u00e3o o Comit\u00ea Regional de Provence Alpes C\u00f4te d&#8217;Azur, escrit\u00f3rios de turismo de v\u00e1rias cidades francesas, e grandes nomes da hotelaria e do setor de luxo, como Air France e Galeries Lafayette, patrocinadores oficiais do evento.<\/p>\n\n\n\n<p>No dia 17 de setembro, o Arnaldo Danemberg Collection, em S\u00e3o Paulo, sediar\u00e1 uma confer\u00eancia de imprensa exclusiva. O espa\u00e7o, conhecido por sua conex\u00e3o com a Fran\u00e7a atrav\u00e9s do restauro de mobili\u00e1rios hist\u00f3ricos franceses, foi escolhido para refletir o tema do evento.<\/p>\n\n\n\n<p>O France Excellence 2024 conta com o apoio de parceiros como o <strong>Grupo LVMH,<\/strong> <strong>Guerlain<\/strong> e <strong>EcoArts Amaz\u00f4nia<\/strong>, que se dedica \u00e0 preserva\u00e7\u00e3o da floresta amaz\u00f4nica atrav\u00e9s de cria\u00e7\u00f5es de design sustent\u00e1vel. Parte das vendas da EcoArts \u00e9 revertida para o plantio de \u00e1rvores na regi\u00e3o.<\/p>\n\n\n\n<p>Para mais informa\u00e7\u00f5es e pr\u00e9-inscri\u00e7\u00f5es, acesse a plataforma <strong><a href=\"https:\/\/www.franceexcellencelatam.com\/page\/63b9-inicio\/\" target=\"_blank\" rel=\"noreferrer noopener\">France Excellence Am\u00e9rica Latina<\/a><\/strong>.<\/p>\n\n\n\n<p><\/p>\n","protected":false},"excerpt":{"rendered":"<p>Evento da Atout France explora inova\u00e7\u00e3o e estilo de vida em S\u00e3o Paulo<\/p>\n","protected":false},"author":5,"featured_media":52190,"comment_status":"open","ping_status":"open","sticky":false,"template":"","format":"standard","meta":{"footnotes":""},"categories":[969,5],"tags":[2636,3372,5032,6306],"class_list":["post-71050","post","type-post","status-publish","format-standard","has-post-thumbnail","hentry","category-acontece-no-turismo","category-eventos-e-feiras","tag-atout-france","tag-caroline-putnoki","tag-france-excellence","tag-france-excellence-2024"],"yoast_head":"<!-- This site is optimized with the Yoast SEO plugin v26.2 - https:\/\/yoast.com\/wordpress\/plugins\/seo\/ -->\n<title>France Excellence destaca sustentabilidade em 2024 - Travel3<\/title>\n<meta name=\"description\" content=\"France Excellence destaca sustentabilidade em 2024; Evento da Atout France explora inova\u00e7\u00e3o e estilo de vida em S\u00e3o Paulo\" \/>\n<meta name=\"robots\" content=\"index, follow, max-snippet:-1, max-image-preview:large, max-video-preview:-1\" \/>\n<link rel=\"canonical\" href=\"https:\/\/www.travel3.com.br\/site\/acontece-no-turismo\/france-excellence-destaca-sustentabilidade-em-2024\/\" \/>\n<meta property=\"og:locale\" content=\"pt_BR\" \/>\n<meta property=\"og:type\" content=\"article\" \/>\n<meta property=\"og:title\" content=\"France Excellence destaca sustentabilidade em 2024 - Travel3\" \/>\n<meta property=\"og:description\" content=\"France Excellence destaca sustentabilidade em 2024; Evento da Atout France explora inova\u00e7\u00e3o e estilo de vida em S\u00e3o Paulo\" \/>\n<meta property=\"og:url\" content=\"https:\/\/www.travel3.com.br\/site\/acontece-no-turismo\/france-excellence-destaca-sustentabilidade-em-2024\/\" \/>\n<meta property=\"og:site_name\" content=\"Travel3\" \/>\n<meta property=\"article:publisher\" content=\"https:\/\/www.facebook.com\/travel3media\/\" \/>\n<meta property=\"article:published_time\" content=\"2024-09-03T21:29:00+00:00\" \/>\n<meta property=\"article:modified_time\" content=\"2024-09-09T16:11:09+00:00\" \/>\n<meta property=\"og:image\" content=\"https:\/\/www.travel3.com.br\/site\/wp-content\/uploads\/2022\/09\/Caroline-Putnoki.jpg\" \/>\n\t<meta property=\"og:image:width\" content=\"1024\" \/>\n\t<meta property=\"og:image:height\" content=\"768\" \/>\n\t<meta property=\"og:image:type\" content=\"image\/jpeg\" \/>\n<meta name=\"author\" content=\"Reda\u00e7\u00e3o Travel3\" \/>\n<meta name=\"twitter:card\" content=\"summary_large_image\" \/>\n<meta name=\"twitter:label1\" content=\"Escrito por\" \/>\n\t<meta name=\"twitter:data1\" content=\"Reda\u00e7\u00e3o Travel3\" \/>\n\t<meta name=\"twitter:label2\" content=\"Est. tempo de leitura\" \/>\n\t<meta name=\"twitter:data2\" content=\"4 minutos\" \/>\n<script type=\"application\/ld+json\" class=\"yoast-schema-graph\">{\"@context\":\"https:\/\/schema.org\",\"@graph\":[{\"@type\":\"Article\",\"@id\":\"https:\/\/www.travel3.com.br\/site\/acontece-no-turismo\/france-excellence-destaca-sustentabilidade-em-2024\/#article\",\"isPartOf\":{\"@id\":\"https:\/\/www.travel3.com.br\/site\/acontece-no-turismo\/france-excellence-destaca-sustentabilidade-em-2024\/\"},\"author\":{\"name\":\"Reda\u00e7\u00e3o Travel3\",\"@id\":\"https:\/\/www.travel3.com.br\/site\/#\/schema\/person\/89251b0320bc67697de92249f97f3fdb\"},\"headline\":\"France Excellence destaca sustentabilidade em 2024\",\"datePublished\":\"2024-09-03T21:29:00+00:00\",\"dateModified\":\"2024-09-09T16:11:09+00:00\",\"mainEntityOfPage\":{\"@id\":\"https:\/\/www.travel3.com.br\/site\/acontece-no-turismo\/france-excellence-destaca-sustentabilidade-em-2024\/\"},\"wordCount\":568,\"commentCount\":0,\"publisher\":{\"@id\":\"https:\/\/www.travel3.com.br\/site\/#organization\"},\"image\":{\"@id\":\"https:\/\/www.travel3.com.br\/site\/acontece-no-turismo\/france-excellence-destaca-sustentabilidade-em-2024\/#primaryimage\"},\"thumbnailUrl\":\"https:\/\/www.travel3.com.br\/site\/wp-content\/uploads\/2022\/09\/Caroline-Putnoki.jpg\",\"keywords\":[\"Atout France\",\"Caroline Putnoki\",\"France Excellence\",\"france excellence 2024\"],\"articleSection\":[\"Acontece no Turismo\",\"Eventos e Feiras\"],\"inLanguage\":\"pt-BR\",\"potentialAction\":[{\"@type\":\"CommentAction\",\"name\":\"Comment\",\"target\":[\"https:\/\/www.travel3.com.br\/site\/acontece-no-turismo\/france-excellence-destaca-sustentabilidade-em-2024\/#respond\"]}]},{\"@type\":\"WebPage\",\"@id\":\"https:\/\/www.travel3.com.br\/site\/acontece-no-turismo\/france-excellence-destaca-sustentabilidade-em-2024\/\",\"url\":\"https:\/\/www.travel3.com.br\/site\/acontece-no-turismo\/france-excellence-destaca-sustentabilidade-em-2024\/\",\"name\":\"France Excellence destaca sustentabilidade em 2024 - Travel3\",\"isPartOf\":{\"@id\":\"https:\/\/www.travel3.com.br\/site\/#website\"},\"primaryImageOfPage\":{\"@id\":\"https:\/\/www.travel3.com.br\/site\/acontece-no-turismo\/france-excellence-destaca-sustentabilidade-em-2024\/#primaryimage\"},\"image\":{\"@id\":\"https:\/\/www.travel3.com.br\/site\/acontece-no-turismo\/france-excellence-destaca-sustentabilidade-em-2024\/#primaryimage\"},\"thumbnailUrl\":\"https:\/\/www.travel3.com.br\/site\/wp-content\/uploads\/2022\/09\/Caroline-Putnoki.jpg\",\"datePublished\":\"2024-09-03T21:29:00+00:00\",\"dateModified\":\"2024-09-09T16:11:09+00:00\",\"description\":\"France Excellence destaca sustentabilidade em 2024; Evento da Atout France explora inova\u00e7\u00e3o e estilo de vida em S\u00e3o Paulo\",\"breadcrumb\":{\"@id\":\"https:\/\/www.travel3.com.br\/site\/acontece-no-turismo\/france-excellence-destaca-sustentabilidade-em-2024\/#breadcrumb\"},\"inLanguage\":\"pt-BR\",\"potentialAction\":[{\"@type\":\"ReadAction\",\"target\":[\"https:\/\/www.travel3.com.br\/site\/acontece-no-turismo\/france-excellence-destaca-sustentabilidade-em-2024\/\"]}]},{\"@type\":\"ImageObject\",\"inLanguage\":\"pt-BR\",\"@id\":\"https:\/\/www.travel3.com.br\/site\/acontece-no-turismo\/france-excellence-destaca-sustentabilidade-em-2024\/#primaryimage\",\"url\":\"https:\/\/www.travel3.com.br\/site\/wp-content\/uploads\/2022\/09\/Caroline-Putnoki.jpg\",\"contentUrl\":\"https:\/\/www.travel3.com.br\/site\/wp-content\/uploads\/2022\/09\/Caroline-Putnoki.jpg\",\"width\":1024,\"height\":768,\"caption\":\"Caroline Putnoki, Diretora da Atout France para a Am\u00e9rica Latina (Foto: Caroline Tonaco)\"},{\"@type\":\"BreadcrumbList\",\"@id\":\"https:\/\/www.travel3.com.br\/site\/acontece-no-turismo\/france-excellence-destaca-sustentabilidade-em-2024\/#breadcrumb\",\"itemListElement\":[{\"@type\":\"ListItem\",\"position\":1,\"name\":\"In\u00edcio\",\"item\":\"https:\/\/www.travel3.com.br\/site\/\"},{\"@type\":\"ListItem\",\"position\":2,\"name\":\"France Excellence destaca sustentabilidade em 2024\"}]},{\"@type\":\"WebSite\",\"@id\":\"https:\/\/www.travel3.com.br\/site\/#website\",\"url\":\"https:\/\/www.travel3.com.br\/site\/\",\"name\":\"Travel3\",\"description\":\"Lazer + Neg&oacute;cios + Aventura\",\"publisher\":{\"@id\":\"https:\/\/www.travel3.com.br\/site\/#organization\"},\"potentialAction\":[{\"@type\":\"SearchAction\",\"target\":{\"@type\":\"EntryPoint\",\"urlTemplate\":\"https:\/\/www.travel3.com.br\/site\/?s={search_term_string}\"},\"query-input\":{\"@type\":\"PropertyValueSpecification\",\"valueRequired\":true,\"valueName\":\"search_term_string\"}}],\"inLanguage\":\"pt-BR\"},{\"@type\":\"Organization\",\"@id\":\"https:\/\/www.travel3.com.br\/site\/#organization\",\"name\":\"Travel3\",\"url\":\"https:\/\/www.travel3.com.br\/site\/\",\"logo\":{\"@type\":\"ImageObject\",\"inLanguage\":\"pt-BR\",\"@id\":\"https:\/\/www.travel3.com.br\/site\/#\/schema\/logo\/image\/\",\"url\":\"https:\/\/www.travel3.com.br\/site\/wp-content\/uploads\/2020\/01\/logo-travel3-2020.png\",\"contentUrl\":\"https:\/\/www.travel3.com.br\/site\/wp-content\/uploads\/2020\/01\/logo-travel3-2020.png\",\"width\":232,\"height\":79,\"caption\":\"Travel3\"},\"image\":{\"@id\":\"https:\/\/www.travel3.com.br\/site\/#\/schema\/logo\/image\/\"},\"sameAs\":[\"https:\/\/www.facebook.com\/travel3media\/\",\"https:\/\/www.instagram.com\/revistatravel3\/\",\"https:\/\/www.youtube.com\/channel\/UCno7J4paGBR3VbZQzvoJ9Eg\"]},{\"@type\":\"Person\",\"@id\":\"https:\/\/www.travel3.com.br\/site\/#\/schema\/person\/89251b0320bc67697de92249f97f3fdb\",\"name\":\"Reda\u00e7\u00e3o Travel3\",\"image\":{\"@type\":\"ImageObject\",\"inLanguage\":\"pt-BR\",\"@id\":\"https:\/\/www.travel3.com.br\/site\/#\/schema\/person\/image\/\",\"url\":\"https:\/\/secure.gravatar.com\/avatar\/85a5ec2ad99b1932f671ebf50c117db6?s=96&d=mm&r=g\",\"contentUrl\":\"https:\/\/secure.gravatar.com\/avatar\/85a5ec2ad99b1932f671ebf50c117db6?s=96&d=mm&r=g\",\"caption\":\"Reda\u00e7\u00e3o Travel3\"},\"sameAs\":[\"http:\/\/www.travel3.com.br\/\"],\"url\":\"https:\/\/www.travel3.com.br\/site\/author\/redacao\/\"}]}<\/script>\n<!-- \/ Yoast SEO plugin. -->","yoast_head_json":{"title":"France Excellence destaca sustentabilidade em 2024 - Travel3","description":"France Excellence destaca sustentabilidade em 2024; Evento da Atout France explora inova\u00e7\u00e3o e estilo de vida em S\u00e3o Paulo","robots":{"index":"index","follow":"follow","max-snippet":"max-snippet:-1","max-image-preview":"max-image-preview:large","max-video-preview":"max-video-preview:-1"},"canonical":"https:\/\/www.travel3.com.br\/site\/acontece-no-turismo\/france-excellence-destaca-sustentabilidade-em-2024\/","og_locale":"pt_BR","og_type":"article","og_title":"France Excellence destaca sustentabilidade em 2024 - Travel3","og_description":"France Excellence destaca sustentabilidade em 2024; Evento da Atout France explora inova\u00e7\u00e3o e estilo de vida em S\u00e3o Paulo","og_url":"https:\/\/www.travel3.com.br\/site\/acontece-no-turismo\/france-excellence-destaca-sustentabilidade-em-2024\/","og_site_name":"Travel3","article_publisher":"https:\/\/www.facebook.com\/travel3media\/","article_published_time":"2024-09-03T21:29:00+00:00","article_modified_time":"2024-09-09T16:11:09+00:00","og_image":[{"width":1024,"height":768,"url":"https:\/\/www.travel3.com.br\/site\/wp-content\/uploads\/2022\/09\/Caroline-Putnoki.jpg","type":"image\/jpeg"}],"author":"Reda\u00e7\u00e3o Travel3","twitter_card":"summary_large_image","twitter_misc":{"Escrito por":"Reda\u00e7\u00e3o Travel3","Est. tempo de leitura":"4 minutos"},"schema":{"@context":"https:\/\/schema.org","@graph":[{"@type":"Article","@id":"https:\/\/www.travel3.com.br\/site\/acontece-no-turismo\/france-excellence-destaca-sustentabilidade-em-2024\/#article","isPartOf":{"@id":"https:\/\/www.travel3.com.br\/site\/acontece-no-turismo\/france-excellence-destaca-sustentabilidade-em-2024\/"},"author":{"name":"Reda\u00e7\u00e3o Travel3","@id":"https:\/\/www.travel3.com.br\/site\/#\/schema\/person\/89251b0320bc67697de92249f97f3fdb"},"headline":"France Excellence destaca sustentabilidade em 2024","datePublished":"2024-09-03T21:29:00+00:00","dateModified":"2024-09-09T16:11:09+00:00","mainEntityOfPage":{"@id":"https:\/\/www.travel3.com.br\/site\/acontece-no-turismo\/france-excellence-destaca-sustentabilidade-em-2024\/"},"wordCount":568,"commentCount":0,"publisher":{"@id":"https:\/\/www.travel3.com.br\/site\/#organization"},"image":{"@id":"https:\/\/www.travel3.com.br\/site\/acontece-no-turismo\/france-excellence-destaca-sustentabilidade-em-2024\/#primaryimage"},"thumbnailUrl":"https:\/\/www.travel3.com.br\/site\/wp-content\/uploads\/2022\/09\/Caroline-Putnoki.jpg","keywords":["Atout France","Caroline Putnoki","France Excellence","france excellence 2024"],"articleSection":["Acontece no Turismo","Eventos e Feiras"],"inLanguage":"pt-BR","potentialAction":[{"@type":"CommentAction","name":"Comment","target":["https:\/\/www.travel3.com.br\/site\/acontece-no-turismo\/france-excellence-destaca-sustentabilidade-em-2024\/#respond"]}]},{"@type":"WebPage","@id":"https:\/\/www.travel3.com.br\/site\/acontece-no-turismo\/france-excellence-destaca-sustentabilidade-em-2024\/","url":"https:\/\/www.travel3.com.br\/site\/acontece-no-turismo\/france-excellence-destaca-sustentabilidade-em-2024\/","name":"France Excellence destaca sustentabilidade em 2024 - Travel3","isPartOf":{"@id":"https:\/\/www.travel3.com.br\/site\/#website"},"primaryImageOfPage":{"@id":"https:\/\/www.travel3.com.br\/site\/acontece-no-turismo\/france-excellence-destaca-sustentabilidade-em-2024\/#primaryimage"},"image":{"@id":"https:\/\/www.travel3.com.br\/site\/acontece-no-turismo\/france-excellence-destaca-sustentabilidade-em-2024\/#primaryimage"},"thumbnailUrl":"https:\/\/www.travel3.com.br\/site\/wp-content\/uploads\/2022\/09\/Caroline-Putnoki.jpg","datePublished":"2024-09-03T21:29:00+00:00","dateModified":"2024-09-09T16:11:09+00:00","description":"France Excellence destaca sustentabilidade em 2024; Evento da Atout France explora inova\u00e7\u00e3o e estilo de vida em S\u00e3o Paulo","breadcrumb":{"@id":"https:\/\/www.travel3.com.br\/site\/acontece-no-turismo\/france-excellence-destaca-sustentabilidade-em-2024\/#breadcrumb"},"inLanguage":"pt-BR","potentialAction":[{"@type":"ReadAction","target":["https:\/\/www.travel3.com.br\/site\/acontece-no-turismo\/france-excellence-destaca-sustentabilidade-em-2024\/"]}]},{"@type":"ImageObject","inLanguage":"pt-BR","@id":"https:\/\/www.travel3.com.br\/site\/acontece-no-turismo\/france-excellence-destaca-sustentabilidade-em-2024\/#primaryimage","url":"https:\/\/www.travel3.com.br\/site\/wp-content\/uploads\/2022\/09\/Caroline-Putnoki.jpg","contentUrl":"https:\/\/www.travel3.com.br\/site\/wp-content\/uploads\/2022\/09\/Caroline-Putnoki.jpg","width":1024,"height":768,"caption":"Caroline Putnoki, Diretora da Atout France para a Am\u00e9rica Latina (Foto: Caroline Tonaco)"},{"@type":"BreadcrumbList","@id":"https:\/\/www.travel3.com.br\/site\/acontece-no-turismo\/france-excellence-destaca-sustentabilidade-em-2024\/#breadcrumb","itemListElement":[{"@type":"ListItem","position":1,"name":"In\u00edcio","item":"https:\/\/www.travel3.com.br\/site\/"},{"@type":"ListItem","position":2,"name":"France Excellence destaca sustentabilidade em 2024"}]},{"@type":"WebSite","@id":"https:\/\/www.travel3.com.br\/site\/#website","url":"https:\/\/www.travel3.com.br\/site\/","name":"Travel3","description":"Lazer + Neg&oacute;cios + Aventura","publisher":{"@id":"https:\/\/www.travel3.com.br\/site\/#organization"},"potentialAction":[{"@type":"SearchAction","target":{"@type":"EntryPoint","urlTemplate":"https:\/\/www.travel3.com.br\/site\/?s={search_term_string}"},"query-input":{"@type":"PropertyValueSpecification","valueRequired":true,"valueName":"search_term_string"}}],"inLanguage":"pt-BR"},{"@type":"Organization","@id":"https:\/\/www.travel3.com.br\/site\/#organization","name":"Travel3","url":"https:\/\/www.travel3.com.br\/site\/","logo":{"@type":"ImageObject","inLanguage":"pt-BR","@id":"https:\/\/www.travel3.com.br\/site\/#\/schema\/logo\/image\/","url":"https:\/\/www.travel3.com.br\/site\/wp-content\/uploads\/2020\/01\/logo-travel3-2020.png","contentUrl":"https:\/\/www.travel3.com.br\/site\/wp-content\/uploads\/2020\/01\/logo-travel3-2020.png","width":232,"height":79,"caption":"Travel3"},"image":{"@id":"https:\/\/www.travel3.com.br\/site\/#\/schema\/logo\/image\/"},"sameAs":["https:\/\/www.facebook.com\/travel3media\/","https:\/\/www.instagram.com\/revistatravel3\/","https:\/\/www.youtube.com\/channel\/UCno7J4paGBR3VbZQzvoJ9Eg"]},{"@type":"Person","@id":"https:\/\/www.travel3.com.br\/site\/#\/schema\/person\/89251b0320bc67697de92249f97f3fdb","name":"Reda\u00e7\u00e3o Travel3","image":{"@type":"ImageObject","inLanguage":"pt-BR","@id":"https:\/\/www.travel3.com.br\/site\/#\/schema\/person\/image\/","url":"https:\/\/secure.gravatar.com\/avatar\/85a5ec2ad99b1932f671ebf50c117db6?s=96&d=mm&r=g","contentUrl":"https:\/\/secure.gravatar.com\/avatar\/85a5ec2ad99b1932f671ebf50c117db6?s=96&d=mm&r=g","caption":"Reda\u00e7\u00e3o Travel3"},"sameAs":["http:\/\/www.travel3.com.br\/"],"url":"https:\/\/www.travel3.com.br\/site\/author\/redacao\/"}]}},"_links":{"self":[{"href":"https:\/\/www.travel3.com.br\/site\/wp-json\/wp\/v2\/posts\/71050","targetHints":{"allow":["GET"]}}],"collection":[{"href":"https:\/\/www.travel3.com.br\/site\/wp-json\/wp\/v2\/posts"}],"about":[{"href":"https:\/\/www.travel3.com.br\/site\/wp-json\/wp\/v2\/types\/post"}],"author":[{"embeddable":true,"href":"https:\/\/www.travel3.com.br\/site\/wp-json\/wp\/v2\/users\/5"}],"replies":[{"embeddable":true,"href":"https:\/\/www.travel3.com.br\/site\/wp-json\/wp\/v2\/comments?post=71050"}],"version-history":[{"count":7,"href":"https:\/\/www.travel3.com.br\/site\/wp-json\/wp\/v2\/posts\/71050\/revisions"}],"predecessor-version":[{"id":71060,"href":"https:\/\/www.travel3.com.br\/site\/wp-json\/wp\/v2\/posts\/71050\/revisions\/71060"}],"wp:featuredmedia":[{"embeddable":true,"href":"https:\/\/www.travel3.com.br\/site\/wp-json\/wp\/v2\/media\/52190"}],"wp:attachment":[{"href":"https:\/\/www.travel3.com.br\/site\/wp-json\/wp\/v2\/media?parent=71050"}],"wp:term":[{"taxonomy":"category","embeddable":true,"href":"https:\/\/www.travel3.com.br\/site\/wp-json\/wp\/v2\/categories?post=71050"},{"taxonomy":"post_tag","embeddable":true,"href":"https:\/\/www.travel3.com.br\/site\/wp-json\/wp\/v2\/tags?post=71050"}],"curies":[{"name":"wp","href":"https:\/\/api.w.org\/{rel}","templated":true}]}}