{"id":70595,"date":"2024-08-15T09:19:35","date_gmt":"2024-08-15T12:19:35","guid":{"rendered":"https:\/\/www.travel3.com.br\/?p=70595"},"modified":"2024-08-15T09:19:40","modified_gmt":"2024-08-15T12:19:40","slug":"governo-de-minas-anuncia-carnaval-da-liberdade-2025","status":"publish","type":"post","link":"https:\/\/www.travel3.com.br\/site\/acontece-no-turismo\/governo-de-minas-anuncia-carnaval-da-liberdade-2025\/","title":{"rendered":"Governo de Minas anuncia Carnaval da Liberdade 2025"},"content":{"rendered":"\n<h2 class=\"wp-block-heading\">Estado promove investimentos e a\u00e7\u00f5es para fortalecer a folia<\/h2>\n\n\n\n<p>O Governo de Minas, por meio da <strong><a href=\"https:\/\/www.secult.mg.gov.br\/\" target=\"_blank\" rel=\"noreferrer noopener\">Secretaria de Estado de Cultura e Turismo<\/a> <\/strong>(Secult), anunciou nesta quarta-feira (14\/8), no Pal\u00e1cio da Liberdade, uma s\u00e9rie de iniciativas para o Carnaval da Liberdade 2025. As a\u00e7\u00f5es visam consolidar o evento como uma pol\u00edtica p\u00fablica de Estado, com destaque para o lan\u00e7amento de um edital in\u00e9dito voltado ao pr\u00e9-Carnaval, no valor de R$ 4 milh\u00f5es. Este edital financiar\u00e1 cursos e oficinas que buscam qualificar o Carnaval mineiro, em parceria com a Cemig, Codemge, CDL-BH e Sebrae.<\/p>\n\n\n\n<p>A secret\u00e1ria adjunta de Estado de Comunica\u00e7\u00e3o Social, B\u00e1rbara Botega, ressaltou que o investimento \u00e9 pioneiro e garante a profissionaliza\u00e7\u00e3o do evento. Segundo Botega, os recursos permitir\u00e3o que blocos e atra\u00e7\u00f5es carnavalescas invistam em atividades culturais e ensaios, elevando o n\u00edvel da festividade.<\/p>\n\n\n\n<p>O edital destinar\u00e1 R$ 4 milh\u00f5es para projetos em cidades mineiras, com foco em ensaios abertos e forma\u00e7\u00f5es, atendendo a crit\u00e9rios que assegurem o acesso a pre\u00e7os populares ou gratuitos. As inscri\u00e7\u00f5es abrem na pr\u00f3xima segunda-feira (19\/8) e v\u00e3o at\u00e9 10\/10\/2024, \u00e0s 23h59.<\/p>\n\n\n\n<h3 class=\"wp-block-heading\">Travel Next Minas promover\u00e1 o Carnaval, o turismo e neg\u00f3cios para o Estado<\/h3>\n\n\n\n<p>Al\u00e9m disso, entre os dias 16 e 17\/8, o Carnaval da Liberdade 2025 ser\u00e1 promovido na segunda edi\u00e7\u00e3o da <strong><a href=\"https:\/\/www.travel3.com.br\/acontece-no-turismo\/destinos-internacionais-confirmam-presenca-na-travel-next-minas\/\" target=\"_blank\" rel=\"noreferrer noopener\">Travel Next Minas<\/a><\/strong>, no Expominas, em Belo Horizonte. O evento contar\u00e1 com a participa\u00e7\u00e3o de representantes de blocos, ligas e escolas de samba de Minas Gerais, oferecendo uma plataforma para o aumento de oportunidades de neg\u00f3cios e amplia\u00e7\u00e3o da visibilidade da cultura mineira.<\/p>\n\n\n\n<p>A subsecret\u00e1ria de Turismo, Patr\u00edcia Moreira, afirmou que a <strong>Travel Next Minas<\/strong> \u00e9 uma feira internacional com a\u00e7\u00f5es distribu\u00eddas em espa\u00e7os como o estande de Minas Gerais, o Audit\u00f3rio Mineiridade, o Palco da Liberdade e a feira &#8220;<strong><em>Meu Neg\u00f3cio \u00c9 Carnaval<\/em><\/strong>&#8220;. A expectativa \u00e9 que o evento re\u00fana at\u00e9 5 mil pessoas e 600 marcas, promovendo a cultura, o turismo e os neg\u00f3cios em Minas Gerais.<\/p>\n\n\n\n<p>A programa\u00e7\u00e3o inclui atividades organizadas pela Secult em parceria com as Inst\u00e2ncias de Governan\u00e7a Regionais (IGRs) e o Sebrae, destacando a diversidade cultural mineira. No estande de Minas Gerais, visitantes ter\u00e3o a oportunidade de conhecer a gastronomia local e as rotas tur\u00edsticas, enquanto o Palco da Liberdade receber\u00e1 chefs renomados para apresenta\u00e7\u00f5es culin\u00e1rias com degusta\u00e7\u00e3o.<\/p>\n\n\n\n<p>No Audit\u00f3rio Mineiridade, ser\u00e3o realizadas apresenta\u00e7\u00f5es de destinos tur\u00edsticos mineiros e capacita\u00e7\u00f5es promovidas pelo Sebrae, que tamb\u00e9m organizar\u00e1 uma rodada de neg\u00f3cios na feira &#8220;<em><strong>Meu Neg\u00f3cio \u00c9 Carnaval<\/strong><\/em>&#8220;. O evento visa fortalecer a profissionaliza\u00e7\u00e3o dos agentes envolvidos no Carnaval, impulsionando a gera\u00e7\u00e3o de emprego e renda em Minas Gerais.<\/p>\n","protected":false},"excerpt":{"rendered":"<p>Estado promove investimentos e a\u00e7\u00f5es para fortalecer a folia<\/p>\n","protected":false},"author":6,"featured_media":70596,"comment_status":"open","ping_status":"open","sticky":false,"template":"","format":"standard","meta":{"footnotes":""},"categories":[969],"tags":[6288,4486,6100],"class_list":["post-70595","post","type-post","status-publish","format-standard","has-post-thumbnail","hentry","category-acontece-no-turismo","tag-carnaval-da-liberdade","tag-secult-mg","tag-travel-next-minas"],"yoast_head":"<!-- This site is optimized with the Yoast SEO plugin v26.2 - https:\/\/yoast.com\/wordpress\/plugins\/seo\/ -->\n<title>Governo de Minas anuncia Carnaval da Liberdade 2025 - Travel3<\/title>\n<meta name=\"description\" content=\"Governo de Minas anuncia Carnaval da Liberdade 2025; Estado promove investimentos e a\u00e7\u00f5es para fortalecer a folia\" \/>\n<meta name=\"robots\" content=\"index, follow, max-snippet:-1, max-image-preview:large, max-video-preview:-1\" \/>\n<link rel=\"canonical\" href=\"https:\/\/www.travel3.com.br\/site\/acontece-no-turismo\/governo-de-minas-anuncia-carnaval-da-liberdade-2025\/\" \/>\n<meta property=\"og:locale\" content=\"pt_BR\" \/>\n<meta property=\"og:type\" content=\"article\" \/>\n<meta property=\"og:title\" content=\"Governo de Minas anuncia Carnaval da Liberdade 2025 - Travel3\" \/>\n<meta property=\"og:description\" content=\"Governo de Minas anuncia Carnaval da Liberdade 2025; Estado promove investimentos e a\u00e7\u00f5es para fortalecer a folia\" \/>\n<meta property=\"og:url\" content=\"https:\/\/www.travel3.com.br\/site\/acontece-no-turismo\/governo-de-minas-anuncia-carnaval-da-liberdade-2025\/\" \/>\n<meta property=\"og:site_name\" content=\"Travel3\" \/>\n<meta property=\"article:publisher\" content=\"https:\/\/www.facebook.com\/travel3media\/\" \/>\n<meta property=\"article:published_time\" content=\"2024-08-15T12:19:35+00:00\" \/>\n<meta property=\"article:modified_time\" content=\"2024-08-15T12:19:40+00:00\" \/>\n<meta property=\"og:image\" content=\"https:\/\/www.travel3.com.br\/site\/wp-content\/uploads\/2024\/08\/Carnaval-da-Liberdade_Easy-Resize.com-1.jpg\" \/>\n\t<meta property=\"og:image:width\" content=\"1280\" \/>\n\t<meta property=\"og:image:height\" content=\"852\" \/>\n\t<meta property=\"og:image:type\" content=\"image\/jpeg\" \/>\n<meta name=\"author\" content=\"Reda\u00e7\u00e3o Travel3\" \/>\n<meta name=\"twitter:card\" content=\"summary_large_image\" \/>\n<meta name=\"twitter:label1\" content=\"Escrito por\" \/>\n\t<meta name=\"twitter:data1\" content=\"Reda\u00e7\u00e3o Travel3\" \/>\n\t<meta name=\"twitter:label2\" content=\"Est. tempo de leitura\" \/>\n\t<meta name=\"twitter:data2\" content=\"3 minutos\" \/>\n<script type=\"application\/ld+json\" class=\"yoast-schema-graph\">{\"@context\":\"https:\/\/schema.org\",\"@graph\":[{\"@type\":\"Article\",\"@id\":\"https:\/\/www.travel3.com.br\/site\/acontece-no-turismo\/governo-de-minas-anuncia-carnaval-da-liberdade-2025\/#article\",\"isPartOf\":{\"@id\":\"https:\/\/www.travel3.com.br\/site\/acontece-no-turismo\/governo-de-minas-anuncia-carnaval-da-liberdade-2025\/\"},\"author\":{\"name\":\"Reda\u00e7\u00e3o Travel3\",\"@id\":\"https:\/\/www.travel3.com.br\/site\/#\/schema\/person\/9cff8daac0a2f1aa0799f827b8aa8308\"},\"headline\":\"Governo de Minas anuncia Carnaval da Liberdade 2025\",\"datePublished\":\"2024-08-15T12:19:35+00:00\",\"dateModified\":\"2024-08-15T12:19:40+00:00\",\"mainEntityOfPage\":{\"@id\":\"https:\/\/www.travel3.com.br\/site\/acontece-no-turismo\/governo-de-minas-anuncia-carnaval-da-liberdade-2025\/\"},\"wordCount\":472,\"commentCount\":0,\"publisher\":{\"@id\":\"https:\/\/www.travel3.com.br\/site\/#organization\"},\"image\":{\"@id\":\"https:\/\/www.travel3.com.br\/site\/acontece-no-turismo\/governo-de-minas-anuncia-carnaval-da-liberdade-2025\/#primaryimage\"},\"thumbnailUrl\":\"https:\/\/www.travel3.com.br\/site\/wp-content\/uploads\/2024\/08\/Carnaval-da-Liberdade_Easy-Resize.com-1.jpg\",\"keywords\":[\"Carnaval da Liberdade\",\"Secult MG\",\"travel next minas\"],\"articleSection\":[\"Acontece no Turismo\"],\"inLanguage\":\"pt-BR\",\"potentialAction\":[{\"@type\":\"CommentAction\",\"name\":\"Comment\",\"target\":[\"https:\/\/www.travel3.com.br\/site\/acontece-no-turismo\/governo-de-minas-anuncia-carnaval-da-liberdade-2025\/#respond\"]}]},{\"@type\":\"WebPage\",\"@id\":\"https:\/\/www.travel3.com.br\/site\/acontece-no-turismo\/governo-de-minas-anuncia-carnaval-da-liberdade-2025\/\",\"url\":\"https:\/\/www.travel3.com.br\/site\/acontece-no-turismo\/governo-de-minas-anuncia-carnaval-da-liberdade-2025\/\",\"name\":\"Governo de Minas anuncia Carnaval da Liberdade 2025 - Travel3\",\"isPartOf\":{\"@id\":\"https:\/\/www.travel3.com.br\/site\/#website\"},\"primaryImageOfPage\":{\"@id\":\"https:\/\/www.travel3.com.br\/site\/acontece-no-turismo\/governo-de-minas-anuncia-carnaval-da-liberdade-2025\/#primaryimage\"},\"image\":{\"@id\":\"https:\/\/www.travel3.com.br\/site\/acontece-no-turismo\/governo-de-minas-anuncia-carnaval-da-liberdade-2025\/#primaryimage\"},\"thumbnailUrl\":\"https:\/\/www.travel3.com.br\/site\/wp-content\/uploads\/2024\/08\/Carnaval-da-Liberdade_Easy-Resize.com-1.jpg\",\"datePublished\":\"2024-08-15T12:19:35+00:00\",\"dateModified\":\"2024-08-15T12:19:40+00:00\",\"description\":\"Governo de Minas anuncia Carnaval da Liberdade 2025; Estado promove investimentos e a\u00e7\u00f5es para fortalecer a folia\",\"breadcrumb\":{\"@id\":\"https:\/\/www.travel3.com.br\/site\/acontece-no-turismo\/governo-de-minas-anuncia-carnaval-da-liberdade-2025\/#breadcrumb\"},\"inLanguage\":\"pt-BR\",\"potentialAction\":[{\"@type\":\"ReadAction\",\"target\":[\"https:\/\/www.travel3.com.br\/site\/acontece-no-turismo\/governo-de-minas-anuncia-carnaval-da-liberdade-2025\/\"]}]},{\"@type\":\"ImageObject\",\"inLanguage\":\"pt-BR\",\"@id\":\"https:\/\/www.travel3.com.br\/site\/acontece-no-turismo\/governo-de-minas-anuncia-carnaval-da-liberdade-2025\/#primaryimage\",\"url\":\"https:\/\/www.travel3.com.br\/site\/wp-content\/uploads\/2024\/08\/Carnaval-da-Liberdade_Easy-Resize.com-1.jpg\",\"contentUrl\":\"https:\/\/www.travel3.com.br\/site\/wp-content\/uploads\/2024\/08\/Carnaval-da-Liberdade_Easy-Resize.com-1.jpg\",\"width\":1280,\"height\":852,\"caption\":\"A\u00e7\u00f5es para o Carnaval da Liberdade foram anunciadas durante solenidade no Pal\u00e1cio da Liberdade (Foto: Leo Bicalho\/Divulga\u00e7\u00e3o)\"},{\"@type\":\"BreadcrumbList\",\"@id\":\"https:\/\/www.travel3.com.br\/site\/acontece-no-turismo\/governo-de-minas-anuncia-carnaval-da-liberdade-2025\/#breadcrumb\",\"itemListElement\":[{\"@type\":\"ListItem\",\"position\":1,\"name\":\"In\u00edcio\",\"item\":\"https:\/\/www.travel3.com.br\/site\/\"},{\"@type\":\"ListItem\",\"position\":2,\"name\":\"Governo de Minas anuncia Carnaval da Liberdade 2025\"}]},{\"@type\":\"WebSite\",\"@id\":\"https:\/\/www.travel3.com.br\/site\/#website\",\"url\":\"https:\/\/www.travel3.com.br\/site\/\",\"name\":\"Travel3\",\"description\":\"Lazer + Neg&oacute;cios + Aventura\",\"publisher\":{\"@id\":\"https:\/\/www.travel3.com.br\/site\/#organization\"},\"potentialAction\":[{\"@type\":\"SearchAction\",\"target\":{\"@type\":\"EntryPoint\",\"urlTemplate\":\"https:\/\/www.travel3.com.br\/site\/?s={search_term_string}\"},\"query-input\":{\"@type\":\"PropertyValueSpecification\",\"valueRequired\":true,\"valueName\":\"search_term_string\"}}],\"inLanguage\":\"pt-BR\"},{\"@type\":\"Organization\",\"@id\":\"https:\/\/www.travel3.com.br\/site\/#organization\",\"name\":\"Travel3\",\"url\":\"https:\/\/www.travel3.com.br\/site\/\",\"logo\":{\"@type\":\"ImageObject\",\"inLanguage\":\"pt-BR\",\"@id\":\"https:\/\/www.travel3.com.br\/site\/#\/schema\/logo\/image\/\",\"url\":\"https:\/\/www.travel3.com.br\/site\/wp-content\/uploads\/2020\/01\/logo-travel3-2020.png\",\"contentUrl\":\"https:\/\/www.travel3.com.br\/site\/wp-content\/uploads\/2020\/01\/logo-travel3-2020.png\",\"width\":232,\"height\":79,\"caption\":\"Travel3\"},\"image\":{\"@id\":\"https:\/\/www.travel3.com.br\/site\/#\/schema\/logo\/image\/\"},\"sameAs\":[\"https:\/\/www.facebook.com\/travel3media\/\",\"https:\/\/www.instagram.com\/revistatravel3\/\",\"https:\/\/www.youtube.com\/channel\/UCno7J4paGBR3VbZQzvoJ9Eg\"]},{\"@type\":\"Person\",\"@id\":\"https:\/\/www.travel3.com.br\/site\/#\/schema\/person\/9cff8daac0a2f1aa0799f827b8aa8308\",\"name\":\"Reda\u00e7\u00e3o Travel3\",\"image\":{\"@type\":\"ImageObject\",\"inLanguage\":\"pt-BR\",\"@id\":\"https:\/\/www.travel3.com.br\/site\/#\/schema\/person\/image\/\",\"url\":\"https:\/\/secure.gravatar.com\/avatar\/6e6125525e1f04b7b8c607d71556e490?s=96&d=mm&r=g\",\"contentUrl\":\"https:\/\/secure.gravatar.com\/avatar\/6e6125525e1f04b7b8c607d71556e490?s=96&d=mm&r=g\",\"caption\":\"Reda\u00e7\u00e3o Travel3\"},\"sameAs\":[\"http:\/\/www.travel3.com.br\"],\"url\":\"https:\/\/www.travel3.com.br\/site\/author\/redacao2\/\"}]}<\/script>\n<!-- \/ Yoast SEO plugin. -->","yoast_head_json":{"title":"Governo de Minas anuncia Carnaval da Liberdade 2025 - Travel3","description":"Governo de Minas anuncia Carnaval da Liberdade 2025; Estado promove investimentos e a\u00e7\u00f5es para fortalecer a folia","robots":{"index":"index","follow":"follow","max-snippet":"max-snippet:-1","max-image-preview":"max-image-preview:large","max-video-preview":"max-video-preview:-1"},"canonical":"https:\/\/www.travel3.com.br\/site\/acontece-no-turismo\/governo-de-minas-anuncia-carnaval-da-liberdade-2025\/","og_locale":"pt_BR","og_type":"article","og_title":"Governo de Minas anuncia Carnaval da Liberdade 2025 - Travel3","og_description":"Governo de Minas anuncia Carnaval da Liberdade 2025; Estado promove investimentos e a\u00e7\u00f5es para fortalecer a folia","og_url":"https:\/\/www.travel3.com.br\/site\/acontece-no-turismo\/governo-de-minas-anuncia-carnaval-da-liberdade-2025\/","og_site_name":"Travel3","article_publisher":"https:\/\/www.facebook.com\/travel3media\/","article_published_time":"2024-08-15T12:19:35+00:00","article_modified_time":"2024-08-15T12:19:40+00:00","og_image":[{"width":1280,"height":852,"url":"https:\/\/www.travel3.com.br\/site\/wp-content\/uploads\/2024\/08\/Carnaval-da-Liberdade_Easy-Resize.com-1.jpg","type":"image\/jpeg"}],"author":"Reda\u00e7\u00e3o Travel3","twitter_card":"summary_large_image","twitter_misc":{"Escrito por":"Reda\u00e7\u00e3o Travel3","Est. tempo de leitura":"3 minutos"},"schema":{"@context":"https:\/\/schema.org","@graph":[{"@type":"Article","@id":"https:\/\/www.travel3.com.br\/site\/acontece-no-turismo\/governo-de-minas-anuncia-carnaval-da-liberdade-2025\/#article","isPartOf":{"@id":"https:\/\/www.travel3.com.br\/site\/acontece-no-turismo\/governo-de-minas-anuncia-carnaval-da-liberdade-2025\/"},"author":{"name":"Reda\u00e7\u00e3o Travel3","@id":"https:\/\/www.travel3.com.br\/site\/#\/schema\/person\/9cff8daac0a2f1aa0799f827b8aa8308"},"headline":"Governo de Minas anuncia Carnaval da Liberdade 2025","datePublished":"2024-08-15T12:19:35+00:00","dateModified":"2024-08-15T12:19:40+00:00","mainEntityOfPage":{"@id":"https:\/\/www.travel3.com.br\/site\/acontece-no-turismo\/governo-de-minas-anuncia-carnaval-da-liberdade-2025\/"},"wordCount":472,"commentCount":0,"publisher":{"@id":"https:\/\/www.travel3.com.br\/site\/#organization"},"image":{"@id":"https:\/\/www.travel3.com.br\/site\/acontece-no-turismo\/governo-de-minas-anuncia-carnaval-da-liberdade-2025\/#primaryimage"},"thumbnailUrl":"https:\/\/www.travel3.com.br\/site\/wp-content\/uploads\/2024\/08\/Carnaval-da-Liberdade_Easy-Resize.com-1.jpg","keywords":["Carnaval da Liberdade","Secult MG","travel next minas"],"articleSection":["Acontece no Turismo"],"inLanguage":"pt-BR","potentialAction":[{"@type":"CommentAction","name":"Comment","target":["https:\/\/www.travel3.com.br\/site\/acontece-no-turismo\/governo-de-minas-anuncia-carnaval-da-liberdade-2025\/#respond"]}]},{"@type":"WebPage","@id":"https:\/\/www.travel3.com.br\/site\/acontece-no-turismo\/governo-de-minas-anuncia-carnaval-da-liberdade-2025\/","url":"https:\/\/www.travel3.com.br\/site\/acontece-no-turismo\/governo-de-minas-anuncia-carnaval-da-liberdade-2025\/","name":"Governo de Minas anuncia Carnaval da Liberdade 2025 - Travel3","isPartOf":{"@id":"https:\/\/www.travel3.com.br\/site\/#website"},"primaryImageOfPage":{"@id":"https:\/\/www.travel3.com.br\/site\/acontece-no-turismo\/governo-de-minas-anuncia-carnaval-da-liberdade-2025\/#primaryimage"},"image":{"@id":"https:\/\/www.travel3.com.br\/site\/acontece-no-turismo\/governo-de-minas-anuncia-carnaval-da-liberdade-2025\/#primaryimage"},"thumbnailUrl":"https:\/\/www.travel3.com.br\/site\/wp-content\/uploads\/2024\/08\/Carnaval-da-Liberdade_Easy-Resize.com-1.jpg","datePublished":"2024-08-15T12:19:35+00:00","dateModified":"2024-08-15T12:19:40+00:00","description":"Governo de Minas anuncia Carnaval da Liberdade 2025; Estado promove investimentos e a\u00e7\u00f5es para fortalecer a folia","breadcrumb":{"@id":"https:\/\/www.travel3.com.br\/site\/acontece-no-turismo\/governo-de-minas-anuncia-carnaval-da-liberdade-2025\/#breadcrumb"},"inLanguage":"pt-BR","potentialAction":[{"@type":"ReadAction","target":["https:\/\/www.travel3.com.br\/site\/acontece-no-turismo\/governo-de-minas-anuncia-carnaval-da-liberdade-2025\/"]}]},{"@type":"ImageObject","inLanguage":"pt-BR","@id":"https:\/\/www.travel3.com.br\/site\/acontece-no-turismo\/governo-de-minas-anuncia-carnaval-da-liberdade-2025\/#primaryimage","url":"https:\/\/www.travel3.com.br\/site\/wp-content\/uploads\/2024\/08\/Carnaval-da-Liberdade_Easy-Resize.com-1.jpg","contentUrl":"https:\/\/www.travel3.com.br\/site\/wp-content\/uploads\/2024\/08\/Carnaval-da-Liberdade_Easy-Resize.com-1.jpg","width":1280,"height":852,"caption":"A\u00e7\u00f5es para o Carnaval da Liberdade foram anunciadas durante solenidade no Pal\u00e1cio da Liberdade (Foto: Leo Bicalho\/Divulga\u00e7\u00e3o)"},{"@type":"BreadcrumbList","@id":"https:\/\/www.travel3.com.br\/site\/acontece-no-turismo\/governo-de-minas-anuncia-carnaval-da-liberdade-2025\/#breadcrumb","itemListElement":[{"@type":"ListItem","position":1,"name":"In\u00edcio","item":"https:\/\/www.travel3.com.br\/site\/"},{"@type":"ListItem","position":2,"name":"Governo de Minas anuncia Carnaval da Liberdade 2025"}]},{"@type":"WebSite","@id":"https:\/\/www.travel3.com.br\/site\/#website","url":"https:\/\/www.travel3.com.br\/site\/","name":"Travel3","description":"Lazer + Neg&oacute;cios + Aventura","publisher":{"@id":"https:\/\/www.travel3.com.br\/site\/#organization"},"potentialAction":[{"@type":"SearchAction","target":{"@type":"EntryPoint","urlTemplate":"https:\/\/www.travel3.com.br\/site\/?s={search_term_string}"},"query-input":{"@type":"PropertyValueSpecification","valueRequired":true,"valueName":"search_term_string"}}],"inLanguage":"pt-BR"},{"@type":"Organization","@id":"https:\/\/www.travel3.com.br\/site\/#organization","name":"Travel3","url":"https:\/\/www.travel3.com.br\/site\/","logo":{"@type":"ImageObject","inLanguage":"pt-BR","@id":"https:\/\/www.travel3.com.br\/site\/#\/schema\/logo\/image\/","url":"https:\/\/www.travel3.com.br\/site\/wp-content\/uploads\/2020\/01\/logo-travel3-2020.png","contentUrl":"https:\/\/www.travel3.com.br\/site\/wp-content\/uploads\/2020\/01\/logo-travel3-2020.png","width":232,"height":79,"caption":"Travel3"},"image":{"@id":"https:\/\/www.travel3.com.br\/site\/#\/schema\/logo\/image\/"},"sameAs":["https:\/\/www.facebook.com\/travel3media\/","https:\/\/www.instagram.com\/revistatravel3\/","https:\/\/www.youtube.com\/channel\/UCno7J4paGBR3VbZQzvoJ9Eg"]},{"@type":"Person","@id":"https:\/\/www.travel3.com.br\/site\/#\/schema\/person\/9cff8daac0a2f1aa0799f827b8aa8308","name":"Reda\u00e7\u00e3o Travel3","image":{"@type":"ImageObject","inLanguage":"pt-BR","@id":"https:\/\/www.travel3.com.br\/site\/#\/schema\/person\/image\/","url":"https:\/\/secure.gravatar.com\/avatar\/6e6125525e1f04b7b8c607d71556e490?s=96&d=mm&r=g","contentUrl":"https:\/\/secure.gravatar.com\/avatar\/6e6125525e1f04b7b8c607d71556e490?s=96&d=mm&r=g","caption":"Reda\u00e7\u00e3o Travel3"},"sameAs":["http:\/\/www.travel3.com.br"],"url":"https:\/\/www.travel3.com.br\/site\/author\/redacao2\/"}]}},"_links":{"self":[{"href":"https:\/\/www.travel3.com.br\/site\/wp-json\/wp\/v2\/posts\/70595","targetHints":{"allow":["GET"]}}],"collection":[{"href":"https:\/\/www.travel3.com.br\/site\/wp-json\/wp\/v2\/posts"}],"about":[{"href":"https:\/\/www.travel3.com.br\/site\/wp-json\/wp\/v2\/types\/post"}],"author":[{"embeddable":true,"href":"https:\/\/www.travel3.com.br\/site\/wp-json\/wp\/v2\/users\/6"}],"replies":[{"embeddable":true,"href":"https:\/\/www.travel3.com.br\/site\/wp-json\/wp\/v2\/comments?post=70595"}],"version-history":[{"count":4,"href":"https:\/\/www.travel3.com.br\/site\/wp-json\/wp\/v2\/posts\/70595\/revisions"}],"predecessor-version":[{"id":70602,"href":"https:\/\/www.travel3.com.br\/site\/wp-json\/wp\/v2\/posts\/70595\/revisions\/70602"}],"wp:featuredmedia":[{"embeddable":true,"href":"https:\/\/www.travel3.com.br\/site\/wp-json\/wp\/v2\/media\/70596"}],"wp:attachment":[{"href":"https:\/\/www.travel3.com.br\/site\/wp-json\/wp\/v2\/media?parent=70595"}],"wp:term":[{"taxonomy":"category","embeddable":true,"href":"https:\/\/www.travel3.com.br\/site\/wp-json\/wp\/v2\/categories?post=70595"},{"taxonomy":"post_tag","embeddable":true,"href":"https:\/\/www.travel3.com.br\/site\/wp-json\/wp\/v2\/tags?post=70595"}],"curies":[{"name":"wp","href":"https:\/\/api.w.org\/{rel}","templated":true}]}}