{"id":69585,"date":"2024-07-01T07:59:00","date_gmt":"2024-07-01T10:59:00","guid":{"rendered":"https:\/\/www.travel3.com.br\/?p=69585"},"modified":"2024-06-30T13:41:21","modified_gmt":"2024-06-30T16:41:21","slug":"jardin-escondido-by-coppola-e-perfeito-para-dias-em-buenos-aires","status":"publish","type":"post","link":"https:\/\/www.travel3.com.br\/site\/hotel\/jardin-escondido-by-coppola-e-perfeito-para-dias-em-buenos-aires\/","title":{"rendered":"Jard\u00edn Escondido by Coppola \u00e9 perfeito para dias em Buenos Aires"},"content":{"rendered":"\n<h2 class=\"wp-block-heading\">Hotel re\u00fane tranquilidade e charme na capital argentina<\/h2>\n\n\n\n<p>Para quem deseja passar dias em Buenos Aires e aproveitar o variado mix de cultura, arquitetura e gastronomia que a cidade oferece, o <strong><a href=\"https:\/\/www.instagram.com\/jardinescondidobycoppola\" target=\"_blank\" rel=\"noreferrer noopener\">Jard\u00edn Escondido by Coppola<\/a><\/strong> \u00e9 uma boa e diferenciada op\u00e7\u00e3o de hospedagem. O hotel fica no cora\u00e7\u00e3o de Palermo Soho, regi\u00e3o repleta de restaurantes, caf\u00e9s e boutiques de designers independentes. <\/p>\n\n\n\n<p>Ao entrar no Jard\u00edn Escondido, o h\u00f3spede esquece a agita\u00e7\u00e3o da capital argentina e encontra um ambiente tranquilo, sofisticado e repleto de verde. Isso faz dele um ponto de partida perfeito para explorar Buenos Aires e a diversidade de paisagens naturais da <strong><a href=\"https:\/\/www.travel3.com.br\/destinos\/salta-na-argentina-e-o-destino-do-momento\/\" target=\"_blank\" rel=\"noreferrer noopener\">Argentina<\/a><\/strong>, que v\u00e3o desde cachoeiras tropicais no norte at\u00e9 geleiras no sul.<\/p>\n\n\n\n<div class=\"wp-block-image\"><figure class=\"aligncenter size-large is-resized\"><img loading=\"lazy\" decoding=\"async\" src=\"https:\/\/www.travel3.com.br\/site\/wp-content\/uploads\/2024\/06\/JE20240122_123002_Easy-Resize.com-1-576x1024.jpg\" alt=\"Jard\u00ednEscondido by Coppola\" class=\"wp-image-69587\" width=\"502\" height=\"893\" srcset=\"https:\/\/www.travel3.com.br\/site\/wp-content\/uploads\/2024\/06\/JE20240122_123002_Easy-Resize.com-1-576x1024.jpg 576w, https:\/\/www.travel3.com.br\/site\/wp-content\/uploads\/2024\/06\/JE20240122_123002_Easy-Resize.com-1-169x300.jpg 169w, https:\/\/www.travel3.com.br\/site\/wp-content\/uploads\/2024\/06\/JE20240122_123002_Easy-Resize.com-1-150x267.jpg 150w, https:\/\/www.travel3.com.br\/site\/wp-content\/uploads\/2024\/06\/JE20240122_123002_Easy-Resize.com-1.jpg 720w\" sizes=\"auto, (max-width: 502px) 100vw, 502px\" \/><figcaption>Foto: Divulga\u00e7\u00e3o<\/figcaption><\/figure><\/div>\n\n\n\n<h3 class=\"wp-block-heading\">Hist\u00f3ria<\/h3>\n\n\n\n<p>O cineasta <strong>Francis Ford Coppola<\/strong> viveu alguns anos no local enquanto escrevia e filmava &#8220;Tetro&#8221; em 2009. Ele aprecia a cultura, a comida e as tradi\u00e7\u00f5es argentinas. O Jard\u00edn Escondido serve como sua resid\u00eancia em Buenos Aires, onde ele descansa, escreve e desfruta de bons vinhos. O hotel j\u00e1 hospedou celebridades como Al Pacino e Robert De Niro.<\/p>\n\n\n\n<div class=\"wp-block-image\"><figure class=\"aligncenter size-large is-resized\"><img loading=\"lazy\" decoding=\"async\" src=\"https:\/\/www.travel3.com.br\/site\/wp-content\/uploads\/2024\/06\/JEScreenshot_20240130_114059_Instagram_Easy-Resize.com_-836x1024.jpg\" alt=\"Jard\u00ednEscondido by Coppola\" class=\"wp-image-69589\" width=\"515\" height=\"631\" srcset=\"https:\/\/www.travel3.com.br\/site\/wp-content\/uploads\/2024\/06\/JEScreenshot_20240130_114059_Instagram_Easy-Resize.com_-836x1024.jpg 836w, https:\/\/www.travel3.com.br\/site\/wp-content\/uploads\/2024\/06\/JEScreenshot_20240130_114059_Instagram_Easy-Resize.com_-245x300.jpg 245w, https:\/\/www.travel3.com.br\/site\/wp-content\/uploads\/2024\/06\/JEScreenshot_20240130_114059_Instagram_Easy-Resize.com_-768x941.jpg 768w, https:\/\/www.travel3.com.br\/site\/wp-content\/uploads\/2024\/06\/JEScreenshot_20240130_114059_Instagram_Easy-Resize.com_-150x184.jpg 150w, https:\/\/www.travel3.com.br\/site\/wp-content\/uploads\/2024\/06\/JEScreenshot_20240130_114059_Instagram_Easy-Resize.com_-750x919.jpg 750w, https:\/\/www.travel3.com.br\/site\/wp-content\/uploads\/2024\/06\/JEScreenshot_20240130_114059_Instagram_Easy-Resize.com_.jpg 1045w\" sizes=\"auto, (max-width: 515px) 100vw, 515px\" \/><figcaption>Foto: Divulga\u00e7\u00e3o<\/figcaption><\/figure><\/div>\n\n\n\n<h3 class=\"wp-block-heading\">Decora\u00e7\u00e3o<\/h3>\n\n\n\n<p>A decora\u00e7\u00e3o do Jard\u00edn Escondido inclui fotografias, m\u00f3veis hist\u00f3ricos, pinturas e esculturas do norte da Argentina, escolhidos por Coppola e sua esposa Eleanor Coppola. Juntamente com o mobili\u00e1rio de design e a decora\u00e7\u00e3o com flores frescas, cria-se um ambiente acolhedor e confort\u00e1vel. <\/p>\n\n\n\n<p>A sala principal possui sof\u00e1s de couro, tapetes artesanais, obras de arte e uma biblioteca de madeira com livros de artistas latino-americanos. Cada quarto \u00e9 \u00fanico, alguns com acesso direto ao jardim, que possui tr\u00eas n\u00edveis com diferentes tipos de plantas e flores.<\/p>\n\n\n\n<div class=\"wp-block-image\"><figure class=\"aligncenter size-large is-resized\"><img loading=\"lazy\" decoding=\"async\" src=\"https:\/\/www.travel3.com.br\/site\/wp-content\/uploads\/2024\/06\/JE20240125_154036_Easy-Resize.com_-1024x768.jpg\" alt=\"Jard\u00edn Escondido by Coppola\" class=\"wp-image-69588\" width=\"735\" height=\"551\" srcset=\"https:\/\/www.travel3.com.br\/site\/wp-content\/uploads\/2024\/06\/JE20240125_154036_Easy-Resize.com_-1024x768.jpg 1024w, https:\/\/www.travel3.com.br\/site\/wp-content\/uploads\/2024\/06\/JE20240125_154036_Easy-Resize.com_-300x225.jpg 300w, https:\/\/www.travel3.com.br\/site\/wp-content\/uploads\/2024\/06\/JE20240125_154036_Easy-Resize.com_-768x576.jpg 768w, https:\/\/www.travel3.com.br\/site\/wp-content\/uploads\/2024\/06\/JE20240125_154036_Easy-Resize.com_-150x113.jpg 150w, https:\/\/www.travel3.com.br\/site\/wp-content\/uploads\/2024\/06\/JE20240125_154036_Easy-Resize.com_-750x563.jpg 750w, https:\/\/www.travel3.com.br\/site\/wp-content\/uploads\/2024\/06\/JE20240125_154036_Easy-Resize.com_-1140x855.jpg 1140w, https:\/\/www.travel3.com.br\/site\/wp-content\/uploads\/2024\/06\/JE20240125_154036_Easy-Resize.com_.jpg 1280w\" sizes=\"auto, (max-width: 735px) 100vw, 735px\" \/><figcaption>Su\u00edte do Jard\u00edn Escondido by Coppola (Foto: Divulga\u00e7\u00e3o)<\/figcaption><\/figure><\/div>\n\n\n\n<h3 class=\"wp-block-heading\">Acomoda\u00e7\u00f5es<\/h3>\n\n\n\n<p>O hotel conta com 7 su\u00edtes distribu\u00eddas em diferentes ambientes e andares. A Su\u00edte Francis, a principal, tem acesso direto ao jardim. A Su\u00edte Roman, a segunda maior, possui uma varanda charmosa. Outros quartos homenageiam Eleanor, Sofia e os escritores Julio Cort\u00e1zar e Roberto Bola\u00f1o.<\/p>\n\n\n\n<h3 class=\"wp-block-heading\">Servi\u00e7os e Comodidades<\/h3>\n\n\n\n<p>No Jard\u00edn Escondido, o caf\u00e9 da manh\u00e3 \u00e9 servido sem hor\u00e1rio fixo e pode ser levado ao quarto. As su\u00edtes oferecem bebidas e caf\u00e9s de cortesia. O hotel possui uma videoteca com filmes selecionados pela fam\u00edlia Coppola. O servi\u00e7o de concierge organiza reservas em restaurantes, shows de tango, passeios tur\u00edsticos e atividades diversas, como campos de golfe e p\u00f3lo.<\/p>\n\n\n\n<p>O Jard\u00edn Escondido \u00e9 um ref\u00fagio de tranquilidade com piscina, espa\u00e7o para churrasco argentino, jogos de tabuleiro e uma adega com vinhos de edi\u00e7\u00e3o limitada. <\/p>\n\n\n\n<p>Para mais informa\u00e7\u00f5es, acesse o <strong><a href=\"https:\/\/thefamilycoppolahideaways.com\/resort\/jardin-escondido\/\" target=\"_blank\" rel=\"noreferrer noopener\">site<\/a><\/strong>. <\/p>\n","protected":false},"excerpt":{"rendered":"<p>Hotel re\u00fane tranquilidade e charme na capital argentina<\/p>\n","protected":false},"author":5,"featured_media":69586,"comment_status":"open","ping_status":"open","sticky":false,"template":"","format":"standard","meta":{"footnotes":""},"categories":[167,169],"tags":[1168,1204,6202,6201],"class_list":["post-69585","post","type-post","status-publish","format-standard","has-post-thumbnail","hentry","category-hotel","category-internacional","tag-argentina","tag-buenos-aires","tag-francis-ford-coppola","tag-jardin-escondido-by-coppola"],"yoast_head":"<!-- This site is optimized with the Yoast SEO plugin v26.2 - https:\/\/yoast.com\/wordpress\/plugins\/seo\/ -->\n<title>Jard\u00edn Escondido by Coppola \u00e9 perfeito para dias em Buenos Aires - Travel3<\/title>\n<meta name=\"description\" content=\"Jard\u00edn Escondido by Coppola \u00e9 perfeito para dias em Buenos Aires; Hotel re\u00fane tranquilidade e charme na capital argentina\" \/>\n<meta name=\"robots\" content=\"index, follow, max-snippet:-1, max-image-preview:large, max-video-preview:-1\" \/>\n<link rel=\"canonical\" href=\"https:\/\/www.travel3.com.br\/site\/hotel\/jardin-escondido-by-coppola-e-perfeito-para-dias-em-buenos-aires\/\" \/>\n<meta property=\"og:locale\" content=\"pt_BR\" \/>\n<meta property=\"og:type\" content=\"article\" \/>\n<meta property=\"og:title\" content=\"Jard\u00edn Escondido by Coppola \u00e9 perfeito para dias em Buenos Aires - Travel3\" \/>\n<meta property=\"og:description\" content=\"Jard\u00edn Escondido by Coppola \u00e9 perfeito para dias em Buenos Aires; Hotel re\u00fane tranquilidade e charme na capital argentina\" \/>\n<meta property=\"og:url\" content=\"https:\/\/www.travel3.com.br\/site\/hotel\/jardin-escondido-by-coppola-e-perfeito-para-dias-em-buenos-aires\/\" \/>\n<meta property=\"og:site_name\" content=\"Travel3\" \/>\n<meta property=\"article:publisher\" content=\"https:\/\/www.facebook.com\/travel3media\/\" \/>\n<meta property=\"article:published_time\" content=\"2024-07-01T10:59:00+00:00\" \/>\n<meta property=\"og:image\" content=\"https:\/\/www.travel3.com.br\/site\/wp-content\/uploads\/2024\/06\/Jardin-Escondido_-54_Easy-Resize.com_-e1719760505607.jpg\" \/>\n\t<meta property=\"og:image:width\" content=\"1280\" \/>\n\t<meta property=\"og:image:height\" content=\"691\" \/>\n\t<meta property=\"og:image:type\" content=\"image\/jpeg\" \/>\n<meta name=\"author\" content=\"Reda\u00e7\u00e3o Travel3\" \/>\n<meta name=\"twitter:card\" content=\"summary_large_image\" \/>\n<meta name=\"twitter:label1\" content=\"Escrito por\" \/>\n\t<meta name=\"twitter:data1\" content=\"Reda\u00e7\u00e3o Travel3\" \/>\n\t<meta name=\"twitter:label2\" content=\"Est. tempo de leitura\" \/>\n\t<meta name=\"twitter:data2\" content=\"3 minutos\" \/>\n<script type=\"application\/ld+json\" class=\"yoast-schema-graph\">{\"@context\":\"https:\/\/schema.org\",\"@graph\":[{\"@type\":\"Article\",\"@id\":\"https:\/\/www.travel3.com.br\/site\/hotel\/jardin-escondido-by-coppola-e-perfeito-para-dias-em-buenos-aires\/#article\",\"isPartOf\":{\"@id\":\"https:\/\/www.travel3.com.br\/site\/hotel\/jardin-escondido-by-coppola-e-perfeito-para-dias-em-buenos-aires\/\"},\"author\":{\"name\":\"Reda\u00e7\u00e3o Travel3\",\"@id\":\"https:\/\/www.travel3.com.br\/site\/#\/schema\/person\/89251b0320bc67697de92249f97f3fdb\"},\"headline\":\"Jard\u00edn Escondido by Coppola \u00e9 perfeito para dias em Buenos Aires\",\"datePublished\":\"2024-07-01T10:59:00+00:00\",\"mainEntityOfPage\":{\"@id\":\"https:\/\/www.travel3.com.br\/site\/hotel\/jardin-escondido-by-coppola-e-perfeito-para-dias-em-buenos-aires\/\"},\"wordCount\":467,\"commentCount\":0,\"publisher\":{\"@id\":\"https:\/\/www.travel3.com.br\/site\/#organization\"},\"image\":{\"@id\":\"https:\/\/www.travel3.com.br\/site\/hotel\/jardin-escondido-by-coppola-e-perfeito-para-dias-em-buenos-aires\/#primaryimage\"},\"thumbnailUrl\":\"https:\/\/www.travel3.com.br\/site\/wp-content\/uploads\/2024\/06\/Jardin-Escondido_-54_Easy-Resize.com_-e1719760505607.jpg\",\"keywords\":[\"argentina\",\"buenos aires\",\"francis ford coppola\",\"Jard\u00edn Escondido by Coppola\"],\"articleSection\":[\"Hotel\",\"Hotel Internacional\"],\"inLanguage\":\"pt-BR\",\"potentialAction\":[{\"@type\":\"CommentAction\",\"name\":\"Comment\",\"target\":[\"https:\/\/www.travel3.com.br\/site\/hotel\/jardin-escondido-by-coppola-e-perfeito-para-dias-em-buenos-aires\/#respond\"]}]},{\"@type\":\"WebPage\",\"@id\":\"https:\/\/www.travel3.com.br\/site\/hotel\/jardin-escondido-by-coppola-e-perfeito-para-dias-em-buenos-aires\/\",\"url\":\"https:\/\/www.travel3.com.br\/site\/hotel\/jardin-escondido-by-coppola-e-perfeito-para-dias-em-buenos-aires\/\",\"name\":\"Jard\u00edn Escondido by Coppola \u00e9 perfeito para dias em Buenos Aires - Travel3\",\"isPartOf\":{\"@id\":\"https:\/\/www.travel3.com.br\/site\/#website\"},\"primaryImageOfPage\":{\"@id\":\"https:\/\/www.travel3.com.br\/site\/hotel\/jardin-escondido-by-coppola-e-perfeito-para-dias-em-buenos-aires\/#primaryimage\"},\"image\":{\"@id\":\"https:\/\/www.travel3.com.br\/site\/hotel\/jardin-escondido-by-coppola-e-perfeito-para-dias-em-buenos-aires\/#primaryimage\"},\"thumbnailUrl\":\"https:\/\/www.travel3.com.br\/site\/wp-content\/uploads\/2024\/06\/Jardin-Escondido_-54_Easy-Resize.com_-e1719760505607.jpg\",\"datePublished\":\"2024-07-01T10:59:00+00:00\",\"description\":\"Jard\u00edn Escondido by Coppola \u00e9 perfeito para dias em Buenos Aires; Hotel re\u00fane tranquilidade e charme na capital argentina\",\"breadcrumb\":{\"@id\":\"https:\/\/www.travel3.com.br\/site\/hotel\/jardin-escondido-by-coppola-e-perfeito-para-dias-em-buenos-aires\/#breadcrumb\"},\"inLanguage\":\"pt-BR\",\"potentialAction\":[{\"@type\":\"ReadAction\",\"target\":[\"https:\/\/www.travel3.com.br\/site\/hotel\/jardin-escondido-by-coppola-e-perfeito-para-dias-em-buenos-aires\/\"]}]},{\"@type\":\"ImageObject\",\"inLanguage\":\"pt-BR\",\"@id\":\"https:\/\/www.travel3.com.br\/site\/hotel\/jardin-escondido-by-coppola-e-perfeito-para-dias-em-buenos-aires\/#primaryimage\",\"url\":\"https:\/\/www.travel3.com.br\/site\/wp-content\/uploads\/2024\/06\/Jardin-Escondido_-54_Easy-Resize.com_-e1719760505607.jpg\",\"contentUrl\":\"https:\/\/www.travel3.com.br\/site\/wp-content\/uploads\/2024\/06\/Jardin-Escondido_-54_Easy-Resize.com_-e1719760505607.jpg\",\"width\":1280,\"height\":691,\"caption\":\"Jard\u00edn Escondido by Coppola. Hotel \u00e9 ref\u00fagio sofisticado em Buenos Aires (Foto: Divulga\u00e7\u00e3o)\"},{\"@type\":\"BreadcrumbList\",\"@id\":\"https:\/\/www.travel3.com.br\/site\/hotel\/jardin-escondido-by-coppola-e-perfeito-para-dias-em-buenos-aires\/#breadcrumb\",\"itemListElement\":[{\"@type\":\"ListItem\",\"position\":1,\"name\":\"In\u00edcio\",\"item\":\"https:\/\/www.travel3.com.br\/site\/\"},{\"@type\":\"ListItem\",\"position\":2,\"name\":\"Jard\u00edn Escondido by Coppola \u00e9 perfeito para dias em Buenos Aires\"}]},{\"@type\":\"WebSite\",\"@id\":\"https:\/\/www.travel3.com.br\/site\/#website\",\"url\":\"https:\/\/www.travel3.com.br\/site\/\",\"name\":\"Travel3\",\"description\":\"Lazer + Neg&oacute;cios + Aventura\",\"publisher\":{\"@id\":\"https:\/\/www.travel3.com.br\/site\/#organization\"},\"potentialAction\":[{\"@type\":\"SearchAction\",\"target\":{\"@type\":\"EntryPoint\",\"urlTemplate\":\"https:\/\/www.travel3.com.br\/site\/?s={search_term_string}\"},\"query-input\":{\"@type\":\"PropertyValueSpecification\",\"valueRequired\":true,\"valueName\":\"search_term_string\"}}],\"inLanguage\":\"pt-BR\"},{\"@type\":\"Organization\",\"@id\":\"https:\/\/www.travel3.com.br\/site\/#organization\",\"name\":\"Travel3\",\"url\":\"https:\/\/www.travel3.com.br\/site\/\",\"logo\":{\"@type\":\"ImageObject\",\"inLanguage\":\"pt-BR\",\"@id\":\"https:\/\/www.travel3.com.br\/site\/#\/schema\/logo\/image\/\",\"url\":\"https:\/\/www.travel3.com.br\/site\/wp-content\/uploads\/2020\/01\/logo-travel3-2020.png\",\"contentUrl\":\"https:\/\/www.travel3.com.br\/site\/wp-content\/uploads\/2020\/01\/logo-travel3-2020.png\",\"width\":232,\"height\":79,\"caption\":\"Travel3\"},\"image\":{\"@id\":\"https:\/\/www.travel3.com.br\/site\/#\/schema\/logo\/image\/\"},\"sameAs\":[\"https:\/\/www.facebook.com\/travel3media\/\",\"https:\/\/www.instagram.com\/revistatravel3\/\",\"https:\/\/www.youtube.com\/channel\/UCno7J4paGBR3VbZQzvoJ9Eg\"]},{\"@type\":\"Person\",\"@id\":\"https:\/\/www.travel3.com.br\/site\/#\/schema\/person\/89251b0320bc67697de92249f97f3fdb\",\"name\":\"Reda\u00e7\u00e3o Travel3\",\"image\":{\"@type\":\"ImageObject\",\"inLanguage\":\"pt-BR\",\"@id\":\"https:\/\/www.travel3.com.br\/site\/#\/schema\/person\/image\/\",\"url\":\"https:\/\/secure.gravatar.com\/avatar\/85a5ec2ad99b1932f671ebf50c117db6?s=96&d=mm&r=g\",\"contentUrl\":\"https:\/\/secure.gravatar.com\/avatar\/85a5ec2ad99b1932f671ebf50c117db6?s=96&d=mm&r=g\",\"caption\":\"Reda\u00e7\u00e3o Travel3\"},\"sameAs\":[\"http:\/\/www.travel3.com.br\/\"],\"url\":\"https:\/\/www.travel3.com.br\/site\/author\/redacao\/\"}]}<\/script>\n<!-- \/ Yoast SEO plugin. -->","yoast_head_json":{"title":"Jard\u00edn Escondido by Coppola \u00e9 perfeito para dias em Buenos Aires - Travel3","description":"Jard\u00edn Escondido by Coppola \u00e9 perfeito para dias em Buenos Aires; Hotel re\u00fane tranquilidade e charme na capital argentina","robots":{"index":"index","follow":"follow","max-snippet":"max-snippet:-1","max-image-preview":"max-image-preview:large","max-video-preview":"max-video-preview:-1"},"canonical":"https:\/\/www.travel3.com.br\/site\/hotel\/jardin-escondido-by-coppola-e-perfeito-para-dias-em-buenos-aires\/","og_locale":"pt_BR","og_type":"article","og_title":"Jard\u00edn Escondido by Coppola \u00e9 perfeito para dias em Buenos Aires - Travel3","og_description":"Jard\u00edn Escondido by Coppola \u00e9 perfeito para dias em Buenos Aires; Hotel re\u00fane tranquilidade e charme na capital argentina","og_url":"https:\/\/www.travel3.com.br\/site\/hotel\/jardin-escondido-by-coppola-e-perfeito-para-dias-em-buenos-aires\/","og_site_name":"Travel3","article_publisher":"https:\/\/www.facebook.com\/travel3media\/","article_published_time":"2024-07-01T10:59:00+00:00","og_image":[{"width":1280,"height":691,"url":"https:\/\/www.travel3.com.br\/site\/wp-content\/uploads\/2024\/06\/Jardin-Escondido_-54_Easy-Resize.com_-e1719760505607.jpg","type":"image\/jpeg"}],"author":"Reda\u00e7\u00e3o Travel3","twitter_card":"summary_large_image","twitter_misc":{"Escrito por":"Reda\u00e7\u00e3o Travel3","Est. tempo de leitura":"3 minutos"},"schema":{"@context":"https:\/\/schema.org","@graph":[{"@type":"Article","@id":"https:\/\/www.travel3.com.br\/site\/hotel\/jardin-escondido-by-coppola-e-perfeito-para-dias-em-buenos-aires\/#article","isPartOf":{"@id":"https:\/\/www.travel3.com.br\/site\/hotel\/jardin-escondido-by-coppola-e-perfeito-para-dias-em-buenos-aires\/"},"author":{"name":"Reda\u00e7\u00e3o Travel3","@id":"https:\/\/www.travel3.com.br\/site\/#\/schema\/person\/89251b0320bc67697de92249f97f3fdb"},"headline":"Jard\u00edn Escondido by Coppola \u00e9 perfeito para dias em Buenos Aires","datePublished":"2024-07-01T10:59:00+00:00","mainEntityOfPage":{"@id":"https:\/\/www.travel3.com.br\/site\/hotel\/jardin-escondido-by-coppola-e-perfeito-para-dias-em-buenos-aires\/"},"wordCount":467,"commentCount":0,"publisher":{"@id":"https:\/\/www.travel3.com.br\/site\/#organization"},"image":{"@id":"https:\/\/www.travel3.com.br\/site\/hotel\/jardin-escondido-by-coppola-e-perfeito-para-dias-em-buenos-aires\/#primaryimage"},"thumbnailUrl":"https:\/\/www.travel3.com.br\/site\/wp-content\/uploads\/2024\/06\/Jardin-Escondido_-54_Easy-Resize.com_-e1719760505607.jpg","keywords":["argentina","buenos aires","francis ford coppola","Jard\u00edn Escondido by Coppola"],"articleSection":["Hotel","Hotel Internacional"],"inLanguage":"pt-BR","potentialAction":[{"@type":"CommentAction","name":"Comment","target":["https:\/\/www.travel3.com.br\/site\/hotel\/jardin-escondido-by-coppola-e-perfeito-para-dias-em-buenos-aires\/#respond"]}]},{"@type":"WebPage","@id":"https:\/\/www.travel3.com.br\/site\/hotel\/jardin-escondido-by-coppola-e-perfeito-para-dias-em-buenos-aires\/","url":"https:\/\/www.travel3.com.br\/site\/hotel\/jardin-escondido-by-coppola-e-perfeito-para-dias-em-buenos-aires\/","name":"Jard\u00edn Escondido by Coppola \u00e9 perfeito para dias em Buenos Aires - Travel3","isPartOf":{"@id":"https:\/\/www.travel3.com.br\/site\/#website"},"primaryImageOfPage":{"@id":"https:\/\/www.travel3.com.br\/site\/hotel\/jardin-escondido-by-coppola-e-perfeito-para-dias-em-buenos-aires\/#primaryimage"},"image":{"@id":"https:\/\/www.travel3.com.br\/site\/hotel\/jardin-escondido-by-coppola-e-perfeito-para-dias-em-buenos-aires\/#primaryimage"},"thumbnailUrl":"https:\/\/www.travel3.com.br\/site\/wp-content\/uploads\/2024\/06\/Jardin-Escondido_-54_Easy-Resize.com_-e1719760505607.jpg","datePublished":"2024-07-01T10:59:00+00:00","description":"Jard\u00edn Escondido by Coppola \u00e9 perfeito para dias em Buenos Aires; Hotel re\u00fane tranquilidade e charme na capital argentina","breadcrumb":{"@id":"https:\/\/www.travel3.com.br\/site\/hotel\/jardin-escondido-by-coppola-e-perfeito-para-dias-em-buenos-aires\/#breadcrumb"},"inLanguage":"pt-BR","potentialAction":[{"@type":"ReadAction","target":["https:\/\/www.travel3.com.br\/site\/hotel\/jardin-escondido-by-coppola-e-perfeito-para-dias-em-buenos-aires\/"]}]},{"@type":"ImageObject","inLanguage":"pt-BR","@id":"https:\/\/www.travel3.com.br\/site\/hotel\/jardin-escondido-by-coppola-e-perfeito-para-dias-em-buenos-aires\/#primaryimage","url":"https:\/\/www.travel3.com.br\/site\/wp-content\/uploads\/2024\/06\/Jardin-Escondido_-54_Easy-Resize.com_-e1719760505607.jpg","contentUrl":"https:\/\/www.travel3.com.br\/site\/wp-content\/uploads\/2024\/06\/Jardin-Escondido_-54_Easy-Resize.com_-e1719760505607.jpg","width":1280,"height":691,"caption":"Jard\u00edn Escondido by Coppola. Hotel \u00e9 ref\u00fagio sofisticado em Buenos Aires (Foto: Divulga\u00e7\u00e3o)"},{"@type":"BreadcrumbList","@id":"https:\/\/www.travel3.com.br\/site\/hotel\/jardin-escondido-by-coppola-e-perfeito-para-dias-em-buenos-aires\/#breadcrumb","itemListElement":[{"@type":"ListItem","position":1,"name":"In\u00edcio","item":"https:\/\/www.travel3.com.br\/site\/"},{"@type":"ListItem","position":2,"name":"Jard\u00edn Escondido by Coppola \u00e9 perfeito para dias em Buenos Aires"}]},{"@type":"WebSite","@id":"https:\/\/www.travel3.com.br\/site\/#website","url":"https:\/\/www.travel3.com.br\/site\/","name":"Travel3","description":"Lazer + Neg&oacute;cios + Aventura","publisher":{"@id":"https:\/\/www.travel3.com.br\/site\/#organization"},"potentialAction":[{"@type":"SearchAction","target":{"@type":"EntryPoint","urlTemplate":"https:\/\/www.travel3.com.br\/site\/?s={search_term_string}"},"query-input":{"@type":"PropertyValueSpecification","valueRequired":true,"valueName":"search_term_string"}}],"inLanguage":"pt-BR"},{"@type":"Organization","@id":"https:\/\/www.travel3.com.br\/site\/#organization","name":"Travel3","url":"https:\/\/www.travel3.com.br\/site\/","logo":{"@type":"ImageObject","inLanguage":"pt-BR","@id":"https:\/\/www.travel3.com.br\/site\/#\/schema\/logo\/image\/","url":"https:\/\/www.travel3.com.br\/site\/wp-content\/uploads\/2020\/01\/logo-travel3-2020.png","contentUrl":"https:\/\/www.travel3.com.br\/site\/wp-content\/uploads\/2020\/01\/logo-travel3-2020.png","width":232,"height":79,"caption":"Travel3"},"image":{"@id":"https:\/\/www.travel3.com.br\/site\/#\/schema\/logo\/image\/"},"sameAs":["https:\/\/www.facebook.com\/travel3media\/","https:\/\/www.instagram.com\/revistatravel3\/","https:\/\/www.youtube.com\/channel\/UCno7J4paGBR3VbZQzvoJ9Eg"]},{"@type":"Person","@id":"https:\/\/www.travel3.com.br\/site\/#\/schema\/person\/89251b0320bc67697de92249f97f3fdb","name":"Reda\u00e7\u00e3o Travel3","image":{"@type":"ImageObject","inLanguage":"pt-BR","@id":"https:\/\/www.travel3.com.br\/site\/#\/schema\/person\/image\/","url":"https:\/\/secure.gravatar.com\/avatar\/85a5ec2ad99b1932f671ebf50c117db6?s=96&d=mm&r=g","contentUrl":"https:\/\/secure.gravatar.com\/avatar\/85a5ec2ad99b1932f671ebf50c117db6?s=96&d=mm&r=g","caption":"Reda\u00e7\u00e3o Travel3"},"sameAs":["http:\/\/www.travel3.com.br\/"],"url":"https:\/\/www.travel3.com.br\/site\/author\/redacao\/"}]}},"_links":{"self":[{"href":"https:\/\/www.travel3.com.br\/site\/wp-json\/wp\/v2\/posts\/69585","targetHints":{"allow":["GET"]}}],"collection":[{"href":"https:\/\/www.travel3.com.br\/site\/wp-json\/wp\/v2\/posts"}],"about":[{"href":"https:\/\/www.travel3.com.br\/site\/wp-json\/wp\/v2\/types\/post"}],"author":[{"embeddable":true,"href":"https:\/\/www.travel3.com.br\/site\/wp-json\/wp\/v2\/users\/5"}],"replies":[{"embeddable":true,"href":"https:\/\/www.travel3.com.br\/site\/wp-json\/wp\/v2\/comments?post=69585"}],"version-history":[{"count":7,"href":"https:\/\/www.travel3.com.br\/site\/wp-json\/wp\/v2\/posts\/69585\/revisions"}],"predecessor-version":[{"id":69619,"href":"https:\/\/www.travel3.com.br\/site\/wp-json\/wp\/v2\/posts\/69585\/revisions\/69619"}],"wp:featuredmedia":[{"embeddable":true,"href":"https:\/\/www.travel3.com.br\/site\/wp-json\/wp\/v2\/media\/69586"}],"wp:attachment":[{"href":"https:\/\/www.travel3.com.br\/site\/wp-json\/wp\/v2\/media?parent=69585"}],"wp:term":[{"taxonomy":"category","embeddable":true,"href":"https:\/\/www.travel3.com.br\/site\/wp-json\/wp\/v2\/categories?post=69585"},{"taxonomy":"post_tag","embeddable":true,"href":"https:\/\/www.travel3.com.br\/site\/wp-json\/wp\/v2\/tags?post=69585"}],"curies":[{"name":"wp","href":"https:\/\/api.w.org\/{rel}","templated":true}]}}