{"id":68975,"date":"2024-06-11T08:20:07","date_gmt":"2024-06-11T11:20:07","guid":{"rendered":"https:\/\/www.travel3.com.br\/?p=68975"},"modified":"2024-06-11T08:20:08","modified_gmt":"2024-06-11T11:20:08","slug":"diversa-anuncia-2a-edicao-do-workshop-brasil","status":"publish","type":"post","link":"https:\/\/www.travel3.com.br\/site\/acontece-no-turismo\/diversa-anuncia-2a-edicao-do-workshop-brasil\/","title":{"rendered":"Diversa anuncia 2\u00aa edi\u00e7\u00e3o do Workshop Brasil"},"content":{"rendered":"\n<h2 class=\"wp-block-heading\">Evento em Alagoas acontece em agosto e reunir\u00e1 agentes de viagens e fornecedores de todo o pa\u00eds<\/h2>\n\n\n\n<p>A <strong><a href=\"https:\/\/diversaturismo.com.br\/\" target=\"_blank\" rel=\"noreferrer noopener\">Diversa Turismo <\/a><\/strong>confirmou a realiza\u00e7\u00e3o do seu Workshop Brasil 2024, que ocorrer\u00e1 de 25 a 28\/8 em Alagoas, nas cidades de Marechal Deodoro, Barra de S\u00e3o Miguel, e na capital Macei\u00f3. Ap\u00f3s o sucesso da <strong><a href=\"https:\/\/www.travel3.com.br\/acontece-no-turismo\/diversa-turismo-celebra-o-sucesso-do-workshop-brasil\/\" target=\"_blank\" rel=\"noreferrer noopener\">primeira edi\u00e7\u00e3o realizada em Porto Seguro<\/a><\/strong>, a operadora do <strong>Grupo Arbo<\/strong> anuncia que o evento deste ano ser\u00e1 ainda maior, mais expressivo e exclusivo.<\/p>\n\n\n\n<p>A 2\u00aa edi\u00e7\u00e3o do Workshop Brasil marca mais um projeto inovador da <strong>Diversa<\/strong>, que se torna a primeira operadora a realizar um evento desta magnitude no litoral sul do estado de Alagoas, que apresentar\u00e1 sua cultura e belezas aos participantes.<\/p>\n\n\n\n<figure class=\"wp-block-pullquote\"><blockquote><p> Mais uma vez, iremos reunir os melhores agentes de viagens do pa\u00eds para uma verdadeira imers\u00e3o e experi\u00eancia inesquec\u00edvel. <\/p><cite><strong>Arnaldo Franken &#8211; CEO do Grupo Arbo<\/strong><\/cite><\/blockquote><\/figure>\n\n\n\n<p>O estado de Alagoas ser\u00e1 o anfitri\u00e3o desta edi\u00e7\u00e3o, destacando as cidades de Marechal Deodoro e Barra de S\u00e3o Miguel como sedes do evento. A organiza\u00e7\u00e3o ficar\u00e1 a cargo da <strong>B2LIVE!<\/strong>, empresa de live marketing e eventos do <strong>Grupo BBG Brasil<\/strong>.<\/p>\n\n\n\n<p>\u201c<strong><em>Quero agradecer a Secretaria de Turismo do Estado de Alagoas e todo o trade do litoral sul e Macei\u00f3, especialmente a secret\u00e1ria B\u00e1rbara Braga, todo o carinho, receptividade e dedica\u00e7\u00e3o que dedicaram a nossa operadora, n\u00e3o hesitando esfor\u00e7os, para levar e apoiar a segunda edi\u00e7\u00e3o do Workshop Brasil Diversa para o estado de Alagoas<\/em><\/strong>\u201d, destaca <strong>Arnaldo Franken<\/strong>, CEO do Grupo Arbo.<\/p>\n\n\n\n<div class=\"wp-block-image\"><figure class=\"aligncenter size-large is-resized\"><img loading=\"lazy\" decoding=\"async\" src=\"https:\/\/www.travel3.com.br\/site\/wp-content\/uploads\/2024\/06\/Publico-presente-no-evento-de-2023-Credito-B2LIVE-1024x558.jpeg\" alt=\"Workshop BrasilDiversa\" class=\"wp-image-68980\" width=\"728\" height=\"396\" srcset=\"https:\/\/www.travel3.com.br\/site\/wp-content\/uploads\/2024\/06\/Publico-presente-no-evento-de-2023-Credito-B2LIVE-1024x558.jpeg 1024w, https:\/\/www.travel3.com.br\/site\/wp-content\/uploads\/2024\/06\/Publico-presente-no-evento-de-2023-Credito-B2LIVE-300x163.jpeg 300w, https:\/\/www.travel3.com.br\/site\/wp-content\/uploads\/2024\/06\/Publico-presente-no-evento-de-2023-Credito-B2LIVE-768x418.jpeg 768w, https:\/\/www.travel3.com.br\/site\/wp-content\/uploads\/2024\/06\/Publico-presente-no-evento-de-2023-Credito-B2LIVE-150x82.jpeg 150w, https:\/\/www.travel3.com.br\/site\/wp-content\/uploads\/2024\/06\/Publico-presente-no-evento-de-2023-Credito-B2LIVE-750x408.jpeg 750w, https:\/\/www.travel3.com.br\/site\/wp-content\/uploads\/2024\/06\/Publico-presente-no-evento-de-2023-Credito-B2LIVE-1140x621.jpeg 1140w, https:\/\/www.travel3.com.br\/site\/wp-content\/uploads\/2024\/06\/Publico-presente-no-evento-de-2023-Credito-B2LIVE.jpeg 1280w\" sizes=\"auto, (max-width: 728px) 100vw, 728px\" \/><figcaption>P\u00fablico presente no evento de 2023 (Foto: B2LIVE\/Divulga\u00e7\u00e3o)<\/figcaption><\/figure><\/div>\n\n\n\n<p>A Secret\u00e1ria de Estado do Turismo de Alagoas, <strong>B\u00e1rbara Braga<\/strong>, destaca a import\u00e2ncia do evento para o estado. \u201c<strong><em>Receber em Alagoas um evento t\u00e3o significativo para o destino, para o trade tur\u00edstico e para o setor, vai alavancar, de fato, a vinda de turistas para o nosso estado. Alagoas \u00e9 um destino de lazer, mas tamb\u00e9m ideal para o turismo de eventos. Com uma rede hoteleira qualificada, experi\u00eancias inesquec\u00edveis de Norte a Sul, belezas naturais de tirar o f\u00f4lego e uma localiza\u00e7\u00e3o geogr\u00e1fica privilegiada, estamos prontos e com uma \u00f3tima expectativa para este evento<\/em><\/strong>\u201d, afirma Braga.<\/p>\n\n\n\n<p><strong>V\u00edtor Bauab<\/strong>, presidente da BBG Brasil, respons\u00e1vel pela impec\u00e1vel organiza\u00e7\u00e3o da <strong>1\u00aa edi\u00e7\u00e3o do Workshop Brasil Diversa<\/strong>, garante para este ano uma programa\u00e7\u00e3o intensa e in\u00e9dita. &#8220;<strong><em>Queremos proporcionar uma experi\u00eancia \u00fanica para os melhores agentes da Diversa e aumentar significativamente o turismo nesses destinos. O litoral sul de Alagoas \u00e9 t\u00e3o encantador, que todos os expositores e destinos de todo o Brasil, participantes do evento, tamb\u00e9m se surpreender\u00e3o com as belezas naturais, cultura, receptividade do povo alagoano, gastronomia, entre outras coisas<\/em><\/strong>\u201d, refor\u00e7a Bauab.<\/p>\n\n\n\n<p>A <strong><a href=\"https:\/\/www.luckreceptivo.com.br\/passeios\/maceio\" target=\"_blank\" rel=\"noreferrer noopener\">Luck Macei\u00f3<\/a><\/strong> ser\u00e1 o receptivo oficial do evento, enquanto o <strong><a href=\"https:\/\/www.villagebarrahotel.com.br\/\" target=\"_blank\" rel=\"noreferrer noopener\">Village Barra Hotel<\/a><\/strong>, <strong><a href=\"https:\/\/www.hotelpontaverde.com.br\/hoteis\/praia-do-frances\" target=\"_blank\" rel=\"noreferrer noopener\">Hotel Ponta Verde da Praia do Franc\u00eas<\/a>, <a href=\"https:\/\/www.ritzbsm.com.br\/\" target=\"_blank\" rel=\"noreferrer noopener\">Ritz Barra de S\u00e3o Miguel<\/a><\/strong>, <strong><a href=\"https:\/\/www.vivabarrahotelpousada.com.br\/\" target=\"_blank\" rel=\"noreferrer noopener\">Viv\u00e1 Barra Hotel Pousada<\/a><\/strong>, <strong><a href=\"https:\/\/www.hoteisritzalagoas.com.br\/lagoa\" target=\"_blank\" rel=\"noreferrer noopener\">Ritz Lagoa da Anta <\/a><\/strong>e <strong><a href=\"https:\/\/www.hoteljatiuca.com.br\/\" target=\"_blank\" rel=\"noreferrer noopener\">Hotel Jati\u00faca &amp; Resort <\/a><\/strong>ser\u00e3o os hot\u00e9is oficiais. <\/p>\n\n\n\n<p>Mais informa\u00e7\u00f5es sobre o evento, destinos participantes, apoiadores e expositores ser\u00e3o divulgadas em breve.<\/p>\n","protected":false},"excerpt":{"rendered":"<p>Evento em Alagoas acontece em agosto e reunir\u00e1 agentes de viagens e fornecedores de todo o pa\u00eds<\/p>\n","protected":false},"author":6,"featured_media":68977,"comment_status":"open","ping_status":"open","sticky":false,"template":"","format":"standard","meta":{"footnotes":""},"categories":[969,5,4],"tags":[4599,4010,2076,4089,5762],"class_list":["post-68975","post","type-post","status-publish","format-standard","has-post-thumbnail","hentry","category-acontece-no-turismo","category-eventos-e-feiras","category-operadoras","tag-alagoas","tag-diversa","tag-diversa-turismo","tag-grupo-arbo","tag-workshop-brasil-diversa"],"yoast_head":"<!-- This site is optimized with the Yoast SEO plugin v26.2 - https:\/\/yoast.com\/wordpress\/plugins\/seo\/ -->\n<title>Diversa anuncia 2\u00aa edi\u00e7\u00e3o do Workshop Brasil - Travel3<\/title>\n<meta name=\"description\" content=\"Diversa anuncia 2\u00aa edi\u00e7\u00e3o do Workshop Brasil; Evento em Alagoas acontece em agosto e reunir\u00e1 agentes de viagens e fornecedores de todo o pa\u00eds\" \/>\n<meta name=\"robots\" content=\"index, follow, max-snippet:-1, max-image-preview:large, max-video-preview:-1\" \/>\n<link rel=\"canonical\" href=\"https:\/\/www.travel3.com.br\/site\/acontece-no-turismo\/diversa-anuncia-2a-edicao-do-workshop-brasil\/\" \/>\n<meta property=\"og:locale\" content=\"pt_BR\" \/>\n<meta property=\"og:type\" content=\"article\" \/>\n<meta property=\"og:title\" content=\"Diversa anuncia 2\u00aa edi\u00e7\u00e3o do Workshop Brasil - Travel3\" \/>\n<meta property=\"og:description\" content=\"Diversa anuncia 2\u00aa edi\u00e7\u00e3o do Workshop Brasil; Evento em Alagoas acontece em agosto e reunir\u00e1 agentes de viagens e fornecedores de todo o pa\u00eds\" \/>\n<meta property=\"og:url\" content=\"https:\/\/www.travel3.com.br\/site\/acontece-no-turismo\/diversa-anuncia-2a-edicao-do-workshop-brasil\/\" \/>\n<meta property=\"og:site_name\" content=\"Travel3\" \/>\n<meta property=\"article:publisher\" content=\"https:\/\/www.facebook.com\/travel3media\/\" \/>\n<meta property=\"article:published_time\" content=\"2024-06-11T11:20:07+00:00\" \/>\n<meta property=\"article:modified_time\" content=\"2024-06-11T11:20:08+00:00\" \/>\n<meta property=\"og:image\" content=\"https:\/\/www.travel3.com.br\/site\/wp-content\/uploads\/2024\/06\/Mariana-Azevedo-Arnaldo-Franken-e-Adriana-Fredericce-Credito-B2LIVE.jpeg\" \/>\n\t<meta property=\"og:image:width\" content=\"1280\" \/>\n\t<meta property=\"og:image:height\" content=\"705\" \/>\n\t<meta property=\"og:image:type\" content=\"image\/jpeg\" \/>\n<meta name=\"author\" content=\"Reda\u00e7\u00e3o Travel3\" \/>\n<meta name=\"twitter:card\" content=\"summary_large_image\" \/>\n<meta name=\"twitter:label1\" content=\"Escrito por\" \/>\n\t<meta name=\"twitter:data1\" content=\"Reda\u00e7\u00e3o Travel3\" \/>\n\t<meta name=\"twitter:label2\" content=\"Est. tempo de leitura\" \/>\n\t<meta name=\"twitter:data2\" content=\"3 minutos\" \/>\n<script type=\"application\/ld+json\" class=\"yoast-schema-graph\">{\"@context\":\"https:\/\/schema.org\",\"@graph\":[{\"@type\":\"Article\",\"@id\":\"https:\/\/www.travel3.com.br\/site\/acontece-no-turismo\/diversa-anuncia-2a-edicao-do-workshop-brasil\/#article\",\"isPartOf\":{\"@id\":\"https:\/\/www.travel3.com.br\/site\/acontece-no-turismo\/diversa-anuncia-2a-edicao-do-workshop-brasil\/\"},\"author\":{\"name\":\"Reda\u00e7\u00e3o Travel3\",\"@id\":\"https:\/\/www.travel3.com.br\/site\/#\/schema\/person\/9cff8daac0a2f1aa0799f827b8aa8308\"},\"headline\":\"Diversa anuncia 2\u00aa edi\u00e7\u00e3o do Workshop Brasil\",\"datePublished\":\"2024-06-11T11:20:07+00:00\",\"dateModified\":\"2024-06-11T11:20:08+00:00\",\"mainEntityOfPage\":{\"@id\":\"https:\/\/www.travel3.com.br\/site\/acontece-no-turismo\/diversa-anuncia-2a-edicao-do-workshop-brasil\/\"},\"wordCount\":543,\"commentCount\":0,\"publisher\":{\"@id\":\"https:\/\/www.travel3.com.br\/site\/#organization\"},\"image\":{\"@id\":\"https:\/\/www.travel3.com.br\/site\/acontece-no-turismo\/diversa-anuncia-2a-edicao-do-workshop-brasil\/#primaryimage\"},\"thumbnailUrl\":\"https:\/\/www.travel3.com.br\/site\/wp-content\/uploads\/2024\/06\/Mariana-Azevedo-Arnaldo-Franken-e-Adriana-Fredericce-Credito-B2LIVE.jpeg\",\"keywords\":[\"Alagoas\",\"Diversa\",\"Diversa Turismo\",\"Grupo Arbo\",\"Workshop Brasil Diversa\"],\"articleSection\":[\"Acontece no Turismo\",\"Eventos e Feiras\",\"Operadoras\"],\"inLanguage\":\"pt-BR\",\"potentialAction\":[{\"@type\":\"CommentAction\",\"name\":\"Comment\",\"target\":[\"https:\/\/www.travel3.com.br\/site\/acontece-no-turismo\/diversa-anuncia-2a-edicao-do-workshop-brasil\/#respond\"]}]},{\"@type\":\"WebPage\",\"@id\":\"https:\/\/www.travel3.com.br\/site\/acontece-no-turismo\/diversa-anuncia-2a-edicao-do-workshop-brasil\/\",\"url\":\"https:\/\/www.travel3.com.br\/site\/acontece-no-turismo\/diversa-anuncia-2a-edicao-do-workshop-brasil\/\",\"name\":\"Diversa anuncia 2\u00aa edi\u00e7\u00e3o do Workshop Brasil - Travel3\",\"isPartOf\":{\"@id\":\"https:\/\/www.travel3.com.br\/site\/#website\"},\"primaryImageOfPage\":{\"@id\":\"https:\/\/www.travel3.com.br\/site\/acontece-no-turismo\/diversa-anuncia-2a-edicao-do-workshop-brasil\/#primaryimage\"},\"image\":{\"@id\":\"https:\/\/www.travel3.com.br\/site\/acontece-no-turismo\/diversa-anuncia-2a-edicao-do-workshop-brasil\/#primaryimage\"},\"thumbnailUrl\":\"https:\/\/www.travel3.com.br\/site\/wp-content\/uploads\/2024\/06\/Mariana-Azevedo-Arnaldo-Franken-e-Adriana-Fredericce-Credito-B2LIVE.jpeg\",\"datePublished\":\"2024-06-11T11:20:07+00:00\",\"dateModified\":\"2024-06-11T11:20:08+00:00\",\"description\":\"Diversa anuncia 2\u00aa edi\u00e7\u00e3o do Workshop Brasil; Evento em Alagoas acontece em agosto e reunir\u00e1 agentes de viagens e fornecedores de todo o pa\u00eds\",\"breadcrumb\":{\"@id\":\"https:\/\/www.travel3.com.br\/site\/acontece-no-turismo\/diversa-anuncia-2a-edicao-do-workshop-brasil\/#breadcrumb\"},\"inLanguage\":\"pt-BR\",\"potentialAction\":[{\"@type\":\"ReadAction\",\"target\":[\"https:\/\/www.travel3.com.br\/site\/acontece-no-turismo\/diversa-anuncia-2a-edicao-do-workshop-brasil\/\"]}]},{\"@type\":\"ImageObject\",\"inLanguage\":\"pt-BR\",\"@id\":\"https:\/\/www.travel3.com.br\/site\/acontece-no-turismo\/diversa-anuncia-2a-edicao-do-workshop-brasil\/#primaryimage\",\"url\":\"https:\/\/www.travel3.com.br\/site\/wp-content\/uploads\/2024\/06\/Mariana-Azevedo-Arnaldo-Franken-e-Adriana-Fredericce-Credito-B2LIVE.jpeg\",\"contentUrl\":\"https:\/\/www.travel3.com.br\/site\/wp-content\/uploads\/2024\/06\/Mariana-Azevedo-Arnaldo-Franken-e-Adriana-Fredericce-Credito-B2LIVE.jpeg\",\"width\":1280,\"height\":705,\"caption\":\"Mariana Azevedo, Arnaldo Franken e Adriana Fredericce, na Edi\u00e7\u00e3o 2023 do Workshop Brasil Diversa, que aconteceu em Porto Seguro, BA (Foto: B2LIVE\/Divulga\u00e7\u00e3o)\"},{\"@type\":\"BreadcrumbList\",\"@id\":\"https:\/\/www.travel3.com.br\/site\/acontece-no-turismo\/diversa-anuncia-2a-edicao-do-workshop-brasil\/#breadcrumb\",\"itemListElement\":[{\"@type\":\"ListItem\",\"position\":1,\"name\":\"In\u00edcio\",\"item\":\"https:\/\/www.travel3.com.br\/site\/\"},{\"@type\":\"ListItem\",\"position\":2,\"name\":\"Diversa anuncia 2\u00aa edi\u00e7\u00e3o do Workshop Brasil\"}]},{\"@type\":\"WebSite\",\"@id\":\"https:\/\/www.travel3.com.br\/site\/#website\",\"url\":\"https:\/\/www.travel3.com.br\/site\/\",\"name\":\"Travel3\",\"description\":\"Lazer + Neg&oacute;cios + Aventura\",\"publisher\":{\"@id\":\"https:\/\/www.travel3.com.br\/site\/#organization\"},\"potentialAction\":[{\"@type\":\"SearchAction\",\"target\":{\"@type\":\"EntryPoint\",\"urlTemplate\":\"https:\/\/www.travel3.com.br\/site\/?s={search_term_string}\"},\"query-input\":{\"@type\":\"PropertyValueSpecification\",\"valueRequired\":true,\"valueName\":\"search_term_string\"}}],\"inLanguage\":\"pt-BR\"},{\"@type\":\"Organization\",\"@id\":\"https:\/\/www.travel3.com.br\/site\/#organization\",\"name\":\"Travel3\",\"url\":\"https:\/\/www.travel3.com.br\/site\/\",\"logo\":{\"@type\":\"ImageObject\",\"inLanguage\":\"pt-BR\",\"@id\":\"https:\/\/www.travel3.com.br\/site\/#\/schema\/logo\/image\/\",\"url\":\"https:\/\/www.travel3.com.br\/site\/wp-content\/uploads\/2020\/01\/logo-travel3-2020.png\",\"contentUrl\":\"https:\/\/www.travel3.com.br\/site\/wp-content\/uploads\/2020\/01\/logo-travel3-2020.png\",\"width\":232,\"height\":79,\"caption\":\"Travel3\"},\"image\":{\"@id\":\"https:\/\/www.travel3.com.br\/site\/#\/schema\/logo\/image\/\"},\"sameAs\":[\"https:\/\/www.facebook.com\/travel3media\/\",\"https:\/\/www.instagram.com\/revistatravel3\/\",\"https:\/\/www.youtube.com\/channel\/UCno7J4paGBR3VbZQzvoJ9Eg\"]},{\"@type\":\"Person\",\"@id\":\"https:\/\/www.travel3.com.br\/site\/#\/schema\/person\/9cff8daac0a2f1aa0799f827b8aa8308\",\"name\":\"Reda\u00e7\u00e3o Travel3\",\"image\":{\"@type\":\"ImageObject\",\"inLanguage\":\"pt-BR\",\"@id\":\"https:\/\/www.travel3.com.br\/site\/#\/schema\/person\/image\/\",\"url\":\"https:\/\/secure.gravatar.com\/avatar\/6e6125525e1f04b7b8c607d71556e490?s=96&d=mm&r=g\",\"contentUrl\":\"https:\/\/secure.gravatar.com\/avatar\/6e6125525e1f04b7b8c607d71556e490?s=96&d=mm&r=g\",\"caption\":\"Reda\u00e7\u00e3o Travel3\"},\"sameAs\":[\"http:\/\/www.travel3.com.br\"],\"url\":\"https:\/\/www.travel3.com.br\/site\/author\/redacao2\/\"}]}<\/script>\n<!-- \/ Yoast SEO plugin. -->","yoast_head_json":{"title":"Diversa anuncia 2\u00aa edi\u00e7\u00e3o do Workshop Brasil - Travel3","description":"Diversa anuncia 2\u00aa edi\u00e7\u00e3o do Workshop Brasil; Evento em Alagoas acontece em agosto e reunir\u00e1 agentes de viagens e fornecedores de todo o pa\u00eds","robots":{"index":"index","follow":"follow","max-snippet":"max-snippet:-1","max-image-preview":"max-image-preview:large","max-video-preview":"max-video-preview:-1"},"canonical":"https:\/\/www.travel3.com.br\/site\/acontece-no-turismo\/diversa-anuncia-2a-edicao-do-workshop-brasil\/","og_locale":"pt_BR","og_type":"article","og_title":"Diversa anuncia 2\u00aa edi\u00e7\u00e3o do Workshop Brasil - Travel3","og_description":"Diversa anuncia 2\u00aa edi\u00e7\u00e3o do Workshop Brasil; Evento em Alagoas acontece em agosto e reunir\u00e1 agentes de viagens e fornecedores de todo o pa\u00eds","og_url":"https:\/\/www.travel3.com.br\/site\/acontece-no-turismo\/diversa-anuncia-2a-edicao-do-workshop-brasil\/","og_site_name":"Travel3","article_publisher":"https:\/\/www.facebook.com\/travel3media\/","article_published_time":"2024-06-11T11:20:07+00:00","article_modified_time":"2024-06-11T11:20:08+00:00","og_image":[{"width":1280,"height":705,"url":"https:\/\/www.travel3.com.br\/site\/wp-content\/uploads\/2024\/06\/Mariana-Azevedo-Arnaldo-Franken-e-Adriana-Fredericce-Credito-B2LIVE.jpeg","type":"image\/jpeg"}],"author":"Reda\u00e7\u00e3o Travel3","twitter_card":"summary_large_image","twitter_misc":{"Escrito por":"Reda\u00e7\u00e3o Travel3","Est. tempo de leitura":"3 minutos"},"schema":{"@context":"https:\/\/schema.org","@graph":[{"@type":"Article","@id":"https:\/\/www.travel3.com.br\/site\/acontece-no-turismo\/diversa-anuncia-2a-edicao-do-workshop-brasil\/#article","isPartOf":{"@id":"https:\/\/www.travel3.com.br\/site\/acontece-no-turismo\/diversa-anuncia-2a-edicao-do-workshop-brasil\/"},"author":{"name":"Reda\u00e7\u00e3o Travel3","@id":"https:\/\/www.travel3.com.br\/site\/#\/schema\/person\/9cff8daac0a2f1aa0799f827b8aa8308"},"headline":"Diversa anuncia 2\u00aa edi\u00e7\u00e3o do Workshop Brasil","datePublished":"2024-06-11T11:20:07+00:00","dateModified":"2024-06-11T11:20:08+00:00","mainEntityOfPage":{"@id":"https:\/\/www.travel3.com.br\/site\/acontece-no-turismo\/diversa-anuncia-2a-edicao-do-workshop-brasil\/"},"wordCount":543,"commentCount":0,"publisher":{"@id":"https:\/\/www.travel3.com.br\/site\/#organization"},"image":{"@id":"https:\/\/www.travel3.com.br\/site\/acontece-no-turismo\/diversa-anuncia-2a-edicao-do-workshop-brasil\/#primaryimage"},"thumbnailUrl":"https:\/\/www.travel3.com.br\/site\/wp-content\/uploads\/2024\/06\/Mariana-Azevedo-Arnaldo-Franken-e-Adriana-Fredericce-Credito-B2LIVE.jpeg","keywords":["Alagoas","Diversa","Diversa Turismo","Grupo Arbo","Workshop Brasil Diversa"],"articleSection":["Acontece no Turismo","Eventos e Feiras","Operadoras"],"inLanguage":"pt-BR","potentialAction":[{"@type":"CommentAction","name":"Comment","target":["https:\/\/www.travel3.com.br\/site\/acontece-no-turismo\/diversa-anuncia-2a-edicao-do-workshop-brasil\/#respond"]}]},{"@type":"WebPage","@id":"https:\/\/www.travel3.com.br\/site\/acontece-no-turismo\/diversa-anuncia-2a-edicao-do-workshop-brasil\/","url":"https:\/\/www.travel3.com.br\/site\/acontece-no-turismo\/diversa-anuncia-2a-edicao-do-workshop-brasil\/","name":"Diversa anuncia 2\u00aa edi\u00e7\u00e3o do Workshop Brasil - Travel3","isPartOf":{"@id":"https:\/\/www.travel3.com.br\/site\/#website"},"primaryImageOfPage":{"@id":"https:\/\/www.travel3.com.br\/site\/acontece-no-turismo\/diversa-anuncia-2a-edicao-do-workshop-brasil\/#primaryimage"},"image":{"@id":"https:\/\/www.travel3.com.br\/site\/acontece-no-turismo\/diversa-anuncia-2a-edicao-do-workshop-brasil\/#primaryimage"},"thumbnailUrl":"https:\/\/www.travel3.com.br\/site\/wp-content\/uploads\/2024\/06\/Mariana-Azevedo-Arnaldo-Franken-e-Adriana-Fredericce-Credito-B2LIVE.jpeg","datePublished":"2024-06-11T11:20:07+00:00","dateModified":"2024-06-11T11:20:08+00:00","description":"Diversa anuncia 2\u00aa edi\u00e7\u00e3o do Workshop Brasil; Evento em Alagoas acontece em agosto e reunir\u00e1 agentes de viagens e fornecedores de todo o pa\u00eds","breadcrumb":{"@id":"https:\/\/www.travel3.com.br\/site\/acontece-no-turismo\/diversa-anuncia-2a-edicao-do-workshop-brasil\/#breadcrumb"},"inLanguage":"pt-BR","potentialAction":[{"@type":"ReadAction","target":["https:\/\/www.travel3.com.br\/site\/acontece-no-turismo\/diversa-anuncia-2a-edicao-do-workshop-brasil\/"]}]},{"@type":"ImageObject","inLanguage":"pt-BR","@id":"https:\/\/www.travel3.com.br\/site\/acontece-no-turismo\/diversa-anuncia-2a-edicao-do-workshop-brasil\/#primaryimage","url":"https:\/\/www.travel3.com.br\/site\/wp-content\/uploads\/2024\/06\/Mariana-Azevedo-Arnaldo-Franken-e-Adriana-Fredericce-Credito-B2LIVE.jpeg","contentUrl":"https:\/\/www.travel3.com.br\/site\/wp-content\/uploads\/2024\/06\/Mariana-Azevedo-Arnaldo-Franken-e-Adriana-Fredericce-Credito-B2LIVE.jpeg","width":1280,"height":705,"caption":"Mariana Azevedo, Arnaldo Franken e Adriana Fredericce, na Edi\u00e7\u00e3o 2023 do Workshop Brasil Diversa, que aconteceu em Porto Seguro, BA (Foto: B2LIVE\/Divulga\u00e7\u00e3o)"},{"@type":"BreadcrumbList","@id":"https:\/\/www.travel3.com.br\/site\/acontece-no-turismo\/diversa-anuncia-2a-edicao-do-workshop-brasil\/#breadcrumb","itemListElement":[{"@type":"ListItem","position":1,"name":"In\u00edcio","item":"https:\/\/www.travel3.com.br\/site\/"},{"@type":"ListItem","position":2,"name":"Diversa anuncia 2\u00aa edi\u00e7\u00e3o do Workshop Brasil"}]},{"@type":"WebSite","@id":"https:\/\/www.travel3.com.br\/site\/#website","url":"https:\/\/www.travel3.com.br\/site\/","name":"Travel3","description":"Lazer + Neg&oacute;cios + Aventura","publisher":{"@id":"https:\/\/www.travel3.com.br\/site\/#organization"},"potentialAction":[{"@type":"SearchAction","target":{"@type":"EntryPoint","urlTemplate":"https:\/\/www.travel3.com.br\/site\/?s={search_term_string}"},"query-input":{"@type":"PropertyValueSpecification","valueRequired":true,"valueName":"search_term_string"}}],"inLanguage":"pt-BR"},{"@type":"Organization","@id":"https:\/\/www.travel3.com.br\/site\/#organization","name":"Travel3","url":"https:\/\/www.travel3.com.br\/site\/","logo":{"@type":"ImageObject","inLanguage":"pt-BR","@id":"https:\/\/www.travel3.com.br\/site\/#\/schema\/logo\/image\/","url":"https:\/\/www.travel3.com.br\/site\/wp-content\/uploads\/2020\/01\/logo-travel3-2020.png","contentUrl":"https:\/\/www.travel3.com.br\/site\/wp-content\/uploads\/2020\/01\/logo-travel3-2020.png","width":232,"height":79,"caption":"Travel3"},"image":{"@id":"https:\/\/www.travel3.com.br\/site\/#\/schema\/logo\/image\/"},"sameAs":["https:\/\/www.facebook.com\/travel3media\/","https:\/\/www.instagram.com\/revistatravel3\/","https:\/\/www.youtube.com\/channel\/UCno7J4paGBR3VbZQzvoJ9Eg"]},{"@type":"Person","@id":"https:\/\/www.travel3.com.br\/site\/#\/schema\/person\/9cff8daac0a2f1aa0799f827b8aa8308","name":"Reda\u00e7\u00e3o Travel3","image":{"@type":"ImageObject","inLanguage":"pt-BR","@id":"https:\/\/www.travel3.com.br\/site\/#\/schema\/person\/image\/","url":"https:\/\/secure.gravatar.com\/avatar\/6e6125525e1f04b7b8c607d71556e490?s=96&d=mm&r=g","contentUrl":"https:\/\/secure.gravatar.com\/avatar\/6e6125525e1f04b7b8c607d71556e490?s=96&d=mm&r=g","caption":"Reda\u00e7\u00e3o Travel3"},"sameAs":["http:\/\/www.travel3.com.br"],"url":"https:\/\/www.travel3.com.br\/site\/author\/redacao2\/"}]}},"_links":{"self":[{"href":"https:\/\/www.travel3.com.br\/site\/wp-json\/wp\/v2\/posts\/68975","targetHints":{"allow":["GET"]}}],"collection":[{"href":"https:\/\/www.travel3.com.br\/site\/wp-json\/wp\/v2\/posts"}],"about":[{"href":"https:\/\/www.travel3.com.br\/site\/wp-json\/wp\/v2\/types\/post"}],"author":[{"embeddable":true,"href":"https:\/\/www.travel3.com.br\/site\/wp-json\/wp\/v2\/users\/6"}],"replies":[{"embeddable":true,"href":"https:\/\/www.travel3.com.br\/site\/wp-json\/wp\/v2\/comments?post=68975"}],"version-history":[{"count":14,"href":"https:\/\/www.travel3.com.br\/site\/wp-json\/wp\/v2\/posts\/68975\/revisions"}],"predecessor-version":[{"id":69020,"href":"https:\/\/www.travel3.com.br\/site\/wp-json\/wp\/v2\/posts\/68975\/revisions\/69020"}],"wp:featuredmedia":[{"embeddable":true,"href":"https:\/\/www.travel3.com.br\/site\/wp-json\/wp\/v2\/media\/68977"}],"wp:attachment":[{"href":"https:\/\/www.travel3.com.br\/site\/wp-json\/wp\/v2\/media?parent=68975"}],"wp:term":[{"taxonomy":"category","embeddable":true,"href":"https:\/\/www.travel3.com.br\/site\/wp-json\/wp\/v2\/categories?post=68975"},{"taxonomy":"post_tag","embeddable":true,"href":"https:\/\/www.travel3.com.br\/site\/wp-json\/wp\/v2\/tags?post=68975"}],"curies":[{"name":"wp","href":"https:\/\/api.w.org\/{rel}","templated":true}]}}