{"id":68572,"date":"2024-05-29T08:04:00","date_gmt":"2024-05-29T11:04:00","guid":{"rendered":"https:\/\/www.travel3.com.br\/?p=68572"},"modified":"2024-05-28T21:04:45","modified_gmt":"2024-05-29T00:04:45","slug":"dicas-para-aproveitar-o-rio-de-janeiro-no-feriado","status":"publish","type":"post","link":"https:\/\/www.travel3.com.br\/site\/ferias-e-feriados\/dicas-para-aproveitar-o-rio-de-janeiro-no-feriado\/","title":{"rendered":"Dicas para aproveitar o Rio de Janeiro no feriado"},"content":{"rendered":"\n<h2 class=\"wp-block-heading\">Neste Corpus Christi, descubra passeios, gastronomia e relaxamento na Cidade Maravilhosa <\/h2>\n\n\n\n<p>Durante o feriado prolongado de Corpus Christi, o Rio de Janeiro oferece uma variedade de atividades para turistas e tamb\u00e9m moradores explorarem. De passeios relaxantes a experi\u00eancias gastron\u00f4micas, h\u00e1 op\u00e7\u00f5es para todos os gostos. Confira abaixo algumas sugest\u00f5es para aproveitar ao m\u00e1ximo os quatro dias na cidade maravilhosa.<\/p>\n\n\n\n<div class=\"wp-block-image\"><figure class=\"aligncenter size-large is-resized\"><img loading=\"lazy\" decoding=\"async\" src=\"https:\/\/www.travel3.com.br\/site\/wp-content\/uploads\/2024\/05\/Hotel-Arpoador-Rio-de-Janeiro_Easy-Resize.com_-1024x679.jpg\" alt=\"Hotel Arpoador - Rio de Janeiro_\" class=\"wp-image-68577\" width=\"639\" height=\"423\" srcset=\"https:\/\/www.travel3.com.br\/site\/wp-content\/uploads\/2024\/05\/Hotel-Arpoador-Rio-de-Janeiro_Easy-Resize.com_-1024x679.jpg 1024w, https:\/\/www.travel3.com.br\/site\/wp-content\/uploads\/2024\/05\/Hotel-Arpoador-Rio-de-Janeiro_Easy-Resize.com_-300x199.jpg 300w, https:\/\/www.travel3.com.br\/site\/wp-content\/uploads\/2024\/05\/Hotel-Arpoador-Rio-de-Janeiro_Easy-Resize.com_-768x509.jpg 768w, https:\/\/www.travel3.com.br\/site\/wp-content\/uploads\/2024\/05\/Hotel-Arpoador-Rio-de-Janeiro_Easy-Resize.com_-150x99.jpg 150w, https:\/\/www.travel3.com.br\/site\/wp-content\/uploads\/2024\/05\/Hotel-Arpoador-Rio-de-Janeiro_Easy-Resize.com_-750x497.jpg 750w, https:\/\/www.travel3.com.br\/site\/wp-content\/uploads\/2024\/05\/Hotel-Arpoador-Rio-de-Janeiro_Easy-Resize.com_-1140x756.jpg 1140w, https:\/\/www.travel3.com.br\/site\/wp-content\/uploads\/2024\/05\/Hotel-Arpoador-Rio-de-Janeiro_Easy-Resize.com_.jpg 1280w\" sizes=\"auto, (max-width: 639px) 100vw, 639px\" \/><figcaption><em>\u00a0<\/em>Hotel Arpoador, sede do Arp Bar (Foto: Divulga\u00e7\u00e3o)<\/figcaption><\/figure><\/div>\n\n\n\n<h3 class=\"wp-block-heading\">Explore a Gastronomia Local<\/h3>\n\n\n\n<p>No <strong><a href=\"https:\/\/www.instagram.com\/arpbar\/\" target=\"_blank\" rel=\"noreferrer noopener\">Arp Bar<\/a><\/strong>, situado \u00e0 beira-mar no Hotel Arpoador, os visitantes podem desfrutar de um happy hour com m\u00fasica ao vivo todas as quintas-feiras. Com uma vista deslumbrante do p\u00f4r do sol do Arpoador, os coquet\u00e9is exclusivos e os petiscos preparados no forno \u00e0 carv\u00e3o s\u00e3o uma \u00f3tima pedida. O evento &#8220;<strong>Noites Gostosas<\/strong>&#8221; combina jazz ao vivo com gastronomia refinada, e \u00e9 uma op\u00e7\u00e3o para os amantes da m\u00fasica e da boa comida.<\/p>\n\n\n\n<div class=\"wp-block-image\"><figure class=\"aligncenter size-large is-resized\"><img loading=\"lazy\" decoding=\"async\" src=\"https:\/\/www.travel3.com.br\/site\/wp-content\/uploads\/2024\/05\/Ostras-no-vapor-Restaurante-Noa_Easy-Resize.com_-1024x1024.jpg\" alt=\"Ostras no vapor - Restaurante N\u00f4a - Rio de Janeiro\" class=\"wp-image-68578\" width=\"495\" height=\"495\" srcset=\"https:\/\/www.travel3.com.br\/site\/wp-content\/uploads\/2024\/05\/Ostras-no-vapor-Restaurante-Noa_Easy-Resize.com_-1024x1024.jpg 1024w, https:\/\/www.travel3.com.br\/site\/wp-content\/uploads\/2024\/05\/Ostras-no-vapor-Restaurante-Noa_Easy-Resize.com_-300x300.jpg 300w, https:\/\/www.travel3.com.br\/site\/wp-content\/uploads\/2024\/05\/Ostras-no-vapor-Restaurante-Noa_Easy-Resize.com_-150x150.jpg 150w, https:\/\/www.travel3.com.br\/site\/wp-content\/uploads\/2024\/05\/Ostras-no-vapor-Restaurante-Noa_Easy-Resize.com_-768x768.jpg 768w, https:\/\/www.travel3.com.br\/site\/wp-content\/uploads\/2024\/05\/Ostras-no-vapor-Restaurante-Noa_Easy-Resize.com_-96x96.jpg 96w, https:\/\/www.travel3.com.br\/site\/wp-content\/uploads\/2024\/05\/Ostras-no-vapor-Restaurante-Noa_Easy-Resize.com_-75x75.jpg 75w, https:\/\/www.travel3.com.br\/site\/wp-content\/uploads\/2024\/05\/Ostras-no-vapor-Restaurante-Noa_Easy-Resize.com_-350x350.jpg 350w, https:\/\/www.travel3.com.br\/site\/wp-content\/uploads\/2024\/05\/Ostras-no-vapor-Restaurante-Noa_Easy-Resize.com_-750x750.jpg 750w, https:\/\/www.travel3.com.br\/site\/wp-content\/uploads\/2024\/05\/Ostras-no-vapor-Restaurante-Noa_Easy-Resize.com_-1140x1140.jpg 1140w, https:\/\/www.travel3.com.br\/site\/wp-content\/uploads\/2024\/05\/Ostras-no-vapor-Restaurante-Noa_Easy-Resize.com_.jpg 1280w\" sizes=\"auto, (max-width: 495px) 100vw, 495px\" \/><figcaption>Ostras no vapor &#8211; Restaurante N\u00f4a (Foto: Divulga\u00e7\u00e3o)<\/figcaption><\/figure><\/div>\n\n\n\n<p>O <strong><a href=\"https:\/\/noaipanema.com.br\/\" target=\"_blank\" rel=\"noreferrer noopener\">Restaurante N\u00f4a<\/a><\/strong> oferece culin\u00e1ria mediterr\u00e2nea, com destaque para os sabores frescos e saud\u00e1veis da regi\u00e3o. Com um menu diversificado que inclui desde pratos de pescados frescos at\u00e9 sobremesas irresist\u00edveis, o N\u00f4a promete surpreender at\u00e9 os paladares mais exigentes.<\/p>\n\n\n\n<h3 class=\"wp-block-heading\">Descubra Pontos Tur\u00edsticos<\/h3>\n\n\n\n<p>Para os amantes da natureza, os passeios de barco na Lagoa de Marapendi garantem uma oportunidade relaxante de explorar a beleza natural da Reserva Biol\u00f3gica de Marapendi. Com vista para as \u00e1guas calmas e a vegeta\u00e7\u00e3o nativa, \u00e9 um passeio ideal para quem busca tranquilidade.<\/p>\n\n\n\n<div class=\"wp-block-image\"><figure class=\"aligncenter size-full is-resized\"><img loading=\"lazy\" decoding=\"async\" src=\"https:\/\/www.travel3.com.br\/site\/wp-content\/uploads\/2024\/05\/Pedra-da-Gavea-credito-Riotur.jpg\" alt=\"Pedra da G\u00e1vea (cr\u00e9dito - Riotur)\" class=\"wp-image-68573\" width=\"579\" height=\"383\" srcset=\"https:\/\/www.travel3.com.br\/site\/wp-content\/uploads\/2024\/05\/Pedra-da-Gavea-credito-Riotur.jpg 1024w, https:\/\/www.travel3.com.br\/site\/wp-content\/uploads\/2024\/05\/Pedra-da-Gavea-credito-Riotur-300x199.jpg 300w, https:\/\/www.travel3.com.br\/site\/wp-content\/uploads\/2024\/05\/Pedra-da-Gavea-credito-Riotur-768x509.jpg 768w, https:\/\/www.travel3.com.br\/site\/wp-content\/uploads\/2024\/05\/Pedra-da-Gavea-credito-Riotur-150x99.jpg 150w, https:\/\/www.travel3.com.br\/site\/wp-content\/uploads\/2024\/05\/Pedra-da-Gavea-credito-Riotur-750x497.jpg 750w\" sizes=\"auto, (max-width: 579px) 100vw, 579px\" \/><figcaption> Pedra da G\u00e1vea (Foto: Riotur\/Divulga\u00e7\u00e3o)<\/figcaption><\/figure><\/div>\n\n\n\n<p>J\u00e1 a trilha na Pedra de G\u00e1vea \u00e9 uma aventura desafiadora, mas recompensadora. Embora seja uma trilha exigente, a vista do topo \u00e9 inigual\u00e1vel e vale o esfor\u00e7o.<\/p>\n\n\n\n<p>A Praia da Barra da Tijuca, com seus 14 km de extens\u00e3o, \u00e9 o local ideal para relaxar e desfrutar do sol e do mar. Com uma variedade de atividades aqu\u00e1ticas e uma animada vida noturna, a praia oferece op\u00e7\u00f5es para todos os gostos.<\/p>\n\n\n\n<div class=\"wp-block-image\"><figure class=\"aligncenter size-large is-resized\"><img loading=\"lazy\" decoding=\"async\" src=\"https:\/\/www.travel3.com.br\/site\/wp-content\/uploads\/2024\/05\/Suite-Gavea-do-Laghetto-Stilo-Barra_Easy-Resize.com_-1024x690.jpg\" alt=\"Su\u00edte G\u00e1vea do Laghetto Stilo Barra\" class=\"wp-image-68575\" width=\"704\" height=\"474\" srcset=\"https:\/\/www.travel3.com.br\/site\/wp-content\/uploads\/2024\/05\/Suite-Gavea-do-Laghetto-Stilo-Barra_Easy-Resize.com_-1024x690.jpg 1024w, https:\/\/www.travel3.com.br\/site\/wp-content\/uploads\/2024\/05\/Suite-Gavea-do-Laghetto-Stilo-Barra_Easy-Resize.com_-300x202.jpg 300w, https:\/\/www.travel3.com.br\/site\/wp-content\/uploads\/2024\/05\/Suite-Gavea-do-Laghetto-Stilo-Barra_Easy-Resize.com_-768x518.jpg 768w, https:\/\/www.travel3.com.br\/site\/wp-content\/uploads\/2024\/05\/Suite-Gavea-do-Laghetto-Stilo-Barra_Easy-Resize.com_-150x101.jpg 150w, https:\/\/www.travel3.com.br\/site\/wp-content\/uploads\/2024\/05\/Suite-Gavea-do-Laghetto-Stilo-Barra_Easy-Resize.com_-750x506.jpg 750w, https:\/\/www.travel3.com.br\/site\/wp-content\/uploads\/2024\/05\/Suite-Gavea-do-Laghetto-Stilo-Barra_Easy-Resize.com_-1140x769.jpg 1140w, https:\/\/www.travel3.com.br\/site\/wp-content\/uploads\/2024\/05\/Suite-Gavea-do-Laghetto-Stilo-Barra_Easy-Resize.com_.jpg 1280w\" sizes=\"auto, (max-width: 704px) 100vw, 704px\" \/><figcaption>Su\u00edte G\u00e1vea do Laghetto Stilo Barra (Foto: Divulga\u00e7\u00e3o)<\/figcaption><\/figure><\/div>\n\n\n\n<h3 class=\"wp-block-heading\">Op\u00e7\u00f5es de Refei\u00e7\u00e3o e Hospedagem na Zona Sul<\/h3>\n\n\n\n<p>O <strong><a href=\"https:\/\/www.laghettohoteis.com.br\/hoteis\/barra\" target=\"_blank\" rel=\"noreferrer noopener\">Laghetto Stilo Barra Rio <\/a><\/strong>oferece uma variedade de op\u00e7\u00f5es gastron\u00f4micas e uma vista deslumbrante da praia da Barra da Tijuca. Com um menu \u00e0 la carte e um buffet de caf\u00e9 da manh\u00e3 completo, que pode ser inclu\u00eddo na di\u00e1ria dos h\u00f3spedes ou servido \u00e0 vontade para n\u00e3o h\u00f3spedes pelo valor de R$ 69,90 por pessoa, \u00e9 o local perfeito para uma pausa durante o dia. Para os turistas que estiverem no Rio de Janeiro durante o feriado, \u00e9 permitido levar os animais de estima\u00e7\u00e3o para a acomoda\u00e7\u00e3o.<\/p>\n\n\n\n<p>Para aqueles que procuram relaxar, o <strong><a href=\"https:\/\/cityandsea.shop\/collections\/massagens-ipanema-inn\" target=\"_blank\" rel=\"noreferrer noopener\">Ipanema Inn <\/a><\/strong>proporciona variados tratamentos no seu Spa, incluindo massagens para casais. Tamb\u00e9m atende n\u00e3o h\u00f3spedes, e \u00e9 uma maneira ideal de recarregar as energias durante o feriado prolongado.<\/p>\n\n\n\n<div class=\"wp-block-image\"><figure class=\"aligncenter size-large is-resized\"><img loading=\"lazy\" decoding=\"async\" src=\"https:\/\/www.travel3.com.br\/site\/wp-content\/uploads\/2024\/05\/Brewteco-Morro-da-Urca_Easy-Resize.com_-1024x682.jpg\" alt=\"Brewteco Morro da Urca\" class=\"wp-image-68581\" width=\"504\" height=\"335\" srcset=\"https:\/\/www.travel3.com.br\/site\/wp-content\/uploads\/2024\/05\/Brewteco-Morro-da-Urca_Easy-Resize.com_-1024x682.jpg 1024w, https:\/\/www.travel3.com.br\/site\/wp-content\/uploads\/2024\/05\/Brewteco-Morro-da-Urca_Easy-Resize.com_-300x200.jpg 300w, https:\/\/www.travel3.com.br\/site\/wp-content\/uploads\/2024\/05\/Brewteco-Morro-da-Urca_Easy-Resize.com_-768x512.jpg 768w, https:\/\/www.travel3.com.br\/site\/wp-content\/uploads\/2024\/05\/Brewteco-Morro-da-Urca_Easy-Resize.com_-150x100.jpg 150w, https:\/\/www.travel3.com.br\/site\/wp-content\/uploads\/2024\/05\/Brewteco-Morro-da-Urca_Easy-Resize.com_-750x500.jpg 750w, https:\/\/www.travel3.com.br\/site\/wp-content\/uploads\/2024\/05\/Brewteco-Morro-da-Urca_Easy-Resize.com_-1140x760.jpg 1140w, https:\/\/www.travel3.com.br\/site\/wp-content\/uploads\/2024\/05\/Brewteco-Morro-da-Urca_Easy-Resize.com_.jpg 1280w\" sizes=\"auto, (max-width: 504px) 100vw, 504px\" \/><figcaption>Brewteco Morro da Urca (Foto: Divulga\u00e7\u00e3o)<\/figcaption><\/figure><\/div>\n\n\n\n<h3 class=\"wp-block-heading\">Relaxe e Aprecie a Paisagem<\/h3>\n\n\n\n<p>No <strong><a href=\"https:\/\/brewteco.com.br\/brew-morro-da-urca\/\" target=\"_blank\" rel=\"noreferrer noopener\">Brewteco Morro da Urca<\/a><\/strong>, os visitantes podem desfrutar de uma vista panor\u00e2mica da praia Vermelha e do P\u00e3o de A\u00e7\u00facar enquanto saboreiam drinks e petiscos. Em noites de lua cheia, a experi\u00eancia se torna ainda mais especial, tornando-se um destino popular para apreciar o p\u00f4r do sol e o c\u00e9u estrelado.<\/p>\n\n\n\n<p>Com uma variedade de op\u00e7\u00f5es de lazer e gastronomia, o <strong><a href=\"https:\/\/www.travel3.com.br\/comece-a-viajar\/5-programas-para-um-tour-de-bem-estar-no-rio-de-janeiro\/\" target=\"_blank\" rel=\"noreferrer noopener\">Rio de Janeiro <\/a><\/strong>oferece uma infinidade de experi\u00eancias para este feriado de Corpus Christi. Dos passeios relaxantes \u00e0 aventuras emocionantes, sempre haver\u00e1 algo para todos aproveitarem neste destino ic\u00f4nico.<\/p>\n\n\n\n<p><\/p>\n","protected":false},"excerpt":{"rendered":"<p>Neste Corpus Christi, descubra passeios, gastronomia e relaxamento na Cidade Maravilhosa<\/p>\n","protected":false},"author":6,"featured_media":68585,"comment_status":"open","ping_status":"open","sticky":false,"template":"","format":"standard","meta":{"footnotes":""},"categories":[162],"tags":[1987,6132,923,6133],"class_list":["post-68572","post","type-post","status-publish","format-standard","has-post-thumbnail","hentry","category-ferias-e-feriados","tag-corpus-christi","tag-feriados-no-rio-de-janeiro","tag-rio-de-janeiro","tag-rj"],"yoast_head":"<!-- This site is optimized with the Yoast SEO plugin v26.2 - https:\/\/yoast.com\/wordpress\/plugins\/seo\/ -->\n<title>Dicas para aproveitar o Rio de Janeiro no feriado - Travel3<\/title>\n<meta name=\"description\" content=\"Dicas para aproveitar o Rio de Janeiro no feriado; Neste Corpus Christi, descubra passeios, gastronomia e relaxamento na Cidade Maravilhosa\" \/>\n<meta name=\"robots\" content=\"index, follow, max-snippet:-1, max-image-preview:large, max-video-preview:-1\" \/>\n<link rel=\"canonical\" href=\"https:\/\/www.travel3.com.br\/site\/ferias-e-feriados\/dicas-para-aproveitar-o-rio-de-janeiro-no-feriado\/\" \/>\n<meta property=\"og:locale\" content=\"pt_BR\" \/>\n<meta property=\"og:type\" content=\"article\" \/>\n<meta property=\"og:title\" content=\"Dicas para aproveitar o Rio de Janeiro no feriado - Travel3\" \/>\n<meta property=\"og:description\" content=\"Dicas para aproveitar o Rio de Janeiro no feriado; Neste Corpus Christi, descubra passeios, gastronomia e relaxamento na Cidade Maravilhosa\" \/>\n<meta property=\"og:url\" content=\"https:\/\/www.travel3.com.br\/site\/ferias-e-feriados\/dicas-para-aproveitar-o-rio-de-janeiro-no-feriado\/\" \/>\n<meta property=\"og:site_name\" content=\"Travel3\" \/>\n<meta property=\"article:publisher\" content=\"https:\/\/www.facebook.com\/travel3media\/\" \/>\n<meta property=\"article:published_time\" content=\"2024-05-29T11:04:00+00:00\" \/>\n<meta property=\"og:image\" content=\"https:\/\/www.travel3.com.br\/site\/wp-content\/uploads\/2024\/05\/Lagoa-de-Marapendi-RJ_Easy-Resize.com_.jpg\" \/>\n\t<meta property=\"og:image:width\" content=\"1280\" \/>\n\t<meta property=\"og:image:height\" content=\"854\" \/>\n\t<meta property=\"og:image:type\" content=\"image\/jpeg\" \/>\n<meta name=\"author\" content=\"Reda\u00e7\u00e3o Travel3\" \/>\n<meta name=\"twitter:card\" content=\"summary_large_image\" \/>\n<meta name=\"twitter:label1\" content=\"Escrito por\" \/>\n\t<meta name=\"twitter:data1\" content=\"Reda\u00e7\u00e3o Travel3\" \/>\n\t<meta name=\"twitter:label2\" content=\"Est. tempo de leitura\" \/>\n\t<meta name=\"twitter:data2\" content=\"5 minutos\" \/>\n<script type=\"application\/ld+json\" class=\"yoast-schema-graph\">{\"@context\":\"https:\/\/schema.org\",\"@graph\":[{\"@type\":\"Article\",\"@id\":\"https:\/\/www.travel3.com.br\/site\/ferias-e-feriados\/dicas-para-aproveitar-o-rio-de-janeiro-no-feriado\/#article\",\"isPartOf\":{\"@id\":\"https:\/\/www.travel3.com.br\/site\/ferias-e-feriados\/dicas-para-aproveitar-o-rio-de-janeiro-no-feriado\/\"},\"author\":{\"name\":\"Reda\u00e7\u00e3o Travel3\",\"@id\":\"https:\/\/www.travel3.com.br\/site\/#\/schema\/person\/9cff8daac0a2f1aa0799f827b8aa8308\"},\"headline\":\"Dicas para aproveitar o Rio de Janeiro no feriado\",\"datePublished\":\"2024-05-29T11:04:00+00:00\",\"mainEntityOfPage\":{\"@id\":\"https:\/\/www.travel3.com.br\/site\/ferias-e-feriados\/dicas-para-aproveitar-o-rio-de-janeiro-no-feriado\/\"},\"wordCount\":614,\"commentCount\":0,\"publisher\":{\"@id\":\"https:\/\/www.travel3.com.br\/site\/#organization\"},\"image\":{\"@id\":\"https:\/\/www.travel3.com.br\/site\/ferias-e-feriados\/dicas-para-aproveitar-o-rio-de-janeiro-no-feriado\/#primaryimage\"},\"thumbnailUrl\":\"https:\/\/www.travel3.com.br\/site\/wp-content\/uploads\/2024\/05\/Lagoa-de-Marapendi-RJ_Easy-Resize.com_.jpg\",\"keywords\":[\"corpus christi\",\"feriados no rio de janeiro\",\"Rio de Janeiro\",\"RJ\"],\"articleSection\":[\"F\u00e9rias e Feriados\"],\"inLanguage\":\"pt-BR\",\"potentialAction\":[{\"@type\":\"CommentAction\",\"name\":\"Comment\",\"target\":[\"https:\/\/www.travel3.com.br\/site\/ferias-e-feriados\/dicas-para-aproveitar-o-rio-de-janeiro-no-feriado\/#respond\"]}]},{\"@type\":\"WebPage\",\"@id\":\"https:\/\/www.travel3.com.br\/site\/ferias-e-feriados\/dicas-para-aproveitar-o-rio-de-janeiro-no-feriado\/\",\"url\":\"https:\/\/www.travel3.com.br\/site\/ferias-e-feriados\/dicas-para-aproveitar-o-rio-de-janeiro-no-feriado\/\",\"name\":\"Dicas para aproveitar o Rio de Janeiro no feriado - Travel3\",\"isPartOf\":{\"@id\":\"https:\/\/www.travel3.com.br\/site\/#website\"},\"primaryImageOfPage\":{\"@id\":\"https:\/\/www.travel3.com.br\/site\/ferias-e-feriados\/dicas-para-aproveitar-o-rio-de-janeiro-no-feriado\/#primaryimage\"},\"image\":{\"@id\":\"https:\/\/www.travel3.com.br\/site\/ferias-e-feriados\/dicas-para-aproveitar-o-rio-de-janeiro-no-feriado\/#primaryimage\"},\"thumbnailUrl\":\"https:\/\/www.travel3.com.br\/site\/wp-content\/uploads\/2024\/05\/Lagoa-de-Marapendi-RJ_Easy-Resize.com_.jpg\",\"datePublished\":\"2024-05-29T11:04:00+00:00\",\"description\":\"Dicas para aproveitar o Rio de Janeiro no feriado; Neste Corpus Christi, descubra passeios, gastronomia e relaxamento na Cidade Maravilhosa\",\"breadcrumb\":{\"@id\":\"https:\/\/www.travel3.com.br\/site\/ferias-e-feriados\/dicas-para-aproveitar-o-rio-de-janeiro-no-feriado\/#breadcrumb\"},\"inLanguage\":\"pt-BR\",\"potentialAction\":[{\"@type\":\"ReadAction\",\"target\":[\"https:\/\/www.travel3.com.br\/site\/ferias-e-feriados\/dicas-para-aproveitar-o-rio-de-janeiro-no-feriado\/\"]}]},{\"@type\":\"ImageObject\",\"inLanguage\":\"pt-BR\",\"@id\":\"https:\/\/www.travel3.com.br\/site\/ferias-e-feriados\/dicas-para-aproveitar-o-rio-de-janeiro-no-feriado\/#primaryimage\",\"url\":\"https:\/\/www.travel3.com.br\/site\/wp-content\/uploads\/2024\/05\/Lagoa-de-Marapendi-RJ_Easy-Resize.com_.jpg\",\"contentUrl\":\"https:\/\/www.travel3.com.br\/site\/wp-content\/uploads\/2024\/05\/Lagoa-de-Marapendi-RJ_Easy-Resize.com_.jpg\",\"width\":1280,\"height\":854,\"caption\":\"Lagoa de Marapendi, no Rio de Janeiro (Foto: Divulga\u00e7\u00e3o)\"},{\"@type\":\"BreadcrumbList\",\"@id\":\"https:\/\/www.travel3.com.br\/site\/ferias-e-feriados\/dicas-para-aproveitar-o-rio-de-janeiro-no-feriado\/#breadcrumb\",\"itemListElement\":[{\"@type\":\"ListItem\",\"position\":1,\"name\":\"In\u00edcio\",\"item\":\"https:\/\/www.travel3.com.br\/site\/\"},{\"@type\":\"ListItem\",\"position\":2,\"name\":\"Dicas para aproveitar o Rio de Janeiro no feriado\"}]},{\"@type\":\"WebSite\",\"@id\":\"https:\/\/www.travel3.com.br\/site\/#website\",\"url\":\"https:\/\/www.travel3.com.br\/site\/\",\"name\":\"Travel3\",\"description\":\"Lazer + Neg&oacute;cios + Aventura\",\"publisher\":{\"@id\":\"https:\/\/www.travel3.com.br\/site\/#organization\"},\"potentialAction\":[{\"@type\":\"SearchAction\",\"target\":{\"@type\":\"EntryPoint\",\"urlTemplate\":\"https:\/\/www.travel3.com.br\/site\/?s={search_term_string}\"},\"query-input\":{\"@type\":\"PropertyValueSpecification\",\"valueRequired\":true,\"valueName\":\"search_term_string\"}}],\"inLanguage\":\"pt-BR\"},{\"@type\":\"Organization\",\"@id\":\"https:\/\/www.travel3.com.br\/site\/#organization\",\"name\":\"Travel3\",\"url\":\"https:\/\/www.travel3.com.br\/site\/\",\"logo\":{\"@type\":\"ImageObject\",\"inLanguage\":\"pt-BR\",\"@id\":\"https:\/\/www.travel3.com.br\/site\/#\/schema\/logo\/image\/\",\"url\":\"https:\/\/www.travel3.com.br\/site\/wp-content\/uploads\/2020\/01\/logo-travel3-2020.png\",\"contentUrl\":\"https:\/\/www.travel3.com.br\/site\/wp-content\/uploads\/2020\/01\/logo-travel3-2020.png\",\"width\":232,\"height\":79,\"caption\":\"Travel3\"},\"image\":{\"@id\":\"https:\/\/www.travel3.com.br\/site\/#\/schema\/logo\/image\/\"},\"sameAs\":[\"https:\/\/www.facebook.com\/travel3media\/\",\"https:\/\/www.instagram.com\/revistatravel3\/\",\"https:\/\/www.youtube.com\/channel\/UCno7J4paGBR3VbZQzvoJ9Eg\"]},{\"@type\":\"Person\",\"@id\":\"https:\/\/www.travel3.com.br\/site\/#\/schema\/person\/9cff8daac0a2f1aa0799f827b8aa8308\",\"name\":\"Reda\u00e7\u00e3o Travel3\",\"image\":{\"@type\":\"ImageObject\",\"inLanguage\":\"pt-BR\",\"@id\":\"https:\/\/www.travel3.com.br\/site\/#\/schema\/person\/image\/\",\"url\":\"https:\/\/secure.gravatar.com\/avatar\/6e6125525e1f04b7b8c607d71556e490?s=96&d=mm&r=g\",\"contentUrl\":\"https:\/\/secure.gravatar.com\/avatar\/6e6125525e1f04b7b8c607d71556e490?s=96&d=mm&r=g\",\"caption\":\"Reda\u00e7\u00e3o Travel3\"},\"sameAs\":[\"http:\/\/www.travel3.com.br\"],\"url\":\"https:\/\/www.travel3.com.br\/site\/author\/redacao2\/\"}]}<\/script>\n<!-- \/ Yoast SEO plugin. -->","yoast_head_json":{"title":"Dicas para aproveitar o Rio de Janeiro no feriado - Travel3","description":"Dicas para aproveitar o Rio de Janeiro no feriado; Neste Corpus Christi, descubra passeios, gastronomia e relaxamento na Cidade Maravilhosa","robots":{"index":"index","follow":"follow","max-snippet":"max-snippet:-1","max-image-preview":"max-image-preview:large","max-video-preview":"max-video-preview:-1"},"canonical":"https:\/\/www.travel3.com.br\/site\/ferias-e-feriados\/dicas-para-aproveitar-o-rio-de-janeiro-no-feriado\/","og_locale":"pt_BR","og_type":"article","og_title":"Dicas para aproveitar o Rio de Janeiro no feriado - Travel3","og_description":"Dicas para aproveitar o Rio de Janeiro no feriado; Neste Corpus Christi, descubra passeios, gastronomia e relaxamento na Cidade Maravilhosa","og_url":"https:\/\/www.travel3.com.br\/site\/ferias-e-feriados\/dicas-para-aproveitar-o-rio-de-janeiro-no-feriado\/","og_site_name":"Travel3","article_publisher":"https:\/\/www.facebook.com\/travel3media\/","article_published_time":"2024-05-29T11:04:00+00:00","og_image":[{"width":1280,"height":854,"url":"https:\/\/www.travel3.com.br\/site\/wp-content\/uploads\/2024\/05\/Lagoa-de-Marapendi-RJ_Easy-Resize.com_.jpg","type":"image\/jpeg"}],"author":"Reda\u00e7\u00e3o Travel3","twitter_card":"summary_large_image","twitter_misc":{"Escrito por":"Reda\u00e7\u00e3o Travel3","Est. tempo de leitura":"5 minutos"},"schema":{"@context":"https:\/\/schema.org","@graph":[{"@type":"Article","@id":"https:\/\/www.travel3.com.br\/site\/ferias-e-feriados\/dicas-para-aproveitar-o-rio-de-janeiro-no-feriado\/#article","isPartOf":{"@id":"https:\/\/www.travel3.com.br\/site\/ferias-e-feriados\/dicas-para-aproveitar-o-rio-de-janeiro-no-feriado\/"},"author":{"name":"Reda\u00e7\u00e3o Travel3","@id":"https:\/\/www.travel3.com.br\/site\/#\/schema\/person\/9cff8daac0a2f1aa0799f827b8aa8308"},"headline":"Dicas para aproveitar o Rio de Janeiro no feriado","datePublished":"2024-05-29T11:04:00+00:00","mainEntityOfPage":{"@id":"https:\/\/www.travel3.com.br\/site\/ferias-e-feriados\/dicas-para-aproveitar-o-rio-de-janeiro-no-feriado\/"},"wordCount":614,"commentCount":0,"publisher":{"@id":"https:\/\/www.travel3.com.br\/site\/#organization"},"image":{"@id":"https:\/\/www.travel3.com.br\/site\/ferias-e-feriados\/dicas-para-aproveitar-o-rio-de-janeiro-no-feriado\/#primaryimage"},"thumbnailUrl":"https:\/\/www.travel3.com.br\/site\/wp-content\/uploads\/2024\/05\/Lagoa-de-Marapendi-RJ_Easy-Resize.com_.jpg","keywords":["corpus christi","feriados no rio de janeiro","Rio de Janeiro","RJ"],"articleSection":["F\u00e9rias e Feriados"],"inLanguage":"pt-BR","potentialAction":[{"@type":"CommentAction","name":"Comment","target":["https:\/\/www.travel3.com.br\/site\/ferias-e-feriados\/dicas-para-aproveitar-o-rio-de-janeiro-no-feriado\/#respond"]}]},{"@type":"WebPage","@id":"https:\/\/www.travel3.com.br\/site\/ferias-e-feriados\/dicas-para-aproveitar-o-rio-de-janeiro-no-feriado\/","url":"https:\/\/www.travel3.com.br\/site\/ferias-e-feriados\/dicas-para-aproveitar-o-rio-de-janeiro-no-feriado\/","name":"Dicas para aproveitar o Rio de Janeiro no feriado - Travel3","isPartOf":{"@id":"https:\/\/www.travel3.com.br\/site\/#website"},"primaryImageOfPage":{"@id":"https:\/\/www.travel3.com.br\/site\/ferias-e-feriados\/dicas-para-aproveitar-o-rio-de-janeiro-no-feriado\/#primaryimage"},"image":{"@id":"https:\/\/www.travel3.com.br\/site\/ferias-e-feriados\/dicas-para-aproveitar-o-rio-de-janeiro-no-feriado\/#primaryimage"},"thumbnailUrl":"https:\/\/www.travel3.com.br\/site\/wp-content\/uploads\/2024\/05\/Lagoa-de-Marapendi-RJ_Easy-Resize.com_.jpg","datePublished":"2024-05-29T11:04:00+00:00","description":"Dicas para aproveitar o Rio de Janeiro no feriado; Neste Corpus Christi, descubra passeios, gastronomia e relaxamento na Cidade Maravilhosa","breadcrumb":{"@id":"https:\/\/www.travel3.com.br\/site\/ferias-e-feriados\/dicas-para-aproveitar-o-rio-de-janeiro-no-feriado\/#breadcrumb"},"inLanguage":"pt-BR","potentialAction":[{"@type":"ReadAction","target":["https:\/\/www.travel3.com.br\/site\/ferias-e-feriados\/dicas-para-aproveitar-o-rio-de-janeiro-no-feriado\/"]}]},{"@type":"ImageObject","inLanguage":"pt-BR","@id":"https:\/\/www.travel3.com.br\/site\/ferias-e-feriados\/dicas-para-aproveitar-o-rio-de-janeiro-no-feriado\/#primaryimage","url":"https:\/\/www.travel3.com.br\/site\/wp-content\/uploads\/2024\/05\/Lagoa-de-Marapendi-RJ_Easy-Resize.com_.jpg","contentUrl":"https:\/\/www.travel3.com.br\/site\/wp-content\/uploads\/2024\/05\/Lagoa-de-Marapendi-RJ_Easy-Resize.com_.jpg","width":1280,"height":854,"caption":"Lagoa de Marapendi, no Rio de Janeiro (Foto: Divulga\u00e7\u00e3o)"},{"@type":"BreadcrumbList","@id":"https:\/\/www.travel3.com.br\/site\/ferias-e-feriados\/dicas-para-aproveitar-o-rio-de-janeiro-no-feriado\/#breadcrumb","itemListElement":[{"@type":"ListItem","position":1,"name":"In\u00edcio","item":"https:\/\/www.travel3.com.br\/site\/"},{"@type":"ListItem","position":2,"name":"Dicas para aproveitar o Rio de Janeiro no feriado"}]},{"@type":"WebSite","@id":"https:\/\/www.travel3.com.br\/site\/#website","url":"https:\/\/www.travel3.com.br\/site\/","name":"Travel3","description":"Lazer + Neg&oacute;cios + Aventura","publisher":{"@id":"https:\/\/www.travel3.com.br\/site\/#organization"},"potentialAction":[{"@type":"SearchAction","target":{"@type":"EntryPoint","urlTemplate":"https:\/\/www.travel3.com.br\/site\/?s={search_term_string}"},"query-input":{"@type":"PropertyValueSpecification","valueRequired":true,"valueName":"search_term_string"}}],"inLanguage":"pt-BR"},{"@type":"Organization","@id":"https:\/\/www.travel3.com.br\/site\/#organization","name":"Travel3","url":"https:\/\/www.travel3.com.br\/site\/","logo":{"@type":"ImageObject","inLanguage":"pt-BR","@id":"https:\/\/www.travel3.com.br\/site\/#\/schema\/logo\/image\/","url":"https:\/\/www.travel3.com.br\/site\/wp-content\/uploads\/2020\/01\/logo-travel3-2020.png","contentUrl":"https:\/\/www.travel3.com.br\/site\/wp-content\/uploads\/2020\/01\/logo-travel3-2020.png","width":232,"height":79,"caption":"Travel3"},"image":{"@id":"https:\/\/www.travel3.com.br\/site\/#\/schema\/logo\/image\/"},"sameAs":["https:\/\/www.facebook.com\/travel3media\/","https:\/\/www.instagram.com\/revistatravel3\/","https:\/\/www.youtube.com\/channel\/UCno7J4paGBR3VbZQzvoJ9Eg"]},{"@type":"Person","@id":"https:\/\/www.travel3.com.br\/site\/#\/schema\/person\/9cff8daac0a2f1aa0799f827b8aa8308","name":"Reda\u00e7\u00e3o Travel3","image":{"@type":"ImageObject","inLanguage":"pt-BR","@id":"https:\/\/www.travel3.com.br\/site\/#\/schema\/person\/image\/","url":"https:\/\/secure.gravatar.com\/avatar\/6e6125525e1f04b7b8c607d71556e490?s=96&d=mm&r=g","contentUrl":"https:\/\/secure.gravatar.com\/avatar\/6e6125525e1f04b7b8c607d71556e490?s=96&d=mm&r=g","caption":"Reda\u00e7\u00e3o Travel3"},"sameAs":["http:\/\/www.travel3.com.br"],"url":"https:\/\/www.travel3.com.br\/site\/author\/redacao2\/"}]}},"_links":{"self":[{"href":"https:\/\/www.travel3.com.br\/site\/wp-json\/wp\/v2\/posts\/68572","targetHints":{"allow":["GET"]}}],"collection":[{"href":"https:\/\/www.travel3.com.br\/site\/wp-json\/wp\/v2\/posts"}],"about":[{"href":"https:\/\/www.travel3.com.br\/site\/wp-json\/wp\/v2\/types\/post"}],"author":[{"embeddable":true,"href":"https:\/\/www.travel3.com.br\/site\/wp-json\/wp\/v2\/users\/6"}],"replies":[{"embeddable":true,"href":"https:\/\/www.travel3.com.br\/site\/wp-json\/wp\/v2\/comments?post=68572"}],"version-history":[{"count":15,"href":"https:\/\/www.travel3.com.br\/site\/wp-json\/wp\/v2\/posts\/68572\/revisions"}],"predecessor-version":[{"id":68608,"href":"https:\/\/www.travel3.com.br\/site\/wp-json\/wp\/v2\/posts\/68572\/revisions\/68608"}],"wp:featuredmedia":[{"embeddable":true,"href":"https:\/\/www.travel3.com.br\/site\/wp-json\/wp\/v2\/media\/68585"}],"wp:attachment":[{"href":"https:\/\/www.travel3.com.br\/site\/wp-json\/wp\/v2\/media?parent=68572"}],"wp:term":[{"taxonomy":"category","embeddable":true,"href":"https:\/\/www.travel3.com.br\/site\/wp-json\/wp\/v2\/categories?post=68572"},{"taxonomy":"post_tag","embeddable":true,"href":"https:\/\/www.travel3.com.br\/site\/wp-json\/wp\/v2\/tags?post=68572"}],"curies":[{"name":"wp","href":"https:\/\/api.w.org\/{rel}","templated":true}]}}