{"id":68110,"date":"2024-05-14T08:53:25","date_gmt":"2024-05-14T11:53:25","guid":{"rendered":"https:\/\/www.travel3.com.br\/?p=68110"},"modified":"2024-05-14T08:53:32","modified_gmt":"2024-05-14T11:53:32","slug":"holiday-inn-belo-horizonte-celebra-uma-decada-de-excelencia","status":"publish","type":"post","link":"https:\/\/www.travel3.com.br\/site\/hotel\/holiday-inn-belo-horizonte-celebra-uma-decada-de-excelencia\/","title":{"rendered":"Holiday Inn Belo Horizonte celebra uma d\u00e9cada de excel\u00eancia"},"content":{"rendered":"\n<h2 class=\"wp-block-heading\">Hotel do grupo IHG Hotels &amp; Resorts comemora o sucesso na capital mineira<\/h2>\n\n\n\n<p>O <strong><a href=\"https:\/\/www.ihg.com\/holidayinn\/hotels\/br\/pt\/reservation\" target=\"_blank\" rel=\"noreferrer noopener\">Holiday Inn Belo Horizonte<\/a><\/strong>, pertencente ao grupo <strong><a href=\"https:\/\/www.ihg.com\/content\/br\/pt\/about\/brands\" target=\"_blank\" rel=\"noreferrer noopener\">IHG Hotels &amp; Resorts<\/a><\/strong>, comemora uma d\u00e9cada de opera\u00e7\u00f5es bem-sucedidas na capital mineira. Desde sua inaugura\u00e7\u00e3o em maio de 2014, o hotel se estabeleceu como um marco na cidade, introduzindo o novo conceito da marca no Brasil e recebendo o prestigioso Quality Excellence Awards 2016.<\/p>\n\n\n\n<p>Com um projeto moderno distribu\u00eddo em 12 andares, o hotel oferece 216 su\u00edtes, um lobby acolhedor com recep\u00e7\u00e3o 24 horas e um restaurante com capacidade para 90 pessoas. Suas instala\u00e7\u00f5es incluem uma academia completa, piscina, sauna, business center e um centro de conven\u00e7\u00f5es com quatro salas com capacidade para at\u00e9 200 pessoas, al\u00e9m de estacionamento com manobrista.<\/p>\n\n\n\n<p>Localizado estrategicamente no charmoso bairro Savassi, o <strong>Holiday Inn Belo Horizonte<\/strong> est\u00e1 pr\u00f3ximo aos principais pontos tur\u00edsticos e comerciais da cidade. Al\u00e9m disso, tornou-se o ponto de recep\u00e7\u00e3o oficial para o parque <strong><a href=\"https:\/\/www.travel3.com.br\/acontece-no-turismo\/inhotim-tera-entrada-gratuita-as-quartas-feiras\/\" target=\"_blank\" rel=\"noreferrer noopener\">Inhotim<\/a><\/strong>: uma van parte diretamente do hotel, transportando os visitantes com comodidade ao museu e, posteriormente, retornando-os. Esses s\u00e3o alguns dos fatores que consolidaram a reputa\u00e7\u00e3o do hotel como um destaque na cidade, atraindo tanto viajantes a lazer quanto a neg\u00f3cios.<\/p>\n\n\n\n<p>Jacqueline Sales, Gerente Geral do Holiday Inn BH, expressa sua emo\u00e7\u00e3o ao celebrar este marco significativo de 10 anos na capital mineira. &#8220;<strong><em>Foi uma d\u00e9cada com desafios sim, mas com grandes conquistas, tivemos um crescimento acima do imaginado e o privil\u00e9gio de receber h\u00f3spedes de todo o mundo e proporcionar-lhes experi\u00eancias inesquec\u00edveis. Este \u00e9 um momento para celebrar com nossos h\u00f3spedes, colaboradores e parceiros e olhar para o futuro com entusiasmo e otimismo<\/em><\/strong>\u201d, comemora.<\/p>\n","protected":false},"excerpt":{"rendered":"<p>Hotel do grupo IHG Hotels &#038; Resorts comemora o sucesso na capital mineira<\/p>\n","protected":false},"author":6,"featured_media":68111,"comment_status":"open","ping_status":"open","sticky":false,"template":"","format":"standard","meta":{"footnotes":""},"categories":[167,168],"tags":[380,6091,423,6090],"class_list":["post-68110","post","type-post","status-publish","format-standard","has-post-thumbnail","hentry","category-hotel","category-nacional","tag-holiday-inn","tag-holiday-inn-belo-horizonte","tag-ihg","tag-ihg-hotels-resorts"],"yoast_head":"<!-- This site is optimized with the Yoast SEO plugin v26.2 - https:\/\/yoast.com\/wordpress\/plugins\/seo\/ -->\n<title>Holiday Inn Belo Horizonte celebra uma d\u00e9cada de excel\u00eancia - Travel3<\/title>\n<meta name=\"description\" content=\"Holiday Inn Belo Horizonte celebra uma d\u00e9cada de excel\u00eancia; Hotel do grupo IHG Hotels &amp; Resorts comemora o sucesso na capital mineira\" \/>\n<meta name=\"robots\" content=\"index, follow, max-snippet:-1, max-image-preview:large, max-video-preview:-1\" \/>\n<link rel=\"canonical\" href=\"https:\/\/www.travel3.com.br\/site\/hotel\/holiday-inn-belo-horizonte-celebra-uma-decada-de-excelencia\/\" \/>\n<meta property=\"og:locale\" content=\"pt_BR\" \/>\n<meta property=\"og:type\" content=\"article\" \/>\n<meta property=\"og:title\" content=\"Holiday Inn Belo Horizonte celebra uma d\u00e9cada de excel\u00eancia - Travel3\" \/>\n<meta property=\"og:description\" content=\"Holiday Inn Belo Horizonte celebra uma d\u00e9cada de excel\u00eancia; Hotel do grupo IHG Hotels &amp; Resorts comemora o sucesso na capital mineira\" \/>\n<meta property=\"og:url\" content=\"https:\/\/www.travel3.com.br\/site\/hotel\/holiday-inn-belo-horizonte-celebra-uma-decada-de-excelencia\/\" \/>\n<meta property=\"og:site_name\" content=\"Travel3\" \/>\n<meta property=\"article:publisher\" content=\"https:\/\/www.facebook.com\/travel3media\/\" \/>\n<meta property=\"article:published_time\" content=\"2024-05-14T11:53:25+00:00\" \/>\n<meta property=\"article:modified_time\" content=\"2024-05-14T11:53:32+00:00\" \/>\n<meta property=\"og:image\" content=\"https:\/\/www.travel3.com.br\/site\/wp-content\/uploads\/2024\/05\/Holiday-Inn-Belo-Horizonte.jpg\" \/>\n\t<meta property=\"og:image:width\" content=\"800\" \/>\n\t<meta property=\"og:image:height\" content=\"602\" \/>\n\t<meta property=\"og:image:type\" content=\"image\/jpeg\" \/>\n<meta name=\"author\" content=\"Reda\u00e7\u00e3o Travel3\" \/>\n<meta name=\"twitter:card\" content=\"summary_large_image\" \/>\n<meta name=\"twitter:label1\" content=\"Escrito por\" \/>\n\t<meta name=\"twitter:data1\" content=\"Reda\u00e7\u00e3o Travel3\" \/>\n\t<meta name=\"twitter:label2\" content=\"Est. tempo de leitura\" \/>\n\t<meta name=\"twitter:data2\" content=\"2 minutos\" \/>\n<script type=\"application\/ld+json\" class=\"yoast-schema-graph\">{\"@context\":\"https:\/\/schema.org\",\"@graph\":[{\"@type\":\"Article\",\"@id\":\"https:\/\/www.travel3.com.br\/site\/hotel\/holiday-inn-belo-horizonte-celebra-uma-decada-de-excelencia\/#article\",\"isPartOf\":{\"@id\":\"https:\/\/www.travel3.com.br\/site\/hotel\/holiday-inn-belo-horizonte-celebra-uma-decada-de-excelencia\/\"},\"author\":{\"name\":\"Reda\u00e7\u00e3o Travel3\",\"@id\":\"https:\/\/www.travel3.com.br\/site\/#\/schema\/person\/9cff8daac0a2f1aa0799f827b8aa8308\"},\"headline\":\"Holiday Inn Belo Horizonte celebra uma d\u00e9cada de excel\u00eancia\",\"datePublished\":\"2024-05-14T11:53:25+00:00\",\"dateModified\":\"2024-05-14T11:53:32+00:00\",\"mainEntityOfPage\":{\"@id\":\"https:\/\/www.travel3.com.br\/site\/hotel\/holiday-inn-belo-horizonte-celebra-uma-decada-de-excelencia\/\"},\"wordCount\":295,\"commentCount\":0,\"publisher\":{\"@id\":\"https:\/\/www.travel3.com.br\/site\/#organization\"},\"image\":{\"@id\":\"https:\/\/www.travel3.com.br\/site\/hotel\/holiday-inn-belo-horizonte-celebra-uma-decada-de-excelencia\/#primaryimage\"},\"thumbnailUrl\":\"https:\/\/www.travel3.com.br\/site\/wp-content\/uploads\/2024\/05\/Holiday-Inn-Belo-Horizonte.jpg\",\"keywords\":[\"holiday inn\",\"Holiday Inn Belo Horizonte\",\"IHG\",\"IHG Hotels &amp; Resorts\"],\"articleSection\":[\"Hotel\",\"Hotel Nacional\"],\"inLanguage\":\"pt-BR\",\"potentialAction\":[{\"@type\":\"CommentAction\",\"name\":\"Comment\",\"target\":[\"https:\/\/www.travel3.com.br\/site\/hotel\/holiday-inn-belo-horizonte-celebra-uma-decada-de-excelencia\/#respond\"]}]},{\"@type\":\"WebPage\",\"@id\":\"https:\/\/www.travel3.com.br\/site\/hotel\/holiday-inn-belo-horizonte-celebra-uma-decada-de-excelencia\/\",\"url\":\"https:\/\/www.travel3.com.br\/site\/hotel\/holiday-inn-belo-horizonte-celebra-uma-decada-de-excelencia\/\",\"name\":\"Holiday Inn Belo Horizonte celebra uma d\u00e9cada de excel\u00eancia - Travel3\",\"isPartOf\":{\"@id\":\"https:\/\/www.travel3.com.br\/site\/#website\"},\"primaryImageOfPage\":{\"@id\":\"https:\/\/www.travel3.com.br\/site\/hotel\/holiday-inn-belo-horizonte-celebra-uma-decada-de-excelencia\/#primaryimage\"},\"image\":{\"@id\":\"https:\/\/www.travel3.com.br\/site\/hotel\/holiday-inn-belo-horizonte-celebra-uma-decada-de-excelencia\/#primaryimage\"},\"thumbnailUrl\":\"https:\/\/www.travel3.com.br\/site\/wp-content\/uploads\/2024\/05\/Holiday-Inn-Belo-Horizonte.jpg\",\"datePublished\":\"2024-05-14T11:53:25+00:00\",\"dateModified\":\"2024-05-14T11:53:32+00:00\",\"description\":\"Holiday Inn Belo Horizonte celebra uma d\u00e9cada de excel\u00eancia; Hotel do grupo IHG Hotels & Resorts comemora o sucesso na capital mineira\",\"breadcrumb\":{\"@id\":\"https:\/\/www.travel3.com.br\/site\/hotel\/holiday-inn-belo-horizonte-celebra-uma-decada-de-excelencia\/#breadcrumb\"},\"inLanguage\":\"pt-BR\",\"potentialAction\":[{\"@type\":\"ReadAction\",\"target\":[\"https:\/\/www.travel3.com.br\/site\/hotel\/holiday-inn-belo-horizonte-celebra-uma-decada-de-excelencia\/\"]}]},{\"@type\":\"ImageObject\",\"inLanguage\":\"pt-BR\",\"@id\":\"https:\/\/www.travel3.com.br\/site\/hotel\/holiday-inn-belo-horizonte-celebra-uma-decada-de-excelencia\/#primaryimage\",\"url\":\"https:\/\/www.travel3.com.br\/site\/wp-content\/uploads\/2024\/05\/Holiday-Inn-Belo-Horizonte.jpg\",\"contentUrl\":\"https:\/\/www.travel3.com.br\/site\/wp-content\/uploads\/2024\/05\/Holiday-Inn-Belo-Horizonte.jpg\",\"width\":800,\"height\":602,\"caption\":\"Lobby do Holiday Inn Belo Horizonte (Foto: Divulga\u00e7\u00e3o)\"},{\"@type\":\"BreadcrumbList\",\"@id\":\"https:\/\/www.travel3.com.br\/site\/hotel\/holiday-inn-belo-horizonte-celebra-uma-decada-de-excelencia\/#breadcrumb\",\"itemListElement\":[{\"@type\":\"ListItem\",\"position\":1,\"name\":\"In\u00edcio\",\"item\":\"https:\/\/www.travel3.com.br\/site\/\"},{\"@type\":\"ListItem\",\"position\":2,\"name\":\"Holiday Inn Belo Horizonte celebra uma d\u00e9cada de excel\u00eancia\"}]},{\"@type\":\"WebSite\",\"@id\":\"https:\/\/www.travel3.com.br\/site\/#website\",\"url\":\"https:\/\/www.travel3.com.br\/site\/\",\"name\":\"Travel3\",\"description\":\"Lazer + Neg&oacute;cios + Aventura\",\"publisher\":{\"@id\":\"https:\/\/www.travel3.com.br\/site\/#organization\"},\"potentialAction\":[{\"@type\":\"SearchAction\",\"target\":{\"@type\":\"EntryPoint\",\"urlTemplate\":\"https:\/\/www.travel3.com.br\/site\/?s={search_term_string}\"},\"query-input\":{\"@type\":\"PropertyValueSpecification\",\"valueRequired\":true,\"valueName\":\"search_term_string\"}}],\"inLanguage\":\"pt-BR\"},{\"@type\":\"Organization\",\"@id\":\"https:\/\/www.travel3.com.br\/site\/#organization\",\"name\":\"Travel3\",\"url\":\"https:\/\/www.travel3.com.br\/site\/\",\"logo\":{\"@type\":\"ImageObject\",\"inLanguage\":\"pt-BR\",\"@id\":\"https:\/\/www.travel3.com.br\/site\/#\/schema\/logo\/image\/\",\"url\":\"https:\/\/www.travel3.com.br\/site\/wp-content\/uploads\/2020\/01\/logo-travel3-2020.png\",\"contentUrl\":\"https:\/\/www.travel3.com.br\/site\/wp-content\/uploads\/2020\/01\/logo-travel3-2020.png\",\"width\":232,\"height\":79,\"caption\":\"Travel3\"},\"image\":{\"@id\":\"https:\/\/www.travel3.com.br\/site\/#\/schema\/logo\/image\/\"},\"sameAs\":[\"https:\/\/www.facebook.com\/travel3media\/\",\"https:\/\/www.instagram.com\/revistatravel3\/\",\"https:\/\/www.youtube.com\/channel\/UCno7J4paGBR3VbZQzvoJ9Eg\"]},{\"@type\":\"Person\",\"@id\":\"https:\/\/www.travel3.com.br\/site\/#\/schema\/person\/9cff8daac0a2f1aa0799f827b8aa8308\",\"name\":\"Reda\u00e7\u00e3o Travel3\",\"image\":{\"@type\":\"ImageObject\",\"inLanguage\":\"pt-BR\",\"@id\":\"https:\/\/www.travel3.com.br\/site\/#\/schema\/person\/image\/\",\"url\":\"https:\/\/secure.gravatar.com\/avatar\/6e6125525e1f04b7b8c607d71556e490?s=96&d=mm&r=g\",\"contentUrl\":\"https:\/\/secure.gravatar.com\/avatar\/6e6125525e1f04b7b8c607d71556e490?s=96&d=mm&r=g\",\"caption\":\"Reda\u00e7\u00e3o Travel3\"},\"sameAs\":[\"http:\/\/www.travel3.com.br\"],\"url\":\"https:\/\/www.travel3.com.br\/site\/author\/redacao2\/\"}]}<\/script>\n<!-- \/ Yoast SEO plugin. -->","yoast_head_json":{"title":"Holiday Inn Belo Horizonte celebra uma d\u00e9cada de excel\u00eancia - Travel3","description":"Holiday Inn Belo Horizonte celebra uma d\u00e9cada de excel\u00eancia; Hotel do grupo IHG Hotels & Resorts comemora o sucesso na capital mineira","robots":{"index":"index","follow":"follow","max-snippet":"max-snippet:-1","max-image-preview":"max-image-preview:large","max-video-preview":"max-video-preview:-1"},"canonical":"https:\/\/www.travel3.com.br\/site\/hotel\/holiday-inn-belo-horizonte-celebra-uma-decada-de-excelencia\/","og_locale":"pt_BR","og_type":"article","og_title":"Holiday Inn Belo Horizonte celebra uma d\u00e9cada de excel\u00eancia - Travel3","og_description":"Holiday Inn Belo Horizonte celebra uma d\u00e9cada de excel\u00eancia; Hotel do grupo IHG Hotels & Resorts comemora o sucesso na capital mineira","og_url":"https:\/\/www.travel3.com.br\/site\/hotel\/holiday-inn-belo-horizonte-celebra-uma-decada-de-excelencia\/","og_site_name":"Travel3","article_publisher":"https:\/\/www.facebook.com\/travel3media\/","article_published_time":"2024-05-14T11:53:25+00:00","article_modified_time":"2024-05-14T11:53:32+00:00","og_image":[{"width":800,"height":602,"url":"https:\/\/www.travel3.com.br\/site\/wp-content\/uploads\/2024\/05\/Holiday-Inn-Belo-Horizonte.jpg","type":"image\/jpeg"}],"author":"Reda\u00e7\u00e3o Travel3","twitter_card":"summary_large_image","twitter_misc":{"Escrito por":"Reda\u00e7\u00e3o Travel3","Est. tempo de leitura":"2 minutos"},"schema":{"@context":"https:\/\/schema.org","@graph":[{"@type":"Article","@id":"https:\/\/www.travel3.com.br\/site\/hotel\/holiday-inn-belo-horizonte-celebra-uma-decada-de-excelencia\/#article","isPartOf":{"@id":"https:\/\/www.travel3.com.br\/site\/hotel\/holiday-inn-belo-horizonte-celebra-uma-decada-de-excelencia\/"},"author":{"name":"Reda\u00e7\u00e3o Travel3","@id":"https:\/\/www.travel3.com.br\/site\/#\/schema\/person\/9cff8daac0a2f1aa0799f827b8aa8308"},"headline":"Holiday Inn Belo Horizonte celebra uma d\u00e9cada de excel\u00eancia","datePublished":"2024-05-14T11:53:25+00:00","dateModified":"2024-05-14T11:53:32+00:00","mainEntityOfPage":{"@id":"https:\/\/www.travel3.com.br\/site\/hotel\/holiday-inn-belo-horizonte-celebra-uma-decada-de-excelencia\/"},"wordCount":295,"commentCount":0,"publisher":{"@id":"https:\/\/www.travel3.com.br\/site\/#organization"},"image":{"@id":"https:\/\/www.travel3.com.br\/site\/hotel\/holiday-inn-belo-horizonte-celebra-uma-decada-de-excelencia\/#primaryimage"},"thumbnailUrl":"https:\/\/www.travel3.com.br\/site\/wp-content\/uploads\/2024\/05\/Holiday-Inn-Belo-Horizonte.jpg","keywords":["holiday inn","Holiday Inn Belo Horizonte","IHG","IHG Hotels &amp; Resorts"],"articleSection":["Hotel","Hotel Nacional"],"inLanguage":"pt-BR","potentialAction":[{"@type":"CommentAction","name":"Comment","target":["https:\/\/www.travel3.com.br\/site\/hotel\/holiday-inn-belo-horizonte-celebra-uma-decada-de-excelencia\/#respond"]}]},{"@type":"WebPage","@id":"https:\/\/www.travel3.com.br\/site\/hotel\/holiday-inn-belo-horizonte-celebra-uma-decada-de-excelencia\/","url":"https:\/\/www.travel3.com.br\/site\/hotel\/holiday-inn-belo-horizonte-celebra-uma-decada-de-excelencia\/","name":"Holiday Inn Belo Horizonte celebra uma d\u00e9cada de excel\u00eancia - Travel3","isPartOf":{"@id":"https:\/\/www.travel3.com.br\/site\/#website"},"primaryImageOfPage":{"@id":"https:\/\/www.travel3.com.br\/site\/hotel\/holiday-inn-belo-horizonte-celebra-uma-decada-de-excelencia\/#primaryimage"},"image":{"@id":"https:\/\/www.travel3.com.br\/site\/hotel\/holiday-inn-belo-horizonte-celebra-uma-decada-de-excelencia\/#primaryimage"},"thumbnailUrl":"https:\/\/www.travel3.com.br\/site\/wp-content\/uploads\/2024\/05\/Holiday-Inn-Belo-Horizonte.jpg","datePublished":"2024-05-14T11:53:25+00:00","dateModified":"2024-05-14T11:53:32+00:00","description":"Holiday Inn Belo Horizonte celebra uma d\u00e9cada de excel\u00eancia; Hotel do grupo IHG Hotels & Resorts comemora o sucesso na capital mineira","breadcrumb":{"@id":"https:\/\/www.travel3.com.br\/site\/hotel\/holiday-inn-belo-horizonte-celebra-uma-decada-de-excelencia\/#breadcrumb"},"inLanguage":"pt-BR","potentialAction":[{"@type":"ReadAction","target":["https:\/\/www.travel3.com.br\/site\/hotel\/holiday-inn-belo-horizonte-celebra-uma-decada-de-excelencia\/"]}]},{"@type":"ImageObject","inLanguage":"pt-BR","@id":"https:\/\/www.travel3.com.br\/site\/hotel\/holiday-inn-belo-horizonte-celebra-uma-decada-de-excelencia\/#primaryimage","url":"https:\/\/www.travel3.com.br\/site\/wp-content\/uploads\/2024\/05\/Holiday-Inn-Belo-Horizonte.jpg","contentUrl":"https:\/\/www.travel3.com.br\/site\/wp-content\/uploads\/2024\/05\/Holiday-Inn-Belo-Horizonte.jpg","width":800,"height":602,"caption":"Lobby do Holiday Inn Belo Horizonte (Foto: Divulga\u00e7\u00e3o)"},{"@type":"BreadcrumbList","@id":"https:\/\/www.travel3.com.br\/site\/hotel\/holiday-inn-belo-horizonte-celebra-uma-decada-de-excelencia\/#breadcrumb","itemListElement":[{"@type":"ListItem","position":1,"name":"In\u00edcio","item":"https:\/\/www.travel3.com.br\/site\/"},{"@type":"ListItem","position":2,"name":"Holiday Inn Belo Horizonte celebra uma d\u00e9cada de excel\u00eancia"}]},{"@type":"WebSite","@id":"https:\/\/www.travel3.com.br\/site\/#website","url":"https:\/\/www.travel3.com.br\/site\/","name":"Travel3","description":"Lazer + Neg&oacute;cios + Aventura","publisher":{"@id":"https:\/\/www.travel3.com.br\/site\/#organization"},"potentialAction":[{"@type":"SearchAction","target":{"@type":"EntryPoint","urlTemplate":"https:\/\/www.travel3.com.br\/site\/?s={search_term_string}"},"query-input":{"@type":"PropertyValueSpecification","valueRequired":true,"valueName":"search_term_string"}}],"inLanguage":"pt-BR"},{"@type":"Organization","@id":"https:\/\/www.travel3.com.br\/site\/#organization","name":"Travel3","url":"https:\/\/www.travel3.com.br\/site\/","logo":{"@type":"ImageObject","inLanguage":"pt-BR","@id":"https:\/\/www.travel3.com.br\/site\/#\/schema\/logo\/image\/","url":"https:\/\/www.travel3.com.br\/site\/wp-content\/uploads\/2020\/01\/logo-travel3-2020.png","contentUrl":"https:\/\/www.travel3.com.br\/site\/wp-content\/uploads\/2020\/01\/logo-travel3-2020.png","width":232,"height":79,"caption":"Travel3"},"image":{"@id":"https:\/\/www.travel3.com.br\/site\/#\/schema\/logo\/image\/"},"sameAs":["https:\/\/www.facebook.com\/travel3media\/","https:\/\/www.instagram.com\/revistatravel3\/","https:\/\/www.youtube.com\/channel\/UCno7J4paGBR3VbZQzvoJ9Eg"]},{"@type":"Person","@id":"https:\/\/www.travel3.com.br\/site\/#\/schema\/person\/9cff8daac0a2f1aa0799f827b8aa8308","name":"Reda\u00e7\u00e3o Travel3","image":{"@type":"ImageObject","inLanguage":"pt-BR","@id":"https:\/\/www.travel3.com.br\/site\/#\/schema\/person\/image\/","url":"https:\/\/secure.gravatar.com\/avatar\/6e6125525e1f04b7b8c607d71556e490?s=96&d=mm&r=g","contentUrl":"https:\/\/secure.gravatar.com\/avatar\/6e6125525e1f04b7b8c607d71556e490?s=96&d=mm&r=g","caption":"Reda\u00e7\u00e3o Travel3"},"sameAs":["http:\/\/www.travel3.com.br"],"url":"https:\/\/www.travel3.com.br\/site\/author\/redacao2\/"}]}},"_links":{"self":[{"href":"https:\/\/www.travel3.com.br\/site\/wp-json\/wp\/v2\/posts\/68110","targetHints":{"allow":["GET"]}}],"collection":[{"href":"https:\/\/www.travel3.com.br\/site\/wp-json\/wp\/v2\/posts"}],"about":[{"href":"https:\/\/www.travel3.com.br\/site\/wp-json\/wp\/v2\/types\/post"}],"author":[{"embeddable":true,"href":"https:\/\/www.travel3.com.br\/site\/wp-json\/wp\/v2\/users\/6"}],"replies":[{"embeddable":true,"href":"https:\/\/www.travel3.com.br\/site\/wp-json\/wp\/v2\/comments?post=68110"}],"version-history":[{"count":9,"href":"https:\/\/www.travel3.com.br\/site\/wp-json\/wp\/v2\/posts\/68110\/revisions"}],"predecessor-version":[{"id":68124,"href":"https:\/\/www.travel3.com.br\/site\/wp-json\/wp\/v2\/posts\/68110\/revisions\/68124"}],"wp:featuredmedia":[{"embeddable":true,"href":"https:\/\/www.travel3.com.br\/site\/wp-json\/wp\/v2\/media\/68111"}],"wp:attachment":[{"href":"https:\/\/www.travel3.com.br\/site\/wp-json\/wp\/v2\/media?parent=68110"}],"wp:term":[{"taxonomy":"category","embeddable":true,"href":"https:\/\/www.travel3.com.br\/site\/wp-json\/wp\/v2\/categories?post=68110"},{"taxonomy":"post_tag","embeddable":true,"href":"https:\/\/www.travel3.com.br\/site\/wp-json\/wp\/v2\/tags?post=68110"}],"curies":[{"name":"wp","href":"https:\/\/api.w.org\/{rel}","templated":true}]}}