{"id":67654,"date":"2024-04-23T15:31:58","date_gmt":"2024-04-23T18:31:58","guid":{"rendered":"https:\/\/www.travel3.com.br\/?p=67654"},"modified":"2024-04-24T11:16:40","modified_gmt":"2024-04-24T14:16:40","slug":"incomum-viagens-lanca-nova-campanha","status":"publish","type":"post","link":"https:\/\/www.travel3.com.br\/site\/acontece-no-turismo\/incomum-viagens-lanca-nova-campanha\/","title":{"rendered":"Incomum Viagens lan\u00e7a nova campanha"},"content":{"rendered":"\n<h2 class=\"wp-block-heading\">Operadora celebra o Dia do Agente de Viagens com competi\u00e7\u00e3o de reels no Instagram<\/h2>\n\n\n\n<p>Ap\u00f3s uma participa\u00e7\u00e3o de destaque na \u00faltima edi\u00e7\u00e3o da <strong><a href=\"https:\/\/www.travel3.com.br\/destaque\/wtm-latin-america-bate-recordes-novamente-em-2024\/\" target=\"_blank\" rel=\"noreferrer noopener\">WTM Latin America<\/a><\/strong>, com estande movimentado durante os 3 dias do evento, a Incomum Viagens chega com novidades. Em comemora\u00e7\u00e3o ao Dia do Agente de Viagens, a Operadora lan\u00e7a uma campanha significativa para reconhecer e celebrar o trabalho e as experi\u00eancias vividas pelos agentes de viagens parceiros. O objetivo principal \u00e9 destacar as hist\u00f3rias mais memor\u00e1veis vivenciadas por esses profissionais, convidando-os a compartilhar suas aventuras em reels no Instagram.<\/p>\n\n\n\n<p>A campanha, denominada &#8220;<strong><em>Minha Viagem Incomum<\/em><\/strong>&#8220;, oferece \u00e0s ag\u00eancias de viagens a oportunidade de compartilhar suas experi\u00eancias mais extraordin\u00e1rias durante suas jornadas pelo mundo. Desde encontros culturais inesperados at\u00e9 paisagens de tirar o f\u00f4lego, cada ag\u00eancia tem a chance de narrar suas hist\u00f3rias de forma criativa e envolvente.<\/p>\n\n\n\n<div class=\"wp-block-image\"><figure class=\"aligncenter size-large is-resized\"><a href=\"https:\/\/www.instagram.com\/p\/C5yKp5ILYkf\/?igsh=cGN5cHI5cnB2MTdr\" target=\"_blank\" rel=\"noopener\"><img loading=\"lazy\" decoding=\"async\" src=\"https:\/\/www.travel3.com.br\/site\/wp-content\/uploads\/2024\/04\/incomum1_Easy-Resize.com_-1024x1024.jpg\" alt=\"Campanha Incomum Viagens\" class=\"wp-image-67658\" width=\"500\" height=\"500\" srcset=\"https:\/\/www.travel3.com.br\/site\/wp-content\/uploads\/2024\/04\/incomum1_Easy-Resize.com_-1024x1024.jpg 1024w, https:\/\/www.travel3.com.br\/site\/wp-content\/uploads\/2024\/04\/incomum1_Easy-Resize.com_-300x300.jpg 300w, https:\/\/www.travel3.com.br\/site\/wp-content\/uploads\/2024\/04\/incomum1_Easy-Resize.com_-150x150.jpg 150w, https:\/\/www.travel3.com.br\/site\/wp-content\/uploads\/2024\/04\/incomum1_Easy-Resize.com_-768x768.jpg 768w, https:\/\/www.travel3.com.br\/site\/wp-content\/uploads\/2024\/04\/incomum1_Easy-Resize.com_-96x96.jpg 96w, https:\/\/www.travel3.com.br\/site\/wp-content\/uploads\/2024\/04\/incomum1_Easy-Resize.com_-75x75.jpg 75w, https:\/\/www.travel3.com.br\/site\/wp-content\/uploads\/2024\/04\/incomum1_Easy-Resize.com_-350x350.jpg 350w, https:\/\/www.travel3.com.br\/site\/wp-content\/uploads\/2024\/04\/incomum1_Easy-Resize.com_-750x750.jpg 750w, https:\/\/www.travel3.com.br\/site\/wp-content\/uploads\/2024\/04\/incomum1_Easy-Resize.com_-1140x1140.jpg 1140w, https:\/\/www.travel3.com.br\/site\/wp-content\/uploads\/2024\/04\/incomum1_Easy-Resize.com_.jpg 1280w\" sizes=\"auto, (max-width: 500px) 100vw, 500px\" \/><\/a><\/figure><\/div>\n\n\n\n<h3 class=\"wp-block-heading\">Regras e Premia\u00e7\u00e3o:<\/h3>\n\n\n\n<p>Para participar, as ag\u00eancias devem seguir o <strong><a href=\"https:\/\/www.instagram.com\/viagensincomum\/\" target=\"_blank\" rel=\"noreferrer noopener\">perfil da Incomum Viagens no Instagram<\/a><\/strong>, criar um reel original contando uma hist\u00f3ria de viagem e marcar o perfil da operadora, al\u00e9m de utilizar a hashtag oficial da campanha. O reel com o maior n\u00famero de curtidas at\u00e9 o final do per\u00edodo da campanha ser\u00e1 o vencedor e receber\u00e1 uma premia\u00e7\u00e3o exclusiva em reconhecimento ao seu trabalho e suas hist\u00f3rias inspiradoras. Entre os pr\u00eamios est\u00e1 uma mala de m\u00e3o Incomum, objeto desejado por v\u00e1rios clientes.<\/p>\n\n\n\n<p><strong>Fique atento<\/strong>: A Campanha come\u00e7ou dia 15\/4 e vai at\u00e9 dia 28\/4. O resultado ser\u00e1 anunciado dia 3 de maio. Todo o regulamento pode ser encontrado no Perfil da Incomum Viagens no Instagram. Para saber mais, clique<strong><a href=\"https:\/\/www.instagram.com\/p\/C5yKp5ILYkf\/?igsh=cGN5cHI5cnB2MTdr\" target=\"_blank\" rel=\"noreferrer noopener\"> aqui<\/a><\/strong>. <\/p>\n\n\n\n<div class=\"wp-block-image\"><figure class=\"aligncenter size-large is-resized\"><img loading=\"lazy\" decoding=\"async\" src=\"https:\/\/www.travel3.com.br\/site\/wp-content\/uploads\/2024\/04\/incomum2_Easy-Resize.com_-1024x1024.jpg\" alt=\"Campanha Minha Viagem Incomum\" class=\"wp-image-67659\" width=\"443\" height=\"443\" srcset=\"https:\/\/www.travel3.com.br\/site\/wp-content\/uploads\/2024\/04\/incomum2_Easy-Resize.com_-1024x1024.jpg 1024w, https:\/\/www.travel3.com.br\/site\/wp-content\/uploads\/2024\/04\/incomum2_Easy-Resize.com_-300x300.jpg 300w, https:\/\/www.travel3.com.br\/site\/wp-content\/uploads\/2024\/04\/incomum2_Easy-Resize.com_-150x150.jpg 150w, https:\/\/www.travel3.com.br\/site\/wp-content\/uploads\/2024\/04\/incomum2_Easy-Resize.com_-768x768.jpg 768w, https:\/\/www.travel3.com.br\/site\/wp-content\/uploads\/2024\/04\/incomum2_Easy-Resize.com_-96x96.jpg 96w, https:\/\/www.travel3.com.br\/site\/wp-content\/uploads\/2024\/04\/incomum2_Easy-Resize.com_-75x75.jpg 75w, https:\/\/www.travel3.com.br\/site\/wp-content\/uploads\/2024\/04\/incomum2_Easy-Resize.com_-350x350.jpg 350w, https:\/\/www.travel3.com.br\/site\/wp-content\/uploads\/2024\/04\/incomum2_Easy-Resize.com_-750x750.jpg 750w, https:\/\/www.travel3.com.br\/site\/wp-content\/uploads\/2024\/04\/incomum2_Easy-Resize.com_-1140x1140.jpg 1140w, https:\/\/www.travel3.com.br\/site\/wp-content\/uploads\/2024\/04\/incomum2_Easy-Resize.com_.jpg 1280w\" sizes=\"auto, (max-width: 443px) 100vw, 443px\" \/><figcaption>Entre os pr\u00eamios da campanha est\u00e1 uma mala de m\u00e3o personalizada da Incomum Viagens (Foto: Divulga\u00e7\u00e3o)<\/figcaption><\/figure><\/div>\n\n\n\n<p>A Incomum explica que a nova campanha &#8220;<strong>Minha Viagem Incomum<\/strong>&#8221; vai al\u00e9m de uma simples competi\u00e7\u00e3o. Segundo ela,<strong> &#8220;<em>\u00c9 uma homenagem sincera ao esfor\u00e7o e dedica\u00e7\u00e3o dos agentes de viagens, cujas hist\u00f3rias inspiram e encantam. Que os reels tragam \u00e0 vida as mem\u00f3rias mais extraordin\u00e1rias de viagem, e que o Dia do Agente de Viagens seja celebrado com alegria e reconhecimento!<\/em><\/strong> &#8220;.<\/p>\n","protected":false},"excerpt":{"rendered":"<p>Operadora celebra o Dia do Agente de Viagens com competi\u00e7\u00e3o de reels no Instagram<\/p>\n","protected":false},"author":6,"featured_media":67660,"comment_status":"open","ping_status":"open","sticky":false,"template":"","format":"standard","meta":{"footnotes":""},"categories":[969,4],"tags":[431,1654,4903,4849,188],"class_list":["post-67654","post","type-post","status-publish","format-standard","has-post-thumbnail","hentry","category-acontece-no-turismo","category-operadoras","tag-agentes-de-viagem","tag-campanha-de-vendas","tag-incomum","tag-incomum-operadora","tag-incomum-viagens"],"yoast_head":"<!-- This site is optimized with the Yoast SEO plugin v26.2 - https:\/\/yoast.com\/wordpress\/plugins\/seo\/ -->\n<title>Incomum Viagens lan\u00e7a nova campanha - Travel3<\/title>\n<meta name=\"description\" content=\"Incomum Viagens lan\u00e7a nova campanha; Operadora celebra o Dia do Agente de Viagens com competi\u00e7\u00e3o de reels no Instagram\" \/>\n<meta name=\"robots\" content=\"index, follow, max-snippet:-1, max-image-preview:large, max-video-preview:-1\" \/>\n<link rel=\"canonical\" href=\"https:\/\/www.travel3.com.br\/site\/acontece-no-turismo\/incomum-viagens-lanca-nova-campanha\/\" \/>\n<meta property=\"og:locale\" content=\"pt_BR\" \/>\n<meta property=\"og:type\" content=\"article\" \/>\n<meta property=\"og:title\" content=\"Incomum Viagens lan\u00e7a nova campanha - Travel3\" \/>\n<meta property=\"og:description\" content=\"Incomum Viagens lan\u00e7a nova campanha; Operadora celebra o Dia do Agente de Viagens com competi\u00e7\u00e3o de reels no Instagram\" \/>\n<meta property=\"og:url\" content=\"https:\/\/www.travel3.com.br\/site\/acontece-no-turismo\/incomum-viagens-lanca-nova-campanha\/\" \/>\n<meta property=\"og:site_name\" content=\"Travel3\" \/>\n<meta property=\"article:publisher\" content=\"https:\/\/www.facebook.com\/travel3media\/\" \/>\n<meta property=\"article:published_time\" content=\"2024-04-23T18:31:58+00:00\" \/>\n<meta property=\"article:modified_time\" content=\"2024-04-24T14:16:40+00:00\" \/>\n<meta property=\"og:image\" content=\"https:\/\/www.travel3.com.br\/site\/wp-content\/uploads\/2024\/04\/Incomum-na-WTM_Easy-Resize.com_.jpg\" \/>\n\t<meta property=\"og:image:width\" content=\"960\" \/>\n\t<meta property=\"og:image:height\" content=\"1280\" \/>\n\t<meta property=\"og:image:type\" content=\"image\/jpeg\" \/>\n<meta name=\"author\" content=\"Reda\u00e7\u00e3o Travel3\" \/>\n<meta name=\"twitter:card\" content=\"summary_large_image\" \/>\n<meta name=\"twitter:label1\" content=\"Escrito por\" \/>\n\t<meta name=\"twitter:data1\" content=\"Reda\u00e7\u00e3o Travel3\" \/>\n\t<meta name=\"twitter:label2\" content=\"Est. tempo de leitura\" \/>\n\t<meta name=\"twitter:data2\" content=\"3 minutos\" \/>\n<script type=\"application\/ld+json\" class=\"yoast-schema-graph\">{\"@context\":\"https:\/\/schema.org\",\"@graph\":[{\"@type\":\"Article\",\"@id\":\"https:\/\/www.travel3.com.br\/site\/acontece-no-turismo\/incomum-viagens-lanca-nova-campanha\/#article\",\"isPartOf\":{\"@id\":\"https:\/\/www.travel3.com.br\/site\/acontece-no-turismo\/incomum-viagens-lanca-nova-campanha\/\"},\"author\":{\"name\":\"Reda\u00e7\u00e3o Travel3\",\"@id\":\"https:\/\/www.travel3.com.br\/site\/#\/schema\/person\/9cff8daac0a2f1aa0799f827b8aa8308\"},\"headline\":\"Incomum Viagens lan\u00e7a nova campanha\",\"datePublished\":\"2024-04-23T18:31:58+00:00\",\"dateModified\":\"2024-04-24T14:16:40+00:00\",\"mainEntityOfPage\":{\"@id\":\"https:\/\/www.travel3.com.br\/site\/acontece-no-turismo\/incomum-viagens-lanca-nova-campanha\/\"},\"wordCount\":376,\"commentCount\":0,\"publisher\":{\"@id\":\"https:\/\/www.travel3.com.br\/site\/#organization\"},\"image\":{\"@id\":\"https:\/\/www.travel3.com.br\/site\/acontece-no-turismo\/incomum-viagens-lanca-nova-campanha\/#primaryimage\"},\"thumbnailUrl\":\"https:\/\/www.travel3.com.br\/site\/wp-content\/uploads\/2024\/04\/Incomum-na-WTM_Easy-Resize.com_.jpg\",\"keywords\":[\"agentes de viagem\",\"campanha de vendas\",\"Incomum\",\"Incomum Operadora\",\"Incomum Viagens\"],\"articleSection\":[\"Acontece no Turismo\",\"Operadoras\"],\"inLanguage\":\"pt-BR\",\"potentialAction\":[{\"@type\":\"CommentAction\",\"name\":\"Comment\",\"target\":[\"https:\/\/www.travel3.com.br\/site\/acontece-no-turismo\/incomum-viagens-lanca-nova-campanha\/#respond\"]}]},{\"@type\":\"WebPage\",\"@id\":\"https:\/\/www.travel3.com.br\/site\/acontece-no-turismo\/incomum-viagens-lanca-nova-campanha\/\",\"url\":\"https:\/\/www.travel3.com.br\/site\/acontece-no-turismo\/incomum-viagens-lanca-nova-campanha\/\",\"name\":\"Incomum Viagens lan\u00e7a nova campanha - Travel3\",\"isPartOf\":{\"@id\":\"https:\/\/www.travel3.com.br\/site\/#website\"},\"primaryImageOfPage\":{\"@id\":\"https:\/\/www.travel3.com.br\/site\/acontece-no-turismo\/incomum-viagens-lanca-nova-campanha\/#primaryimage\"},\"image\":{\"@id\":\"https:\/\/www.travel3.com.br\/site\/acontece-no-turismo\/incomum-viagens-lanca-nova-campanha\/#primaryimage\"},\"thumbnailUrl\":\"https:\/\/www.travel3.com.br\/site\/wp-content\/uploads\/2024\/04\/Incomum-na-WTM_Easy-Resize.com_.jpg\",\"datePublished\":\"2024-04-23T18:31:58+00:00\",\"dateModified\":\"2024-04-24T14:16:40+00:00\",\"description\":\"Incomum Viagens lan\u00e7a nova campanha; Operadora celebra o Dia do Agente de Viagens com competi\u00e7\u00e3o de reels no Instagram\",\"breadcrumb\":{\"@id\":\"https:\/\/www.travel3.com.br\/site\/acontece-no-turismo\/incomum-viagens-lanca-nova-campanha\/#breadcrumb\"},\"inLanguage\":\"pt-BR\",\"potentialAction\":[{\"@type\":\"ReadAction\",\"target\":[\"https:\/\/www.travel3.com.br\/site\/acontece-no-turismo\/incomum-viagens-lanca-nova-campanha\/\"]}]},{\"@type\":\"ImageObject\",\"inLanguage\":\"pt-BR\",\"@id\":\"https:\/\/www.travel3.com.br\/site\/acontece-no-turismo\/incomum-viagens-lanca-nova-campanha\/#primaryimage\",\"url\":\"https:\/\/www.travel3.com.br\/site\/wp-content\/uploads\/2024\/04\/Incomum-na-WTM_Easy-Resize.com_.jpg\",\"contentUrl\":\"https:\/\/www.travel3.com.br\/site\/wp-content\/uploads\/2024\/04\/Incomum-na-WTM_Easy-Resize.com_.jpg\",\"width\":960,\"height\":1280,\"caption\":\"O Time da Incomum Viagens da WTM Latin America 2024 (Foto: Caroline Tonaco)\"},{\"@type\":\"BreadcrumbList\",\"@id\":\"https:\/\/www.travel3.com.br\/site\/acontece-no-turismo\/incomum-viagens-lanca-nova-campanha\/#breadcrumb\",\"itemListElement\":[{\"@type\":\"ListItem\",\"position\":1,\"name\":\"In\u00edcio\",\"item\":\"https:\/\/www.travel3.com.br\/site\/\"},{\"@type\":\"ListItem\",\"position\":2,\"name\":\"Incomum Viagens lan\u00e7a nova campanha\"}]},{\"@type\":\"WebSite\",\"@id\":\"https:\/\/www.travel3.com.br\/site\/#website\",\"url\":\"https:\/\/www.travel3.com.br\/site\/\",\"name\":\"Travel3\",\"description\":\"Lazer + Neg&oacute;cios + Aventura\",\"publisher\":{\"@id\":\"https:\/\/www.travel3.com.br\/site\/#organization\"},\"potentialAction\":[{\"@type\":\"SearchAction\",\"target\":{\"@type\":\"EntryPoint\",\"urlTemplate\":\"https:\/\/www.travel3.com.br\/site\/?s={search_term_string}\"},\"query-input\":{\"@type\":\"PropertyValueSpecification\",\"valueRequired\":true,\"valueName\":\"search_term_string\"}}],\"inLanguage\":\"pt-BR\"},{\"@type\":\"Organization\",\"@id\":\"https:\/\/www.travel3.com.br\/site\/#organization\",\"name\":\"Travel3\",\"url\":\"https:\/\/www.travel3.com.br\/site\/\",\"logo\":{\"@type\":\"ImageObject\",\"inLanguage\":\"pt-BR\",\"@id\":\"https:\/\/www.travel3.com.br\/site\/#\/schema\/logo\/image\/\",\"url\":\"https:\/\/www.travel3.com.br\/site\/wp-content\/uploads\/2020\/01\/logo-travel3-2020.png\",\"contentUrl\":\"https:\/\/www.travel3.com.br\/site\/wp-content\/uploads\/2020\/01\/logo-travel3-2020.png\",\"width\":232,\"height\":79,\"caption\":\"Travel3\"},\"image\":{\"@id\":\"https:\/\/www.travel3.com.br\/site\/#\/schema\/logo\/image\/\"},\"sameAs\":[\"https:\/\/www.facebook.com\/travel3media\/\",\"https:\/\/www.instagram.com\/revistatravel3\/\",\"https:\/\/www.youtube.com\/channel\/UCno7J4paGBR3VbZQzvoJ9Eg\"]},{\"@type\":\"Person\",\"@id\":\"https:\/\/www.travel3.com.br\/site\/#\/schema\/person\/9cff8daac0a2f1aa0799f827b8aa8308\",\"name\":\"Reda\u00e7\u00e3o Travel3\",\"image\":{\"@type\":\"ImageObject\",\"inLanguage\":\"pt-BR\",\"@id\":\"https:\/\/www.travel3.com.br\/site\/#\/schema\/person\/image\/\",\"url\":\"https:\/\/secure.gravatar.com\/avatar\/6e6125525e1f04b7b8c607d71556e490?s=96&d=mm&r=g\",\"contentUrl\":\"https:\/\/secure.gravatar.com\/avatar\/6e6125525e1f04b7b8c607d71556e490?s=96&d=mm&r=g\",\"caption\":\"Reda\u00e7\u00e3o Travel3\"},\"sameAs\":[\"http:\/\/www.travel3.com.br\"],\"url\":\"https:\/\/www.travel3.com.br\/site\/author\/redacao2\/\"}]}<\/script>\n<!-- \/ Yoast SEO plugin. -->","yoast_head_json":{"title":"Incomum Viagens lan\u00e7a nova campanha - Travel3","description":"Incomum Viagens lan\u00e7a nova campanha; Operadora celebra o Dia do Agente de Viagens com competi\u00e7\u00e3o de reels no Instagram","robots":{"index":"index","follow":"follow","max-snippet":"max-snippet:-1","max-image-preview":"max-image-preview:large","max-video-preview":"max-video-preview:-1"},"canonical":"https:\/\/www.travel3.com.br\/site\/acontece-no-turismo\/incomum-viagens-lanca-nova-campanha\/","og_locale":"pt_BR","og_type":"article","og_title":"Incomum Viagens lan\u00e7a nova campanha - Travel3","og_description":"Incomum Viagens lan\u00e7a nova campanha; Operadora celebra o Dia do Agente de Viagens com competi\u00e7\u00e3o de reels no Instagram","og_url":"https:\/\/www.travel3.com.br\/site\/acontece-no-turismo\/incomum-viagens-lanca-nova-campanha\/","og_site_name":"Travel3","article_publisher":"https:\/\/www.facebook.com\/travel3media\/","article_published_time":"2024-04-23T18:31:58+00:00","article_modified_time":"2024-04-24T14:16:40+00:00","og_image":[{"width":960,"height":1280,"url":"https:\/\/www.travel3.com.br\/site\/wp-content\/uploads\/2024\/04\/Incomum-na-WTM_Easy-Resize.com_.jpg","type":"image\/jpeg"}],"author":"Reda\u00e7\u00e3o Travel3","twitter_card":"summary_large_image","twitter_misc":{"Escrito por":"Reda\u00e7\u00e3o Travel3","Est. tempo de leitura":"3 minutos"},"schema":{"@context":"https:\/\/schema.org","@graph":[{"@type":"Article","@id":"https:\/\/www.travel3.com.br\/site\/acontece-no-turismo\/incomum-viagens-lanca-nova-campanha\/#article","isPartOf":{"@id":"https:\/\/www.travel3.com.br\/site\/acontece-no-turismo\/incomum-viagens-lanca-nova-campanha\/"},"author":{"name":"Reda\u00e7\u00e3o Travel3","@id":"https:\/\/www.travel3.com.br\/site\/#\/schema\/person\/9cff8daac0a2f1aa0799f827b8aa8308"},"headline":"Incomum Viagens lan\u00e7a nova campanha","datePublished":"2024-04-23T18:31:58+00:00","dateModified":"2024-04-24T14:16:40+00:00","mainEntityOfPage":{"@id":"https:\/\/www.travel3.com.br\/site\/acontece-no-turismo\/incomum-viagens-lanca-nova-campanha\/"},"wordCount":376,"commentCount":0,"publisher":{"@id":"https:\/\/www.travel3.com.br\/site\/#organization"},"image":{"@id":"https:\/\/www.travel3.com.br\/site\/acontece-no-turismo\/incomum-viagens-lanca-nova-campanha\/#primaryimage"},"thumbnailUrl":"https:\/\/www.travel3.com.br\/site\/wp-content\/uploads\/2024\/04\/Incomum-na-WTM_Easy-Resize.com_.jpg","keywords":["agentes de viagem","campanha de vendas","Incomum","Incomum Operadora","Incomum Viagens"],"articleSection":["Acontece no Turismo","Operadoras"],"inLanguage":"pt-BR","potentialAction":[{"@type":"CommentAction","name":"Comment","target":["https:\/\/www.travel3.com.br\/site\/acontece-no-turismo\/incomum-viagens-lanca-nova-campanha\/#respond"]}]},{"@type":"WebPage","@id":"https:\/\/www.travel3.com.br\/site\/acontece-no-turismo\/incomum-viagens-lanca-nova-campanha\/","url":"https:\/\/www.travel3.com.br\/site\/acontece-no-turismo\/incomum-viagens-lanca-nova-campanha\/","name":"Incomum Viagens lan\u00e7a nova campanha - Travel3","isPartOf":{"@id":"https:\/\/www.travel3.com.br\/site\/#website"},"primaryImageOfPage":{"@id":"https:\/\/www.travel3.com.br\/site\/acontece-no-turismo\/incomum-viagens-lanca-nova-campanha\/#primaryimage"},"image":{"@id":"https:\/\/www.travel3.com.br\/site\/acontece-no-turismo\/incomum-viagens-lanca-nova-campanha\/#primaryimage"},"thumbnailUrl":"https:\/\/www.travel3.com.br\/site\/wp-content\/uploads\/2024\/04\/Incomum-na-WTM_Easy-Resize.com_.jpg","datePublished":"2024-04-23T18:31:58+00:00","dateModified":"2024-04-24T14:16:40+00:00","description":"Incomum Viagens lan\u00e7a nova campanha; Operadora celebra o Dia do Agente de Viagens com competi\u00e7\u00e3o de reels no Instagram","breadcrumb":{"@id":"https:\/\/www.travel3.com.br\/site\/acontece-no-turismo\/incomum-viagens-lanca-nova-campanha\/#breadcrumb"},"inLanguage":"pt-BR","potentialAction":[{"@type":"ReadAction","target":["https:\/\/www.travel3.com.br\/site\/acontece-no-turismo\/incomum-viagens-lanca-nova-campanha\/"]}]},{"@type":"ImageObject","inLanguage":"pt-BR","@id":"https:\/\/www.travel3.com.br\/site\/acontece-no-turismo\/incomum-viagens-lanca-nova-campanha\/#primaryimage","url":"https:\/\/www.travel3.com.br\/site\/wp-content\/uploads\/2024\/04\/Incomum-na-WTM_Easy-Resize.com_.jpg","contentUrl":"https:\/\/www.travel3.com.br\/site\/wp-content\/uploads\/2024\/04\/Incomum-na-WTM_Easy-Resize.com_.jpg","width":960,"height":1280,"caption":"O Time da Incomum Viagens da WTM Latin America 2024 (Foto: Caroline Tonaco)"},{"@type":"BreadcrumbList","@id":"https:\/\/www.travel3.com.br\/site\/acontece-no-turismo\/incomum-viagens-lanca-nova-campanha\/#breadcrumb","itemListElement":[{"@type":"ListItem","position":1,"name":"In\u00edcio","item":"https:\/\/www.travel3.com.br\/site\/"},{"@type":"ListItem","position":2,"name":"Incomum Viagens lan\u00e7a nova campanha"}]},{"@type":"WebSite","@id":"https:\/\/www.travel3.com.br\/site\/#website","url":"https:\/\/www.travel3.com.br\/site\/","name":"Travel3","description":"Lazer + Neg&oacute;cios + Aventura","publisher":{"@id":"https:\/\/www.travel3.com.br\/site\/#organization"},"potentialAction":[{"@type":"SearchAction","target":{"@type":"EntryPoint","urlTemplate":"https:\/\/www.travel3.com.br\/site\/?s={search_term_string}"},"query-input":{"@type":"PropertyValueSpecification","valueRequired":true,"valueName":"search_term_string"}}],"inLanguage":"pt-BR"},{"@type":"Organization","@id":"https:\/\/www.travel3.com.br\/site\/#organization","name":"Travel3","url":"https:\/\/www.travel3.com.br\/site\/","logo":{"@type":"ImageObject","inLanguage":"pt-BR","@id":"https:\/\/www.travel3.com.br\/site\/#\/schema\/logo\/image\/","url":"https:\/\/www.travel3.com.br\/site\/wp-content\/uploads\/2020\/01\/logo-travel3-2020.png","contentUrl":"https:\/\/www.travel3.com.br\/site\/wp-content\/uploads\/2020\/01\/logo-travel3-2020.png","width":232,"height":79,"caption":"Travel3"},"image":{"@id":"https:\/\/www.travel3.com.br\/site\/#\/schema\/logo\/image\/"},"sameAs":["https:\/\/www.facebook.com\/travel3media\/","https:\/\/www.instagram.com\/revistatravel3\/","https:\/\/www.youtube.com\/channel\/UCno7J4paGBR3VbZQzvoJ9Eg"]},{"@type":"Person","@id":"https:\/\/www.travel3.com.br\/site\/#\/schema\/person\/9cff8daac0a2f1aa0799f827b8aa8308","name":"Reda\u00e7\u00e3o Travel3","image":{"@type":"ImageObject","inLanguage":"pt-BR","@id":"https:\/\/www.travel3.com.br\/site\/#\/schema\/person\/image\/","url":"https:\/\/secure.gravatar.com\/avatar\/6e6125525e1f04b7b8c607d71556e490?s=96&d=mm&r=g","contentUrl":"https:\/\/secure.gravatar.com\/avatar\/6e6125525e1f04b7b8c607d71556e490?s=96&d=mm&r=g","caption":"Reda\u00e7\u00e3o Travel3"},"sameAs":["http:\/\/www.travel3.com.br"],"url":"https:\/\/www.travel3.com.br\/site\/author\/redacao2\/"}]}},"_links":{"self":[{"href":"https:\/\/www.travel3.com.br\/site\/wp-json\/wp\/v2\/posts\/67654","targetHints":{"allow":["GET"]}}],"collection":[{"href":"https:\/\/www.travel3.com.br\/site\/wp-json\/wp\/v2\/posts"}],"about":[{"href":"https:\/\/www.travel3.com.br\/site\/wp-json\/wp\/v2\/types\/post"}],"author":[{"embeddable":true,"href":"https:\/\/www.travel3.com.br\/site\/wp-json\/wp\/v2\/users\/6"}],"replies":[{"embeddable":true,"href":"https:\/\/www.travel3.com.br\/site\/wp-json\/wp\/v2\/comments?post=67654"}],"version-history":[{"count":11,"href":"https:\/\/www.travel3.com.br\/site\/wp-json\/wp\/v2\/posts\/67654\/revisions"}],"predecessor-version":[{"id":67674,"href":"https:\/\/www.travel3.com.br\/site\/wp-json\/wp\/v2\/posts\/67654\/revisions\/67674"}],"wp:featuredmedia":[{"embeddable":true,"href":"https:\/\/www.travel3.com.br\/site\/wp-json\/wp\/v2\/media\/67660"}],"wp:attachment":[{"href":"https:\/\/www.travel3.com.br\/site\/wp-json\/wp\/v2\/media?parent=67654"}],"wp:term":[{"taxonomy":"category","embeddable":true,"href":"https:\/\/www.travel3.com.br\/site\/wp-json\/wp\/v2\/categories?post=67654"},{"taxonomy":"post_tag","embeddable":true,"href":"https:\/\/www.travel3.com.br\/site\/wp-json\/wp\/v2\/tags?post=67654"}],"curies":[{"name":"wp","href":"https:\/\/api.w.org\/{rel}","templated":true}]}}