{"id":66525,"date":"2024-03-08T09:48:26","date_gmt":"2024-03-08T12:48:26","guid":{"rendered":"https:\/\/www.travel3.com.br\/?p=66525"},"modified":"2024-03-08T09:48:29","modified_gmt":"2024-03-08T12:48:29","slug":"minas-gerais-fortalece-presenca-turistica-em-lisboa","status":"publish","type":"post","link":"https:\/\/www.travel3.com.br\/site\/acontece-no-turismo\/minas-gerais-fortalece-presenca-turistica-em-lisboa\/","title":{"rendered":"Minas Gerais fortalece presen\u00e7a tur\u00edstica em Lisboa"},"content":{"rendered":"\n<h2 class=\"wp-block-heading\">Governo do Estado realizou a\u00e7\u00f5es de promo\u00e7\u00e3o da cultura mineira em um estande pr\u00f3prio na tradicional BLT<\/h2>\n\n\n\n<p>Minas Gerais refor\u00e7a sua posi\u00e7\u00e3o como destino tur\u00edstico de destaque durante a participa\u00e7\u00e3o na Bolsa de Turismo de Lisboa (BTL). O Estado apresentou suas atra\u00e7\u00f5es, cultura e culin\u00e1ria mineira durante o evento, que ocorreu na \u00faltima semana, reunindo um grande n\u00famero de expositores, visitantes e oportunidades de neg\u00f3cios.<\/p>\n\n\n\n<p>Com um estande pr\u00f3prio, o Governo de Minas promoveu a cultura mineira de maneira eficaz, recebendo uma m\u00e9dia de 300 visitantes por dia, incluindo gestores e figuras pol\u00edticas. Uma das grandes novidades anunciadas foi o in\u00edcio dos <strong>voos di\u00e1rios entre Belo Horizonte e Lisboa<\/strong>, a partir de junho. Esse acordo entre a <strong><a href=\"https:\/\/www.flytap.com\/pt-br\/\" target=\"_blank\" rel=\"noreferrer noopener\">TAP Air Portugal<\/a><\/strong> e a Embratur promete fortalecer os la\u00e7os entre Minas e Portugal, gerando oportunidades de neg\u00f3cios e empregos para o Estado.<\/p>\n\n\n\n<div class=\"wp-block-image\"><figure class=\"aligncenter size-large\"><img loading=\"lazy\" decoding=\"async\" width=\"1024\" height=\"768\" src=\"https:\/\/www.travel3.com.br\/site\/wp-content\/uploads\/2024\/03\/Reuniao-Secult-e-diretoria-da-TAP-Air-Portugal-FOto-Marden-Couto-TurismodeMinas_Easy-Resize.com_-1024x768.jpg\" alt=\"Reuni\u00e3o Secult e diretoria da TAP Air Portugal\" class=\"wp-image-66529\" srcset=\"https:\/\/www.travel3.com.br\/site\/wp-content\/uploads\/2024\/03\/Reuniao-Secult-e-diretoria-da-TAP-Air-Portugal-FOto-Marden-Couto-TurismodeMinas_Easy-Resize.com_-1024x768.jpg 1024w, https:\/\/www.travel3.com.br\/site\/wp-content\/uploads\/2024\/03\/Reuniao-Secult-e-diretoria-da-TAP-Air-Portugal-FOto-Marden-Couto-TurismodeMinas_Easy-Resize.com_-300x225.jpg 300w, https:\/\/www.travel3.com.br\/site\/wp-content\/uploads\/2024\/03\/Reuniao-Secult-e-diretoria-da-TAP-Air-Portugal-FOto-Marden-Couto-TurismodeMinas_Easy-Resize.com_-768x576.jpg 768w, https:\/\/www.travel3.com.br\/site\/wp-content\/uploads\/2024\/03\/Reuniao-Secult-e-diretoria-da-TAP-Air-Portugal-FOto-Marden-Couto-TurismodeMinas_Easy-Resize.com_-150x113.jpg 150w, https:\/\/www.travel3.com.br\/site\/wp-content\/uploads\/2024\/03\/Reuniao-Secult-e-diretoria-da-TAP-Air-Portugal-FOto-Marden-Couto-TurismodeMinas_Easy-Resize.com_-750x563.jpg 750w, https:\/\/www.travel3.com.br\/site\/wp-content\/uploads\/2024\/03\/Reuniao-Secult-e-diretoria-da-TAP-Air-Portugal-FOto-Marden-Couto-TurismodeMinas_Easy-Resize.com_-1140x855.jpg 1140w, https:\/\/www.travel3.com.br\/site\/wp-content\/uploads\/2024\/03\/Reuniao-Secult-e-diretoria-da-TAP-Air-Portugal-FOto-Marden-Couto-TurismodeMinas_Easy-Resize.com_.jpg 1280w\" sizes=\"auto, (max-width: 1024px) 100vw, 1024px\" \/><figcaption>Reuni\u00e3o Secult e diretoria da TAP Air Portugal (Foto: Marden Couto-TurismodeMinas\/Divulga\u00e7\u00e3o)<\/figcaption><\/figure><\/div>\n\n\n\n<p>A presen\u00e7a na BTL Lisboa tamb\u00e9m proporcionou uma valiosa plataforma para networking e desenvolvimento de neg\u00f3cios, reunindo operadoras tur\u00edsticas, redes hoteleiras, companhias a\u00e9reas e prestadores de servi\u00e7os tur\u00edsticos. Carlos Antunes, diretor da TAP para o Brasil e Am\u00e9rica do Sul, destacou a parceria entre a empresa e o Governo de Minas como fundamental para impulsionar o turismo na regi\u00e3o.<\/p>\n\n\n\n<p>As a\u00e7\u00f5es do Governo de Minas na BTL 2024 fazem parte do programa \u201c<strong>Minas para o Mundo: Mundo para Minas<\/strong>\u201d, coordenado pela Secretaria de Estado de Cultura e Turismo (Secult-MG) e pela Companhia de Desenvolvimento de Minas Gerais (Codemge). A participa\u00e7\u00e3o em eventos tur\u00edsticos tanto no Brasil quanto no exterior \u00e9 uma estrat\u00e9gia para posicionar Minas no mercado internacional, estimulando neg\u00f3cios e atraindo turistas estrangeiros.<\/p>\n\n\n\n<figure class=\"wp-block-gallery aligncenter has-nested-images columns-default is-cropped wp-block-gallery-2 is-layout-flex wp-block-gallery-is-layout-flex\">\n<figure class=\"wp-block-image size-large\"><img loading=\"lazy\" decoding=\"async\" width=\"1280\" height=\"960\" data-id=\"66528\" src=\"https:\/\/www.travel3.com.br\/site\/wp-content\/uploads\/2024\/03\/Estande-Minas-na-BTL-2024-Foto-Marden-Couto-TurismodeMinas_Easy-Resize.com_.jpg\" alt=\"Estande de Minas Gerais na BTL em Lisboa 2024\" class=\"wp-image-66528\" srcset=\"https:\/\/www.travel3.com.br\/site\/wp-content\/uploads\/2024\/03\/Estande-Minas-na-BTL-2024-Foto-Marden-Couto-TurismodeMinas_Easy-Resize.com_.jpg 1280w, https:\/\/www.travel3.com.br\/site\/wp-content\/uploads\/2024\/03\/Estande-Minas-na-BTL-2024-Foto-Marden-Couto-TurismodeMinas_Easy-Resize.com_-300x225.jpg 300w, https:\/\/www.travel3.com.br\/site\/wp-content\/uploads\/2024\/03\/Estande-Minas-na-BTL-2024-Foto-Marden-Couto-TurismodeMinas_Easy-Resize.com_-1024x768.jpg 1024w, https:\/\/www.travel3.com.br\/site\/wp-content\/uploads\/2024\/03\/Estande-Minas-na-BTL-2024-Foto-Marden-Couto-TurismodeMinas_Easy-Resize.com_-768x576.jpg 768w, https:\/\/www.travel3.com.br\/site\/wp-content\/uploads\/2024\/03\/Estande-Minas-na-BTL-2024-Foto-Marden-Couto-TurismodeMinas_Easy-Resize.com_-150x113.jpg 150w, https:\/\/www.travel3.com.br\/site\/wp-content\/uploads\/2024\/03\/Estande-Minas-na-BTL-2024-Foto-Marden-Couto-TurismodeMinas_Easy-Resize.com_-750x563.jpg 750w, https:\/\/www.travel3.com.br\/site\/wp-content\/uploads\/2024\/03\/Estande-Minas-na-BTL-2024-Foto-Marden-Couto-TurismodeMinas_Easy-Resize.com_-1140x855.jpg 1140w\" sizes=\"auto, (max-width: 1280px) 100vw, 1280px\" \/><\/figure>\n\n\n\n<figure class=\"wp-block-image size-large\"><img loading=\"lazy\" decoding=\"async\" width=\"1280\" height=\"960\" data-id=\"66527\" src=\"https:\/\/www.travel3.com.br\/site\/wp-content\/uploads\/2024\/03\/Estande-de-Minas-na-BTL-2024-Foto-Marden-Couto-TurismodeMinas_Easy-Resize.com_.jpg\" alt=\"Estande de Minas Gerais na BTL em Lisboa 2024\" class=\"wp-image-66527\" srcset=\"https:\/\/www.travel3.com.br\/site\/wp-content\/uploads\/2024\/03\/Estande-de-Minas-na-BTL-2024-Foto-Marden-Couto-TurismodeMinas_Easy-Resize.com_.jpg 1280w, https:\/\/www.travel3.com.br\/site\/wp-content\/uploads\/2024\/03\/Estande-de-Minas-na-BTL-2024-Foto-Marden-Couto-TurismodeMinas_Easy-Resize.com_-300x225.jpg 300w, https:\/\/www.travel3.com.br\/site\/wp-content\/uploads\/2024\/03\/Estande-de-Minas-na-BTL-2024-Foto-Marden-Couto-TurismodeMinas_Easy-Resize.com_-1024x768.jpg 1024w, https:\/\/www.travel3.com.br\/site\/wp-content\/uploads\/2024\/03\/Estande-de-Minas-na-BTL-2024-Foto-Marden-Couto-TurismodeMinas_Easy-Resize.com_-768x576.jpg 768w, https:\/\/www.travel3.com.br\/site\/wp-content\/uploads\/2024\/03\/Estande-de-Minas-na-BTL-2024-Foto-Marden-Couto-TurismodeMinas_Easy-Resize.com_-150x113.jpg 150w, https:\/\/www.travel3.com.br\/site\/wp-content\/uploads\/2024\/03\/Estande-de-Minas-na-BTL-2024-Foto-Marden-Couto-TurismodeMinas_Easy-Resize.com_-750x563.jpg 750w, https:\/\/www.travel3.com.br\/site\/wp-content\/uploads\/2024\/03\/Estande-de-Minas-na-BTL-2024-Foto-Marden-Couto-TurismodeMinas_Easy-Resize.com_-1140x855.jpg 1140w\" sizes=\"auto, (max-width: 1280px) 100vw, 1280px\" \/><\/figure>\n<\/figure>\n\n\n\n<p class=\"has-text-align-center has-small-font-size\">Estande de Minas Gerais na BTL em Lisboa 2024 (Foto: Marden Couto-TurismodeMinas\/Divulga\u00e7\u00e3o)<\/p>\n\n\n\n<p>O secret\u00e1rio de Estado de Cultura e Turismo, Le\u00f4nidas de Oliveira, enfatizou que o mundo est\u00e1 vendo que Minas Gerais \u00e9 uma pot\u00eancia tur\u00edstica e importante destino de investimentos: \u201c<strong><em>Isso \u00e9 resultado de um trabalho multidisciplinar do Governo de Minas. Na BTL, cumprimos nosso objetivo de mostrar Minas para o mundo e atrair turistas e investimentos<\/em><\/strong>\u201d.\u00a0<\/p>\n\n\n\n<p>Durante a BTL Lisboa, a <strong><a href=\"https:\/\/www.travel3.com.br\/gastronomia\/dia-da-gastronomia-mineira-celebra-a-riqueza-cultural-de-minas-gerais\/\" target=\"_blank\" rel=\"noreferrer noopener\">Cozinha Mineira<\/a> <\/strong>foi destaque, com degusta\u00e7\u00f5es realizadas pelos chefs <strong>Felipe Rameh<\/strong> e <strong>Roberta Gomes<\/strong>, apresentando os sabores aut\u00eanticos da culin\u00e1ria de Minas Gerais. O presidente de Portugal, <strong>Marcelo Rebelo de Sousa<\/strong>, e o presidente da Embratur, <strong>Marcelo Freixo<\/strong>, elogiaram a qualidade e diversidade da gastronomia mineira.<\/p>\n\n\n\n<div class=\"wp-block-image\"><figure class=\"aligncenter size-large\"><img loading=\"lazy\" decoding=\"async\" width=\"1024\" height=\"768\" src=\"https:\/\/www.travel3.com.br\/site\/wp-content\/uploads\/2024\/03\/Chef-Felipe-Rameh-Secretario-Leonidas-e-o-presidente-de-Portugal-Marcelo-Rebelo-de-Sousa-foto-Marden-Couto-TurismodeMinas_Easy-Resize.com_-1024x768.jpg\" alt=\"Chef Felipe Rameh, Secret\u00e1rio Le\u00f4nidas e o presidente de Portugal, Marcelo Rebelo de Sousa\" class=\"wp-image-66530\" srcset=\"https:\/\/www.travel3.com.br\/site\/wp-content\/uploads\/2024\/03\/Chef-Felipe-Rameh-Secretario-Leonidas-e-o-presidente-de-Portugal-Marcelo-Rebelo-de-Sousa-foto-Marden-Couto-TurismodeMinas_Easy-Resize.com_-1024x768.jpg 1024w, https:\/\/www.travel3.com.br\/site\/wp-content\/uploads\/2024\/03\/Chef-Felipe-Rameh-Secretario-Leonidas-e-o-presidente-de-Portugal-Marcelo-Rebelo-de-Sousa-foto-Marden-Couto-TurismodeMinas_Easy-Resize.com_-300x225.jpg 300w, https:\/\/www.travel3.com.br\/site\/wp-content\/uploads\/2024\/03\/Chef-Felipe-Rameh-Secretario-Leonidas-e-o-presidente-de-Portugal-Marcelo-Rebelo-de-Sousa-foto-Marden-Couto-TurismodeMinas_Easy-Resize.com_-768x576.jpg 768w, https:\/\/www.travel3.com.br\/site\/wp-content\/uploads\/2024\/03\/Chef-Felipe-Rameh-Secretario-Leonidas-e-o-presidente-de-Portugal-Marcelo-Rebelo-de-Sousa-foto-Marden-Couto-TurismodeMinas_Easy-Resize.com_-150x113.jpg 150w, https:\/\/www.travel3.com.br\/site\/wp-content\/uploads\/2024\/03\/Chef-Felipe-Rameh-Secretario-Leonidas-e-o-presidente-de-Portugal-Marcelo-Rebelo-de-Sousa-foto-Marden-Couto-TurismodeMinas_Easy-Resize.com_-750x563.jpg 750w, https:\/\/www.travel3.com.br\/site\/wp-content\/uploads\/2024\/03\/Chef-Felipe-Rameh-Secretario-Leonidas-e-o-presidente-de-Portugal-Marcelo-Rebelo-de-Sousa-foto-Marden-Couto-TurismodeMinas_Easy-Resize.com_-1140x855.jpg 1140w, https:\/\/www.travel3.com.br\/site\/wp-content\/uploads\/2024\/03\/Chef-Felipe-Rameh-Secretario-Leonidas-e-o-presidente-de-Portugal-Marcelo-Rebelo-de-Sousa-foto-Marden-Couto-TurismodeMinas_Easy-Resize.com_.jpg 1280w\" sizes=\"auto, (max-width: 1024px) 100vw, 1024px\" \/><figcaption>Chef Felipe Rameh, Secret\u00e1rio Le\u00f4nidas e o presidente de Portugal, Marcelo Rebelo de Sousa (Foto: Marden Couto-TurismodeMinas\/Divulga\u00e7\u00e3o)<\/figcaption><\/figure><\/div>\n\n\n\n<p>Outro destaque foi a promo\u00e7\u00e3o do <strong>Queijo Canastra<\/strong>, um dos s\u00edmbolos da culin\u00e1ria mineira, que ser\u00e1 apresentado na 26\u00aa edi\u00e7\u00e3o do Festival de Cinema Brasileiro de Paris. Al\u00e9m disso, o estande do Governo de Minas ofereceu degusta\u00e7\u00f5es de cacha\u00e7as, caf\u00e9s, doces e queijos, destacando a riqueza e variedade dos produtos t\u00edpicos da regi\u00e3o.<\/p>\n\n\n\n<p>A participa\u00e7\u00e3o na BTL Lisboa foi uma excelente oportunidade para os produtores locais, como <strong>Hugo Faria Leite<\/strong>, da Associa\u00e7\u00e3o dos Produtores de Queijo Canastra, e <strong>Paulo Rodrigues<\/strong>, produtor da cacha\u00e7a Divina, destacarem seus produtos e expandirem seus neg\u00f3cios internacionalmente.<\/p>\n","protected":false},"excerpt":{"rendered":"<p>Governo do Estado realizou a\u00e7\u00f5es de promo\u00e7\u00e3o da cultura mineira em um estande pr\u00f3prio na tradicional BLT<\/p>\n","protected":false},"author":5,"featured_media":66526,"comment_status":"open","ping_status":"open","sticky":false,"template":"","format":"standard","meta":{"footnotes":""},"categories":[969,5,3],"tags":[5992,5890,5651,4608,355,4486],"class_list":["post-66525","post","type-post","status-publish","format-standard","has-post-thumbnail","hentry","category-acontece-no-turismo","category-eventos-e-feiras","category-negocios","tag-blt","tag-embratur","tag-gastronomia-mineira","tag-leonidas-oliveira","tag-minas-gerais","tag-secult-mg"],"yoast_head":"<!-- This site is optimized with the Yoast SEO plugin v26.2 - https:\/\/yoast.com\/wordpress\/plugins\/seo\/ -->\n<title>Minas Gerais fortalece presen\u00e7a tur\u00edstica em Lisboa - Travel3<\/title>\n<meta name=\"description\" content=\"Minas Gerais fortalece presen\u00e7a tur\u00edstica em Lisboa; Governo do Estado realizou a\u00e7\u00f5es de promo\u00e7\u00e3o da cultura mineira na tradicional BLT\" \/>\n<meta name=\"robots\" content=\"index, follow, max-snippet:-1, max-image-preview:large, max-video-preview:-1\" \/>\n<link rel=\"canonical\" href=\"https:\/\/www.travel3.com.br\/site\/acontece-no-turismo\/minas-gerais-fortalece-presenca-turistica-em-lisboa\/\" \/>\n<meta property=\"og:locale\" content=\"pt_BR\" \/>\n<meta property=\"og:type\" content=\"article\" \/>\n<meta property=\"og:title\" content=\"Minas Gerais fortalece presen\u00e7a tur\u00edstica em Lisboa - Travel3\" \/>\n<meta property=\"og:description\" content=\"Minas Gerais fortalece presen\u00e7a tur\u00edstica em Lisboa; Governo do Estado realizou a\u00e7\u00f5es de promo\u00e7\u00e3o da cultura mineira na tradicional BLT\" \/>\n<meta property=\"og:url\" content=\"https:\/\/www.travel3.com.br\/site\/acontece-no-turismo\/minas-gerais-fortalece-presenca-turistica-em-lisboa\/\" \/>\n<meta property=\"og:site_name\" content=\"Travel3\" \/>\n<meta property=\"article:publisher\" content=\"https:\/\/www.facebook.com\/travel3media\/\" \/>\n<meta property=\"article:published_time\" content=\"2024-03-08T12:48:26+00:00\" \/>\n<meta property=\"article:modified_time\" content=\"2024-03-08T12:48:29+00:00\" \/>\n<meta property=\"og:image\" content=\"https:\/\/www.travel3.com.br\/site\/wp-content\/uploads\/2024\/03\/Leonidas-de-Oliveira-Felipe-Rameh-e-Marcelo-Freixo-Marden-Couto-TurismodeMinas_Easy-Resize.com_.jpg\" \/>\n\t<meta property=\"og:image:width\" content=\"1280\" \/>\n\t<meta property=\"og:image:height\" content=\"960\" \/>\n\t<meta property=\"og:image:type\" content=\"image\/jpeg\" \/>\n<meta name=\"author\" content=\"Reda\u00e7\u00e3o Travel3\" \/>\n<meta name=\"twitter:card\" content=\"summary_large_image\" \/>\n<meta name=\"twitter:label1\" content=\"Escrito por\" \/>\n\t<meta name=\"twitter:data1\" content=\"Reda\u00e7\u00e3o Travel3\" \/>\n\t<meta name=\"twitter:label2\" content=\"Est. tempo de leitura\" \/>\n\t<meta name=\"twitter:data2\" content=\"4 minutos\" \/>\n<script type=\"application\/ld+json\" class=\"yoast-schema-graph\">{\"@context\":\"https:\/\/schema.org\",\"@graph\":[{\"@type\":\"Article\",\"@id\":\"https:\/\/www.travel3.com.br\/site\/acontece-no-turismo\/minas-gerais-fortalece-presenca-turistica-em-lisboa\/#article\",\"isPartOf\":{\"@id\":\"https:\/\/www.travel3.com.br\/site\/acontece-no-turismo\/minas-gerais-fortalece-presenca-turistica-em-lisboa\/\"},\"author\":{\"name\":\"Reda\u00e7\u00e3o Travel3\",\"@id\":\"https:\/\/www.travel3.com.br\/site\/#\/schema\/person\/89251b0320bc67697de92249f97f3fdb\"},\"headline\":\"Minas Gerais fortalece presen\u00e7a tur\u00edstica em Lisboa\",\"datePublished\":\"2024-03-08T12:48:26+00:00\",\"dateModified\":\"2024-03-08T12:48:29+00:00\",\"mainEntityOfPage\":{\"@id\":\"https:\/\/www.travel3.com.br\/site\/acontece-no-turismo\/minas-gerais-fortalece-presenca-turistica-em-lisboa\/\"},\"wordCount\":567,\"commentCount\":0,\"publisher\":{\"@id\":\"https:\/\/www.travel3.com.br\/site\/#organization\"},\"image\":{\"@id\":\"https:\/\/www.travel3.com.br\/site\/acontece-no-turismo\/minas-gerais-fortalece-presenca-turistica-em-lisboa\/#primaryimage\"},\"thumbnailUrl\":\"https:\/\/www.travel3.com.br\/site\/wp-content\/uploads\/2024\/03\/Leonidas-de-Oliveira-Felipe-Rameh-e-Marcelo-Freixo-Marden-Couto-TurismodeMinas_Easy-Resize.com_.jpg\",\"keywords\":[\"BLT\",\"embratur\",\"Gastronomia Mineira\",\"Le\u00f4nidas Oliveira\",\"Minas Gerais\",\"Secult MG\"],\"articleSection\":[\"Acontece no Turismo\",\"Eventos e Feiras\",\"Neg\u00f3cios\"],\"inLanguage\":\"pt-BR\",\"potentialAction\":[{\"@type\":\"CommentAction\",\"name\":\"Comment\",\"target\":[\"https:\/\/www.travel3.com.br\/site\/acontece-no-turismo\/minas-gerais-fortalece-presenca-turistica-em-lisboa\/#respond\"]}]},{\"@type\":\"WebPage\",\"@id\":\"https:\/\/www.travel3.com.br\/site\/acontece-no-turismo\/minas-gerais-fortalece-presenca-turistica-em-lisboa\/\",\"url\":\"https:\/\/www.travel3.com.br\/site\/acontece-no-turismo\/minas-gerais-fortalece-presenca-turistica-em-lisboa\/\",\"name\":\"Minas Gerais fortalece presen\u00e7a tur\u00edstica em Lisboa - Travel3\",\"isPartOf\":{\"@id\":\"https:\/\/www.travel3.com.br\/site\/#website\"},\"primaryImageOfPage\":{\"@id\":\"https:\/\/www.travel3.com.br\/site\/acontece-no-turismo\/minas-gerais-fortalece-presenca-turistica-em-lisboa\/#primaryimage\"},\"image\":{\"@id\":\"https:\/\/www.travel3.com.br\/site\/acontece-no-turismo\/minas-gerais-fortalece-presenca-turistica-em-lisboa\/#primaryimage\"},\"thumbnailUrl\":\"https:\/\/www.travel3.com.br\/site\/wp-content\/uploads\/2024\/03\/Leonidas-de-Oliveira-Felipe-Rameh-e-Marcelo-Freixo-Marden-Couto-TurismodeMinas_Easy-Resize.com_.jpg\",\"datePublished\":\"2024-03-08T12:48:26+00:00\",\"dateModified\":\"2024-03-08T12:48:29+00:00\",\"description\":\"Minas Gerais fortalece presen\u00e7a tur\u00edstica em Lisboa; Governo do Estado realizou a\u00e7\u00f5es de promo\u00e7\u00e3o da cultura mineira na tradicional BLT\",\"breadcrumb\":{\"@id\":\"https:\/\/www.travel3.com.br\/site\/acontece-no-turismo\/minas-gerais-fortalece-presenca-turistica-em-lisboa\/#breadcrumb\"},\"inLanguage\":\"pt-BR\",\"potentialAction\":[{\"@type\":\"ReadAction\",\"target\":[\"https:\/\/www.travel3.com.br\/site\/acontece-no-turismo\/minas-gerais-fortalece-presenca-turistica-em-lisboa\/\"]}]},{\"@type\":\"ImageObject\",\"inLanguage\":\"pt-BR\",\"@id\":\"https:\/\/www.travel3.com.br\/site\/acontece-no-turismo\/minas-gerais-fortalece-presenca-turistica-em-lisboa\/#primaryimage\",\"url\":\"https:\/\/www.travel3.com.br\/site\/wp-content\/uploads\/2024\/03\/Leonidas-de-Oliveira-Felipe-Rameh-e-Marcelo-Freixo-Marden-Couto-TurismodeMinas_Easy-Resize.com_.jpg\",\"contentUrl\":\"https:\/\/www.travel3.com.br\/site\/wp-content\/uploads\/2024\/03\/Leonidas-de-Oliveira-Felipe-Rameh-e-Marcelo-Freixo-Marden-Couto-TurismodeMinas_Easy-Resize.com_.jpg\",\"width\":1280,\"height\":960,\"caption\":\"Le\u00f4nidas de Oliveira, Felipe Rameh e Marcelo Freixo (Foto: Marden Couto-TurismodeMinas\/Divulga\u00e7\u00e3o)\"},{\"@type\":\"BreadcrumbList\",\"@id\":\"https:\/\/www.travel3.com.br\/site\/acontece-no-turismo\/minas-gerais-fortalece-presenca-turistica-em-lisboa\/#breadcrumb\",\"itemListElement\":[{\"@type\":\"ListItem\",\"position\":1,\"name\":\"In\u00edcio\",\"item\":\"https:\/\/www.travel3.com.br\/site\/\"},{\"@type\":\"ListItem\",\"position\":2,\"name\":\"Minas Gerais fortalece presen\u00e7a tur\u00edstica em Lisboa\"}]},{\"@type\":\"WebSite\",\"@id\":\"https:\/\/www.travel3.com.br\/site\/#website\",\"url\":\"https:\/\/www.travel3.com.br\/site\/\",\"name\":\"Travel3\",\"description\":\"Lazer + Neg&oacute;cios + Aventura\",\"publisher\":{\"@id\":\"https:\/\/www.travel3.com.br\/site\/#organization\"},\"potentialAction\":[{\"@type\":\"SearchAction\",\"target\":{\"@type\":\"EntryPoint\",\"urlTemplate\":\"https:\/\/www.travel3.com.br\/site\/?s={search_term_string}\"},\"query-input\":{\"@type\":\"PropertyValueSpecification\",\"valueRequired\":true,\"valueName\":\"search_term_string\"}}],\"inLanguage\":\"pt-BR\"},{\"@type\":\"Organization\",\"@id\":\"https:\/\/www.travel3.com.br\/site\/#organization\",\"name\":\"Travel3\",\"url\":\"https:\/\/www.travel3.com.br\/site\/\",\"logo\":{\"@type\":\"ImageObject\",\"inLanguage\":\"pt-BR\",\"@id\":\"https:\/\/www.travel3.com.br\/site\/#\/schema\/logo\/image\/\",\"url\":\"https:\/\/www.travel3.com.br\/site\/wp-content\/uploads\/2020\/01\/logo-travel3-2020.png\",\"contentUrl\":\"https:\/\/www.travel3.com.br\/site\/wp-content\/uploads\/2020\/01\/logo-travel3-2020.png\",\"width\":232,\"height\":79,\"caption\":\"Travel3\"},\"image\":{\"@id\":\"https:\/\/www.travel3.com.br\/site\/#\/schema\/logo\/image\/\"},\"sameAs\":[\"https:\/\/www.facebook.com\/travel3media\/\",\"https:\/\/www.instagram.com\/revistatravel3\/\",\"https:\/\/www.youtube.com\/channel\/UCno7J4paGBR3VbZQzvoJ9Eg\"]},{\"@type\":\"Person\",\"@id\":\"https:\/\/www.travel3.com.br\/site\/#\/schema\/person\/89251b0320bc67697de92249f97f3fdb\",\"name\":\"Reda\u00e7\u00e3o Travel3\",\"image\":{\"@type\":\"ImageObject\",\"inLanguage\":\"pt-BR\",\"@id\":\"https:\/\/www.travel3.com.br\/site\/#\/schema\/person\/image\/\",\"url\":\"https:\/\/secure.gravatar.com\/avatar\/85a5ec2ad99b1932f671ebf50c117db6?s=96&d=mm&r=g\",\"contentUrl\":\"https:\/\/secure.gravatar.com\/avatar\/85a5ec2ad99b1932f671ebf50c117db6?s=96&d=mm&r=g\",\"caption\":\"Reda\u00e7\u00e3o Travel3\"},\"sameAs\":[\"http:\/\/www.travel3.com.br\/\"],\"url\":\"https:\/\/www.travel3.com.br\/site\/author\/redacao\/\"}]}<\/script>\n<!-- \/ Yoast SEO plugin. -->","yoast_head_json":{"title":"Minas Gerais fortalece presen\u00e7a tur\u00edstica em Lisboa - Travel3","description":"Minas Gerais fortalece presen\u00e7a tur\u00edstica em Lisboa; Governo do Estado realizou a\u00e7\u00f5es de promo\u00e7\u00e3o da cultura mineira na tradicional BLT","robots":{"index":"index","follow":"follow","max-snippet":"max-snippet:-1","max-image-preview":"max-image-preview:large","max-video-preview":"max-video-preview:-1"},"canonical":"https:\/\/www.travel3.com.br\/site\/acontece-no-turismo\/minas-gerais-fortalece-presenca-turistica-em-lisboa\/","og_locale":"pt_BR","og_type":"article","og_title":"Minas Gerais fortalece presen\u00e7a tur\u00edstica em Lisboa - Travel3","og_description":"Minas Gerais fortalece presen\u00e7a tur\u00edstica em Lisboa; Governo do Estado realizou a\u00e7\u00f5es de promo\u00e7\u00e3o da cultura mineira na tradicional BLT","og_url":"https:\/\/www.travel3.com.br\/site\/acontece-no-turismo\/minas-gerais-fortalece-presenca-turistica-em-lisboa\/","og_site_name":"Travel3","article_publisher":"https:\/\/www.facebook.com\/travel3media\/","article_published_time":"2024-03-08T12:48:26+00:00","article_modified_time":"2024-03-08T12:48:29+00:00","og_image":[{"width":1280,"height":960,"url":"https:\/\/www.travel3.com.br\/site\/wp-content\/uploads\/2024\/03\/Leonidas-de-Oliveira-Felipe-Rameh-e-Marcelo-Freixo-Marden-Couto-TurismodeMinas_Easy-Resize.com_.jpg","type":"image\/jpeg"}],"author":"Reda\u00e7\u00e3o Travel3","twitter_card":"summary_large_image","twitter_misc":{"Escrito por":"Reda\u00e7\u00e3o Travel3","Est. tempo de leitura":"4 minutos"},"schema":{"@context":"https:\/\/schema.org","@graph":[{"@type":"Article","@id":"https:\/\/www.travel3.com.br\/site\/acontece-no-turismo\/minas-gerais-fortalece-presenca-turistica-em-lisboa\/#article","isPartOf":{"@id":"https:\/\/www.travel3.com.br\/site\/acontece-no-turismo\/minas-gerais-fortalece-presenca-turistica-em-lisboa\/"},"author":{"name":"Reda\u00e7\u00e3o Travel3","@id":"https:\/\/www.travel3.com.br\/site\/#\/schema\/person\/89251b0320bc67697de92249f97f3fdb"},"headline":"Minas Gerais fortalece presen\u00e7a tur\u00edstica em Lisboa","datePublished":"2024-03-08T12:48:26+00:00","dateModified":"2024-03-08T12:48:29+00:00","mainEntityOfPage":{"@id":"https:\/\/www.travel3.com.br\/site\/acontece-no-turismo\/minas-gerais-fortalece-presenca-turistica-em-lisboa\/"},"wordCount":567,"commentCount":0,"publisher":{"@id":"https:\/\/www.travel3.com.br\/site\/#organization"},"image":{"@id":"https:\/\/www.travel3.com.br\/site\/acontece-no-turismo\/minas-gerais-fortalece-presenca-turistica-em-lisboa\/#primaryimage"},"thumbnailUrl":"https:\/\/www.travel3.com.br\/site\/wp-content\/uploads\/2024\/03\/Leonidas-de-Oliveira-Felipe-Rameh-e-Marcelo-Freixo-Marden-Couto-TurismodeMinas_Easy-Resize.com_.jpg","keywords":["BLT","embratur","Gastronomia Mineira","Le\u00f4nidas Oliveira","Minas Gerais","Secult MG"],"articleSection":["Acontece no Turismo","Eventos e Feiras","Neg\u00f3cios"],"inLanguage":"pt-BR","potentialAction":[{"@type":"CommentAction","name":"Comment","target":["https:\/\/www.travel3.com.br\/site\/acontece-no-turismo\/minas-gerais-fortalece-presenca-turistica-em-lisboa\/#respond"]}]},{"@type":"WebPage","@id":"https:\/\/www.travel3.com.br\/site\/acontece-no-turismo\/minas-gerais-fortalece-presenca-turistica-em-lisboa\/","url":"https:\/\/www.travel3.com.br\/site\/acontece-no-turismo\/minas-gerais-fortalece-presenca-turistica-em-lisboa\/","name":"Minas Gerais fortalece presen\u00e7a tur\u00edstica em Lisboa - Travel3","isPartOf":{"@id":"https:\/\/www.travel3.com.br\/site\/#website"},"primaryImageOfPage":{"@id":"https:\/\/www.travel3.com.br\/site\/acontece-no-turismo\/minas-gerais-fortalece-presenca-turistica-em-lisboa\/#primaryimage"},"image":{"@id":"https:\/\/www.travel3.com.br\/site\/acontece-no-turismo\/minas-gerais-fortalece-presenca-turistica-em-lisboa\/#primaryimage"},"thumbnailUrl":"https:\/\/www.travel3.com.br\/site\/wp-content\/uploads\/2024\/03\/Leonidas-de-Oliveira-Felipe-Rameh-e-Marcelo-Freixo-Marden-Couto-TurismodeMinas_Easy-Resize.com_.jpg","datePublished":"2024-03-08T12:48:26+00:00","dateModified":"2024-03-08T12:48:29+00:00","description":"Minas Gerais fortalece presen\u00e7a tur\u00edstica em Lisboa; Governo do Estado realizou a\u00e7\u00f5es de promo\u00e7\u00e3o da cultura mineira na tradicional BLT","breadcrumb":{"@id":"https:\/\/www.travel3.com.br\/site\/acontece-no-turismo\/minas-gerais-fortalece-presenca-turistica-em-lisboa\/#breadcrumb"},"inLanguage":"pt-BR","potentialAction":[{"@type":"ReadAction","target":["https:\/\/www.travel3.com.br\/site\/acontece-no-turismo\/minas-gerais-fortalece-presenca-turistica-em-lisboa\/"]}]},{"@type":"ImageObject","inLanguage":"pt-BR","@id":"https:\/\/www.travel3.com.br\/site\/acontece-no-turismo\/minas-gerais-fortalece-presenca-turistica-em-lisboa\/#primaryimage","url":"https:\/\/www.travel3.com.br\/site\/wp-content\/uploads\/2024\/03\/Leonidas-de-Oliveira-Felipe-Rameh-e-Marcelo-Freixo-Marden-Couto-TurismodeMinas_Easy-Resize.com_.jpg","contentUrl":"https:\/\/www.travel3.com.br\/site\/wp-content\/uploads\/2024\/03\/Leonidas-de-Oliveira-Felipe-Rameh-e-Marcelo-Freixo-Marden-Couto-TurismodeMinas_Easy-Resize.com_.jpg","width":1280,"height":960,"caption":"Le\u00f4nidas de Oliveira, Felipe Rameh e Marcelo Freixo (Foto: Marden Couto-TurismodeMinas\/Divulga\u00e7\u00e3o)"},{"@type":"BreadcrumbList","@id":"https:\/\/www.travel3.com.br\/site\/acontece-no-turismo\/minas-gerais-fortalece-presenca-turistica-em-lisboa\/#breadcrumb","itemListElement":[{"@type":"ListItem","position":1,"name":"In\u00edcio","item":"https:\/\/www.travel3.com.br\/site\/"},{"@type":"ListItem","position":2,"name":"Minas Gerais fortalece presen\u00e7a tur\u00edstica em Lisboa"}]},{"@type":"WebSite","@id":"https:\/\/www.travel3.com.br\/site\/#website","url":"https:\/\/www.travel3.com.br\/site\/","name":"Travel3","description":"Lazer + Neg&oacute;cios + Aventura","publisher":{"@id":"https:\/\/www.travel3.com.br\/site\/#organization"},"potentialAction":[{"@type":"SearchAction","target":{"@type":"EntryPoint","urlTemplate":"https:\/\/www.travel3.com.br\/site\/?s={search_term_string}"},"query-input":{"@type":"PropertyValueSpecification","valueRequired":true,"valueName":"search_term_string"}}],"inLanguage":"pt-BR"},{"@type":"Organization","@id":"https:\/\/www.travel3.com.br\/site\/#organization","name":"Travel3","url":"https:\/\/www.travel3.com.br\/site\/","logo":{"@type":"ImageObject","inLanguage":"pt-BR","@id":"https:\/\/www.travel3.com.br\/site\/#\/schema\/logo\/image\/","url":"https:\/\/www.travel3.com.br\/site\/wp-content\/uploads\/2020\/01\/logo-travel3-2020.png","contentUrl":"https:\/\/www.travel3.com.br\/site\/wp-content\/uploads\/2020\/01\/logo-travel3-2020.png","width":232,"height":79,"caption":"Travel3"},"image":{"@id":"https:\/\/www.travel3.com.br\/site\/#\/schema\/logo\/image\/"},"sameAs":["https:\/\/www.facebook.com\/travel3media\/","https:\/\/www.instagram.com\/revistatravel3\/","https:\/\/www.youtube.com\/channel\/UCno7J4paGBR3VbZQzvoJ9Eg"]},{"@type":"Person","@id":"https:\/\/www.travel3.com.br\/site\/#\/schema\/person\/89251b0320bc67697de92249f97f3fdb","name":"Reda\u00e7\u00e3o Travel3","image":{"@type":"ImageObject","inLanguage":"pt-BR","@id":"https:\/\/www.travel3.com.br\/site\/#\/schema\/person\/image\/","url":"https:\/\/secure.gravatar.com\/avatar\/85a5ec2ad99b1932f671ebf50c117db6?s=96&d=mm&r=g","contentUrl":"https:\/\/secure.gravatar.com\/avatar\/85a5ec2ad99b1932f671ebf50c117db6?s=96&d=mm&r=g","caption":"Reda\u00e7\u00e3o Travel3"},"sameAs":["http:\/\/www.travel3.com.br\/"],"url":"https:\/\/www.travel3.com.br\/site\/author\/redacao\/"}]}},"_links":{"self":[{"href":"https:\/\/www.travel3.com.br\/site\/wp-json\/wp\/v2\/posts\/66525","targetHints":{"allow":["GET"]}}],"collection":[{"href":"https:\/\/www.travel3.com.br\/site\/wp-json\/wp\/v2\/posts"}],"about":[{"href":"https:\/\/www.travel3.com.br\/site\/wp-json\/wp\/v2\/types\/post"}],"author":[{"embeddable":true,"href":"https:\/\/www.travel3.com.br\/site\/wp-json\/wp\/v2\/users\/5"}],"replies":[{"embeddable":true,"href":"https:\/\/www.travel3.com.br\/site\/wp-json\/wp\/v2\/comments?post=66525"}],"version-history":[{"count":3,"href":"https:\/\/www.travel3.com.br\/site\/wp-json\/wp\/v2\/posts\/66525\/revisions"}],"predecessor-version":[{"id":66535,"href":"https:\/\/www.travel3.com.br\/site\/wp-json\/wp\/v2\/posts\/66525\/revisions\/66535"}],"wp:featuredmedia":[{"embeddable":true,"href":"https:\/\/www.travel3.com.br\/site\/wp-json\/wp\/v2\/media\/66526"}],"wp:attachment":[{"href":"https:\/\/www.travel3.com.br\/site\/wp-json\/wp\/v2\/media?parent=66525"}],"wp:term":[{"taxonomy":"category","embeddable":true,"href":"https:\/\/www.travel3.com.br\/site\/wp-json\/wp\/v2\/categories?post=66525"},{"taxonomy":"post_tag","embeddable":true,"href":"https:\/\/www.travel3.com.br\/site\/wp-json\/wp\/v2\/tags?post=66525"}],"curies":[{"name":"wp","href":"https:\/\/api.w.org\/{rel}","templated":true}]}}