{"id":66469,"date":"2024-03-05T19:05:42","date_gmt":"2024-03-05T22:05:42","guid":{"rendered":"https:\/\/www.travel3.com.br\/?p=66469"},"modified":"2024-03-05T19:05:44","modified_gmt":"2024-03-05T22:05:44","slug":"quebec-recruta-brasileiros-para-oportunidades-de-trabalho-e-estudo","status":"publish","type":"post","link":"https:\/\/www.travel3.com.br\/site\/acontece-no-turismo\/quebec-recruta-brasileiros-para-oportunidades-de-trabalho-e-estudo\/","title":{"rendered":"Quebec recruta brasileiros para oportunidades de trabalho e estudo"},"content":{"rendered":"\n<h2 class=\"wp-block-heading\">Inscri\u00e7\u00f5es est\u00e3o abertas at\u00e9 8 de abril para mais de 200 vagas dispon\u00edveis<\/h2>\n\n\n\n<p>O governo do Quebec, prov\u00edncia do Canad\u00e1, atrav\u00e9s da ag\u00eancia de desenvolvimento econ\u00f4mico Qu\u00e9bec International, anunciou hoje a abertura das inscri\u00e7\u00f5es para as <strong>Journ\u00e9es Qu\u00e9bec BR\u00c9SIL<\/strong>. Esta iniciativa visa recrutar brasileiros para oportunidades de trabalho na regi\u00e3o. Este ano, 18 empresas quebequenses est\u00e3o oferecendo mais de 200 vagas em diversos setores, incluindo aliment\u00edcio, engenharia, industrial, manufatura, sa\u00fade, servi\u00e7os sociais e tecnologia da informa\u00e7\u00e3o.<\/p>\n\n\n\n<p>Al\u00e9m disso, esta edi\u00e7\u00e3o oferecer\u00e1 oportunidades para estudantes brasileiros interessados em forma\u00e7\u00f5es t\u00e9cnicas e de n\u00edvel superior no Quebec, fornecendo informa\u00e7\u00f5es sobre institui\u00e7\u00f5es de ensino na regi\u00e3o e orienta\u00e7\u00f5es sobre o processo para solicitar uma autoriza\u00e7\u00e3o de estudos.<\/p>\n\n\n\n<p>Elisa Suhett Rinco, diretora de Mobilidade Internacional na Qu\u00e9bec International e de origem brasileira, destaca: &#8220;<strong><em>Por ter escolhido a regi\u00e3o de Quebec para me estabelecer, posso dizer que se trata de uma sociedade acolhedora. Al\u00e9m de encontrar uma grande comunidade de brasileiros, o mercado de trabalho \u00e9 muito din\u00e2mico, a qualidade de vida \u00e9 excelente e a vida cultural \u00e9 vibrante. Esteja o seu projeto de imigra\u00e7\u00e3o j\u00e1 bem encaminhado ou ainda no in\u00edcio de sua reflex\u00e3o, participe da nossa iniciativa de recrutamento!<\/em><\/strong>&#8220;.<\/p>\n\n\n\n<div class=\"wp-block-image\"><figure class=\"aligncenter size-large\"><img loading=\"lazy\" decoding=\"async\" width=\"1024\" height=\"624\" src=\"https:\/\/www.travel3.com.br\/site\/wp-content\/uploads\/2023\/03\/Verao-em-Quebec_Easy-Resize.com_-e1709675368437-1024x624.jpg\" alt=\"Ver\u00e3o em Quebec\" class=\"wp-image-57554\" srcset=\"https:\/\/www.travel3.com.br\/site\/wp-content\/uploads\/2023\/03\/Verao-em-Quebec_Easy-Resize.com_-e1709675368437-1024x624.jpg 1024w, https:\/\/www.travel3.com.br\/site\/wp-content\/uploads\/2023\/03\/Verao-em-Quebec_Easy-Resize.com_-e1709675368437-300x183.jpg 300w, https:\/\/www.travel3.com.br\/site\/wp-content\/uploads\/2023\/03\/Verao-em-Quebec_Easy-Resize.com_-e1709675368437-768x468.jpg 768w, https:\/\/www.travel3.com.br\/site\/wp-content\/uploads\/2023\/03\/Verao-em-Quebec_Easy-Resize.com_-e1709675368437-150x91.jpg 150w, https:\/\/www.travel3.com.br\/site\/wp-content\/uploads\/2023\/03\/Verao-em-Quebec_Easy-Resize.com_-e1709675368437-750x457.jpg 750w, https:\/\/www.travel3.com.br\/site\/wp-content\/uploads\/2023\/03\/Verao-em-Quebec_Easy-Resize.com_-e1709675368437-1140x695.jpg 1140w, https:\/\/www.travel3.com.br\/site\/wp-content\/uploads\/2023\/03\/Verao-em-Quebec_Easy-Resize.com_-e1709675368437.jpg 1280w\" sizes=\"auto, (max-width: 1024px) 100vw, 1024px\" \/><figcaption>Quebec, Canad\u00e1 (Foto: Divulga\u00e7\u00e3o)<\/figcaption><\/figure><\/div>\n\n\n\n<p>Os interessados devem criar uma conta gratuita no site Quebec na cabe\u00e7a, preencher seu perfil em franc\u00eas &#8211; o idioma oficial do Quebec &#8211; e se candidatar \u00e0s vagas de seu interesse entre 5 de mar\u00e7o e 8 de abril, atrav\u00e9s deste<strong><a href=\"https:\/\/www.quebecentete.com\/pt\/iniciativa-de-recrutamento\/trabalhar-no-quebec-journees-quebec-bresil-2024?utm_source=rp&amp;utm_campaign=jqbresil2024\" target=\"_blank\" rel=\"noreferrer noopener\"> link<\/a><\/strong>. Os candidatos selecionados ser\u00e3o contatados por e-mail na semana de 16 de abril. A fase final incluir\u00e1 entrevistas presenciais com os recrutadores em S\u00e3o Paulo, nos dias 4 e 5 de maio.<\/p>\n\n\n\n<p>\u00c9 fundamental que os candidatos atendam aos requisitos, incluindo a posse de diploma t\u00e9cnico ou universit\u00e1rio na \u00e1rea da vaga desejada, experi\u00eancia profissional no setor e profici\u00eancia em franc\u00eas proporcional \u00e0 oportunidade em quest\u00e3o. Desde 2011, mais de 600 brasileiros j\u00e1 foram contratados por empresas do Quebec.<\/p>\n\n\n\n<p><strong>SERVI\u00c7O<\/strong><\/p>\n\n\n\n<p><strong>O qu\u00ea:<\/strong> Feira de empregos e oportunidades de estudos com recrutamento virtual e entrevistas presenciais<\/p>\n\n\n\n<p><strong>Quando:<\/strong> Inscri\u00e7\u00f5es de 5 de mar\u00e7o a 8 de abril<\/p>\n\n\n\n<p><strong>P\u00fablico:<\/strong> Brasileiros e brasileiras que buscam vagas no mercado de trabalho e estudantes<\/p>\n\n\n\n<p><strong>Mais informa\u00e7\u00f5es:<\/strong> Acesse <strong><a href=\"https:\/\/www.quebecentete.com\/pt\/iniciativa-de-recrutamento\/trabalhar-no-quebec-journees-quebec-bresil-2024?utm_source=rp&amp;utm_campaign=jqbresil2024\" target=\"_blank\" rel=\"noreferrer noopener\">aqui<\/a><\/strong>.<\/p>\n\n\n\n<p class=\"has-text-align-center\">+ <strong><a href=\"https:\/\/www.travel3.com.br\/comece-a-viajar\/conheca-as-10-melhores-cidades-para-se-viver-em-2024\/\" target=\"_blank\" rel=\"noreferrer noopener\">Conhe\u00e7a as 10 melhores cidades para se viver em 2024<\/a><\/strong><\/p>\n","protected":false},"excerpt":{"rendered":"<p>Inscri\u00e7\u00f5es est\u00e3o abertas at\u00e9 8 de abril para mais de 200 vagas dispon\u00edveis<\/p>\n","protected":false},"author":5,"featured_media":66472,"comment_status":"open","ping_status":"open","sticky":false,"template":"","format":"standard","meta":{"footnotes":""},"categories":[969,3],"tags":[258,5986,5985,574,5415,5987],"class_list":["post-66469","post","type-post","status-publish","format-standard","has-post-thumbnail","hentry","category-acontece-no-turismo","category-negocios","tag-canada","tag-morar-fora","tag-oportunidade-para-brasileiros","tag-quebec","tag-quebec-city","tag-viver-em-outro-pais"],"yoast_head":"<!-- This site is optimized with the Yoast SEO plugin v26.2 - https:\/\/yoast.com\/wordpress\/plugins\/seo\/ -->\n<title>Quebec recruta brasileiros para oportunidades de trabalho e estudo - Travel3<\/title>\n<meta name=\"description\" content=\"Quebec recruta brasileiros para oportunidades de trabalho e estudo; Inscri\u00e7\u00f5es est\u00e3o abertas at\u00e9 8 de abril para mais de 200 vagas dispon\u00edveis\" \/>\n<meta name=\"robots\" content=\"index, follow, max-snippet:-1, max-image-preview:large, max-video-preview:-1\" \/>\n<link rel=\"canonical\" href=\"https:\/\/www.travel3.com.br\/site\/acontece-no-turismo\/quebec-recruta-brasileiros-para-oportunidades-de-trabalho-e-estudo\/\" \/>\n<meta property=\"og:locale\" content=\"pt_BR\" \/>\n<meta property=\"og:type\" content=\"article\" \/>\n<meta property=\"og:title\" content=\"Quebec recruta brasileiros para oportunidades de trabalho e estudo - Travel3\" \/>\n<meta property=\"og:description\" content=\"Quebec recruta brasileiros para oportunidades de trabalho e estudo; Inscri\u00e7\u00f5es est\u00e3o abertas at\u00e9 8 de abril para mais de 200 vagas dispon\u00edveis\" \/>\n<meta property=\"og:url\" content=\"https:\/\/www.travel3.com.br\/site\/acontece-no-turismo\/quebec-recruta-brasileiros-para-oportunidades-de-trabalho-e-estudo\/\" \/>\n<meta property=\"og:site_name\" content=\"Travel3\" \/>\n<meta property=\"article:publisher\" content=\"https:\/\/www.facebook.com\/travel3media\/\" \/>\n<meta property=\"article:published_time\" content=\"2024-03-05T22:05:42+00:00\" \/>\n<meta property=\"article:modified_time\" content=\"2024-03-05T22:05:44+00:00\" \/>\n<meta property=\"og:image\" content=\"https:\/\/www.travel3.com.br\/site\/wp-content\/uploads\/2024\/03\/familia-canada_Easy-Resize.com_.jpg\" \/>\n\t<meta property=\"og:image:width\" content=\"1280\" \/>\n\t<meta property=\"og:image:height\" content=\"1073\" \/>\n\t<meta property=\"og:image:type\" content=\"image\/jpeg\" \/>\n<meta name=\"author\" content=\"Reda\u00e7\u00e3o Travel3\" \/>\n<meta name=\"twitter:card\" content=\"summary_large_image\" \/>\n<meta name=\"twitter:label1\" content=\"Escrito por\" \/>\n\t<meta name=\"twitter:data1\" content=\"Reda\u00e7\u00e3o Travel3\" \/>\n\t<meta name=\"twitter:label2\" content=\"Est. tempo de leitura\" \/>\n\t<meta name=\"twitter:data2\" content=\"3 minutos\" \/>\n<script type=\"application\/ld+json\" class=\"yoast-schema-graph\">{\"@context\":\"https:\/\/schema.org\",\"@graph\":[{\"@type\":\"Article\",\"@id\":\"https:\/\/www.travel3.com.br\/site\/acontece-no-turismo\/quebec-recruta-brasileiros-para-oportunidades-de-trabalho-e-estudo\/#article\",\"isPartOf\":{\"@id\":\"https:\/\/www.travel3.com.br\/site\/acontece-no-turismo\/quebec-recruta-brasileiros-para-oportunidades-de-trabalho-e-estudo\/\"},\"author\":{\"name\":\"Reda\u00e7\u00e3o Travel3\",\"@id\":\"https:\/\/www.travel3.com.br\/site\/#\/schema\/person\/89251b0320bc67697de92249f97f3fdb\"},\"headline\":\"Quebec recruta brasileiros para oportunidades de trabalho e estudo\",\"datePublished\":\"2024-03-05T22:05:42+00:00\",\"dateModified\":\"2024-03-05T22:05:44+00:00\",\"mainEntityOfPage\":{\"@id\":\"https:\/\/www.travel3.com.br\/site\/acontece-no-turismo\/quebec-recruta-brasileiros-para-oportunidades-de-trabalho-e-estudo\/\"},\"wordCount\":419,\"commentCount\":0,\"publisher\":{\"@id\":\"https:\/\/www.travel3.com.br\/site\/#organization\"},\"image\":{\"@id\":\"https:\/\/www.travel3.com.br\/site\/acontece-no-turismo\/quebec-recruta-brasileiros-para-oportunidades-de-trabalho-e-estudo\/#primaryimage\"},\"thumbnailUrl\":\"https:\/\/www.travel3.com.br\/site\/wp-content\/uploads\/2024\/03\/familia-canada_Easy-Resize.com_.jpg\",\"keywords\":[\"Canad\u00e1\",\"morar fora\",\"Oportunidade para brasileiros\",\"Quebec\",\"Quebec City\",\"viver em outro pa\u00eds\"],\"articleSection\":[\"Acontece no Turismo\",\"Neg\u00f3cios\"],\"inLanguage\":\"pt-BR\",\"potentialAction\":[{\"@type\":\"CommentAction\",\"name\":\"Comment\",\"target\":[\"https:\/\/www.travel3.com.br\/site\/acontece-no-turismo\/quebec-recruta-brasileiros-para-oportunidades-de-trabalho-e-estudo\/#respond\"]}]},{\"@type\":\"WebPage\",\"@id\":\"https:\/\/www.travel3.com.br\/site\/acontece-no-turismo\/quebec-recruta-brasileiros-para-oportunidades-de-trabalho-e-estudo\/\",\"url\":\"https:\/\/www.travel3.com.br\/site\/acontece-no-turismo\/quebec-recruta-brasileiros-para-oportunidades-de-trabalho-e-estudo\/\",\"name\":\"Quebec recruta brasileiros para oportunidades de trabalho e estudo - Travel3\",\"isPartOf\":{\"@id\":\"https:\/\/www.travel3.com.br\/site\/#website\"},\"primaryImageOfPage\":{\"@id\":\"https:\/\/www.travel3.com.br\/site\/acontece-no-turismo\/quebec-recruta-brasileiros-para-oportunidades-de-trabalho-e-estudo\/#primaryimage\"},\"image\":{\"@id\":\"https:\/\/www.travel3.com.br\/site\/acontece-no-turismo\/quebec-recruta-brasileiros-para-oportunidades-de-trabalho-e-estudo\/#primaryimage\"},\"thumbnailUrl\":\"https:\/\/www.travel3.com.br\/site\/wp-content\/uploads\/2024\/03\/familia-canada_Easy-Resize.com_.jpg\",\"datePublished\":\"2024-03-05T22:05:42+00:00\",\"dateModified\":\"2024-03-05T22:05:44+00:00\",\"description\":\"Quebec recruta brasileiros para oportunidades de trabalho e estudo; Inscri\u00e7\u00f5es est\u00e3o abertas at\u00e9 8 de abril para mais de 200 vagas dispon\u00edveis\",\"breadcrumb\":{\"@id\":\"https:\/\/www.travel3.com.br\/site\/acontece-no-turismo\/quebec-recruta-brasileiros-para-oportunidades-de-trabalho-e-estudo\/#breadcrumb\"},\"inLanguage\":\"pt-BR\",\"potentialAction\":[{\"@type\":\"ReadAction\",\"target\":[\"https:\/\/www.travel3.com.br\/site\/acontece-no-turismo\/quebec-recruta-brasileiros-para-oportunidades-de-trabalho-e-estudo\/\"]}]},{\"@type\":\"ImageObject\",\"inLanguage\":\"pt-BR\",\"@id\":\"https:\/\/www.travel3.com.br\/site\/acontece-no-turismo\/quebec-recruta-brasileiros-para-oportunidades-de-trabalho-e-estudo\/#primaryimage\",\"url\":\"https:\/\/www.travel3.com.br\/site\/wp-content\/uploads\/2024\/03\/familia-canada_Easy-Resize.com_.jpg\",\"contentUrl\":\"https:\/\/www.travel3.com.br\/site\/wp-content\/uploads\/2024\/03\/familia-canada_Easy-Resize.com_.jpg\",\"width\":1280,\"height\":1073,\"caption\":\"Foto: Divulga\u00e7\u00e3o\"},{\"@type\":\"BreadcrumbList\",\"@id\":\"https:\/\/www.travel3.com.br\/site\/acontece-no-turismo\/quebec-recruta-brasileiros-para-oportunidades-de-trabalho-e-estudo\/#breadcrumb\",\"itemListElement\":[{\"@type\":\"ListItem\",\"position\":1,\"name\":\"In\u00edcio\",\"item\":\"https:\/\/www.travel3.com.br\/site\/\"},{\"@type\":\"ListItem\",\"position\":2,\"name\":\"Quebec recruta brasileiros para oportunidades de trabalho e estudo\"}]},{\"@type\":\"WebSite\",\"@id\":\"https:\/\/www.travel3.com.br\/site\/#website\",\"url\":\"https:\/\/www.travel3.com.br\/site\/\",\"name\":\"Travel3\",\"description\":\"Lazer + Neg&oacute;cios + Aventura\",\"publisher\":{\"@id\":\"https:\/\/www.travel3.com.br\/site\/#organization\"},\"potentialAction\":[{\"@type\":\"SearchAction\",\"target\":{\"@type\":\"EntryPoint\",\"urlTemplate\":\"https:\/\/www.travel3.com.br\/site\/?s={search_term_string}\"},\"query-input\":{\"@type\":\"PropertyValueSpecification\",\"valueRequired\":true,\"valueName\":\"search_term_string\"}}],\"inLanguage\":\"pt-BR\"},{\"@type\":\"Organization\",\"@id\":\"https:\/\/www.travel3.com.br\/site\/#organization\",\"name\":\"Travel3\",\"url\":\"https:\/\/www.travel3.com.br\/site\/\",\"logo\":{\"@type\":\"ImageObject\",\"inLanguage\":\"pt-BR\",\"@id\":\"https:\/\/www.travel3.com.br\/site\/#\/schema\/logo\/image\/\",\"url\":\"https:\/\/www.travel3.com.br\/site\/wp-content\/uploads\/2020\/01\/logo-travel3-2020.png\",\"contentUrl\":\"https:\/\/www.travel3.com.br\/site\/wp-content\/uploads\/2020\/01\/logo-travel3-2020.png\",\"width\":232,\"height\":79,\"caption\":\"Travel3\"},\"image\":{\"@id\":\"https:\/\/www.travel3.com.br\/site\/#\/schema\/logo\/image\/\"},\"sameAs\":[\"https:\/\/www.facebook.com\/travel3media\/\",\"https:\/\/www.instagram.com\/revistatravel3\/\",\"https:\/\/www.youtube.com\/channel\/UCno7J4paGBR3VbZQzvoJ9Eg\"]},{\"@type\":\"Person\",\"@id\":\"https:\/\/www.travel3.com.br\/site\/#\/schema\/person\/89251b0320bc67697de92249f97f3fdb\",\"name\":\"Reda\u00e7\u00e3o Travel3\",\"image\":{\"@type\":\"ImageObject\",\"inLanguage\":\"pt-BR\",\"@id\":\"https:\/\/www.travel3.com.br\/site\/#\/schema\/person\/image\/\",\"url\":\"https:\/\/secure.gravatar.com\/avatar\/85a5ec2ad99b1932f671ebf50c117db6?s=96&d=mm&r=g\",\"contentUrl\":\"https:\/\/secure.gravatar.com\/avatar\/85a5ec2ad99b1932f671ebf50c117db6?s=96&d=mm&r=g\",\"caption\":\"Reda\u00e7\u00e3o Travel3\"},\"sameAs\":[\"http:\/\/www.travel3.com.br\/\"],\"url\":\"https:\/\/www.travel3.com.br\/site\/author\/redacao\/\"}]}<\/script>\n<!-- \/ Yoast SEO plugin. -->","yoast_head_json":{"title":"Quebec recruta brasileiros para oportunidades de trabalho e estudo - Travel3","description":"Quebec recruta brasileiros para oportunidades de trabalho e estudo; Inscri\u00e7\u00f5es est\u00e3o abertas at\u00e9 8 de abril para mais de 200 vagas dispon\u00edveis","robots":{"index":"index","follow":"follow","max-snippet":"max-snippet:-1","max-image-preview":"max-image-preview:large","max-video-preview":"max-video-preview:-1"},"canonical":"https:\/\/www.travel3.com.br\/site\/acontece-no-turismo\/quebec-recruta-brasileiros-para-oportunidades-de-trabalho-e-estudo\/","og_locale":"pt_BR","og_type":"article","og_title":"Quebec recruta brasileiros para oportunidades de trabalho e estudo - Travel3","og_description":"Quebec recruta brasileiros para oportunidades de trabalho e estudo; Inscri\u00e7\u00f5es est\u00e3o abertas at\u00e9 8 de abril para mais de 200 vagas dispon\u00edveis","og_url":"https:\/\/www.travel3.com.br\/site\/acontece-no-turismo\/quebec-recruta-brasileiros-para-oportunidades-de-trabalho-e-estudo\/","og_site_name":"Travel3","article_publisher":"https:\/\/www.facebook.com\/travel3media\/","article_published_time":"2024-03-05T22:05:42+00:00","article_modified_time":"2024-03-05T22:05:44+00:00","og_image":[{"width":1280,"height":1073,"url":"https:\/\/www.travel3.com.br\/site\/wp-content\/uploads\/2024\/03\/familia-canada_Easy-Resize.com_.jpg","type":"image\/jpeg"}],"author":"Reda\u00e7\u00e3o Travel3","twitter_card":"summary_large_image","twitter_misc":{"Escrito por":"Reda\u00e7\u00e3o Travel3","Est. tempo de leitura":"3 minutos"},"schema":{"@context":"https:\/\/schema.org","@graph":[{"@type":"Article","@id":"https:\/\/www.travel3.com.br\/site\/acontece-no-turismo\/quebec-recruta-brasileiros-para-oportunidades-de-trabalho-e-estudo\/#article","isPartOf":{"@id":"https:\/\/www.travel3.com.br\/site\/acontece-no-turismo\/quebec-recruta-brasileiros-para-oportunidades-de-trabalho-e-estudo\/"},"author":{"name":"Reda\u00e7\u00e3o Travel3","@id":"https:\/\/www.travel3.com.br\/site\/#\/schema\/person\/89251b0320bc67697de92249f97f3fdb"},"headline":"Quebec recruta brasileiros para oportunidades de trabalho e estudo","datePublished":"2024-03-05T22:05:42+00:00","dateModified":"2024-03-05T22:05:44+00:00","mainEntityOfPage":{"@id":"https:\/\/www.travel3.com.br\/site\/acontece-no-turismo\/quebec-recruta-brasileiros-para-oportunidades-de-trabalho-e-estudo\/"},"wordCount":419,"commentCount":0,"publisher":{"@id":"https:\/\/www.travel3.com.br\/site\/#organization"},"image":{"@id":"https:\/\/www.travel3.com.br\/site\/acontece-no-turismo\/quebec-recruta-brasileiros-para-oportunidades-de-trabalho-e-estudo\/#primaryimage"},"thumbnailUrl":"https:\/\/www.travel3.com.br\/site\/wp-content\/uploads\/2024\/03\/familia-canada_Easy-Resize.com_.jpg","keywords":["Canad\u00e1","morar fora","Oportunidade para brasileiros","Quebec","Quebec City","viver em outro pa\u00eds"],"articleSection":["Acontece no Turismo","Neg\u00f3cios"],"inLanguage":"pt-BR","potentialAction":[{"@type":"CommentAction","name":"Comment","target":["https:\/\/www.travel3.com.br\/site\/acontece-no-turismo\/quebec-recruta-brasileiros-para-oportunidades-de-trabalho-e-estudo\/#respond"]}]},{"@type":"WebPage","@id":"https:\/\/www.travel3.com.br\/site\/acontece-no-turismo\/quebec-recruta-brasileiros-para-oportunidades-de-trabalho-e-estudo\/","url":"https:\/\/www.travel3.com.br\/site\/acontece-no-turismo\/quebec-recruta-brasileiros-para-oportunidades-de-trabalho-e-estudo\/","name":"Quebec recruta brasileiros para oportunidades de trabalho e estudo - Travel3","isPartOf":{"@id":"https:\/\/www.travel3.com.br\/site\/#website"},"primaryImageOfPage":{"@id":"https:\/\/www.travel3.com.br\/site\/acontece-no-turismo\/quebec-recruta-brasileiros-para-oportunidades-de-trabalho-e-estudo\/#primaryimage"},"image":{"@id":"https:\/\/www.travel3.com.br\/site\/acontece-no-turismo\/quebec-recruta-brasileiros-para-oportunidades-de-trabalho-e-estudo\/#primaryimage"},"thumbnailUrl":"https:\/\/www.travel3.com.br\/site\/wp-content\/uploads\/2024\/03\/familia-canada_Easy-Resize.com_.jpg","datePublished":"2024-03-05T22:05:42+00:00","dateModified":"2024-03-05T22:05:44+00:00","description":"Quebec recruta brasileiros para oportunidades de trabalho e estudo; Inscri\u00e7\u00f5es est\u00e3o abertas at\u00e9 8 de abril para mais de 200 vagas dispon\u00edveis","breadcrumb":{"@id":"https:\/\/www.travel3.com.br\/site\/acontece-no-turismo\/quebec-recruta-brasileiros-para-oportunidades-de-trabalho-e-estudo\/#breadcrumb"},"inLanguage":"pt-BR","potentialAction":[{"@type":"ReadAction","target":["https:\/\/www.travel3.com.br\/site\/acontece-no-turismo\/quebec-recruta-brasileiros-para-oportunidades-de-trabalho-e-estudo\/"]}]},{"@type":"ImageObject","inLanguage":"pt-BR","@id":"https:\/\/www.travel3.com.br\/site\/acontece-no-turismo\/quebec-recruta-brasileiros-para-oportunidades-de-trabalho-e-estudo\/#primaryimage","url":"https:\/\/www.travel3.com.br\/site\/wp-content\/uploads\/2024\/03\/familia-canada_Easy-Resize.com_.jpg","contentUrl":"https:\/\/www.travel3.com.br\/site\/wp-content\/uploads\/2024\/03\/familia-canada_Easy-Resize.com_.jpg","width":1280,"height":1073,"caption":"Foto: Divulga\u00e7\u00e3o"},{"@type":"BreadcrumbList","@id":"https:\/\/www.travel3.com.br\/site\/acontece-no-turismo\/quebec-recruta-brasileiros-para-oportunidades-de-trabalho-e-estudo\/#breadcrumb","itemListElement":[{"@type":"ListItem","position":1,"name":"In\u00edcio","item":"https:\/\/www.travel3.com.br\/site\/"},{"@type":"ListItem","position":2,"name":"Quebec recruta brasileiros para oportunidades de trabalho e estudo"}]},{"@type":"WebSite","@id":"https:\/\/www.travel3.com.br\/site\/#website","url":"https:\/\/www.travel3.com.br\/site\/","name":"Travel3","description":"Lazer + Neg&oacute;cios + Aventura","publisher":{"@id":"https:\/\/www.travel3.com.br\/site\/#organization"},"potentialAction":[{"@type":"SearchAction","target":{"@type":"EntryPoint","urlTemplate":"https:\/\/www.travel3.com.br\/site\/?s={search_term_string}"},"query-input":{"@type":"PropertyValueSpecification","valueRequired":true,"valueName":"search_term_string"}}],"inLanguage":"pt-BR"},{"@type":"Organization","@id":"https:\/\/www.travel3.com.br\/site\/#organization","name":"Travel3","url":"https:\/\/www.travel3.com.br\/site\/","logo":{"@type":"ImageObject","inLanguage":"pt-BR","@id":"https:\/\/www.travel3.com.br\/site\/#\/schema\/logo\/image\/","url":"https:\/\/www.travel3.com.br\/site\/wp-content\/uploads\/2020\/01\/logo-travel3-2020.png","contentUrl":"https:\/\/www.travel3.com.br\/site\/wp-content\/uploads\/2020\/01\/logo-travel3-2020.png","width":232,"height":79,"caption":"Travel3"},"image":{"@id":"https:\/\/www.travel3.com.br\/site\/#\/schema\/logo\/image\/"},"sameAs":["https:\/\/www.facebook.com\/travel3media\/","https:\/\/www.instagram.com\/revistatravel3\/","https:\/\/www.youtube.com\/channel\/UCno7J4paGBR3VbZQzvoJ9Eg"]},{"@type":"Person","@id":"https:\/\/www.travel3.com.br\/site\/#\/schema\/person\/89251b0320bc67697de92249f97f3fdb","name":"Reda\u00e7\u00e3o Travel3","image":{"@type":"ImageObject","inLanguage":"pt-BR","@id":"https:\/\/www.travel3.com.br\/site\/#\/schema\/person\/image\/","url":"https:\/\/secure.gravatar.com\/avatar\/85a5ec2ad99b1932f671ebf50c117db6?s=96&d=mm&r=g","contentUrl":"https:\/\/secure.gravatar.com\/avatar\/85a5ec2ad99b1932f671ebf50c117db6?s=96&d=mm&r=g","caption":"Reda\u00e7\u00e3o Travel3"},"sameAs":["http:\/\/www.travel3.com.br\/"],"url":"https:\/\/www.travel3.com.br\/site\/author\/redacao\/"}]}},"_links":{"self":[{"href":"https:\/\/www.travel3.com.br\/site\/wp-json\/wp\/v2\/posts\/66469","targetHints":{"allow":["GET"]}}],"collection":[{"href":"https:\/\/www.travel3.com.br\/site\/wp-json\/wp\/v2\/posts"}],"about":[{"href":"https:\/\/www.travel3.com.br\/site\/wp-json\/wp\/v2\/types\/post"}],"author":[{"embeddable":true,"href":"https:\/\/www.travel3.com.br\/site\/wp-json\/wp\/v2\/users\/5"}],"replies":[{"embeddable":true,"href":"https:\/\/www.travel3.com.br\/site\/wp-json\/wp\/v2\/comments?post=66469"}],"version-history":[{"count":4,"href":"https:\/\/www.travel3.com.br\/site\/wp-json\/wp\/v2\/posts\/66469\/revisions"}],"predecessor-version":[{"id":66478,"href":"https:\/\/www.travel3.com.br\/site\/wp-json\/wp\/v2\/posts\/66469\/revisions\/66478"}],"wp:featuredmedia":[{"embeddable":true,"href":"https:\/\/www.travel3.com.br\/site\/wp-json\/wp\/v2\/media\/66472"}],"wp:attachment":[{"href":"https:\/\/www.travel3.com.br\/site\/wp-json\/wp\/v2\/media?parent=66469"}],"wp:term":[{"taxonomy":"category","embeddable":true,"href":"https:\/\/www.travel3.com.br\/site\/wp-json\/wp\/v2\/categories?post=66469"},{"taxonomy":"post_tag","embeddable":true,"href":"https:\/\/www.travel3.com.br\/site\/wp-json\/wp\/v2\/tags?post=66469"}],"curies":[{"name":"wp","href":"https:\/\/api.w.org\/{rel}","templated":true}]}}