{"id":66200,"date":"2024-02-21T08:56:21","date_gmt":"2024-02-21T11:56:21","guid":{"rendered":"https:\/\/www.travel3.com.br\/?p=66200"},"modified":"2024-02-21T08:56:24","modified_gmt":"2024-02-21T11:56:24","slug":"plaza-premium-group-recebe-spotter-day-gru-airport","status":"publish","type":"post","link":"https:\/\/www.travel3.com.br\/site\/acontece-no-turismo\/plaza-premium-group-recebe-spotter-day-gru-airport\/","title":{"rendered":"Plaza Premium Group recebe Spotter Day GRU Airport"},"content":{"rendered":"\n<h2 class=\"wp-block-heading\">Evento Celebra 39 Anos do Aeroporto Internacional de S\u00e3o Paulo<\/h2>\n\n\n\n<p>O <strong><a href=\"https:\/\/www.plazapremiumgroup.com\/\" target=\"_blank\" rel=\"noreferrer noopener\">Plaza Premium Group<\/a><\/strong> receber\u00e1 a nova edi\u00e7\u00e3o do Spotter Day GRU Airport, marcando os 39 anos do Aeroporto Internacional de S\u00e3o Paulo &#8211; Guarulhos. O evento est\u00e1 programado para o pr\u00f3ximo s\u00e1bado, dia 24 de fevereiro, das 11h \u00e0s 18h45, na \u00e1rea restrita do aeroporto.<\/p>\n\n\n\n<p>Este encontro re\u00fane 60 entusiastas e curiosos da avia\u00e7\u00e3o, todos com o hobby de fotografar aeronaves. O ponto de partida ser\u00e1 o <strong><a href=\"https:\/\/www.travel3.com.br\/acontece-no-turismo\/plaza-premium-group-comemora-seu-25o-aniversario\/\">Plaza Premium Lounge<\/a><\/strong>, localizado na Asa D do Terminal 2, que oferece conforto em servi\u00e7o, infraestrutura e experi\u00eancia gastron\u00f4mica aos participantes.<\/p>\n\n\n\n<div class=\"wp-block-image\"><figure class=\"aligncenter size-large\"><img loading=\"lazy\" decoding=\"async\" width=\"1024\" height=\"1024\" src=\"https:\/\/www.travel3.com.br\/site\/wp-content\/uploads\/2024\/02\/Spotter-Day-GRU-Airport-Plaza-Premium-Group_Easy-Resize.com_-1024x1024.jpg\" alt=\"Plaza Premium Group recebe Spotter Day GRU Airport\" class=\"wp-image-66201\" srcset=\"https:\/\/www.travel3.com.br\/site\/wp-content\/uploads\/2024\/02\/Spotter-Day-GRU-Airport-Plaza-Premium-Group_Easy-Resize.com_-1024x1024.jpg 1024w, https:\/\/www.travel3.com.br\/site\/wp-content\/uploads\/2024\/02\/Spotter-Day-GRU-Airport-Plaza-Premium-Group_Easy-Resize.com_-300x300.jpg 300w, https:\/\/www.travel3.com.br\/site\/wp-content\/uploads\/2024\/02\/Spotter-Day-GRU-Airport-Plaza-Premium-Group_Easy-Resize.com_-150x150.jpg 150w, https:\/\/www.travel3.com.br\/site\/wp-content\/uploads\/2024\/02\/Spotter-Day-GRU-Airport-Plaza-Premium-Group_Easy-Resize.com_-768x768.jpg 768w, https:\/\/www.travel3.com.br\/site\/wp-content\/uploads\/2024\/02\/Spotter-Day-GRU-Airport-Plaza-Premium-Group_Easy-Resize.com_-96x96.jpg 96w, https:\/\/www.travel3.com.br\/site\/wp-content\/uploads\/2024\/02\/Spotter-Day-GRU-Airport-Plaza-Premium-Group_Easy-Resize.com_-75x75.jpg 75w, https:\/\/www.travel3.com.br\/site\/wp-content\/uploads\/2024\/02\/Spotter-Day-GRU-Airport-Plaza-Premium-Group_Easy-Resize.com_-350x350.jpg 350w, https:\/\/www.travel3.com.br\/site\/wp-content\/uploads\/2024\/02\/Spotter-Day-GRU-Airport-Plaza-Premium-Group_Easy-Resize.com_-750x750.jpg 750w, https:\/\/www.travel3.com.br\/site\/wp-content\/uploads\/2024\/02\/Spotter-Day-GRU-Airport-Plaza-Premium-Group_Easy-Resize.com_-1140x1140.jpg 1140w, https:\/\/www.travel3.com.br\/site\/wp-content\/uploads\/2024\/02\/Spotter-Day-GRU-Airport-Plaza-Premium-Group_Easy-Resize.com_.jpg 1280w\" sizes=\"auto, (max-width: 1024px) 100vw, 1024px\" \/><figcaption>Plaza Premium Lounge receber\u00e1 os participantes do Spotter Day GRU Airport (Foto: Divulga\u00e7\u00e3o)<\/figcaption><\/figure><\/div>\n\n\n\n<p>Emerson Sanglard, Sales Manager &amp; Marketing Manager Brazil do Plaza Premium Group, destaca o uso crescente do lounge para eventos corporativos. Segundo ele, \u201c<strong><em>Ao longo do \u00faltimo ano, temos integrado uma s\u00e9rie de agendas corporativas, incluindo desde reuni\u00f5es de executivos que viajam em conjunto, como a\u00e7\u00f5es de ativa\u00e7\u00e3o de marca e reuni\u00e3o de equipes em viagens, por exemplo, de conven\u00e7\u00e3o\u201d<\/em><\/strong>.<\/p>\n\n\n\n<p>Partindo do lounge, os spotters t\u00eam a oportunidade de se dirigir \u00e0 cabeceira da pista, acompanhando de perto as emocionantes opera\u00e7\u00f5es de pousos e decolagens, em uma das experi\u00eancias mais exclusivas da ind\u00fastria. &#8220;<strong><em>\u00c9 incrivelmente gratificante reunir dezenas de entusiastas da avia\u00e7\u00e3o neste que \u00e9 o aeroporto mais movimentado do pa\u00eds. Temos um imenso orgulho em sediar esse tipo de evento no Aeroporto de Guarulhos<\/em><\/strong>&#8220;, enfatiza Gustavo Figueiredo, CEO do GRU Airport.<\/p>\n\n\n\n<p>O Plaza Premium Group, sediado em Hong Kong e fundado em 1998, \u00e9 um fornecedor global de servi\u00e7os de hospitalidade aeroportu\u00e1ria. Com a maior rede de lounges de aeroportos internacionais, o grupo oferece uma experi\u00eancia aeroportu\u00e1ria abrangente em mais de 80 aeroportos em todo o mundo.<\/p>\n","protected":false},"excerpt":{"rendered":"<p>Evento Celebra 39 Anos do Aeroporto Internacional de S\u00e3o Paulo<\/p>\n","protected":false},"author":5,"featured_media":66202,"comment_status":"open","ping_status":"open","sticky":false,"template":"","format":"standard","meta":{"footnotes":""},"categories":[969],"tags":[4582,4583,5961,5960],"class_list":["post-66200","post","type-post","status-publish","format-standard","has-post-thumbnail","hentry","category-acontece-no-turismo","tag-plaza-premium-group","tag-plaza-premium-lounge","tag-spotter-day","tag-spotter-day-gru-airport"],"yoast_head":"<!-- This site is optimized with the Yoast SEO plugin v26.2 - https:\/\/yoast.com\/wordpress\/plugins\/seo\/ -->\n<title>Plaza Premium Group recebe Spotter Day GRU Airport - Travel3<\/title>\n<meta name=\"description\" content=\"Plaza Premium Group recebe Spotter Day GRU Airport; Evento Celebra 39 Anos do Aeroporto Internacional de S\u00e3o Paulo\" \/>\n<meta name=\"robots\" content=\"index, follow, max-snippet:-1, max-image-preview:large, max-video-preview:-1\" \/>\n<link rel=\"canonical\" href=\"https:\/\/www.travel3.com.br\/site\/acontece-no-turismo\/plaza-premium-group-recebe-spotter-day-gru-airport\/\" \/>\n<meta property=\"og:locale\" content=\"pt_BR\" \/>\n<meta property=\"og:type\" content=\"article\" \/>\n<meta property=\"og:title\" content=\"Plaza Premium Group recebe Spotter Day GRU Airport - Travel3\" \/>\n<meta property=\"og:description\" content=\"Plaza Premium Group recebe Spotter Day GRU Airport; Evento Celebra 39 Anos do Aeroporto Internacional de S\u00e3o Paulo\" \/>\n<meta property=\"og:url\" content=\"https:\/\/www.travel3.com.br\/site\/acontece-no-turismo\/plaza-premium-group-recebe-spotter-day-gru-airport\/\" \/>\n<meta property=\"og:site_name\" content=\"Travel3\" \/>\n<meta property=\"article:publisher\" content=\"https:\/\/www.facebook.com\/travel3media\/\" \/>\n<meta property=\"article:published_time\" content=\"2024-02-21T11:56:21+00:00\" \/>\n<meta property=\"article:modified_time\" content=\"2024-02-21T11:56:24+00:00\" \/>\n<meta property=\"og:image\" content=\"https:\/\/www.travel3.com.br\/site\/wp-content\/uploads\/2024\/02\/Spotter-Day-GRU-Airport_Easy-Resize.com_.jpg\" \/>\n\t<meta property=\"og:image:width\" content=\"1280\" \/>\n\t<meta property=\"og:image:height\" content=\"960\" \/>\n\t<meta property=\"og:image:type\" content=\"image\/jpeg\" \/>\n<meta name=\"author\" content=\"Reda\u00e7\u00e3o Travel3\" \/>\n<meta name=\"twitter:card\" content=\"summary_large_image\" \/>\n<meta name=\"twitter:label1\" content=\"Escrito por\" \/>\n\t<meta name=\"twitter:data1\" content=\"Reda\u00e7\u00e3o Travel3\" \/>\n\t<meta name=\"twitter:label2\" content=\"Est. tempo de leitura\" \/>\n\t<meta name=\"twitter:data2\" content=\"2 minutos\" \/>\n<script type=\"application\/ld+json\" class=\"yoast-schema-graph\">{\"@context\":\"https:\/\/schema.org\",\"@graph\":[{\"@type\":\"Article\",\"@id\":\"https:\/\/www.travel3.com.br\/site\/acontece-no-turismo\/plaza-premium-group-recebe-spotter-day-gru-airport\/#article\",\"isPartOf\":{\"@id\":\"https:\/\/www.travel3.com.br\/site\/acontece-no-turismo\/plaza-premium-group-recebe-spotter-day-gru-airport\/\"},\"author\":{\"name\":\"Reda\u00e7\u00e3o Travel3\",\"@id\":\"https:\/\/www.travel3.com.br\/site\/#\/schema\/person\/89251b0320bc67697de92249f97f3fdb\"},\"headline\":\"Plaza Premium Group recebe Spotter Day GRU Airport\",\"datePublished\":\"2024-02-21T11:56:21+00:00\",\"dateModified\":\"2024-02-21T11:56:24+00:00\",\"mainEntityOfPage\":{\"@id\":\"https:\/\/www.travel3.com.br\/site\/acontece-no-turismo\/plaza-premium-group-recebe-spotter-day-gru-airport\/\"},\"wordCount\":314,\"commentCount\":0,\"publisher\":{\"@id\":\"https:\/\/www.travel3.com.br\/site\/#organization\"},\"image\":{\"@id\":\"https:\/\/www.travel3.com.br\/site\/acontece-no-turismo\/plaza-premium-group-recebe-spotter-day-gru-airport\/#primaryimage\"},\"thumbnailUrl\":\"https:\/\/www.travel3.com.br\/site\/wp-content\/uploads\/2024\/02\/Spotter-Day-GRU-Airport_Easy-Resize.com_.jpg\",\"keywords\":[\"Plaza Premium Group\",\"Plaza Premium Lounge\",\"Spotter Day\",\"Spotter Day GRU Airport\"],\"articleSection\":[\"Acontece no Turismo\"],\"inLanguage\":\"pt-BR\",\"potentialAction\":[{\"@type\":\"CommentAction\",\"name\":\"Comment\",\"target\":[\"https:\/\/www.travel3.com.br\/site\/acontece-no-turismo\/plaza-premium-group-recebe-spotter-day-gru-airport\/#respond\"]}]},{\"@type\":\"WebPage\",\"@id\":\"https:\/\/www.travel3.com.br\/site\/acontece-no-turismo\/plaza-premium-group-recebe-spotter-day-gru-airport\/\",\"url\":\"https:\/\/www.travel3.com.br\/site\/acontece-no-turismo\/plaza-premium-group-recebe-spotter-day-gru-airport\/\",\"name\":\"Plaza Premium Group recebe Spotter Day GRU Airport - Travel3\",\"isPartOf\":{\"@id\":\"https:\/\/www.travel3.com.br\/site\/#website\"},\"primaryImageOfPage\":{\"@id\":\"https:\/\/www.travel3.com.br\/site\/acontece-no-turismo\/plaza-premium-group-recebe-spotter-day-gru-airport\/#primaryimage\"},\"image\":{\"@id\":\"https:\/\/www.travel3.com.br\/site\/acontece-no-turismo\/plaza-premium-group-recebe-spotter-day-gru-airport\/#primaryimage\"},\"thumbnailUrl\":\"https:\/\/www.travel3.com.br\/site\/wp-content\/uploads\/2024\/02\/Spotter-Day-GRU-Airport_Easy-Resize.com_.jpg\",\"datePublished\":\"2024-02-21T11:56:21+00:00\",\"dateModified\":\"2024-02-21T11:56:24+00:00\",\"description\":\"Plaza Premium Group recebe Spotter Day GRU Airport; Evento Celebra 39 Anos do Aeroporto Internacional de S\u00e3o Paulo\",\"breadcrumb\":{\"@id\":\"https:\/\/www.travel3.com.br\/site\/acontece-no-turismo\/plaza-premium-group-recebe-spotter-day-gru-airport\/#breadcrumb\"},\"inLanguage\":\"pt-BR\",\"potentialAction\":[{\"@type\":\"ReadAction\",\"target\":[\"https:\/\/www.travel3.com.br\/site\/acontece-no-turismo\/plaza-premium-group-recebe-spotter-day-gru-airport\/\"]}]},{\"@type\":\"ImageObject\",\"inLanguage\":\"pt-BR\",\"@id\":\"https:\/\/www.travel3.com.br\/site\/acontece-no-turismo\/plaza-premium-group-recebe-spotter-day-gru-airport\/#primaryimage\",\"url\":\"https:\/\/www.travel3.com.br\/site\/wp-content\/uploads\/2024\/02\/Spotter-Day-GRU-Airport_Easy-Resize.com_.jpg\",\"contentUrl\":\"https:\/\/www.travel3.com.br\/site\/wp-content\/uploads\/2024\/02\/Spotter-Day-GRU-Airport_Easy-Resize.com_.jpg\",\"width\":1280,\"height\":960,\"caption\":\"Spotter Day GRU Airport: Edi\u00e7\u00e3o 2024 do evento celebrar\u00e1 39 Anos do Aeroporto Internacional de S\u00e3o Paulo (Foto: Divulga\u00e7\u00e3o)\"},{\"@type\":\"BreadcrumbList\",\"@id\":\"https:\/\/www.travel3.com.br\/site\/acontece-no-turismo\/plaza-premium-group-recebe-spotter-day-gru-airport\/#breadcrumb\",\"itemListElement\":[{\"@type\":\"ListItem\",\"position\":1,\"name\":\"In\u00edcio\",\"item\":\"https:\/\/www.travel3.com.br\/site\/\"},{\"@type\":\"ListItem\",\"position\":2,\"name\":\"Plaza Premium Group recebe Spotter Day GRU Airport\"}]},{\"@type\":\"WebSite\",\"@id\":\"https:\/\/www.travel3.com.br\/site\/#website\",\"url\":\"https:\/\/www.travel3.com.br\/site\/\",\"name\":\"Travel3\",\"description\":\"Lazer + Neg&oacute;cios + Aventura\",\"publisher\":{\"@id\":\"https:\/\/www.travel3.com.br\/site\/#organization\"},\"potentialAction\":[{\"@type\":\"SearchAction\",\"target\":{\"@type\":\"EntryPoint\",\"urlTemplate\":\"https:\/\/www.travel3.com.br\/site\/?s={search_term_string}\"},\"query-input\":{\"@type\":\"PropertyValueSpecification\",\"valueRequired\":true,\"valueName\":\"search_term_string\"}}],\"inLanguage\":\"pt-BR\"},{\"@type\":\"Organization\",\"@id\":\"https:\/\/www.travel3.com.br\/site\/#organization\",\"name\":\"Travel3\",\"url\":\"https:\/\/www.travel3.com.br\/site\/\",\"logo\":{\"@type\":\"ImageObject\",\"inLanguage\":\"pt-BR\",\"@id\":\"https:\/\/www.travel3.com.br\/site\/#\/schema\/logo\/image\/\",\"url\":\"https:\/\/www.travel3.com.br\/site\/wp-content\/uploads\/2020\/01\/logo-travel3-2020.png\",\"contentUrl\":\"https:\/\/www.travel3.com.br\/site\/wp-content\/uploads\/2020\/01\/logo-travel3-2020.png\",\"width\":232,\"height\":79,\"caption\":\"Travel3\"},\"image\":{\"@id\":\"https:\/\/www.travel3.com.br\/site\/#\/schema\/logo\/image\/\"},\"sameAs\":[\"https:\/\/www.facebook.com\/travel3media\/\",\"https:\/\/www.instagram.com\/revistatravel3\/\",\"https:\/\/www.youtube.com\/channel\/UCno7J4paGBR3VbZQzvoJ9Eg\"]},{\"@type\":\"Person\",\"@id\":\"https:\/\/www.travel3.com.br\/site\/#\/schema\/person\/89251b0320bc67697de92249f97f3fdb\",\"name\":\"Reda\u00e7\u00e3o Travel3\",\"image\":{\"@type\":\"ImageObject\",\"inLanguage\":\"pt-BR\",\"@id\":\"https:\/\/www.travel3.com.br\/site\/#\/schema\/person\/image\/\",\"url\":\"https:\/\/secure.gravatar.com\/avatar\/85a5ec2ad99b1932f671ebf50c117db6?s=96&d=mm&r=g\",\"contentUrl\":\"https:\/\/secure.gravatar.com\/avatar\/85a5ec2ad99b1932f671ebf50c117db6?s=96&d=mm&r=g\",\"caption\":\"Reda\u00e7\u00e3o Travel3\"},\"sameAs\":[\"http:\/\/www.travel3.com.br\/\"],\"url\":\"https:\/\/www.travel3.com.br\/site\/author\/redacao\/\"}]}<\/script>\n<!-- \/ Yoast SEO plugin. -->","yoast_head_json":{"title":"Plaza Premium Group recebe Spotter Day GRU Airport - Travel3","description":"Plaza Premium Group recebe Spotter Day GRU Airport; Evento Celebra 39 Anos do Aeroporto Internacional de S\u00e3o Paulo","robots":{"index":"index","follow":"follow","max-snippet":"max-snippet:-1","max-image-preview":"max-image-preview:large","max-video-preview":"max-video-preview:-1"},"canonical":"https:\/\/www.travel3.com.br\/site\/acontece-no-turismo\/plaza-premium-group-recebe-spotter-day-gru-airport\/","og_locale":"pt_BR","og_type":"article","og_title":"Plaza Premium Group recebe Spotter Day GRU Airport - Travel3","og_description":"Plaza Premium Group recebe Spotter Day GRU Airport; Evento Celebra 39 Anos do Aeroporto Internacional de S\u00e3o Paulo","og_url":"https:\/\/www.travel3.com.br\/site\/acontece-no-turismo\/plaza-premium-group-recebe-spotter-day-gru-airport\/","og_site_name":"Travel3","article_publisher":"https:\/\/www.facebook.com\/travel3media\/","article_published_time":"2024-02-21T11:56:21+00:00","article_modified_time":"2024-02-21T11:56:24+00:00","og_image":[{"width":1280,"height":960,"url":"https:\/\/www.travel3.com.br\/site\/wp-content\/uploads\/2024\/02\/Spotter-Day-GRU-Airport_Easy-Resize.com_.jpg","type":"image\/jpeg"}],"author":"Reda\u00e7\u00e3o Travel3","twitter_card":"summary_large_image","twitter_misc":{"Escrito por":"Reda\u00e7\u00e3o Travel3","Est. tempo de leitura":"2 minutos"},"schema":{"@context":"https:\/\/schema.org","@graph":[{"@type":"Article","@id":"https:\/\/www.travel3.com.br\/site\/acontece-no-turismo\/plaza-premium-group-recebe-spotter-day-gru-airport\/#article","isPartOf":{"@id":"https:\/\/www.travel3.com.br\/site\/acontece-no-turismo\/plaza-premium-group-recebe-spotter-day-gru-airport\/"},"author":{"name":"Reda\u00e7\u00e3o Travel3","@id":"https:\/\/www.travel3.com.br\/site\/#\/schema\/person\/89251b0320bc67697de92249f97f3fdb"},"headline":"Plaza Premium Group recebe Spotter Day GRU Airport","datePublished":"2024-02-21T11:56:21+00:00","dateModified":"2024-02-21T11:56:24+00:00","mainEntityOfPage":{"@id":"https:\/\/www.travel3.com.br\/site\/acontece-no-turismo\/plaza-premium-group-recebe-spotter-day-gru-airport\/"},"wordCount":314,"commentCount":0,"publisher":{"@id":"https:\/\/www.travel3.com.br\/site\/#organization"},"image":{"@id":"https:\/\/www.travel3.com.br\/site\/acontece-no-turismo\/plaza-premium-group-recebe-spotter-day-gru-airport\/#primaryimage"},"thumbnailUrl":"https:\/\/www.travel3.com.br\/site\/wp-content\/uploads\/2024\/02\/Spotter-Day-GRU-Airport_Easy-Resize.com_.jpg","keywords":["Plaza Premium Group","Plaza Premium Lounge","Spotter Day","Spotter Day GRU Airport"],"articleSection":["Acontece no Turismo"],"inLanguage":"pt-BR","potentialAction":[{"@type":"CommentAction","name":"Comment","target":["https:\/\/www.travel3.com.br\/site\/acontece-no-turismo\/plaza-premium-group-recebe-spotter-day-gru-airport\/#respond"]}]},{"@type":"WebPage","@id":"https:\/\/www.travel3.com.br\/site\/acontece-no-turismo\/plaza-premium-group-recebe-spotter-day-gru-airport\/","url":"https:\/\/www.travel3.com.br\/site\/acontece-no-turismo\/plaza-premium-group-recebe-spotter-day-gru-airport\/","name":"Plaza Premium Group recebe Spotter Day GRU Airport - Travel3","isPartOf":{"@id":"https:\/\/www.travel3.com.br\/site\/#website"},"primaryImageOfPage":{"@id":"https:\/\/www.travel3.com.br\/site\/acontece-no-turismo\/plaza-premium-group-recebe-spotter-day-gru-airport\/#primaryimage"},"image":{"@id":"https:\/\/www.travel3.com.br\/site\/acontece-no-turismo\/plaza-premium-group-recebe-spotter-day-gru-airport\/#primaryimage"},"thumbnailUrl":"https:\/\/www.travel3.com.br\/site\/wp-content\/uploads\/2024\/02\/Spotter-Day-GRU-Airport_Easy-Resize.com_.jpg","datePublished":"2024-02-21T11:56:21+00:00","dateModified":"2024-02-21T11:56:24+00:00","description":"Plaza Premium Group recebe Spotter Day GRU Airport; Evento Celebra 39 Anos do Aeroporto Internacional de S\u00e3o Paulo","breadcrumb":{"@id":"https:\/\/www.travel3.com.br\/site\/acontece-no-turismo\/plaza-premium-group-recebe-spotter-day-gru-airport\/#breadcrumb"},"inLanguage":"pt-BR","potentialAction":[{"@type":"ReadAction","target":["https:\/\/www.travel3.com.br\/site\/acontece-no-turismo\/plaza-premium-group-recebe-spotter-day-gru-airport\/"]}]},{"@type":"ImageObject","inLanguage":"pt-BR","@id":"https:\/\/www.travel3.com.br\/site\/acontece-no-turismo\/plaza-premium-group-recebe-spotter-day-gru-airport\/#primaryimage","url":"https:\/\/www.travel3.com.br\/site\/wp-content\/uploads\/2024\/02\/Spotter-Day-GRU-Airport_Easy-Resize.com_.jpg","contentUrl":"https:\/\/www.travel3.com.br\/site\/wp-content\/uploads\/2024\/02\/Spotter-Day-GRU-Airport_Easy-Resize.com_.jpg","width":1280,"height":960,"caption":"Spotter Day GRU Airport: Edi\u00e7\u00e3o 2024 do evento celebrar\u00e1 39 Anos do Aeroporto Internacional de S\u00e3o Paulo (Foto: Divulga\u00e7\u00e3o)"},{"@type":"BreadcrumbList","@id":"https:\/\/www.travel3.com.br\/site\/acontece-no-turismo\/plaza-premium-group-recebe-spotter-day-gru-airport\/#breadcrumb","itemListElement":[{"@type":"ListItem","position":1,"name":"In\u00edcio","item":"https:\/\/www.travel3.com.br\/site\/"},{"@type":"ListItem","position":2,"name":"Plaza Premium Group recebe Spotter Day GRU Airport"}]},{"@type":"WebSite","@id":"https:\/\/www.travel3.com.br\/site\/#website","url":"https:\/\/www.travel3.com.br\/site\/","name":"Travel3","description":"Lazer + Neg&oacute;cios + Aventura","publisher":{"@id":"https:\/\/www.travel3.com.br\/site\/#organization"},"potentialAction":[{"@type":"SearchAction","target":{"@type":"EntryPoint","urlTemplate":"https:\/\/www.travel3.com.br\/site\/?s={search_term_string}"},"query-input":{"@type":"PropertyValueSpecification","valueRequired":true,"valueName":"search_term_string"}}],"inLanguage":"pt-BR"},{"@type":"Organization","@id":"https:\/\/www.travel3.com.br\/site\/#organization","name":"Travel3","url":"https:\/\/www.travel3.com.br\/site\/","logo":{"@type":"ImageObject","inLanguage":"pt-BR","@id":"https:\/\/www.travel3.com.br\/site\/#\/schema\/logo\/image\/","url":"https:\/\/www.travel3.com.br\/site\/wp-content\/uploads\/2020\/01\/logo-travel3-2020.png","contentUrl":"https:\/\/www.travel3.com.br\/site\/wp-content\/uploads\/2020\/01\/logo-travel3-2020.png","width":232,"height":79,"caption":"Travel3"},"image":{"@id":"https:\/\/www.travel3.com.br\/site\/#\/schema\/logo\/image\/"},"sameAs":["https:\/\/www.facebook.com\/travel3media\/","https:\/\/www.instagram.com\/revistatravel3\/","https:\/\/www.youtube.com\/channel\/UCno7J4paGBR3VbZQzvoJ9Eg"]},{"@type":"Person","@id":"https:\/\/www.travel3.com.br\/site\/#\/schema\/person\/89251b0320bc67697de92249f97f3fdb","name":"Reda\u00e7\u00e3o Travel3","image":{"@type":"ImageObject","inLanguage":"pt-BR","@id":"https:\/\/www.travel3.com.br\/site\/#\/schema\/person\/image\/","url":"https:\/\/secure.gravatar.com\/avatar\/85a5ec2ad99b1932f671ebf50c117db6?s=96&d=mm&r=g","contentUrl":"https:\/\/secure.gravatar.com\/avatar\/85a5ec2ad99b1932f671ebf50c117db6?s=96&d=mm&r=g","caption":"Reda\u00e7\u00e3o Travel3"},"sameAs":["http:\/\/www.travel3.com.br\/"],"url":"https:\/\/www.travel3.com.br\/site\/author\/redacao\/"}]}},"_links":{"self":[{"href":"https:\/\/www.travel3.com.br\/site\/wp-json\/wp\/v2\/posts\/66200","targetHints":{"allow":["GET"]}}],"collection":[{"href":"https:\/\/www.travel3.com.br\/site\/wp-json\/wp\/v2\/posts"}],"about":[{"href":"https:\/\/www.travel3.com.br\/site\/wp-json\/wp\/v2\/types\/post"}],"author":[{"embeddable":true,"href":"https:\/\/www.travel3.com.br\/site\/wp-json\/wp\/v2\/users\/5"}],"replies":[{"embeddable":true,"href":"https:\/\/www.travel3.com.br\/site\/wp-json\/wp\/v2\/comments?post=66200"}],"version-history":[{"count":3,"href":"https:\/\/www.travel3.com.br\/site\/wp-json\/wp\/v2\/posts\/66200\/revisions"}],"predecessor-version":[{"id":66207,"href":"https:\/\/www.travel3.com.br\/site\/wp-json\/wp\/v2\/posts\/66200\/revisions\/66207"}],"wp:featuredmedia":[{"embeddable":true,"href":"https:\/\/www.travel3.com.br\/site\/wp-json\/wp\/v2\/media\/66202"}],"wp:attachment":[{"href":"https:\/\/www.travel3.com.br\/site\/wp-json\/wp\/v2\/media?parent=66200"}],"wp:term":[{"taxonomy":"category","embeddable":true,"href":"https:\/\/www.travel3.com.br\/site\/wp-json\/wp\/v2\/categories?post=66200"},{"taxonomy":"post_tag","embeddable":true,"href":"https:\/\/www.travel3.com.br\/site\/wp-json\/wp\/v2\/tags?post=66200"}],"curies":[{"name":"wp","href":"https:\/\/api.w.org\/{rel}","templated":true}]}}