{"id":65719,"date":"2024-02-01T08:56:00","date_gmt":"2024-02-01T11:56:00","guid":{"rendered":"https:\/\/www.travel3.com.br\/?p=65719"},"modified":"2024-03-28T08:34:57","modified_gmt":"2024-03-28T11:34:57","slug":"incomum-viagens-marca-presenca-na-fitur","status":"publish","type":"post","link":"https:\/\/www.travel3.com.br\/site\/acontece-no-turismo\/incomum-viagens-marca-presenca-na-fitur\/","title":{"rendered":"Incomum Viagens marca presen\u00e7a na FITUR"},"content":{"rendered":"\n<h2 class=\"wp-block-heading\">Em Madri, operadora firmou novas parcerias visando oferecer  experi\u00eancias aut\u00eanticas aos clientes<\/h2>\n\n\n\n<p>A participa\u00e7\u00e3o da<strong><a href=\"https:\/\/incomumviagens.com.br\/\" target=\"_blank\" rel=\"noreferrer noopener\"> Incomum Viagens<\/a><\/strong> na FITUR deste ano refletiu seu compromisso em participar ativamente do futuro do setor tur\u00edstico. Durante o evento, a empresa focou em estabelecer parcerias estrat\u00e9gicas para oferecer sempre novas experi\u00eancias aos viajantes.<\/p>\n\n\n\n<p>Com uma abordagem orientada para a inova\u00e7\u00e3o, a equipe da Incomum participou de discuss\u00f5es, negociou com representantes de destinos tur\u00edsticos em ascens\u00e3o e explorou novas tecnologias na ind\u00fastria. Al\u00e9m disso, estreitou la\u00e7os com fornecedores de servi\u00e7os alinhados \u00e0 vis\u00e3o da empresa em proporcionar <em>experi\u00eancias aut\u00eanticas e memor\u00e1veis aos clientes<\/em>.<\/p>\n\n\n\n<figure class=\"wp-block-gallery has-nested-images columns-default is-cropped wp-block-gallery-2 is-layout-flex wp-block-gallery-is-layout-flex\">\n<figure class=\"wp-block-image size-large\"><img loading=\"lazy\" decoding=\"async\" width=\"512\" height=\"682\" data-id=\"65726\" src=\"https:\/\/www.travel3.com.br\/site\/wp-content\/uploads\/2024\/01\/Incomum-Fitur-edited.jpg\" alt=\"Incomum - Fitur\" class=\"wp-image-65726\" srcset=\"https:\/\/www.travel3.com.br\/site\/wp-content\/uploads\/2024\/01\/Incomum-Fitur-edited.jpg 512w, https:\/\/www.travel3.com.br\/site\/wp-content\/uploads\/2024\/01\/Incomum-Fitur-edited-225x300.jpg 225w, https:\/\/www.travel3.com.br\/site\/wp-content\/uploads\/2024\/01\/Incomum-Fitur-edited-150x200.jpg 150w\" sizes=\"auto, (max-width: 512px) 100vw, 512px\" \/><\/figure>\n\n\n\n<figure class=\"wp-block-image size-large\"><img loading=\"lazy\" decoding=\"async\" width=\"600\" height=\"800\" data-id=\"65727\" src=\"https:\/\/www.travel3.com.br\/site\/wp-content\/uploads\/2024\/01\/Incomum-Fitur4-edited.jpg\" alt=\"Incomum - Fitur\" class=\"wp-image-65727\" srcset=\"https:\/\/www.travel3.com.br\/site\/wp-content\/uploads\/2024\/01\/Incomum-Fitur4-edited.jpg 600w, https:\/\/www.travel3.com.br\/site\/wp-content\/uploads\/2024\/01\/Incomum-Fitur4-edited-225x300.jpg 225w, https:\/\/www.travel3.com.br\/site\/wp-content\/uploads\/2024\/01\/Incomum-Fitur4-edited-150x200.jpg 150w\" sizes=\"auto, (max-width: 600px) 100vw, 600px\" \/><\/figure>\n<figcaption class=\"blocks-gallery-caption\">Aline e Mar\u00edlia, respons\u00e1veis por Produtos na Incomum Viagens com representantes da Carrani Tours + com o Diretor da Operadora, F\u00e1bio Frasetto e representantes do Grupo Hotusa&nbsp; (Foto: Divulga\u00e7\u00e3o)<\/figcaption><\/figure>\n\n\n\n<p><\/p>\n\n\n\n<div class=\"wp-block-image\"><figure class=\"aligncenter size-large is-resized\"><img loading=\"lazy\" decoding=\"async\" src=\"https:\/\/www.travel3.com.br\/site\/wp-content\/uploads\/2024\/01\/Incomum-Fitur2-1024x768.jpg\" alt=\"\" class=\"wp-image-65730\" width=\"566\" height=\"424\" srcset=\"https:\/\/www.travel3.com.br\/site\/wp-content\/uploads\/2024\/01\/Incomum-Fitur2-1024x768.jpg 1024w, https:\/\/www.travel3.com.br\/site\/wp-content\/uploads\/2024\/01\/Incomum-Fitur2-300x225.jpg 300w, https:\/\/www.travel3.com.br\/site\/wp-content\/uploads\/2024\/01\/Incomum-Fitur2-768x576.jpg 768w, https:\/\/www.travel3.com.br\/site\/wp-content\/uploads\/2024\/01\/Incomum-Fitur2-1536x1152.jpg 1536w, https:\/\/www.travel3.com.br\/site\/wp-content\/uploads\/2024\/01\/Incomum-Fitur2-150x113.jpg 150w, https:\/\/www.travel3.com.br\/site\/wp-content\/uploads\/2024\/01\/Incomum-Fitur2-750x563.jpg 750w, https:\/\/www.travel3.com.br\/site\/wp-content\/uploads\/2024\/01\/Incomum-Fitur2-1140x855.jpg 1140w, https:\/\/www.travel3.com.br\/site\/wp-content\/uploads\/2024\/01\/Incomum-Fitur2.jpg 1600w\" sizes=\"auto, (max-width: 566px) 100vw, 566px\" \/><figcaption>Com representantes da Dorak&nbsp;(Foto: Divulga\u00e7\u00e3o)<\/figcaption><\/figure><\/div>\n\n\n\n<p>Ao encerrar a FITUR, a equipe da <strong><a href=\"https:\/\/www.travel3.com.br\/acontece-no-turismo\/incomum-abre-2024-com-nova-campanha-de-vendas\/\" target=\"_blank\" rel=\"noreferrer noopener\">Incomum<\/a><\/strong> mostrou entusiasmo com a participa\u00e7\u00e3o no evento. Segundo os participantes, &#8220;<em><strong>\u00e0 medida que a FITUR chegava ao fim, nossa equipe partia com uma sensa\u00e7\u00e3o de realiza\u00e7\u00e3o e entusiasmo pelo que o futuro reserva. Com uma rede de parcerias mais forte do que nunca e uma vis\u00e3o clara do caminho \u00e0 frente, estamos prontos para liderar o turismo do amanh\u00e3, oferecendo aos viajantes uma experi\u00eancia verdadeiramente excepcional em&nbsp;cada&nbsp;jornada.<\/strong><\/em>&#8220;<\/p>\n","protected":false},"excerpt":{"rendered":"<p>Em Madri, operadora firmou novas parcerias visando oferecer experi\u00eancias aut\u00eanticas aos clientes<\/p>\n","protected":false},"author":6,"featured_media":65721,"comment_status":"open","ping_status":"open","sticky":false,"template":"","format":"standard","meta":{"footnotes":""},"categories":[969,4],"tags":[5930,4849,188],"class_list":["post-65719","post","type-post","status-publish","format-standard","has-post-thumbnail","hentry","category-acontece-no-turismo","category-operadoras","tag-fitur","tag-incomum-operadora","tag-incomum-viagens"],"yoast_head":"<!-- This site is optimized with the Yoast SEO plugin v26.2 - https:\/\/yoast.com\/wordpress\/plugins\/seo\/ -->\n<title>Incomum Viagens marca presen\u00e7a na FITUR - Travel3<\/title>\n<meta name=\"description\" content=\"Incomum Viagens marca presen\u00e7a na FITUR; Em Madri, operadora firmou novas parcerias visando oferecer experi\u00eancias aut\u00eanticas aos clientes\" \/>\n<meta name=\"robots\" content=\"index, follow, max-snippet:-1, max-image-preview:large, max-video-preview:-1\" \/>\n<link rel=\"canonical\" href=\"https:\/\/www.travel3.com.br\/site\/acontece-no-turismo\/incomum-viagens-marca-presenca-na-fitur\/\" \/>\n<meta property=\"og:locale\" content=\"pt_BR\" \/>\n<meta property=\"og:type\" content=\"article\" \/>\n<meta property=\"og:title\" content=\"Incomum Viagens marca presen\u00e7a na FITUR - Travel3\" \/>\n<meta property=\"og:description\" content=\"Incomum Viagens marca presen\u00e7a na FITUR; Em Madri, operadora firmou novas parcerias visando oferecer experi\u00eancias aut\u00eanticas aos clientes\" \/>\n<meta property=\"og:url\" content=\"https:\/\/www.travel3.com.br\/site\/acontece-no-turismo\/incomum-viagens-marca-presenca-na-fitur\/\" \/>\n<meta property=\"og:site_name\" content=\"Travel3\" \/>\n<meta property=\"article:publisher\" content=\"https:\/\/www.facebook.com\/travel3media\/\" \/>\n<meta property=\"article:published_time\" content=\"2024-02-01T11:56:00+00:00\" \/>\n<meta property=\"article:modified_time\" content=\"2024-03-28T11:34:57+00:00\" \/>\n<meta property=\"og:image\" content=\"https:\/\/www.travel3.com.br\/site\/wp-content\/uploads\/2024\/01\/Incomum-Fitur3.jpg\" \/>\n\t<meta property=\"og:image:width\" content=\"1200\" \/>\n\t<meta property=\"og:image:height\" content=\"1600\" \/>\n\t<meta property=\"og:image:type\" content=\"image\/jpeg\" \/>\n<meta name=\"author\" content=\"Reda\u00e7\u00e3o Travel3\" \/>\n<meta name=\"twitter:card\" content=\"summary_large_image\" \/>\n<meta name=\"twitter:label1\" content=\"Escrito por\" \/>\n\t<meta name=\"twitter:data1\" content=\"Reda\u00e7\u00e3o Travel3\" \/>\n\t<meta name=\"twitter:label2\" content=\"Est. tempo de leitura\" \/>\n\t<meta name=\"twitter:data2\" content=\"2 minutos\" \/>\n<script type=\"application\/ld+json\" class=\"yoast-schema-graph\">{\"@context\":\"https:\/\/schema.org\",\"@graph\":[{\"@type\":\"Article\",\"@id\":\"https:\/\/www.travel3.com.br\/site\/acontece-no-turismo\/incomum-viagens-marca-presenca-na-fitur\/#article\",\"isPartOf\":{\"@id\":\"https:\/\/www.travel3.com.br\/site\/acontece-no-turismo\/incomum-viagens-marca-presenca-na-fitur\/\"},\"author\":{\"name\":\"Reda\u00e7\u00e3o Travel3\",\"@id\":\"https:\/\/www.travel3.com.br\/site\/#\/schema\/person\/9cff8daac0a2f1aa0799f827b8aa8308\"},\"headline\":\"Incomum Viagens marca presen\u00e7a na FITUR\",\"datePublished\":\"2024-02-01T11:56:00+00:00\",\"dateModified\":\"2024-03-28T11:34:57+00:00\",\"mainEntityOfPage\":{\"@id\":\"https:\/\/www.travel3.com.br\/site\/acontece-no-turismo\/incomum-viagens-marca-presenca-na-fitur\/\"},\"wordCount\":245,\"commentCount\":0,\"publisher\":{\"@id\":\"https:\/\/www.travel3.com.br\/site\/#organization\"},\"image\":{\"@id\":\"https:\/\/www.travel3.com.br\/site\/acontece-no-turismo\/incomum-viagens-marca-presenca-na-fitur\/#primaryimage\"},\"thumbnailUrl\":\"https:\/\/www.travel3.com.br\/site\/wp-content\/uploads\/2024\/01\/Incomum-Fitur3.jpg\",\"keywords\":[\"FITUR\",\"Incomum Operadora\",\"Incomum Viagens\"],\"articleSection\":[\"Acontece no Turismo\",\"Operadoras\"],\"inLanguage\":\"pt-BR\",\"potentialAction\":[{\"@type\":\"CommentAction\",\"name\":\"Comment\",\"target\":[\"https:\/\/www.travel3.com.br\/site\/acontece-no-turismo\/incomum-viagens-marca-presenca-na-fitur\/#respond\"]}]},{\"@type\":\"WebPage\",\"@id\":\"https:\/\/www.travel3.com.br\/site\/acontece-no-turismo\/incomum-viagens-marca-presenca-na-fitur\/\",\"url\":\"https:\/\/www.travel3.com.br\/site\/acontece-no-turismo\/incomum-viagens-marca-presenca-na-fitur\/\",\"name\":\"Incomum Viagens marca presen\u00e7a na FITUR - Travel3\",\"isPartOf\":{\"@id\":\"https:\/\/www.travel3.com.br\/site\/#website\"},\"primaryImageOfPage\":{\"@id\":\"https:\/\/www.travel3.com.br\/site\/acontece-no-turismo\/incomum-viagens-marca-presenca-na-fitur\/#primaryimage\"},\"image\":{\"@id\":\"https:\/\/www.travel3.com.br\/site\/acontece-no-turismo\/incomum-viagens-marca-presenca-na-fitur\/#primaryimage\"},\"thumbnailUrl\":\"https:\/\/www.travel3.com.br\/site\/wp-content\/uploads\/2024\/01\/Incomum-Fitur3.jpg\",\"datePublished\":\"2024-02-01T11:56:00+00:00\",\"dateModified\":\"2024-03-28T11:34:57+00:00\",\"description\":\"Incomum Viagens marca presen\u00e7a na FITUR; Em Madri, operadora firmou novas parcerias visando oferecer experi\u00eancias aut\u00eanticas aos clientes\",\"breadcrumb\":{\"@id\":\"https:\/\/www.travel3.com.br\/site\/acontece-no-turismo\/incomum-viagens-marca-presenca-na-fitur\/#breadcrumb\"},\"inLanguage\":\"pt-BR\",\"potentialAction\":[{\"@type\":\"ReadAction\",\"target\":[\"https:\/\/www.travel3.com.br\/site\/acontece-no-turismo\/incomum-viagens-marca-presenca-na-fitur\/\"]}]},{\"@type\":\"ImageObject\",\"inLanguage\":\"pt-BR\",\"@id\":\"https:\/\/www.travel3.com.br\/site\/acontece-no-turismo\/incomum-viagens-marca-presenca-na-fitur\/#primaryimage\",\"url\":\"https:\/\/www.travel3.com.br\/site\/wp-content\/uploads\/2024\/01\/Incomum-Fitur3.jpg\",\"contentUrl\":\"https:\/\/www.travel3.com.br\/site\/wp-content\/uploads\/2024\/01\/Incomum-Fitur3.jpg\",\"width\":1200,\"height\":1600,\"caption\":\"O time da Incomum na Fitur: Aline e Mar\u00edlia, respons\u00e1veis por Produtos e F\u00e1bio Frasetto, Diretor (Foto: Divulga\u00e7\u00e3o)\"},{\"@type\":\"BreadcrumbList\",\"@id\":\"https:\/\/www.travel3.com.br\/site\/acontece-no-turismo\/incomum-viagens-marca-presenca-na-fitur\/#breadcrumb\",\"itemListElement\":[{\"@type\":\"ListItem\",\"position\":1,\"name\":\"In\u00edcio\",\"item\":\"https:\/\/www.travel3.com.br\/site\/\"},{\"@type\":\"ListItem\",\"position\":2,\"name\":\"Incomum Viagens marca presen\u00e7a na FITUR\"}]},{\"@type\":\"WebSite\",\"@id\":\"https:\/\/www.travel3.com.br\/site\/#website\",\"url\":\"https:\/\/www.travel3.com.br\/site\/\",\"name\":\"Travel3\",\"description\":\"Lazer + Neg&oacute;cios + Aventura\",\"publisher\":{\"@id\":\"https:\/\/www.travel3.com.br\/site\/#organization\"},\"potentialAction\":[{\"@type\":\"SearchAction\",\"target\":{\"@type\":\"EntryPoint\",\"urlTemplate\":\"https:\/\/www.travel3.com.br\/site\/?s={search_term_string}\"},\"query-input\":{\"@type\":\"PropertyValueSpecification\",\"valueRequired\":true,\"valueName\":\"search_term_string\"}}],\"inLanguage\":\"pt-BR\"},{\"@type\":\"Organization\",\"@id\":\"https:\/\/www.travel3.com.br\/site\/#organization\",\"name\":\"Travel3\",\"url\":\"https:\/\/www.travel3.com.br\/site\/\",\"logo\":{\"@type\":\"ImageObject\",\"inLanguage\":\"pt-BR\",\"@id\":\"https:\/\/www.travel3.com.br\/site\/#\/schema\/logo\/image\/\",\"url\":\"https:\/\/www.travel3.com.br\/site\/wp-content\/uploads\/2020\/01\/logo-travel3-2020.png\",\"contentUrl\":\"https:\/\/www.travel3.com.br\/site\/wp-content\/uploads\/2020\/01\/logo-travel3-2020.png\",\"width\":232,\"height\":79,\"caption\":\"Travel3\"},\"image\":{\"@id\":\"https:\/\/www.travel3.com.br\/site\/#\/schema\/logo\/image\/\"},\"sameAs\":[\"https:\/\/www.facebook.com\/travel3media\/\",\"https:\/\/www.instagram.com\/revistatravel3\/\",\"https:\/\/www.youtube.com\/channel\/UCno7J4paGBR3VbZQzvoJ9Eg\"]},{\"@type\":\"Person\",\"@id\":\"https:\/\/www.travel3.com.br\/site\/#\/schema\/person\/9cff8daac0a2f1aa0799f827b8aa8308\",\"name\":\"Reda\u00e7\u00e3o Travel3\",\"image\":{\"@type\":\"ImageObject\",\"inLanguage\":\"pt-BR\",\"@id\":\"https:\/\/www.travel3.com.br\/site\/#\/schema\/person\/image\/\",\"url\":\"https:\/\/secure.gravatar.com\/avatar\/6e6125525e1f04b7b8c607d71556e490?s=96&d=mm&r=g\",\"contentUrl\":\"https:\/\/secure.gravatar.com\/avatar\/6e6125525e1f04b7b8c607d71556e490?s=96&d=mm&r=g\",\"caption\":\"Reda\u00e7\u00e3o Travel3\"},\"sameAs\":[\"http:\/\/www.travel3.com.br\"],\"url\":\"https:\/\/www.travel3.com.br\/site\/author\/redacao2\/\"}]}<\/script>\n<!-- \/ Yoast SEO plugin. -->","yoast_head_json":{"title":"Incomum Viagens marca presen\u00e7a na FITUR - Travel3","description":"Incomum Viagens marca presen\u00e7a na FITUR; Em Madri, operadora firmou novas parcerias visando oferecer experi\u00eancias aut\u00eanticas aos clientes","robots":{"index":"index","follow":"follow","max-snippet":"max-snippet:-1","max-image-preview":"max-image-preview:large","max-video-preview":"max-video-preview:-1"},"canonical":"https:\/\/www.travel3.com.br\/site\/acontece-no-turismo\/incomum-viagens-marca-presenca-na-fitur\/","og_locale":"pt_BR","og_type":"article","og_title":"Incomum Viagens marca presen\u00e7a na FITUR - Travel3","og_description":"Incomum Viagens marca presen\u00e7a na FITUR; Em Madri, operadora firmou novas parcerias visando oferecer experi\u00eancias aut\u00eanticas aos clientes","og_url":"https:\/\/www.travel3.com.br\/site\/acontece-no-turismo\/incomum-viagens-marca-presenca-na-fitur\/","og_site_name":"Travel3","article_publisher":"https:\/\/www.facebook.com\/travel3media\/","article_published_time":"2024-02-01T11:56:00+00:00","article_modified_time":"2024-03-28T11:34:57+00:00","og_image":[{"width":1200,"height":1600,"url":"https:\/\/www.travel3.com.br\/site\/wp-content\/uploads\/2024\/01\/Incomum-Fitur3.jpg","type":"image\/jpeg"}],"author":"Reda\u00e7\u00e3o Travel3","twitter_card":"summary_large_image","twitter_misc":{"Escrito por":"Reda\u00e7\u00e3o Travel3","Est. tempo de leitura":"2 minutos"},"schema":{"@context":"https:\/\/schema.org","@graph":[{"@type":"Article","@id":"https:\/\/www.travel3.com.br\/site\/acontece-no-turismo\/incomum-viagens-marca-presenca-na-fitur\/#article","isPartOf":{"@id":"https:\/\/www.travel3.com.br\/site\/acontece-no-turismo\/incomum-viagens-marca-presenca-na-fitur\/"},"author":{"name":"Reda\u00e7\u00e3o Travel3","@id":"https:\/\/www.travel3.com.br\/site\/#\/schema\/person\/9cff8daac0a2f1aa0799f827b8aa8308"},"headline":"Incomum Viagens marca presen\u00e7a na FITUR","datePublished":"2024-02-01T11:56:00+00:00","dateModified":"2024-03-28T11:34:57+00:00","mainEntityOfPage":{"@id":"https:\/\/www.travel3.com.br\/site\/acontece-no-turismo\/incomum-viagens-marca-presenca-na-fitur\/"},"wordCount":245,"commentCount":0,"publisher":{"@id":"https:\/\/www.travel3.com.br\/site\/#organization"},"image":{"@id":"https:\/\/www.travel3.com.br\/site\/acontece-no-turismo\/incomum-viagens-marca-presenca-na-fitur\/#primaryimage"},"thumbnailUrl":"https:\/\/www.travel3.com.br\/site\/wp-content\/uploads\/2024\/01\/Incomum-Fitur3.jpg","keywords":["FITUR","Incomum Operadora","Incomum Viagens"],"articleSection":["Acontece no Turismo","Operadoras"],"inLanguage":"pt-BR","potentialAction":[{"@type":"CommentAction","name":"Comment","target":["https:\/\/www.travel3.com.br\/site\/acontece-no-turismo\/incomum-viagens-marca-presenca-na-fitur\/#respond"]}]},{"@type":"WebPage","@id":"https:\/\/www.travel3.com.br\/site\/acontece-no-turismo\/incomum-viagens-marca-presenca-na-fitur\/","url":"https:\/\/www.travel3.com.br\/site\/acontece-no-turismo\/incomum-viagens-marca-presenca-na-fitur\/","name":"Incomum Viagens marca presen\u00e7a na FITUR - Travel3","isPartOf":{"@id":"https:\/\/www.travel3.com.br\/site\/#website"},"primaryImageOfPage":{"@id":"https:\/\/www.travel3.com.br\/site\/acontece-no-turismo\/incomum-viagens-marca-presenca-na-fitur\/#primaryimage"},"image":{"@id":"https:\/\/www.travel3.com.br\/site\/acontece-no-turismo\/incomum-viagens-marca-presenca-na-fitur\/#primaryimage"},"thumbnailUrl":"https:\/\/www.travel3.com.br\/site\/wp-content\/uploads\/2024\/01\/Incomum-Fitur3.jpg","datePublished":"2024-02-01T11:56:00+00:00","dateModified":"2024-03-28T11:34:57+00:00","description":"Incomum Viagens marca presen\u00e7a na FITUR; Em Madri, operadora firmou novas parcerias visando oferecer experi\u00eancias aut\u00eanticas aos clientes","breadcrumb":{"@id":"https:\/\/www.travel3.com.br\/site\/acontece-no-turismo\/incomum-viagens-marca-presenca-na-fitur\/#breadcrumb"},"inLanguage":"pt-BR","potentialAction":[{"@type":"ReadAction","target":["https:\/\/www.travel3.com.br\/site\/acontece-no-turismo\/incomum-viagens-marca-presenca-na-fitur\/"]}]},{"@type":"ImageObject","inLanguage":"pt-BR","@id":"https:\/\/www.travel3.com.br\/site\/acontece-no-turismo\/incomum-viagens-marca-presenca-na-fitur\/#primaryimage","url":"https:\/\/www.travel3.com.br\/site\/wp-content\/uploads\/2024\/01\/Incomum-Fitur3.jpg","contentUrl":"https:\/\/www.travel3.com.br\/site\/wp-content\/uploads\/2024\/01\/Incomum-Fitur3.jpg","width":1200,"height":1600,"caption":"O time da Incomum na Fitur: Aline e Mar\u00edlia, respons\u00e1veis por Produtos e F\u00e1bio Frasetto, Diretor (Foto: Divulga\u00e7\u00e3o)"},{"@type":"BreadcrumbList","@id":"https:\/\/www.travel3.com.br\/site\/acontece-no-turismo\/incomum-viagens-marca-presenca-na-fitur\/#breadcrumb","itemListElement":[{"@type":"ListItem","position":1,"name":"In\u00edcio","item":"https:\/\/www.travel3.com.br\/site\/"},{"@type":"ListItem","position":2,"name":"Incomum Viagens marca presen\u00e7a na FITUR"}]},{"@type":"WebSite","@id":"https:\/\/www.travel3.com.br\/site\/#website","url":"https:\/\/www.travel3.com.br\/site\/","name":"Travel3","description":"Lazer + Neg&oacute;cios + Aventura","publisher":{"@id":"https:\/\/www.travel3.com.br\/site\/#organization"},"potentialAction":[{"@type":"SearchAction","target":{"@type":"EntryPoint","urlTemplate":"https:\/\/www.travel3.com.br\/site\/?s={search_term_string}"},"query-input":{"@type":"PropertyValueSpecification","valueRequired":true,"valueName":"search_term_string"}}],"inLanguage":"pt-BR"},{"@type":"Organization","@id":"https:\/\/www.travel3.com.br\/site\/#organization","name":"Travel3","url":"https:\/\/www.travel3.com.br\/site\/","logo":{"@type":"ImageObject","inLanguage":"pt-BR","@id":"https:\/\/www.travel3.com.br\/site\/#\/schema\/logo\/image\/","url":"https:\/\/www.travel3.com.br\/site\/wp-content\/uploads\/2020\/01\/logo-travel3-2020.png","contentUrl":"https:\/\/www.travel3.com.br\/site\/wp-content\/uploads\/2020\/01\/logo-travel3-2020.png","width":232,"height":79,"caption":"Travel3"},"image":{"@id":"https:\/\/www.travel3.com.br\/site\/#\/schema\/logo\/image\/"},"sameAs":["https:\/\/www.facebook.com\/travel3media\/","https:\/\/www.instagram.com\/revistatravel3\/","https:\/\/www.youtube.com\/channel\/UCno7J4paGBR3VbZQzvoJ9Eg"]},{"@type":"Person","@id":"https:\/\/www.travel3.com.br\/site\/#\/schema\/person\/9cff8daac0a2f1aa0799f827b8aa8308","name":"Reda\u00e7\u00e3o Travel3","image":{"@type":"ImageObject","inLanguage":"pt-BR","@id":"https:\/\/www.travel3.com.br\/site\/#\/schema\/person\/image\/","url":"https:\/\/secure.gravatar.com\/avatar\/6e6125525e1f04b7b8c607d71556e490?s=96&d=mm&r=g","contentUrl":"https:\/\/secure.gravatar.com\/avatar\/6e6125525e1f04b7b8c607d71556e490?s=96&d=mm&r=g","caption":"Reda\u00e7\u00e3o Travel3"},"sameAs":["http:\/\/www.travel3.com.br"],"url":"https:\/\/www.travel3.com.br\/site\/author\/redacao2\/"}]}},"_links":{"self":[{"href":"https:\/\/www.travel3.com.br\/site\/wp-json\/wp\/v2\/posts\/65719","targetHints":{"allow":["GET"]}}],"collection":[{"href":"https:\/\/www.travel3.com.br\/site\/wp-json\/wp\/v2\/posts"}],"about":[{"href":"https:\/\/www.travel3.com.br\/site\/wp-json\/wp\/v2\/types\/post"}],"author":[{"embeddable":true,"href":"https:\/\/www.travel3.com.br\/site\/wp-json\/wp\/v2\/users\/6"}],"replies":[{"embeddable":true,"href":"https:\/\/www.travel3.com.br\/site\/wp-json\/wp\/v2\/comments?post=65719"}],"version-history":[{"count":10,"href":"https:\/\/www.travel3.com.br\/site\/wp-json\/wp\/v2\/posts\/65719\/revisions"}],"predecessor-version":[{"id":65791,"href":"https:\/\/www.travel3.com.br\/site\/wp-json\/wp\/v2\/posts\/65719\/revisions\/65791"}],"wp:featuredmedia":[{"embeddable":true,"href":"https:\/\/www.travel3.com.br\/site\/wp-json\/wp\/v2\/media\/65721"}],"wp:attachment":[{"href":"https:\/\/www.travel3.com.br\/site\/wp-json\/wp\/v2\/media?parent=65719"}],"wp:term":[{"taxonomy":"category","embeddable":true,"href":"https:\/\/www.travel3.com.br\/site\/wp-json\/wp\/v2\/categories?post=65719"},{"taxonomy":"post_tag","embeddable":true,"href":"https:\/\/www.travel3.com.br\/site\/wp-json\/wp\/v2\/tags?post=65719"}],"curies":[{"name":"wp","href":"https:\/\/api.w.org\/{rel}","templated":true}]}}