{"id":64980,"date":"2023-12-14T09:37:18","date_gmt":"2023-12-14T12:37:18","guid":{"rendered":"https:\/\/www.travel3.com.br\/?p=64980"},"modified":"2023-12-14T09:37:20","modified_gmt":"2023-12-14T12:37:20","slug":"vila-gale-celebra-triunfo-no-premio-caio-2023","status":"publish","type":"post","link":"https:\/\/www.travel3.com.br\/site\/acontece-no-turismo\/vila-gale-celebra-triunfo-no-premio-caio-2023\/","title":{"rendered":"Vila Gal\u00e9 celebra triunfo no Pr\u00eamio Caio 2023"},"content":{"rendered":"\n<h2 class=\"wp-block-heading\">Entre 3 premiados, hotel de Angra dos Reis foi eleito o Melhor Resort de Praia do Brasil<\/h2>\n\n\n\n<p>Tr\u00eas hot\u00e9is da rede Vila Gal\u00e9 foram reconhecidos durante a <strong><a href=\"https:\/\/www.premiocaio.com.br\/sobre_premio\" target=\"_blank\" rel=\"noreferrer noopener\">24\u00aa Edi\u00e7\u00e3o do Pr\u00eamio Caio<\/a><\/strong>, considerado um dos principais eventos do setor de Eventos e Turismo. A cerim\u00f4nia foi realizada na noite da \u00faltima ter\u00e7a-feira, 12\/12, em S\u00e3o Paulo, e contou com representantes do time Comercial e de Eventos da Vila Gal\u00e9. \u201c<strong><em>N\u00f3s sabemos do potencial dos nossos hot\u00e9is e resorts. Essa premia\u00e7\u00e3o \u00e9 m\u00e9rito de toda equipe que se dedica a realizar f\u00e9rias dos sonhos e a promover eventos inesquec\u00edveis<\/em><\/strong>\u201d, afima a Diretora Comercial, Adriana Borges.<\/p>\n\n\n\n<p>O <strong>Vila Gal\u00e9 Eco Resort de Angra<\/strong> conquistou o pr\u00eamio m\u00e1ximo, o Jacar\u00e9 Ouro, sendo aclamado como o Melhor Resort de Praia do Brasil. Enquanto isso, o <strong>Vila Gal\u00e9 Fortaleza<\/strong> recebeu o Jacar\u00e9 Prata na categoria &#8216;Melhor Hotel com Espa\u00e7os para Eventos de M\u00e9dio Porte do Nordeste&#8217;, garantindo o segundo lugar. Por sua vez, o <strong>Vila Gal\u00e9 Touros<\/strong> obteve o terceiro lugar na categoria &#8216;Melhor Resort de Praia do Nordeste&#8217;, conquistando o Jacar\u00e9 Bronze. Essas distin\u00e7\u00f5es refletem o compromisso cont\u00ednuo da Vila Gal\u00e9 em oferecer \u00f3timas experi\u00eancias em diferentes segmentos de hospedagem.<\/p>\n\n\n\n<div class=\"wp-block-image\"><figure class=\"aligncenter size-large is-resized\"><img loading=\"lazy\" decoding=\"async\" src=\"https:\/\/www.travel3.com.br\/site\/wp-content\/uploads\/2023\/12\/Equipe-Vila-Gale-Premio-Caio_Easy-Resize.com_-1024x678.jpg\" alt=\"Equipe Vila Gal\u00e9 Pr\u00eamio Caio\" class=\"wp-image-64983\" width=\"693\" height=\"459\" srcset=\"https:\/\/www.travel3.com.br\/site\/wp-content\/uploads\/2023\/12\/Equipe-Vila-Gale-Premio-Caio_Easy-Resize.com_-1024x678.jpg 1024w, https:\/\/www.travel3.com.br\/site\/wp-content\/uploads\/2023\/12\/Equipe-Vila-Gale-Premio-Caio_Easy-Resize.com_-300x199.jpg 300w, https:\/\/www.travel3.com.br\/site\/wp-content\/uploads\/2023\/12\/Equipe-Vila-Gale-Premio-Caio_Easy-Resize.com_-768x509.jpg 768w, https:\/\/www.travel3.com.br\/site\/wp-content\/uploads\/2023\/12\/Equipe-Vila-Gale-Premio-Caio_Easy-Resize.com_-150x99.jpg 150w, https:\/\/www.travel3.com.br\/site\/wp-content\/uploads\/2023\/12\/Equipe-Vila-Gale-Premio-Caio_Easy-Resize.com_-750x497.jpg 750w, https:\/\/www.travel3.com.br\/site\/wp-content\/uploads\/2023\/12\/Equipe-Vila-Gale-Premio-Caio_Easy-Resize.com_-1140x755.jpg 1140w, https:\/\/www.travel3.com.br\/site\/wp-content\/uploads\/2023\/12\/Equipe-Vila-Gale-Premio-Caio_Easy-Resize.com_.jpg 1280w\" sizes=\"auto, (max-width: 693px) 100vw, 693px\" \/><figcaption>Equipe do Comercial representou a Vila Gal\u00e9 na cerim\u00f4nia em S\u00e3o Paulo (Foto: Divulga\u00e7\u00e3o)<\/figcaption><\/figure><\/div>\n\n\n\n<p>O <strong><a href=\"https:\/\/www.vilagale.com\/pt\/hoteis\/rio-de-janeiro\/vila-gale-eco-resort-de-angra\" target=\"_blank\" rel=\"noreferrer noopener\">Vila Gal\u00e9 Eco Resort de Angra<\/a><\/strong>, que no Pr\u00eamio Caio recebeu o t\u00edtulo de Melhor Resort de Praia do Brasil, oferece 321 quartos e su\u00edtes, seis restaurantes, quatro bares, e um Satsanga Spa completo. O resort opera em regime all inclusive, e tem ainda uma academia de fitness, quadra de t\u00eanis, campo de grama sint\u00e9tica, quadras de areia e muita anima\u00e7\u00e3o para todas as idades, com destaque para as atividades n\u00e1uticas e para o Clube Nep.<\/p>\n\n\n\n<p>O <strong>Vila Gal\u00e9 Fortaleza<\/strong>, localizado na Praia do Futuro, recentemente passou por uma revitaliza\u00e7\u00e3o que ampliou suas op\u00e7\u00f5es para eventos corporativos e sociais. Com 300 quartos, piscina exterior, spa, academia e diversas op\u00e7\u00f5es de lazer, \u00e9 uma escolha destacada para eventos de padr\u00e3o elevado. \u201c<strong><em>O Vila Gal\u00e9 Fortaleza \u00e9 uma excelente op\u00e7\u00e3o \u00a0para a realiza\u00e7\u00e3o de eventos porque conta com servi\u00e7os de hotelaria de padr\u00e3o elevado, garantido aos participantes muito conforto e seguran\u00e7a. Dentre as op\u00e7\u00f5es, os clientes podem escolher uma variedade de card\u00e1pios personalizados, que acompanham as principais tend\u00eancias, al\u00e9m de poder contar com todo suporte de uma equipe treinada e dedicada<\/em><\/strong>\u201d, explica Adriana.<\/p>\n\n\n\n<p>O <strong>Vila Gal\u00e9 Touros<\/strong>, localizado a 80 km de Natal, foi reconhecido como um dos melhores resorts de praia do Nordeste. Com 514 unidades habitacionais, infraestrutura completa, e op\u00e7\u00f5es variadas de lazer, \u00e9 um destino que atende \u00e0s demandas dos h\u00f3spedes mais exigentes.\u00a0O resort conta com duas piscinas externas, Satsanga Spa de padr\u00e3o internacional, quadras poliesportivas, quadras de t\u00eanis, campos de futebol, Clube Infantil Nep, seis restaurantes e dois bares.<\/p>\n\n\n\n<p>A cerim\u00f4nia refor\u00e7ou o potencial dos hot\u00e9is Vila Gal\u00e9 em proporcionar estadias memor\u00e1veis e eventos de qualidade. A rede, maior do Brasil e segunda maior em Portugal, conta com 42 unidades hoteleiras em locais estrat\u00e9gicos, incluindo Portugal, Brasil, e Cuba. Em 2024, planeja inaugurar empreendimentos na Espanha, evidenciando seu cont\u00ednuo crescimento e relev\u00e2ncia no setor.<\/p>\n\n\n\n<p class=\"has-text-align-center\">+ <strong><a href=\"https:\/\/www.travel3.com.br\/acontece-no-turismo\/vila-gale-inicia-as-obras-do-hotel-em-ouro-preto\/\" target=\"_blank\" rel=\"noreferrer noopener\">Vila Gal\u00e9 inicia as obras do hotel em Ouro Preto<\/a><\/strong><\/p>\n\n\n\n<p><\/p>\n","protected":false},"excerpt":{"rendered":"<p>Entre 3 premiados, hotel de Angra dos Reis foi eleito o Melhor Resort de Praia do Brasil<\/p>\n","protected":false},"author":5,"featured_media":64981,"comment_status":"open","ping_status":"open","sticky":false,"template":"","format":"standard","meta":{"footnotes":""},"categories":[969],"tags":[5880,4883,5881],"class_list":["post-64980","post","type-post","status-publish","format-standard","has-post-thumbnail","hentry","category-acontece-no-turismo","tag-premio-caio","tag-vila-gale","tag-vila-gale-eco-resort-angra"],"yoast_head":"<!-- This site is optimized with the Yoast SEO plugin v26.2 - https:\/\/yoast.com\/wordpress\/plugins\/seo\/ -->\n<title>Vila Gal\u00e9 celebra triunfo no Pr\u00eamio Caio 2023 - Travel3<\/title>\n<meta name=\"description\" content=\"Vila Gal\u00e9 celebra triunfo no Pr\u00eamio Caio 2023; Entre 3 premiados, hotel de Angra dos Reis foi eleito o Melhor Resort de Praia do Brasil\" \/>\n<meta name=\"robots\" content=\"index, follow, max-snippet:-1, max-image-preview:large, max-video-preview:-1\" \/>\n<link rel=\"canonical\" href=\"https:\/\/www.travel3.com.br\/site\/acontece-no-turismo\/vila-gale-celebra-triunfo-no-premio-caio-2023\/\" \/>\n<meta property=\"og:locale\" content=\"pt_BR\" \/>\n<meta property=\"og:type\" content=\"article\" \/>\n<meta property=\"og:title\" content=\"Vila Gal\u00e9 celebra triunfo no Pr\u00eamio Caio 2023 - Travel3\" \/>\n<meta property=\"og:description\" content=\"Vila Gal\u00e9 celebra triunfo no Pr\u00eamio Caio 2023; Entre 3 premiados, hotel de Angra dos Reis foi eleito o Melhor Resort de Praia do Brasil\" \/>\n<meta property=\"og:url\" content=\"https:\/\/www.travel3.com.br\/site\/acontece-no-turismo\/vila-gale-celebra-triunfo-no-premio-caio-2023\/\" \/>\n<meta property=\"og:site_name\" content=\"Travel3\" \/>\n<meta property=\"article:publisher\" content=\"https:\/\/www.facebook.com\/travel3media\/\" \/>\n<meta property=\"article:published_time\" content=\"2023-12-14T12:37:18+00:00\" \/>\n<meta property=\"article:modified_time\" content=\"2023-12-14T12:37:20+00:00\" \/>\n<meta property=\"og:image\" content=\"https:\/\/www.travel3.com.br\/site\/wp-content\/uploads\/2023\/12\/Vila-Gale-Angra-recebe-premio-caio.jpeg\" \/>\n\t<meta property=\"og:image:width\" content=\"1500\" \/>\n\t<meta property=\"og:image:height\" content=\"999\" \/>\n\t<meta property=\"og:image:type\" content=\"image\/jpeg\" \/>\n<meta name=\"author\" content=\"Reda\u00e7\u00e3o Travel3\" \/>\n<meta name=\"twitter:card\" content=\"summary_large_image\" \/>\n<meta name=\"twitter:label1\" content=\"Escrito por\" \/>\n\t<meta name=\"twitter:data1\" content=\"Reda\u00e7\u00e3o Travel3\" \/>\n\t<meta name=\"twitter:label2\" content=\"Est. tempo de leitura\" \/>\n\t<meta name=\"twitter:data2\" content=\"4 minutos\" \/>\n<script type=\"application\/ld+json\" class=\"yoast-schema-graph\">{\"@context\":\"https:\/\/schema.org\",\"@graph\":[{\"@type\":\"Article\",\"@id\":\"https:\/\/www.travel3.com.br\/site\/acontece-no-turismo\/vila-gale-celebra-triunfo-no-premio-caio-2023\/#article\",\"isPartOf\":{\"@id\":\"https:\/\/www.travel3.com.br\/site\/acontece-no-turismo\/vila-gale-celebra-triunfo-no-premio-caio-2023\/\"},\"author\":{\"name\":\"Reda\u00e7\u00e3o Travel3\",\"@id\":\"https:\/\/www.travel3.com.br\/site\/#\/schema\/person\/89251b0320bc67697de92249f97f3fdb\"},\"headline\":\"Vila Gal\u00e9 celebra triunfo no Pr\u00eamio Caio 2023\",\"datePublished\":\"2023-12-14T12:37:18+00:00\",\"dateModified\":\"2023-12-14T12:37:20+00:00\",\"mainEntityOfPage\":{\"@id\":\"https:\/\/www.travel3.com.br\/site\/acontece-no-turismo\/vila-gale-celebra-triunfo-no-premio-caio-2023\/\"},\"wordCount\":577,\"commentCount\":0,\"publisher\":{\"@id\":\"https:\/\/www.travel3.com.br\/site\/#organization\"},\"image\":{\"@id\":\"https:\/\/www.travel3.com.br\/site\/acontece-no-turismo\/vila-gale-celebra-triunfo-no-premio-caio-2023\/#primaryimage\"},\"thumbnailUrl\":\"https:\/\/www.travel3.com.br\/site\/wp-content\/uploads\/2023\/12\/Vila-Gale-Angra-recebe-premio-caio.jpeg\",\"keywords\":[\"Pr\u00eamio Caio\",\"Vila Gal\u00e9\",\"Vila Gal\u00e9 Eco Resort Angra\"],\"articleSection\":[\"Acontece no Turismo\"],\"inLanguage\":\"pt-BR\",\"potentialAction\":[{\"@type\":\"CommentAction\",\"name\":\"Comment\",\"target\":[\"https:\/\/www.travel3.com.br\/site\/acontece-no-turismo\/vila-gale-celebra-triunfo-no-premio-caio-2023\/#respond\"]}]},{\"@type\":\"WebPage\",\"@id\":\"https:\/\/www.travel3.com.br\/site\/acontece-no-turismo\/vila-gale-celebra-triunfo-no-premio-caio-2023\/\",\"url\":\"https:\/\/www.travel3.com.br\/site\/acontece-no-turismo\/vila-gale-celebra-triunfo-no-premio-caio-2023\/\",\"name\":\"Vila Gal\u00e9 celebra triunfo no Pr\u00eamio Caio 2023 - Travel3\",\"isPartOf\":{\"@id\":\"https:\/\/www.travel3.com.br\/site\/#website\"},\"primaryImageOfPage\":{\"@id\":\"https:\/\/www.travel3.com.br\/site\/acontece-no-turismo\/vila-gale-celebra-triunfo-no-premio-caio-2023\/#primaryimage\"},\"image\":{\"@id\":\"https:\/\/www.travel3.com.br\/site\/acontece-no-turismo\/vila-gale-celebra-triunfo-no-premio-caio-2023\/#primaryimage\"},\"thumbnailUrl\":\"https:\/\/www.travel3.com.br\/site\/wp-content\/uploads\/2023\/12\/Vila-Gale-Angra-recebe-premio-caio.jpeg\",\"datePublished\":\"2023-12-14T12:37:18+00:00\",\"dateModified\":\"2023-12-14T12:37:20+00:00\",\"description\":\"Vila Gal\u00e9 celebra triunfo no Pr\u00eamio Caio 2023; Entre 3 premiados, hotel de Angra dos Reis foi eleito o Melhor Resort de Praia do Brasil\",\"breadcrumb\":{\"@id\":\"https:\/\/www.travel3.com.br\/site\/acontece-no-turismo\/vila-gale-celebra-triunfo-no-premio-caio-2023\/#breadcrumb\"},\"inLanguage\":\"pt-BR\",\"potentialAction\":[{\"@type\":\"ReadAction\",\"target\":[\"https:\/\/www.travel3.com.br\/site\/acontece-no-turismo\/vila-gale-celebra-triunfo-no-premio-caio-2023\/\"]}]},{\"@type\":\"ImageObject\",\"inLanguage\":\"pt-BR\",\"@id\":\"https:\/\/www.travel3.com.br\/site\/acontece-no-turismo\/vila-gale-celebra-triunfo-no-premio-caio-2023\/#primaryimage\",\"url\":\"https:\/\/www.travel3.com.br\/site\/wp-content\/uploads\/2023\/12\/Vila-Gale-Angra-recebe-premio-caio.jpeg\",\"contentUrl\":\"https:\/\/www.travel3.com.br\/site\/wp-content\/uploads\/2023\/12\/Vila-Gale-Angra-recebe-premio-caio.jpeg\",\"width\":1500,\"height\":999,\"caption\":\"Vila Gal\u00e9 Eco Resort de Angra foi considerado o Melhor Resort do Brasil no Pr\u00eamio Caio 2023 (Foto: Divulga\u00e7\u00e3o)\"},{\"@type\":\"BreadcrumbList\",\"@id\":\"https:\/\/www.travel3.com.br\/site\/acontece-no-turismo\/vila-gale-celebra-triunfo-no-premio-caio-2023\/#breadcrumb\",\"itemListElement\":[{\"@type\":\"ListItem\",\"position\":1,\"name\":\"In\u00edcio\",\"item\":\"https:\/\/www.travel3.com.br\/site\/\"},{\"@type\":\"ListItem\",\"position\":2,\"name\":\"Vila Gal\u00e9 celebra triunfo no Pr\u00eamio Caio 2023\"}]},{\"@type\":\"WebSite\",\"@id\":\"https:\/\/www.travel3.com.br\/site\/#website\",\"url\":\"https:\/\/www.travel3.com.br\/site\/\",\"name\":\"Travel3\",\"description\":\"Lazer + Neg&oacute;cios + Aventura\",\"publisher\":{\"@id\":\"https:\/\/www.travel3.com.br\/site\/#organization\"},\"potentialAction\":[{\"@type\":\"SearchAction\",\"target\":{\"@type\":\"EntryPoint\",\"urlTemplate\":\"https:\/\/www.travel3.com.br\/site\/?s={search_term_string}\"},\"query-input\":{\"@type\":\"PropertyValueSpecification\",\"valueRequired\":true,\"valueName\":\"search_term_string\"}}],\"inLanguage\":\"pt-BR\"},{\"@type\":\"Organization\",\"@id\":\"https:\/\/www.travel3.com.br\/site\/#organization\",\"name\":\"Travel3\",\"url\":\"https:\/\/www.travel3.com.br\/site\/\",\"logo\":{\"@type\":\"ImageObject\",\"inLanguage\":\"pt-BR\",\"@id\":\"https:\/\/www.travel3.com.br\/site\/#\/schema\/logo\/image\/\",\"url\":\"https:\/\/www.travel3.com.br\/site\/wp-content\/uploads\/2020\/01\/logo-travel3-2020.png\",\"contentUrl\":\"https:\/\/www.travel3.com.br\/site\/wp-content\/uploads\/2020\/01\/logo-travel3-2020.png\",\"width\":232,\"height\":79,\"caption\":\"Travel3\"},\"image\":{\"@id\":\"https:\/\/www.travel3.com.br\/site\/#\/schema\/logo\/image\/\"},\"sameAs\":[\"https:\/\/www.facebook.com\/travel3media\/\",\"https:\/\/www.instagram.com\/revistatravel3\/\",\"https:\/\/www.youtube.com\/channel\/UCno7J4paGBR3VbZQzvoJ9Eg\"]},{\"@type\":\"Person\",\"@id\":\"https:\/\/www.travel3.com.br\/site\/#\/schema\/person\/89251b0320bc67697de92249f97f3fdb\",\"name\":\"Reda\u00e7\u00e3o Travel3\",\"image\":{\"@type\":\"ImageObject\",\"inLanguage\":\"pt-BR\",\"@id\":\"https:\/\/www.travel3.com.br\/site\/#\/schema\/person\/image\/\",\"url\":\"https:\/\/secure.gravatar.com\/avatar\/85a5ec2ad99b1932f671ebf50c117db6?s=96&d=mm&r=g\",\"contentUrl\":\"https:\/\/secure.gravatar.com\/avatar\/85a5ec2ad99b1932f671ebf50c117db6?s=96&d=mm&r=g\",\"caption\":\"Reda\u00e7\u00e3o Travel3\"},\"sameAs\":[\"http:\/\/www.travel3.com.br\/\"],\"url\":\"https:\/\/www.travel3.com.br\/site\/author\/redacao\/\"}]}<\/script>\n<!-- \/ Yoast SEO plugin. -->","yoast_head_json":{"title":"Vila Gal\u00e9 celebra triunfo no Pr\u00eamio Caio 2023 - Travel3","description":"Vila Gal\u00e9 celebra triunfo no Pr\u00eamio Caio 2023; Entre 3 premiados, hotel de Angra dos Reis foi eleito o Melhor Resort de Praia do Brasil","robots":{"index":"index","follow":"follow","max-snippet":"max-snippet:-1","max-image-preview":"max-image-preview:large","max-video-preview":"max-video-preview:-1"},"canonical":"https:\/\/www.travel3.com.br\/site\/acontece-no-turismo\/vila-gale-celebra-triunfo-no-premio-caio-2023\/","og_locale":"pt_BR","og_type":"article","og_title":"Vila Gal\u00e9 celebra triunfo no Pr\u00eamio Caio 2023 - Travel3","og_description":"Vila Gal\u00e9 celebra triunfo no Pr\u00eamio Caio 2023; Entre 3 premiados, hotel de Angra dos Reis foi eleito o Melhor Resort de Praia do Brasil","og_url":"https:\/\/www.travel3.com.br\/site\/acontece-no-turismo\/vila-gale-celebra-triunfo-no-premio-caio-2023\/","og_site_name":"Travel3","article_publisher":"https:\/\/www.facebook.com\/travel3media\/","article_published_time":"2023-12-14T12:37:18+00:00","article_modified_time":"2023-12-14T12:37:20+00:00","og_image":[{"width":1500,"height":999,"url":"https:\/\/www.travel3.com.br\/site\/wp-content\/uploads\/2023\/12\/Vila-Gale-Angra-recebe-premio-caio.jpeg","type":"image\/jpeg"}],"author":"Reda\u00e7\u00e3o Travel3","twitter_card":"summary_large_image","twitter_misc":{"Escrito por":"Reda\u00e7\u00e3o Travel3","Est. tempo de leitura":"4 minutos"},"schema":{"@context":"https:\/\/schema.org","@graph":[{"@type":"Article","@id":"https:\/\/www.travel3.com.br\/site\/acontece-no-turismo\/vila-gale-celebra-triunfo-no-premio-caio-2023\/#article","isPartOf":{"@id":"https:\/\/www.travel3.com.br\/site\/acontece-no-turismo\/vila-gale-celebra-triunfo-no-premio-caio-2023\/"},"author":{"name":"Reda\u00e7\u00e3o Travel3","@id":"https:\/\/www.travel3.com.br\/site\/#\/schema\/person\/89251b0320bc67697de92249f97f3fdb"},"headline":"Vila Gal\u00e9 celebra triunfo no Pr\u00eamio Caio 2023","datePublished":"2023-12-14T12:37:18+00:00","dateModified":"2023-12-14T12:37:20+00:00","mainEntityOfPage":{"@id":"https:\/\/www.travel3.com.br\/site\/acontece-no-turismo\/vila-gale-celebra-triunfo-no-premio-caio-2023\/"},"wordCount":577,"commentCount":0,"publisher":{"@id":"https:\/\/www.travel3.com.br\/site\/#organization"},"image":{"@id":"https:\/\/www.travel3.com.br\/site\/acontece-no-turismo\/vila-gale-celebra-triunfo-no-premio-caio-2023\/#primaryimage"},"thumbnailUrl":"https:\/\/www.travel3.com.br\/site\/wp-content\/uploads\/2023\/12\/Vila-Gale-Angra-recebe-premio-caio.jpeg","keywords":["Pr\u00eamio Caio","Vila Gal\u00e9","Vila Gal\u00e9 Eco Resort Angra"],"articleSection":["Acontece no Turismo"],"inLanguage":"pt-BR","potentialAction":[{"@type":"CommentAction","name":"Comment","target":["https:\/\/www.travel3.com.br\/site\/acontece-no-turismo\/vila-gale-celebra-triunfo-no-premio-caio-2023\/#respond"]}]},{"@type":"WebPage","@id":"https:\/\/www.travel3.com.br\/site\/acontece-no-turismo\/vila-gale-celebra-triunfo-no-premio-caio-2023\/","url":"https:\/\/www.travel3.com.br\/site\/acontece-no-turismo\/vila-gale-celebra-triunfo-no-premio-caio-2023\/","name":"Vila Gal\u00e9 celebra triunfo no Pr\u00eamio Caio 2023 - Travel3","isPartOf":{"@id":"https:\/\/www.travel3.com.br\/site\/#website"},"primaryImageOfPage":{"@id":"https:\/\/www.travel3.com.br\/site\/acontece-no-turismo\/vila-gale-celebra-triunfo-no-premio-caio-2023\/#primaryimage"},"image":{"@id":"https:\/\/www.travel3.com.br\/site\/acontece-no-turismo\/vila-gale-celebra-triunfo-no-premio-caio-2023\/#primaryimage"},"thumbnailUrl":"https:\/\/www.travel3.com.br\/site\/wp-content\/uploads\/2023\/12\/Vila-Gale-Angra-recebe-premio-caio.jpeg","datePublished":"2023-12-14T12:37:18+00:00","dateModified":"2023-12-14T12:37:20+00:00","description":"Vila Gal\u00e9 celebra triunfo no Pr\u00eamio Caio 2023; Entre 3 premiados, hotel de Angra dos Reis foi eleito o Melhor Resort de Praia do Brasil","breadcrumb":{"@id":"https:\/\/www.travel3.com.br\/site\/acontece-no-turismo\/vila-gale-celebra-triunfo-no-premio-caio-2023\/#breadcrumb"},"inLanguage":"pt-BR","potentialAction":[{"@type":"ReadAction","target":["https:\/\/www.travel3.com.br\/site\/acontece-no-turismo\/vila-gale-celebra-triunfo-no-premio-caio-2023\/"]}]},{"@type":"ImageObject","inLanguage":"pt-BR","@id":"https:\/\/www.travel3.com.br\/site\/acontece-no-turismo\/vila-gale-celebra-triunfo-no-premio-caio-2023\/#primaryimage","url":"https:\/\/www.travel3.com.br\/site\/wp-content\/uploads\/2023\/12\/Vila-Gale-Angra-recebe-premio-caio.jpeg","contentUrl":"https:\/\/www.travel3.com.br\/site\/wp-content\/uploads\/2023\/12\/Vila-Gale-Angra-recebe-premio-caio.jpeg","width":1500,"height":999,"caption":"Vila Gal\u00e9 Eco Resort de Angra foi considerado o Melhor Resort do Brasil no Pr\u00eamio Caio 2023 (Foto: Divulga\u00e7\u00e3o)"},{"@type":"BreadcrumbList","@id":"https:\/\/www.travel3.com.br\/site\/acontece-no-turismo\/vila-gale-celebra-triunfo-no-premio-caio-2023\/#breadcrumb","itemListElement":[{"@type":"ListItem","position":1,"name":"In\u00edcio","item":"https:\/\/www.travel3.com.br\/site\/"},{"@type":"ListItem","position":2,"name":"Vila Gal\u00e9 celebra triunfo no Pr\u00eamio Caio 2023"}]},{"@type":"WebSite","@id":"https:\/\/www.travel3.com.br\/site\/#website","url":"https:\/\/www.travel3.com.br\/site\/","name":"Travel3","description":"Lazer + Neg&oacute;cios + Aventura","publisher":{"@id":"https:\/\/www.travel3.com.br\/site\/#organization"},"potentialAction":[{"@type":"SearchAction","target":{"@type":"EntryPoint","urlTemplate":"https:\/\/www.travel3.com.br\/site\/?s={search_term_string}"},"query-input":{"@type":"PropertyValueSpecification","valueRequired":true,"valueName":"search_term_string"}}],"inLanguage":"pt-BR"},{"@type":"Organization","@id":"https:\/\/www.travel3.com.br\/site\/#organization","name":"Travel3","url":"https:\/\/www.travel3.com.br\/site\/","logo":{"@type":"ImageObject","inLanguage":"pt-BR","@id":"https:\/\/www.travel3.com.br\/site\/#\/schema\/logo\/image\/","url":"https:\/\/www.travel3.com.br\/site\/wp-content\/uploads\/2020\/01\/logo-travel3-2020.png","contentUrl":"https:\/\/www.travel3.com.br\/site\/wp-content\/uploads\/2020\/01\/logo-travel3-2020.png","width":232,"height":79,"caption":"Travel3"},"image":{"@id":"https:\/\/www.travel3.com.br\/site\/#\/schema\/logo\/image\/"},"sameAs":["https:\/\/www.facebook.com\/travel3media\/","https:\/\/www.instagram.com\/revistatravel3\/","https:\/\/www.youtube.com\/channel\/UCno7J4paGBR3VbZQzvoJ9Eg"]},{"@type":"Person","@id":"https:\/\/www.travel3.com.br\/site\/#\/schema\/person\/89251b0320bc67697de92249f97f3fdb","name":"Reda\u00e7\u00e3o Travel3","image":{"@type":"ImageObject","inLanguage":"pt-BR","@id":"https:\/\/www.travel3.com.br\/site\/#\/schema\/person\/image\/","url":"https:\/\/secure.gravatar.com\/avatar\/85a5ec2ad99b1932f671ebf50c117db6?s=96&d=mm&r=g","contentUrl":"https:\/\/secure.gravatar.com\/avatar\/85a5ec2ad99b1932f671ebf50c117db6?s=96&d=mm&r=g","caption":"Reda\u00e7\u00e3o Travel3"},"sameAs":["http:\/\/www.travel3.com.br\/"],"url":"https:\/\/www.travel3.com.br\/site\/author\/redacao\/"}]}},"_links":{"self":[{"href":"https:\/\/www.travel3.com.br\/site\/wp-json\/wp\/v2\/posts\/64980","targetHints":{"allow":["GET"]}}],"collection":[{"href":"https:\/\/www.travel3.com.br\/site\/wp-json\/wp\/v2\/posts"}],"about":[{"href":"https:\/\/www.travel3.com.br\/site\/wp-json\/wp\/v2\/types\/post"}],"author":[{"embeddable":true,"href":"https:\/\/www.travel3.com.br\/site\/wp-json\/wp\/v2\/users\/5"}],"replies":[{"embeddable":true,"href":"https:\/\/www.travel3.com.br\/site\/wp-json\/wp\/v2\/comments?post=64980"}],"version-history":[{"count":3,"href":"https:\/\/www.travel3.com.br\/site\/wp-json\/wp\/v2\/posts\/64980\/revisions"}],"predecessor-version":[{"id":64986,"href":"https:\/\/www.travel3.com.br\/site\/wp-json\/wp\/v2\/posts\/64980\/revisions\/64986"}],"wp:featuredmedia":[{"embeddable":true,"href":"https:\/\/www.travel3.com.br\/site\/wp-json\/wp\/v2\/media\/64981"}],"wp:attachment":[{"href":"https:\/\/www.travel3.com.br\/site\/wp-json\/wp\/v2\/media?parent=64980"}],"wp:term":[{"taxonomy":"category","embeddable":true,"href":"https:\/\/www.travel3.com.br\/site\/wp-json\/wp\/v2\/categories?post=64980"},{"taxonomy":"post_tag","embeddable":true,"href":"https:\/\/www.travel3.com.br\/site\/wp-json\/wp\/v2\/tags?post=64980"}],"curies":[{"name":"wp","href":"https:\/\/api.w.org\/{rel}","templated":true}]}}