{"id":64045,"date":"2023-10-30T08:00:00","date_gmt":"2023-10-30T11:00:00","guid":{"rendered":"https:\/\/www.travel3.com.br\/?p=64045"},"modified":"2023-10-29T21:45:01","modified_gmt":"2023-10-30T00:45:01","slug":"garupa-lanca-guia-de-turismo-responsavel-em-terras-indigenas","status":"publish","type":"post","link":"https:\/\/www.travel3.com.br\/site\/acontece-no-turismo\/garupa-lanca-guia-de-turismo-responsavel-em-terras-indigenas\/","title":{"rendered":"Garupa lan\u00e7a guia de turismo respons\u00e1vel em terras ind\u00edgenas"},"content":{"rendered":"\n<h2 class=\"wp-block-heading\">Livro \u201c<em>Turismo Ind\u00edgena: Modos de Fazer<\/em> \u201d marca os 10 anos da ONG<\/h2>\n\n\n\n<p>A ONG Garupa, que tem como mantenedoras as empresas do <strong>Grupo Arbo<\/strong>, lan\u00e7ou na \u00faltima ter\u00e7a-feira, 24\/10, em S\u00e3o Paulo, o livro &#8220;<strong><em><a href=\"https:\/\/garupa.org.br\/ebook\/\" target=\"_blank\" rel=\"noreferrer noopener\">Turismo \u00cdndigena: Modos de Fazer<\/a><\/em><\/strong>&#8220;. O evento, que tamb\u00e9m celebrou o d\u00e9cimo anivers\u00e1rio da ONG, contou com a presen\u00e7a de ind\u00edgenas da Terra Ind\u00edgena Pia\u00e7aguera, localizada em Peru\u00edbe, no litoral sul do estado. <\/p>\n\n\n\n<p>No evento, Thalita Tomazetti, gestora executiva da Garupa, compartilhou insights sobre como ag\u00eancias e operadoras podem apoiar o <strong>Turismo Respons\u00e1vel<\/strong>, um setor que ganhou maior interesse dos viajantes ap\u00f3s a pandemia. Ela enfatizou a import\u00e2ncia de conhecer essas experi\u00eancias, se conectar com elas e buscar formas de parceria e comercializa\u00e7\u00e3o, como aquelas j\u00e1 dispon\u00edveis no guia. <\/p>\n\n\n\n<p>Claudia Carmello, diretora de comunica\u00e7\u00e3o da Garupa, destacou outra publica\u00e7\u00e3o exclusiva dispon\u00edvel no site da ONG, o &#8220;<strong><em><a href=\"https:\/\/garupa.org.br\/guia-garupa\" target=\"_blank\" rel=\"noreferrer noopener\">Guia do Brasil Aut\u00eantico<\/a><\/em><\/strong>&#8220;, que re\u00fane 40 experi\u00eancias de viagem de norte a sul do pa\u00eds, destinadas \u00e0 comercializa\u00e7\u00e3o por operadoras de viagens, e acrescentou: \u201c<strong><em>Muitos ainda encaram o turismo como s\u00f3 paisagem, mas turismo tamb\u00e9m \u00e9 gente, \u00e9 entender como as pessoas vivem nos destinos e conectar-se com seus modos de vida. Turismo respons\u00e1vel existe, e acontece quando o turista melhora o lugar e a vida das pessoas que ali vivem<\/em><\/strong>\u201d, disse Carmello.<\/p>\n\n\n\n<p>No dia seguinte, 25\/10, a ONG realizou uma transmiss\u00e3o ao vivo em seu canal no <strong><a href=\"https:\/\/www.youtube.com\/@GarupaTurismoSustentavel\" target=\"_blank\" rel=\"noreferrer noopener\">YouTube <\/a><\/strong>para discutir o tema abordado na nova publica\u00e7\u00e3o.<\/p>\n\n\n\n<div class=\"wp-block-image\"><figure class=\"aligncenter size-large is-resized\"><a href=\"https:\/\/garupa.org.br\/ebook\/\" target=\"_blank\" rel=\"noopener\"><img loading=\"lazy\" decoding=\"async\" src=\"https:\/\/www.travel3.com.br\/site\/wp-content\/uploads\/2023\/10\/livro-Garupa_Easy-Resize.com_-578x1024.jpg\" alt=\"Garupa\" class=\"wp-image-64049\" width=\"452\" height=\"801\" srcset=\"https:\/\/www.travel3.com.br\/site\/wp-content\/uploads\/2023\/10\/livro-Garupa_Easy-Resize.com_-578x1024.jpg 578w, https:\/\/www.travel3.com.br\/site\/wp-content\/uploads\/2023\/10\/livro-Garupa_Easy-Resize.com_-169x300.jpg 169w, https:\/\/www.travel3.com.br\/site\/wp-content\/uploads\/2023\/10\/livro-Garupa_Easy-Resize.com_-150x266.jpg 150w, https:\/\/www.travel3.com.br\/site\/wp-content\/uploads\/2023\/10\/livro-Garupa_Easy-Resize.com_.jpg 723w\" sizes=\"auto, (max-width: 452px) 100vw, 452px\" \/><\/a><\/figure><\/div>\n\n\n\n<h3 class=\"wp-block-heading\">Saiba mais sobre o livro &#8220;<em>Turismo \u00cdndigena: Modos de Fazer<\/em>&#8220;<\/h3>\n\n\n\n<p>O livro &#8220;Turismo \u00cdndigena: Modos de Fazer,&#8221; destaca a import\u00e2ncia do turismo respons\u00e1vel, onde a presen\u00e7a de viajantes contribui para a melhoria da vida das pessoas nos destinos visitados. Ele oferece um guia pr\u00e1tico com 139 p\u00e1ginas, otimizado para dispositivos m\u00f3veis, que aborda a estrutura\u00e7\u00e3o de atividades de turismo em Terras Ind\u00edgenas, fornece exemplos, dicas, modelos de planilhas e analisa experi\u00eancias bem-sucedidas no Rio Negro, Amazonas.<\/p>\n\n\n\n<p>O objetivo do livro \u00e9 apoiar comunidades ind\u00edgenas, institui\u00e7\u00f5es parceiras, profissionais do turismo, gestores p\u00fablicos e demais envolvidos no turismo ind\u00edgena, fornecendo informa\u00e7\u00f5es sobre o turismo comunit\u00e1rio, benef\u00edcios, riscos, parcerias, precifica\u00e7\u00e3o e promo\u00e7\u00e3o de roteiros tur\u00edsticos em terras ind\u00edgenas. Uma inova\u00e7\u00e3o importante \u00e9 o guia passo a passo para a estrutura\u00e7\u00e3o do Plano de Visita\u00e7\u00e3o, um requisito da Funai que assegura um turismo harmonioso com os modos de vida e regras territoriais das comunidades ind\u00edgenas.<\/p>\n\n\n\n<p>Para o download do livro, clique <strong><a href=\"https:\/\/garupa.org.br\/ebook\/\" target=\"_blank\" rel=\"noreferrer noopener\">aqui<\/a><\/strong>.<\/p>\n\n\n\n<div class=\"wp-block-image\"><figure class=\"aligncenter size-large is-resized\"><img loading=\"lazy\" decoding=\"async\" src=\"https:\/\/www.travel3.com.br\/site\/wp-content\/uploads\/2023\/10\/Autoras-Garupa_Easy-Resize.com_-1024x682.jpg\" alt=\"Autoras livro Garupa\" class=\"wp-image-64046\" width=\"774\" height=\"515\" srcset=\"https:\/\/www.travel3.com.br\/site\/wp-content\/uploads\/2023\/10\/Autoras-Garupa_Easy-Resize.com_-1024x682.jpg 1024w, https:\/\/www.travel3.com.br\/site\/wp-content\/uploads\/2023\/10\/Autoras-Garupa_Easy-Resize.com_-300x200.jpg 300w, https:\/\/www.travel3.com.br\/site\/wp-content\/uploads\/2023\/10\/Autoras-Garupa_Easy-Resize.com_-768x512.jpg 768w, https:\/\/www.travel3.com.br\/site\/wp-content\/uploads\/2023\/10\/Autoras-Garupa_Easy-Resize.com_-150x100.jpg 150w, https:\/\/www.travel3.com.br\/site\/wp-content\/uploads\/2023\/10\/Autoras-Garupa_Easy-Resize.com_-750x500.jpg 750w, https:\/\/www.travel3.com.br\/site\/wp-content\/uploads\/2023\/10\/Autoras-Garupa_Easy-Resize.com_-1140x760.jpg 1140w, https:\/\/www.travel3.com.br\/site\/wp-content\/uploads\/2023\/10\/Autoras-Garupa_Easy-Resize.com_.jpg 1280w\" sizes=\"auto, (max-width: 774px) 100vw, 774px\" \/><figcaption>Thaissa Sobreiro, Ana Gabriela Fontoura e Camila Barra: as autoras do livro &#8220;Turismo \u00cdndigena: Modos de Fazer&#8221; (Foto: divulga\u00e7\u00e3o)<\/figcaption><\/figure><\/div>\n\n\n\n<h3 class=\"wp-block-heading\">Autoras e colaboradores celebram o turismo respons\u00e1vel<\/h3>\n\n\n\n<p>O  lan\u00e7amento da publica\u00e7\u00e3o contou com a presen\u00e7a das autoras do livro, que s\u00e3o especialistas em suas \u00e1reas de atua\u00e7\u00e3o: <strong>Camila Barra<\/strong>, <strong>Ana Gabriela Fontoura<\/strong> e <strong>Thaissa Sobreiro<\/strong>.<\/p>\n\n\n\n<p><strong>Camila Barra<\/strong> \u00e9 mestre em Antropologia Social pela Unicamp e fundadora da Neg\u00f3cios Comunit\u00e1rios. Ela trabalha na Amaz\u00f4nia desde 2008, colaborando com organiza\u00e7\u00f5es ind\u00edgenas e comunidades locais para promover o di\u00e1logo com gestores p\u00fablicos e o setor privado, visando o desenvolvimento de solu\u00e7\u00f5es sustent\u00e1veis. Camila dedica-se h\u00e1 uma d\u00e9cada \u00e0 cria\u00e7\u00e3o de iniciativas de Turismo Ind\u00edgena e comunit\u00e1rio com modelos de neg\u00f3cios de impacto social em diversos biomas. Ela colaborou com a Garupa de 2019 a 2022 em projetos nos estados do Amazonas, Amap\u00e1, Mato Grosso, Par\u00e1 e S\u00e3o Paulo.<\/p>\n\n\n\n<p><strong>Ana Gabriela Fontoura<\/strong> \u00e9 turism\u00f3loga pela Universidade Federal do Par\u00e1, especialista em Estudos Ambientais pela PUC-Minas e mestranda em Desenvolvimento Local pela Universit\u00e0 degli Studi di Padova, It\u00e1lia. Ela \u00e9 diretora da Esta\u00e7\u00e3o Gabiraba, uma operadora de ecoturismo de base comunit\u00e1ria na Amaz\u00f4nia desde 2007, e possui mais de 15 anos de experi\u00eancia na facilita\u00e7\u00e3o de processos participativos para o Turismo de Base Comunit\u00e1ria (TBC). Ana Gabriela atua na Garupa na estrutura\u00e7\u00e3o de novos projetos de TBC e turismo ind\u00edgena.<\/p>\n\n\n\n<p><strong>Thaissa Sobreiro <\/strong>\u00e9 uma consultora independente com 20 anos de experi\u00eancia em projetos comunit\u00e1rios de gest\u00e3o territorial, pesquisa sobre uso de recursos naturais e territorialidade de popula\u00e7\u00f5es tradicionais, bem como direitos dos povos ind\u00edgenas. Ela atuou como assessora do Instituto Socioambiental (ISA) entre 2016 e 2019, apoiando o Turismo Ind\u00edgena comunit\u00e1rio no M\u00e9dio Rio Negro, Amazonas. Thaissa possui um doutorado em Ecologia Interdisciplinar pela Universidade da Fl\u00f3rida (EUA) e \u00e9 especialista em Manejo Colaborativo de Sistemas Socioecol\u00f3gicos Complexos da Amaz\u00f4nia Brasileira pela Universidade do Estado de Mato Grosso, al\u00e9m de ser mestre em Ecologia de \u00c1gua Doce e Pesca pelo Instituto de Pesquisas da Amaz\u00f4nia.<\/p>\n\n\n\n<p>Tamb\u00e9m estiveram presentes ao evento Rita Lewkowicz, do Iep\u00e9, Marcos Wesley, do ISA, e quatro l\u00edderes ind\u00edgenas que j\u00e1 est\u00e3o envolvidos no turismo em seus territ\u00f3rios: K\u00e1ssia Lod e Edervan Forte, da Associa\u00e7\u00e3o Na Na Kali\u00b4na, na Terra Ind\u00edgena Galibi, Oiapoque (Amap\u00e1), e Jaciel Bar\u00e9 e Andr\u00e9 Bar\u00e9, da ACIR, nas Terras Ind\u00edgenas M\u00e9dio Rio Negro I e II (Amazonas).<\/p>\n\n\n\n<div class=\"wp-block-image\"><figure class=\"aligncenter size-large is-resized\"><img loading=\"lazy\" decoding=\"async\" src=\"https:\/\/www.travel3.com.br\/site\/wp-content\/uploads\/2023\/10\/Garupa_Easy-Resize.com_-1024x682.jpg\" alt=\"Garupa lan\u00e7amento livro\" class=\"wp-image-64053\" width=\"753\" height=\"501\" srcset=\"https:\/\/www.travel3.com.br\/site\/wp-content\/uploads\/2023\/10\/Garupa_Easy-Resize.com_-1024x682.jpg 1024w, https:\/\/www.travel3.com.br\/site\/wp-content\/uploads\/2023\/10\/Garupa_Easy-Resize.com_-300x200.jpg 300w, https:\/\/www.travel3.com.br\/site\/wp-content\/uploads\/2023\/10\/Garupa_Easy-Resize.com_-768x512.jpg 768w, https:\/\/www.travel3.com.br\/site\/wp-content\/uploads\/2023\/10\/Garupa_Easy-Resize.com_-150x100.jpg 150w, https:\/\/www.travel3.com.br\/site\/wp-content\/uploads\/2023\/10\/Garupa_Easy-Resize.com_-750x500.jpg 750w, https:\/\/www.travel3.com.br\/site\/wp-content\/uploads\/2023\/10\/Garupa_Easy-Resize.com_-1140x760.jpg 1140w, https:\/\/www.travel3.com.br\/site\/wp-content\/uploads\/2023\/10\/Garupa_Easy-Resize.com_.jpg 1280w\" sizes=\"auto, (max-width: 753px) 100vw, 753px\" \/><figcaption>L\u00edderes ind\u00edgenas estiveram presentes no evento, em apoio ao lan\u00e7amento do livro (Foto: divulga\u00e7\u00e3o)<\/figcaption><\/figure><\/div>\n\n\n\n<h3 class=\"wp-block-heading\">Sobre a Garupa<\/h3>\n\n\n\n<p>A <strong>Garupa<\/strong> \u00e9 uma associa\u00e7\u00e3o sem fins lucrativos qualificada como organiza\u00e7\u00e3o da sociedade civil de interesse p\u00fablico (Oscip), fundada em 2013. A organiza\u00e7\u00e3o re\u00fane profissionais com forma\u00e7\u00e3o e experi\u00eancia em comunica\u00e7\u00e3o, ecoturismo, desenvolvimento de projetos de governan\u00e7a comunit\u00e1ria e turismo respons\u00e1vel.<\/p>\n\n\n\n<p>A ONG atua em tr\u00eas frentes: divulgando experi\u00eancias sustent\u00e1veis brasileiras para um p\u00fablico amplo por meio do &#8220;<strong><em>Guia Garupa do Brasil Aut\u00eantico<\/em><\/strong>,&#8221; produzindo webs\u00e9ries e participando de eventos; realizando Expedi\u00e7\u00f5es Garupa; e fornecendo consultorias para outras organiza\u00e7\u00f5es ou empresas, com o objetivo de desenvolver roteiros tur\u00edsticos sustent\u00e1veis e eficazes.<\/p>\n\n\n\n<p>A publica\u00e7\u00e3o do livro &#8220;<strong><em>Turismo \u00cdndigena: Modos de Fazer<\/em><\/strong>&#8221; faz parte das comemora\u00e7\u00f5es pelos 10 anos de exist\u00eancia da Garupa e conta com a colabora\u00e7\u00e3o de diversos parceiros, incluindo Foirn (Federa\u00e7\u00e3o das Organiza\u00e7\u00f5es Ind\u00edgenas do Rio Negro), Iep\u00e9 (Instituto de Pesquisa e Forma\u00e7\u00e3o Ind\u00edgena), ISA (Instituto Socioambiental), The Nature Conservancy Brasil, Opan (Opera\u00e7\u00e3o Amaz\u00f4nia Nativa), CPI-SP (Comiss\u00e3o Pr\u00f3-\u00cdndio de S\u00e3o Paulo) e Associa\u00e7\u00e3o Floresta Protegida.<\/p>\n","protected":false},"excerpt":{"rendered":"<p>Livro \u201cTurismo Ind\u00edgena: Modos de Fazer\u201d marca os 10 anos da ONG<\/p>\n","protected":false},"author":5,"featured_media":64055,"comment_status":"open","ping_status":"open","sticky":false,"template":"","format":"standard","meta":{"footnotes":""},"categories":[969],"tags":[4172,4089,5841,5840,4171,3632],"class_list":["post-64045","post","type-post","status-publish","format-standard","has-post-thumbnail","hentry","category-acontece-no-turismo","tag-garupa","tag-grupo-arbo","tag-guia-de-turismo","tag-ong-garupa","tag-turismo-indigena","tag-turismo-responsavel"],"yoast_head":"<!-- This site is optimized with the Yoast SEO plugin v26.2 - https:\/\/yoast.com\/wordpress\/plugins\/seo\/ -->\n<title>Garupa lan\u00e7a guia de turismo respons\u00e1vel em terras ind\u00edgenas - Travel3<\/title>\n<meta name=\"description\" content=\"Garupa lan\u00e7a guia de turismo respons\u00e1vel em terras ind\u00edgenas; Livro \u201cTurismo Ind\u00edgena: Modos de Fazer\u201d marca os 10 anos da ONG\" \/>\n<meta name=\"robots\" content=\"index, follow, max-snippet:-1, max-image-preview:large, max-video-preview:-1\" \/>\n<link rel=\"canonical\" href=\"https:\/\/www.travel3.com.br\/site\/acontece-no-turismo\/garupa-lanca-guia-de-turismo-responsavel-em-terras-indigenas\/\" \/>\n<meta property=\"og:locale\" content=\"pt_BR\" \/>\n<meta property=\"og:type\" content=\"article\" \/>\n<meta property=\"og:title\" content=\"Garupa lan\u00e7a guia de turismo respons\u00e1vel em terras ind\u00edgenas - Travel3\" \/>\n<meta property=\"og:description\" content=\"Garupa lan\u00e7a guia de turismo respons\u00e1vel em terras ind\u00edgenas; Livro \u201cTurismo Ind\u00edgena: Modos de Fazer\u201d marca os 10 anos da ONG\" \/>\n<meta property=\"og:url\" content=\"https:\/\/www.travel3.com.br\/site\/acontece-no-turismo\/garupa-lanca-guia-de-turismo-responsavel-em-terras-indigenas\/\" \/>\n<meta property=\"og:site_name\" content=\"Travel3\" \/>\n<meta property=\"article:publisher\" content=\"https:\/\/www.facebook.com\/travel3media\/\" \/>\n<meta property=\"article:published_time\" content=\"2023-10-30T11:00:00+00:00\" \/>\n<meta property=\"og:image\" content=\"https:\/\/www.travel3.com.br\/site\/wp-content\/uploads\/2023\/10\/Garupa-evento_Easy-Resize.com_.jpg\" \/>\n\t<meta property=\"og:image:width\" content=\"1280\" \/>\n\t<meta property=\"og:image:height\" content=\"853\" \/>\n\t<meta property=\"og:image:type\" content=\"image\/jpeg\" \/>\n<meta name=\"author\" content=\"Reda\u00e7\u00e3o Travel3\" \/>\n<meta name=\"twitter:card\" content=\"summary_large_image\" \/>\n<meta name=\"twitter:label1\" content=\"Escrito por\" \/>\n\t<meta name=\"twitter:data1\" content=\"Reda\u00e7\u00e3o Travel3\" \/>\n\t<meta name=\"twitter:label2\" content=\"Est. tempo de leitura\" \/>\n\t<meta name=\"twitter:data2\" content=\"6 minutos\" \/>\n<script type=\"application\/ld+json\" class=\"yoast-schema-graph\">{\"@context\":\"https:\/\/schema.org\",\"@graph\":[{\"@type\":\"Article\",\"@id\":\"https:\/\/www.travel3.com.br\/site\/acontece-no-turismo\/garupa-lanca-guia-de-turismo-responsavel-em-terras-indigenas\/#article\",\"isPartOf\":{\"@id\":\"https:\/\/www.travel3.com.br\/site\/acontece-no-turismo\/garupa-lanca-guia-de-turismo-responsavel-em-terras-indigenas\/\"},\"author\":{\"name\":\"Reda\u00e7\u00e3o Travel3\",\"@id\":\"https:\/\/www.travel3.com.br\/site\/#\/schema\/person\/89251b0320bc67697de92249f97f3fdb\"},\"headline\":\"Garupa lan\u00e7a guia de turismo respons\u00e1vel em terras ind\u00edgenas\",\"datePublished\":\"2023-10-30T11:00:00+00:00\",\"mainEntityOfPage\":{\"@id\":\"https:\/\/www.travel3.com.br\/site\/acontece-no-turismo\/garupa-lanca-guia-de-turismo-responsavel-em-terras-indigenas\/\"},\"wordCount\":1094,\"commentCount\":0,\"publisher\":{\"@id\":\"https:\/\/www.travel3.com.br\/site\/#organization\"},\"image\":{\"@id\":\"https:\/\/www.travel3.com.br\/site\/acontece-no-turismo\/garupa-lanca-guia-de-turismo-responsavel-em-terras-indigenas\/#primaryimage\"},\"thumbnailUrl\":\"https:\/\/www.travel3.com.br\/site\/wp-content\/uploads\/2023\/10\/Garupa-evento_Easy-Resize.com_.jpg\",\"keywords\":[\"Garupa\",\"Grupo Arbo\",\"guia de turismo\",\"ong garupa\",\"Turismo Ind\u00edgena\",\"Turismo Respons\u00e1vel\"],\"articleSection\":[\"Acontece no Turismo\"],\"inLanguage\":\"pt-BR\",\"potentialAction\":[{\"@type\":\"CommentAction\",\"name\":\"Comment\",\"target\":[\"https:\/\/www.travel3.com.br\/site\/acontece-no-turismo\/garupa-lanca-guia-de-turismo-responsavel-em-terras-indigenas\/#respond\"]}]},{\"@type\":\"WebPage\",\"@id\":\"https:\/\/www.travel3.com.br\/site\/acontece-no-turismo\/garupa-lanca-guia-de-turismo-responsavel-em-terras-indigenas\/\",\"url\":\"https:\/\/www.travel3.com.br\/site\/acontece-no-turismo\/garupa-lanca-guia-de-turismo-responsavel-em-terras-indigenas\/\",\"name\":\"Garupa lan\u00e7a guia de turismo respons\u00e1vel em terras ind\u00edgenas - Travel3\",\"isPartOf\":{\"@id\":\"https:\/\/www.travel3.com.br\/site\/#website\"},\"primaryImageOfPage\":{\"@id\":\"https:\/\/www.travel3.com.br\/site\/acontece-no-turismo\/garupa-lanca-guia-de-turismo-responsavel-em-terras-indigenas\/#primaryimage\"},\"image\":{\"@id\":\"https:\/\/www.travel3.com.br\/site\/acontece-no-turismo\/garupa-lanca-guia-de-turismo-responsavel-em-terras-indigenas\/#primaryimage\"},\"thumbnailUrl\":\"https:\/\/www.travel3.com.br\/site\/wp-content\/uploads\/2023\/10\/Garupa-evento_Easy-Resize.com_.jpg\",\"datePublished\":\"2023-10-30T11:00:00+00:00\",\"description\":\"Garupa lan\u00e7a guia de turismo respons\u00e1vel em terras ind\u00edgenas; Livro \u201cTurismo Ind\u00edgena: Modos de Fazer\u201d marca os 10 anos da ONG\",\"breadcrumb\":{\"@id\":\"https:\/\/www.travel3.com.br\/site\/acontece-no-turismo\/garupa-lanca-guia-de-turismo-responsavel-em-terras-indigenas\/#breadcrumb\"},\"inLanguage\":\"pt-BR\",\"potentialAction\":[{\"@type\":\"ReadAction\",\"target\":[\"https:\/\/www.travel3.com.br\/site\/acontece-no-turismo\/garupa-lanca-guia-de-turismo-responsavel-em-terras-indigenas\/\"]}]},{\"@type\":\"ImageObject\",\"inLanguage\":\"pt-BR\",\"@id\":\"https:\/\/www.travel3.com.br\/site\/acontece-no-turismo\/garupa-lanca-guia-de-turismo-responsavel-em-terras-indigenas\/#primaryimage\",\"url\":\"https:\/\/www.travel3.com.br\/site\/wp-content\/uploads\/2023\/10\/Garupa-evento_Easy-Resize.com_.jpg\",\"contentUrl\":\"https:\/\/www.travel3.com.br\/site\/wp-content\/uploads\/2023\/10\/Garupa-evento_Easy-Resize.com_.jpg\",\"width\":1280,\"height\":853,\"caption\":\"Arnaldo Franken, CEO do Grupo Arbo, mantenedor da ONG Garupa, com integrantes da Garupa e ind\u00edgenas presentes ao lan\u00e7amento do livro (Foto:divulga\u00e7\u00e3o)\"},{\"@type\":\"BreadcrumbList\",\"@id\":\"https:\/\/www.travel3.com.br\/site\/acontece-no-turismo\/garupa-lanca-guia-de-turismo-responsavel-em-terras-indigenas\/#breadcrumb\",\"itemListElement\":[{\"@type\":\"ListItem\",\"position\":1,\"name\":\"In\u00edcio\",\"item\":\"https:\/\/www.travel3.com.br\/site\/\"},{\"@type\":\"ListItem\",\"position\":2,\"name\":\"Garupa lan\u00e7a guia de turismo respons\u00e1vel em terras ind\u00edgenas\"}]},{\"@type\":\"WebSite\",\"@id\":\"https:\/\/www.travel3.com.br\/site\/#website\",\"url\":\"https:\/\/www.travel3.com.br\/site\/\",\"name\":\"Travel3\",\"description\":\"Lazer + Neg&oacute;cios + Aventura\",\"publisher\":{\"@id\":\"https:\/\/www.travel3.com.br\/site\/#organization\"},\"potentialAction\":[{\"@type\":\"SearchAction\",\"target\":{\"@type\":\"EntryPoint\",\"urlTemplate\":\"https:\/\/www.travel3.com.br\/site\/?s={search_term_string}\"},\"query-input\":{\"@type\":\"PropertyValueSpecification\",\"valueRequired\":true,\"valueName\":\"search_term_string\"}}],\"inLanguage\":\"pt-BR\"},{\"@type\":\"Organization\",\"@id\":\"https:\/\/www.travel3.com.br\/site\/#organization\",\"name\":\"Travel3\",\"url\":\"https:\/\/www.travel3.com.br\/site\/\",\"logo\":{\"@type\":\"ImageObject\",\"inLanguage\":\"pt-BR\",\"@id\":\"https:\/\/www.travel3.com.br\/site\/#\/schema\/logo\/image\/\",\"url\":\"https:\/\/www.travel3.com.br\/site\/wp-content\/uploads\/2020\/01\/logo-travel3-2020.png\",\"contentUrl\":\"https:\/\/www.travel3.com.br\/site\/wp-content\/uploads\/2020\/01\/logo-travel3-2020.png\",\"width\":232,\"height\":79,\"caption\":\"Travel3\"},\"image\":{\"@id\":\"https:\/\/www.travel3.com.br\/site\/#\/schema\/logo\/image\/\"},\"sameAs\":[\"https:\/\/www.facebook.com\/travel3media\/\",\"https:\/\/www.instagram.com\/revistatravel3\/\",\"https:\/\/www.youtube.com\/channel\/UCno7J4paGBR3VbZQzvoJ9Eg\"]},{\"@type\":\"Person\",\"@id\":\"https:\/\/www.travel3.com.br\/site\/#\/schema\/person\/89251b0320bc67697de92249f97f3fdb\",\"name\":\"Reda\u00e7\u00e3o Travel3\",\"image\":{\"@type\":\"ImageObject\",\"inLanguage\":\"pt-BR\",\"@id\":\"https:\/\/www.travel3.com.br\/site\/#\/schema\/person\/image\/\",\"url\":\"https:\/\/secure.gravatar.com\/avatar\/85a5ec2ad99b1932f671ebf50c117db6?s=96&d=mm&r=g\",\"contentUrl\":\"https:\/\/secure.gravatar.com\/avatar\/85a5ec2ad99b1932f671ebf50c117db6?s=96&d=mm&r=g\",\"caption\":\"Reda\u00e7\u00e3o Travel3\"},\"sameAs\":[\"http:\/\/www.travel3.com.br\/\"],\"url\":\"https:\/\/www.travel3.com.br\/site\/author\/redacao\/\"}]}<\/script>\n<!-- \/ Yoast SEO plugin. -->","yoast_head_json":{"title":"Garupa lan\u00e7a guia de turismo respons\u00e1vel em terras ind\u00edgenas - Travel3","description":"Garupa lan\u00e7a guia de turismo respons\u00e1vel em terras ind\u00edgenas; Livro \u201cTurismo Ind\u00edgena: Modos de Fazer\u201d marca os 10 anos da ONG","robots":{"index":"index","follow":"follow","max-snippet":"max-snippet:-1","max-image-preview":"max-image-preview:large","max-video-preview":"max-video-preview:-1"},"canonical":"https:\/\/www.travel3.com.br\/site\/acontece-no-turismo\/garupa-lanca-guia-de-turismo-responsavel-em-terras-indigenas\/","og_locale":"pt_BR","og_type":"article","og_title":"Garupa lan\u00e7a guia de turismo respons\u00e1vel em terras ind\u00edgenas - Travel3","og_description":"Garupa lan\u00e7a guia de turismo respons\u00e1vel em terras ind\u00edgenas; Livro \u201cTurismo Ind\u00edgena: Modos de Fazer\u201d marca os 10 anos da ONG","og_url":"https:\/\/www.travel3.com.br\/site\/acontece-no-turismo\/garupa-lanca-guia-de-turismo-responsavel-em-terras-indigenas\/","og_site_name":"Travel3","article_publisher":"https:\/\/www.facebook.com\/travel3media\/","article_published_time":"2023-10-30T11:00:00+00:00","og_image":[{"width":1280,"height":853,"url":"https:\/\/www.travel3.com.br\/site\/wp-content\/uploads\/2023\/10\/Garupa-evento_Easy-Resize.com_.jpg","type":"image\/jpeg"}],"author":"Reda\u00e7\u00e3o Travel3","twitter_card":"summary_large_image","twitter_misc":{"Escrito por":"Reda\u00e7\u00e3o Travel3","Est. tempo de leitura":"6 minutos"},"schema":{"@context":"https:\/\/schema.org","@graph":[{"@type":"Article","@id":"https:\/\/www.travel3.com.br\/site\/acontece-no-turismo\/garupa-lanca-guia-de-turismo-responsavel-em-terras-indigenas\/#article","isPartOf":{"@id":"https:\/\/www.travel3.com.br\/site\/acontece-no-turismo\/garupa-lanca-guia-de-turismo-responsavel-em-terras-indigenas\/"},"author":{"name":"Reda\u00e7\u00e3o Travel3","@id":"https:\/\/www.travel3.com.br\/site\/#\/schema\/person\/89251b0320bc67697de92249f97f3fdb"},"headline":"Garupa lan\u00e7a guia de turismo respons\u00e1vel em terras ind\u00edgenas","datePublished":"2023-10-30T11:00:00+00:00","mainEntityOfPage":{"@id":"https:\/\/www.travel3.com.br\/site\/acontece-no-turismo\/garupa-lanca-guia-de-turismo-responsavel-em-terras-indigenas\/"},"wordCount":1094,"commentCount":0,"publisher":{"@id":"https:\/\/www.travel3.com.br\/site\/#organization"},"image":{"@id":"https:\/\/www.travel3.com.br\/site\/acontece-no-turismo\/garupa-lanca-guia-de-turismo-responsavel-em-terras-indigenas\/#primaryimage"},"thumbnailUrl":"https:\/\/www.travel3.com.br\/site\/wp-content\/uploads\/2023\/10\/Garupa-evento_Easy-Resize.com_.jpg","keywords":["Garupa","Grupo Arbo","guia de turismo","ong garupa","Turismo Ind\u00edgena","Turismo Respons\u00e1vel"],"articleSection":["Acontece no Turismo"],"inLanguage":"pt-BR","potentialAction":[{"@type":"CommentAction","name":"Comment","target":["https:\/\/www.travel3.com.br\/site\/acontece-no-turismo\/garupa-lanca-guia-de-turismo-responsavel-em-terras-indigenas\/#respond"]}]},{"@type":"WebPage","@id":"https:\/\/www.travel3.com.br\/site\/acontece-no-turismo\/garupa-lanca-guia-de-turismo-responsavel-em-terras-indigenas\/","url":"https:\/\/www.travel3.com.br\/site\/acontece-no-turismo\/garupa-lanca-guia-de-turismo-responsavel-em-terras-indigenas\/","name":"Garupa lan\u00e7a guia de turismo respons\u00e1vel em terras ind\u00edgenas - Travel3","isPartOf":{"@id":"https:\/\/www.travel3.com.br\/site\/#website"},"primaryImageOfPage":{"@id":"https:\/\/www.travel3.com.br\/site\/acontece-no-turismo\/garupa-lanca-guia-de-turismo-responsavel-em-terras-indigenas\/#primaryimage"},"image":{"@id":"https:\/\/www.travel3.com.br\/site\/acontece-no-turismo\/garupa-lanca-guia-de-turismo-responsavel-em-terras-indigenas\/#primaryimage"},"thumbnailUrl":"https:\/\/www.travel3.com.br\/site\/wp-content\/uploads\/2023\/10\/Garupa-evento_Easy-Resize.com_.jpg","datePublished":"2023-10-30T11:00:00+00:00","description":"Garupa lan\u00e7a guia de turismo respons\u00e1vel em terras ind\u00edgenas; Livro \u201cTurismo Ind\u00edgena: Modos de Fazer\u201d marca os 10 anos da ONG","breadcrumb":{"@id":"https:\/\/www.travel3.com.br\/site\/acontece-no-turismo\/garupa-lanca-guia-de-turismo-responsavel-em-terras-indigenas\/#breadcrumb"},"inLanguage":"pt-BR","potentialAction":[{"@type":"ReadAction","target":["https:\/\/www.travel3.com.br\/site\/acontece-no-turismo\/garupa-lanca-guia-de-turismo-responsavel-em-terras-indigenas\/"]}]},{"@type":"ImageObject","inLanguage":"pt-BR","@id":"https:\/\/www.travel3.com.br\/site\/acontece-no-turismo\/garupa-lanca-guia-de-turismo-responsavel-em-terras-indigenas\/#primaryimage","url":"https:\/\/www.travel3.com.br\/site\/wp-content\/uploads\/2023\/10\/Garupa-evento_Easy-Resize.com_.jpg","contentUrl":"https:\/\/www.travel3.com.br\/site\/wp-content\/uploads\/2023\/10\/Garupa-evento_Easy-Resize.com_.jpg","width":1280,"height":853,"caption":"Arnaldo Franken, CEO do Grupo Arbo, mantenedor da ONG Garupa, com integrantes da Garupa e ind\u00edgenas presentes ao lan\u00e7amento do livro (Foto:divulga\u00e7\u00e3o)"},{"@type":"BreadcrumbList","@id":"https:\/\/www.travel3.com.br\/site\/acontece-no-turismo\/garupa-lanca-guia-de-turismo-responsavel-em-terras-indigenas\/#breadcrumb","itemListElement":[{"@type":"ListItem","position":1,"name":"In\u00edcio","item":"https:\/\/www.travel3.com.br\/site\/"},{"@type":"ListItem","position":2,"name":"Garupa lan\u00e7a guia de turismo respons\u00e1vel em terras ind\u00edgenas"}]},{"@type":"WebSite","@id":"https:\/\/www.travel3.com.br\/site\/#website","url":"https:\/\/www.travel3.com.br\/site\/","name":"Travel3","description":"Lazer + Neg&oacute;cios + Aventura","publisher":{"@id":"https:\/\/www.travel3.com.br\/site\/#organization"},"potentialAction":[{"@type":"SearchAction","target":{"@type":"EntryPoint","urlTemplate":"https:\/\/www.travel3.com.br\/site\/?s={search_term_string}"},"query-input":{"@type":"PropertyValueSpecification","valueRequired":true,"valueName":"search_term_string"}}],"inLanguage":"pt-BR"},{"@type":"Organization","@id":"https:\/\/www.travel3.com.br\/site\/#organization","name":"Travel3","url":"https:\/\/www.travel3.com.br\/site\/","logo":{"@type":"ImageObject","inLanguage":"pt-BR","@id":"https:\/\/www.travel3.com.br\/site\/#\/schema\/logo\/image\/","url":"https:\/\/www.travel3.com.br\/site\/wp-content\/uploads\/2020\/01\/logo-travel3-2020.png","contentUrl":"https:\/\/www.travel3.com.br\/site\/wp-content\/uploads\/2020\/01\/logo-travel3-2020.png","width":232,"height":79,"caption":"Travel3"},"image":{"@id":"https:\/\/www.travel3.com.br\/site\/#\/schema\/logo\/image\/"},"sameAs":["https:\/\/www.facebook.com\/travel3media\/","https:\/\/www.instagram.com\/revistatravel3\/","https:\/\/www.youtube.com\/channel\/UCno7J4paGBR3VbZQzvoJ9Eg"]},{"@type":"Person","@id":"https:\/\/www.travel3.com.br\/site\/#\/schema\/person\/89251b0320bc67697de92249f97f3fdb","name":"Reda\u00e7\u00e3o Travel3","image":{"@type":"ImageObject","inLanguage":"pt-BR","@id":"https:\/\/www.travel3.com.br\/site\/#\/schema\/person\/image\/","url":"https:\/\/secure.gravatar.com\/avatar\/85a5ec2ad99b1932f671ebf50c117db6?s=96&d=mm&r=g","contentUrl":"https:\/\/secure.gravatar.com\/avatar\/85a5ec2ad99b1932f671ebf50c117db6?s=96&d=mm&r=g","caption":"Reda\u00e7\u00e3o Travel3"},"sameAs":["http:\/\/www.travel3.com.br\/"],"url":"https:\/\/www.travel3.com.br\/site\/author\/redacao\/"}]}},"_links":{"self":[{"href":"https:\/\/www.travel3.com.br\/site\/wp-json\/wp\/v2\/posts\/64045","targetHints":{"allow":["GET"]}}],"collection":[{"href":"https:\/\/www.travel3.com.br\/site\/wp-json\/wp\/v2\/posts"}],"about":[{"href":"https:\/\/www.travel3.com.br\/site\/wp-json\/wp\/v2\/types\/post"}],"author":[{"embeddable":true,"href":"https:\/\/www.travel3.com.br\/site\/wp-json\/wp\/v2\/users\/5"}],"replies":[{"embeddable":true,"href":"https:\/\/www.travel3.com.br\/site\/wp-json\/wp\/v2\/comments?post=64045"}],"version-history":[{"count":12,"href":"https:\/\/www.travel3.com.br\/site\/wp-json\/wp\/v2\/posts\/64045\/revisions"}],"predecessor-version":[{"id":64069,"href":"https:\/\/www.travel3.com.br\/site\/wp-json\/wp\/v2\/posts\/64045\/revisions\/64069"}],"wp:featuredmedia":[{"embeddable":true,"href":"https:\/\/www.travel3.com.br\/site\/wp-json\/wp\/v2\/media\/64055"}],"wp:attachment":[{"href":"https:\/\/www.travel3.com.br\/site\/wp-json\/wp\/v2\/media?parent=64045"}],"wp:term":[{"taxonomy":"category","embeddable":true,"href":"https:\/\/www.travel3.com.br\/site\/wp-json\/wp\/v2\/categories?post=64045"},{"taxonomy":"post_tag","embeddable":true,"href":"https:\/\/www.travel3.com.br\/site\/wp-json\/wp\/v2\/tags?post=64045"}],"curies":[{"name":"wp","href":"https:\/\/api.w.org\/{rel}","templated":true}]}}