{"id":62775,"date":"2023-09-08T09:15:22","date_gmt":"2023-09-08T12:15:22","guid":{"rendered":"https:\/\/www.travel3.com.br\/?p=62775"},"modified":"2023-09-08T09:16:38","modified_gmt":"2023-09-08T12:16:38","slug":"incomum-viagens-chega-ao-mercado-do-centro-oeste","status":"publish","type":"post","link":"https:\/\/www.travel3.com.br\/site\/acontece-no-turismo\/incomum-viagens-chega-ao-mercado-do-centro-oeste\/","title":{"rendered":"Incomum Viagens chega ao mercado do Centro-Oeste"},"content":{"rendered":"\n<h2 class=\"wp-block-heading\">Operadora leva 18 agentes de viagens de Goi\u00e1s e Distrito Federal para Natal<\/h2>\n\n\n\n<p>A operadora <strong><a href=\"https:\/\/www.incomumviagens.com.br\/\" target=\"_blank\" rel=\"noreferrer noopener\">Incomum Viagens <\/a><\/strong>fez sua estreia no <strong><a href=\"https:\/\/www.travel3.com.br\/acontece-no-turismo\/incomum-viagens-expande-sua-atuacao-no-brasil\/\" target=\"_blank\" rel=\"noreferrer noopener\">mercado do Centro-Oeste<\/a><\/strong> ao organizar uma viagem para Natal, no Rio Grande do Norte, com a participa\u00e7\u00e3o de 18 agentes de viagens provenientes de Goi\u00e1s e do Distrito Federal.<\/p>\n\n\n\n<p>O evento, denominado ProCap, ocorreu entre os dias 26 e 30 de agosto e teve como local de hospedagem o <strong><a href=\"https:\/\/esmeraldapraiahotel.com.br\/\" target=\"_blank\" rel=\"noreferrer noopener\">Esmeralda Praia Hotel<\/a><\/strong>, situado na Praia de Ponta Negra, com vista panor\u00e2mica para o Morro do Careca. A chegada do grupo foi marcada por um jantar de boas-vindas oferecido pelo pr\u00f3prio hotel, que disponibilizou diversas op\u00e7\u00f5es de drinks e um buffet com pratos t\u00edpicos da regi\u00e3o.<\/p>\n\n\n\n<div class=\"wp-block-image\"><figure class=\"aligncenter size-large\"><img loading=\"lazy\" decoding=\"async\" width=\"1024\" height=\"768\" src=\"https:\/\/www.travel3.com.br\/site\/wp-content\/uploads\/2023\/09\/Incomum255e08a0-ae3c-4e2b-840e-4ef47eeb4179-1024x768.jpg\" alt=\"Incomum Viagens - Fam Natal\" class=\"wp-image-62778\" srcset=\"https:\/\/www.travel3.com.br\/site\/wp-content\/uploads\/2023\/09\/Incomum255e08a0-ae3c-4e2b-840e-4ef47eeb4179-1024x768.jpg 1024w, https:\/\/www.travel3.com.br\/site\/wp-content\/uploads\/2023\/09\/Incomum255e08a0-ae3c-4e2b-840e-4ef47eeb4179-300x225.jpg 300w, https:\/\/www.travel3.com.br\/site\/wp-content\/uploads\/2023\/09\/Incomum255e08a0-ae3c-4e2b-840e-4ef47eeb4179-768x576.jpg 768w, https:\/\/www.travel3.com.br\/site\/wp-content\/uploads\/2023\/09\/Incomum255e08a0-ae3c-4e2b-840e-4ef47eeb4179-150x113.jpg 150w, https:\/\/www.travel3.com.br\/site\/wp-content\/uploads\/2023\/09\/Incomum255e08a0-ae3c-4e2b-840e-4ef47eeb4179-750x563.jpg 750w, https:\/\/www.travel3.com.br\/site\/wp-content\/uploads\/2023\/09\/Incomum255e08a0-ae3c-4e2b-840e-4ef47eeb4179-1140x855.jpg 1140w, https:\/\/www.travel3.com.br\/site\/wp-content\/uploads\/2023\/09\/Incomum255e08a0-ae3c-4e2b-840e-4ef47eeb4179.jpg 1280w\" sizes=\"auto, (max-width: 1024px) 100vw, 1024px\" \/><\/figure><\/div>\n\n\n\n<p>No domingo, dia 27, o grupo participou de uma capacita\u00e7\u00e3o ministrada pelo gerente de contas do hotel, Carlos Garbato. Ap\u00f3s o treinamento, os 18 agentes de viagens desfrutaram de um dia de lazer no hotel, aproveitando o regime all-inclusive e vivenciando a experi\u00eancia proporcionada aos h\u00f3spedes regulares, bem como aos futuros clientes.<\/p>\n\n\n\n<p>Na segunda-feira, dia 28, a empresa <strong><a href=\"https:\/\/anauereceptivo.com.br\/\" target=\"_blank\" rel=\"noreferrer noopener\">Anau\u00ea Receptivo<\/a><\/strong>, com mais de 10 anos de experi\u00eancia no mercado, organizou um emocionante passeio pelo City Tour Panor\u00e2mico com visita \u00e0 Praia de Jenipabu. Durante o passeio, o grupo vindo do Centro-Oeste teve a oportunidade de imergir na cultura local, e posteriormente, desfrutou de um emocionante passeio de buggy pelas dunas. O grupo tamb\u00e9m teve a chance de conhecer a barraca de praia Miramar, que ofereceu um almo\u00e7o \u00e0 la carte com pratos t\u00edpicos. No retorno ao hotel, houve uma parada no Centro de Artesanato local.<\/p>\n\n\n\n<div class=\"wp-block-image\"><figure class=\"aligncenter size-large is-resized\"><img loading=\"lazy\" decoding=\"async\" src=\"https:\/\/www.travel3.com.br\/site\/wp-content\/uploads\/2023\/09\/Incomumf7c290ff-327d-43c0-af50-4e86569a7734-768x1024.jpg\" alt=\"Incomum Viagens -Base Centro-Oeste Fam Natal\" class=\"wp-image-62779\" width=\"646\" height=\"861\" srcset=\"https:\/\/www.travel3.com.br\/site\/wp-content\/uploads\/2023\/09\/Incomumf7c290ff-327d-43c0-af50-4e86569a7734-768x1024.jpg 768w, https:\/\/www.travel3.com.br\/site\/wp-content\/uploads\/2023\/09\/Incomumf7c290ff-327d-43c0-af50-4e86569a7734-225x300.jpg 225w, https:\/\/www.travel3.com.br\/site\/wp-content\/uploads\/2023\/09\/Incomumf7c290ff-327d-43c0-af50-4e86569a7734-640x853.jpg 640w, https:\/\/www.travel3.com.br\/site\/wp-content\/uploads\/2023\/09\/Incomumf7c290ff-327d-43c0-af50-4e86569a7734-150x200.jpg 150w, https:\/\/www.travel3.com.br\/site\/wp-content\/uploads\/2023\/09\/Incomumf7c290ff-327d-43c0-af50-4e86569a7734-750x1000.jpg 750w, https:\/\/www.travel3.com.br\/site\/wp-content\/uploads\/2023\/09\/Incomumf7c290ff-327d-43c0-af50-4e86569a7734.jpg 960w\" sizes=\"auto, (max-width: 646px) 100vw, 646px\" \/><\/figure><\/div>\n\n\n\n<p>No hotel, o grupo desfrutou do famoso happy hour com diversas op\u00e7\u00f5es de petiscos, seguido pelo buffet de jantar com bebidas inclusas para encerrar o dia.<\/p>\n\n\n\n<p>Na ter\u00e7a-feira, dia 29, o grupo partiu cedo para o Passeio de Maracaja\u00fa, um tesouro natural localizado a apenas 55 km de Natal. Os agentes de viagens tiveram a oportunidade de fazer um mergulho nos Parrachos, utilizando um catamar\u00e3 que os levou a 7 km da costa, onde puderam explorar piscinas naturais com uma incr\u00edvel variedade de vida marinha. Ap\u00f3s o mergulho, o grupo fez um passeio de quadriciclo pelas dunas e uma parada para banho no Rio Peracabu, que des\u00e1gua no mar. O ponto de apoio Parrachos Praia Clube ofereceu um almo\u00e7o \u00e0 la carte com pratos de camar\u00e3o e peixe.<\/p>\n\n\n\n<div class=\"wp-block-image\"><figure class=\"aligncenter size-large is-resized\"><img loading=\"lazy\" decoding=\"async\" src=\"https:\/\/www.travel3.com.br\/site\/wp-content\/uploads\/2023\/09\/Incomum7cbe9854-5d5d-4250-8584-62345ced6fdc-768x1024.jpg\" alt=\"Incomum Viagens - Fam Natal\" class=\"wp-image-62780\" width=\"644\" height=\"858\" srcset=\"https:\/\/www.travel3.com.br\/site\/wp-content\/uploads\/2023\/09\/Incomum7cbe9854-5d5d-4250-8584-62345ced6fdc-768x1024.jpg 768w, https:\/\/www.travel3.com.br\/site\/wp-content\/uploads\/2023\/09\/Incomum7cbe9854-5d5d-4250-8584-62345ced6fdc-225x300.jpg 225w, https:\/\/www.travel3.com.br\/site\/wp-content\/uploads\/2023\/09\/Incomum7cbe9854-5d5d-4250-8584-62345ced6fdc-1152x1536.jpg 1152w, https:\/\/www.travel3.com.br\/site\/wp-content\/uploads\/2023\/09\/Incomum7cbe9854-5d5d-4250-8584-62345ced6fdc-640x853.jpg 640w, https:\/\/www.travel3.com.br\/site\/wp-content\/uploads\/2023\/09\/Incomum7cbe9854-5d5d-4250-8584-62345ced6fdc-150x200.jpg 150w, https:\/\/www.travel3.com.br\/site\/wp-content\/uploads\/2023\/09\/Incomum7cbe9854-5d5d-4250-8584-62345ced6fdc-750x1000.jpg 750w, https:\/\/www.travel3.com.br\/site\/wp-content\/uploads\/2023\/09\/Incomum7cbe9854-5d5d-4250-8584-62345ced6fdc-1140x1520.jpg 1140w, https:\/\/www.travel3.com.br\/site\/wp-content\/uploads\/2023\/09\/Incomum7cbe9854-5d5d-4250-8584-62345ced6fdc.jpg 1200w\" sizes=\"auto, (max-width: 644px) 100vw, 644px\" \/><\/figure><\/div>\n\n\n\n<p>\u00c0 noite, houve um jantar de despedida no Esmeralda Praia Hotel, onde toda a equipe de reservas e equipe comercial esteve presente.<\/p>\n\n\n\n<p>Lucas Barbosa, gerente de contas do Centro-Oeste que acompanhou o grupo, destacou a import\u00e2ncia do evento. Segundo ele, \u201c<strong><em>o ProCap foi muito importante para os agentes de viagens conhecerem melhor a Incomum e viverem a experi\u00eancia no destino Natal e no Esmeralda Praia Hotel.<\/em><\/strong>&#8220;<\/p>\n\n\n\n<div class=\"wp-block-image\"><figure class=\"aligncenter size-full is-resized\"><img loading=\"lazy\" decoding=\"async\" src=\"https:\/\/www.travel3.com.br\/site\/wp-content\/uploads\/2023\/09\/Incomumthumbnail_fed0ffd4-87ce-4f1e-b0ce-f71860ef999d.jpg\" alt=\"Incomum Viagens - Fam Natal\" class=\"wp-image-62783\" width=\"725\" height=\"543\" srcset=\"https:\/\/www.travel3.com.br\/site\/wp-content\/uploads\/2023\/09\/Incomumthumbnail_fed0ffd4-87ce-4f1e-b0ce-f71860ef999d.jpg 1024w, https:\/\/www.travel3.com.br\/site\/wp-content\/uploads\/2023\/09\/Incomumthumbnail_fed0ffd4-87ce-4f1e-b0ce-f71860ef999d-300x225.jpg 300w, https:\/\/www.travel3.com.br\/site\/wp-content\/uploads\/2023\/09\/Incomumthumbnail_fed0ffd4-87ce-4f1e-b0ce-f71860ef999d-768x576.jpg 768w, https:\/\/www.travel3.com.br\/site\/wp-content\/uploads\/2023\/09\/Incomumthumbnail_fed0ffd4-87ce-4f1e-b0ce-f71860ef999d-150x113.jpg 150w, https:\/\/www.travel3.com.br\/site\/wp-content\/uploads\/2023\/09\/Incomumthumbnail_fed0ffd4-87ce-4f1e-b0ce-f71860ef999d-750x563.jpg 750w\" sizes=\"auto, (max-width: 725px) 100vw, 725px\" \/><figcaption>Foto: divulga\u00e7\u00e3o<\/figcaption><\/figure><\/div>\n\n\n\n<p>Carolina Alcantara, da ag\u00eancia Refina Travel, elogiou a experi\u00eancia no Esmeralda e a parceria entre a Incomum e o hotel, afirmando que &#8220;<strong><em>o Procap foi rico em informa\u00e7\u00f5es e o carinho do hotel conosco nem se fala, tenho certeza que consigo transmitir esta qualidade aos meus clientes e acredito que faremos \u00f3timos neg\u00f3cios. A parceria entre a Incomum e o Esmeralda s\u00f3 nos fortalece<\/em><\/strong>&#8220;.<\/p>\n","protected":false},"excerpt":{"rendered":"<p>Operadora leva 18 agentes de viagens de Goi\u00e1s e Distrito Federal para Natal <\/p>\n","protected":false},"author":6,"featured_media":62776,"comment_status":"open","ping_status":"open","sticky":false,"template":"","format":"standard","meta":{"footnotes":""},"categories":[969,4],"tags":[5772,4849,188,389,5025],"class_list":["post-62775","post","type-post","status-publish","format-standard","has-post-thumbnail","hentry","category-acontece-no-turismo","category-operadoras","tag-esmeralda-praia-hotel","tag-incomum-operadora","tag-incomum-viagens","tag-natal","tag-natal-rn"],"yoast_head":"<!-- This site is optimized with the Yoast SEO plugin v26.2 - https:\/\/yoast.com\/wordpress\/plugins\/seo\/ -->\n<title>Incomum Viagens chega ao mercado do Centro-Oeste - Travel3<\/title>\n<meta name=\"description\" content=\"Incomum Viagens chega ao mercado do Centro-Oeste; Operadora leva 18 agentes de viagens de Goi\u00e1s e Distrito Federal para Natal\" \/>\n<meta name=\"robots\" content=\"index, follow, max-snippet:-1, max-image-preview:large, max-video-preview:-1\" \/>\n<link rel=\"canonical\" href=\"https:\/\/www.travel3.com.br\/site\/acontece-no-turismo\/incomum-viagens-chega-ao-mercado-do-centro-oeste\/\" \/>\n<meta property=\"og:locale\" content=\"pt_BR\" \/>\n<meta property=\"og:type\" content=\"article\" \/>\n<meta property=\"og:title\" content=\"Incomum Viagens chega ao mercado do Centro-Oeste - Travel3\" \/>\n<meta property=\"og:description\" content=\"Incomum Viagens chega ao mercado do Centro-Oeste; Operadora leva 18 agentes de viagens de Goi\u00e1s e Distrito Federal para Natal\" \/>\n<meta property=\"og:url\" content=\"https:\/\/www.travel3.com.br\/site\/acontece-no-turismo\/incomum-viagens-chega-ao-mercado-do-centro-oeste\/\" \/>\n<meta property=\"og:site_name\" content=\"Travel3\" \/>\n<meta property=\"article:publisher\" content=\"https:\/\/www.facebook.com\/travel3media\/\" \/>\n<meta property=\"article:published_time\" content=\"2023-09-08T12:15:22+00:00\" \/>\n<meta property=\"article:modified_time\" content=\"2023-09-08T12:16:38+00:00\" \/>\n<meta property=\"og:image\" content=\"https:\/\/www.travel3.com.br\/site\/wp-content\/uploads\/2023\/09\/Incomuma68b9d44-e467-416b-9526-4f814ab552b6.jpg\" \/>\n\t<meta property=\"og:image:width\" content=\"1600\" \/>\n\t<meta property=\"og:image:height\" content=\"1064\" \/>\n\t<meta property=\"og:image:type\" content=\"image\/jpeg\" \/>\n<meta name=\"author\" content=\"Reda\u00e7\u00e3o Travel3\" \/>\n<meta name=\"twitter:card\" content=\"summary_large_image\" \/>\n<meta name=\"twitter:label1\" content=\"Escrito por\" \/>\n\t<meta name=\"twitter:data1\" content=\"Reda\u00e7\u00e3o Travel3\" \/>\n\t<meta name=\"twitter:label2\" content=\"Est. tempo de leitura\" \/>\n\t<meta name=\"twitter:data2\" content=\"4 minutos\" \/>\n<script type=\"application\/ld+json\" class=\"yoast-schema-graph\">{\"@context\":\"https:\/\/schema.org\",\"@graph\":[{\"@type\":\"Article\",\"@id\":\"https:\/\/www.travel3.com.br\/site\/acontece-no-turismo\/incomum-viagens-chega-ao-mercado-do-centro-oeste\/#article\",\"isPartOf\":{\"@id\":\"https:\/\/www.travel3.com.br\/site\/acontece-no-turismo\/incomum-viagens-chega-ao-mercado-do-centro-oeste\/\"},\"author\":{\"name\":\"Reda\u00e7\u00e3o Travel3\",\"@id\":\"https:\/\/www.travel3.com.br\/site\/#\/schema\/person\/9cff8daac0a2f1aa0799f827b8aa8308\"},\"headline\":\"Incomum Viagens chega ao mercado do Centro-Oeste\",\"datePublished\":\"2023-09-08T12:15:22+00:00\",\"dateModified\":\"2023-09-08T12:16:38+00:00\",\"mainEntityOfPage\":{\"@id\":\"https:\/\/www.travel3.com.br\/site\/acontece-no-turismo\/incomum-viagens-chega-ao-mercado-do-centro-oeste\/\"},\"wordCount\":544,\"commentCount\":2,\"publisher\":{\"@id\":\"https:\/\/www.travel3.com.br\/site\/#organization\"},\"image\":{\"@id\":\"https:\/\/www.travel3.com.br\/site\/acontece-no-turismo\/incomum-viagens-chega-ao-mercado-do-centro-oeste\/#primaryimage\"},\"thumbnailUrl\":\"https:\/\/www.travel3.com.br\/site\/wp-content\/uploads\/2023\/09\/Incomuma68b9d44-e467-416b-9526-4f814ab552b6.jpg\",\"keywords\":[\"Esmeralda Praia Hotel\",\"Incomum Operadora\",\"Incomum Viagens\",\"Natal\",\"Natal-RN\"],\"articleSection\":[\"Acontece no Turismo\",\"Operadoras\"],\"inLanguage\":\"pt-BR\",\"potentialAction\":[{\"@type\":\"CommentAction\",\"name\":\"Comment\",\"target\":[\"https:\/\/www.travel3.com.br\/site\/acontece-no-turismo\/incomum-viagens-chega-ao-mercado-do-centro-oeste\/#respond\"]}]},{\"@type\":\"WebPage\",\"@id\":\"https:\/\/www.travel3.com.br\/site\/acontece-no-turismo\/incomum-viagens-chega-ao-mercado-do-centro-oeste\/\",\"url\":\"https:\/\/www.travel3.com.br\/site\/acontece-no-turismo\/incomum-viagens-chega-ao-mercado-do-centro-oeste\/\",\"name\":\"Incomum Viagens chega ao mercado do Centro-Oeste - Travel3\",\"isPartOf\":{\"@id\":\"https:\/\/www.travel3.com.br\/site\/#website\"},\"primaryImageOfPage\":{\"@id\":\"https:\/\/www.travel3.com.br\/site\/acontece-no-turismo\/incomum-viagens-chega-ao-mercado-do-centro-oeste\/#primaryimage\"},\"image\":{\"@id\":\"https:\/\/www.travel3.com.br\/site\/acontece-no-turismo\/incomum-viagens-chega-ao-mercado-do-centro-oeste\/#primaryimage\"},\"thumbnailUrl\":\"https:\/\/www.travel3.com.br\/site\/wp-content\/uploads\/2023\/09\/Incomuma68b9d44-e467-416b-9526-4f814ab552b6.jpg\",\"datePublished\":\"2023-09-08T12:15:22+00:00\",\"dateModified\":\"2023-09-08T12:16:38+00:00\",\"description\":\"Incomum Viagens chega ao mercado do Centro-Oeste; Operadora leva 18 agentes de viagens de Goi\u00e1s e Distrito Federal para Natal\",\"breadcrumb\":{\"@id\":\"https:\/\/www.travel3.com.br\/site\/acontece-no-turismo\/incomum-viagens-chega-ao-mercado-do-centro-oeste\/#breadcrumb\"},\"inLanguage\":\"pt-BR\",\"potentialAction\":[{\"@type\":\"ReadAction\",\"target\":[\"https:\/\/www.travel3.com.br\/site\/acontece-no-turismo\/incomum-viagens-chega-ao-mercado-do-centro-oeste\/\"]}]},{\"@type\":\"ImageObject\",\"inLanguage\":\"pt-BR\",\"@id\":\"https:\/\/www.travel3.com.br\/site\/acontece-no-turismo\/incomum-viagens-chega-ao-mercado-do-centro-oeste\/#primaryimage\",\"url\":\"https:\/\/www.travel3.com.br\/site\/wp-content\/uploads\/2023\/09\/Incomuma68b9d44-e467-416b-9526-4f814ab552b6.jpg\",\"contentUrl\":\"https:\/\/www.travel3.com.br\/site\/wp-content\/uploads\/2023\/09\/Incomuma68b9d44-e467-416b-9526-4f814ab552b6.jpg\",\"width\":1600,\"height\":1064,\"caption\":\"Foto: divulga\u00e7\u00e3o\"},{\"@type\":\"BreadcrumbList\",\"@id\":\"https:\/\/www.travel3.com.br\/site\/acontece-no-turismo\/incomum-viagens-chega-ao-mercado-do-centro-oeste\/#breadcrumb\",\"itemListElement\":[{\"@type\":\"ListItem\",\"position\":1,\"name\":\"In\u00edcio\",\"item\":\"https:\/\/www.travel3.com.br\/site\/\"},{\"@type\":\"ListItem\",\"position\":2,\"name\":\"Incomum Viagens chega ao mercado do Centro-Oeste\"}]},{\"@type\":\"WebSite\",\"@id\":\"https:\/\/www.travel3.com.br\/site\/#website\",\"url\":\"https:\/\/www.travel3.com.br\/site\/\",\"name\":\"Travel3\",\"description\":\"Lazer + Neg&oacute;cios + Aventura\",\"publisher\":{\"@id\":\"https:\/\/www.travel3.com.br\/site\/#organization\"},\"potentialAction\":[{\"@type\":\"SearchAction\",\"target\":{\"@type\":\"EntryPoint\",\"urlTemplate\":\"https:\/\/www.travel3.com.br\/site\/?s={search_term_string}\"},\"query-input\":{\"@type\":\"PropertyValueSpecification\",\"valueRequired\":true,\"valueName\":\"search_term_string\"}}],\"inLanguage\":\"pt-BR\"},{\"@type\":\"Organization\",\"@id\":\"https:\/\/www.travel3.com.br\/site\/#organization\",\"name\":\"Travel3\",\"url\":\"https:\/\/www.travel3.com.br\/site\/\",\"logo\":{\"@type\":\"ImageObject\",\"inLanguage\":\"pt-BR\",\"@id\":\"https:\/\/www.travel3.com.br\/site\/#\/schema\/logo\/image\/\",\"url\":\"https:\/\/www.travel3.com.br\/site\/wp-content\/uploads\/2020\/01\/logo-travel3-2020.png\",\"contentUrl\":\"https:\/\/www.travel3.com.br\/site\/wp-content\/uploads\/2020\/01\/logo-travel3-2020.png\",\"width\":232,\"height\":79,\"caption\":\"Travel3\"},\"image\":{\"@id\":\"https:\/\/www.travel3.com.br\/site\/#\/schema\/logo\/image\/\"},\"sameAs\":[\"https:\/\/www.facebook.com\/travel3media\/\",\"https:\/\/www.instagram.com\/revistatravel3\/\",\"https:\/\/www.youtube.com\/channel\/UCno7J4paGBR3VbZQzvoJ9Eg\"]},{\"@type\":\"Person\",\"@id\":\"https:\/\/www.travel3.com.br\/site\/#\/schema\/person\/9cff8daac0a2f1aa0799f827b8aa8308\",\"name\":\"Reda\u00e7\u00e3o Travel3\",\"image\":{\"@type\":\"ImageObject\",\"inLanguage\":\"pt-BR\",\"@id\":\"https:\/\/www.travel3.com.br\/site\/#\/schema\/person\/image\/\",\"url\":\"https:\/\/secure.gravatar.com\/avatar\/6e6125525e1f04b7b8c607d71556e490?s=96&d=mm&r=g\",\"contentUrl\":\"https:\/\/secure.gravatar.com\/avatar\/6e6125525e1f04b7b8c607d71556e490?s=96&d=mm&r=g\",\"caption\":\"Reda\u00e7\u00e3o Travel3\"},\"sameAs\":[\"http:\/\/www.travel3.com.br\"],\"url\":\"https:\/\/www.travel3.com.br\/site\/author\/redacao2\/\"}]}<\/script>\n<!-- \/ Yoast SEO plugin. -->","yoast_head_json":{"title":"Incomum Viagens chega ao mercado do Centro-Oeste - Travel3","description":"Incomum Viagens chega ao mercado do Centro-Oeste; Operadora leva 18 agentes de viagens de Goi\u00e1s e Distrito Federal para Natal","robots":{"index":"index","follow":"follow","max-snippet":"max-snippet:-1","max-image-preview":"max-image-preview:large","max-video-preview":"max-video-preview:-1"},"canonical":"https:\/\/www.travel3.com.br\/site\/acontece-no-turismo\/incomum-viagens-chega-ao-mercado-do-centro-oeste\/","og_locale":"pt_BR","og_type":"article","og_title":"Incomum Viagens chega ao mercado do Centro-Oeste - Travel3","og_description":"Incomum Viagens chega ao mercado do Centro-Oeste; Operadora leva 18 agentes de viagens de Goi\u00e1s e Distrito Federal para Natal","og_url":"https:\/\/www.travel3.com.br\/site\/acontece-no-turismo\/incomum-viagens-chega-ao-mercado-do-centro-oeste\/","og_site_name":"Travel3","article_publisher":"https:\/\/www.facebook.com\/travel3media\/","article_published_time":"2023-09-08T12:15:22+00:00","article_modified_time":"2023-09-08T12:16:38+00:00","og_image":[{"width":1600,"height":1064,"url":"https:\/\/www.travel3.com.br\/site\/wp-content\/uploads\/2023\/09\/Incomuma68b9d44-e467-416b-9526-4f814ab552b6.jpg","type":"image\/jpeg"}],"author":"Reda\u00e7\u00e3o Travel3","twitter_card":"summary_large_image","twitter_misc":{"Escrito por":"Reda\u00e7\u00e3o Travel3","Est. tempo de leitura":"4 minutos"},"schema":{"@context":"https:\/\/schema.org","@graph":[{"@type":"Article","@id":"https:\/\/www.travel3.com.br\/site\/acontece-no-turismo\/incomum-viagens-chega-ao-mercado-do-centro-oeste\/#article","isPartOf":{"@id":"https:\/\/www.travel3.com.br\/site\/acontece-no-turismo\/incomum-viagens-chega-ao-mercado-do-centro-oeste\/"},"author":{"name":"Reda\u00e7\u00e3o Travel3","@id":"https:\/\/www.travel3.com.br\/site\/#\/schema\/person\/9cff8daac0a2f1aa0799f827b8aa8308"},"headline":"Incomum Viagens chega ao mercado do Centro-Oeste","datePublished":"2023-09-08T12:15:22+00:00","dateModified":"2023-09-08T12:16:38+00:00","mainEntityOfPage":{"@id":"https:\/\/www.travel3.com.br\/site\/acontece-no-turismo\/incomum-viagens-chega-ao-mercado-do-centro-oeste\/"},"wordCount":544,"commentCount":2,"publisher":{"@id":"https:\/\/www.travel3.com.br\/site\/#organization"},"image":{"@id":"https:\/\/www.travel3.com.br\/site\/acontece-no-turismo\/incomum-viagens-chega-ao-mercado-do-centro-oeste\/#primaryimage"},"thumbnailUrl":"https:\/\/www.travel3.com.br\/site\/wp-content\/uploads\/2023\/09\/Incomuma68b9d44-e467-416b-9526-4f814ab552b6.jpg","keywords":["Esmeralda Praia Hotel","Incomum Operadora","Incomum Viagens","Natal","Natal-RN"],"articleSection":["Acontece no Turismo","Operadoras"],"inLanguage":"pt-BR","potentialAction":[{"@type":"CommentAction","name":"Comment","target":["https:\/\/www.travel3.com.br\/site\/acontece-no-turismo\/incomum-viagens-chega-ao-mercado-do-centro-oeste\/#respond"]}]},{"@type":"WebPage","@id":"https:\/\/www.travel3.com.br\/site\/acontece-no-turismo\/incomum-viagens-chega-ao-mercado-do-centro-oeste\/","url":"https:\/\/www.travel3.com.br\/site\/acontece-no-turismo\/incomum-viagens-chega-ao-mercado-do-centro-oeste\/","name":"Incomum Viagens chega ao mercado do Centro-Oeste - Travel3","isPartOf":{"@id":"https:\/\/www.travel3.com.br\/site\/#website"},"primaryImageOfPage":{"@id":"https:\/\/www.travel3.com.br\/site\/acontece-no-turismo\/incomum-viagens-chega-ao-mercado-do-centro-oeste\/#primaryimage"},"image":{"@id":"https:\/\/www.travel3.com.br\/site\/acontece-no-turismo\/incomum-viagens-chega-ao-mercado-do-centro-oeste\/#primaryimage"},"thumbnailUrl":"https:\/\/www.travel3.com.br\/site\/wp-content\/uploads\/2023\/09\/Incomuma68b9d44-e467-416b-9526-4f814ab552b6.jpg","datePublished":"2023-09-08T12:15:22+00:00","dateModified":"2023-09-08T12:16:38+00:00","description":"Incomum Viagens chega ao mercado do Centro-Oeste; Operadora leva 18 agentes de viagens de Goi\u00e1s e Distrito Federal para Natal","breadcrumb":{"@id":"https:\/\/www.travel3.com.br\/site\/acontece-no-turismo\/incomum-viagens-chega-ao-mercado-do-centro-oeste\/#breadcrumb"},"inLanguage":"pt-BR","potentialAction":[{"@type":"ReadAction","target":["https:\/\/www.travel3.com.br\/site\/acontece-no-turismo\/incomum-viagens-chega-ao-mercado-do-centro-oeste\/"]}]},{"@type":"ImageObject","inLanguage":"pt-BR","@id":"https:\/\/www.travel3.com.br\/site\/acontece-no-turismo\/incomum-viagens-chega-ao-mercado-do-centro-oeste\/#primaryimage","url":"https:\/\/www.travel3.com.br\/site\/wp-content\/uploads\/2023\/09\/Incomuma68b9d44-e467-416b-9526-4f814ab552b6.jpg","contentUrl":"https:\/\/www.travel3.com.br\/site\/wp-content\/uploads\/2023\/09\/Incomuma68b9d44-e467-416b-9526-4f814ab552b6.jpg","width":1600,"height":1064,"caption":"Foto: divulga\u00e7\u00e3o"},{"@type":"BreadcrumbList","@id":"https:\/\/www.travel3.com.br\/site\/acontece-no-turismo\/incomum-viagens-chega-ao-mercado-do-centro-oeste\/#breadcrumb","itemListElement":[{"@type":"ListItem","position":1,"name":"In\u00edcio","item":"https:\/\/www.travel3.com.br\/site\/"},{"@type":"ListItem","position":2,"name":"Incomum Viagens chega ao mercado do Centro-Oeste"}]},{"@type":"WebSite","@id":"https:\/\/www.travel3.com.br\/site\/#website","url":"https:\/\/www.travel3.com.br\/site\/","name":"Travel3","description":"Lazer + Neg&oacute;cios + Aventura","publisher":{"@id":"https:\/\/www.travel3.com.br\/site\/#organization"},"potentialAction":[{"@type":"SearchAction","target":{"@type":"EntryPoint","urlTemplate":"https:\/\/www.travel3.com.br\/site\/?s={search_term_string}"},"query-input":{"@type":"PropertyValueSpecification","valueRequired":true,"valueName":"search_term_string"}}],"inLanguage":"pt-BR"},{"@type":"Organization","@id":"https:\/\/www.travel3.com.br\/site\/#organization","name":"Travel3","url":"https:\/\/www.travel3.com.br\/site\/","logo":{"@type":"ImageObject","inLanguage":"pt-BR","@id":"https:\/\/www.travel3.com.br\/site\/#\/schema\/logo\/image\/","url":"https:\/\/www.travel3.com.br\/site\/wp-content\/uploads\/2020\/01\/logo-travel3-2020.png","contentUrl":"https:\/\/www.travel3.com.br\/site\/wp-content\/uploads\/2020\/01\/logo-travel3-2020.png","width":232,"height":79,"caption":"Travel3"},"image":{"@id":"https:\/\/www.travel3.com.br\/site\/#\/schema\/logo\/image\/"},"sameAs":["https:\/\/www.facebook.com\/travel3media\/","https:\/\/www.instagram.com\/revistatravel3\/","https:\/\/www.youtube.com\/channel\/UCno7J4paGBR3VbZQzvoJ9Eg"]},{"@type":"Person","@id":"https:\/\/www.travel3.com.br\/site\/#\/schema\/person\/9cff8daac0a2f1aa0799f827b8aa8308","name":"Reda\u00e7\u00e3o Travel3","image":{"@type":"ImageObject","inLanguage":"pt-BR","@id":"https:\/\/www.travel3.com.br\/site\/#\/schema\/person\/image\/","url":"https:\/\/secure.gravatar.com\/avatar\/6e6125525e1f04b7b8c607d71556e490?s=96&d=mm&r=g","contentUrl":"https:\/\/secure.gravatar.com\/avatar\/6e6125525e1f04b7b8c607d71556e490?s=96&d=mm&r=g","caption":"Reda\u00e7\u00e3o Travel3"},"sameAs":["http:\/\/www.travel3.com.br"],"url":"https:\/\/www.travel3.com.br\/site\/author\/redacao2\/"}]}},"_links":{"self":[{"href":"https:\/\/www.travel3.com.br\/site\/wp-json\/wp\/v2\/posts\/62775","targetHints":{"allow":["GET"]}}],"collection":[{"href":"https:\/\/www.travel3.com.br\/site\/wp-json\/wp\/v2\/posts"}],"about":[{"href":"https:\/\/www.travel3.com.br\/site\/wp-json\/wp\/v2\/types\/post"}],"author":[{"embeddable":true,"href":"https:\/\/www.travel3.com.br\/site\/wp-json\/wp\/v2\/users\/6"}],"replies":[{"embeddable":true,"href":"https:\/\/www.travel3.com.br\/site\/wp-json\/wp\/v2\/comments?post=62775"}],"version-history":[{"count":10,"href":"https:\/\/www.travel3.com.br\/site\/wp-json\/wp\/v2\/posts\/62775\/revisions"}],"predecessor-version":[{"id":62807,"href":"https:\/\/www.travel3.com.br\/site\/wp-json\/wp\/v2\/posts\/62775\/revisions\/62807"}],"wp:featuredmedia":[{"embeddable":true,"href":"https:\/\/www.travel3.com.br\/site\/wp-json\/wp\/v2\/media\/62776"}],"wp:attachment":[{"href":"https:\/\/www.travel3.com.br\/site\/wp-json\/wp\/v2\/media?parent=62775"}],"wp:term":[{"taxonomy":"category","embeddable":true,"href":"https:\/\/www.travel3.com.br\/site\/wp-json\/wp\/v2\/categories?post=62775"},{"taxonomy":"post_tag","embeddable":true,"href":"https:\/\/www.travel3.com.br\/site\/wp-json\/wp\/v2\/tags?post=62775"}],"curies":[{"name":"wp","href":"https:\/\/api.w.org\/{rel}","templated":true}]}}