{"id":61711,"date":"2023-07-21T08:13:00","date_gmt":"2023-07-21T11:13:00","guid":{"rendered":"https:\/\/www.travel3.com.br\/?p=61711"},"modified":"2023-07-20T19:34:51","modified_gmt":"2023-07-20T22:34:51","slug":"sakura-expande-sua-presenca-na-regiao-sul","status":"publish","type":"post","link":"https:\/\/www.travel3.com.br\/site\/acontece-no-turismo\/sakura-expande-sua-presenca-na-regiao-sul\/","title":{"rendered":"Sakura expande sua presen\u00e7a na Regi\u00e3o Sul"},"content":{"rendered":"\n<h2 class=\"wp-block-heading\">Consolidadora fortalece sua atua\u00e7\u00e3o no mercado com novos escrit\u00f3rios em Blumenau e Porto Alegre<\/h2>\n\n\n\n<p>Seguindo seu <strong><a href=\"https:\/\/www.travel3.com.br\/acontece-no-turismo\/sakura-consolidadora-tem-novo-representante-em-vitoria\/\" target=\"_blank\" rel=\"noreferrer noopener\">plano de expans\u00e3o<\/a><\/strong> em todo o pa\u00eds, a Sakura Consolidadora inaugurou nesta semana dois escrit\u00f3rios na regi\u00e3o Sul do pa\u00eds. Contando com uma estrutura moderna, Blumenau, em Santa Catarina, ganhou um espa\u00e7o exclusivo para receber clientes e fornecedores. J\u00e1 em Porto Alegre, no Rio Grande do Sul, a equipe agora conta com um novo espa\u00e7o mais amplo para aumentar ainda mais a sua capilaridade na regi\u00e3o.<\/p>\n\n\n\n<p>Segundo Wagner Chaves, CEO da Sakura, \u201c<strong><em>a equipe Sakura j\u00e1 vinha atuando fortemente no interior de Santa Catarina. Agora, com um escrit\u00f3rio novo em Blumenau, podemos ficar mais pr\u00f3ximos dos clientes e ampliar ainda mais a nossa atua\u00e7\u00e3o na regi\u00e3o<\/em><\/strong>\u201d.<\/p>\n\n\n\n<div class=\"wp-block-image\"><figure class=\"aligncenter size-full is-resized\"><img loading=\"lazy\" decoding=\"async\" src=\"https:\/\/www.travel3.com.br\/site\/wp-content\/uploads\/2023\/07\/Sakura-Blumenau.jpeg\" alt=\"Sakura Blumenau\" class=\"wp-image-61712\" width=\"695\" height=\"981\" srcset=\"https:\/\/www.travel3.com.br\/site\/wp-content\/uploads\/2023\/07\/Sakura-Blumenau.jpeg 725w, https:\/\/www.travel3.com.br\/site\/wp-content\/uploads\/2023\/07\/Sakura-Blumenau-212x300.jpeg 212w, https:\/\/www.travel3.com.br\/site\/wp-content\/uploads\/2023\/07\/Sakura-Blumenau-150x212.jpeg 150w\" sizes=\"auto, (max-width: 695px) 100vw, 695px\" \/><figcaption>Time da Sakura em Blumenau (Foto: divulga\u00e7\u00e3o)<\/figcaption><\/figure><\/div>\n\n\n\n<p>J\u00e1 em Porto Alegre, o time da <strong><a href=\"https:\/\/www.sakuraconsolidadora.com.br\/\">Consolidadora<\/a><\/strong> j\u00e1 contava com um espa\u00e7o pr\u00f3prio para as opera\u00e7\u00f5es, mas com o crescimento da equipe e da sua abrang\u00eancia no estado, o time agora conta com um escrit\u00f3rio mais amplo e moderno para seguir com sua expans\u00e3o no Rio Grande do Sul.<\/p>\n\n\n\n<p>\u201c<strong><em>Porto Alegre \u00e9 uma pra\u00e7a bastante importante para n\u00f3s, da Sakura. E, tendo um novo espa\u00e7o para atender essa demanda, tenho certeza que poderemos aumentar ainda mais nossa carteira de clientes na regi\u00e3o e seguir oferecendo uma experi\u00eancia ainda mais completa para os agentes de viagem<\/em><\/strong>\u201d, comenta Cassio Oliveira, diretor da Sakura.<\/p>\n","protected":false},"excerpt":{"rendered":"<p>Consolidadora fortalece sua atua\u00e7\u00e3o no mercado com novos escrit\u00f3rios em Blumenau e Porto Alegre<\/p>\n","protected":false},"author":6,"featured_media":61713,"comment_status":"open","ping_status":"open","sticky":false,"template":"","format":"standard","meta":{"footnotes":""},"categories":[969,4],"tags":[5450,5451],"class_list":["post-61711","post","type-post","status-publish","format-standard","has-post-thumbnail","hentry","category-acontece-no-turismo","category-operadoras","tag-sakura","tag-sakura-consolidadora"],"yoast_head":"<!-- This site is optimized with the Yoast SEO plugin v26.2 - https:\/\/yoast.com\/wordpress\/plugins\/seo\/ -->\n<title>Sakura expande sua presen\u00e7a na Regi\u00e3o Sul - Travel3<\/title>\n<meta name=\"description\" content=\"Sakura expande sua presen\u00e7a na Regi\u00e3o Sul; Consolidadora fortalece sua atua\u00e7\u00e3o no mercado com os novos escrit\u00f3rios\" \/>\n<meta name=\"robots\" content=\"index, follow, max-snippet:-1, max-image-preview:large, max-video-preview:-1\" \/>\n<link rel=\"canonical\" href=\"https:\/\/www.travel3.com.br\/site\/acontece-no-turismo\/sakura-expande-sua-presenca-na-regiao-sul\/\" \/>\n<meta property=\"og:locale\" content=\"pt_BR\" \/>\n<meta property=\"og:type\" content=\"article\" \/>\n<meta property=\"og:title\" content=\"Sakura expande sua presen\u00e7a na Regi\u00e3o Sul - Travel3\" \/>\n<meta property=\"og:description\" content=\"Sakura expande sua presen\u00e7a na Regi\u00e3o Sul; Consolidadora fortalece sua atua\u00e7\u00e3o no mercado com os novos escrit\u00f3rios\" \/>\n<meta property=\"og:url\" content=\"https:\/\/www.travel3.com.br\/site\/acontece-no-turismo\/sakura-expande-sua-presenca-na-regiao-sul\/\" \/>\n<meta property=\"og:site_name\" content=\"Travel3\" \/>\n<meta property=\"article:publisher\" content=\"https:\/\/www.facebook.com\/travel3media\/\" \/>\n<meta property=\"article:published_time\" content=\"2023-07-21T11:13:00+00:00\" \/>\n<meta property=\"og:image\" content=\"https:\/\/www.travel3.com.br\/site\/wp-content\/uploads\/2023\/07\/Sakura-POA.jpeg\" \/>\n\t<meta property=\"og:image:width\" content=\"1600\" \/>\n\t<meta property=\"og:image:height\" content=\"1360\" \/>\n\t<meta property=\"og:image:type\" content=\"image\/jpeg\" \/>\n<meta name=\"author\" content=\"Reda\u00e7\u00e3o Travel3\" \/>\n<meta name=\"twitter:card\" content=\"summary_large_image\" \/>\n<meta name=\"twitter:label1\" content=\"Escrito por\" \/>\n\t<meta name=\"twitter:data1\" content=\"Reda\u00e7\u00e3o Travel3\" \/>\n\t<meta name=\"twitter:label2\" content=\"Est. tempo de leitura\" \/>\n\t<meta name=\"twitter:data2\" content=\"2 minutos\" \/>\n<script type=\"application\/ld+json\" class=\"yoast-schema-graph\">{\"@context\":\"https:\/\/schema.org\",\"@graph\":[{\"@type\":\"Article\",\"@id\":\"https:\/\/www.travel3.com.br\/site\/acontece-no-turismo\/sakura-expande-sua-presenca-na-regiao-sul\/#article\",\"isPartOf\":{\"@id\":\"https:\/\/www.travel3.com.br\/site\/acontece-no-turismo\/sakura-expande-sua-presenca-na-regiao-sul\/\"},\"author\":{\"name\":\"Reda\u00e7\u00e3o Travel3\",\"@id\":\"https:\/\/www.travel3.com.br\/site\/#\/schema\/person\/9cff8daac0a2f1aa0799f827b8aa8308\"},\"headline\":\"Sakura expande sua presen\u00e7a na Regi\u00e3o Sul\",\"datePublished\":\"2023-07-21T11:13:00+00:00\",\"mainEntityOfPage\":{\"@id\":\"https:\/\/www.travel3.com.br\/site\/acontece-no-turismo\/sakura-expande-sua-presenca-na-regiao-sul\/\"},\"wordCount\":265,\"commentCount\":0,\"publisher\":{\"@id\":\"https:\/\/www.travel3.com.br\/site\/#organization\"},\"image\":{\"@id\":\"https:\/\/www.travel3.com.br\/site\/acontece-no-turismo\/sakura-expande-sua-presenca-na-regiao-sul\/#primaryimage\"},\"thumbnailUrl\":\"https:\/\/www.travel3.com.br\/site\/wp-content\/uploads\/2023\/07\/Sakura-POA.jpeg\",\"keywords\":[\"Sakura\",\"Sakura Consolidadora\"],\"articleSection\":[\"Acontece no Turismo\",\"Operadoras\"],\"inLanguage\":\"pt-BR\",\"potentialAction\":[{\"@type\":\"CommentAction\",\"name\":\"Comment\",\"target\":[\"https:\/\/www.travel3.com.br\/site\/acontece-no-turismo\/sakura-expande-sua-presenca-na-regiao-sul\/#respond\"]}]},{\"@type\":\"WebPage\",\"@id\":\"https:\/\/www.travel3.com.br\/site\/acontece-no-turismo\/sakura-expande-sua-presenca-na-regiao-sul\/\",\"url\":\"https:\/\/www.travel3.com.br\/site\/acontece-no-turismo\/sakura-expande-sua-presenca-na-regiao-sul\/\",\"name\":\"Sakura expande sua presen\u00e7a na Regi\u00e3o Sul - Travel3\",\"isPartOf\":{\"@id\":\"https:\/\/www.travel3.com.br\/site\/#website\"},\"primaryImageOfPage\":{\"@id\":\"https:\/\/www.travel3.com.br\/site\/acontece-no-turismo\/sakura-expande-sua-presenca-na-regiao-sul\/#primaryimage\"},\"image\":{\"@id\":\"https:\/\/www.travel3.com.br\/site\/acontece-no-turismo\/sakura-expande-sua-presenca-na-regiao-sul\/#primaryimage\"},\"thumbnailUrl\":\"https:\/\/www.travel3.com.br\/site\/wp-content\/uploads\/2023\/07\/Sakura-POA.jpeg\",\"datePublished\":\"2023-07-21T11:13:00+00:00\",\"description\":\"Sakura expande sua presen\u00e7a na Regi\u00e3o Sul; Consolidadora fortalece sua atua\u00e7\u00e3o no mercado com os novos escrit\u00f3rios\",\"breadcrumb\":{\"@id\":\"https:\/\/www.travel3.com.br\/site\/acontece-no-turismo\/sakura-expande-sua-presenca-na-regiao-sul\/#breadcrumb\"},\"inLanguage\":\"pt-BR\",\"potentialAction\":[{\"@type\":\"ReadAction\",\"target\":[\"https:\/\/www.travel3.com.br\/site\/acontece-no-turismo\/sakura-expande-sua-presenca-na-regiao-sul\/\"]}]},{\"@type\":\"ImageObject\",\"inLanguage\":\"pt-BR\",\"@id\":\"https:\/\/www.travel3.com.br\/site\/acontece-no-turismo\/sakura-expande-sua-presenca-na-regiao-sul\/#primaryimage\",\"url\":\"https:\/\/www.travel3.com.br\/site\/wp-content\/uploads\/2023\/07\/Sakura-POA.jpeg\",\"contentUrl\":\"https:\/\/www.travel3.com.br\/site\/wp-content\/uploads\/2023\/07\/Sakura-POA.jpeg\",\"width\":1600,\"height\":1360,\"caption\":\"Sakura inaugurou escrit\u00f3rio tamb\u00e9m em Porto Alegre (Foto: divulga\u00e7\u00e3o)\"},{\"@type\":\"BreadcrumbList\",\"@id\":\"https:\/\/www.travel3.com.br\/site\/acontece-no-turismo\/sakura-expande-sua-presenca-na-regiao-sul\/#breadcrumb\",\"itemListElement\":[{\"@type\":\"ListItem\",\"position\":1,\"name\":\"In\u00edcio\",\"item\":\"https:\/\/www.travel3.com.br\/site\/\"},{\"@type\":\"ListItem\",\"position\":2,\"name\":\"Sakura expande sua presen\u00e7a na Regi\u00e3o Sul\"}]},{\"@type\":\"WebSite\",\"@id\":\"https:\/\/www.travel3.com.br\/site\/#website\",\"url\":\"https:\/\/www.travel3.com.br\/site\/\",\"name\":\"Travel3\",\"description\":\"Lazer + Neg&oacute;cios + Aventura\",\"publisher\":{\"@id\":\"https:\/\/www.travel3.com.br\/site\/#organization\"},\"potentialAction\":[{\"@type\":\"SearchAction\",\"target\":{\"@type\":\"EntryPoint\",\"urlTemplate\":\"https:\/\/www.travel3.com.br\/site\/?s={search_term_string}\"},\"query-input\":{\"@type\":\"PropertyValueSpecification\",\"valueRequired\":true,\"valueName\":\"search_term_string\"}}],\"inLanguage\":\"pt-BR\"},{\"@type\":\"Organization\",\"@id\":\"https:\/\/www.travel3.com.br\/site\/#organization\",\"name\":\"Travel3\",\"url\":\"https:\/\/www.travel3.com.br\/site\/\",\"logo\":{\"@type\":\"ImageObject\",\"inLanguage\":\"pt-BR\",\"@id\":\"https:\/\/www.travel3.com.br\/site\/#\/schema\/logo\/image\/\",\"url\":\"https:\/\/www.travel3.com.br\/site\/wp-content\/uploads\/2020\/01\/logo-travel3-2020.png\",\"contentUrl\":\"https:\/\/www.travel3.com.br\/site\/wp-content\/uploads\/2020\/01\/logo-travel3-2020.png\",\"width\":232,\"height\":79,\"caption\":\"Travel3\"},\"image\":{\"@id\":\"https:\/\/www.travel3.com.br\/site\/#\/schema\/logo\/image\/\"},\"sameAs\":[\"https:\/\/www.facebook.com\/travel3media\/\",\"https:\/\/www.instagram.com\/revistatravel3\/\",\"https:\/\/www.youtube.com\/channel\/UCno7J4paGBR3VbZQzvoJ9Eg\"]},{\"@type\":\"Person\",\"@id\":\"https:\/\/www.travel3.com.br\/site\/#\/schema\/person\/9cff8daac0a2f1aa0799f827b8aa8308\",\"name\":\"Reda\u00e7\u00e3o Travel3\",\"image\":{\"@type\":\"ImageObject\",\"inLanguage\":\"pt-BR\",\"@id\":\"https:\/\/www.travel3.com.br\/site\/#\/schema\/person\/image\/\",\"url\":\"https:\/\/secure.gravatar.com\/avatar\/6e6125525e1f04b7b8c607d71556e490?s=96&d=mm&r=g\",\"contentUrl\":\"https:\/\/secure.gravatar.com\/avatar\/6e6125525e1f04b7b8c607d71556e490?s=96&d=mm&r=g\",\"caption\":\"Reda\u00e7\u00e3o Travel3\"},\"sameAs\":[\"http:\/\/www.travel3.com.br\"],\"url\":\"https:\/\/www.travel3.com.br\/site\/author\/redacao2\/\"}]}<\/script>\n<!-- \/ Yoast SEO plugin. -->","yoast_head_json":{"title":"Sakura expande sua presen\u00e7a na Regi\u00e3o Sul - Travel3","description":"Sakura expande sua presen\u00e7a na Regi\u00e3o Sul; Consolidadora fortalece sua atua\u00e7\u00e3o no mercado com os novos escrit\u00f3rios","robots":{"index":"index","follow":"follow","max-snippet":"max-snippet:-1","max-image-preview":"max-image-preview:large","max-video-preview":"max-video-preview:-1"},"canonical":"https:\/\/www.travel3.com.br\/site\/acontece-no-turismo\/sakura-expande-sua-presenca-na-regiao-sul\/","og_locale":"pt_BR","og_type":"article","og_title":"Sakura expande sua presen\u00e7a na Regi\u00e3o Sul - Travel3","og_description":"Sakura expande sua presen\u00e7a na Regi\u00e3o Sul; Consolidadora fortalece sua atua\u00e7\u00e3o no mercado com os novos escrit\u00f3rios","og_url":"https:\/\/www.travel3.com.br\/site\/acontece-no-turismo\/sakura-expande-sua-presenca-na-regiao-sul\/","og_site_name":"Travel3","article_publisher":"https:\/\/www.facebook.com\/travel3media\/","article_published_time":"2023-07-21T11:13:00+00:00","og_image":[{"width":1600,"height":1360,"url":"https:\/\/www.travel3.com.br\/site\/wp-content\/uploads\/2023\/07\/Sakura-POA.jpeg","type":"image\/jpeg"}],"author":"Reda\u00e7\u00e3o Travel3","twitter_card":"summary_large_image","twitter_misc":{"Escrito por":"Reda\u00e7\u00e3o Travel3","Est. tempo de leitura":"2 minutos"},"schema":{"@context":"https:\/\/schema.org","@graph":[{"@type":"Article","@id":"https:\/\/www.travel3.com.br\/site\/acontece-no-turismo\/sakura-expande-sua-presenca-na-regiao-sul\/#article","isPartOf":{"@id":"https:\/\/www.travel3.com.br\/site\/acontece-no-turismo\/sakura-expande-sua-presenca-na-regiao-sul\/"},"author":{"name":"Reda\u00e7\u00e3o Travel3","@id":"https:\/\/www.travel3.com.br\/site\/#\/schema\/person\/9cff8daac0a2f1aa0799f827b8aa8308"},"headline":"Sakura expande sua presen\u00e7a na Regi\u00e3o Sul","datePublished":"2023-07-21T11:13:00+00:00","mainEntityOfPage":{"@id":"https:\/\/www.travel3.com.br\/site\/acontece-no-turismo\/sakura-expande-sua-presenca-na-regiao-sul\/"},"wordCount":265,"commentCount":0,"publisher":{"@id":"https:\/\/www.travel3.com.br\/site\/#organization"},"image":{"@id":"https:\/\/www.travel3.com.br\/site\/acontece-no-turismo\/sakura-expande-sua-presenca-na-regiao-sul\/#primaryimage"},"thumbnailUrl":"https:\/\/www.travel3.com.br\/site\/wp-content\/uploads\/2023\/07\/Sakura-POA.jpeg","keywords":["Sakura","Sakura Consolidadora"],"articleSection":["Acontece no Turismo","Operadoras"],"inLanguage":"pt-BR","potentialAction":[{"@type":"CommentAction","name":"Comment","target":["https:\/\/www.travel3.com.br\/site\/acontece-no-turismo\/sakura-expande-sua-presenca-na-regiao-sul\/#respond"]}]},{"@type":"WebPage","@id":"https:\/\/www.travel3.com.br\/site\/acontece-no-turismo\/sakura-expande-sua-presenca-na-regiao-sul\/","url":"https:\/\/www.travel3.com.br\/site\/acontece-no-turismo\/sakura-expande-sua-presenca-na-regiao-sul\/","name":"Sakura expande sua presen\u00e7a na Regi\u00e3o Sul - Travel3","isPartOf":{"@id":"https:\/\/www.travel3.com.br\/site\/#website"},"primaryImageOfPage":{"@id":"https:\/\/www.travel3.com.br\/site\/acontece-no-turismo\/sakura-expande-sua-presenca-na-regiao-sul\/#primaryimage"},"image":{"@id":"https:\/\/www.travel3.com.br\/site\/acontece-no-turismo\/sakura-expande-sua-presenca-na-regiao-sul\/#primaryimage"},"thumbnailUrl":"https:\/\/www.travel3.com.br\/site\/wp-content\/uploads\/2023\/07\/Sakura-POA.jpeg","datePublished":"2023-07-21T11:13:00+00:00","description":"Sakura expande sua presen\u00e7a na Regi\u00e3o Sul; Consolidadora fortalece sua atua\u00e7\u00e3o no mercado com os novos escrit\u00f3rios","breadcrumb":{"@id":"https:\/\/www.travel3.com.br\/site\/acontece-no-turismo\/sakura-expande-sua-presenca-na-regiao-sul\/#breadcrumb"},"inLanguage":"pt-BR","potentialAction":[{"@type":"ReadAction","target":["https:\/\/www.travel3.com.br\/site\/acontece-no-turismo\/sakura-expande-sua-presenca-na-regiao-sul\/"]}]},{"@type":"ImageObject","inLanguage":"pt-BR","@id":"https:\/\/www.travel3.com.br\/site\/acontece-no-turismo\/sakura-expande-sua-presenca-na-regiao-sul\/#primaryimage","url":"https:\/\/www.travel3.com.br\/site\/wp-content\/uploads\/2023\/07\/Sakura-POA.jpeg","contentUrl":"https:\/\/www.travel3.com.br\/site\/wp-content\/uploads\/2023\/07\/Sakura-POA.jpeg","width":1600,"height":1360,"caption":"Sakura inaugurou escrit\u00f3rio tamb\u00e9m em Porto Alegre (Foto: divulga\u00e7\u00e3o)"},{"@type":"BreadcrumbList","@id":"https:\/\/www.travel3.com.br\/site\/acontece-no-turismo\/sakura-expande-sua-presenca-na-regiao-sul\/#breadcrumb","itemListElement":[{"@type":"ListItem","position":1,"name":"In\u00edcio","item":"https:\/\/www.travel3.com.br\/site\/"},{"@type":"ListItem","position":2,"name":"Sakura expande sua presen\u00e7a na Regi\u00e3o Sul"}]},{"@type":"WebSite","@id":"https:\/\/www.travel3.com.br\/site\/#website","url":"https:\/\/www.travel3.com.br\/site\/","name":"Travel3","description":"Lazer + Neg&oacute;cios + Aventura","publisher":{"@id":"https:\/\/www.travel3.com.br\/site\/#organization"},"potentialAction":[{"@type":"SearchAction","target":{"@type":"EntryPoint","urlTemplate":"https:\/\/www.travel3.com.br\/site\/?s={search_term_string}"},"query-input":{"@type":"PropertyValueSpecification","valueRequired":true,"valueName":"search_term_string"}}],"inLanguage":"pt-BR"},{"@type":"Organization","@id":"https:\/\/www.travel3.com.br\/site\/#organization","name":"Travel3","url":"https:\/\/www.travel3.com.br\/site\/","logo":{"@type":"ImageObject","inLanguage":"pt-BR","@id":"https:\/\/www.travel3.com.br\/site\/#\/schema\/logo\/image\/","url":"https:\/\/www.travel3.com.br\/site\/wp-content\/uploads\/2020\/01\/logo-travel3-2020.png","contentUrl":"https:\/\/www.travel3.com.br\/site\/wp-content\/uploads\/2020\/01\/logo-travel3-2020.png","width":232,"height":79,"caption":"Travel3"},"image":{"@id":"https:\/\/www.travel3.com.br\/site\/#\/schema\/logo\/image\/"},"sameAs":["https:\/\/www.facebook.com\/travel3media\/","https:\/\/www.instagram.com\/revistatravel3\/","https:\/\/www.youtube.com\/channel\/UCno7J4paGBR3VbZQzvoJ9Eg"]},{"@type":"Person","@id":"https:\/\/www.travel3.com.br\/site\/#\/schema\/person\/9cff8daac0a2f1aa0799f827b8aa8308","name":"Reda\u00e7\u00e3o Travel3","image":{"@type":"ImageObject","inLanguage":"pt-BR","@id":"https:\/\/www.travel3.com.br\/site\/#\/schema\/person\/image\/","url":"https:\/\/secure.gravatar.com\/avatar\/6e6125525e1f04b7b8c607d71556e490?s=96&d=mm&r=g","contentUrl":"https:\/\/secure.gravatar.com\/avatar\/6e6125525e1f04b7b8c607d71556e490?s=96&d=mm&r=g","caption":"Reda\u00e7\u00e3o Travel3"},"sameAs":["http:\/\/www.travel3.com.br"],"url":"https:\/\/www.travel3.com.br\/site\/author\/redacao2\/"}]}},"_links":{"self":[{"href":"https:\/\/www.travel3.com.br\/site\/wp-json\/wp\/v2\/posts\/61711","targetHints":{"allow":["GET"]}}],"collection":[{"href":"https:\/\/www.travel3.com.br\/site\/wp-json\/wp\/v2\/posts"}],"about":[{"href":"https:\/\/www.travel3.com.br\/site\/wp-json\/wp\/v2\/types\/post"}],"author":[{"embeddable":true,"href":"https:\/\/www.travel3.com.br\/site\/wp-json\/wp\/v2\/users\/6"}],"replies":[{"embeddable":true,"href":"https:\/\/www.travel3.com.br\/site\/wp-json\/wp\/v2\/comments?post=61711"}],"version-history":[{"count":4,"href":"https:\/\/www.travel3.com.br\/site\/wp-json\/wp\/v2\/posts\/61711\/revisions"}],"predecessor-version":[{"id":61718,"href":"https:\/\/www.travel3.com.br\/site\/wp-json\/wp\/v2\/posts\/61711\/revisions\/61718"}],"wp:featuredmedia":[{"embeddable":true,"href":"https:\/\/www.travel3.com.br\/site\/wp-json\/wp\/v2\/media\/61713"}],"wp:attachment":[{"href":"https:\/\/www.travel3.com.br\/site\/wp-json\/wp\/v2\/media?parent=61711"}],"wp:term":[{"taxonomy":"category","embeddable":true,"href":"https:\/\/www.travel3.com.br\/site\/wp-json\/wp\/v2\/categories?post=61711"},{"taxonomy":"post_tag","embeddable":true,"href":"https:\/\/www.travel3.com.br\/site\/wp-json\/wp\/v2\/tags?post=61711"}],"curies":[{"name":"wp","href":"https:\/\/api.w.org\/{rel}","templated":true}]}}