{"id":61094,"date":"2023-06-30T07:00:00","date_gmt":"2023-06-30T10:00:00","guid":{"rendered":"https:\/\/www.travel3.com.br\/?p=61094"},"modified":"2023-06-30T10:38:00","modified_gmt":"2023-06-30T13:38:00","slug":"explore-experiencias-exclusivas-em-6-hoteis-inspiradores","status":"publish","type":"post","link":"https:\/\/www.travel3.com.br\/site\/destaque\/explore-experiencias-exclusivas-em-6-hoteis-inspiradores\/","title":{"rendered":"Explore experi\u00eancias exclusivas em 6 Hot\u00e9is Inspiradores"},"content":{"rendered":"\n<h2 class=\"wp-block-heading\">Dicas de hospedagens para viver momentos inesquec\u00edveis em destinos <em>Instagram\u00e1veis<\/em><\/h2>\n\n\n\n<p>\u00c9 importante reconhecer a crescente influ\u00eancia das redes sociais no panorama digital, a ponto de ter sido estabelecido o dia 30 de junho, como o <strong>Dia das M\u00eddias Sociais<\/strong>. No setor do <strong>turismo<\/strong>, ap\u00f3s os desafiadores anos da pandemia, novas tend\u00eancias surgiram, e as viagens adquiriram um valor ainda maior para as pessoas. A escolha de hot\u00e9is e destinos que valorizam o meio ambiente e a cultura local tornou-se mais relevante.<\/p>\n\n\n\n<p>Da mesma forma, a busca por momentos de tranquilidade em locais remotos, onde a conex\u00e3o com a natureza \u00e9 maior, ganhou destaque. E, al\u00e9m disso, a autenticidade dos conte\u00fados e posts sem filtros t\u00eam recebido cada vez mais aten\u00e7\u00e3o. O lema &#8220;<strong><em>viver primeiro, postar depois<\/em><\/strong>&#8221; continua a ser disseminado nas redes sociais, enfatizando a import\u00e2ncia de vivenciar plenamente as experi\u00eancias.<\/p>\n\n\n\n<p>Tudo indica que as m\u00eddias sociais ser\u00e3o ainda mais relevantes para profissionais do setor de turismo em 2023, e que seguir\u00e3o inspirando, engajando e transformando usu\u00e1rios em viajantes. Mesmo com novas plataformas conquistando cada vez mais o p\u00fablico, como Be Real e o Tik Tok, o <strong><a href=\"https:\/\/www.instagram.com\/revistatravel3\/\" target=\"_blank\" rel=\"noreferrer noopener\">Instagram<\/a><\/strong> continua sendo uma das que possui mais usu\u00e1rios atualmente.<\/p>\n\n\n\n<p>Assim, listamos 6 hot\u00e9is e destinos <em>instagram\u00e1veis<\/em> que proporcionam bel\u00edssimos conte\u00fados para os temas mais envolventes nas redes sociais, seguindo as \u00faltimas tend\u00eancias. Confira!<\/p>\n\n\n\n<div class=\"wp-block-image\"><figure class=\"aligncenter size-large\"><img loading=\"lazy\" decoding=\"async\" width=\"819\" height=\"1024\" src=\"https:\/\/www.travel3.com.br\/site\/wp-content\/uploads\/2023\/06\/Passeio-a-Cavalo-pela-praia-do-Patacho-Hotel-Pedras-do-Patacho_Easy-Resize.com_-819x1024.jpg\" alt=\"Passeio \u00e0 Cavalo pela praia do Patacho - Hotel Pedras do Patacho\" class=\"wp-image-61095\" srcset=\"https:\/\/www.travel3.com.br\/site\/wp-content\/uploads\/2023\/06\/Passeio-a-Cavalo-pela-praia-do-Patacho-Hotel-Pedras-do-Patacho_Easy-Resize.com_-819x1024.jpg 819w, https:\/\/www.travel3.com.br\/site\/wp-content\/uploads\/2023\/06\/Passeio-a-Cavalo-pela-praia-do-Patacho-Hotel-Pedras-do-Patacho_Easy-Resize.com_-240x300.jpg 240w, https:\/\/www.travel3.com.br\/site\/wp-content\/uploads\/2023\/06\/Passeio-a-Cavalo-pela-praia-do-Patacho-Hotel-Pedras-do-Patacho_Easy-Resize.com_-768x960.jpg 768w, https:\/\/www.travel3.com.br\/site\/wp-content\/uploads\/2023\/06\/Passeio-a-Cavalo-pela-praia-do-Patacho-Hotel-Pedras-do-Patacho_Easy-Resize.com_-150x188.jpg 150w, https:\/\/www.travel3.com.br\/site\/wp-content\/uploads\/2023\/06\/Passeio-a-Cavalo-pela-praia-do-Patacho-Hotel-Pedras-do-Patacho_Easy-Resize.com_-750x938.jpg 750w, https:\/\/www.travel3.com.br\/site\/wp-content\/uploads\/2023\/06\/Passeio-a-Cavalo-pela-praia-do-Patacho-Hotel-Pedras-do-Patacho_Easy-Resize.com_.jpg 1024w\" sizes=\"auto, (max-width: 819px) 100vw, 819px\" \/><figcaption>Passeio \u00e0 Cavalo pela praia do Patacho &#8211; Hotel Pedras do Patacho (Foto: divulga\u00e7\u00e3o)<\/figcaption><\/figure><\/div>\n\n\n\n<h2 class=\"wp-block-heading\">1 &#8211; Pedras do Patacho, Alagoas: piscinas naturais, arquitetura local e experi\u00eancias de bem-estar<\/h2>\n\n\n\n<p>A regi\u00e3o de Porto de Pedras, no litoral norte de Alagoas, \u00e9 o cen\u00e1rio de um dos hot\u00e9is boutique mais encantadores do pa\u00eds, o <strong><a href=\"http:\/\/www.pedrasdopatacho.com.br\" target=\"_blank\" rel=\"noreferrer noopener\">Pedras do Patacho<\/a><\/strong>. Localizado em um munic\u00edpio preservado e praticamente deserto, o hotel oferece 23 acomoda\u00e7\u00f5es luxuosas, alinhando-se \u00e0 tend\u00eancia de valorizar viagens relacionadas ao bem-estar, em retiros especiais em cen\u00e1rios paradis\u00edacos, como a Praia do Patacho.<\/p>\n\n\n\n<div class=\"wp-block-image\"><figure class=\"aligncenter size-large is-resized\"><img loading=\"lazy\" decoding=\"async\" src=\"https:\/\/www.travel3.com.br\/site\/wp-content\/uploads\/2023\/06\/Bandeija-flutuante-de-cafe-da-manha-Pedras-do-Patacho_Easy-Resize.com_-682x1024.jpg\" alt=\"Hot\u00e9is Inspiradores - caf\u00e9 da manh\u00e3 - Pedras do Patacho\" class=\"wp-image-61096\" width=\"520\" height=\"781\" srcset=\"https:\/\/www.travel3.com.br\/site\/wp-content\/uploads\/2023\/06\/Bandeija-flutuante-de-cafe-da-manha-Pedras-do-Patacho_Easy-Resize.com_-682x1024.jpg 682w, https:\/\/www.travel3.com.br\/site\/wp-content\/uploads\/2023\/06\/Bandeija-flutuante-de-cafe-da-manha-Pedras-do-Patacho_Easy-Resize.com_-200x300.jpg 200w, https:\/\/www.travel3.com.br\/site\/wp-content\/uploads\/2023\/06\/Bandeija-flutuante-de-cafe-da-manha-Pedras-do-Patacho_Easy-Resize.com_-768x1152.jpg 768w, https:\/\/www.travel3.com.br\/site\/wp-content\/uploads\/2023\/06\/Bandeija-flutuante-de-cafe-da-manha-Pedras-do-Patacho_Easy-Resize.com_-150x225.jpg 150w, https:\/\/www.travel3.com.br\/site\/wp-content\/uploads\/2023\/06\/Bandeija-flutuante-de-cafe-da-manha-Pedras-do-Patacho_Easy-Resize.com_-750x1125.jpg 750w, https:\/\/www.travel3.com.br\/site\/wp-content\/uploads\/2023\/06\/Bandeija-flutuante-de-cafe-da-manha-Pedras-do-Patacho_Easy-Resize.com_.jpg 853w\" sizes=\"auto, (max-width: 520px) 100vw, 520px\" \/><figcaption>Caf\u00e9 da manh\u00e3 em bandeja flutuante no Pedras do Patacho (Foto: divulga\u00e7\u00e3o)<\/figcaption><\/figure><\/div>\n\n\n\n<p>Cada momento passado no hotel e na regi\u00e3o merece uma bela foto. O caf\u00e9 da manh\u00e3 servido em uma bandeja flutuante, feita com madeira de reflorestamento, jantares sob as estrelas, passeios a cavalo pela praia e pelas piscinas naturais, aulas de yoga e o deslumbrante spa <strong>Sisley<\/strong> s\u00e3o apenas algumas das experi\u00eancias sensoriais que rendem conte\u00fados incr\u00edveis para as redes sociais.<\/p>\n\n\n\n<div class=\"wp-block-image\"><figure class=\"aligncenter size-large\"><img loading=\"lazy\" decoding=\"async\" width=\"1024\" height=\"682\" src=\"https:\/\/www.travel3.com.br\/site\/wp-content\/uploads\/2023\/06\/Shangri-la-Le-Touessrok-Resort-Spa-Ilhas-Mauricio_Easy-Resize.com_-1024x682.jpg\" alt=\"Shangri-la Hotel Ilhas Maur\u00edcio\" class=\"wp-image-61103\" srcset=\"https:\/\/www.travel3.com.br\/site\/wp-content\/uploads\/2023\/06\/Shangri-la-Le-Touessrok-Resort-Spa-Ilhas-Mauricio_Easy-Resize.com_-1024x682.jpg 1024w, https:\/\/www.travel3.com.br\/site\/wp-content\/uploads\/2023\/06\/Shangri-la-Le-Touessrok-Resort-Spa-Ilhas-Mauricio_Easy-Resize.com_-300x200.jpg 300w, https:\/\/www.travel3.com.br\/site\/wp-content\/uploads\/2023\/06\/Shangri-la-Le-Touessrok-Resort-Spa-Ilhas-Mauricio_Easy-Resize.com_-768x512.jpg 768w, https:\/\/www.travel3.com.br\/site\/wp-content\/uploads\/2023\/06\/Shangri-la-Le-Touessrok-Resort-Spa-Ilhas-Mauricio_Easy-Resize.com_-150x100.jpg 150w, https:\/\/www.travel3.com.br\/site\/wp-content\/uploads\/2023\/06\/Shangri-la-Le-Touessrok-Resort-Spa-Ilhas-Mauricio_Easy-Resize.com_-750x500.jpg 750w, https:\/\/www.travel3.com.br\/site\/wp-content\/uploads\/2023\/06\/Shangri-la-Le-Touessrok-Resort-Spa-Ilhas-Mauricio_Easy-Resize.com_-1140x760.jpg 1140w, https:\/\/www.travel3.com.br\/site\/wp-content\/uploads\/2023\/06\/Shangri-la-Le-Touessrok-Resort-Spa-Ilhas-Mauricio_Easy-Resize.com_.jpg 1280w\" sizes=\"auto, (max-width: 1024px) 100vw, 1024px\" \/><figcaption>Shangri-la Hotel Ilhas Maur\u00edcio (Foto: divulga\u00e7\u00e3o)<\/figcaption><\/figure><\/div>\n\n\n\n<h2 class=\"wp-block-heading\">2 &#8211; Shangri-la Hotel Ilhas Maur\u00edcio: uma das ilhas mais &#8220;instagram\u00e1veis&#8221; do mundo<\/h2>\n\n\n\n<p>As Ilhas Maur\u00edcio, por si s\u00f3, j\u00e1 s\u00e3o consideradas um dos destinos mais &#8220;instagram\u00e1veis&#8221; do mundo, com suas \u00e1guas cristalinas e praias desertas. O <strong><a href=\"https:\/\/www.shangri-la.com\/mauritius\/shangrila\/\" target=\"_blank\" rel=\"noreferrer noopener\">Le Touessrok Resort &amp; Spa<\/a><\/strong>, pertencente \u00e0 rede asi\u00e1tica de luxo Shangri-La Hotels, est\u00e1 localizado na costa leste da ilha, em uma das ba\u00edas mais deslumbrantes da regi\u00e3o.<\/p>\n\n\n\n<p>Com suas 200 su\u00edtes, o hotel oferece vistas panor\u00e2micas das \u00e1guas azul-turquesa do Oceano \u00cdndico, e os h\u00f3spedes t\u00eam acesso privado \u00e0 Pen\u00ednsula de Ilot Mangenie &#8211; uma pequena ilha de areia branca e vegeta\u00e7\u00e3o exuberante, que proporciona uma das experi\u00eancias mais incr\u00edveis da viagem, segundo os turistas.<\/p>\n\n\n\n<div class=\"wp-block-image\"><figure class=\"aligncenter size-large\"><img loading=\"lazy\" decoding=\"async\" width=\"1024\" height=\"682\" src=\"https:\/\/www.travel3.com.br\/site\/wp-content\/uploads\/2023\/06\/Botanique-Hotel-Spa_Easy-Resize.com_-1024x682.jpg\" alt=\"Hot\u00e9is Inspiradores - Botanique Hotel &amp; Spa\" class=\"wp-image-61098\" srcset=\"https:\/\/www.travel3.com.br\/site\/wp-content\/uploads\/2023\/06\/Botanique-Hotel-Spa_Easy-Resize.com_-1024x682.jpg 1024w, https:\/\/www.travel3.com.br\/site\/wp-content\/uploads\/2023\/06\/Botanique-Hotel-Spa_Easy-Resize.com_-300x200.jpg 300w, https:\/\/www.travel3.com.br\/site\/wp-content\/uploads\/2023\/06\/Botanique-Hotel-Spa_Easy-Resize.com_-768x512.jpg 768w, https:\/\/www.travel3.com.br\/site\/wp-content\/uploads\/2023\/06\/Botanique-Hotel-Spa_Easy-Resize.com_-150x100.jpg 150w, https:\/\/www.travel3.com.br\/site\/wp-content\/uploads\/2023\/06\/Botanique-Hotel-Spa_Easy-Resize.com_-750x500.jpg 750w, https:\/\/www.travel3.com.br\/site\/wp-content\/uploads\/2023\/06\/Botanique-Hotel-Spa_Easy-Resize.com_-1140x760.jpg 1140w, https:\/\/www.travel3.com.br\/site\/wp-content\/uploads\/2023\/06\/Botanique-Hotel-Spa_Easy-Resize.com_.jpg 1280w\" sizes=\"auto, (max-width: 1024px) 100vw, 1024px\" \/><figcaption>Botanique Hotel &amp; Spa (Foto: divulga\u00e7\u00e3o)<\/figcaption><\/figure><\/div>\n\n\n\n<h2 class=\"wp-block-heading\">3 &#8211; Botanique Hotel &amp; Spa: montanhas da Serra da Mantiqueira, mais de 300 hortas e experi\u00eancias sustent\u00e1veis<\/h2>\n\n\n\n<p>Localizado no cora\u00e7\u00e3o da Serra da Mantiqueira, o <strong><a href=\"http:\/\/www.botanique.com.br\" target=\"_blank\" rel=\"noreferrer noopener\">Botanique Hotel &amp; Spa <\/a><\/strong>possui uma \u00e1rea de 283 hectares de exuberante mata atl\u00e2ntica e tem a sustentabilidade como um de seus princ\u00edpios fundamentais. Todas as atividades oferecidas aos h\u00f3spedes t\u00eam como objetivo reconectar as pessoas com a natureza e com o ambiente privilegiado que o rodeia.<\/p>\n\n\n\n<div class=\"wp-block-image\"><figure class=\"aligncenter size-large is-resized\"><img loading=\"lazy\" decoding=\"async\" src=\"https:\/\/www.travel3.com.br\/site\/wp-content\/uploads\/2022\/12\/Piscina-Isotonica-Botanique-Hotel-Spa_Easy-Resize.com_-1024x682.jpg\" alt=\"Piscina Isotonica, no Six Senses Botanique\" class=\"wp-image-54728\" width=\"807\" height=\"537\" srcset=\"https:\/\/www.travel3.com.br\/site\/wp-content\/uploads\/2022\/12\/Piscina-Isotonica-Botanique-Hotel-Spa_Easy-Resize.com_-1024x682.jpg 1024w, https:\/\/www.travel3.com.br\/site\/wp-content\/uploads\/2022\/12\/Piscina-Isotonica-Botanique-Hotel-Spa_Easy-Resize.com_-300x200.jpg 300w, https:\/\/www.travel3.com.br\/site\/wp-content\/uploads\/2022\/12\/Piscina-Isotonica-Botanique-Hotel-Spa_Easy-Resize.com_-768x512.jpg 768w, https:\/\/www.travel3.com.br\/site\/wp-content\/uploads\/2022\/12\/Piscina-Isotonica-Botanique-Hotel-Spa_Easy-Resize.com_-150x100.jpg 150w, https:\/\/www.travel3.com.br\/site\/wp-content\/uploads\/2022\/12\/Piscina-Isotonica-Botanique-Hotel-Spa_Easy-Resize.com_-750x500.jpg 750w, https:\/\/www.travel3.com.br\/site\/wp-content\/uploads\/2022\/12\/Piscina-Isotonica-Botanique-Hotel-Spa_Easy-Resize.com_-1140x760.jpg 1140w, https:\/\/www.travel3.com.br\/site\/wp-content\/uploads\/2022\/12\/Piscina-Isotonica-Botanique-Hotel-Spa_Easy-Resize.com_.jpg 1280w\" sizes=\"auto, (max-width: 807px) 100vw, 807px\" \/><figcaption>Piscina Isotonica, no Botanique Hotel &amp; Spa  (Foto: Andr\u00e9 Klotz\/Divulga\u00e7\u00e3o)<\/figcaption><\/figure><\/div>\n\n\n\n<p>Uma das experi\u00eancias mais interativas e populares nas redes sociais acontece no The Lab, onde os produtos cultivados nos jardins do pr\u00f3prio hotel s\u00e3o desidratados. Essa atividade \u00e9 aberta ao p\u00fablico e inclui workshops nos quais os participantes aprendem a fazer sais de banho, cremes esfoliantes e hidratantes. O spa tamb\u00e9m \u00e9 um espet\u00e1culo \u00e0 parte para os &#8220;instagramers&#8221;, com sua piscina isot\u00f4nica e sauna com vista para a mata atl\u00e2ntica. O <strong><a href=\"https:\/\/www.travel3.com.br\/ferias-e-feriados\/feriado-na-montanha-ou-no-mar\/\" target=\"_blank\" rel=\"noreferrer noopener\">Botanique Hotel &amp; Spa<\/a><\/strong> \u00e9 um dos hot\u00e9is mais concorridos da Mantiqueira.<\/p>\n\n\n\n<div class=\"wp-block-image\"><figure class=\"aligncenter size-large\"><img loading=\"lazy\" decoding=\"async\" width=\"1024\" height=\"682\" src=\"https:\/\/www.travel3.com.br\/site\/wp-content\/uploads\/2023\/06\/Casa-Brasileira-Praia-do-Patacho_Easy-Resize.com_-1024x682.jpg\" alt=\"Hot\u00e9is Inspiradores - Casa Brasileira\" class=\"wp-image-61100\" srcset=\"https:\/\/www.travel3.com.br\/site\/wp-content\/uploads\/2023\/06\/Casa-Brasileira-Praia-do-Patacho_Easy-Resize.com_-1024x682.jpg 1024w, https:\/\/www.travel3.com.br\/site\/wp-content\/uploads\/2023\/06\/Casa-Brasileira-Praia-do-Patacho_Easy-Resize.com_-300x200.jpg 300w, https:\/\/www.travel3.com.br\/site\/wp-content\/uploads\/2023\/06\/Casa-Brasileira-Praia-do-Patacho_Easy-Resize.com_-768x512.jpg 768w, https:\/\/www.travel3.com.br\/site\/wp-content\/uploads\/2023\/06\/Casa-Brasileira-Praia-do-Patacho_Easy-Resize.com_-150x100.jpg 150w, https:\/\/www.travel3.com.br\/site\/wp-content\/uploads\/2023\/06\/Casa-Brasileira-Praia-do-Patacho_Easy-Resize.com_-750x500.jpg 750w, https:\/\/www.travel3.com.br\/site\/wp-content\/uploads\/2023\/06\/Casa-Brasileira-Praia-do-Patacho_Easy-Resize.com_-1140x760.jpg 1140w, https:\/\/www.travel3.com.br\/site\/wp-content\/uploads\/2023\/06\/Casa-Brasileira-Praia-do-Patacho_Easy-Resize.com_.jpg 1280w\" sizes=\"auto, (max-width: 1024px) 100vw, 1024px\" \/><figcaption> Casa Brasileira, na Praia do Patacho , um dos Hot\u00e9is Inspiradores -(Foto: divulga\u00e7\u00e3o)<\/figcaption><\/figure><\/div>\n\n\n\n<h2 class=\"wp-block-heading\">4 &#8211; Casa Brasileira, Praia do Patacho, Alagoas: Hotel Galeria com obras de arte e livros em meio a uma praia exuberante<\/h2>\n\n\n\n<p>Localizada \u00e0 beira da praia, a <strong><a href=\"https:\/\/casabrasileirahotel.com.br\/\" target=\"_blank\" rel=\"noreferrer noopener\">Casa Brasileira<\/a><\/strong> apresenta uma constru\u00e7\u00e3o ancorada em elementos locais. O hotel pode ser reservado por completo para desfrutar com a fam\u00edlia ou apenas uma das confort\u00e1veis acomoda\u00e7\u00f5es. Com uma abund\u00e2ncia de arte local, livros e uma atmosfera descontra\u00edda, a Casa Brasileira \u00e9 conhecida como um Hotel Galeria, perfeito para quem busca conte\u00fados que unam turismo e cultura local.<\/p>\n\n\n\n<div class=\"wp-block-image\"><figure class=\"aligncenter size-large\"><img loading=\"lazy\" decoding=\"async\" width=\"682\" height=\"1024\" src=\"https:\/\/www.travel3.com.br\/site\/wp-content\/uploads\/2023\/06\/jardim-casa-brasileira_Easy-Resize.com_-682x1024.jpg\" alt=\"Jardins vista mar do Casa Brasileira\" class=\"wp-image-61113\" srcset=\"https:\/\/www.travel3.com.br\/site\/wp-content\/uploads\/2023\/06\/jardim-casa-brasileira_Easy-Resize.com_-682x1024.jpg 682w, https:\/\/www.travel3.com.br\/site\/wp-content\/uploads\/2023\/06\/jardim-casa-brasileira_Easy-Resize.com_-200x300.jpg 200w, https:\/\/www.travel3.com.br\/site\/wp-content\/uploads\/2023\/06\/jardim-casa-brasileira_Easy-Resize.com_-768x1152.jpg 768w, https:\/\/www.travel3.com.br\/site\/wp-content\/uploads\/2023\/06\/jardim-casa-brasileira_Easy-Resize.com_-150x225.jpg 150w, https:\/\/www.travel3.com.br\/site\/wp-content\/uploads\/2023\/06\/jardim-casa-brasileira_Easy-Resize.com_-750x1125.jpg 750w, https:\/\/www.travel3.com.br\/site\/wp-content\/uploads\/2023\/06\/jardim-casa-brasileira_Easy-Resize.com_.jpg 853w\" sizes=\"auto, (max-width: 682px) 100vw, 682px\" \/><figcaption>Jardins com vista para o mar do Casa Brasileira (Foto: divulga\u00e7\u00e3o)<\/figcaption><\/figure><\/div>\n\n\n\n<p> S\u00e3o sete su\u00edtes, cada uma com uma decora\u00e7\u00e3o deslumbrante que expressa a eleg\u00e2ncia da <strong><a href=\"https:\/\/www.travel3.com.br\/comece-a-viajar\/7-residencias-que-foram-transformadas-em-hoteis-de-luxo\/\" target=\"_blank\" rel=\"noreferrer noopener\">hospitalidade brasileira<\/a><\/strong>, ao mesmo tempo em que mant\u00e9m suas ra\u00edzes passadas e contempor\u00e2neas.<\/p>\n\n\n\n<div class=\"wp-block-image\"><figure class=\"aligncenter size-large\"><img loading=\"lazy\" decoding=\"async\" width=\"1024\" height=\"682\" src=\"https:\/\/www.travel3.com.br\/site\/wp-content\/uploads\/2023\/06\/Casa-da-Montanha-Fazenda-Santa-Vitoria_Easy-Resize.com_-1024x682.jpg\" alt=\"Hot\u00e9is Inspiradores - Acomoda\u00e7\u00e3o da Fazenda Santa Vitoria\" class=\"wp-image-61104\" srcset=\"https:\/\/www.travel3.com.br\/site\/wp-content\/uploads\/2023\/06\/Casa-da-Montanha-Fazenda-Santa-Vitoria_Easy-Resize.com_-1024x682.jpg 1024w, https:\/\/www.travel3.com.br\/site\/wp-content\/uploads\/2023\/06\/Casa-da-Montanha-Fazenda-Santa-Vitoria_Easy-Resize.com_-300x200.jpg 300w, https:\/\/www.travel3.com.br\/site\/wp-content\/uploads\/2023\/06\/Casa-da-Montanha-Fazenda-Santa-Vitoria_Easy-Resize.com_-768x512.jpg 768w, https:\/\/www.travel3.com.br\/site\/wp-content\/uploads\/2023\/06\/Casa-da-Montanha-Fazenda-Santa-Vitoria_Easy-Resize.com_-150x100.jpg 150w, https:\/\/www.travel3.com.br\/site\/wp-content\/uploads\/2023\/06\/Casa-da-Montanha-Fazenda-Santa-Vitoria_Easy-Resize.com_-750x500.jpg 750w, https:\/\/www.travel3.com.br\/site\/wp-content\/uploads\/2023\/06\/Casa-da-Montanha-Fazenda-Santa-Vitoria_Easy-Resize.com_-1140x760.jpg 1140w, https:\/\/www.travel3.com.br\/site\/wp-content\/uploads\/2023\/06\/Casa-da-Montanha-Fazenda-Santa-Vitoria_Easy-Resize.com_.jpg 1280w\" sizes=\"auto, (max-width: 1024px) 100vw, 1024px\" \/><figcaption> Acomoda\u00e7\u00e3o da Fazenda Santa Vitoria (Foto: divulga\u00e7\u00e3o)<\/figcaption><\/figure><\/div>\n\n\n\n<h2 class=\"wp-block-heading\">5 &#8211; Fazenda Santa Vit\u00f3ria, Queluz: conte\u00fado rural e cultural do Vale do Para\u00edba<\/h2>\n\n\n\n<p>A <strong><a href=\"https:\/\/fazendasantavitoria.com.br\/\" target=\"_blank\" rel=\"noreferrer noopener\">Fazenda Santa Vit\u00f3ria<\/a><\/strong>, em Queluz, \u00e9 um exemplo da arquitetura rural e da cultura do Vale do Para\u00edba. Datada do s\u00e9culo XIX, durante o ciclo do caf\u00e9, a fazenda completar\u00e1 100 anos em 2023. Hoje em dia, ela se transformou em um encantador ref\u00fagio no interior de S\u00e3o Paulo, com acomoda\u00e7\u00f5es charmosas e confort\u00e1veis.<\/p>\n\n\n\n<div class=\"wp-block-image\"><figure class=\"aligncenter size-large is-resized\"><img loading=\"lazy\" decoding=\"async\" src=\"https:\/\/www.travel3.com.br\/site\/wp-content\/uploads\/2023\/06\/cachoeira-Fazenda-sta-vitoria_Easy-Resize.com_-1024x683.jpg\" alt=\"Cachoeira regi\u00e3o - Fazenda Santa Vitoria\" class=\"wp-image-61099\" width=\"824\" height=\"549\" srcset=\"https:\/\/www.travel3.com.br\/site\/wp-content\/uploads\/2023\/06\/cachoeira-Fazenda-sta-vitoria_Easy-Resize.com_-1024x683.jpg 1024w, https:\/\/www.travel3.com.br\/site\/wp-content\/uploads\/2023\/06\/cachoeira-Fazenda-sta-vitoria_Easy-Resize.com_-300x200.jpg 300w, https:\/\/www.travel3.com.br\/site\/wp-content\/uploads\/2023\/06\/cachoeira-Fazenda-sta-vitoria_Easy-Resize.com_-768x512.jpg 768w, https:\/\/www.travel3.com.br\/site\/wp-content\/uploads\/2023\/06\/cachoeira-Fazenda-sta-vitoria_Easy-Resize.com_-150x100.jpg 150w, https:\/\/www.travel3.com.br\/site\/wp-content\/uploads\/2023\/06\/cachoeira-Fazenda-sta-vitoria_Easy-Resize.com_-750x500.jpg 750w, https:\/\/www.travel3.com.br\/site\/wp-content\/uploads\/2023\/06\/cachoeira-Fazenda-sta-vitoria_Easy-Resize.com_-1140x761.jpg 1140w, https:\/\/www.travel3.com.br\/site\/wp-content\/uploads\/2023\/06\/cachoeira-Fazenda-sta-vitoria_Easy-Resize.com_.jpg 1280w\" sizes=\"auto, (max-width: 824px) 100vw, 824px\" \/><figcaption>Cachoeira na regi\u00e3o da Fazenda Santa Vitoria (Foto: divulga\u00e7\u00e3o)<\/figcaption><\/figure><\/div>\n\n\n\n<p>Al\u00e9m de contribuir para a preserva\u00e7\u00e3o do patrim\u00f4nio hist\u00f3rico da regi\u00e3o, a Fazenda Santa Vit\u00f3ria permite que os h\u00f3spedes desfrutem de uma hospitalidade genuinamente rural e conhe\u00e7am os belos cen\u00e1rios ao redor, com seus 4 mil hectares cravados na Serra da Mantiqueira. Riachos com \u00e1gua cristalina, pastos, florestas e um contato pr\u00f3ximo com a natureza garantem uma experi\u00eancia de retiro desejada e aut\u00eantica de turismo rural.<\/p>\n\n\n\n<div class=\"wp-block-image\"><figure class=\"aligncenter size-large\"><img loading=\"lazy\" decoding=\"async\" width=\"1024\" height=\"770\" src=\"https:\/\/www.travel3.com.br\/site\/wp-content\/uploads\/2023\/06\/Eiffel-Duplex-Terrace-Suite-1_Easy-Resize.com_-1024x770.jpg\" alt=\"Eiffel-Duplex-Terrace-Suite\" class=\"wp-image-61106\" srcset=\"https:\/\/www.travel3.com.br\/site\/wp-content\/uploads\/2023\/06\/Eiffel-Duplex-Terrace-Suite-1_Easy-Resize.com_-1024x770.jpg 1024w, https:\/\/www.travel3.com.br\/site\/wp-content\/uploads\/2023\/06\/Eiffel-Duplex-Terrace-Suite-1_Easy-Resize.com_-300x225.jpg 300w, https:\/\/www.travel3.com.br\/site\/wp-content\/uploads\/2023\/06\/Eiffel-Duplex-Terrace-Suite-1_Easy-Resize.com_-768x577.jpg 768w, https:\/\/www.travel3.com.br\/site\/wp-content\/uploads\/2023\/06\/Eiffel-Duplex-Terrace-Suite-1_Easy-Resize.com_-150x113.jpg 150w, https:\/\/www.travel3.com.br\/site\/wp-content\/uploads\/2023\/06\/Eiffel-Duplex-Terrace-Suite-1_Easy-Resize.com_-750x564.jpg 750w, https:\/\/www.travel3.com.br\/site\/wp-content\/uploads\/2023\/06\/Eiffel-Duplex-Terrace-Suite-1_Easy-Resize.com_-1140x857.jpg 1140w, https:\/\/www.travel3.com.br\/site\/wp-content\/uploads\/2023\/06\/Eiffel-Duplex-Terrace-Suite-1_Easy-Resize.com_.jpg 1280w\" sizes=\"auto, (max-width: 1024px) 100vw, 1024px\" \/><figcaption>Suite do Shangri-La Paris (Foto: divulga\u00e7\u00e3o)<\/figcaption><\/figure><\/div>\n\n\n\n<h2 class=\"wp-block-heading\">6 &#8211; Shangri-La Paris: a casa particular do pr\u00edncipe Roland Bonaparte<\/h2>\n\n\n\n<p>N\u00e3o poder\u00edamos deixar de incluir a bela cidade luz na lista. O <strong><a href=\"https:\/\/www.shangri-la.com\/paris\/shangrila\/\" target=\"_blank\" rel=\"noreferrer noopener\">Shangri-La Hotel<\/a><\/strong>, Paris est\u00e1 localizado no 16\u00e8me arrondissement e foi originalmente a resid\u00eancia particular do pr\u00edncipe Roland Bonaparte, sobrinho-neto de Napole\u00e3o Bonaparte. Restaurado em todo o seu esplendor original com o status de pal\u00e1cio, o hotel oferece 101 quartos, incluindo 36 su\u00edtes, quase metade das quais t\u00eam vistas diretas para o Rio Sena e a Torre Eiffel.<\/p>\n\n\n\n<div class=\"wp-block-image\"><figure class=\"aligncenter size-large\"><img loading=\"lazy\" decoding=\"async\" width=\"1024\" height=\"770\" src=\"https:\/\/www.travel3.com.br\/site\/wp-content\/uploads\/2023\/06\/Terrace_Easy-Resize.com_-1024x770.jpg\" alt=\"Shangri-La Paris - Terra\u00e7o\" class=\"wp-image-61117\" srcset=\"https:\/\/www.travel3.com.br\/site\/wp-content\/uploads\/2023\/06\/Terrace_Easy-Resize.com_-1024x770.jpg 1024w, https:\/\/www.travel3.com.br\/site\/wp-content\/uploads\/2023\/06\/Terrace_Easy-Resize.com_-300x225.jpg 300w, https:\/\/www.travel3.com.br\/site\/wp-content\/uploads\/2023\/06\/Terrace_Easy-Resize.com_-768x577.jpg 768w, https:\/\/www.travel3.com.br\/site\/wp-content\/uploads\/2023\/06\/Terrace_Easy-Resize.com_-150x113.jpg 150w, https:\/\/www.travel3.com.br\/site\/wp-content\/uploads\/2023\/06\/Terrace_Easy-Resize.com_-750x564.jpg 750w, https:\/\/www.travel3.com.br\/site\/wp-content\/uploads\/2023\/06\/Terrace_Easy-Resize.com_-1140x857.jpg 1140w, https:\/\/www.travel3.com.br\/site\/wp-content\/uploads\/2023\/06\/Terrace_Easy-Resize.com_.jpg 1280w\" sizes=\"auto, (max-width: 1024px) 100vw, 1024px\" \/><figcaption>Terra\u00e7o do Shangri-La Paris (Foto: divulga\u00e7\u00e3o)<\/figcaption><\/figure><\/div>\n\n\n\n<p>O hotel oferece experi\u00eancias gastron\u00f4micas \u00fanicas em seus tr\u00eas restaurantes: L&#8217;Abeille, um restaurante franc\u00eas premiado com duas estrelas Michelin; Shang Palace, especializado em cozinha cantonesa e alta gastronomia, com uma estrela Michelin; e La Bauhinia, que combina a culin\u00e1ria francesa com a do sudeste asi\u00e1tico. O hotel tamb\u00e9m conta com instala\u00e7\u00f5es de lazer, como piscina coberta, spa e academia de gin\u00e1stica. N\u00e3o h\u00e1 d\u00favidas de que esse local rende fotos incr\u00edveis para as redes sociais.<\/p>\n\n\n\n<p>Esses s\u00e3o apenas 6 exemplos de hot\u00e9is e locais que seguem as tend\u00eancias para conte\u00fado de viagens nas m\u00eddias sociais. Cada um deles oferece experi\u00eancias \u00fanicas e cen\u00e1rios deslumbrantes que certamente render\u00e3o bel\u00edssimos conte\u00fados para inspirar e engajar viajantes em busca de momentos aut\u00eanticos e especiais.<\/p>\n\n\n\n<p><\/p>\n","protected":false},"excerpt":{"rendered":"<p>Dicas para compartilhar momentos inesquec\u00edveis em destinos Instagram\u00e1veis<\/p>\n","protected":false},"author":6,"featured_media":61097,"comment_status":"open","ping_status":"open","sticky":false,"template":"","format":"standard","meta":{"footnotes":""},"categories":[226,7,4882,167],"tags":[5430,5642,618,5643,5641],"class_list":["post-61094","post","type-post","status-publish","format-standard","has-post-thumbnail","hentry","category-destaque","category-dicas","category-home","category-hotel","tag-hoteis-de-luxo","tag-hoteis-instagramaveis","tag-instagram","tag-instagramaveis","tag-midias-sociais"],"yoast_head":"<!-- This site is optimized with the Yoast SEO plugin v26.2 - https:\/\/yoast.com\/wordpress\/plugins\/seo\/ -->\n<title>Explore experi\u00eancias exclusivas em 6 Hot\u00e9is Inspiradores - Travel3<\/title>\n<meta name=\"description\" content=\"Explore experi\u00eancias exclusivas em 6 Hot\u00e9is Inspiradores; Dicas para compartilhar momentos inesquec\u00edveis em destinos Instagram\u00e1veis\" \/>\n<meta name=\"robots\" content=\"index, follow, max-snippet:-1, max-image-preview:large, max-video-preview:-1\" \/>\n<link rel=\"canonical\" href=\"https:\/\/www.travel3.com.br\/site\/destaque\/explore-experiencias-exclusivas-em-6-hoteis-inspiradores\/\" \/>\n<meta property=\"og:locale\" content=\"pt_BR\" \/>\n<meta property=\"og:type\" content=\"article\" \/>\n<meta property=\"og:title\" content=\"Explore experi\u00eancias exclusivas em 6 Hot\u00e9is Inspiradores - Travel3\" \/>\n<meta property=\"og:description\" content=\"Explore experi\u00eancias exclusivas em 6 Hot\u00e9is Inspiradores; Dicas para compartilhar momentos inesquec\u00edveis em destinos Instagram\u00e1veis\" \/>\n<meta property=\"og:url\" content=\"https:\/\/www.travel3.com.br\/site\/destaque\/explore-experiencias-exclusivas-em-6-hoteis-inspiradores\/\" \/>\n<meta property=\"og:site_name\" content=\"Travel3\" \/>\n<meta property=\"article:publisher\" content=\"https:\/\/www.facebook.com\/travel3media\/\" \/>\n<meta property=\"article:published_time\" content=\"2023-06-30T10:00:00+00:00\" \/>\n<meta property=\"article:modified_time\" content=\"2023-06-30T13:38:00+00:00\" \/>\n<meta property=\"og:image\" content=\"https:\/\/www.travel3.com.br\/site\/wp-content\/uploads\/2023\/06\/BAR-A-CIEL-OUVERT-BY-KRUG-MD-\u00aeRomeoBalancourt._Easy-Resize.com_.jpg\" \/>\n\t<meta property=\"og:image:width\" content=\"1280\" \/>\n\t<meta property=\"og:image:height\" content=\"914\" \/>\n\t<meta property=\"og:image:type\" content=\"image\/jpeg\" \/>\n<meta name=\"author\" content=\"Reda\u00e7\u00e3o Travel3\" \/>\n<meta name=\"twitter:card\" content=\"summary_large_image\" \/>\n<meta name=\"twitter:label1\" content=\"Escrito por\" \/>\n\t<meta name=\"twitter:data1\" content=\"Reda\u00e7\u00e3o Travel3\" \/>\n\t<meta name=\"twitter:label2\" content=\"Est. tempo de leitura\" \/>\n\t<meta name=\"twitter:data2\" content=\"9 minutos\" \/>\n<script type=\"application\/ld+json\" class=\"yoast-schema-graph\">{\"@context\":\"https:\/\/schema.org\",\"@graph\":[{\"@type\":\"Article\",\"@id\":\"https:\/\/www.travel3.com.br\/site\/destaque\/explore-experiencias-exclusivas-em-6-hoteis-inspiradores\/#article\",\"isPartOf\":{\"@id\":\"https:\/\/www.travel3.com.br\/site\/destaque\/explore-experiencias-exclusivas-em-6-hoteis-inspiradores\/\"},\"author\":{\"name\":\"Reda\u00e7\u00e3o Travel3\",\"@id\":\"https:\/\/www.travel3.com.br\/site\/#\/schema\/person\/9cff8daac0a2f1aa0799f827b8aa8308\"},\"headline\":\"Explore experi\u00eancias exclusivas em 6 Hot\u00e9is Inspiradores\",\"datePublished\":\"2023-06-30T10:00:00+00:00\",\"dateModified\":\"2023-06-30T13:38:00+00:00\",\"mainEntityOfPage\":{\"@id\":\"https:\/\/www.travel3.com.br\/site\/destaque\/explore-experiencias-exclusivas-em-6-hoteis-inspiradores\/\"},\"wordCount\":1308,\"commentCount\":0,\"publisher\":{\"@id\":\"https:\/\/www.travel3.com.br\/site\/#organization\"},\"image\":{\"@id\":\"https:\/\/www.travel3.com.br\/site\/destaque\/explore-experiencias-exclusivas-em-6-hoteis-inspiradores\/#primaryimage\"},\"thumbnailUrl\":\"https:\/\/www.travel3.com.br\/site\/wp-content\/uploads\/2023\/06\/BAR-A-CIEL-OUVERT-BY-KRUG-MD-\u00aeRomeoBalancourt._Easy-Resize.com_.jpg\",\"keywords\":[\"hot\u00e9is de luxo\",\"Hot\u00e9is instagram\u00e1veis\",\"instagram\",\"Instagram\u00e1veis\",\"Midias Sociais\"],\"articleSection\":[\"Destaque\",\"Dicas\",\"Home\",\"Hotel\"],\"inLanguage\":\"pt-BR\",\"potentialAction\":[{\"@type\":\"CommentAction\",\"name\":\"Comment\",\"target\":[\"https:\/\/www.travel3.com.br\/site\/destaque\/explore-experiencias-exclusivas-em-6-hoteis-inspiradores\/#respond\"]}]},{\"@type\":\"WebPage\",\"@id\":\"https:\/\/www.travel3.com.br\/site\/destaque\/explore-experiencias-exclusivas-em-6-hoteis-inspiradores\/\",\"url\":\"https:\/\/www.travel3.com.br\/site\/destaque\/explore-experiencias-exclusivas-em-6-hoteis-inspiradores\/\",\"name\":\"Explore experi\u00eancias exclusivas em 6 Hot\u00e9is Inspiradores - Travel3\",\"isPartOf\":{\"@id\":\"https:\/\/www.travel3.com.br\/site\/#website\"},\"primaryImageOfPage\":{\"@id\":\"https:\/\/www.travel3.com.br\/site\/destaque\/explore-experiencias-exclusivas-em-6-hoteis-inspiradores\/#primaryimage\"},\"image\":{\"@id\":\"https:\/\/www.travel3.com.br\/site\/destaque\/explore-experiencias-exclusivas-em-6-hoteis-inspiradores\/#primaryimage\"},\"thumbnailUrl\":\"https:\/\/www.travel3.com.br\/site\/wp-content\/uploads\/2023\/06\/BAR-A-CIEL-OUVERT-BY-KRUG-MD-\u00aeRomeoBalancourt._Easy-Resize.com_.jpg\",\"datePublished\":\"2023-06-30T10:00:00+00:00\",\"dateModified\":\"2023-06-30T13:38:00+00:00\",\"description\":\"Explore experi\u00eancias exclusivas em 6 Hot\u00e9is Inspiradores; Dicas para compartilhar momentos inesquec\u00edveis em destinos Instagram\u00e1veis\",\"breadcrumb\":{\"@id\":\"https:\/\/www.travel3.com.br\/site\/destaque\/explore-experiencias-exclusivas-em-6-hoteis-inspiradores\/#breadcrumb\"},\"inLanguage\":\"pt-BR\",\"potentialAction\":[{\"@type\":\"ReadAction\",\"target\":[\"https:\/\/www.travel3.com.br\/site\/destaque\/explore-experiencias-exclusivas-em-6-hoteis-inspiradores\/\"]}]},{\"@type\":\"ImageObject\",\"inLanguage\":\"pt-BR\",\"@id\":\"https:\/\/www.travel3.com.br\/site\/destaque\/explore-experiencias-exclusivas-em-6-hoteis-inspiradores\/#primaryimage\",\"url\":\"https:\/\/www.travel3.com.br\/site\/wp-content\/uploads\/2023\/06\/BAR-A-CIEL-OUVERT-BY-KRUG-MD-\u00aeRomeoBalancourt._Easy-Resize.com_.jpg\",\"contentUrl\":\"https:\/\/www.travel3.com.br\/site\/wp-content\/uploads\/2023\/06\/BAR-A-CIEL-OUVERT-BY-KRUG-MD-\u00aeRomeoBalancourt._Easy-Resize.com_.jpg\",\"width\":1280,\"height\":914,\"caption\":\"Foto: \u00aeRomeoBalancourt\/Divulga\u00e7\u00e3o\"},{\"@type\":\"BreadcrumbList\",\"@id\":\"https:\/\/www.travel3.com.br\/site\/destaque\/explore-experiencias-exclusivas-em-6-hoteis-inspiradores\/#breadcrumb\",\"itemListElement\":[{\"@type\":\"ListItem\",\"position\":1,\"name\":\"In\u00edcio\",\"item\":\"https:\/\/www.travel3.com.br\/site\/\"},{\"@type\":\"ListItem\",\"position\":2,\"name\":\"Explore experi\u00eancias exclusivas em 6 Hot\u00e9is Inspiradores\"}]},{\"@type\":\"WebSite\",\"@id\":\"https:\/\/www.travel3.com.br\/site\/#website\",\"url\":\"https:\/\/www.travel3.com.br\/site\/\",\"name\":\"Travel3\",\"description\":\"Lazer + Neg&oacute;cios + Aventura\",\"publisher\":{\"@id\":\"https:\/\/www.travel3.com.br\/site\/#organization\"},\"potentialAction\":[{\"@type\":\"SearchAction\",\"target\":{\"@type\":\"EntryPoint\",\"urlTemplate\":\"https:\/\/www.travel3.com.br\/site\/?s={search_term_string}\"},\"query-input\":{\"@type\":\"PropertyValueSpecification\",\"valueRequired\":true,\"valueName\":\"search_term_string\"}}],\"inLanguage\":\"pt-BR\"},{\"@type\":\"Organization\",\"@id\":\"https:\/\/www.travel3.com.br\/site\/#organization\",\"name\":\"Travel3\",\"url\":\"https:\/\/www.travel3.com.br\/site\/\",\"logo\":{\"@type\":\"ImageObject\",\"inLanguage\":\"pt-BR\",\"@id\":\"https:\/\/www.travel3.com.br\/site\/#\/schema\/logo\/image\/\",\"url\":\"https:\/\/www.travel3.com.br\/site\/wp-content\/uploads\/2020\/01\/logo-travel3-2020.png\",\"contentUrl\":\"https:\/\/www.travel3.com.br\/site\/wp-content\/uploads\/2020\/01\/logo-travel3-2020.png\",\"width\":232,\"height\":79,\"caption\":\"Travel3\"},\"image\":{\"@id\":\"https:\/\/www.travel3.com.br\/site\/#\/schema\/logo\/image\/\"},\"sameAs\":[\"https:\/\/www.facebook.com\/travel3media\/\",\"https:\/\/www.instagram.com\/revistatravel3\/\",\"https:\/\/www.youtube.com\/channel\/UCno7J4paGBR3VbZQzvoJ9Eg\"]},{\"@type\":\"Person\",\"@id\":\"https:\/\/www.travel3.com.br\/site\/#\/schema\/person\/9cff8daac0a2f1aa0799f827b8aa8308\",\"name\":\"Reda\u00e7\u00e3o Travel3\",\"image\":{\"@type\":\"ImageObject\",\"inLanguage\":\"pt-BR\",\"@id\":\"https:\/\/www.travel3.com.br\/site\/#\/schema\/person\/image\/\",\"url\":\"https:\/\/secure.gravatar.com\/avatar\/6e6125525e1f04b7b8c607d71556e490?s=96&d=mm&r=g\",\"contentUrl\":\"https:\/\/secure.gravatar.com\/avatar\/6e6125525e1f04b7b8c607d71556e490?s=96&d=mm&r=g\",\"caption\":\"Reda\u00e7\u00e3o Travel3\"},\"sameAs\":[\"http:\/\/www.travel3.com.br\"],\"url\":\"https:\/\/www.travel3.com.br\/site\/author\/redacao2\/\"}]}<\/script>\n<!-- \/ Yoast SEO plugin. -->","yoast_head_json":{"title":"Explore experi\u00eancias exclusivas em 6 Hot\u00e9is Inspiradores - Travel3","description":"Explore experi\u00eancias exclusivas em 6 Hot\u00e9is Inspiradores; Dicas para compartilhar momentos inesquec\u00edveis em destinos Instagram\u00e1veis","robots":{"index":"index","follow":"follow","max-snippet":"max-snippet:-1","max-image-preview":"max-image-preview:large","max-video-preview":"max-video-preview:-1"},"canonical":"https:\/\/www.travel3.com.br\/site\/destaque\/explore-experiencias-exclusivas-em-6-hoteis-inspiradores\/","og_locale":"pt_BR","og_type":"article","og_title":"Explore experi\u00eancias exclusivas em 6 Hot\u00e9is Inspiradores - Travel3","og_description":"Explore experi\u00eancias exclusivas em 6 Hot\u00e9is Inspiradores; Dicas para compartilhar momentos inesquec\u00edveis em destinos Instagram\u00e1veis","og_url":"https:\/\/www.travel3.com.br\/site\/destaque\/explore-experiencias-exclusivas-em-6-hoteis-inspiradores\/","og_site_name":"Travel3","article_publisher":"https:\/\/www.facebook.com\/travel3media\/","article_published_time":"2023-06-30T10:00:00+00:00","article_modified_time":"2023-06-30T13:38:00+00:00","og_image":[{"width":1280,"height":914,"url":"https:\/\/www.travel3.com.br\/site\/wp-content\/uploads\/2023\/06\/BAR-A-CIEL-OUVERT-BY-KRUG-MD-\u00aeRomeoBalancourt._Easy-Resize.com_.jpg","type":"image\/jpeg"}],"author":"Reda\u00e7\u00e3o Travel3","twitter_card":"summary_large_image","twitter_misc":{"Escrito por":"Reda\u00e7\u00e3o Travel3","Est. tempo de leitura":"9 minutos"},"schema":{"@context":"https:\/\/schema.org","@graph":[{"@type":"Article","@id":"https:\/\/www.travel3.com.br\/site\/destaque\/explore-experiencias-exclusivas-em-6-hoteis-inspiradores\/#article","isPartOf":{"@id":"https:\/\/www.travel3.com.br\/site\/destaque\/explore-experiencias-exclusivas-em-6-hoteis-inspiradores\/"},"author":{"name":"Reda\u00e7\u00e3o Travel3","@id":"https:\/\/www.travel3.com.br\/site\/#\/schema\/person\/9cff8daac0a2f1aa0799f827b8aa8308"},"headline":"Explore experi\u00eancias exclusivas em 6 Hot\u00e9is Inspiradores","datePublished":"2023-06-30T10:00:00+00:00","dateModified":"2023-06-30T13:38:00+00:00","mainEntityOfPage":{"@id":"https:\/\/www.travel3.com.br\/site\/destaque\/explore-experiencias-exclusivas-em-6-hoteis-inspiradores\/"},"wordCount":1308,"commentCount":0,"publisher":{"@id":"https:\/\/www.travel3.com.br\/site\/#organization"},"image":{"@id":"https:\/\/www.travel3.com.br\/site\/destaque\/explore-experiencias-exclusivas-em-6-hoteis-inspiradores\/#primaryimage"},"thumbnailUrl":"https:\/\/www.travel3.com.br\/site\/wp-content\/uploads\/2023\/06\/BAR-A-CIEL-OUVERT-BY-KRUG-MD-\u00aeRomeoBalancourt._Easy-Resize.com_.jpg","keywords":["hot\u00e9is de luxo","Hot\u00e9is instagram\u00e1veis","instagram","Instagram\u00e1veis","Midias Sociais"],"articleSection":["Destaque","Dicas","Home","Hotel"],"inLanguage":"pt-BR","potentialAction":[{"@type":"CommentAction","name":"Comment","target":["https:\/\/www.travel3.com.br\/site\/destaque\/explore-experiencias-exclusivas-em-6-hoteis-inspiradores\/#respond"]}]},{"@type":"WebPage","@id":"https:\/\/www.travel3.com.br\/site\/destaque\/explore-experiencias-exclusivas-em-6-hoteis-inspiradores\/","url":"https:\/\/www.travel3.com.br\/site\/destaque\/explore-experiencias-exclusivas-em-6-hoteis-inspiradores\/","name":"Explore experi\u00eancias exclusivas em 6 Hot\u00e9is Inspiradores - Travel3","isPartOf":{"@id":"https:\/\/www.travel3.com.br\/site\/#website"},"primaryImageOfPage":{"@id":"https:\/\/www.travel3.com.br\/site\/destaque\/explore-experiencias-exclusivas-em-6-hoteis-inspiradores\/#primaryimage"},"image":{"@id":"https:\/\/www.travel3.com.br\/site\/destaque\/explore-experiencias-exclusivas-em-6-hoteis-inspiradores\/#primaryimage"},"thumbnailUrl":"https:\/\/www.travel3.com.br\/site\/wp-content\/uploads\/2023\/06\/BAR-A-CIEL-OUVERT-BY-KRUG-MD-\u00aeRomeoBalancourt._Easy-Resize.com_.jpg","datePublished":"2023-06-30T10:00:00+00:00","dateModified":"2023-06-30T13:38:00+00:00","description":"Explore experi\u00eancias exclusivas em 6 Hot\u00e9is Inspiradores; Dicas para compartilhar momentos inesquec\u00edveis em destinos Instagram\u00e1veis","breadcrumb":{"@id":"https:\/\/www.travel3.com.br\/site\/destaque\/explore-experiencias-exclusivas-em-6-hoteis-inspiradores\/#breadcrumb"},"inLanguage":"pt-BR","potentialAction":[{"@type":"ReadAction","target":["https:\/\/www.travel3.com.br\/site\/destaque\/explore-experiencias-exclusivas-em-6-hoteis-inspiradores\/"]}]},{"@type":"ImageObject","inLanguage":"pt-BR","@id":"https:\/\/www.travel3.com.br\/site\/destaque\/explore-experiencias-exclusivas-em-6-hoteis-inspiradores\/#primaryimage","url":"https:\/\/www.travel3.com.br\/site\/wp-content\/uploads\/2023\/06\/BAR-A-CIEL-OUVERT-BY-KRUG-MD-\u00aeRomeoBalancourt._Easy-Resize.com_.jpg","contentUrl":"https:\/\/www.travel3.com.br\/site\/wp-content\/uploads\/2023\/06\/BAR-A-CIEL-OUVERT-BY-KRUG-MD-\u00aeRomeoBalancourt._Easy-Resize.com_.jpg","width":1280,"height":914,"caption":"Foto: \u00aeRomeoBalancourt\/Divulga\u00e7\u00e3o"},{"@type":"BreadcrumbList","@id":"https:\/\/www.travel3.com.br\/site\/destaque\/explore-experiencias-exclusivas-em-6-hoteis-inspiradores\/#breadcrumb","itemListElement":[{"@type":"ListItem","position":1,"name":"In\u00edcio","item":"https:\/\/www.travel3.com.br\/site\/"},{"@type":"ListItem","position":2,"name":"Explore experi\u00eancias exclusivas em 6 Hot\u00e9is Inspiradores"}]},{"@type":"WebSite","@id":"https:\/\/www.travel3.com.br\/site\/#website","url":"https:\/\/www.travel3.com.br\/site\/","name":"Travel3","description":"Lazer + Neg&oacute;cios + Aventura","publisher":{"@id":"https:\/\/www.travel3.com.br\/site\/#organization"},"potentialAction":[{"@type":"SearchAction","target":{"@type":"EntryPoint","urlTemplate":"https:\/\/www.travel3.com.br\/site\/?s={search_term_string}"},"query-input":{"@type":"PropertyValueSpecification","valueRequired":true,"valueName":"search_term_string"}}],"inLanguage":"pt-BR"},{"@type":"Organization","@id":"https:\/\/www.travel3.com.br\/site\/#organization","name":"Travel3","url":"https:\/\/www.travel3.com.br\/site\/","logo":{"@type":"ImageObject","inLanguage":"pt-BR","@id":"https:\/\/www.travel3.com.br\/site\/#\/schema\/logo\/image\/","url":"https:\/\/www.travel3.com.br\/site\/wp-content\/uploads\/2020\/01\/logo-travel3-2020.png","contentUrl":"https:\/\/www.travel3.com.br\/site\/wp-content\/uploads\/2020\/01\/logo-travel3-2020.png","width":232,"height":79,"caption":"Travel3"},"image":{"@id":"https:\/\/www.travel3.com.br\/site\/#\/schema\/logo\/image\/"},"sameAs":["https:\/\/www.facebook.com\/travel3media\/","https:\/\/www.instagram.com\/revistatravel3\/","https:\/\/www.youtube.com\/channel\/UCno7J4paGBR3VbZQzvoJ9Eg"]},{"@type":"Person","@id":"https:\/\/www.travel3.com.br\/site\/#\/schema\/person\/9cff8daac0a2f1aa0799f827b8aa8308","name":"Reda\u00e7\u00e3o Travel3","image":{"@type":"ImageObject","inLanguage":"pt-BR","@id":"https:\/\/www.travel3.com.br\/site\/#\/schema\/person\/image\/","url":"https:\/\/secure.gravatar.com\/avatar\/6e6125525e1f04b7b8c607d71556e490?s=96&d=mm&r=g","contentUrl":"https:\/\/secure.gravatar.com\/avatar\/6e6125525e1f04b7b8c607d71556e490?s=96&d=mm&r=g","caption":"Reda\u00e7\u00e3o Travel3"},"sameAs":["http:\/\/www.travel3.com.br"],"url":"https:\/\/www.travel3.com.br\/site\/author\/redacao2\/"}]}},"_links":{"self":[{"href":"https:\/\/www.travel3.com.br\/site\/wp-json\/wp\/v2\/posts\/61094","targetHints":{"allow":["GET"]}}],"collection":[{"href":"https:\/\/www.travel3.com.br\/site\/wp-json\/wp\/v2\/posts"}],"about":[{"href":"https:\/\/www.travel3.com.br\/site\/wp-json\/wp\/v2\/types\/post"}],"author":[{"embeddable":true,"href":"https:\/\/www.travel3.com.br\/site\/wp-json\/wp\/v2\/users\/6"}],"replies":[{"embeddable":true,"href":"https:\/\/www.travel3.com.br\/site\/wp-json\/wp\/v2\/comments?post=61094"}],"version-history":[{"count":18,"href":"https:\/\/www.travel3.com.br\/site\/wp-json\/wp\/v2\/posts\/61094\/revisions"}],"predecessor-version":[{"id":61131,"href":"https:\/\/www.travel3.com.br\/site\/wp-json\/wp\/v2\/posts\/61094\/revisions\/61131"}],"wp:featuredmedia":[{"embeddable":true,"href":"https:\/\/www.travel3.com.br\/site\/wp-json\/wp\/v2\/media\/61097"}],"wp:attachment":[{"href":"https:\/\/www.travel3.com.br\/site\/wp-json\/wp\/v2\/media?parent=61094"}],"wp:term":[{"taxonomy":"category","embeddable":true,"href":"https:\/\/www.travel3.com.br\/site\/wp-json\/wp\/v2\/categories?post=61094"},{"taxonomy":"post_tag","embeddable":true,"href":"https:\/\/www.travel3.com.br\/site\/wp-json\/wp\/v2\/tags?post=61094"}],"curies":[{"name":"wp","href":"https:\/\/api.w.org\/{rel}","templated":true}]}}