{"id":6071,"date":"2017-09-26T18:53:11","date_gmt":"2017-09-26T18:53:11","guid":{"rendered":"http:\/\/www.travel3.com.br\/site\/ir-e-vir\/ar\/a-ryanair-segue-atenta-ao-que-vai-ocorrer-com-a-air-berlin-manifestando-seu-interesse-constante-na-companhia-alem-e-ao-mesmo-tempo-segue-nos-planos-de-expanso-dentro-do-mercado-germ\/"},"modified":"2017-10-11T14:54:29","modified_gmt":"2017-10-11T14:54:29","slug":"ryanair-aumenta-presenca-na-alemanha-e-aguarda-air-berlin","status":"publish","type":"post","link":"https:\/\/www.travel3.com.br\/site\/sem-categoria\/ryanair-aumenta-presenca-na-alemanha-e-aguarda-air-berlin\/","title":{"rendered":"RYANAIR AUMENTA PRESEN\u00c7A NA ALEMANHA E AGUARDA AIR BERLIN"},"content":{"rendered":"<p style=\"text-align:justify\">A Ryanair segue atenta ao que vai ocorrer com a Air Berlin, manifestando seu interesse constante na companhia alem&atilde;. E ao mesmo tempo segue nos planos de expans&atilde;o dentro do mercado germ&acirc;nico, tanto que ter&aacute; mais tr&ecirc;s aeronaves com base no aeroporto de Frankfurt, somando dez avi&otilde;es para o aumento&nbsp; de 34 rotas que agregar&atilde;o voos desde a Alemanha para Barcelona, Gran Canarias, Mi&atilde;o, Marselha, Mykonos e Lisboa.<\/p>\n<p style=\"text-align:justify\"><a class=\"fancybox-media\" href=\"..\/_uploads\/_noticia\/2017-09\/ryanairavioesemserie2.jpg\" rel=\"portfolio\"><img decoding=\"async\" alt=\"\" src=\"..\/_uploads\/_noticia\/2017-09\/ryanairavioesemserie2.jpg\" \/><\/a><\/p>\n<p style=\"text-align:justify\">O anuncio foi confirmado pelo diretor de marketing da low cost irlandesa, David O&rsquo;Bryan, que confirmou a melhoria da posi&ccedil;&atilde;o junto ao mercado alem&atilde;o. A Ryanair &eacute; uma das principais candidatas ao ativo da Air Berlin que segue em estado de insolv&ecirc;ncia.<\/p>\n<p style=\"text-align:justify\">Aproveitou para criticar a ajuda estatal para a Air Berlin indicando que o governo alem&atilde;o pretende construir um monop&oacute;lio favor&aacute;vel &agrave; Lufthansa depois da ultima ajuda declarada &agrave; insolvente.<\/p>\n<p style=\"text-align:justify\">Para ter uma expans&atilde;o mais acentuada em suas opera&ccedil;&otilde;es da Alemanha, o executivo informou que a Ryanair vai manter aberto o aeroporto de Tegel, em Berlim, dizendo que &eacute; &lsquo;loucura a capital alem&atilde; ter menor capacidade de voos que Dublin&rsquo;.<\/p>\n<p style=\"text-align:justify\">Pois a Air Berlin cancelou 120 voos em v&aacute;rios terminais alem&atilde;es, entre os quais o Tegel, al&eacute;m de Dusseldorf, Hamburgo e Colonia. Alega&ccedil;&atilde;o foi de &lsquo;raz&otilde;es operacionais&rsquo;, indicando que v&aacute;rios dos pilotos e comandantes est&atilde;o enfermos. &nbsp;<\/p>\n<p style=\"text-align:justify\"><a class=\"fancybox-media\" href=\"..\/_uploads\/_noticia\/2017-09\/airberlincancelavoos.jpg\" rel=\"portfolio\"><img decoding=\"async\" alt=\"\" src=\"..\/_uploads\/_noticia\/2017-09\/airberlincancelavoos.jpg\" \/><\/a><\/p>\n<p style=\"text-align:justify\">A Air Berlin tem prazo at&eacute; o dia 15 para a oferta de empresas interessadas e audi&ecirc;ncia para poss&iacute;vel anuncio da oferta aceita no dia 21 deste m&ecirc;s.<\/p>\n<p>&nbsp;<\/p>\n<p>&nbsp;<\/p>\n","protected":false},"excerpt":{"rendered":"<p>Low cost ter\u00e1 mais 34 rotas no pais germ\u00e2nico e vai manter dez aeronaves no aeroporto de Frankfurt, al\u00e9m de continuar operando no Tegel de Berlim<\/p>\n","protected":false},"author":1,"featured_media":0,"comment_status":"open","ping_status":"open","sticky":false,"template":"","format":"standard","meta":{"footnotes":""},"categories":[],"tags":[],"class_list":["post-6071","post","type-post","status-publish","format-standard","hentry"],"yoast_head":"<!-- This site is optimized with the Yoast SEO plugin v26.2 - https:\/\/yoast.com\/wordpress\/plugins\/seo\/ -->\n<title>RYANAIR AUMENTA PRESEN\u00c7A NA ALEMANHA E AGUARDA AIR BERLIN - Travel3<\/title>\n<meta name=\"description\" content=\"A TRAVEL3 \u00e9 um portal de conte\u00fado voltado para o turismo, encontre destinos, viagens, hospedagem, passagens, guias, not\u00edcias sobre o mercado do turismo, dicas de viagem, v\u00eddeos e podcast.\" \/>\n<meta name=\"robots\" content=\"index, follow, max-snippet:-1, max-image-preview:large, max-video-preview:-1\" \/>\n<link rel=\"canonical\" href=\"https:\/\/www.travel3.com.br\/site\/sem-categoria\/ryanair-aumenta-presenca-na-alemanha-e-aguarda-air-berlin\/\" \/>\n<meta property=\"og:locale\" content=\"pt_BR\" \/>\n<meta property=\"og:type\" content=\"article\" \/>\n<meta property=\"og:title\" content=\"RYANAIR AUMENTA PRESEN\u00c7A NA ALEMANHA E AGUARDA AIR BERLIN - Travel3\" \/>\n<meta property=\"og:description\" content=\"A TRAVEL3 \u00e9 um portal de conte\u00fado voltado para o turismo, encontre destinos, viagens, hospedagem, passagens, guias, not\u00edcias sobre o mercado do turismo, dicas de viagem, v\u00eddeos e podcast.\" \/>\n<meta property=\"og:url\" content=\"https:\/\/www.travel3.com.br\/site\/sem-categoria\/ryanair-aumenta-presenca-na-alemanha-e-aguarda-air-berlin\/\" \/>\n<meta property=\"og:site_name\" content=\"Travel3\" \/>\n<meta property=\"article:publisher\" content=\"https:\/\/www.facebook.com\/travel3media\/\" \/>\n<meta property=\"article:published_time\" content=\"2017-09-26T18:53:11+00:00\" \/>\n<meta property=\"article:modified_time\" content=\"2017-10-11T14:54:29+00:00\" \/>\n<meta name=\"author\" content=\"admin\" \/>\n<meta name=\"twitter:card\" content=\"summary_large_image\" \/>\n<meta name=\"twitter:label1\" content=\"Escrito por\" \/>\n\t<meta name=\"twitter:data1\" content=\"admin\" \/>\n\t<meta name=\"twitter:label2\" content=\"Est. tempo de leitura\" \/>\n\t<meta name=\"twitter:data2\" content=\"2 minutos\" \/>\n<script type=\"application\/ld+json\" class=\"yoast-schema-graph\">{\"@context\":\"https:\/\/schema.org\",\"@graph\":[{\"@type\":\"Article\",\"@id\":\"https:\/\/www.travel3.com.br\/site\/sem-categoria\/ryanair-aumenta-presenca-na-alemanha-e-aguarda-air-berlin\/#article\",\"isPartOf\":{\"@id\":\"https:\/\/www.travel3.com.br\/site\/sem-categoria\/ryanair-aumenta-presenca-na-alemanha-e-aguarda-air-berlin\/\"},\"author\":{\"name\":\"admin\",\"@id\":\"https:\/\/www.travel3.com.br\/site\/#\/schema\/person\/a69d71e41a024999b6ab82369ac0bd1e\"},\"headline\":\"RYANAIR AUMENTA PRESEN\u00c7A NA ALEMANHA E AGUARDA AIR BERLIN\",\"datePublished\":\"2017-09-26T18:53:11+00:00\",\"dateModified\":\"2017-10-11T14:54:29+00:00\",\"mainEntityOfPage\":{\"@id\":\"https:\/\/www.travel3.com.br\/site\/sem-categoria\/ryanair-aumenta-presenca-na-alemanha-e-aguarda-air-berlin\/\"},\"wordCount\":314,\"commentCount\":0,\"publisher\":{\"@id\":\"https:\/\/www.travel3.com.br\/site\/#organization\"},\"inLanguage\":\"pt-BR\",\"potentialAction\":[{\"@type\":\"CommentAction\",\"name\":\"Comment\",\"target\":[\"https:\/\/www.travel3.com.br\/site\/sem-categoria\/ryanair-aumenta-presenca-na-alemanha-e-aguarda-air-berlin\/#respond\"]}]},{\"@type\":\"WebPage\",\"@id\":\"https:\/\/www.travel3.com.br\/site\/sem-categoria\/ryanair-aumenta-presenca-na-alemanha-e-aguarda-air-berlin\/\",\"url\":\"https:\/\/www.travel3.com.br\/site\/sem-categoria\/ryanair-aumenta-presenca-na-alemanha-e-aguarda-air-berlin\/\",\"name\":\"RYANAIR AUMENTA PRESEN\u00c7A NA ALEMANHA E AGUARDA AIR BERLIN - Travel3\",\"isPartOf\":{\"@id\":\"https:\/\/www.travel3.com.br\/site\/#website\"},\"datePublished\":\"2017-09-26T18:53:11+00:00\",\"dateModified\":\"2017-10-11T14:54:29+00:00\",\"description\":\"A TRAVEL3 \u00e9 um portal de conte\u00fado voltado para o turismo, encontre destinos, viagens, hospedagem, passagens, guias, not\u00edcias sobre o mercado do turismo, dicas de viagem, v\u00eddeos e podcast.\",\"breadcrumb\":{\"@id\":\"https:\/\/www.travel3.com.br\/site\/sem-categoria\/ryanair-aumenta-presenca-na-alemanha-e-aguarda-air-berlin\/#breadcrumb\"},\"inLanguage\":\"pt-BR\",\"potentialAction\":[{\"@type\":\"ReadAction\",\"target\":[\"https:\/\/www.travel3.com.br\/site\/sem-categoria\/ryanair-aumenta-presenca-na-alemanha-e-aguarda-air-berlin\/\"]}]},{\"@type\":\"BreadcrumbList\",\"@id\":\"https:\/\/www.travel3.com.br\/site\/sem-categoria\/ryanair-aumenta-presenca-na-alemanha-e-aguarda-air-berlin\/#breadcrumb\",\"itemListElement\":[{\"@type\":\"ListItem\",\"position\":1,\"name\":\"In\u00edcio\",\"item\":\"https:\/\/www.travel3.com.br\/site\/\"},{\"@type\":\"ListItem\",\"position\":2,\"name\":\"RYANAIR AUMENTA PRESEN\u00c7A NA ALEMANHA E AGUARDA AIR BERLIN\"}]},{\"@type\":\"WebSite\",\"@id\":\"https:\/\/www.travel3.com.br\/site\/#website\",\"url\":\"https:\/\/www.travel3.com.br\/site\/\",\"name\":\"Travel3\",\"description\":\"Lazer + Neg&oacute;cios + Aventura\",\"publisher\":{\"@id\":\"https:\/\/www.travel3.com.br\/site\/#organization\"},\"potentialAction\":[{\"@type\":\"SearchAction\",\"target\":{\"@type\":\"EntryPoint\",\"urlTemplate\":\"https:\/\/www.travel3.com.br\/site\/?s={search_term_string}\"},\"query-input\":{\"@type\":\"PropertyValueSpecification\",\"valueRequired\":true,\"valueName\":\"search_term_string\"}}],\"inLanguage\":\"pt-BR\"},{\"@type\":\"Organization\",\"@id\":\"https:\/\/www.travel3.com.br\/site\/#organization\",\"name\":\"Travel3\",\"url\":\"https:\/\/www.travel3.com.br\/site\/\",\"logo\":{\"@type\":\"ImageObject\",\"inLanguage\":\"pt-BR\",\"@id\":\"https:\/\/www.travel3.com.br\/site\/#\/schema\/logo\/image\/\",\"url\":\"https:\/\/www.travel3.com.br\/site\/wp-content\/uploads\/2020\/01\/logo-travel3-2020.png\",\"contentUrl\":\"https:\/\/www.travel3.com.br\/site\/wp-content\/uploads\/2020\/01\/logo-travel3-2020.png\",\"width\":232,\"height\":79,\"caption\":\"Travel3\"},\"image\":{\"@id\":\"https:\/\/www.travel3.com.br\/site\/#\/schema\/logo\/image\/\"},\"sameAs\":[\"https:\/\/www.facebook.com\/travel3media\/\",\"https:\/\/www.instagram.com\/revistatravel3\/\",\"https:\/\/www.youtube.com\/channel\/UCno7J4paGBR3VbZQzvoJ9Eg\"]},{\"@type\":\"Person\",\"@id\":\"https:\/\/www.travel3.com.br\/site\/#\/schema\/person\/a69d71e41a024999b6ab82369ac0bd1e\",\"name\":\"admin\",\"image\":{\"@type\":\"ImageObject\",\"inLanguage\":\"pt-BR\",\"@id\":\"https:\/\/www.travel3.com.br\/site\/#\/schema\/person\/image\/\",\"url\":\"https:\/\/secure.gravatar.com\/avatar\/732a67adfd764da2a47ba10ce731c4c0?s=96&d=mm&r=g\",\"contentUrl\":\"https:\/\/secure.gravatar.com\/avatar\/732a67adfd764da2a47ba10ce731c4c0?s=96&d=mm&r=g\",\"caption\":\"admin\"},\"url\":\"https:\/\/www.travel3.com.br\/site\/author\/admin\/\"}]}<\/script>\n<!-- \/ Yoast SEO plugin. -->","yoast_head_json":{"title":"RYANAIR AUMENTA PRESEN\u00c7A NA ALEMANHA E AGUARDA AIR BERLIN - Travel3","description":"A TRAVEL3 \u00e9 um portal de conte\u00fado voltado para o turismo, encontre destinos, viagens, hospedagem, passagens, guias, not\u00edcias sobre o mercado do turismo, dicas de viagem, v\u00eddeos e podcast.","robots":{"index":"index","follow":"follow","max-snippet":"max-snippet:-1","max-image-preview":"max-image-preview:large","max-video-preview":"max-video-preview:-1"},"canonical":"https:\/\/www.travel3.com.br\/site\/sem-categoria\/ryanair-aumenta-presenca-na-alemanha-e-aguarda-air-berlin\/","og_locale":"pt_BR","og_type":"article","og_title":"RYANAIR AUMENTA PRESEN\u00c7A NA ALEMANHA E AGUARDA AIR BERLIN - Travel3","og_description":"A TRAVEL3 \u00e9 um portal de conte\u00fado voltado para o turismo, encontre destinos, viagens, hospedagem, passagens, guias, not\u00edcias sobre o mercado do turismo, dicas de viagem, v\u00eddeos e podcast.","og_url":"https:\/\/www.travel3.com.br\/site\/sem-categoria\/ryanair-aumenta-presenca-na-alemanha-e-aguarda-air-berlin\/","og_site_name":"Travel3","article_publisher":"https:\/\/www.facebook.com\/travel3media\/","article_published_time":"2017-09-26T18:53:11+00:00","article_modified_time":"2017-10-11T14:54:29+00:00","author":"admin","twitter_card":"summary_large_image","twitter_misc":{"Escrito por":"admin","Est. tempo de leitura":"2 minutos"},"schema":{"@context":"https:\/\/schema.org","@graph":[{"@type":"Article","@id":"https:\/\/www.travel3.com.br\/site\/sem-categoria\/ryanair-aumenta-presenca-na-alemanha-e-aguarda-air-berlin\/#article","isPartOf":{"@id":"https:\/\/www.travel3.com.br\/site\/sem-categoria\/ryanair-aumenta-presenca-na-alemanha-e-aguarda-air-berlin\/"},"author":{"name":"admin","@id":"https:\/\/www.travel3.com.br\/site\/#\/schema\/person\/a69d71e41a024999b6ab82369ac0bd1e"},"headline":"RYANAIR AUMENTA PRESEN\u00c7A NA ALEMANHA E AGUARDA AIR BERLIN","datePublished":"2017-09-26T18:53:11+00:00","dateModified":"2017-10-11T14:54:29+00:00","mainEntityOfPage":{"@id":"https:\/\/www.travel3.com.br\/site\/sem-categoria\/ryanair-aumenta-presenca-na-alemanha-e-aguarda-air-berlin\/"},"wordCount":314,"commentCount":0,"publisher":{"@id":"https:\/\/www.travel3.com.br\/site\/#organization"},"inLanguage":"pt-BR","potentialAction":[{"@type":"CommentAction","name":"Comment","target":["https:\/\/www.travel3.com.br\/site\/sem-categoria\/ryanair-aumenta-presenca-na-alemanha-e-aguarda-air-berlin\/#respond"]}]},{"@type":"WebPage","@id":"https:\/\/www.travel3.com.br\/site\/sem-categoria\/ryanair-aumenta-presenca-na-alemanha-e-aguarda-air-berlin\/","url":"https:\/\/www.travel3.com.br\/site\/sem-categoria\/ryanair-aumenta-presenca-na-alemanha-e-aguarda-air-berlin\/","name":"RYANAIR AUMENTA PRESEN\u00c7A NA ALEMANHA E AGUARDA AIR BERLIN - Travel3","isPartOf":{"@id":"https:\/\/www.travel3.com.br\/site\/#website"},"datePublished":"2017-09-26T18:53:11+00:00","dateModified":"2017-10-11T14:54:29+00:00","description":"A TRAVEL3 \u00e9 um portal de conte\u00fado voltado para o turismo, encontre destinos, viagens, hospedagem, passagens, guias, not\u00edcias sobre o mercado do turismo, dicas de viagem, v\u00eddeos e podcast.","breadcrumb":{"@id":"https:\/\/www.travel3.com.br\/site\/sem-categoria\/ryanair-aumenta-presenca-na-alemanha-e-aguarda-air-berlin\/#breadcrumb"},"inLanguage":"pt-BR","potentialAction":[{"@type":"ReadAction","target":["https:\/\/www.travel3.com.br\/site\/sem-categoria\/ryanair-aumenta-presenca-na-alemanha-e-aguarda-air-berlin\/"]}]},{"@type":"BreadcrumbList","@id":"https:\/\/www.travel3.com.br\/site\/sem-categoria\/ryanair-aumenta-presenca-na-alemanha-e-aguarda-air-berlin\/#breadcrumb","itemListElement":[{"@type":"ListItem","position":1,"name":"In\u00edcio","item":"https:\/\/www.travel3.com.br\/site\/"},{"@type":"ListItem","position":2,"name":"RYANAIR AUMENTA PRESEN\u00c7A NA ALEMANHA E AGUARDA AIR BERLIN"}]},{"@type":"WebSite","@id":"https:\/\/www.travel3.com.br\/site\/#website","url":"https:\/\/www.travel3.com.br\/site\/","name":"Travel3","description":"Lazer + Neg&oacute;cios + Aventura","publisher":{"@id":"https:\/\/www.travel3.com.br\/site\/#organization"},"potentialAction":[{"@type":"SearchAction","target":{"@type":"EntryPoint","urlTemplate":"https:\/\/www.travel3.com.br\/site\/?s={search_term_string}"},"query-input":{"@type":"PropertyValueSpecification","valueRequired":true,"valueName":"search_term_string"}}],"inLanguage":"pt-BR"},{"@type":"Organization","@id":"https:\/\/www.travel3.com.br\/site\/#organization","name":"Travel3","url":"https:\/\/www.travel3.com.br\/site\/","logo":{"@type":"ImageObject","inLanguage":"pt-BR","@id":"https:\/\/www.travel3.com.br\/site\/#\/schema\/logo\/image\/","url":"https:\/\/www.travel3.com.br\/site\/wp-content\/uploads\/2020\/01\/logo-travel3-2020.png","contentUrl":"https:\/\/www.travel3.com.br\/site\/wp-content\/uploads\/2020\/01\/logo-travel3-2020.png","width":232,"height":79,"caption":"Travel3"},"image":{"@id":"https:\/\/www.travel3.com.br\/site\/#\/schema\/logo\/image\/"},"sameAs":["https:\/\/www.facebook.com\/travel3media\/","https:\/\/www.instagram.com\/revistatravel3\/","https:\/\/www.youtube.com\/channel\/UCno7J4paGBR3VbZQzvoJ9Eg"]},{"@type":"Person","@id":"https:\/\/www.travel3.com.br\/site\/#\/schema\/person\/a69d71e41a024999b6ab82369ac0bd1e","name":"admin","image":{"@type":"ImageObject","inLanguage":"pt-BR","@id":"https:\/\/www.travel3.com.br\/site\/#\/schema\/person\/image\/","url":"https:\/\/secure.gravatar.com\/avatar\/732a67adfd764da2a47ba10ce731c4c0?s=96&d=mm&r=g","contentUrl":"https:\/\/secure.gravatar.com\/avatar\/732a67adfd764da2a47ba10ce731c4c0?s=96&d=mm&r=g","caption":"admin"},"url":"https:\/\/www.travel3.com.br\/site\/author\/admin\/"}]}},"_links":{"self":[{"href":"https:\/\/www.travel3.com.br\/site\/wp-json\/wp\/v2\/posts\/6071","targetHints":{"allow":["GET"]}}],"collection":[{"href":"https:\/\/www.travel3.com.br\/site\/wp-json\/wp\/v2\/posts"}],"about":[{"href":"https:\/\/www.travel3.com.br\/site\/wp-json\/wp\/v2\/types\/post"}],"author":[{"embeddable":true,"href":"https:\/\/www.travel3.com.br\/site\/wp-json\/wp\/v2\/users\/1"}],"replies":[{"embeddable":true,"href":"https:\/\/www.travel3.com.br\/site\/wp-json\/wp\/v2\/comments?post=6071"}],"version-history":[{"count":1,"href":"https:\/\/www.travel3.com.br\/site\/wp-json\/wp\/v2\/posts\/6071\/revisions"}],"predecessor-version":[{"id":6500,"href":"https:\/\/www.travel3.com.br\/site\/wp-json\/wp\/v2\/posts\/6071\/revisions\/6500"}],"wp:attachment":[{"href":"https:\/\/www.travel3.com.br\/site\/wp-json\/wp\/v2\/media?parent=6071"}],"wp:term":[{"taxonomy":"category","embeddable":true,"href":"https:\/\/www.travel3.com.br\/site\/wp-json\/wp\/v2\/categories?post=6071"},{"taxonomy":"post_tag","embeddable":true,"href":"https:\/\/www.travel3.com.br\/site\/wp-json\/wp\/v2\/tags?post=6071"}],"curies":[{"name":"wp","href":"https:\/\/api.w.org\/{rel}","templated":true}]}}