{"id":6056,"date":"2017-09-24T22:59:46","date_gmt":"2017-09-24T22:59:46","guid":{"rendered":"http:\/\/www.travel3.com.br\/site\/ir-e-vir\/ar\/a-demanda-domstica-brasileira-em-passageiros-quilmetros-pagos-transportados-rpk-registrou-um-aumento-de-36-em-julho-comparada-com-o-mesmo-ms-do-ano-passado-esta-foi-a-qui\/"},"modified":"2017-10-11T14:54:27","modified_gmt":"2017-10-11T14:54:27","slug":"demanda-domestica-teve-alta-em-julho-pelo-quinto-mes-seguido","status":"publish","type":"post","link":"https:\/\/www.travel3.com.br\/site\/sem-categoria\/demanda-domestica-teve-alta-em-julho-pelo-quinto-mes-seguido\/","title":{"rendered":"DEMANDA DOM\u00c9STICA TEVE ALTA EM JULHO PELO QUINTO M\u00caS SEGUIDO"},"content":{"rendered":"<p style=\"text-align:justify\"><a class=\"fancybox-media\" href=\"..\/_uploads\/_noticia\/2017-09\/anacnumerosjulho.png\" rel=\"portfolio\"><img decoding=\"async\" alt=\"\" src=\"..\/_uploads\/_noticia\/2017-09\/anacnumerosjulho.png\" \/><\/a><\/p>\n<p style=\"text-align:justify\">A demanda dom&eacute;stica brasileira (em passageiros-quil&ocirc;metros pagos transportados, RPK) registrou um aumento de 3,6% em julho, comparada com o mesmo m&ecirc;s do ano passado. Esta foi a quinta alta consecutiva. No acumulado dos sete primeiros meses, a demanda teve crescimento de 1,1%, em compara&ccedil;&atilde;o com o mesmo per&iacute;odo do ano passado.<\/p>\n<p style=\"text-align:justify\">A oferta (em assentos-quil&ocirc;metros ofertados, ASK) registrou alta de 4,4% no m&ecirc;s, ap&oacute;s registrar queda em junho. A oferta acumulou crescimento de 0,2% nos primeiros sete meses o do ano.<\/p>\n<p style=\"text-align:justify\"><a class=\"fancybox-media\" href=\"..\/_uploads\/_noticia\/2017-09\/aeroportodecuritiba.jpg\" rel=\"portfolio\"><img decoding=\"async\" alt=\"\" src=\"..\/_uploads\/_noticia\/2017-09\/aeroportodecuritiba.jpg\" \/><\/a><\/p>\n<p style=\"text-align:justify\">Em julho, foram transportados 8,3 milh&otilde;es de passageiros pagos em voos dom&eacute;sticos, o que representou aumento de 3,0% em rela&ccedil;&atilde;o ao mesmo m&ecirc;s do ano anterior.<\/p>\n<p style=\"text-align:justify\">No m&ecirc;s de julho, GOL e Latam permaneceram na lideran&ccedil;a no mercado dom&eacute;stico, com 37,4% e 32,1%, respectivamente. O avan&ccedil;o das demais empresas foi de 9,1%, com 30,5% na demanda e foi a Avianca Brasil quem tem teve a melhor varia&ccedil;&atilde;o positiva, com +20,2%, enquanto a Latam registrou a principal queda, baixa de 6%. As empresas Gol e Azul apresentaram crescimento de 5,7% e 9,5% no RPK, respectivamente.<\/p>\n<p style=\"text-align:justify\">Em julho deste ano, a taxa de aproveitamento dom&eacute;stico foi de 83,9%, &nbsp;com leve baixa de 0,7% em rela&ccedil;&atilde;o ao mesmo per&iacute;odo do ano passado.<\/p>\n<p style=\"text-align:justify\"><a class=\"fancybox-media\" href=\"..\/_uploads\/_noticia\/2017-09\/2aeroportoimagemaleatoria2.jpg\" rel=\"portfolio\"><img decoding=\"async\" alt=\"\" src=\"..\/_uploads\/_noticia\/2017-09\/2aeroportoimagemaleatoria2.jpg\" \/><\/a><\/p>\n<p style=\"text-align:justify\"><strong>INTERNACIONAL<\/strong><\/p>\n<p style=\"text-align:justify\">Em julho de 2017, a demanda internacional das empresas brasileiras apresentou aumento de 19%, sendo este o 10&ordm; m&ecirc;s consecutivo de alta. A oferta cresceu 18,2% nesse per&iacute;odo, o 9&ordm; aumento consecutivo.<\/p>\n<p style=\"text-align:justify\">813 mil passageiros foi o movimento dos &nbsp;voos internacionais. Os tr&ecirc;s indicadores alcan&ccedil;aram o seu maior n&iacute;vel para um &uacute;nico m&ecirc;s na s&eacute;rie hist&oacute;rica iniciada em 2000. No acumulado de janeiro a julho de 2017, a demanda internacional das empresas brasileiras cresceu 12,8% e a oferta aumentou 8,9%, em compara&ccedil;&atilde;o com igual per&iacute;odo de 2016. Taxa m&eacute;dia de ocupa&ccedil;&atilde;o com 86,2%, aumento de 0,7%..<\/p>\n<p style=\"text-align:justify\"><a class=\"fancybox-media\" href=\"..\/_uploads\/_noticia\/2017-09\/aviaolatam.jpg\" rel=\"portfolio\"><img decoding=\"async\" alt=\"\" src=\"..\/_uploads\/_noticia\/2017-09\/aviaolatam.jpg\" \/><\/a><\/p>\n<p style=\"text-align:justify\">A Latam continuou com maior participa&ccedil;&atilde;o de mercado, de 73,5% no o que representou recuo de 5,5% na compara&ccedil;&atilde;o com igual do ano anterior, apesar da alta de 12,4% em RPK. A Azul apresentou um aumento de 58,5% no internacional, passando a uma participa&ccedil;&atilde;o de mercado de 12,6%, seguida da GOL com 11,8%. A Avianca passou a figurar como a quarta empresa a&eacute;rea brasileira neste mercado e j&aacute; est&aacute; com 2,1% da demanda internacional de passageiros.<\/p>\n<p style=\"text-align:justify\">Nos sete primeiros meses do ano, o indicador acumulou alta de 3,6% na compara&ccedil;&atilde;o com igual per&iacute;odo de 2016, atingindo o valor de &nbsp;85,3%.<\/p>\n<p style=\"text-align:justify\">Os dados est&atilde;o dispon&iacute;veis no relat&oacute;rio Demanda e Oferta do Transporte A&eacute;reo &ndash; Empresas Brasileiras, divulgado hoje pela Ag&ecirc;ncia Nacional de Avia&ccedil;&atilde;o Civil (ANAC).&nbsp;<\/p>\n<p style=\"text-align:justify\">&nbsp;<\/p>\n<p>&nbsp;<\/p>\n<p>&nbsp;<\/p>\n<p>&nbsp;<\/p>\n<p>&nbsp;<\/p>\n<p>&nbsp;<\/p>\n","protected":false},"excerpt":{"rendered":"<p>Dados da ANAC mostram eleva\u00e7\u00e3o de 3,6% com 8,3 milh\u00f5es de passageiros transportados nos voos dom\u00e9sticos, internacional tamb\u00e9m em alta<\/p>\n","protected":false},"author":1,"featured_media":0,"comment_status":"open","ping_status":"open","sticky":false,"template":"","format":"standard","meta":{"footnotes":""},"categories":[],"tags":[],"class_list":["post-6056","post","type-post","status-publish","format-standard","hentry"],"yoast_head":"<!-- This site is optimized with the Yoast SEO plugin v26.2 - https:\/\/yoast.com\/wordpress\/plugins\/seo\/ -->\n<title>DEMANDA DOM\u00c9STICA TEVE ALTA EM JULHO PELO QUINTO M\u00caS SEGUIDO - Travel3<\/title>\n<meta name=\"description\" content=\"A TRAVEL3 \u00e9 um portal de conte\u00fado voltado para o turismo, encontre destinos, viagens, hospedagem, passagens, guias, not\u00edcias sobre o mercado do turismo, dicas de viagem, v\u00eddeos e podcast.\" \/>\n<meta name=\"robots\" content=\"index, follow, max-snippet:-1, max-image-preview:large, max-video-preview:-1\" \/>\n<link rel=\"canonical\" href=\"https:\/\/www.travel3.com.br\/site\/sem-categoria\/demanda-domestica-teve-alta-em-julho-pelo-quinto-mes-seguido\/\" \/>\n<meta property=\"og:locale\" content=\"pt_BR\" \/>\n<meta property=\"og:type\" content=\"article\" \/>\n<meta property=\"og:title\" content=\"DEMANDA DOM\u00c9STICA TEVE ALTA EM JULHO PELO QUINTO M\u00caS SEGUIDO - Travel3\" \/>\n<meta property=\"og:description\" content=\"A TRAVEL3 \u00e9 um portal de conte\u00fado voltado para o turismo, encontre destinos, viagens, hospedagem, passagens, guias, not\u00edcias sobre o mercado do turismo, dicas de viagem, v\u00eddeos e podcast.\" \/>\n<meta property=\"og:url\" content=\"https:\/\/www.travel3.com.br\/site\/sem-categoria\/demanda-domestica-teve-alta-em-julho-pelo-quinto-mes-seguido\/\" \/>\n<meta property=\"og:site_name\" content=\"Travel3\" \/>\n<meta property=\"article:publisher\" content=\"https:\/\/www.facebook.com\/travel3media\/\" \/>\n<meta property=\"article:published_time\" content=\"2017-09-24T22:59:46+00:00\" \/>\n<meta property=\"article:modified_time\" content=\"2017-10-11T14:54:27+00:00\" \/>\n<meta name=\"author\" content=\"admin\" \/>\n<meta name=\"twitter:card\" content=\"summary_large_image\" \/>\n<meta name=\"twitter:label1\" content=\"Escrito por\" \/>\n\t<meta name=\"twitter:data1\" content=\"admin\" \/>\n\t<meta name=\"twitter:label2\" content=\"Est. tempo de leitura\" \/>\n\t<meta name=\"twitter:data2\" content=\"2 minutos\" \/>\n<script type=\"application\/ld+json\" class=\"yoast-schema-graph\">{\"@context\":\"https:\/\/schema.org\",\"@graph\":[{\"@type\":\"Article\",\"@id\":\"https:\/\/www.travel3.com.br\/site\/sem-categoria\/demanda-domestica-teve-alta-em-julho-pelo-quinto-mes-seguido\/#article\",\"isPartOf\":{\"@id\":\"https:\/\/www.travel3.com.br\/site\/sem-categoria\/demanda-domestica-teve-alta-em-julho-pelo-quinto-mes-seguido\/\"},\"author\":{\"name\":\"admin\",\"@id\":\"https:\/\/www.travel3.com.br\/site\/#\/schema\/person\/a69d71e41a024999b6ab82369ac0bd1e\"},\"headline\":\"DEMANDA DOM\u00c9STICA TEVE ALTA EM JULHO PELO QUINTO M\u00caS SEGUIDO\",\"datePublished\":\"2017-09-24T22:59:46+00:00\",\"dateModified\":\"2017-10-11T14:54:27+00:00\",\"mainEntityOfPage\":{\"@id\":\"https:\/\/www.travel3.com.br\/site\/sem-categoria\/demanda-domestica-teve-alta-em-julho-pelo-quinto-mes-seguido\/\"},\"wordCount\":508,\"commentCount\":0,\"publisher\":{\"@id\":\"https:\/\/www.travel3.com.br\/site\/#organization\"},\"inLanguage\":\"pt-BR\",\"potentialAction\":[{\"@type\":\"CommentAction\",\"name\":\"Comment\",\"target\":[\"https:\/\/www.travel3.com.br\/site\/sem-categoria\/demanda-domestica-teve-alta-em-julho-pelo-quinto-mes-seguido\/#respond\"]}]},{\"@type\":\"WebPage\",\"@id\":\"https:\/\/www.travel3.com.br\/site\/sem-categoria\/demanda-domestica-teve-alta-em-julho-pelo-quinto-mes-seguido\/\",\"url\":\"https:\/\/www.travel3.com.br\/site\/sem-categoria\/demanda-domestica-teve-alta-em-julho-pelo-quinto-mes-seguido\/\",\"name\":\"DEMANDA DOM\u00c9STICA TEVE ALTA EM JULHO PELO QUINTO M\u00caS SEGUIDO - Travel3\",\"isPartOf\":{\"@id\":\"https:\/\/www.travel3.com.br\/site\/#website\"},\"datePublished\":\"2017-09-24T22:59:46+00:00\",\"dateModified\":\"2017-10-11T14:54:27+00:00\",\"description\":\"A TRAVEL3 \u00e9 um portal de conte\u00fado voltado para o turismo, encontre destinos, viagens, hospedagem, passagens, guias, not\u00edcias sobre o mercado do turismo, dicas de viagem, v\u00eddeos e podcast.\",\"breadcrumb\":{\"@id\":\"https:\/\/www.travel3.com.br\/site\/sem-categoria\/demanda-domestica-teve-alta-em-julho-pelo-quinto-mes-seguido\/#breadcrumb\"},\"inLanguage\":\"pt-BR\",\"potentialAction\":[{\"@type\":\"ReadAction\",\"target\":[\"https:\/\/www.travel3.com.br\/site\/sem-categoria\/demanda-domestica-teve-alta-em-julho-pelo-quinto-mes-seguido\/\"]}]},{\"@type\":\"BreadcrumbList\",\"@id\":\"https:\/\/www.travel3.com.br\/site\/sem-categoria\/demanda-domestica-teve-alta-em-julho-pelo-quinto-mes-seguido\/#breadcrumb\",\"itemListElement\":[{\"@type\":\"ListItem\",\"position\":1,\"name\":\"In\u00edcio\",\"item\":\"https:\/\/www.travel3.com.br\/site\/\"},{\"@type\":\"ListItem\",\"position\":2,\"name\":\"DEMANDA DOM\u00c9STICA TEVE ALTA EM JULHO PELO QUINTO M\u00caS SEGUIDO\"}]},{\"@type\":\"WebSite\",\"@id\":\"https:\/\/www.travel3.com.br\/site\/#website\",\"url\":\"https:\/\/www.travel3.com.br\/site\/\",\"name\":\"Travel3\",\"description\":\"Lazer + Neg&oacute;cios + Aventura\",\"publisher\":{\"@id\":\"https:\/\/www.travel3.com.br\/site\/#organization\"},\"potentialAction\":[{\"@type\":\"SearchAction\",\"target\":{\"@type\":\"EntryPoint\",\"urlTemplate\":\"https:\/\/www.travel3.com.br\/site\/?s={search_term_string}\"},\"query-input\":{\"@type\":\"PropertyValueSpecification\",\"valueRequired\":true,\"valueName\":\"search_term_string\"}}],\"inLanguage\":\"pt-BR\"},{\"@type\":\"Organization\",\"@id\":\"https:\/\/www.travel3.com.br\/site\/#organization\",\"name\":\"Travel3\",\"url\":\"https:\/\/www.travel3.com.br\/site\/\",\"logo\":{\"@type\":\"ImageObject\",\"inLanguage\":\"pt-BR\",\"@id\":\"https:\/\/www.travel3.com.br\/site\/#\/schema\/logo\/image\/\",\"url\":\"https:\/\/www.travel3.com.br\/site\/wp-content\/uploads\/2020\/01\/logo-travel3-2020.png\",\"contentUrl\":\"https:\/\/www.travel3.com.br\/site\/wp-content\/uploads\/2020\/01\/logo-travel3-2020.png\",\"width\":232,\"height\":79,\"caption\":\"Travel3\"},\"image\":{\"@id\":\"https:\/\/www.travel3.com.br\/site\/#\/schema\/logo\/image\/\"},\"sameAs\":[\"https:\/\/www.facebook.com\/travel3media\/\",\"https:\/\/www.instagram.com\/revistatravel3\/\",\"https:\/\/www.youtube.com\/channel\/UCno7J4paGBR3VbZQzvoJ9Eg\"]},{\"@type\":\"Person\",\"@id\":\"https:\/\/www.travel3.com.br\/site\/#\/schema\/person\/a69d71e41a024999b6ab82369ac0bd1e\",\"name\":\"admin\",\"image\":{\"@type\":\"ImageObject\",\"inLanguage\":\"pt-BR\",\"@id\":\"https:\/\/www.travel3.com.br\/site\/#\/schema\/person\/image\/\",\"url\":\"https:\/\/secure.gravatar.com\/avatar\/732a67adfd764da2a47ba10ce731c4c0?s=96&d=mm&r=g\",\"contentUrl\":\"https:\/\/secure.gravatar.com\/avatar\/732a67adfd764da2a47ba10ce731c4c0?s=96&d=mm&r=g\",\"caption\":\"admin\"},\"url\":\"https:\/\/www.travel3.com.br\/site\/author\/admin\/\"}]}<\/script>\n<!-- \/ Yoast SEO plugin. -->","yoast_head_json":{"title":"DEMANDA DOM\u00c9STICA TEVE ALTA EM JULHO PELO QUINTO M\u00caS SEGUIDO - Travel3","description":"A TRAVEL3 \u00e9 um portal de conte\u00fado voltado para o turismo, encontre destinos, viagens, hospedagem, passagens, guias, not\u00edcias sobre o mercado do turismo, dicas de viagem, v\u00eddeos e podcast.","robots":{"index":"index","follow":"follow","max-snippet":"max-snippet:-1","max-image-preview":"max-image-preview:large","max-video-preview":"max-video-preview:-1"},"canonical":"https:\/\/www.travel3.com.br\/site\/sem-categoria\/demanda-domestica-teve-alta-em-julho-pelo-quinto-mes-seguido\/","og_locale":"pt_BR","og_type":"article","og_title":"DEMANDA DOM\u00c9STICA TEVE ALTA EM JULHO PELO QUINTO M\u00caS SEGUIDO - Travel3","og_description":"A TRAVEL3 \u00e9 um portal de conte\u00fado voltado para o turismo, encontre destinos, viagens, hospedagem, passagens, guias, not\u00edcias sobre o mercado do turismo, dicas de viagem, v\u00eddeos e podcast.","og_url":"https:\/\/www.travel3.com.br\/site\/sem-categoria\/demanda-domestica-teve-alta-em-julho-pelo-quinto-mes-seguido\/","og_site_name":"Travel3","article_publisher":"https:\/\/www.facebook.com\/travel3media\/","article_published_time":"2017-09-24T22:59:46+00:00","article_modified_time":"2017-10-11T14:54:27+00:00","author":"admin","twitter_card":"summary_large_image","twitter_misc":{"Escrito por":"admin","Est. tempo de leitura":"2 minutos"},"schema":{"@context":"https:\/\/schema.org","@graph":[{"@type":"Article","@id":"https:\/\/www.travel3.com.br\/site\/sem-categoria\/demanda-domestica-teve-alta-em-julho-pelo-quinto-mes-seguido\/#article","isPartOf":{"@id":"https:\/\/www.travel3.com.br\/site\/sem-categoria\/demanda-domestica-teve-alta-em-julho-pelo-quinto-mes-seguido\/"},"author":{"name":"admin","@id":"https:\/\/www.travel3.com.br\/site\/#\/schema\/person\/a69d71e41a024999b6ab82369ac0bd1e"},"headline":"DEMANDA DOM\u00c9STICA TEVE ALTA EM JULHO PELO QUINTO M\u00caS SEGUIDO","datePublished":"2017-09-24T22:59:46+00:00","dateModified":"2017-10-11T14:54:27+00:00","mainEntityOfPage":{"@id":"https:\/\/www.travel3.com.br\/site\/sem-categoria\/demanda-domestica-teve-alta-em-julho-pelo-quinto-mes-seguido\/"},"wordCount":508,"commentCount":0,"publisher":{"@id":"https:\/\/www.travel3.com.br\/site\/#organization"},"inLanguage":"pt-BR","potentialAction":[{"@type":"CommentAction","name":"Comment","target":["https:\/\/www.travel3.com.br\/site\/sem-categoria\/demanda-domestica-teve-alta-em-julho-pelo-quinto-mes-seguido\/#respond"]}]},{"@type":"WebPage","@id":"https:\/\/www.travel3.com.br\/site\/sem-categoria\/demanda-domestica-teve-alta-em-julho-pelo-quinto-mes-seguido\/","url":"https:\/\/www.travel3.com.br\/site\/sem-categoria\/demanda-domestica-teve-alta-em-julho-pelo-quinto-mes-seguido\/","name":"DEMANDA DOM\u00c9STICA TEVE ALTA EM JULHO PELO QUINTO M\u00caS SEGUIDO - Travel3","isPartOf":{"@id":"https:\/\/www.travel3.com.br\/site\/#website"},"datePublished":"2017-09-24T22:59:46+00:00","dateModified":"2017-10-11T14:54:27+00:00","description":"A TRAVEL3 \u00e9 um portal de conte\u00fado voltado para o turismo, encontre destinos, viagens, hospedagem, passagens, guias, not\u00edcias sobre o mercado do turismo, dicas de viagem, v\u00eddeos e podcast.","breadcrumb":{"@id":"https:\/\/www.travel3.com.br\/site\/sem-categoria\/demanda-domestica-teve-alta-em-julho-pelo-quinto-mes-seguido\/#breadcrumb"},"inLanguage":"pt-BR","potentialAction":[{"@type":"ReadAction","target":["https:\/\/www.travel3.com.br\/site\/sem-categoria\/demanda-domestica-teve-alta-em-julho-pelo-quinto-mes-seguido\/"]}]},{"@type":"BreadcrumbList","@id":"https:\/\/www.travel3.com.br\/site\/sem-categoria\/demanda-domestica-teve-alta-em-julho-pelo-quinto-mes-seguido\/#breadcrumb","itemListElement":[{"@type":"ListItem","position":1,"name":"In\u00edcio","item":"https:\/\/www.travel3.com.br\/site\/"},{"@type":"ListItem","position":2,"name":"DEMANDA DOM\u00c9STICA TEVE ALTA EM JULHO PELO QUINTO M\u00caS SEGUIDO"}]},{"@type":"WebSite","@id":"https:\/\/www.travel3.com.br\/site\/#website","url":"https:\/\/www.travel3.com.br\/site\/","name":"Travel3","description":"Lazer + Neg&oacute;cios + Aventura","publisher":{"@id":"https:\/\/www.travel3.com.br\/site\/#organization"},"potentialAction":[{"@type":"SearchAction","target":{"@type":"EntryPoint","urlTemplate":"https:\/\/www.travel3.com.br\/site\/?s={search_term_string}"},"query-input":{"@type":"PropertyValueSpecification","valueRequired":true,"valueName":"search_term_string"}}],"inLanguage":"pt-BR"},{"@type":"Organization","@id":"https:\/\/www.travel3.com.br\/site\/#organization","name":"Travel3","url":"https:\/\/www.travel3.com.br\/site\/","logo":{"@type":"ImageObject","inLanguage":"pt-BR","@id":"https:\/\/www.travel3.com.br\/site\/#\/schema\/logo\/image\/","url":"https:\/\/www.travel3.com.br\/site\/wp-content\/uploads\/2020\/01\/logo-travel3-2020.png","contentUrl":"https:\/\/www.travel3.com.br\/site\/wp-content\/uploads\/2020\/01\/logo-travel3-2020.png","width":232,"height":79,"caption":"Travel3"},"image":{"@id":"https:\/\/www.travel3.com.br\/site\/#\/schema\/logo\/image\/"},"sameAs":["https:\/\/www.facebook.com\/travel3media\/","https:\/\/www.instagram.com\/revistatravel3\/","https:\/\/www.youtube.com\/channel\/UCno7J4paGBR3VbZQzvoJ9Eg"]},{"@type":"Person","@id":"https:\/\/www.travel3.com.br\/site\/#\/schema\/person\/a69d71e41a024999b6ab82369ac0bd1e","name":"admin","image":{"@type":"ImageObject","inLanguage":"pt-BR","@id":"https:\/\/www.travel3.com.br\/site\/#\/schema\/person\/image\/","url":"https:\/\/secure.gravatar.com\/avatar\/732a67adfd764da2a47ba10ce731c4c0?s=96&d=mm&r=g","contentUrl":"https:\/\/secure.gravatar.com\/avatar\/732a67adfd764da2a47ba10ce731c4c0?s=96&d=mm&r=g","caption":"admin"},"url":"https:\/\/www.travel3.com.br\/site\/author\/admin\/"}]}},"_links":{"self":[{"href":"https:\/\/www.travel3.com.br\/site\/wp-json\/wp\/v2\/posts\/6056","targetHints":{"allow":["GET"]}}],"collection":[{"href":"https:\/\/www.travel3.com.br\/site\/wp-json\/wp\/v2\/posts"}],"about":[{"href":"https:\/\/www.travel3.com.br\/site\/wp-json\/wp\/v2\/types\/post"}],"author":[{"embeddable":true,"href":"https:\/\/www.travel3.com.br\/site\/wp-json\/wp\/v2\/users\/1"}],"replies":[{"embeddable":true,"href":"https:\/\/www.travel3.com.br\/site\/wp-json\/wp\/v2\/comments?post=6056"}],"version-history":[{"count":1,"href":"https:\/\/www.travel3.com.br\/site\/wp-json\/wp\/v2\/posts\/6056\/revisions"}],"predecessor-version":[{"id":6485,"href":"https:\/\/www.travel3.com.br\/site\/wp-json\/wp\/v2\/posts\/6056\/revisions\/6485"}],"wp:attachment":[{"href":"https:\/\/www.travel3.com.br\/site\/wp-json\/wp\/v2\/media?parent=6056"}],"wp:term":[{"taxonomy":"category","embeddable":true,"href":"https:\/\/www.travel3.com.br\/site\/wp-json\/wp\/v2\/categories?post=6056"},{"taxonomy":"post_tag","embeddable":true,"href":"https:\/\/www.travel3.com.br\/site\/wp-json\/wp\/v2\/tags?post=6056"}],"curies":[{"name":"wp","href":"https:\/\/api.w.org\/{rel}","templated":true}]}}