{"id":6003,"date":"2017-09-27T16:05:31","date_gmt":"2017-09-27T16:05:31","guid":{"rendered":"http:\/\/www.travel3.com.br\/site\/ir-e-vir\/ar\/mais-de-500-hotis-em-todo-o-mundo-iniciaram-uma-cooperao-inovadora-para-se-tornar-a-maior-associao-mundial-de-hotis-privados-a-nova-aliana-glo\/"},"modified":"2017-10-11T14:54:22","modified_gmt":"2017-10-11T14:54:22","slug":"alianca-global-de-hoteis-privados-nasce-com-500-integrantes","status":"publish","type":"post","link":"https:\/\/www.travel3.com.br\/site\/sem-categoria\/alianca-global-de-hoteis-privados-nasce-com-500-integrantes\/","title":{"rendered":"ALIAN\u00c7A GLOBAL DE HOT\u00c9IS PRIVADOS NASCE COM 500 INTEGRANTES"},"content":{"rendered":"<p style=\"text-align:justify\">Mais de 500 hot&eacute;is em todo o mundo iniciaram uma coopera&ccedil;&atilde;o inovadora, para se tornar a maior associa&ccedil;&atilde;o mundial de hot&eacute;is privados. A nova Alian&ccedil;a Global substitui o antigo grupo Hotel Privado Europa.<\/p>\n<p style=\"text-align:justify\"><a class=\"fancybox-media\" href=\"..\/_uploads\/_noticia\/2017-09\/hoteispartedegrupouniao.jpg\" rel=\"portfolio\"><img decoding=\"async\" alt=\"\" src=\"..\/_uploads\/_noticia\/2017-09\/hoteispartedegrupouniao.jpg\" \/><\/a><\/p>\n<p style=\"text-align:justify\">Esta nova organiza&ccedil;&atilde;o hoteleira mundial com mais de 500 membros individuais&nbsp; (<em>com alguns nesta foto de divulga&ccedil;ao<\/em>) ter&aacute; a fus&atilde;o de dois grupos de hot&eacute;is existentes &#8211;&nbsp;Private Hotels Europe&nbsp; que representa mais de 300 &nbsp;estabelecimentos de propriedade privada na Alemanha, Su&eacute;cia, &Aacute;ustria e Dinamarca e o &nbsp;Charme &amp; Carat&egrave;re Hotels,&nbsp;que representa mais de 270 hot&eacute;is em todo o mundo.<\/p>\n<p style=\"text-align:justify\">&quot;A coopera&ccedil;&atilde;o com a Private Hotels Europe &eacute; interessante, porque implica um grande potencial de neg&oacute;cios para todas as cadeias e hot&eacute;is relacionados, &nbsp;individualmente e como uma marca unida fortalecendo nossa posi&ccedil;&atilde;o em todo o mundo.&nbsp;Al&eacute;m disso, atrav&eacute;s desta comunidade, podemos alcan&ccedil;ar algumas economias de escala atraentes e, no m&iacute;nimo, nos&nbsp;integrar&nbsp;uns para os outros &quot;,afirma &nbsp;Jacques Bath&eacute;l&eacute;my&nbsp;, presidente da Charme &amp; Carat&egrave;re Hotels.<\/p>\n<p style=\"text-align:justify\">Sediada na Fran&ccedil;a, mas tamb&eacute;m representa hot&eacute;is de fora da Europa. Al&eacute;m dos hot&eacute;is Charme &amp; Carat&egrave;re, a alian&ccedil;a tamb&eacute;m inclui as cadeias de hot&eacute;is Ringhotels na Alemanha, Petit Hotel na Su&eacute;cia, Naturidyll na &Aacute;ustria e Pequenos Hot&eacute;is &nbsp;na Dinamarca.<\/p>\n<p style=\"text-align:justify\">Um valor comum na constitui&ccedil;&atilde;o do grupo de 500 unidades &eacute; o conceito de servi&ccedil;o e qualidade.&nbsp;A coopera&ccedil;&atilde;o global inclui, entre outros, uma valiosa estrat&eacute;gia de marketing comum e internacional.<\/p>\n<p>&nbsp;<\/p>\n<p>&nbsp;<\/p>\n<p>&nbsp;<\/p>\n","protected":false},"excerpt":{"rendered":"<p>A coopera\u00e7\u00e3o global inclui, entre outros itens, uma valiosa estrat\u00e9gia de marketing comum no neg\u00f3cio hoteleiro internacional<\/p>\n","protected":false},"author":1,"featured_media":0,"comment_status":"open","ping_status":"open","sticky":false,"template":"","format":"standard","meta":{"footnotes":""},"categories":[],"tags":[],"class_list":["post-6003","post","type-post","status-publish","format-standard","hentry"],"yoast_head":"<!-- This site is optimized with the Yoast SEO plugin v26.2 - https:\/\/yoast.com\/wordpress\/plugins\/seo\/ -->\n<title>ALIAN\u00c7A GLOBAL DE HOT\u00c9IS PRIVADOS NASCE COM 500 INTEGRANTES - Travel3<\/title>\n<meta name=\"description\" content=\"A TRAVEL3 \u00e9 um portal de conte\u00fado voltado para o turismo, encontre destinos, viagens, hospedagem, passagens, guias, not\u00edcias sobre o mercado do turismo, dicas de viagem, v\u00eddeos e podcast.\" \/>\n<meta name=\"robots\" content=\"index, follow, max-snippet:-1, max-image-preview:large, max-video-preview:-1\" \/>\n<link rel=\"canonical\" href=\"https:\/\/www.travel3.com.br\/site\/sem-categoria\/alianca-global-de-hoteis-privados-nasce-com-500-integrantes\/\" \/>\n<meta property=\"og:locale\" content=\"pt_BR\" \/>\n<meta property=\"og:type\" content=\"article\" \/>\n<meta property=\"og:title\" content=\"ALIAN\u00c7A GLOBAL DE HOT\u00c9IS PRIVADOS NASCE COM 500 INTEGRANTES - Travel3\" \/>\n<meta property=\"og:description\" content=\"A TRAVEL3 \u00e9 um portal de conte\u00fado voltado para o turismo, encontre destinos, viagens, hospedagem, passagens, guias, not\u00edcias sobre o mercado do turismo, dicas de viagem, v\u00eddeos e podcast.\" \/>\n<meta property=\"og:url\" content=\"https:\/\/www.travel3.com.br\/site\/sem-categoria\/alianca-global-de-hoteis-privados-nasce-com-500-integrantes\/\" \/>\n<meta property=\"og:site_name\" content=\"Travel3\" \/>\n<meta property=\"article:publisher\" content=\"https:\/\/www.facebook.com\/travel3media\/\" \/>\n<meta property=\"article:published_time\" content=\"2017-09-27T16:05:31+00:00\" \/>\n<meta property=\"article:modified_time\" content=\"2017-10-11T14:54:22+00:00\" \/>\n<meta name=\"author\" content=\"admin\" \/>\n<meta name=\"twitter:card\" content=\"summary_large_image\" \/>\n<meta name=\"twitter:label1\" content=\"Escrito por\" \/>\n\t<meta name=\"twitter:data1\" content=\"admin\" \/>\n\t<meta name=\"twitter:label2\" content=\"Est. tempo de leitura\" \/>\n\t<meta name=\"twitter:data2\" content=\"2 minutos\" \/>\n<script type=\"application\/ld+json\" class=\"yoast-schema-graph\">{\"@context\":\"https:\/\/schema.org\",\"@graph\":[{\"@type\":\"Article\",\"@id\":\"https:\/\/www.travel3.com.br\/site\/sem-categoria\/alianca-global-de-hoteis-privados-nasce-com-500-integrantes\/#article\",\"isPartOf\":{\"@id\":\"https:\/\/www.travel3.com.br\/site\/sem-categoria\/alianca-global-de-hoteis-privados-nasce-com-500-integrantes\/\"},\"author\":{\"name\":\"admin\",\"@id\":\"https:\/\/www.travel3.com.br\/site\/#\/schema\/person\/a69d71e41a024999b6ab82369ac0bd1e\"},\"headline\":\"ALIAN\u00c7A GLOBAL DE HOT\u00c9IS PRIVADOS NASCE COM 500 INTEGRANTES\",\"datePublished\":\"2017-09-27T16:05:31+00:00\",\"dateModified\":\"2017-10-11T14:54:22+00:00\",\"mainEntityOfPage\":{\"@id\":\"https:\/\/www.travel3.com.br\/site\/sem-categoria\/alianca-global-de-hoteis-privados-nasce-com-500-integrantes\/\"},\"wordCount\":341,\"commentCount\":0,\"publisher\":{\"@id\":\"https:\/\/www.travel3.com.br\/site\/#organization\"},\"inLanguage\":\"pt-BR\",\"potentialAction\":[{\"@type\":\"CommentAction\",\"name\":\"Comment\",\"target\":[\"https:\/\/www.travel3.com.br\/site\/sem-categoria\/alianca-global-de-hoteis-privados-nasce-com-500-integrantes\/#respond\"]}]},{\"@type\":\"WebPage\",\"@id\":\"https:\/\/www.travel3.com.br\/site\/sem-categoria\/alianca-global-de-hoteis-privados-nasce-com-500-integrantes\/\",\"url\":\"https:\/\/www.travel3.com.br\/site\/sem-categoria\/alianca-global-de-hoteis-privados-nasce-com-500-integrantes\/\",\"name\":\"ALIAN\u00c7A GLOBAL DE HOT\u00c9IS PRIVADOS NASCE COM 500 INTEGRANTES - Travel3\",\"isPartOf\":{\"@id\":\"https:\/\/www.travel3.com.br\/site\/#website\"},\"datePublished\":\"2017-09-27T16:05:31+00:00\",\"dateModified\":\"2017-10-11T14:54:22+00:00\",\"description\":\"A TRAVEL3 \u00e9 um portal de conte\u00fado voltado para o turismo, encontre destinos, viagens, hospedagem, passagens, guias, not\u00edcias sobre o mercado do turismo, dicas de viagem, v\u00eddeos e podcast.\",\"breadcrumb\":{\"@id\":\"https:\/\/www.travel3.com.br\/site\/sem-categoria\/alianca-global-de-hoteis-privados-nasce-com-500-integrantes\/#breadcrumb\"},\"inLanguage\":\"pt-BR\",\"potentialAction\":[{\"@type\":\"ReadAction\",\"target\":[\"https:\/\/www.travel3.com.br\/site\/sem-categoria\/alianca-global-de-hoteis-privados-nasce-com-500-integrantes\/\"]}]},{\"@type\":\"BreadcrumbList\",\"@id\":\"https:\/\/www.travel3.com.br\/site\/sem-categoria\/alianca-global-de-hoteis-privados-nasce-com-500-integrantes\/#breadcrumb\",\"itemListElement\":[{\"@type\":\"ListItem\",\"position\":1,\"name\":\"In\u00edcio\",\"item\":\"https:\/\/www.travel3.com.br\/site\/\"},{\"@type\":\"ListItem\",\"position\":2,\"name\":\"ALIAN\u00c7A GLOBAL DE HOT\u00c9IS PRIVADOS NASCE COM 500 INTEGRANTES\"}]},{\"@type\":\"WebSite\",\"@id\":\"https:\/\/www.travel3.com.br\/site\/#website\",\"url\":\"https:\/\/www.travel3.com.br\/site\/\",\"name\":\"Travel3\",\"description\":\"Lazer + Neg&oacute;cios + Aventura\",\"publisher\":{\"@id\":\"https:\/\/www.travel3.com.br\/site\/#organization\"},\"potentialAction\":[{\"@type\":\"SearchAction\",\"target\":{\"@type\":\"EntryPoint\",\"urlTemplate\":\"https:\/\/www.travel3.com.br\/site\/?s={search_term_string}\"},\"query-input\":{\"@type\":\"PropertyValueSpecification\",\"valueRequired\":true,\"valueName\":\"search_term_string\"}}],\"inLanguage\":\"pt-BR\"},{\"@type\":\"Organization\",\"@id\":\"https:\/\/www.travel3.com.br\/site\/#organization\",\"name\":\"Travel3\",\"url\":\"https:\/\/www.travel3.com.br\/site\/\",\"logo\":{\"@type\":\"ImageObject\",\"inLanguage\":\"pt-BR\",\"@id\":\"https:\/\/www.travel3.com.br\/site\/#\/schema\/logo\/image\/\",\"url\":\"https:\/\/www.travel3.com.br\/site\/wp-content\/uploads\/2020\/01\/logo-travel3-2020.png\",\"contentUrl\":\"https:\/\/www.travel3.com.br\/site\/wp-content\/uploads\/2020\/01\/logo-travel3-2020.png\",\"width\":232,\"height\":79,\"caption\":\"Travel3\"},\"image\":{\"@id\":\"https:\/\/www.travel3.com.br\/site\/#\/schema\/logo\/image\/\"},\"sameAs\":[\"https:\/\/www.facebook.com\/travel3media\/\",\"https:\/\/www.instagram.com\/revistatravel3\/\",\"https:\/\/www.youtube.com\/channel\/UCno7J4paGBR3VbZQzvoJ9Eg\"]},{\"@type\":\"Person\",\"@id\":\"https:\/\/www.travel3.com.br\/site\/#\/schema\/person\/a69d71e41a024999b6ab82369ac0bd1e\",\"name\":\"admin\",\"image\":{\"@type\":\"ImageObject\",\"inLanguage\":\"pt-BR\",\"@id\":\"https:\/\/www.travel3.com.br\/site\/#\/schema\/person\/image\/\",\"url\":\"https:\/\/secure.gravatar.com\/avatar\/732a67adfd764da2a47ba10ce731c4c0?s=96&d=mm&r=g\",\"contentUrl\":\"https:\/\/secure.gravatar.com\/avatar\/732a67adfd764da2a47ba10ce731c4c0?s=96&d=mm&r=g\",\"caption\":\"admin\"},\"url\":\"https:\/\/www.travel3.com.br\/site\/author\/admin\/\"}]}<\/script>\n<!-- \/ Yoast SEO plugin. -->","yoast_head_json":{"title":"ALIAN\u00c7A GLOBAL DE HOT\u00c9IS PRIVADOS NASCE COM 500 INTEGRANTES - Travel3","description":"A TRAVEL3 \u00e9 um portal de conte\u00fado voltado para o turismo, encontre destinos, viagens, hospedagem, passagens, guias, not\u00edcias sobre o mercado do turismo, dicas de viagem, v\u00eddeos e podcast.","robots":{"index":"index","follow":"follow","max-snippet":"max-snippet:-1","max-image-preview":"max-image-preview:large","max-video-preview":"max-video-preview:-1"},"canonical":"https:\/\/www.travel3.com.br\/site\/sem-categoria\/alianca-global-de-hoteis-privados-nasce-com-500-integrantes\/","og_locale":"pt_BR","og_type":"article","og_title":"ALIAN\u00c7A GLOBAL DE HOT\u00c9IS PRIVADOS NASCE COM 500 INTEGRANTES - Travel3","og_description":"A TRAVEL3 \u00e9 um portal de conte\u00fado voltado para o turismo, encontre destinos, viagens, hospedagem, passagens, guias, not\u00edcias sobre o mercado do turismo, dicas de viagem, v\u00eddeos e podcast.","og_url":"https:\/\/www.travel3.com.br\/site\/sem-categoria\/alianca-global-de-hoteis-privados-nasce-com-500-integrantes\/","og_site_name":"Travel3","article_publisher":"https:\/\/www.facebook.com\/travel3media\/","article_published_time":"2017-09-27T16:05:31+00:00","article_modified_time":"2017-10-11T14:54:22+00:00","author":"admin","twitter_card":"summary_large_image","twitter_misc":{"Escrito por":"admin","Est. tempo de leitura":"2 minutos"},"schema":{"@context":"https:\/\/schema.org","@graph":[{"@type":"Article","@id":"https:\/\/www.travel3.com.br\/site\/sem-categoria\/alianca-global-de-hoteis-privados-nasce-com-500-integrantes\/#article","isPartOf":{"@id":"https:\/\/www.travel3.com.br\/site\/sem-categoria\/alianca-global-de-hoteis-privados-nasce-com-500-integrantes\/"},"author":{"name":"admin","@id":"https:\/\/www.travel3.com.br\/site\/#\/schema\/person\/a69d71e41a024999b6ab82369ac0bd1e"},"headline":"ALIAN\u00c7A GLOBAL DE HOT\u00c9IS PRIVADOS NASCE COM 500 INTEGRANTES","datePublished":"2017-09-27T16:05:31+00:00","dateModified":"2017-10-11T14:54:22+00:00","mainEntityOfPage":{"@id":"https:\/\/www.travel3.com.br\/site\/sem-categoria\/alianca-global-de-hoteis-privados-nasce-com-500-integrantes\/"},"wordCount":341,"commentCount":0,"publisher":{"@id":"https:\/\/www.travel3.com.br\/site\/#organization"},"inLanguage":"pt-BR","potentialAction":[{"@type":"CommentAction","name":"Comment","target":["https:\/\/www.travel3.com.br\/site\/sem-categoria\/alianca-global-de-hoteis-privados-nasce-com-500-integrantes\/#respond"]}]},{"@type":"WebPage","@id":"https:\/\/www.travel3.com.br\/site\/sem-categoria\/alianca-global-de-hoteis-privados-nasce-com-500-integrantes\/","url":"https:\/\/www.travel3.com.br\/site\/sem-categoria\/alianca-global-de-hoteis-privados-nasce-com-500-integrantes\/","name":"ALIAN\u00c7A GLOBAL DE HOT\u00c9IS PRIVADOS NASCE COM 500 INTEGRANTES - Travel3","isPartOf":{"@id":"https:\/\/www.travel3.com.br\/site\/#website"},"datePublished":"2017-09-27T16:05:31+00:00","dateModified":"2017-10-11T14:54:22+00:00","description":"A TRAVEL3 \u00e9 um portal de conte\u00fado voltado para o turismo, encontre destinos, viagens, hospedagem, passagens, guias, not\u00edcias sobre o mercado do turismo, dicas de viagem, v\u00eddeos e podcast.","breadcrumb":{"@id":"https:\/\/www.travel3.com.br\/site\/sem-categoria\/alianca-global-de-hoteis-privados-nasce-com-500-integrantes\/#breadcrumb"},"inLanguage":"pt-BR","potentialAction":[{"@type":"ReadAction","target":["https:\/\/www.travel3.com.br\/site\/sem-categoria\/alianca-global-de-hoteis-privados-nasce-com-500-integrantes\/"]}]},{"@type":"BreadcrumbList","@id":"https:\/\/www.travel3.com.br\/site\/sem-categoria\/alianca-global-de-hoteis-privados-nasce-com-500-integrantes\/#breadcrumb","itemListElement":[{"@type":"ListItem","position":1,"name":"In\u00edcio","item":"https:\/\/www.travel3.com.br\/site\/"},{"@type":"ListItem","position":2,"name":"ALIAN\u00c7A GLOBAL DE HOT\u00c9IS PRIVADOS NASCE COM 500 INTEGRANTES"}]},{"@type":"WebSite","@id":"https:\/\/www.travel3.com.br\/site\/#website","url":"https:\/\/www.travel3.com.br\/site\/","name":"Travel3","description":"Lazer + Neg&oacute;cios + Aventura","publisher":{"@id":"https:\/\/www.travel3.com.br\/site\/#organization"},"potentialAction":[{"@type":"SearchAction","target":{"@type":"EntryPoint","urlTemplate":"https:\/\/www.travel3.com.br\/site\/?s={search_term_string}"},"query-input":{"@type":"PropertyValueSpecification","valueRequired":true,"valueName":"search_term_string"}}],"inLanguage":"pt-BR"},{"@type":"Organization","@id":"https:\/\/www.travel3.com.br\/site\/#organization","name":"Travel3","url":"https:\/\/www.travel3.com.br\/site\/","logo":{"@type":"ImageObject","inLanguage":"pt-BR","@id":"https:\/\/www.travel3.com.br\/site\/#\/schema\/logo\/image\/","url":"https:\/\/www.travel3.com.br\/site\/wp-content\/uploads\/2020\/01\/logo-travel3-2020.png","contentUrl":"https:\/\/www.travel3.com.br\/site\/wp-content\/uploads\/2020\/01\/logo-travel3-2020.png","width":232,"height":79,"caption":"Travel3"},"image":{"@id":"https:\/\/www.travel3.com.br\/site\/#\/schema\/logo\/image\/"},"sameAs":["https:\/\/www.facebook.com\/travel3media\/","https:\/\/www.instagram.com\/revistatravel3\/","https:\/\/www.youtube.com\/channel\/UCno7J4paGBR3VbZQzvoJ9Eg"]},{"@type":"Person","@id":"https:\/\/www.travel3.com.br\/site\/#\/schema\/person\/a69d71e41a024999b6ab82369ac0bd1e","name":"admin","image":{"@type":"ImageObject","inLanguage":"pt-BR","@id":"https:\/\/www.travel3.com.br\/site\/#\/schema\/person\/image\/","url":"https:\/\/secure.gravatar.com\/avatar\/732a67adfd764da2a47ba10ce731c4c0?s=96&d=mm&r=g","contentUrl":"https:\/\/secure.gravatar.com\/avatar\/732a67adfd764da2a47ba10ce731c4c0?s=96&d=mm&r=g","caption":"admin"},"url":"https:\/\/www.travel3.com.br\/site\/author\/admin\/"}]}},"_links":{"self":[{"href":"https:\/\/www.travel3.com.br\/site\/wp-json\/wp\/v2\/posts\/6003","targetHints":{"allow":["GET"]}}],"collection":[{"href":"https:\/\/www.travel3.com.br\/site\/wp-json\/wp\/v2\/posts"}],"about":[{"href":"https:\/\/www.travel3.com.br\/site\/wp-json\/wp\/v2\/types\/post"}],"author":[{"embeddable":true,"href":"https:\/\/www.travel3.com.br\/site\/wp-json\/wp\/v2\/users\/1"}],"replies":[{"embeddable":true,"href":"https:\/\/www.travel3.com.br\/site\/wp-json\/wp\/v2\/comments?post=6003"}],"version-history":[{"count":1,"href":"https:\/\/www.travel3.com.br\/site\/wp-json\/wp\/v2\/posts\/6003\/revisions"}],"predecessor-version":[{"id":6432,"href":"https:\/\/www.travel3.com.br\/site\/wp-json\/wp\/v2\/posts\/6003\/revisions\/6432"}],"wp:attachment":[{"href":"https:\/\/www.travel3.com.br\/site\/wp-json\/wp\/v2\/media?parent=6003"}],"wp:term":[{"taxonomy":"category","embeddable":true,"href":"https:\/\/www.travel3.com.br\/site\/wp-json\/wp\/v2\/categories?post=6003"},{"taxonomy":"post_tag","embeddable":true,"href":"https:\/\/www.travel3.com.br\/site\/wp-json\/wp\/v2\/tags?post=6003"}],"curies":[{"name":"wp","href":"https:\/\/api.w.org\/{rel}","templated":true}]}}