{"id":5993,"date":"2017-09-25T04:54:34","date_gmt":"2017-09-25T04:54:34","guid":{"rendered":"http:\/\/www.travel3.com.br\/site\/ir-e-vir\/ar\/a-atlantica-hotels-passa-a-administrar-de-mais-um-hotel-desta-vez-em-maca-norte-do-estado-do-rio-de-janeiro-a-160-km-da-capital-e-polo-da-produo-industrial-petro\/"},"modified":"2017-10-11T14:54:20","modified_gmt":"2017-10-11T14:54:20","slug":"atlantica-hotels-amplia-presenca-no-estado-do-rio","status":"publish","type":"post","link":"https:\/\/www.travel3.com.br\/site\/sem-categoria\/atlantica-hotels-amplia-presenca-no-estado-do-rio\/","title":{"rendered":"ATLANTICA  HOTELS AMPLIA PRESEN\u00c7A NO ESTADO DO RIO"},"content":{"rendered":"<p style=\"text-align:justify\">A Atlantica Hotels &nbsp;passa a administrar&nbsp; de mais um hotel, desta vez em Maca&eacute;, norte do estado do Rio de Janeiro, a 160 km da capital e polo da produ&ccedil;&atilde;o industrial petrol&iacute;fera. &nbsp;SleepInn Dubai Maca&eacute;. Com estrat&eacute;gica localiza&ccedil;&atilde;o e denomina&ccedil;&atilde;o, o o Sleep Inn Dubai com 109 apartamentos.<\/p>\n<p style=\"text-align:justify\"><a class=\"fancybox-media\" href=\"..\/_uploads\/_noticia\/2017-09\/fachada-1.jpg\" rel=\"portfolio\"><img decoding=\"async\" alt=\"\" src=\"..\/_uploads\/_noticia\/2017-09\/fachada-1.jpg\" \/><\/a><\/p>\n<p style=\"text-align:justify\">Resultado da convers&atilde;o junto &agrave; &nbsp;Matiz Dubai Maca&eacute;, a unidade que agora passa a ter a gest&atilde;o da Atlantica est&aacute; na &nbsp;rua Irene Meireles, 253, no bairro Gl&oacute;ria. A Atlantica Hotels &nbsp;passa a administrar&nbsp; de mais um hotel, desta vez em Maca&eacute;, norte do estado do Rio de Janeiro, a 160 km da SleepInn Dubai Maca&eacute;. Te do estado do Rio de Janeiro, com estrat&eacute;gica localiza&ccedil;&atilde;o e denomina&ccedil;&atilde;o. &Eacute; o Sleep Inn DubaiFruto da convers&atilde;o do&nbsp;Matiz Dubai Maca&eacute;, a unidade, rua Irene Meireles, 253, no bairro Gl&oacute;ria, conta com 109 apartamentos.<\/p>\n<p style=\"text-align:justify\">&ldquo;O empreendimento refor&ccedil;a ainda mais nossa presen&ccedil;a no mercado fluminense onde j&aacute; administramos, no mesmo munic&iacute;pio, o Comfort Su&iacute;tes Maca&eacute;. Com dois hot&eacute;is neste destino, ampliamos nossa oferta localizada e, portanto, conseguiremos atrair diferentes perfis de viajantes a neg&oacute;cio&rdquo;, afirma Guilherme Martini, diretor-executivo de Opera&ccedil;&otilde;es da Atlantica Hotels.<\/p>\n<p style=\"text-align:justify\">O executivo considera &nbsp;Maca&eacute; como &nbsp;cidade importante para a expans&atilde;o da rede. &ldquo;Maca&eacute; j&aacute; foi a maior pot&ecirc;ncia do petr&oacute;leo brasileiro. Com o crescimento da ind&uacute;stria offshore, a cidade teve amplo desenvolvimento, mas por conta da crise econ&ocirc;mica nos &uacute;ltimos anos, perdeu este posto; por&eacute;m, j&aacute; estamos percebendo uma retomada dos neg&oacute;cios e, portanto, do seu ritmo de crescimento&rdquo;, analisa Martini.<\/p>\n<p style=\"text-align:justify\">Esta &eacute;&nbsp;&nbsp;a terceira convers&atilde;o da companhia neste ano no mercado fluminense. Em maio, a Atlantica promoveu a convers&atilde;o do Quality Su&iacute;tes Botafogo e em agosto foi a vez do Quality Hotel Niter&oacute;i, refor&ccedil;ando a presen&ccedil;a da Atlantica Hotels e a oferta de hospedagem no Estado. S&atilde;o mais de mil apartamentos.<\/p>\n<p style=\"text-align:justify\">Com esta convers&atilde;o, a bandeira Sleep Inn chega ao seu 6&ordm; hotel no Pa&iacute;s. A marca tamb&eacute;m est&aacute; presente em Campinas, Vit&oacute;ria, Manaus, Guarulhos e Pindamonhangaba, e a oferta &nbsp;de 870 apartamentos.<\/p>\n<p style=\"text-align:justify\"><a class=\"fancybox-media\" href=\"..\/_uploads\/_noticia\/2017-09\/apartamento-casal-1.jpg\" rel=\"portfolio\"><img decoding=\"async\" alt=\"\" src=\"..\/_uploads\/_noticia\/2017-09\/apartamento-casal-1.jpg\" \/><\/a><\/p>\n<p style=\"text-align:justify\">O Sleep Inn Dubai Maca&eacute; est&aacute; distribu&iacute;dos em cinco andares, com os &nbsp;apartamentos do hotel est&atilde;o divididos em duas diferentes categorias &ndash; Standard e Superior King &ndash; com metragens de 26 m&sup2;. Preparado para receber portadores de necessidades especiais, conta com tr&ecirc;s apartamentos adaptados, espa&ccedil;o para circula&ccedil;&atilde;o de cadeirantes e equipamentos para auxiliar pessoas com dificuldade de locomo&ccedil;&atilde;o e vis&atilde;o.<\/p>\n<p style=\"text-align:justify\">&nbsp;Entre os servi&ccedil;os cortesia, o h&oacute;spede encontra conex&atilde;o para internet wi-fi nos apartamentos e em todas as outras depend&ecirc;ncias do hotel, caf&eacute; da manh&atilde; e&nbsp;room service&nbsp;24 horas. O hotel &eacute; atendido pelo Restaurante das Na&ccedil;&otilde;es, que tem capacidade para atender at&eacute; 120 pessoas.<\/p>\n<p style=\"text-align:justify\">A &aacute;rea de eventos possui uma sala de reuni&atilde;o, com&nbsp;metragens de 62 m2, capacidade m&aacute;xima para acomodar at&eacute; 50 pessoas em audit&oacute;rio,&nbsp;perfeito para a realiza&ccedil;&atilde;o de eventos corporativos e treinamentos.<\/p>\n<p style=\"text-align:justify\">O estacionamento do hotel &eacute; cortesia e tem 35 vagas descobertas.<\/p>\n<p style=\"text-align:justify\">O hotel est&aacute; a 11 km do Aeroporto de Maca&eacute;, a apenas 4,5 km do Terminal Rodovi&aacute;rio e a 5 Km do centro da cidade. O Sleep Inn Dubai Maca&eacute; tamb&eacute;m est&aacute; pr&oacute;ximo &agrave;s praias e a diversos polos industriais como Porto de Imbetiba, Petrobr&aacute;s e da Zona Especial de Neg&oacute;cios (ZEN). O hotel oferece tamb&eacute;m liga&ccedil;&atilde;o r&aacute;pida ao Shopping Plaza, distante de 3,4 km, &agrave; Igreja de Sant&rsquo;Anna, 5&nbsp;km e ao Centro de Conven&ccedil;&otilde;es, a 16 km.<\/p>\n<p style=\"text-align:justify\">Valdelino Ferreira &eacute; o gerente geral do Sleep Inn Dubai Maca&eacute;. O profissional, tem 26 anos no setor hoteleiro, acumula experi&ecirc;ncia de 15 anos na ger&ecirc;ncia geral. Ao longo da carreira, o profissional tamb&eacute;m j&aacute; atuou na gest&atilde;o de outros hot&eacute;is da Atlantica.<\/p>\n<p style=\"text-align:justify\">reservas.smea@atlanticahotels.com.br<\/p>\n<p style=\"text-align:justify\">Tel.: (22)&nbsp;2105-8888<\/p>\n<p style=\"text-align:justify\">&nbsp;<\/p>\n<p style=\"text-align:justify\">&nbsp;<\/p>\n<p style=\"text-align:justify\">&nbsp;<\/p>\n<p>&nbsp;<\/p>\n<p>&nbsp;<\/p>\n<p>&nbsp;<\/p>\n<p>&nbsp;<\/p>\n","protected":false},"excerpt":{"rendered":"<p>Com a administra\u00e7\u00e3o em Maca\u00e9 do  Sleep Inn Dubai, o segundo empreendimento na cidade<\/p>\n","protected":false},"author":1,"featured_media":0,"comment_status":"open","ping_status":"open","sticky":false,"template":"","format":"standard","meta":{"footnotes":""},"categories":[],"tags":[],"class_list":["post-5993","post","type-post","status-publish","format-standard","hentry"],"yoast_head":"<!-- This site is optimized with the Yoast SEO plugin v26.2 - https:\/\/yoast.com\/wordpress\/plugins\/seo\/ -->\n<title>ATLANTICA HOTELS AMPLIA PRESEN\u00c7A NO ESTADO DO RIO - Travel3<\/title>\n<meta name=\"description\" content=\"A TRAVEL3 \u00e9 um portal de conte\u00fado voltado para o turismo, encontre destinos, viagens, hospedagem, passagens, guias, not\u00edcias sobre o mercado do turismo, dicas de viagem, v\u00eddeos e podcast.\" \/>\n<meta name=\"robots\" content=\"index, follow, max-snippet:-1, max-image-preview:large, max-video-preview:-1\" \/>\n<link rel=\"canonical\" href=\"https:\/\/www.travel3.com.br\/site\/sem-categoria\/atlantica-hotels-amplia-presenca-no-estado-do-rio\/\" \/>\n<meta property=\"og:locale\" content=\"pt_BR\" \/>\n<meta property=\"og:type\" content=\"article\" \/>\n<meta property=\"og:title\" content=\"ATLANTICA HOTELS AMPLIA PRESEN\u00c7A NO ESTADO DO RIO - Travel3\" \/>\n<meta property=\"og:description\" content=\"A TRAVEL3 \u00e9 um portal de conte\u00fado voltado para o turismo, encontre destinos, viagens, hospedagem, passagens, guias, not\u00edcias sobre o mercado do turismo, dicas de viagem, v\u00eddeos e podcast.\" \/>\n<meta property=\"og:url\" content=\"https:\/\/www.travel3.com.br\/site\/sem-categoria\/atlantica-hotels-amplia-presenca-no-estado-do-rio\/\" \/>\n<meta property=\"og:site_name\" content=\"Travel3\" \/>\n<meta property=\"article:publisher\" content=\"https:\/\/www.facebook.com\/travel3media\/\" \/>\n<meta property=\"article:published_time\" content=\"2017-09-25T04:54:34+00:00\" \/>\n<meta property=\"article:modified_time\" content=\"2017-10-11T14:54:20+00:00\" \/>\n<meta name=\"author\" content=\"admin\" \/>\n<meta name=\"twitter:card\" content=\"summary_large_image\" \/>\n<meta name=\"twitter:label1\" content=\"Escrito por\" \/>\n\t<meta name=\"twitter:data1\" content=\"admin\" \/>\n\t<meta name=\"twitter:label2\" content=\"Est. tempo de leitura\" \/>\n\t<meta name=\"twitter:data2\" content=\"4 minutos\" \/>\n<script type=\"application\/ld+json\" class=\"yoast-schema-graph\">{\"@context\":\"https:\/\/schema.org\",\"@graph\":[{\"@type\":\"Article\",\"@id\":\"https:\/\/www.travel3.com.br\/site\/sem-categoria\/atlantica-hotels-amplia-presenca-no-estado-do-rio\/#article\",\"isPartOf\":{\"@id\":\"https:\/\/www.travel3.com.br\/site\/sem-categoria\/atlantica-hotels-amplia-presenca-no-estado-do-rio\/\"},\"author\":{\"name\":\"admin\",\"@id\":\"https:\/\/www.travel3.com.br\/site\/#\/schema\/person\/a69d71e41a024999b6ab82369ac0bd1e\"},\"headline\":\"ATLANTICA HOTELS AMPLIA PRESEN\u00c7A NO ESTADO DO RIO\",\"datePublished\":\"2017-09-25T04:54:34+00:00\",\"dateModified\":\"2017-10-11T14:54:20+00:00\",\"mainEntityOfPage\":{\"@id\":\"https:\/\/www.travel3.com.br\/site\/sem-categoria\/atlantica-hotels-amplia-presenca-no-estado-do-rio\/\"},\"wordCount\":809,\"commentCount\":0,\"publisher\":{\"@id\":\"https:\/\/www.travel3.com.br\/site\/#organization\"},\"inLanguage\":\"pt-BR\",\"potentialAction\":[{\"@type\":\"CommentAction\",\"name\":\"Comment\",\"target\":[\"https:\/\/www.travel3.com.br\/site\/sem-categoria\/atlantica-hotels-amplia-presenca-no-estado-do-rio\/#respond\"]}]},{\"@type\":\"WebPage\",\"@id\":\"https:\/\/www.travel3.com.br\/site\/sem-categoria\/atlantica-hotels-amplia-presenca-no-estado-do-rio\/\",\"url\":\"https:\/\/www.travel3.com.br\/site\/sem-categoria\/atlantica-hotels-amplia-presenca-no-estado-do-rio\/\",\"name\":\"ATLANTICA HOTELS AMPLIA PRESEN\u00c7A NO ESTADO DO RIO - Travel3\",\"isPartOf\":{\"@id\":\"https:\/\/www.travel3.com.br\/site\/#website\"},\"datePublished\":\"2017-09-25T04:54:34+00:00\",\"dateModified\":\"2017-10-11T14:54:20+00:00\",\"description\":\"A TRAVEL3 \u00e9 um portal de conte\u00fado voltado para o turismo, encontre destinos, viagens, hospedagem, passagens, guias, not\u00edcias sobre o mercado do turismo, dicas de viagem, v\u00eddeos e podcast.\",\"breadcrumb\":{\"@id\":\"https:\/\/www.travel3.com.br\/site\/sem-categoria\/atlantica-hotels-amplia-presenca-no-estado-do-rio\/#breadcrumb\"},\"inLanguage\":\"pt-BR\",\"potentialAction\":[{\"@type\":\"ReadAction\",\"target\":[\"https:\/\/www.travel3.com.br\/site\/sem-categoria\/atlantica-hotels-amplia-presenca-no-estado-do-rio\/\"]}]},{\"@type\":\"BreadcrumbList\",\"@id\":\"https:\/\/www.travel3.com.br\/site\/sem-categoria\/atlantica-hotels-amplia-presenca-no-estado-do-rio\/#breadcrumb\",\"itemListElement\":[{\"@type\":\"ListItem\",\"position\":1,\"name\":\"In\u00edcio\",\"item\":\"https:\/\/www.travel3.com.br\/site\/\"},{\"@type\":\"ListItem\",\"position\":2,\"name\":\"ATLANTICA HOTELS AMPLIA PRESEN\u00c7A NO ESTADO DO RIO\"}]},{\"@type\":\"WebSite\",\"@id\":\"https:\/\/www.travel3.com.br\/site\/#website\",\"url\":\"https:\/\/www.travel3.com.br\/site\/\",\"name\":\"Travel3\",\"description\":\"Lazer + Neg&oacute;cios + Aventura\",\"publisher\":{\"@id\":\"https:\/\/www.travel3.com.br\/site\/#organization\"},\"potentialAction\":[{\"@type\":\"SearchAction\",\"target\":{\"@type\":\"EntryPoint\",\"urlTemplate\":\"https:\/\/www.travel3.com.br\/site\/?s={search_term_string}\"},\"query-input\":{\"@type\":\"PropertyValueSpecification\",\"valueRequired\":true,\"valueName\":\"search_term_string\"}}],\"inLanguage\":\"pt-BR\"},{\"@type\":\"Organization\",\"@id\":\"https:\/\/www.travel3.com.br\/site\/#organization\",\"name\":\"Travel3\",\"url\":\"https:\/\/www.travel3.com.br\/site\/\",\"logo\":{\"@type\":\"ImageObject\",\"inLanguage\":\"pt-BR\",\"@id\":\"https:\/\/www.travel3.com.br\/site\/#\/schema\/logo\/image\/\",\"url\":\"https:\/\/www.travel3.com.br\/site\/wp-content\/uploads\/2020\/01\/logo-travel3-2020.png\",\"contentUrl\":\"https:\/\/www.travel3.com.br\/site\/wp-content\/uploads\/2020\/01\/logo-travel3-2020.png\",\"width\":232,\"height\":79,\"caption\":\"Travel3\"},\"image\":{\"@id\":\"https:\/\/www.travel3.com.br\/site\/#\/schema\/logo\/image\/\"},\"sameAs\":[\"https:\/\/www.facebook.com\/travel3media\/\",\"https:\/\/www.instagram.com\/revistatravel3\/\",\"https:\/\/www.youtube.com\/channel\/UCno7J4paGBR3VbZQzvoJ9Eg\"]},{\"@type\":\"Person\",\"@id\":\"https:\/\/www.travel3.com.br\/site\/#\/schema\/person\/a69d71e41a024999b6ab82369ac0bd1e\",\"name\":\"admin\",\"image\":{\"@type\":\"ImageObject\",\"inLanguage\":\"pt-BR\",\"@id\":\"https:\/\/www.travel3.com.br\/site\/#\/schema\/person\/image\/\",\"url\":\"https:\/\/secure.gravatar.com\/avatar\/732a67adfd764da2a47ba10ce731c4c0?s=96&d=mm&r=g\",\"contentUrl\":\"https:\/\/secure.gravatar.com\/avatar\/732a67adfd764da2a47ba10ce731c4c0?s=96&d=mm&r=g\",\"caption\":\"admin\"},\"url\":\"https:\/\/www.travel3.com.br\/site\/author\/admin\/\"}]}<\/script>\n<!-- \/ Yoast SEO plugin. -->","yoast_head_json":{"title":"ATLANTICA HOTELS AMPLIA PRESEN\u00c7A NO ESTADO DO RIO - Travel3","description":"A TRAVEL3 \u00e9 um portal de conte\u00fado voltado para o turismo, encontre destinos, viagens, hospedagem, passagens, guias, not\u00edcias sobre o mercado do turismo, dicas de viagem, v\u00eddeos e podcast.","robots":{"index":"index","follow":"follow","max-snippet":"max-snippet:-1","max-image-preview":"max-image-preview:large","max-video-preview":"max-video-preview:-1"},"canonical":"https:\/\/www.travel3.com.br\/site\/sem-categoria\/atlantica-hotels-amplia-presenca-no-estado-do-rio\/","og_locale":"pt_BR","og_type":"article","og_title":"ATLANTICA HOTELS AMPLIA PRESEN\u00c7A NO ESTADO DO RIO - Travel3","og_description":"A TRAVEL3 \u00e9 um portal de conte\u00fado voltado para o turismo, encontre destinos, viagens, hospedagem, passagens, guias, not\u00edcias sobre o mercado do turismo, dicas de viagem, v\u00eddeos e podcast.","og_url":"https:\/\/www.travel3.com.br\/site\/sem-categoria\/atlantica-hotels-amplia-presenca-no-estado-do-rio\/","og_site_name":"Travel3","article_publisher":"https:\/\/www.facebook.com\/travel3media\/","article_published_time":"2017-09-25T04:54:34+00:00","article_modified_time":"2017-10-11T14:54:20+00:00","author":"admin","twitter_card":"summary_large_image","twitter_misc":{"Escrito por":"admin","Est. tempo de leitura":"4 minutos"},"schema":{"@context":"https:\/\/schema.org","@graph":[{"@type":"Article","@id":"https:\/\/www.travel3.com.br\/site\/sem-categoria\/atlantica-hotels-amplia-presenca-no-estado-do-rio\/#article","isPartOf":{"@id":"https:\/\/www.travel3.com.br\/site\/sem-categoria\/atlantica-hotels-amplia-presenca-no-estado-do-rio\/"},"author":{"name":"admin","@id":"https:\/\/www.travel3.com.br\/site\/#\/schema\/person\/a69d71e41a024999b6ab82369ac0bd1e"},"headline":"ATLANTICA HOTELS AMPLIA PRESEN\u00c7A NO ESTADO DO RIO","datePublished":"2017-09-25T04:54:34+00:00","dateModified":"2017-10-11T14:54:20+00:00","mainEntityOfPage":{"@id":"https:\/\/www.travel3.com.br\/site\/sem-categoria\/atlantica-hotels-amplia-presenca-no-estado-do-rio\/"},"wordCount":809,"commentCount":0,"publisher":{"@id":"https:\/\/www.travel3.com.br\/site\/#organization"},"inLanguage":"pt-BR","potentialAction":[{"@type":"CommentAction","name":"Comment","target":["https:\/\/www.travel3.com.br\/site\/sem-categoria\/atlantica-hotels-amplia-presenca-no-estado-do-rio\/#respond"]}]},{"@type":"WebPage","@id":"https:\/\/www.travel3.com.br\/site\/sem-categoria\/atlantica-hotels-amplia-presenca-no-estado-do-rio\/","url":"https:\/\/www.travel3.com.br\/site\/sem-categoria\/atlantica-hotels-amplia-presenca-no-estado-do-rio\/","name":"ATLANTICA HOTELS AMPLIA PRESEN\u00c7A NO ESTADO DO RIO - Travel3","isPartOf":{"@id":"https:\/\/www.travel3.com.br\/site\/#website"},"datePublished":"2017-09-25T04:54:34+00:00","dateModified":"2017-10-11T14:54:20+00:00","description":"A TRAVEL3 \u00e9 um portal de conte\u00fado voltado para o turismo, encontre destinos, viagens, hospedagem, passagens, guias, not\u00edcias sobre o mercado do turismo, dicas de viagem, v\u00eddeos e podcast.","breadcrumb":{"@id":"https:\/\/www.travel3.com.br\/site\/sem-categoria\/atlantica-hotels-amplia-presenca-no-estado-do-rio\/#breadcrumb"},"inLanguage":"pt-BR","potentialAction":[{"@type":"ReadAction","target":["https:\/\/www.travel3.com.br\/site\/sem-categoria\/atlantica-hotels-amplia-presenca-no-estado-do-rio\/"]}]},{"@type":"BreadcrumbList","@id":"https:\/\/www.travel3.com.br\/site\/sem-categoria\/atlantica-hotels-amplia-presenca-no-estado-do-rio\/#breadcrumb","itemListElement":[{"@type":"ListItem","position":1,"name":"In\u00edcio","item":"https:\/\/www.travel3.com.br\/site\/"},{"@type":"ListItem","position":2,"name":"ATLANTICA HOTELS AMPLIA PRESEN\u00c7A NO ESTADO DO RIO"}]},{"@type":"WebSite","@id":"https:\/\/www.travel3.com.br\/site\/#website","url":"https:\/\/www.travel3.com.br\/site\/","name":"Travel3","description":"Lazer + Neg&oacute;cios + Aventura","publisher":{"@id":"https:\/\/www.travel3.com.br\/site\/#organization"},"potentialAction":[{"@type":"SearchAction","target":{"@type":"EntryPoint","urlTemplate":"https:\/\/www.travel3.com.br\/site\/?s={search_term_string}"},"query-input":{"@type":"PropertyValueSpecification","valueRequired":true,"valueName":"search_term_string"}}],"inLanguage":"pt-BR"},{"@type":"Organization","@id":"https:\/\/www.travel3.com.br\/site\/#organization","name":"Travel3","url":"https:\/\/www.travel3.com.br\/site\/","logo":{"@type":"ImageObject","inLanguage":"pt-BR","@id":"https:\/\/www.travel3.com.br\/site\/#\/schema\/logo\/image\/","url":"https:\/\/www.travel3.com.br\/site\/wp-content\/uploads\/2020\/01\/logo-travel3-2020.png","contentUrl":"https:\/\/www.travel3.com.br\/site\/wp-content\/uploads\/2020\/01\/logo-travel3-2020.png","width":232,"height":79,"caption":"Travel3"},"image":{"@id":"https:\/\/www.travel3.com.br\/site\/#\/schema\/logo\/image\/"},"sameAs":["https:\/\/www.facebook.com\/travel3media\/","https:\/\/www.instagram.com\/revistatravel3\/","https:\/\/www.youtube.com\/channel\/UCno7J4paGBR3VbZQzvoJ9Eg"]},{"@type":"Person","@id":"https:\/\/www.travel3.com.br\/site\/#\/schema\/person\/a69d71e41a024999b6ab82369ac0bd1e","name":"admin","image":{"@type":"ImageObject","inLanguage":"pt-BR","@id":"https:\/\/www.travel3.com.br\/site\/#\/schema\/person\/image\/","url":"https:\/\/secure.gravatar.com\/avatar\/732a67adfd764da2a47ba10ce731c4c0?s=96&d=mm&r=g","contentUrl":"https:\/\/secure.gravatar.com\/avatar\/732a67adfd764da2a47ba10ce731c4c0?s=96&d=mm&r=g","caption":"admin"},"url":"https:\/\/www.travel3.com.br\/site\/author\/admin\/"}]}},"_links":{"self":[{"href":"https:\/\/www.travel3.com.br\/site\/wp-json\/wp\/v2\/posts\/5993","targetHints":{"allow":["GET"]}}],"collection":[{"href":"https:\/\/www.travel3.com.br\/site\/wp-json\/wp\/v2\/posts"}],"about":[{"href":"https:\/\/www.travel3.com.br\/site\/wp-json\/wp\/v2\/types\/post"}],"author":[{"embeddable":true,"href":"https:\/\/www.travel3.com.br\/site\/wp-json\/wp\/v2\/users\/1"}],"replies":[{"embeddable":true,"href":"https:\/\/www.travel3.com.br\/site\/wp-json\/wp\/v2\/comments?post=5993"}],"version-history":[{"count":1,"href":"https:\/\/www.travel3.com.br\/site\/wp-json\/wp\/v2\/posts\/5993\/revisions"}],"predecessor-version":[{"id":6422,"href":"https:\/\/www.travel3.com.br\/site\/wp-json\/wp\/v2\/posts\/5993\/revisions\/6422"}],"wp:attachment":[{"href":"https:\/\/www.travel3.com.br\/site\/wp-json\/wp\/v2\/media?parent=5993"}],"wp:term":[{"taxonomy":"category","embeddable":true,"href":"https:\/\/www.travel3.com.br\/site\/wp-json\/wp\/v2\/categories?post=5993"},{"taxonomy":"post_tag","embeddable":true,"href":"https:\/\/www.travel3.com.br\/site\/wp-json\/wp\/v2\/tags?post=5993"}],"curies":[{"name":"wp","href":"https:\/\/api.w.org\/{rel}","templated":true}]}}