{"id":5929,"date":"2017-10-06T06:10:04","date_gmt":"2017-10-06T06:10:04","guid":{"rendered":"http:\/\/www.travel3.com.br\/site\/ir-e-vir\/ar\/no-dia-12-de-outubro-o-centro-de-meditao-kadampa-brasil-templo-da-tradio-budista-kadampa-localizado-em-cabrevasp-na-serra-do-japi-promove-uma-programacc\/"},"modified":"2017-10-11T20:03:53","modified_gmt":"2017-10-11T20:03:53","slug":"no-dia-12-de-outubro-o-centro-de-meditao-kadampa-brasil-templo-da-tradio-budista-kadampa-localizado-em-cabrevasp-na-serra-do-japi-promove-uma-programacc","status":"publish","type":"post","link":"https:\/\/www.travel3.com.br\/site\/dicas\/no-dia-12-de-outubro-o-centro-de-meditao-kadampa-brasil-templo-da-tradio-budista-kadampa-localizado-em-cabrevasp-na-serra-do-japi-promove-uma-programacc\/","title":{"rendered":"TEMPLO BUDISTA TEM PROGRAMA\u00c7\u00c3O ESPECIAL PARA 12 DE OUTUBRO"},"content":{"rendered":"<p style=\"text-align: justify;\"><a class=\"fancybox-media\" href=\"..\/_uploads\/_noticia\/2017-10\/3unnamed.jpg\" rel=\"portfolio\"><img decoding=\"async\" src=\"..\/_uploads\/_noticia\/2017-10\/3unnamed.jpg\" alt=\"\" \/><\/a>No dia 12 de outubro, o Centro de Medita\u00e7\u00e3o Kadampa Brasil, Templo da Tradi\u00e7\u00e3o Budista Kadampa localizado em Cabre\u00fava\/SP, na Serra do Japi, promove uma programa\u00e7\u00e3o especial e gratuita, totalmente focada nas crian\u00e7as, com a participa\u00e7\u00e3o das fam\u00edlias.<\/p>\n<p style=\"text-align: justify;\">Pais e filhos participar\u00e3o de uma aula de medita\u00e7\u00e3o l\u00fadica, em que s\u00e3o transmitidas t\u00e9cnicas e conceitos b\u00e1sicos de medita\u00e7\u00e3o e controle da mente, de forma alegre e divertida.<\/p>\n<p style=\"text-align: justify;\"><a href=\"http:\/\/www.travel3.com.br\/site\/wp-content\/uploads\/2017\/10\/3unnamed.jpg\"><img loading=\"lazy\" decoding=\"async\" class=\"alignnone size-full wp-image-6613\" src=\"http:\/\/www.travel3.com.br\/site\/wp-content\/uploads\/2017\/10\/3unnamed.jpg\" alt=\"\" width=\"484\" height=\"323\" srcset=\"https:\/\/www.travel3.com.br\/site\/wp-content\/uploads\/2017\/10\/3unnamed.jpg 484w, https:\/\/www.travel3.com.br\/site\/wp-content\/uploads\/2017\/10\/3unnamed-300x200.jpg 300w, https:\/\/www.travel3.com.br\/site\/wp-content\/uploads\/2017\/10\/3unnamed-60x40.jpg 60w, https:\/\/www.travel3.com.br\/site\/wp-content\/uploads\/2017\/10\/3unnamed-144x95.jpg 144w, https:\/\/www.travel3.com.br\/site\/wp-content\/uploads\/2017\/10\/3unnamed-210x139.jpg 210w\" sizes=\"auto, (max-width: 484px) 100vw, 484px\" \/><\/a><a class=\"fancybox-media\" href=\"..\/_uploads\/_noticia\/2017-10\/4unnamed.jpg\" rel=\"portfolio\"><img decoding=\"async\" src=\"..\/_uploads\/_noticia\/2017-10\/4unnamed.jpg\" alt=\"\" \/><\/a><\/p>\n<p style=\"text-align: justify;\">\u00c0 tarde, diversas brincadeiras e atividades ao ar livre pelos mais de 72 mil metros quadrados est\u00e3o programadas para divertir os pequenos. Com o aux\u00edlio de monitores, pais e filhos poder\u00e3o descobrir os segredos de cada cantinho do Centro de Medita\u00e7\u00e3o Kadampa Brasil. Para fechar a tarde de atividades, a oficina de teatro infantil contar\u00e1 com hist\u00f3rias budistas de amor e compaix\u00e3o e outras brincadeiras, que prometem alegrar a crian\u00e7ada.<\/p>\n<p style=\"text-align: justify;\"><strong>Programa\u00e7\u00e3o<\/strong><\/p>\n<p style=\"text-align: justify;\">10h \u2013 abertura dos port\u00f5es<br \/>\n11h \u2013 oficina de medita\u00e7\u00e3o<br \/>\n14h \u2013 atividades ao ar livre<br \/>\n15h30 \u2013 teatrinho<br \/>\n17h \u2013 fechamento dos port\u00f5es<\/p>\n<p style=\"text-align: justify;\"><strong>Saiba mais = www.budismokadampa.org.br\u00a0<\/strong><\/p>\n","protected":false},"excerpt":{"rendered":"<p>Das 10h \u00e0s 17h, atividades incluem oficinas de medita\u00e7\u00e3o, teatro infantil e brincadeiras ao ar livre distribu\u00eddas em meio \u00e0 Serra do Japi<\/p>\n","protected":false},"author":1,"featured_media":6614,"comment_status":"open","ping_status":"open","sticky":false,"template":"","format":"standard","meta":{"footnotes":""},"categories":[7],"tags":[],"class_list":["post-5929","post","type-post","status-publish","format-standard","has-post-thumbnail","hentry","category-dicas"],"yoast_head":"<!-- This site is optimized with the Yoast SEO plugin v26.2 - https:\/\/yoast.com\/wordpress\/plugins\/seo\/ -->\n<title>TEMPLO BUDISTA TEM PROGRAMA\u00c7\u00c3O ESPECIAL PARA 12 DE OUTUBRO - Travel3<\/title>\n<meta name=\"description\" content=\"A TRAVEL3 \u00e9 um portal de conte\u00fado voltado para o turismo, encontre destinos, viagens, hospedagem, passagens, guias, not\u00edcias sobre o mercado do turismo, dicas de viagem, v\u00eddeos e podcast.\" \/>\n<meta name=\"robots\" content=\"index, follow, max-snippet:-1, max-image-preview:large, max-video-preview:-1\" \/>\n<link rel=\"canonical\" href=\"https:\/\/www.travel3.com.br\/site\/dicas\/no-dia-12-de-outubro-o-centro-de-meditao-kadampa-brasil-templo-da-tradio-budista-kadampa-localizado-em-cabrevasp-na-serra-do-japi-promove-uma-programacc\/\" \/>\n<meta property=\"og:locale\" content=\"pt_BR\" \/>\n<meta property=\"og:type\" content=\"article\" \/>\n<meta property=\"og:title\" content=\"TEMPLO BUDISTA TEM PROGRAMA\u00c7\u00c3O ESPECIAL PARA 12 DE OUTUBRO - Travel3\" \/>\n<meta property=\"og:description\" content=\"A TRAVEL3 \u00e9 um portal de conte\u00fado voltado para o turismo, encontre destinos, viagens, hospedagem, passagens, guias, not\u00edcias sobre o mercado do turismo, dicas de viagem, v\u00eddeos e podcast.\" \/>\n<meta property=\"og:url\" content=\"https:\/\/www.travel3.com.br\/site\/dicas\/no-dia-12-de-outubro-o-centro-de-meditao-kadampa-brasil-templo-da-tradio-budista-kadampa-localizado-em-cabrevasp-na-serra-do-japi-promove-uma-programacc\/\" \/>\n<meta property=\"og:site_name\" content=\"Travel3\" \/>\n<meta property=\"article:publisher\" content=\"https:\/\/www.facebook.com\/travel3media\/\" \/>\n<meta property=\"article:published_time\" content=\"2017-10-06T06:10:04+00:00\" \/>\n<meta property=\"article:modified_time\" content=\"2017-10-11T20:03:53+00:00\" \/>\n<meta property=\"og:image\" content=\"https:\/\/www.travel3.com.br\/site\/wp-content\/uploads\/2017\/10\/4unnamed.jpg\" \/>\n\t<meta property=\"og:image:width\" content=\"1200\" \/>\n\t<meta property=\"og:image:height\" content=\"800\" \/>\n\t<meta property=\"og:image:type\" content=\"image\/jpeg\" \/>\n<meta name=\"author\" content=\"admin\" \/>\n<meta name=\"twitter:card\" content=\"summary_large_image\" \/>\n<meta name=\"twitter:label1\" content=\"Escrito por\" \/>\n\t<meta name=\"twitter:data1\" content=\"admin\" \/>\n\t<meta name=\"twitter:label2\" content=\"Est. tempo de leitura\" \/>\n\t<meta name=\"twitter:data2\" content=\"1 minuto\" \/>\n<script type=\"application\/ld+json\" class=\"yoast-schema-graph\">{\"@context\":\"https:\/\/schema.org\",\"@graph\":[{\"@type\":\"Article\",\"@id\":\"https:\/\/www.travel3.com.br\/site\/dicas\/no-dia-12-de-outubro-o-centro-de-meditao-kadampa-brasil-templo-da-tradio-budista-kadampa-localizado-em-cabrevasp-na-serra-do-japi-promove-uma-programacc\/#article\",\"isPartOf\":{\"@id\":\"https:\/\/www.travel3.com.br\/site\/dicas\/no-dia-12-de-outubro-o-centro-de-meditao-kadampa-brasil-templo-da-tradio-budista-kadampa-localizado-em-cabrevasp-na-serra-do-japi-promove-uma-programacc\/\"},\"author\":{\"name\":\"admin\",\"@id\":\"https:\/\/www.travel3.com.br\/site\/#\/schema\/person\/a69d71e41a024999b6ab82369ac0bd1e\"},\"headline\":\"TEMPLO BUDISTA TEM PROGRAMA\u00c7\u00c3O ESPECIAL PARA 12 DE OUTUBRO\",\"datePublished\":\"2017-10-06T06:10:04+00:00\",\"dateModified\":\"2017-10-11T20:03:53+00:00\",\"mainEntityOfPage\":{\"@id\":\"https:\/\/www.travel3.com.br\/site\/dicas\/no-dia-12-de-outubro-o-centro-de-meditao-kadampa-brasil-templo-da-tradio-budista-kadampa-localizado-em-cabrevasp-na-serra-do-japi-promove-uma-programacc\/\"},\"wordCount\":195,\"commentCount\":0,\"publisher\":{\"@id\":\"https:\/\/www.travel3.com.br\/site\/#organization\"},\"image\":{\"@id\":\"https:\/\/www.travel3.com.br\/site\/dicas\/no-dia-12-de-outubro-o-centro-de-meditao-kadampa-brasil-templo-da-tradio-budista-kadampa-localizado-em-cabrevasp-na-serra-do-japi-promove-uma-programacc\/#primaryimage\"},\"thumbnailUrl\":\"https:\/\/www.travel3.com.br\/site\/wp-content\/uploads\/2017\/10\/4unnamed.jpg\",\"articleSection\":[\"Dicas\"],\"inLanguage\":\"pt-BR\",\"potentialAction\":[{\"@type\":\"CommentAction\",\"name\":\"Comment\",\"target\":[\"https:\/\/www.travel3.com.br\/site\/dicas\/no-dia-12-de-outubro-o-centro-de-meditao-kadampa-brasil-templo-da-tradio-budista-kadampa-localizado-em-cabrevasp-na-serra-do-japi-promove-uma-programacc\/#respond\"]}]},{\"@type\":\"WebPage\",\"@id\":\"https:\/\/www.travel3.com.br\/site\/dicas\/no-dia-12-de-outubro-o-centro-de-meditao-kadampa-brasil-templo-da-tradio-budista-kadampa-localizado-em-cabrevasp-na-serra-do-japi-promove-uma-programacc\/\",\"url\":\"https:\/\/www.travel3.com.br\/site\/dicas\/no-dia-12-de-outubro-o-centro-de-meditao-kadampa-brasil-templo-da-tradio-budista-kadampa-localizado-em-cabrevasp-na-serra-do-japi-promove-uma-programacc\/\",\"name\":\"TEMPLO BUDISTA TEM PROGRAMA\u00c7\u00c3O ESPECIAL PARA 12 DE OUTUBRO - Travel3\",\"isPartOf\":{\"@id\":\"https:\/\/www.travel3.com.br\/site\/#website\"},\"primaryImageOfPage\":{\"@id\":\"https:\/\/www.travel3.com.br\/site\/dicas\/no-dia-12-de-outubro-o-centro-de-meditao-kadampa-brasil-templo-da-tradio-budista-kadampa-localizado-em-cabrevasp-na-serra-do-japi-promove-uma-programacc\/#primaryimage\"},\"image\":{\"@id\":\"https:\/\/www.travel3.com.br\/site\/dicas\/no-dia-12-de-outubro-o-centro-de-meditao-kadampa-brasil-templo-da-tradio-budista-kadampa-localizado-em-cabrevasp-na-serra-do-japi-promove-uma-programacc\/#primaryimage\"},\"thumbnailUrl\":\"https:\/\/www.travel3.com.br\/site\/wp-content\/uploads\/2017\/10\/4unnamed.jpg\",\"datePublished\":\"2017-10-06T06:10:04+00:00\",\"dateModified\":\"2017-10-11T20:03:53+00:00\",\"description\":\"A TRAVEL3 \u00e9 um portal de conte\u00fado voltado para o turismo, encontre destinos, viagens, hospedagem, passagens, guias, not\u00edcias sobre o mercado do turismo, dicas de viagem, v\u00eddeos e podcast.\",\"breadcrumb\":{\"@id\":\"https:\/\/www.travel3.com.br\/site\/dicas\/no-dia-12-de-outubro-o-centro-de-meditao-kadampa-brasil-templo-da-tradio-budista-kadampa-localizado-em-cabrevasp-na-serra-do-japi-promove-uma-programacc\/#breadcrumb\"},\"inLanguage\":\"pt-BR\",\"potentialAction\":[{\"@type\":\"ReadAction\",\"target\":[\"https:\/\/www.travel3.com.br\/site\/dicas\/no-dia-12-de-outubro-o-centro-de-meditao-kadampa-brasil-templo-da-tradio-budista-kadampa-localizado-em-cabrevasp-na-serra-do-japi-promove-uma-programacc\/\"]}]},{\"@type\":\"ImageObject\",\"inLanguage\":\"pt-BR\",\"@id\":\"https:\/\/www.travel3.com.br\/site\/dicas\/no-dia-12-de-outubro-o-centro-de-meditao-kadampa-brasil-templo-da-tradio-budista-kadampa-localizado-em-cabrevasp-na-serra-do-japi-promove-uma-programacc\/#primaryimage\",\"url\":\"https:\/\/www.travel3.com.br\/site\/wp-content\/uploads\/2017\/10\/4unnamed.jpg\",\"contentUrl\":\"https:\/\/www.travel3.com.br\/site\/wp-content\/uploads\/2017\/10\/4unnamed.jpg\",\"width\":1200,\"height\":800},{\"@type\":\"BreadcrumbList\",\"@id\":\"https:\/\/www.travel3.com.br\/site\/dicas\/no-dia-12-de-outubro-o-centro-de-meditao-kadampa-brasil-templo-da-tradio-budista-kadampa-localizado-em-cabrevasp-na-serra-do-japi-promove-uma-programacc\/#breadcrumb\",\"itemListElement\":[{\"@type\":\"ListItem\",\"position\":1,\"name\":\"In\u00edcio\",\"item\":\"https:\/\/www.travel3.com.br\/site\/\"},{\"@type\":\"ListItem\",\"position\":2,\"name\":\"TEMPLO BUDISTA TEM PROGRAMA\u00c7\u00c3O ESPECIAL PARA 12 DE OUTUBRO\"}]},{\"@type\":\"WebSite\",\"@id\":\"https:\/\/www.travel3.com.br\/site\/#website\",\"url\":\"https:\/\/www.travel3.com.br\/site\/\",\"name\":\"Travel3\",\"description\":\"Lazer + Neg&oacute;cios + Aventura\",\"publisher\":{\"@id\":\"https:\/\/www.travel3.com.br\/site\/#organization\"},\"potentialAction\":[{\"@type\":\"SearchAction\",\"target\":{\"@type\":\"EntryPoint\",\"urlTemplate\":\"https:\/\/www.travel3.com.br\/site\/?s={search_term_string}\"},\"query-input\":{\"@type\":\"PropertyValueSpecification\",\"valueRequired\":true,\"valueName\":\"search_term_string\"}}],\"inLanguage\":\"pt-BR\"},{\"@type\":\"Organization\",\"@id\":\"https:\/\/www.travel3.com.br\/site\/#organization\",\"name\":\"Travel3\",\"url\":\"https:\/\/www.travel3.com.br\/site\/\",\"logo\":{\"@type\":\"ImageObject\",\"inLanguage\":\"pt-BR\",\"@id\":\"https:\/\/www.travel3.com.br\/site\/#\/schema\/logo\/image\/\",\"url\":\"https:\/\/www.travel3.com.br\/site\/wp-content\/uploads\/2020\/01\/logo-travel3-2020.png\",\"contentUrl\":\"https:\/\/www.travel3.com.br\/site\/wp-content\/uploads\/2020\/01\/logo-travel3-2020.png\",\"width\":232,\"height\":79,\"caption\":\"Travel3\"},\"image\":{\"@id\":\"https:\/\/www.travel3.com.br\/site\/#\/schema\/logo\/image\/\"},\"sameAs\":[\"https:\/\/www.facebook.com\/travel3media\/\",\"https:\/\/www.instagram.com\/revistatravel3\/\",\"https:\/\/www.youtube.com\/channel\/UCno7J4paGBR3VbZQzvoJ9Eg\"]},{\"@type\":\"Person\",\"@id\":\"https:\/\/www.travel3.com.br\/site\/#\/schema\/person\/a69d71e41a024999b6ab82369ac0bd1e\",\"name\":\"admin\",\"image\":{\"@type\":\"ImageObject\",\"inLanguage\":\"pt-BR\",\"@id\":\"https:\/\/www.travel3.com.br\/site\/#\/schema\/person\/image\/\",\"url\":\"https:\/\/secure.gravatar.com\/avatar\/732a67adfd764da2a47ba10ce731c4c0?s=96&d=mm&r=g\",\"contentUrl\":\"https:\/\/secure.gravatar.com\/avatar\/732a67adfd764da2a47ba10ce731c4c0?s=96&d=mm&r=g\",\"caption\":\"admin\"},\"url\":\"https:\/\/www.travel3.com.br\/site\/author\/admin\/\"}]}<\/script>\n<!-- \/ Yoast SEO plugin. -->","yoast_head_json":{"title":"TEMPLO BUDISTA TEM PROGRAMA\u00c7\u00c3O ESPECIAL PARA 12 DE OUTUBRO - Travel3","description":"A TRAVEL3 \u00e9 um portal de conte\u00fado voltado para o turismo, encontre destinos, viagens, hospedagem, passagens, guias, not\u00edcias sobre o mercado do turismo, dicas de viagem, v\u00eddeos e podcast.","robots":{"index":"index","follow":"follow","max-snippet":"max-snippet:-1","max-image-preview":"max-image-preview:large","max-video-preview":"max-video-preview:-1"},"canonical":"https:\/\/www.travel3.com.br\/site\/dicas\/no-dia-12-de-outubro-o-centro-de-meditao-kadampa-brasil-templo-da-tradio-budista-kadampa-localizado-em-cabrevasp-na-serra-do-japi-promove-uma-programacc\/","og_locale":"pt_BR","og_type":"article","og_title":"TEMPLO BUDISTA TEM PROGRAMA\u00c7\u00c3O ESPECIAL PARA 12 DE OUTUBRO - Travel3","og_description":"A TRAVEL3 \u00e9 um portal de conte\u00fado voltado para o turismo, encontre destinos, viagens, hospedagem, passagens, guias, not\u00edcias sobre o mercado do turismo, dicas de viagem, v\u00eddeos e podcast.","og_url":"https:\/\/www.travel3.com.br\/site\/dicas\/no-dia-12-de-outubro-o-centro-de-meditao-kadampa-brasil-templo-da-tradio-budista-kadampa-localizado-em-cabrevasp-na-serra-do-japi-promove-uma-programacc\/","og_site_name":"Travel3","article_publisher":"https:\/\/www.facebook.com\/travel3media\/","article_published_time":"2017-10-06T06:10:04+00:00","article_modified_time":"2017-10-11T20:03:53+00:00","og_image":[{"width":1200,"height":800,"url":"https:\/\/www.travel3.com.br\/site\/wp-content\/uploads\/2017\/10\/4unnamed.jpg","type":"image\/jpeg"}],"author":"admin","twitter_card":"summary_large_image","twitter_misc":{"Escrito por":"admin","Est. tempo de leitura":"1 minuto"},"schema":{"@context":"https:\/\/schema.org","@graph":[{"@type":"Article","@id":"https:\/\/www.travel3.com.br\/site\/dicas\/no-dia-12-de-outubro-o-centro-de-meditao-kadampa-brasil-templo-da-tradio-budista-kadampa-localizado-em-cabrevasp-na-serra-do-japi-promove-uma-programacc\/#article","isPartOf":{"@id":"https:\/\/www.travel3.com.br\/site\/dicas\/no-dia-12-de-outubro-o-centro-de-meditao-kadampa-brasil-templo-da-tradio-budista-kadampa-localizado-em-cabrevasp-na-serra-do-japi-promove-uma-programacc\/"},"author":{"name":"admin","@id":"https:\/\/www.travel3.com.br\/site\/#\/schema\/person\/a69d71e41a024999b6ab82369ac0bd1e"},"headline":"TEMPLO BUDISTA TEM PROGRAMA\u00c7\u00c3O ESPECIAL PARA 12 DE OUTUBRO","datePublished":"2017-10-06T06:10:04+00:00","dateModified":"2017-10-11T20:03:53+00:00","mainEntityOfPage":{"@id":"https:\/\/www.travel3.com.br\/site\/dicas\/no-dia-12-de-outubro-o-centro-de-meditao-kadampa-brasil-templo-da-tradio-budista-kadampa-localizado-em-cabrevasp-na-serra-do-japi-promove-uma-programacc\/"},"wordCount":195,"commentCount":0,"publisher":{"@id":"https:\/\/www.travel3.com.br\/site\/#organization"},"image":{"@id":"https:\/\/www.travel3.com.br\/site\/dicas\/no-dia-12-de-outubro-o-centro-de-meditao-kadampa-brasil-templo-da-tradio-budista-kadampa-localizado-em-cabrevasp-na-serra-do-japi-promove-uma-programacc\/#primaryimage"},"thumbnailUrl":"https:\/\/www.travel3.com.br\/site\/wp-content\/uploads\/2017\/10\/4unnamed.jpg","articleSection":["Dicas"],"inLanguage":"pt-BR","potentialAction":[{"@type":"CommentAction","name":"Comment","target":["https:\/\/www.travel3.com.br\/site\/dicas\/no-dia-12-de-outubro-o-centro-de-meditao-kadampa-brasil-templo-da-tradio-budista-kadampa-localizado-em-cabrevasp-na-serra-do-japi-promove-uma-programacc\/#respond"]}]},{"@type":"WebPage","@id":"https:\/\/www.travel3.com.br\/site\/dicas\/no-dia-12-de-outubro-o-centro-de-meditao-kadampa-brasil-templo-da-tradio-budista-kadampa-localizado-em-cabrevasp-na-serra-do-japi-promove-uma-programacc\/","url":"https:\/\/www.travel3.com.br\/site\/dicas\/no-dia-12-de-outubro-o-centro-de-meditao-kadampa-brasil-templo-da-tradio-budista-kadampa-localizado-em-cabrevasp-na-serra-do-japi-promove-uma-programacc\/","name":"TEMPLO BUDISTA TEM PROGRAMA\u00c7\u00c3O ESPECIAL PARA 12 DE OUTUBRO - Travel3","isPartOf":{"@id":"https:\/\/www.travel3.com.br\/site\/#website"},"primaryImageOfPage":{"@id":"https:\/\/www.travel3.com.br\/site\/dicas\/no-dia-12-de-outubro-o-centro-de-meditao-kadampa-brasil-templo-da-tradio-budista-kadampa-localizado-em-cabrevasp-na-serra-do-japi-promove-uma-programacc\/#primaryimage"},"image":{"@id":"https:\/\/www.travel3.com.br\/site\/dicas\/no-dia-12-de-outubro-o-centro-de-meditao-kadampa-brasil-templo-da-tradio-budista-kadampa-localizado-em-cabrevasp-na-serra-do-japi-promove-uma-programacc\/#primaryimage"},"thumbnailUrl":"https:\/\/www.travel3.com.br\/site\/wp-content\/uploads\/2017\/10\/4unnamed.jpg","datePublished":"2017-10-06T06:10:04+00:00","dateModified":"2017-10-11T20:03:53+00:00","description":"A TRAVEL3 \u00e9 um portal de conte\u00fado voltado para o turismo, encontre destinos, viagens, hospedagem, passagens, guias, not\u00edcias sobre o mercado do turismo, dicas de viagem, v\u00eddeos e podcast.","breadcrumb":{"@id":"https:\/\/www.travel3.com.br\/site\/dicas\/no-dia-12-de-outubro-o-centro-de-meditao-kadampa-brasil-templo-da-tradio-budista-kadampa-localizado-em-cabrevasp-na-serra-do-japi-promove-uma-programacc\/#breadcrumb"},"inLanguage":"pt-BR","potentialAction":[{"@type":"ReadAction","target":["https:\/\/www.travel3.com.br\/site\/dicas\/no-dia-12-de-outubro-o-centro-de-meditao-kadampa-brasil-templo-da-tradio-budista-kadampa-localizado-em-cabrevasp-na-serra-do-japi-promove-uma-programacc\/"]}]},{"@type":"ImageObject","inLanguage":"pt-BR","@id":"https:\/\/www.travel3.com.br\/site\/dicas\/no-dia-12-de-outubro-o-centro-de-meditao-kadampa-brasil-templo-da-tradio-budista-kadampa-localizado-em-cabrevasp-na-serra-do-japi-promove-uma-programacc\/#primaryimage","url":"https:\/\/www.travel3.com.br\/site\/wp-content\/uploads\/2017\/10\/4unnamed.jpg","contentUrl":"https:\/\/www.travel3.com.br\/site\/wp-content\/uploads\/2017\/10\/4unnamed.jpg","width":1200,"height":800},{"@type":"BreadcrumbList","@id":"https:\/\/www.travel3.com.br\/site\/dicas\/no-dia-12-de-outubro-o-centro-de-meditao-kadampa-brasil-templo-da-tradio-budista-kadampa-localizado-em-cabrevasp-na-serra-do-japi-promove-uma-programacc\/#breadcrumb","itemListElement":[{"@type":"ListItem","position":1,"name":"In\u00edcio","item":"https:\/\/www.travel3.com.br\/site\/"},{"@type":"ListItem","position":2,"name":"TEMPLO BUDISTA TEM PROGRAMA\u00c7\u00c3O ESPECIAL PARA 12 DE OUTUBRO"}]},{"@type":"WebSite","@id":"https:\/\/www.travel3.com.br\/site\/#website","url":"https:\/\/www.travel3.com.br\/site\/","name":"Travel3","description":"Lazer + Neg&oacute;cios + Aventura","publisher":{"@id":"https:\/\/www.travel3.com.br\/site\/#organization"},"potentialAction":[{"@type":"SearchAction","target":{"@type":"EntryPoint","urlTemplate":"https:\/\/www.travel3.com.br\/site\/?s={search_term_string}"},"query-input":{"@type":"PropertyValueSpecification","valueRequired":true,"valueName":"search_term_string"}}],"inLanguage":"pt-BR"},{"@type":"Organization","@id":"https:\/\/www.travel3.com.br\/site\/#organization","name":"Travel3","url":"https:\/\/www.travel3.com.br\/site\/","logo":{"@type":"ImageObject","inLanguage":"pt-BR","@id":"https:\/\/www.travel3.com.br\/site\/#\/schema\/logo\/image\/","url":"https:\/\/www.travel3.com.br\/site\/wp-content\/uploads\/2020\/01\/logo-travel3-2020.png","contentUrl":"https:\/\/www.travel3.com.br\/site\/wp-content\/uploads\/2020\/01\/logo-travel3-2020.png","width":232,"height":79,"caption":"Travel3"},"image":{"@id":"https:\/\/www.travel3.com.br\/site\/#\/schema\/logo\/image\/"},"sameAs":["https:\/\/www.facebook.com\/travel3media\/","https:\/\/www.instagram.com\/revistatravel3\/","https:\/\/www.youtube.com\/channel\/UCno7J4paGBR3VbZQzvoJ9Eg"]},{"@type":"Person","@id":"https:\/\/www.travel3.com.br\/site\/#\/schema\/person\/a69d71e41a024999b6ab82369ac0bd1e","name":"admin","image":{"@type":"ImageObject","inLanguage":"pt-BR","@id":"https:\/\/www.travel3.com.br\/site\/#\/schema\/person\/image\/","url":"https:\/\/secure.gravatar.com\/avatar\/732a67adfd764da2a47ba10ce731c4c0?s=96&d=mm&r=g","contentUrl":"https:\/\/secure.gravatar.com\/avatar\/732a67adfd764da2a47ba10ce731c4c0?s=96&d=mm&r=g","caption":"admin"},"url":"https:\/\/www.travel3.com.br\/site\/author\/admin\/"}]}},"_links":{"self":[{"href":"https:\/\/www.travel3.com.br\/site\/wp-json\/wp\/v2\/posts\/5929","targetHints":{"allow":["GET"]}}],"collection":[{"href":"https:\/\/www.travel3.com.br\/site\/wp-json\/wp\/v2\/posts"}],"about":[{"href":"https:\/\/www.travel3.com.br\/site\/wp-json\/wp\/v2\/types\/post"}],"author":[{"embeddable":true,"href":"https:\/\/www.travel3.com.br\/site\/wp-json\/wp\/v2\/users\/1"}],"replies":[{"embeddable":true,"href":"https:\/\/www.travel3.com.br\/site\/wp-json\/wp\/v2\/comments?post=5929"}],"version-history":[{"count":4,"href":"https:\/\/www.travel3.com.br\/site\/wp-json\/wp\/v2\/posts\/5929\/revisions"}],"predecessor-version":[{"id":6616,"href":"https:\/\/www.travel3.com.br\/site\/wp-json\/wp\/v2\/posts\/5929\/revisions\/6616"}],"wp:featuredmedia":[{"embeddable":true,"href":"https:\/\/www.travel3.com.br\/site\/wp-json\/wp\/v2\/media\/6614"}],"wp:attachment":[{"href":"https:\/\/www.travel3.com.br\/site\/wp-json\/wp\/v2\/media?parent=5929"}],"wp:term":[{"taxonomy":"category","embeddable":true,"href":"https:\/\/www.travel3.com.br\/site\/wp-json\/wp\/v2\/categories?post=5929"},{"taxonomy":"post_tag","embeddable":true,"href":"https:\/\/www.travel3.com.br\/site\/wp-json\/wp\/v2\/tags?post=5929"}],"curies":[{"name":"wp","href":"https:\/\/api.w.org\/{rel}","templated":true}]}}