{"id":59279,"date":"2023-05-09T11:18:23","date_gmt":"2023-05-09T14:18:23","guid":{"rendered":"https:\/\/www.travel3.com.br\/?p=59279"},"modified":"2023-05-09T11:18:25","modified_gmt":"2023-05-09T14:18:25","slug":"hotel-nacional-celebra-os-numeros-da-baixa-temporada","status":"publish","type":"post","link":"https:\/\/www.travel3.com.br\/site\/acontece-no-turismo\/hotel-nacional-celebra-os-numeros-da-baixa-temporada\/","title":{"rendered":"Hotel Nacional celebra os n\u00fameros da baixa temporada"},"content":{"rendered":"\n<h2 class=\"wp-block-heading\">Empreendimento atinge pico de 95% de taxa de ocupa\u00e7\u00e3o no feriado do Dia do Trabalho<\/h2>\n\n\n\n<p>J\u00e1 consolidado como a melhor op\u00e7\u00e3o de lazer e entretenimento do bairro de S\u00e3o Conrado, na Zona Sul do Rio de Janeiro, o Hotel Nacional festeja a sua excelente taxa de ocupa\u00e7\u00e3o para o feriado prolongado do Dia do Trabalhador. Neste \u00faltimo feriado, o empreendimento, um dos mais imponentes \u00edcones arquitet\u00f4nicos de Oscar Niemeyer, registrou 95% de suas acomoda\u00e7\u00f5es preenchidas. Um \u00edndice que merece ser comemorado, j\u00e1 que normalmente s\u00f3 \u00e9 atingido em per\u00edodos de grandes eventos pela cidade, como foi no Rock in Rio no ano passado, e em \u00e9pocas festivas no Natal e no R\u00e9veillon.<\/p>\n\n\n\n<p>&#8220;<strong><em>O Hotel Nacional est\u00e1 em um momento especial, que \u00e9 o de se reposicionar no setor de Turismo. Estamos trabalhando para desenvolver e oferecer cada vez mais experi\u00eancias que, para os nossos h\u00f3spedes, v\u00e3o al\u00e9m da hospedagem em dos pontos mais belos do Rio, que \u00e9 uma cidade encantadora. Esse n\u00famero nos mostra que estamos no caminho certo<\/em><\/strong>&#8220;, destacou Frederico Palmerston, diretor-executivo do empreendimento.<\/p>\n\n\n\n<p>E j\u00e1 sabendo dos n\u00fameros, para saudar em grande estilo a chegada do feriado prolongado, no s\u00e1bado aconteceu a tradicional feijoada, que foi animada por uma roda de samba \u00e0 beira da piscina. O Espa\u00e7o Kids, \u00e1rea com 200 metros quadrados de pura divers\u00e3o, contou com mais uma rodada de programa\u00e7\u00e3o especial para a garotada. J\u00e1 no domingo, a grande atra\u00e7\u00e3o do dia foi o buffet \u2018Comida de Buteco\u2019.<\/p>\n\n\n\n<div class=\"wp-block-image\"><figure class=\"aligncenter size-full\"><img loading=\"lazy\" decoding=\"async\" width=\"916\" height=\"671\" src=\"https:\/\/www.travel3.com.br\/site\/wp-content\/uploads\/2023\/05\/Hotel-Nacional-Rio-de-Janeiro.jpg\" alt=\"Hotel Nacional - Rio de Janeiro\" class=\"wp-image-59281\" srcset=\"https:\/\/www.travel3.com.br\/site\/wp-content\/uploads\/2023\/05\/Hotel-Nacional-Rio-de-Janeiro.jpg 916w, https:\/\/www.travel3.com.br\/site\/wp-content\/uploads\/2023\/05\/Hotel-Nacional-Rio-de-Janeiro-300x220.jpg 300w, https:\/\/www.travel3.com.br\/site\/wp-content\/uploads\/2023\/05\/Hotel-Nacional-Rio-de-Janeiro-768x563.jpg 768w, https:\/\/www.travel3.com.br\/site\/wp-content\/uploads\/2023\/05\/Hotel-Nacional-Rio-de-Janeiro-150x110.jpg 150w, https:\/\/www.travel3.com.br\/site\/wp-content\/uploads\/2023\/05\/Hotel-Nacional-Rio-de-Janeiro-750x549.jpg 750w\" sizes=\"auto, (max-width: 916px) 100vw, 916px\" \/><figcaption>Hotel Nacional, em S\u00e3o Conrado, no Rio de Janeiro (Foto: Divulga\u00e7\u00e3o)<\/figcaption><\/figure><\/div>\n\n\n\n<h3 class=\"wp-block-heading\">Sobre o Hotel Nacional<\/h3>\n\n\n\n<p>Debru\u00e7ado sobre a exuberante orla da Praia de S\u00e3o Conrado, o Hotel Nacional e suas 413 su\u00edtes confort\u00e1veis proporcionam aos h\u00f3spedes uma experi\u00eancia \u00fanica e inesquec\u00edvel. Al\u00e9m do apelo hist\u00f3rico, com o seu projeto arquitet\u00f4nico assinado por Oscar Niemeyer, e paisagismo de Burle Marx, os visitantes podem contemplar os 12 metros de uma lumin\u00e1ria especial no hall de entrada feita de papel mach\u00ea, obra do artista Pedro Corr\u00eaa de Ara\u00fajo + a famosa Sereia de Ceschiatti na \u00e1rea da piscina, al\u00e9m das 300 placas de concreto de 45m que contam um pouco das hist\u00f3rias da Bahia criadas pelo argentino de alma baiana Caryb\u00e9.<\/p>\n","protected":false},"excerpt":{"rendered":"<p>Empreendimento atinge pico de 95% de taxa de ocupa\u00e7\u00e3o no feriado do Dia do Trabalho<\/p>\n","protected":false},"author":6,"featured_media":59281,"comment_status":"open","ping_status":"open","sticky":false,"template":"","format":"standard","meta":{"footnotes":""},"categories":[969,168],"tags":[1319,5533,924],"class_list":["post-59279","post","type-post","status-publish","format-standard","has-post-thumbnail","hentry","category-acontece-no-turismo","category-nacional","tag-hotel-nacional","tag-oscar-niemeyer","tag-sao-conrado"],"yoast_head":"<!-- This site is optimized with the Yoast SEO plugin v26.2 - https:\/\/yoast.com\/wordpress\/plugins\/seo\/ -->\n<title>Hotel Nacional celebra os n\u00fameros da baixa temporada - Travel3<\/title>\n<meta name=\"description\" content=\"Hotel Nacional celebra os n\u00fameros da baixa temporada; Empreendimento atinge pico de 95% de taxa de ocupa\u00e7\u00e3o no feriado do Dia do Trabalho\" \/>\n<meta name=\"robots\" content=\"index, follow, max-snippet:-1, max-image-preview:large, max-video-preview:-1\" \/>\n<link rel=\"canonical\" href=\"https:\/\/www.travel3.com.br\/site\/acontece-no-turismo\/hotel-nacional-celebra-os-numeros-da-baixa-temporada\/\" \/>\n<meta property=\"og:locale\" content=\"pt_BR\" \/>\n<meta property=\"og:type\" content=\"article\" \/>\n<meta property=\"og:title\" content=\"Hotel Nacional celebra os n\u00fameros da baixa temporada - Travel3\" \/>\n<meta property=\"og:description\" content=\"Hotel Nacional celebra os n\u00fameros da baixa temporada; Empreendimento atinge pico de 95% de taxa de ocupa\u00e7\u00e3o no feriado do Dia do Trabalho\" \/>\n<meta property=\"og:url\" content=\"https:\/\/www.travel3.com.br\/site\/acontece-no-turismo\/hotel-nacional-celebra-os-numeros-da-baixa-temporada\/\" \/>\n<meta property=\"og:site_name\" content=\"Travel3\" \/>\n<meta property=\"article:publisher\" content=\"https:\/\/www.facebook.com\/travel3media\/\" \/>\n<meta property=\"article:published_time\" content=\"2023-05-09T14:18:23+00:00\" \/>\n<meta property=\"article:modified_time\" content=\"2023-05-09T14:18:25+00:00\" \/>\n<meta property=\"og:image\" content=\"https:\/\/www.travel3.com.br\/site\/wp-content\/uploads\/2023\/05\/Hotel-Nacional-Rio-de-Janeiro.jpg\" \/>\n\t<meta property=\"og:image:width\" content=\"916\" \/>\n\t<meta property=\"og:image:height\" content=\"671\" \/>\n\t<meta property=\"og:image:type\" content=\"image\/jpeg\" \/>\n<meta name=\"author\" content=\"Reda\u00e7\u00e3o Travel3\" \/>\n<meta name=\"twitter:card\" content=\"summary_large_image\" \/>\n<meta name=\"twitter:label1\" content=\"Escrito por\" \/>\n\t<meta name=\"twitter:data1\" content=\"Reda\u00e7\u00e3o Travel3\" \/>\n\t<meta name=\"twitter:label2\" content=\"Est. tempo de leitura\" \/>\n\t<meta name=\"twitter:data2\" content=\"3 minutos\" \/>\n<script type=\"application\/ld+json\" class=\"yoast-schema-graph\">{\"@context\":\"https:\/\/schema.org\",\"@graph\":[{\"@type\":\"Article\",\"@id\":\"https:\/\/www.travel3.com.br\/site\/acontece-no-turismo\/hotel-nacional-celebra-os-numeros-da-baixa-temporada\/#article\",\"isPartOf\":{\"@id\":\"https:\/\/www.travel3.com.br\/site\/acontece-no-turismo\/hotel-nacional-celebra-os-numeros-da-baixa-temporada\/\"},\"author\":{\"name\":\"Reda\u00e7\u00e3o Travel3\",\"@id\":\"https:\/\/www.travel3.com.br\/site\/#\/schema\/person\/9cff8daac0a2f1aa0799f827b8aa8308\"},\"headline\":\"Hotel Nacional celebra os n\u00fameros da baixa temporada\",\"datePublished\":\"2023-05-09T14:18:23+00:00\",\"dateModified\":\"2023-05-09T14:18:25+00:00\",\"mainEntityOfPage\":{\"@id\":\"https:\/\/www.travel3.com.br\/site\/acontece-no-turismo\/hotel-nacional-celebra-os-numeros-da-baixa-temporada\/\"},\"wordCount\":397,\"commentCount\":0,\"publisher\":{\"@id\":\"https:\/\/www.travel3.com.br\/site\/#organization\"},\"image\":{\"@id\":\"https:\/\/www.travel3.com.br\/site\/acontece-no-turismo\/hotel-nacional-celebra-os-numeros-da-baixa-temporada\/#primaryimage\"},\"thumbnailUrl\":\"https:\/\/www.travel3.com.br\/site\/wp-content\/uploads\/2023\/05\/Hotel-Nacional-Rio-de-Janeiro.jpg\",\"keywords\":[\"hotel nacional\",\"Oscar Niemeyer\",\"S\u00e3o Conrado\"],\"articleSection\":[\"Acontece no Turismo\",\"Hotel Nacional\"],\"inLanguage\":\"pt-BR\",\"potentialAction\":[{\"@type\":\"CommentAction\",\"name\":\"Comment\",\"target\":[\"https:\/\/www.travel3.com.br\/site\/acontece-no-turismo\/hotel-nacional-celebra-os-numeros-da-baixa-temporada\/#respond\"]}]},{\"@type\":\"WebPage\",\"@id\":\"https:\/\/www.travel3.com.br\/site\/acontece-no-turismo\/hotel-nacional-celebra-os-numeros-da-baixa-temporada\/\",\"url\":\"https:\/\/www.travel3.com.br\/site\/acontece-no-turismo\/hotel-nacional-celebra-os-numeros-da-baixa-temporada\/\",\"name\":\"Hotel Nacional celebra os n\u00fameros da baixa temporada - Travel3\",\"isPartOf\":{\"@id\":\"https:\/\/www.travel3.com.br\/site\/#website\"},\"primaryImageOfPage\":{\"@id\":\"https:\/\/www.travel3.com.br\/site\/acontece-no-turismo\/hotel-nacional-celebra-os-numeros-da-baixa-temporada\/#primaryimage\"},\"image\":{\"@id\":\"https:\/\/www.travel3.com.br\/site\/acontece-no-turismo\/hotel-nacional-celebra-os-numeros-da-baixa-temporada\/#primaryimage\"},\"thumbnailUrl\":\"https:\/\/www.travel3.com.br\/site\/wp-content\/uploads\/2023\/05\/Hotel-Nacional-Rio-de-Janeiro.jpg\",\"datePublished\":\"2023-05-09T14:18:23+00:00\",\"dateModified\":\"2023-05-09T14:18:25+00:00\",\"description\":\"Hotel Nacional celebra os n\u00fameros da baixa temporada; Empreendimento atinge pico de 95% de taxa de ocupa\u00e7\u00e3o no feriado do Dia do Trabalho\",\"breadcrumb\":{\"@id\":\"https:\/\/www.travel3.com.br\/site\/acontece-no-turismo\/hotel-nacional-celebra-os-numeros-da-baixa-temporada\/#breadcrumb\"},\"inLanguage\":\"pt-BR\",\"potentialAction\":[{\"@type\":\"ReadAction\",\"target\":[\"https:\/\/www.travel3.com.br\/site\/acontece-no-turismo\/hotel-nacional-celebra-os-numeros-da-baixa-temporada\/\"]}]},{\"@type\":\"ImageObject\",\"inLanguage\":\"pt-BR\",\"@id\":\"https:\/\/www.travel3.com.br\/site\/acontece-no-turismo\/hotel-nacional-celebra-os-numeros-da-baixa-temporada\/#primaryimage\",\"url\":\"https:\/\/www.travel3.com.br\/site\/wp-content\/uploads\/2023\/05\/Hotel-Nacional-Rio-de-Janeiro.jpg\",\"contentUrl\":\"https:\/\/www.travel3.com.br\/site\/wp-content\/uploads\/2023\/05\/Hotel-Nacional-Rio-de-Janeiro.jpg\",\"width\":916,\"height\":671,\"caption\":\"Hotel Nacional, em S\u00e3o Conrado, no Rio de Janeiro (Foto: Divulga\u00e7\u00e3o)\"},{\"@type\":\"BreadcrumbList\",\"@id\":\"https:\/\/www.travel3.com.br\/site\/acontece-no-turismo\/hotel-nacional-celebra-os-numeros-da-baixa-temporada\/#breadcrumb\",\"itemListElement\":[{\"@type\":\"ListItem\",\"position\":1,\"name\":\"In\u00edcio\",\"item\":\"https:\/\/www.travel3.com.br\/site\/\"},{\"@type\":\"ListItem\",\"position\":2,\"name\":\"Hotel Nacional celebra os n\u00fameros da baixa temporada\"}]},{\"@type\":\"WebSite\",\"@id\":\"https:\/\/www.travel3.com.br\/site\/#website\",\"url\":\"https:\/\/www.travel3.com.br\/site\/\",\"name\":\"Travel3\",\"description\":\"Lazer + Neg&oacute;cios + Aventura\",\"publisher\":{\"@id\":\"https:\/\/www.travel3.com.br\/site\/#organization\"},\"potentialAction\":[{\"@type\":\"SearchAction\",\"target\":{\"@type\":\"EntryPoint\",\"urlTemplate\":\"https:\/\/www.travel3.com.br\/site\/?s={search_term_string}\"},\"query-input\":{\"@type\":\"PropertyValueSpecification\",\"valueRequired\":true,\"valueName\":\"search_term_string\"}}],\"inLanguage\":\"pt-BR\"},{\"@type\":\"Organization\",\"@id\":\"https:\/\/www.travel3.com.br\/site\/#organization\",\"name\":\"Travel3\",\"url\":\"https:\/\/www.travel3.com.br\/site\/\",\"logo\":{\"@type\":\"ImageObject\",\"inLanguage\":\"pt-BR\",\"@id\":\"https:\/\/www.travel3.com.br\/site\/#\/schema\/logo\/image\/\",\"url\":\"https:\/\/www.travel3.com.br\/site\/wp-content\/uploads\/2020\/01\/logo-travel3-2020.png\",\"contentUrl\":\"https:\/\/www.travel3.com.br\/site\/wp-content\/uploads\/2020\/01\/logo-travel3-2020.png\",\"width\":232,\"height\":79,\"caption\":\"Travel3\"},\"image\":{\"@id\":\"https:\/\/www.travel3.com.br\/site\/#\/schema\/logo\/image\/\"},\"sameAs\":[\"https:\/\/www.facebook.com\/travel3media\/\",\"https:\/\/www.instagram.com\/revistatravel3\/\",\"https:\/\/www.youtube.com\/channel\/UCno7J4paGBR3VbZQzvoJ9Eg\"]},{\"@type\":\"Person\",\"@id\":\"https:\/\/www.travel3.com.br\/site\/#\/schema\/person\/9cff8daac0a2f1aa0799f827b8aa8308\",\"name\":\"Reda\u00e7\u00e3o Travel3\",\"image\":{\"@type\":\"ImageObject\",\"inLanguage\":\"pt-BR\",\"@id\":\"https:\/\/www.travel3.com.br\/site\/#\/schema\/person\/image\/\",\"url\":\"https:\/\/secure.gravatar.com\/avatar\/6e6125525e1f04b7b8c607d71556e490?s=96&d=mm&r=g\",\"contentUrl\":\"https:\/\/secure.gravatar.com\/avatar\/6e6125525e1f04b7b8c607d71556e490?s=96&d=mm&r=g\",\"caption\":\"Reda\u00e7\u00e3o Travel3\"},\"sameAs\":[\"http:\/\/www.travel3.com.br\"],\"url\":\"https:\/\/www.travel3.com.br\/site\/author\/redacao2\/\"}]}<\/script>\n<!-- \/ Yoast SEO plugin. -->","yoast_head_json":{"title":"Hotel Nacional celebra os n\u00fameros da baixa temporada - Travel3","description":"Hotel Nacional celebra os n\u00fameros da baixa temporada; Empreendimento atinge pico de 95% de taxa de ocupa\u00e7\u00e3o no feriado do Dia do Trabalho","robots":{"index":"index","follow":"follow","max-snippet":"max-snippet:-1","max-image-preview":"max-image-preview:large","max-video-preview":"max-video-preview:-1"},"canonical":"https:\/\/www.travel3.com.br\/site\/acontece-no-turismo\/hotel-nacional-celebra-os-numeros-da-baixa-temporada\/","og_locale":"pt_BR","og_type":"article","og_title":"Hotel Nacional celebra os n\u00fameros da baixa temporada - Travel3","og_description":"Hotel Nacional celebra os n\u00fameros da baixa temporada; Empreendimento atinge pico de 95% de taxa de ocupa\u00e7\u00e3o no feriado do Dia do Trabalho","og_url":"https:\/\/www.travel3.com.br\/site\/acontece-no-turismo\/hotel-nacional-celebra-os-numeros-da-baixa-temporada\/","og_site_name":"Travel3","article_publisher":"https:\/\/www.facebook.com\/travel3media\/","article_published_time":"2023-05-09T14:18:23+00:00","article_modified_time":"2023-05-09T14:18:25+00:00","og_image":[{"width":916,"height":671,"url":"https:\/\/www.travel3.com.br\/site\/wp-content\/uploads\/2023\/05\/Hotel-Nacional-Rio-de-Janeiro.jpg","type":"image\/jpeg"}],"author":"Reda\u00e7\u00e3o Travel3","twitter_card":"summary_large_image","twitter_misc":{"Escrito por":"Reda\u00e7\u00e3o Travel3","Est. tempo de leitura":"3 minutos"},"schema":{"@context":"https:\/\/schema.org","@graph":[{"@type":"Article","@id":"https:\/\/www.travel3.com.br\/site\/acontece-no-turismo\/hotel-nacional-celebra-os-numeros-da-baixa-temporada\/#article","isPartOf":{"@id":"https:\/\/www.travel3.com.br\/site\/acontece-no-turismo\/hotel-nacional-celebra-os-numeros-da-baixa-temporada\/"},"author":{"name":"Reda\u00e7\u00e3o Travel3","@id":"https:\/\/www.travel3.com.br\/site\/#\/schema\/person\/9cff8daac0a2f1aa0799f827b8aa8308"},"headline":"Hotel Nacional celebra os n\u00fameros da baixa temporada","datePublished":"2023-05-09T14:18:23+00:00","dateModified":"2023-05-09T14:18:25+00:00","mainEntityOfPage":{"@id":"https:\/\/www.travel3.com.br\/site\/acontece-no-turismo\/hotel-nacional-celebra-os-numeros-da-baixa-temporada\/"},"wordCount":397,"commentCount":0,"publisher":{"@id":"https:\/\/www.travel3.com.br\/site\/#organization"},"image":{"@id":"https:\/\/www.travel3.com.br\/site\/acontece-no-turismo\/hotel-nacional-celebra-os-numeros-da-baixa-temporada\/#primaryimage"},"thumbnailUrl":"https:\/\/www.travel3.com.br\/site\/wp-content\/uploads\/2023\/05\/Hotel-Nacional-Rio-de-Janeiro.jpg","keywords":["hotel nacional","Oscar Niemeyer","S\u00e3o Conrado"],"articleSection":["Acontece no Turismo","Hotel Nacional"],"inLanguage":"pt-BR","potentialAction":[{"@type":"CommentAction","name":"Comment","target":["https:\/\/www.travel3.com.br\/site\/acontece-no-turismo\/hotel-nacional-celebra-os-numeros-da-baixa-temporada\/#respond"]}]},{"@type":"WebPage","@id":"https:\/\/www.travel3.com.br\/site\/acontece-no-turismo\/hotel-nacional-celebra-os-numeros-da-baixa-temporada\/","url":"https:\/\/www.travel3.com.br\/site\/acontece-no-turismo\/hotel-nacional-celebra-os-numeros-da-baixa-temporada\/","name":"Hotel Nacional celebra os n\u00fameros da baixa temporada - Travel3","isPartOf":{"@id":"https:\/\/www.travel3.com.br\/site\/#website"},"primaryImageOfPage":{"@id":"https:\/\/www.travel3.com.br\/site\/acontece-no-turismo\/hotel-nacional-celebra-os-numeros-da-baixa-temporada\/#primaryimage"},"image":{"@id":"https:\/\/www.travel3.com.br\/site\/acontece-no-turismo\/hotel-nacional-celebra-os-numeros-da-baixa-temporada\/#primaryimage"},"thumbnailUrl":"https:\/\/www.travel3.com.br\/site\/wp-content\/uploads\/2023\/05\/Hotel-Nacional-Rio-de-Janeiro.jpg","datePublished":"2023-05-09T14:18:23+00:00","dateModified":"2023-05-09T14:18:25+00:00","description":"Hotel Nacional celebra os n\u00fameros da baixa temporada; Empreendimento atinge pico de 95% de taxa de ocupa\u00e7\u00e3o no feriado do Dia do Trabalho","breadcrumb":{"@id":"https:\/\/www.travel3.com.br\/site\/acontece-no-turismo\/hotel-nacional-celebra-os-numeros-da-baixa-temporada\/#breadcrumb"},"inLanguage":"pt-BR","potentialAction":[{"@type":"ReadAction","target":["https:\/\/www.travel3.com.br\/site\/acontece-no-turismo\/hotel-nacional-celebra-os-numeros-da-baixa-temporada\/"]}]},{"@type":"ImageObject","inLanguage":"pt-BR","@id":"https:\/\/www.travel3.com.br\/site\/acontece-no-turismo\/hotel-nacional-celebra-os-numeros-da-baixa-temporada\/#primaryimage","url":"https:\/\/www.travel3.com.br\/site\/wp-content\/uploads\/2023\/05\/Hotel-Nacional-Rio-de-Janeiro.jpg","contentUrl":"https:\/\/www.travel3.com.br\/site\/wp-content\/uploads\/2023\/05\/Hotel-Nacional-Rio-de-Janeiro.jpg","width":916,"height":671,"caption":"Hotel Nacional, em S\u00e3o Conrado, no Rio de Janeiro (Foto: Divulga\u00e7\u00e3o)"},{"@type":"BreadcrumbList","@id":"https:\/\/www.travel3.com.br\/site\/acontece-no-turismo\/hotel-nacional-celebra-os-numeros-da-baixa-temporada\/#breadcrumb","itemListElement":[{"@type":"ListItem","position":1,"name":"In\u00edcio","item":"https:\/\/www.travel3.com.br\/site\/"},{"@type":"ListItem","position":2,"name":"Hotel Nacional celebra os n\u00fameros da baixa temporada"}]},{"@type":"WebSite","@id":"https:\/\/www.travel3.com.br\/site\/#website","url":"https:\/\/www.travel3.com.br\/site\/","name":"Travel3","description":"Lazer + Neg&oacute;cios + Aventura","publisher":{"@id":"https:\/\/www.travel3.com.br\/site\/#organization"},"potentialAction":[{"@type":"SearchAction","target":{"@type":"EntryPoint","urlTemplate":"https:\/\/www.travel3.com.br\/site\/?s={search_term_string}"},"query-input":{"@type":"PropertyValueSpecification","valueRequired":true,"valueName":"search_term_string"}}],"inLanguage":"pt-BR"},{"@type":"Organization","@id":"https:\/\/www.travel3.com.br\/site\/#organization","name":"Travel3","url":"https:\/\/www.travel3.com.br\/site\/","logo":{"@type":"ImageObject","inLanguage":"pt-BR","@id":"https:\/\/www.travel3.com.br\/site\/#\/schema\/logo\/image\/","url":"https:\/\/www.travel3.com.br\/site\/wp-content\/uploads\/2020\/01\/logo-travel3-2020.png","contentUrl":"https:\/\/www.travel3.com.br\/site\/wp-content\/uploads\/2020\/01\/logo-travel3-2020.png","width":232,"height":79,"caption":"Travel3"},"image":{"@id":"https:\/\/www.travel3.com.br\/site\/#\/schema\/logo\/image\/"},"sameAs":["https:\/\/www.facebook.com\/travel3media\/","https:\/\/www.instagram.com\/revistatravel3\/","https:\/\/www.youtube.com\/channel\/UCno7J4paGBR3VbZQzvoJ9Eg"]},{"@type":"Person","@id":"https:\/\/www.travel3.com.br\/site\/#\/schema\/person\/9cff8daac0a2f1aa0799f827b8aa8308","name":"Reda\u00e7\u00e3o Travel3","image":{"@type":"ImageObject","inLanguage":"pt-BR","@id":"https:\/\/www.travel3.com.br\/site\/#\/schema\/person\/image\/","url":"https:\/\/secure.gravatar.com\/avatar\/6e6125525e1f04b7b8c607d71556e490?s=96&d=mm&r=g","contentUrl":"https:\/\/secure.gravatar.com\/avatar\/6e6125525e1f04b7b8c607d71556e490?s=96&d=mm&r=g","caption":"Reda\u00e7\u00e3o Travel3"},"sameAs":["http:\/\/www.travel3.com.br"],"url":"https:\/\/www.travel3.com.br\/site\/author\/redacao2\/"}]}},"_links":{"self":[{"href":"https:\/\/www.travel3.com.br\/site\/wp-json\/wp\/v2\/posts\/59279","targetHints":{"allow":["GET"]}}],"collection":[{"href":"https:\/\/www.travel3.com.br\/site\/wp-json\/wp\/v2\/posts"}],"about":[{"href":"https:\/\/www.travel3.com.br\/site\/wp-json\/wp\/v2\/types\/post"}],"author":[{"embeddable":true,"href":"https:\/\/www.travel3.com.br\/site\/wp-json\/wp\/v2\/users\/6"}],"replies":[{"embeddable":true,"href":"https:\/\/www.travel3.com.br\/site\/wp-json\/wp\/v2\/comments?post=59279"}],"version-history":[{"count":2,"href":"https:\/\/www.travel3.com.br\/site\/wp-json\/wp\/v2\/posts\/59279\/revisions"}],"predecessor-version":[{"id":59283,"href":"https:\/\/www.travel3.com.br\/site\/wp-json\/wp\/v2\/posts\/59279\/revisions\/59283"}],"wp:featuredmedia":[{"embeddable":true,"href":"https:\/\/www.travel3.com.br\/site\/wp-json\/wp\/v2\/media\/59281"}],"wp:attachment":[{"href":"https:\/\/www.travel3.com.br\/site\/wp-json\/wp\/v2\/media?parent=59279"}],"wp:term":[{"taxonomy":"category","embeddable":true,"href":"https:\/\/www.travel3.com.br\/site\/wp-json\/wp\/v2\/categories?post=59279"},{"taxonomy":"post_tag","embeddable":true,"href":"https:\/\/www.travel3.com.br\/site\/wp-json\/wp\/v2\/tags?post=59279"}],"curies":[{"name":"wp","href":"https:\/\/api.w.org\/{rel}","templated":true}]}}