{"id":57950,"date":"2023-03-23T17:02:28","date_gmt":"2023-03-23T20:02:28","guid":{"rendered":"https:\/\/www.travel3.com.br\/?p=57950"},"modified":"2023-03-23T17:02:30","modified_gmt":"2023-03-23T20:02:30","slug":"diversa-anuncia-novas-contratacoes-para-mg-e-sp","status":"publish","type":"post","link":"https:\/\/www.travel3.com.br\/site\/acontece-no-turismo\/diversa-anuncia-novas-contratacoes-para-mg-e-sp\/","title":{"rendered":"Diversa anuncia novas contrata\u00e7\u00f5es para MG e SP"},"content":{"rendered":"\n<h2 class=\"wp-block-heading\">Novos integrantes do time mineiro foram apresentados ao mercado durante o Sal\u00e3o de Turismo da ABAV\/MG<\/h2>\n\n\n\n<p>A <strong><a href=\"https:\/\/diversaturismo.com.br\/\" target=\"_blank\" rel=\"noreferrer noopener\">Diversa Turismo<\/a><\/strong>, operadora do Grupo Arbo, aproveitou sua presen\u00e7a no 16\u00ba Sal\u00e3o de Turismo da ABAV\/MG, realizado na \u00faltima semana, para apresentar ao mercado mineiro seus mais novos profissionais: o executivo de contas Bruno Sousa, que refor\u00e7a a \u00e1rea comercial, e Francis Gandra, que chega para completar o time de atendimento. <\/p>\n\n\n\n<p>Bruno come\u00e7ou a atuar no turismo em 2006, na Travel Ace, passando pelas operadoras Maktour, Viaggiare e Visual (depois CVC Corp), onde ficou at\u00e9 2021. \u201c<strong><em>Estou muito feliz em fazer parte da equipe da Diversa. Conheci toda a estrutura do Grupo Arbo, do qual a operadora faz parte, e fiquei muito surpreso com a seriedade que s\u00e3o conduzidos todas as empresas e processos. Vim para crescer junto \u00e0 Diversa, que mostra planos e resultados cada vez mais audaciosos, dia ap\u00f3s dia<\/em><\/strong>\u201d, afirmou. <\/p>\n\n\n\n<blockquote class=\"wp-block-quote is-layout-flow wp-block-quote-is-layout-flow\"><p>Tenho certeza que os dois ter\u00e3o muito sucesso por j\u00e1 terem uma grande hist\u00f3ria no trade mineiro. Estamos com uma equipe muito forte no comercial, e tamb\u00e9m por isso investimos no atendimento, dando todo o suporte necess\u00e1rio ao mercado mineiro.<\/p><cite>Ricardo Andrade &#8211; Gerente de vendas da Diversa em Minas Gerais<\/cite><\/blockquote>\n\n\n\n<p>Francis Gandra, novidade do time de atendimento, tem 15 anos de experi\u00eancia no turismo, todos dedicados \u00e0 Visual, onde passou pelas \u00e1reas de opera\u00e7\u00f5es e vendas. \u201c<strong><em>Chego para construir uma bela hist\u00f3ria com essa empresa que s\u00f3 cresce e se destaca a cada dia<\/em><\/strong>\u201d, disse.<\/p>\n\n\n\n<p>Com as novas contrata\u00e7\u00f5es, a<strong><a href=\"https:\/\/www.travel3.com.br\/acontece-no-turismo\/diversa-promove-a-america-do-sul-em-eventos-pelo-brasil\/\" target=\"_blank\" rel=\"noreferrer noopener\"> Diversa<\/a><\/strong> passa a contar em Belo Horizonte com 6 atendentes (um exclusivo para grupos) e 2 profissionais na equipe comercial dedicados exclusivamente ao mercado de Minas.<\/p>\n\n\n\n<div class=\"wp-block-image\"><figure class=\"aligncenter size-large is-resized\"><img loading=\"lazy\" decoding=\"async\" src=\"https:\/\/www.travel3.com.br\/site\/wp-content\/uploads\/2023\/03\/Contratacoes_DIV_SP-768x1024.jpg\" alt=\"Diversa - Contrata\u00e7\u00f5es SP\" class=\"wp-image-57953\" width=\"696\" height=\"928\" srcset=\"https:\/\/www.travel3.com.br\/site\/wp-content\/uploads\/2023\/03\/Contratacoes_DIV_SP-768x1024.jpg 768w, https:\/\/www.travel3.com.br\/site\/wp-content\/uploads\/2023\/03\/Contratacoes_DIV_SP-225x300.jpg 225w, https:\/\/www.travel3.com.br\/site\/wp-content\/uploads\/2023\/03\/Contratacoes_DIV_SP-1152x1536.jpg 1152w, https:\/\/www.travel3.com.br\/site\/wp-content\/uploads\/2023\/03\/Contratacoes_DIV_SP-640x853.jpg 640w, https:\/\/www.travel3.com.br\/site\/wp-content\/uploads\/2023\/03\/Contratacoes_DIV_SP-150x200.jpg 150w, https:\/\/www.travel3.com.br\/site\/wp-content\/uploads\/2023\/03\/Contratacoes_DIV_SP-750x1000.jpg 750w, https:\/\/www.travel3.com.br\/site\/wp-content\/uploads\/2023\/03\/Contratacoes_DIV_SP-1140x1520.jpg 1140w, https:\/\/www.travel3.com.br\/site\/wp-content\/uploads\/2023\/03\/Contratacoes_DIV_SP.jpg 1200w\" sizes=\"auto, (max-width: 696px) 100vw, 696px\" \/><figcaption>Novos contratados em SP: Ernesto Rosa, Waldir Souza e Fernando Palacio (Foto: Divulga\u00e7\u00e3o)<\/figcaption><\/figure><\/div>\n\n\n\n<h2 class=\"wp-block-heading\">Novas contrata\u00e7\u00f5es da Diversa em S\u00e3o Paulo<\/h2>\n\n\n\n<p> A sede da Diversa em S\u00e3o Paulo tamb\u00e9m ganhou novos profissionais este m\u00eas. Chegaram Fernando Palacio, no mercado desde 1996 (ex-Varig, Pluna, Calcos e Visual), para o atendimento; e Ernesto Rosa, na \u00e1rea comercial, no turismo desde 1995 (com passagens por Nascimento, Trend e MMT).<\/p>\n\n\n\n<p>\u201c<strong><em>A Diversa continua investindo em profissionais especializados para manter o padr\u00e3o de qualidade de nossos servi\u00e7os, respeitando nossa parceria com os agentes de viagens. As contrata\u00e7\u00f5es s\u00e3o reflexo da confian\u00e7a, credibilidade e consequentemente de nosso crescimento<\/em><\/strong>\u201d, afirmou Waldir Souza, gerente de vendas e comercial da Diversa.<\/p>\n\n\n\n<div class=\"wp-block-image\"><figure class=\"aligncenter size-large\"><a href=\"https:\/\/mkt.diversaturismo.com.br\/temporada-neve\/?utm_source=travel3&amp;utm_medium=banner&amp;utm_content=1080x100&amp;utm_campaign=pag-interna\" target=\"_blank\" rel=\"noopener\"><img loading=\"lazy\" decoding=\"async\" width=\"1024\" height=\"95\" src=\"https:\/\/www.travel3.com.br\/site\/wp-content\/uploads\/2023\/03\/Diversa-Neve-Desk22-03-2023-1024x95.gif\" alt=\"Diversa Neve Desk22-03-2023\" class=\"wp-image-57926\" srcset=\"https:\/\/www.travel3.com.br\/site\/wp-content\/uploads\/2023\/03\/Diversa-Neve-Desk22-03-2023-1024x95.gif 1024w, https:\/\/www.travel3.com.br\/site\/wp-content\/uploads\/2023\/03\/Diversa-Neve-Desk22-03-2023-300x28.gif 300w, https:\/\/www.travel3.com.br\/site\/wp-content\/uploads\/2023\/03\/Diversa-Neve-Desk22-03-2023-768x71.gif 768w, https:\/\/www.travel3.com.br\/site\/wp-content\/uploads\/2023\/03\/Diversa-Neve-Desk22-03-2023-150x14.gif 150w, https:\/\/www.travel3.com.br\/site\/wp-content\/uploads\/2023\/03\/Diversa-Neve-Desk22-03-2023-750x69.gif 750w\" sizes=\"auto, (max-width: 1024px) 100vw, 1024px\" \/><\/a><\/figure><\/div>\n\n\n\n<h3 class=\"wp-block-heading\">Os novos profissionais j\u00e1 atendem nos seguintes contatos: <\/h3>\n\n\n\n<p>Fernando Palacio (SP): <strong><a href=\"mailto:fernando.palacio@diversaturismo.com.br\">fernando.palacio@diversaturismo.com.br<\/a><\/strong> <\/p>\n\n\n\n<p>Ernesto Rosa (SP): <strong><a href=\"mailto:ernesto@diversaturismo.com.br\">ernesto@diversaturismo.com.br<\/a><\/strong> <\/p>\n\n\n\n<p>Francis Gandra (MG): <strong><a href=\"mailto:francis@diversaturismo.com.br\">francis@diversaturismo.com.br<\/a> <\/strong><\/p>\n\n\n\n<p>Bruno Sousa (MG): <strong><a href=\"mailto:bruno.sousa@diversaturismo.com.br\">bruno.sousa@diversaturismo.com.br<\/a><\/strong><\/p>\n","protected":false},"excerpt":{"rendered":"<p>Novos integrantes do time mineiro foram apresentados ao mercado durante o Sal\u00e3o de Turismo da ABAV\/MG<\/p>\n","protected":false},"author":5,"featured_media":57952,"comment_status":"open","ping_status":"open","sticky":false,"template":"","format":"standard","meta":{"footnotes":""},"categories":[969,4],"tags":[],"class_list":["post-57950","post","type-post","status-publish","format-standard","has-post-thumbnail","hentry","category-acontece-no-turismo","category-operadoras"],"yoast_head":"<!-- This site is optimized with the Yoast SEO plugin v26.2 - https:\/\/yoast.com\/wordpress\/plugins\/seo\/ -->\n<title>Diversa anuncia novas contrata\u00e7\u00f5es para MG e SP - Travel3<\/title>\n<meta name=\"description\" content=\"Diversa anuncia novas contrata\u00e7\u00f5es para MG e SP; Novos integrantes do time mineiro foram apresentados ao mercado durante o Sal\u00e3o de Turismo da ABAV\/MG\" \/>\n<meta name=\"robots\" content=\"index, follow, max-snippet:-1, max-image-preview:large, max-video-preview:-1\" \/>\n<link rel=\"canonical\" href=\"https:\/\/www.travel3.com.br\/site\/acontece-no-turismo\/diversa-anuncia-novas-contratacoes-para-mg-e-sp\/\" \/>\n<meta property=\"og:locale\" content=\"pt_BR\" \/>\n<meta property=\"og:type\" content=\"article\" \/>\n<meta property=\"og:title\" content=\"Diversa anuncia novas contrata\u00e7\u00f5es para MG e SP - Travel3\" \/>\n<meta property=\"og:description\" content=\"Diversa anuncia novas contrata\u00e7\u00f5es para MG e SP; Novos integrantes do time mineiro foram apresentados ao mercado durante o Sal\u00e3o de Turismo da ABAV\/MG\" \/>\n<meta property=\"og:url\" content=\"https:\/\/www.travel3.com.br\/site\/acontece-no-turismo\/diversa-anuncia-novas-contratacoes-para-mg-e-sp\/\" \/>\n<meta property=\"og:site_name\" content=\"Travel3\" \/>\n<meta property=\"article:publisher\" content=\"https:\/\/www.facebook.com\/travel3media\/\" \/>\n<meta property=\"article:published_time\" content=\"2023-03-23T20:02:28+00:00\" \/>\n<meta property=\"article:modified_time\" content=\"2023-03-23T20:02:30+00:00\" \/>\n<meta property=\"og:image\" content=\"https:\/\/www.travel3.com.br\/site\/wp-content\/uploads\/2023\/03\/Diversa_ABAV_MG_Easy-Resize.com_-e1679601417851.jpg\" \/>\n\t<meta property=\"og:image:width\" content=\"1036\" \/>\n\t<meta property=\"og:image:height\" content=\"857\" \/>\n\t<meta property=\"og:image:type\" content=\"image\/jpeg\" \/>\n<meta name=\"author\" content=\"Reda\u00e7\u00e3o Travel3\" \/>\n<meta name=\"twitter:card\" content=\"summary_large_image\" \/>\n<meta name=\"twitter:label1\" content=\"Escrito por\" \/>\n\t<meta name=\"twitter:data1\" content=\"Reda\u00e7\u00e3o Travel3\" \/>\n\t<meta name=\"twitter:label2\" content=\"Est. tempo de leitura\" \/>\n\t<meta name=\"twitter:data2\" content=\"3 minutos\" \/>\n<script type=\"application\/ld+json\" class=\"yoast-schema-graph\">{\"@context\":\"https:\/\/schema.org\",\"@graph\":[{\"@type\":\"Article\",\"@id\":\"https:\/\/www.travel3.com.br\/site\/acontece-no-turismo\/diversa-anuncia-novas-contratacoes-para-mg-e-sp\/#article\",\"isPartOf\":{\"@id\":\"https:\/\/www.travel3.com.br\/site\/acontece-no-turismo\/diversa-anuncia-novas-contratacoes-para-mg-e-sp\/\"},\"author\":{\"name\":\"Reda\u00e7\u00e3o Travel3\",\"@id\":\"https:\/\/www.travel3.com.br\/site\/#\/schema\/person\/89251b0320bc67697de92249f97f3fdb\"},\"headline\":\"Diversa anuncia novas contrata\u00e7\u00f5es para MG e SP\",\"datePublished\":\"2023-03-23T20:02:28+00:00\",\"dateModified\":\"2023-03-23T20:02:30+00:00\",\"mainEntityOfPage\":{\"@id\":\"https:\/\/www.travel3.com.br\/site\/acontece-no-turismo\/diversa-anuncia-novas-contratacoes-para-mg-e-sp\/\"},\"wordCount\":453,\"commentCount\":0,\"publisher\":{\"@id\":\"https:\/\/www.travel3.com.br\/site\/#organization\"},\"image\":{\"@id\":\"https:\/\/www.travel3.com.br\/site\/acontece-no-turismo\/diversa-anuncia-novas-contratacoes-para-mg-e-sp\/#primaryimage\"},\"thumbnailUrl\":\"https:\/\/www.travel3.com.br\/site\/wp-content\/uploads\/2023\/03\/Diversa_ABAV_MG_Easy-Resize.com_-e1679601417851.jpg\",\"articleSection\":[\"Acontece no Turismo\",\"Operadoras\"],\"inLanguage\":\"pt-BR\",\"potentialAction\":[{\"@type\":\"CommentAction\",\"name\":\"Comment\",\"target\":[\"https:\/\/www.travel3.com.br\/site\/acontece-no-turismo\/diversa-anuncia-novas-contratacoes-para-mg-e-sp\/#respond\"]}]},{\"@type\":\"WebPage\",\"@id\":\"https:\/\/www.travel3.com.br\/site\/acontece-no-turismo\/diversa-anuncia-novas-contratacoes-para-mg-e-sp\/\",\"url\":\"https:\/\/www.travel3.com.br\/site\/acontece-no-turismo\/diversa-anuncia-novas-contratacoes-para-mg-e-sp\/\",\"name\":\"Diversa anuncia novas contrata\u00e7\u00f5es para MG e SP - Travel3\",\"isPartOf\":{\"@id\":\"https:\/\/www.travel3.com.br\/site\/#website\"},\"primaryImageOfPage\":{\"@id\":\"https:\/\/www.travel3.com.br\/site\/acontece-no-turismo\/diversa-anuncia-novas-contratacoes-para-mg-e-sp\/#primaryimage\"},\"image\":{\"@id\":\"https:\/\/www.travel3.com.br\/site\/acontece-no-turismo\/diversa-anuncia-novas-contratacoes-para-mg-e-sp\/#primaryimage\"},\"thumbnailUrl\":\"https:\/\/www.travel3.com.br\/site\/wp-content\/uploads\/2023\/03\/Diversa_ABAV_MG_Easy-Resize.com_-e1679601417851.jpg\",\"datePublished\":\"2023-03-23T20:02:28+00:00\",\"dateModified\":\"2023-03-23T20:02:30+00:00\",\"description\":\"Diversa anuncia novas contrata\u00e7\u00f5es para MG e SP; Novos integrantes do time mineiro foram apresentados ao mercado durante o Sal\u00e3o de Turismo da ABAV\/MG\",\"breadcrumb\":{\"@id\":\"https:\/\/www.travel3.com.br\/site\/acontece-no-turismo\/diversa-anuncia-novas-contratacoes-para-mg-e-sp\/#breadcrumb\"},\"inLanguage\":\"pt-BR\",\"potentialAction\":[{\"@type\":\"ReadAction\",\"target\":[\"https:\/\/www.travel3.com.br\/site\/acontece-no-turismo\/diversa-anuncia-novas-contratacoes-para-mg-e-sp\/\"]}]},{\"@type\":\"ImageObject\",\"inLanguage\":\"pt-BR\",\"@id\":\"https:\/\/www.travel3.com.br\/site\/acontece-no-turismo\/diversa-anuncia-novas-contratacoes-para-mg-e-sp\/#primaryimage\",\"url\":\"https:\/\/www.travel3.com.br\/site\/wp-content\/uploads\/2023\/03\/Diversa_ABAV_MG_Easy-Resize.com_-e1679601417851.jpg\",\"contentUrl\":\"https:\/\/www.travel3.com.br\/site\/wp-content\/uploads\/2023\/03\/Diversa_ABAV_MG_Easy-Resize.com_-e1679601417851.jpg\",\"width\":1036,\"height\":857,\"caption\":\"O novo time da Diversa em Minas Gerais: Em p\u00e9: Raquel Batista, Nathallya Le\u00e3o, Ricardo Andrade, Vanilze Andrade e Bruno Sousa; agachados: Filipe Lorandes e Francis Gandra (Foto: Divulga\u00e7\u00e3o)\"},{\"@type\":\"BreadcrumbList\",\"@id\":\"https:\/\/www.travel3.com.br\/site\/acontece-no-turismo\/diversa-anuncia-novas-contratacoes-para-mg-e-sp\/#breadcrumb\",\"itemListElement\":[{\"@type\":\"ListItem\",\"position\":1,\"name\":\"In\u00edcio\",\"item\":\"https:\/\/www.travel3.com.br\/site\/\"},{\"@type\":\"ListItem\",\"position\":2,\"name\":\"Diversa anuncia novas contrata\u00e7\u00f5es para MG e SP\"}]},{\"@type\":\"WebSite\",\"@id\":\"https:\/\/www.travel3.com.br\/site\/#website\",\"url\":\"https:\/\/www.travel3.com.br\/site\/\",\"name\":\"Travel3\",\"description\":\"Lazer + Neg&oacute;cios + Aventura\",\"publisher\":{\"@id\":\"https:\/\/www.travel3.com.br\/site\/#organization\"},\"potentialAction\":[{\"@type\":\"SearchAction\",\"target\":{\"@type\":\"EntryPoint\",\"urlTemplate\":\"https:\/\/www.travel3.com.br\/site\/?s={search_term_string}\"},\"query-input\":{\"@type\":\"PropertyValueSpecification\",\"valueRequired\":true,\"valueName\":\"search_term_string\"}}],\"inLanguage\":\"pt-BR\"},{\"@type\":\"Organization\",\"@id\":\"https:\/\/www.travel3.com.br\/site\/#organization\",\"name\":\"Travel3\",\"url\":\"https:\/\/www.travel3.com.br\/site\/\",\"logo\":{\"@type\":\"ImageObject\",\"inLanguage\":\"pt-BR\",\"@id\":\"https:\/\/www.travel3.com.br\/site\/#\/schema\/logo\/image\/\",\"url\":\"https:\/\/www.travel3.com.br\/site\/wp-content\/uploads\/2020\/01\/logo-travel3-2020.png\",\"contentUrl\":\"https:\/\/www.travel3.com.br\/site\/wp-content\/uploads\/2020\/01\/logo-travel3-2020.png\",\"width\":232,\"height\":79,\"caption\":\"Travel3\"},\"image\":{\"@id\":\"https:\/\/www.travel3.com.br\/site\/#\/schema\/logo\/image\/\"},\"sameAs\":[\"https:\/\/www.facebook.com\/travel3media\/\",\"https:\/\/www.instagram.com\/revistatravel3\/\",\"https:\/\/www.youtube.com\/channel\/UCno7J4paGBR3VbZQzvoJ9Eg\"]},{\"@type\":\"Person\",\"@id\":\"https:\/\/www.travel3.com.br\/site\/#\/schema\/person\/89251b0320bc67697de92249f97f3fdb\",\"name\":\"Reda\u00e7\u00e3o Travel3\",\"image\":{\"@type\":\"ImageObject\",\"inLanguage\":\"pt-BR\",\"@id\":\"https:\/\/www.travel3.com.br\/site\/#\/schema\/person\/image\/\",\"url\":\"https:\/\/secure.gravatar.com\/avatar\/85a5ec2ad99b1932f671ebf50c117db6?s=96&d=mm&r=g\",\"contentUrl\":\"https:\/\/secure.gravatar.com\/avatar\/85a5ec2ad99b1932f671ebf50c117db6?s=96&d=mm&r=g\",\"caption\":\"Reda\u00e7\u00e3o Travel3\"},\"sameAs\":[\"http:\/\/www.travel3.com.br\/\"],\"url\":\"https:\/\/www.travel3.com.br\/site\/author\/redacao\/\"}]}<\/script>\n<!-- \/ Yoast SEO plugin. -->","yoast_head_json":{"title":"Diversa anuncia novas contrata\u00e7\u00f5es para MG e SP - Travel3","description":"Diversa anuncia novas contrata\u00e7\u00f5es para MG e SP; Novos integrantes do time mineiro foram apresentados ao mercado durante o Sal\u00e3o de Turismo da ABAV\/MG","robots":{"index":"index","follow":"follow","max-snippet":"max-snippet:-1","max-image-preview":"max-image-preview:large","max-video-preview":"max-video-preview:-1"},"canonical":"https:\/\/www.travel3.com.br\/site\/acontece-no-turismo\/diversa-anuncia-novas-contratacoes-para-mg-e-sp\/","og_locale":"pt_BR","og_type":"article","og_title":"Diversa anuncia novas contrata\u00e7\u00f5es para MG e SP - Travel3","og_description":"Diversa anuncia novas contrata\u00e7\u00f5es para MG e SP; Novos integrantes do time mineiro foram apresentados ao mercado durante o Sal\u00e3o de Turismo da ABAV\/MG","og_url":"https:\/\/www.travel3.com.br\/site\/acontece-no-turismo\/diversa-anuncia-novas-contratacoes-para-mg-e-sp\/","og_site_name":"Travel3","article_publisher":"https:\/\/www.facebook.com\/travel3media\/","article_published_time":"2023-03-23T20:02:28+00:00","article_modified_time":"2023-03-23T20:02:30+00:00","og_image":[{"width":1036,"height":857,"url":"https:\/\/www.travel3.com.br\/site\/wp-content\/uploads\/2023\/03\/Diversa_ABAV_MG_Easy-Resize.com_-e1679601417851.jpg","type":"image\/jpeg"}],"author":"Reda\u00e7\u00e3o Travel3","twitter_card":"summary_large_image","twitter_misc":{"Escrito por":"Reda\u00e7\u00e3o Travel3","Est. tempo de leitura":"3 minutos"},"schema":{"@context":"https:\/\/schema.org","@graph":[{"@type":"Article","@id":"https:\/\/www.travel3.com.br\/site\/acontece-no-turismo\/diversa-anuncia-novas-contratacoes-para-mg-e-sp\/#article","isPartOf":{"@id":"https:\/\/www.travel3.com.br\/site\/acontece-no-turismo\/diversa-anuncia-novas-contratacoes-para-mg-e-sp\/"},"author":{"name":"Reda\u00e7\u00e3o Travel3","@id":"https:\/\/www.travel3.com.br\/site\/#\/schema\/person\/89251b0320bc67697de92249f97f3fdb"},"headline":"Diversa anuncia novas contrata\u00e7\u00f5es para MG e SP","datePublished":"2023-03-23T20:02:28+00:00","dateModified":"2023-03-23T20:02:30+00:00","mainEntityOfPage":{"@id":"https:\/\/www.travel3.com.br\/site\/acontece-no-turismo\/diversa-anuncia-novas-contratacoes-para-mg-e-sp\/"},"wordCount":453,"commentCount":0,"publisher":{"@id":"https:\/\/www.travel3.com.br\/site\/#organization"},"image":{"@id":"https:\/\/www.travel3.com.br\/site\/acontece-no-turismo\/diversa-anuncia-novas-contratacoes-para-mg-e-sp\/#primaryimage"},"thumbnailUrl":"https:\/\/www.travel3.com.br\/site\/wp-content\/uploads\/2023\/03\/Diversa_ABAV_MG_Easy-Resize.com_-e1679601417851.jpg","articleSection":["Acontece no Turismo","Operadoras"],"inLanguage":"pt-BR","potentialAction":[{"@type":"CommentAction","name":"Comment","target":["https:\/\/www.travel3.com.br\/site\/acontece-no-turismo\/diversa-anuncia-novas-contratacoes-para-mg-e-sp\/#respond"]}]},{"@type":"WebPage","@id":"https:\/\/www.travel3.com.br\/site\/acontece-no-turismo\/diversa-anuncia-novas-contratacoes-para-mg-e-sp\/","url":"https:\/\/www.travel3.com.br\/site\/acontece-no-turismo\/diversa-anuncia-novas-contratacoes-para-mg-e-sp\/","name":"Diversa anuncia novas contrata\u00e7\u00f5es para MG e SP - Travel3","isPartOf":{"@id":"https:\/\/www.travel3.com.br\/site\/#website"},"primaryImageOfPage":{"@id":"https:\/\/www.travel3.com.br\/site\/acontece-no-turismo\/diversa-anuncia-novas-contratacoes-para-mg-e-sp\/#primaryimage"},"image":{"@id":"https:\/\/www.travel3.com.br\/site\/acontece-no-turismo\/diversa-anuncia-novas-contratacoes-para-mg-e-sp\/#primaryimage"},"thumbnailUrl":"https:\/\/www.travel3.com.br\/site\/wp-content\/uploads\/2023\/03\/Diversa_ABAV_MG_Easy-Resize.com_-e1679601417851.jpg","datePublished":"2023-03-23T20:02:28+00:00","dateModified":"2023-03-23T20:02:30+00:00","description":"Diversa anuncia novas contrata\u00e7\u00f5es para MG e SP; Novos integrantes do time mineiro foram apresentados ao mercado durante o Sal\u00e3o de Turismo da ABAV\/MG","breadcrumb":{"@id":"https:\/\/www.travel3.com.br\/site\/acontece-no-turismo\/diversa-anuncia-novas-contratacoes-para-mg-e-sp\/#breadcrumb"},"inLanguage":"pt-BR","potentialAction":[{"@type":"ReadAction","target":["https:\/\/www.travel3.com.br\/site\/acontece-no-turismo\/diversa-anuncia-novas-contratacoes-para-mg-e-sp\/"]}]},{"@type":"ImageObject","inLanguage":"pt-BR","@id":"https:\/\/www.travel3.com.br\/site\/acontece-no-turismo\/diversa-anuncia-novas-contratacoes-para-mg-e-sp\/#primaryimage","url":"https:\/\/www.travel3.com.br\/site\/wp-content\/uploads\/2023\/03\/Diversa_ABAV_MG_Easy-Resize.com_-e1679601417851.jpg","contentUrl":"https:\/\/www.travel3.com.br\/site\/wp-content\/uploads\/2023\/03\/Diversa_ABAV_MG_Easy-Resize.com_-e1679601417851.jpg","width":1036,"height":857,"caption":"O novo time da Diversa em Minas Gerais: Em p\u00e9: Raquel Batista, Nathallya Le\u00e3o, Ricardo Andrade, Vanilze Andrade e Bruno Sousa; agachados: Filipe Lorandes e Francis Gandra (Foto: Divulga\u00e7\u00e3o)"},{"@type":"BreadcrumbList","@id":"https:\/\/www.travel3.com.br\/site\/acontece-no-turismo\/diversa-anuncia-novas-contratacoes-para-mg-e-sp\/#breadcrumb","itemListElement":[{"@type":"ListItem","position":1,"name":"In\u00edcio","item":"https:\/\/www.travel3.com.br\/site\/"},{"@type":"ListItem","position":2,"name":"Diversa anuncia novas contrata\u00e7\u00f5es para MG e SP"}]},{"@type":"WebSite","@id":"https:\/\/www.travel3.com.br\/site\/#website","url":"https:\/\/www.travel3.com.br\/site\/","name":"Travel3","description":"Lazer + Neg&oacute;cios + Aventura","publisher":{"@id":"https:\/\/www.travel3.com.br\/site\/#organization"},"potentialAction":[{"@type":"SearchAction","target":{"@type":"EntryPoint","urlTemplate":"https:\/\/www.travel3.com.br\/site\/?s={search_term_string}"},"query-input":{"@type":"PropertyValueSpecification","valueRequired":true,"valueName":"search_term_string"}}],"inLanguage":"pt-BR"},{"@type":"Organization","@id":"https:\/\/www.travel3.com.br\/site\/#organization","name":"Travel3","url":"https:\/\/www.travel3.com.br\/site\/","logo":{"@type":"ImageObject","inLanguage":"pt-BR","@id":"https:\/\/www.travel3.com.br\/site\/#\/schema\/logo\/image\/","url":"https:\/\/www.travel3.com.br\/site\/wp-content\/uploads\/2020\/01\/logo-travel3-2020.png","contentUrl":"https:\/\/www.travel3.com.br\/site\/wp-content\/uploads\/2020\/01\/logo-travel3-2020.png","width":232,"height":79,"caption":"Travel3"},"image":{"@id":"https:\/\/www.travel3.com.br\/site\/#\/schema\/logo\/image\/"},"sameAs":["https:\/\/www.facebook.com\/travel3media\/","https:\/\/www.instagram.com\/revistatravel3\/","https:\/\/www.youtube.com\/channel\/UCno7J4paGBR3VbZQzvoJ9Eg"]},{"@type":"Person","@id":"https:\/\/www.travel3.com.br\/site\/#\/schema\/person\/89251b0320bc67697de92249f97f3fdb","name":"Reda\u00e7\u00e3o Travel3","image":{"@type":"ImageObject","inLanguage":"pt-BR","@id":"https:\/\/www.travel3.com.br\/site\/#\/schema\/person\/image\/","url":"https:\/\/secure.gravatar.com\/avatar\/85a5ec2ad99b1932f671ebf50c117db6?s=96&d=mm&r=g","contentUrl":"https:\/\/secure.gravatar.com\/avatar\/85a5ec2ad99b1932f671ebf50c117db6?s=96&d=mm&r=g","caption":"Reda\u00e7\u00e3o Travel3"},"sameAs":["http:\/\/www.travel3.com.br\/"],"url":"https:\/\/www.travel3.com.br\/site\/author\/redacao\/"}]}},"_links":{"self":[{"href":"https:\/\/www.travel3.com.br\/site\/wp-json\/wp\/v2\/posts\/57950","targetHints":{"allow":["GET"]}}],"collection":[{"href":"https:\/\/www.travel3.com.br\/site\/wp-json\/wp\/v2\/posts"}],"about":[{"href":"https:\/\/www.travel3.com.br\/site\/wp-json\/wp\/v2\/types\/post"}],"author":[{"embeddable":true,"href":"https:\/\/www.travel3.com.br\/site\/wp-json\/wp\/v2\/users\/5"}],"replies":[{"embeddable":true,"href":"https:\/\/www.travel3.com.br\/site\/wp-json\/wp\/v2\/comments?post=57950"}],"version-history":[{"count":5,"href":"https:\/\/www.travel3.com.br\/site\/wp-json\/wp\/v2\/posts\/57950\/revisions"}],"predecessor-version":[{"id":57959,"href":"https:\/\/www.travel3.com.br\/site\/wp-json\/wp\/v2\/posts\/57950\/revisions\/57959"}],"wp:featuredmedia":[{"embeddable":true,"href":"https:\/\/www.travel3.com.br\/site\/wp-json\/wp\/v2\/media\/57952"}],"wp:attachment":[{"href":"https:\/\/www.travel3.com.br\/site\/wp-json\/wp\/v2\/media?parent=57950"}],"wp:term":[{"taxonomy":"category","embeddable":true,"href":"https:\/\/www.travel3.com.br\/site\/wp-json\/wp\/v2\/categories?post=57950"},{"taxonomy":"post_tag","embeddable":true,"href":"https:\/\/www.travel3.com.br\/site\/wp-json\/wp\/v2\/tags?post=57950"}],"curies":[{"name":"wp","href":"https:\/\/api.w.org\/{rel}","templated":true}]}}