{"id":57931,"date":"2023-03-23T12:07:54","date_gmt":"2023-03-23T15:07:54","guid":{"rendered":"https:\/\/www.travel3.com.br\/?p=57931"},"modified":"2023-03-23T12:08:00","modified_gmt":"2023-03-23T15:08:00","slug":"voetur-comemora-marca-de-vendas-e-2-anos-da-filial-de-sp","status":"publish","type":"post","link":"https:\/\/www.travel3.com.br\/site\/acontece-no-turismo\/voetur-comemora-marca-de-vendas-e-2-anos-da-filial-de-sp\/","title":{"rendered":"Voetur comemora marca de vendas e 2 anos da filial de SP"},"content":{"rendered":"\n<h2 class=\"wp-block-heading\">Uma das 10 maiores empresas de turismo do pa\u00eds apresentou crescimento de 118% em 2022<\/h2>\n\n\n\n<p>A <strong><a href=\"https:\/\/voeturturismo.com.br\/\" target=\"_blank\" rel=\"noreferrer noopener\">Voetur Turismo<\/a><\/strong>, empresa com sede em Bras\u00edlia (DF) e filiais nas cidades de S\u00e3o Paulo (SP) e Rio de Janeiro (RJ), divulga os bons resultados de 2022 e celebra 2 anos de atividades da unidade paulista. No per\u00edodo, as vendas de passagens a\u00e9reas, hot\u00e9is e loca\u00e7\u00f5es de ve\u00edculos tiveram as melhores marcas da hist\u00f3ria e contribu\u00edram para o faturamento de 118% a mais do que o registrado em 2021 e eleva\u00e7\u00e3o de 8% em rela\u00e7\u00e3o a 2019, at\u00e9 ent\u00e3o, o melhor ano da TMC &#8211; Travel Management Company.Os n\u00fameros do primeiro bimestre de 2023 indicam crescimento de 52% nas vendas no comparativo com 2022, com destaque para a loca\u00e7\u00e3o de carros, que nos primeiros 2 meses do ano apresentou incremento de 67% na comercializa\u00e7\u00e3o do servi\u00e7o.<\/p>\n\n\n\n<p>Somada ao retorno massivo das viagens corporativas, que t\u00eam contribu\u00eddo para o aumento da procura por a\u00e7\u00f5es presenciais, a expans\u00e3o da \u00e1rea de eventos registrou mais de 200 entregas e 32 novos clientes no \u00faltimo ano.<\/p>\n\n\n\n<p>No ranking das l\u00edderes em emiss\u00e3o de bilhetes internacionais divulgado pela IATA (International Air Transport Association) &#8211; com base em valores -, a empresa encerrou o ano de 2022 na 6\u00aa posi\u00e7\u00e3o no comparativo com outras TMCs, e na 13\u00aa coloca\u00e7\u00e3o da lista geral, que inclui OTAs e consolidadoras.<\/p>\n\n\n\n<p>Na an\u00e1lise baseada em quantidade de bilhetes emitidos, a Voetur Turismo ficou com o 18\u00ba lugar no pa\u00eds, se comparada a todos os segmentos. O destaque das vendas ficou para a filial Rio de Janeiro, seguida por Bras\u00edlia e S\u00e3o Paulo, a mais recente das filiais, que comemorou 2 anos em dezembro passado.<\/p>\n\n\n\n<p>Em vendas de seguro viagem, realizadas atrav\u00e9s da <strong><a href=\"https:\/\/www.totalassist.com.br\/\" target=\"_blank\" rel=\"noreferrer noopener\">plataforma pr\u00f3pria<\/a><\/strong> e pelo canal B2B, no ano passado a empresa emitiu mais que o dobro de 2019 e superou em quatro vezes o total de ap\u00f3lices assinadas em 2021.<\/p>\n\n\n\n<p>\u201c<strong><em>Entendemos que o motivo desse resultado \u00e9 a preocupa\u00e7\u00e3o do viajante em se proteger no p\u00f3s-pandemia, em especial, nas viagens dom\u00e9sticas. Outro fator \u00e9 o valor agregado no produto pr\u00f3prio da Voetur Turismo, que contempla mais coberturas com pre\u00e7o inferior aos principais concorrentes do mercado<\/em><\/strong>\u201d, ressalta Humberto Can\u00e7ado, diretor da empresa.<\/p>\n\n\n\n<p>At\u00e9 o m\u00eas de dezembro, a TMC estima novos espa\u00e7os para comportar os times de S\u00e3o Paulo e Rio de Janeiro, que crescem \u00e0 medida que as vendas aumentam. \u201c<strong><em>N\u00e3o poderia estar mais contente com esses n\u00fameros<\/em><\/strong>\u201d, destaca Carlos Alberto de S\u00e1, presidente do Grupo Voetur, que enxerga a necessidade de melhora das margens como um desafio para todo o segmento em 2023.&nbsp;<\/p>\n\n\n\n<p>\u201c<strong><em>Para este ano investirei no lazer B2C, na retomada do cons\u00f3rcio de viagens e no Viaja Brasil, meu projeto pessoal de fomentar atividades e destinos tur\u00edsticos pouco explorados e que merecem destaque. \u00c9 uma forma de retribuir ao turismo tudo que ele me deu em todos estes anos de atua\u00e7\u00e3o<\/em><\/strong>\u201d, reitera o executivo.<\/p>\n\n\n\n<p class=\"has-text-align-center\">+ <strong><a href=\"https:\/\/www.travel3.com.br\/comece-a-viajar\/parques-nacionais\/\" target=\"_blank\" rel=\"noreferrer noopener\">9 Parques Nacionais para voc\u00ea ver o Panam\u00e1 com outros olhos<\/a><\/strong><\/p>\n","protected":false},"excerpt":{"rendered":"<p>Uma das 10 maiores empresas de turismo do pa\u00eds apresentou crescimento de 118% em 2022<\/p>\n","protected":false},"author":5,"featured_media":57934,"comment_status":"open","ping_status":"open","sticky":false,"template":"","format":"standard","meta":{"footnotes":""},"categories":[969,3],"tags":[5439,5440],"class_list":["post-57931","post","type-post","status-publish","format-standard","has-post-thumbnail","hentry","category-acontece-no-turismo","category-negocios","tag-voetur","tag-voetur-turismo"],"yoast_head":"<!-- This site is optimized with the Yoast SEO plugin v26.2 - https:\/\/yoast.com\/wordpress\/plugins\/seo\/ -->\n<title>Voetur comemora marca de vendas e 2 anos da filial de SP - Travel3<\/title>\n<meta name=\"description\" content=\"Voetur comemora marca de vendas e 2 anos da filial de SP; Uma das 10 maiores empresas de turismo do pa\u00eds apresentou crescimento de 118% em 2022\" \/>\n<meta name=\"robots\" content=\"index, follow, max-snippet:-1, max-image-preview:large, max-video-preview:-1\" \/>\n<link rel=\"canonical\" href=\"https:\/\/www.travel3.com.br\/site\/acontece-no-turismo\/voetur-comemora-marca-de-vendas-e-2-anos-da-filial-de-sp\/\" \/>\n<meta property=\"og:locale\" content=\"pt_BR\" \/>\n<meta property=\"og:type\" content=\"article\" \/>\n<meta property=\"og:title\" content=\"Voetur comemora marca de vendas e 2 anos da filial de SP - Travel3\" \/>\n<meta property=\"og:description\" content=\"Voetur comemora marca de vendas e 2 anos da filial de SP; Uma das 10 maiores empresas de turismo do pa\u00eds apresentou crescimento de 118% em 2022\" \/>\n<meta property=\"og:url\" content=\"https:\/\/www.travel3.com.br\/site\/acontece-no-turismo\/voetur-comemora-marca-de-vendas-e-2-anos-da-filial-de-sp\/\" \/>\n<meta property=\"og:site_name\" content=\"Travel3\" \/>\n<meta property=\"article:publisher\" content=\"https:\/\/www.facebook.com\/travel3media\/\" \/>\n<meta property=\"article:published_time\" content=\"2023-03-23T15:07:54+00:00\" \/>\n<meta property=\"article:modified_time\" content=\"2023-03-23T15:08:00+00:00\" \/>\n<meta property=\"og:image\" content=\"https:\/\/www.travel3.com.br\/site\/wp-content\/uploads\/2023\/03\/Humberto-Cancado-Voetur-Turismo_Easy-Resize.com_-e1679510091320.jpg\" \/>\n\t<meta property=\"og:image:width\" content=\"1280\" \/>\n\t<meta property=\"og:image:height\" content=\"649\" \/>\n\t<meta property=\"og:image:type\" content=\"image\/jpeg\" \/>\n<meta name=\"author\" content=\"Reda\u00e7\u00e3o Travel3\" \/>\n<meta name=\"twitter:card\" content=\"summary_large_image\" \/>\n<meta name=\"twitter:label1\" content=\"Escrito por\" \/>\n\t<meta name=\"twitter:data1\" content=\"Reda\u00e7\u00e3o Travel3\" \/>\n\t<meta name=\"twitter:label2\" content=\"Est. tempo de leitura\" \/>\n\t<meta name=\"twitter:data2\" content=\"3 minutos\" \/>\n<script type=\"application\/ld+json\" class=\"yoast-schema-graph\">{\"@context\":\"https:\/\/schema.org\",\"@graph\":[{\"@type\":\"Article\",\"@id\":\"https:\/\/www.travel3.com.br\/site\/acontece-no-turismo\/voetur-comemora-marca-de-vendas-e-2-anos-da-filial-de-sp\/#article\",\"isPartOf\":{\"@id\":\"https:\/\/www.travel3.com.br\/site\/acontece-no-turismo\/voetur-comemora-marca-de-vendas-e-2-anos-da-filial-de-sp\/\"},\"author\":{\"name\":\"Reda\u00e7\u00e3o Travel3\",\"@id\":\"https:\/\/www.travel3.com.br\/site\/#\/schema\/person\/89251b0320bc67697de92249f97f3fdb\"},\"headline\":\"Voetur comemora marca de vendas e 2 anos da filial de SP\",\"datePublished\":\"2023-03-23T15:07:54+00:00\",\"dateModified\":\"2023-03-23T15:08:00+00:00\",\"mainEntityOfPage\":{\"@id\":\"https:\/\/www.travel3.com.br\/site\/acontece-no-turismo\/voetur-comemora-marca-de-vendas-e-2-anos-da-filial-de-sp\/\"},\"wordCount\":528,\"commentCount\":0,\"publisher\":{\"@id\":\"https:\/\/www.travel3.com.br\/site\/#organization\"},\"image\":{\"@id\":\"https:\/\/www.travel3.com.br\/site\/acontece-no-turismo\/voetur-comemora-marca-de-vendas-e-2-anos-da-filial-de-sp\/#primaryimage\"},\"thumbnailUrl\":\"https:\/\/www.travel3.com.br\/site\/wp-content\/uploads\/2023\/03\/Humberto-Cancado-Voetur-Turismo_Easy-Resize.com_-e1679510091320.jpg\",\"keywords\":[\"Voetur\",\"Voetur Turismo\"],\"articleSection\":[\"Acontece no Turismo\",\"Neg\u00f3cios\"],\"inLanguage\":\"pt-BR\",\"potentialAction\":[{\"@type\":\"CommentAction\",\"name\":\"Comment\",\"target\":[\"https:\/\/www.travel3.com.br\/site\/acontece-no-turismo\/voetur-comemora-marca-de-vendas-e-2-anos-da-filial-de-sp\/#respond\"]}]},{\"@type\":\"WebPage\",\"@id\":\"https:\/\/www.travel3.com.br\/site\/acontece-no-turismo\/voetur-comemora-marca-de-vendas-e-2-anos-da-filial-de-sp\/\",\"url\":\"https:\/\/www.travel3.com.br\/site\/acontece-no-turismo\/voetur-comemora-marca-de-vendas-e-2-anos-da-filial-de-sp\/\",\"name\":\"Voetur comemora marca de vendas e 2 anos da filial de SP - Travel3\",\"isPartOf\":{\"@id\":\"https:\/\/www.travel3.com.br\/site\/#website\"},\"primaryImageOfPage\":{\"@id\":\"https:\/\/www.travel3.com.br\/site\/acontece-no-turismo\/voetur-comemora-marca-de-vendas-e-2-anos-da-filial-de-sp\/#primaryimage\"},\"image\":{\"@id\":\"https:\/\/www.travel3.com.br\/site\/acontece-no-turismo\/voetur-comemora-marca-de-vendas-e-2-anos-da-filial-de-sp\/#primaryimage\"},\"thumbnailUrl\":\"https:\/\/www.travel3.com.br\/site\/wp-content\/uploads\/2023\/03\/Humberto-Cancado-Voetur-Turismo_Easy-Resize.com_-e1679510091320.jpg\",\"datePublished\":\"2023-03-23T15:07:54+00:00\",\"dateModified\":\"2023-03-23T15:08:00+00:00\",\"description\":\"Voetur comemora marca de vendas e 2 anos da filial de SP; Uma das 10 maiores empresas de turismo do pa\u00eds apresentou crescimento de 118% em 2022\",\"breadcrumb\":{\"@id\":\"https:\/\/www.travel3.com.br\/site\/acontece-no-turismo\/voetur-comemora-marca-de-vendas-e-2-anos-da-filial-de-sp\/#breadcrumb\"},\"inLanguage\":\"pt-BR\",\"potentialAction\":[{\"@type\":\"ReadAction\",\"target\":[\"https:\/\/www.travel3.com.br\/site\/acontece-no-turismo\/voetur-comemora-marca-de-vendas-e-2-anos-da-filial-de-sp\/\"]}]},{\"@type\":\"ImageObject\",\"inLanguage\":\"pt-BR\",\"@id\":\"https:\/\/www.travel3.com.br\/site\/acontece-no-turismo\/voetur-comemora-marca-de-vendas-e-2-anos-da-filial-de-sp\/#primaryimage\",\"url\":\"https:\/\/www.travel3.com.br\/site\/wp-content\/uploads\/2023\/03\/Humberto-Cancado-Voetur-Turismo_Easy-Resize.com_-e1679510091320.jpg\",\"contentUrl\":\"https:\/\/www.travel3.com.br\/site\/wp-content\/uploads\/2023\/03\/Humberto-Cancado-Voetur-Turismo_Easy-Resize.com_-e1679510091320.jpg\",\"width\":1280,\"height\":649,\"caption\":\"Humberto Can\u00e7ado - Diretor da Voetur Turismo (Foto: Divulga\u00e7\u00e3o)\"},{\"@type\":\"BreadcrumbList\",\"@id\":\"https:\/\/www.travel3.com.br\/site\/acontece-no-turismo\/voetur-comemora-marca-de-vendas-e-2-anos-da-filial-de-sp\/#breadcrumb\",\"itemListElement\":[{\"@type\":\"ListItem\",\"position\":1,\"name\":\"In\u00edcio\",\"item\":\"https:\/\/www.travel3.com.br\/site\/\"},{\"@type\":\"ListItem\",\"position\":2,\"name\":\"Voetur comemora marca de vendas e 2 anos da filial de SP\"}]},{\"@type\":\"WebSite\",\"@id\":\"https:\/\/www.travel3.com.br\/site\/#website\",\"url\":\"https:\/\/www.travel3.com.br\/site\/\",\"name\":\"Travel3\",\"description\":\"Lazer + Neg&oacute;cios + Aventura\",\"publisher\":{\"@id\":\"https:\/\/www.travel3.com.br\/site\/#organization\"},\"potentialAction\":[{\"@type\":\"SearchAction\",\"target\":{\"@type\":\"EntryPoint\",\"urlTemplate\":\"https:\/\/www.travel3.com.br\/site\/?s={search_term_string}\"},\"query-input\":{\"@type\":\"PropertyValueSpecification\",\"valueRequired\":true,\"valueName\":\"search_term_string\"}}],\"inLanguage\":\"pt-BR\"},{\"@type\":\"Organization\",\"@id\":\"https:\/\/www.travel3.com.br\/site\/#organization\",\"name\":\"Travel3\",\"url\":\"https:\/\/www.travel3.com.br\/site\/\",\"logo\":{\"@type\":\"ImageObject\",\"inLanguage\":\"pt-BR\",\"@id\":\"https:\/\/www.travel3.com.br\/site\/#\/schema\/logo\/image\/\",\"url\":\"https:\/\/www.travel3.com.br\/site\/wp-content\/uploads\/2020\/01\/logo-travel3-2020.png\",\"contentUrl\":\"https:\/\/www.travel3.com.br\/site\/wp-content\/uploads\/2020\/01\/logo-travel3-2020.png\",\"width\":232,\"height\":79,\"caption\":\"Travel3\"},\"image\":{\"@id\":\"https:\/\/www.travel3.com.br\/site\/#\/schema\/logo\/image\/\"},\"sameAs\":[\"https:\/\/www.facebook.com\/travel3media\/\",\"https:\/\/www.instagram.com\/revistatravel3\/\",\"https:\/\/www.youtube.com\/channel\/UCno7J4paGBR3VbZQzvoJ9Eg\"]},{\"@type\":\"Person\",\"@id\":\"https:\/\/www.travel3.com.br\/site\/#\/schema\/person\/89251b0320bc67697de92249f97f3fdb\",\"name\":\"Reda\u00e7\u00e3o Travel3\",\"image\":{\"@type\":\"ImageObject\",\"inLanguage\":\"pt-BR\",\"@id\":\"https:\/\/www.travel3.com.br\/site\/#\/schema\/person\/image\/\",\"url\":\"https:\/\/secure.gravatar.com\/avatar\/85a5ec2ad99b1932f671ebf50c117db6?s=96&d=mm&r=g\",\"contentUrl\":\"https:\/\/secure.gravatar.com\/avatar\/85a5ec2ad99b1932f671ebf50c117db6?s=96&d=mm&r=g\",\"caption\":\"Reda\u00e7\u00e3o Travel3\"},\"sameAs\":[\"http:\/\/www.travel3.com.br\/\"],\"url\":\"https:\/\/www.travel3.com.br\/site\/author\/redacao\/\"}]}<\/script>\n<!-- \/ Yoast SEO plugin. -->","yoast_head_json":{"title":"Voetur comemora marca de vendas e 2 anos da filial de SP - Travel3","description":"Voetur comemora marca de vendas e 2 anos da filial de SP; Uma das 10 maiores empresas de turismo do pa\u00eds apresentou crescimento de 118% em 2022","robots":{"index":"index","follow":"follow","max-snippet":"max-snippet:-1","max-image-preview":"max-image-preview:large","max-video-preview":"max-video-preview:-1"},"canonical":"https:\/\/www.travel3.com.br\/site\/acontece-no-turismo\/voetur-comemora-marca-de-vendas-e-2-anos-da-filial-de-sp\/","og_locale":"pt_BR","og_type":"article","og_title":"Voetur comemora marca de vendas e 2 anos da filial de SP - Travel3","og_description":"Voetur comemora marca de vendas e 2 anos da filial de SP; Uma das 10 maiores empresas de turismo do pa\u00eds apresentou crescimento de 118% em 2022","og_url":"https:\/\/www.travel3.com.br\/site\/acontece-no-turismo\/voetur-comemora-marca-de-vendas-e-2-anos-da-filial-de-sp\/","og_site_name":"Travel3","article_publisher":"https:\/\/www.facebook.com\/travel3media\/","article_published_time":"2023-03-23T15:07:54+00:00","article_modified_time":"2023-03-23T15:08:00+00:00","og_image":[{"width":1280,"height":649,"url":"https:\/\/www.travel3.com.br\/site\/wp-content\/uploads\/2023\/03\/Humberto-Cancado-Voetur-Turismo_Easy-Resize.com_-e1679510091320.jpg","type":"image\/jpeg"}],"author":"Reda\u00e7\u00e3o Travel3","twitter_card":"summary_large_image","twitter_misc":{"Escrito por":"Reda\u00e7\u00e3o Travel3","Est. tempo de leitura":"3 minutos"},"schema":{"@context":"https:\/\/schema.org","@graph":[{"@type":"Article","@id":"https:\/\/www.travel3.com.br\/site\/acontece-no-turismo\/voetur-comemora-marca-de-vendas-e-2-anos-da-filial-de-sp\/#article","isPartOf":{"@id":"https:\/\/www.travel3.com.br\/site\/acontece-no-turismo\/voetur-comemora-marca-de-vendas-e-2-anos-da-filial-de-sp\/"},"author":{"name":"Reda\u00e7\u00e3o Travel3","@id":"https:\/\/www.travel3.com.br\/site\/#\/schema\/person\/89251b0320bc67697de92249f97f3fdb"},"headline":"Voetur comemora marca de vendas e 2 anos da filial de SP","datePublished":"2023-03-23T15:07:54+00:00","dateModified":"2023-03-23T15:08:00+00:00","mainEntityOfPage":{"@id":"https:\/\/www.travel3.com.br\/site\/acontece-no-turismo\/voetur-comemora-marca-de-vendas-e-2-anos-da-filial-de-sp\/"},"wordCount":528,"commentCount":0,"publisher":{"@id":"https:\/\/www.travel3.com.br\/site\/#organization"},"image":{"@id":"https:\/\/www.travel3.com.br\/site\/acontece-no-turismo\/voetur-comemora-marca-de-vendas-e-2-anos-da-filial-de-sp\/#primaryimage"},"thumbnailUrl":"https:\/\/www.travel3.com.br\/site\/wp-content\/uploads\/2023\/03\/Humberto-Cancado-Voetur-Turismo_Easy-Resize.com_-e1679510091320.jpg","keywords":["Voetur","Voetur Turismo"],"articleSection":["Acontece no Turismo","Neg\u00f3cios"],"inLanguage":"pt-BR","potentialAction":[{"@type":"CommentAction","name":"Comment","target":["https:\/\/www.travel3.com.br\/site\/acontece-no-turismo\/voetur-comemora-marca-de-vendas-e-2-anos-da-filial-de-sp\/#respond"]}]},{"@type":"WebPage","@id":"https:\/\/www.travel3.com.br\/site\/acontece-no-turismo\/voetur-comemora-marca-de-vendas-e-2-anos-da-filial-de-sp\/","url":"https:\/\/www.travel3.com.br\/site\/acontece-no-turismo\/voetur-comemora-marca-de-vendas-e-2-anos-da-filial-de-sp\/","name":"Voetur comemora marca de vendas e 2 anos da filial de SP - Travel3","isPartOf":{"@id":"https:\/\/www.travel3.com.br\/site\/#website"},"primaryImageOfPage":{"@id":"https:\/\/www.travel3.com.br\/site\/acontece-no-turismo\/voetur-comemora-marca-de-vendas-e-2-anos-da-filial-de-sp\/#primaryimage"},"image":{"@id":"https:\/\/www.travel3.com.br\/site\/acontece-no-turismo\/voetur-comemora-marca-de-vendas-e-2-anos-da-filial-de-sp\/#primaryimage"},"thumbnailUrl":"https:\/\/www.travel3.com.br\/site\/wp-content\/uploads\/2023\/03\/Humberto-Cancado-Voetur-Turismo_Easy-Resize.com_-e1679510091320.jpg","datePublished":"2023-03-23T15:07:54+00:00","dateModified":"2023-03-23T15:08:00+00:00","description":"Voetur comemora marca de vendas e 2 anos da filial de SP; Uma das 10 maiores empresas de turismo do pa\u00eds apresentou crescimento de 118% em 2022","breadcrumb":{"@id":"https:\/\/www.travel3.com.br\/site\/acontece-no-turismo\/voetur-comemora-marca-de-vendas-e-2-anos-da-filial-de-sp\/#breadcrumb"},"inLanguage":"pt-BR","potentialAction":[{"@type":"ReadAction","target":["https:\/\/www.travel3.com.br\/site\/acontece-no-turismo\/voetur-comemora-marca-de-vendas-e-2-anos-da-filial-de-sp\/"]}]},{"@type":"ImageObject","inLanguage":"pt-BR","@id":"https:\/\/www.travel3.com.br\/site\/acontece-no-turismo\/voetur-comemora-marca-de-vendas-e-2-anos-da-filial-de-sp\/#primaryimage","url":"https:\/\/www.travel3.com.br\/site\/wp-content\/uploads\/2023\/03\/Humberto-Cancado-Voetur-Turismo_Easy-Resize.com_-e1679510091320.jpg","contentUrl":"https:\/\/www.travel3.com.br\/site\/wp-content\/uploads\/2023\/03\/Humberto-Cancado-Voetur-Turismo_Easy-Resize.com_-e1679510091320.jpg","width":1280,"height":649,"caption":"Humberto Can\u00e7ado - Diretor da Voetur Turismo (Foto: Divulga\u00e7\u00e3o)"},{"@type":"BreadcrumbList","@id":"https:\/\/www.travel3.com.br\/site\/acontece-no-turismo\/voetur-comemora-marca-de-vendas-e-2-anos-da-filial-de-sp\/#breadcrumb","itemListElement":[{"@type":"ListItem","position":1,"name":"In\u00edcio","item":"https:\/\/www.travel3.com.br\/site\/"},{"@type":"ListItem","position":2,"name":"Voetur comemora marca de vendas e 2 anos da filial de SP"}]},{"@type":"WebSite","@id":"https:\/\/www.travel3.com.br\/site\/#website","url":"https:\/\/www.travel3.com.br\/site\/","name":"Travel3","description":"Lazer + Neg&oacute;cios + Aventura","publisher":{"@id":"https:\/\/www.travel3.com.br\/site\/#organization"},"potentialAction":[{"@type":"SearchAction","target":{"@type":"EntryPoint","urlTemplate":"https:\/\/www.travel3.com.br\/site\/?s={search_term_string}"},"query-input":{"@type":"PropertyValueSpecification","valueRequired":true,"valueName":"search_term_string"}}],"inLanguage":"pt-BR"},{"@type":"Organization","@id":"https:\/\/www.travel3.com.br\/site\/#organization","name":"Travel3","url":"https:\/\/www.travel3.com.br\/site\/","logo":{"@type":"ImageObject","inLanguage":"pt-BR","@id":"https:\/\/www.travel3.com.br\/site\/#\/schema\/logo\/image\/","url":"https:\/\/www.travel3.com.br\/site\/wp-content\/uploads\/2020\/01\/logo-travel3-2020.png","contentUrl":"https:\/\/www.travel3.com.br\/site\/wp-content\/uploads\/2020\/01\/logo-travel3-2020.png","width":232,"height":79,"caption":"Travel3"},"image":{"@id":"https:\/\/www.travel3.com.br\/site\/#\/schema\/logo\/image\/"},"sameAs":["https:\/\/www.facebook.com\/travel3media\/","https:\/\/www.instagram.com\/revistatravel3\/","https:\/\/www.youtube.com\/channel\/UCno7J4paGBR3VbZQzvoJ9Eg"]},{"@type":"Person","@id":"https:\/\/www.travel3.com.br\/site\/#\/schema\/person\/89251b0320bc67697de92249f97f3fdb","name":"Reda\u00e7\u00e3o Travel3","image":{"@type":"ImageObject","inLanguage":"pt-BR","@id":"https:\/\/www.travel3.com.br\/site\/#\/schema\/person\/image\/","url":"https:\/\/secure.gravatar.com\/avatar\/85a5ec2ad99b1932f671ebf50c117db6?s=96&d=mm&r=g","contentUrl":"https:\/\/secure.gravatar.com\/avatar\/85a5ec2ad99b1932f671ebf50c117db6?s=96&d=mm&r=g","caption":"Reda\u00e7\u00e3o Travel3"},"sameAs":["http:\/\/www.travel3.com.br\/"],"url":"https:\/\/www.travel3.com.br\/site\/author\/redacao\/"}]}},"_links":{"self":[{"href":"https:\/\/www.travel3.com.br\/site\/wp-json\/wp\/v2\/posts\/57931","targetHints":{"allow":["GET"]}}],"collection":[{"href":"https:\/\/www.travel3.com.br\/site\/wp-json\/wp\/v2\/posts"}],"about":[{"href":"https:\/\/www.travel3.com.br\/site\/wp-json\/wp\/v2\/types\/post"}],"author":[{"embeddable":true,"href":"https:\/\/www.travel3.com.br\/site\/wp-json\/wp\/v2\/users\/5"}],"replies":[{"embeddable":true,"href":"https:\/\/www.travel3.com.br\/site\/wp-json\/wp\/v2\/comments?post=57931"}],"version-history":[{"count":3,"href":"https:\/\/www.travel3.com.br\/site\/wp-json\/wp\/v2\/posts\/57931\/revisions"}],"predecessor-version":[{"id":57949,"href":"https:\/\/www.travel3.com.br\/site\/wp-json\/wp\/v2\/posts\/57931\/revisions\/57949"}],"wp:featuredmedia":[{"embeddable":true,"href":"https:\/\/www.travel3.com.br\/site\/wp-json\/wp\/v2\/media\/57934"}],"wp:attachment":[{"href":"https:\/\/www.travel3.com.br\/site\/wp-json\/wp\/v2\/media?parent=57931"}],"wp:term":[{"taxonomy":"category","embeddable":true,"href":"https:\/\/www.travel3.com.br\/site\/wp-json\/wp\/v2\/categories?post=57931"},{"taxonomy":"post_tag","embeddable":true,"href":"https:\/\/www.travel3.com.br\/site\/wp-json\/wp\/v2\/tags?post=57931"}],"curies":[{"name":"wp","href":"https:\/\/api.w.org\/{rel}","templated":true}]}}