{"id":57691,"date":"2023-03-13T11:37:44","date_gmt":"2023-03-13T14:37:44","guid":{"rendered":"https:\/\/www.travel3.com.br\/?p=57691"},"modified":"2023-03-13T11:37:50","modified_gmt":"2023-03-13T14:37:50","slug":"orinter-e-rede-karisma-promovem-megafam-para-o-caribe","status":"publish","type":"post","link":"https:\/\/www.travel3.com.br\/site\/acontece-no-turismo\/operadoras\/orinter-e-rede-karisma-promovem-megafam-para-o-caribe\/","title":{"rendered":"Orinter e Rede Karisma promovem Megafam para o Caribe"},"content":{"rendered":"\n<h2 class=\"wp-block-heading\">Em parceria, operadora e rede hoteleira embarcam 40 agentes de viagem para o destino<\/h2>\n\n\n\n<p>Em parceria com a <strong><a href=\"https:\/\/www.karismahotels.com\/\" target=\"_blank\" rel=\"noreferrer noopener\">Rede Karisma<\/a><\/strong>, que entre outros administra os hot\u00e9is Nickelodeon e Margaritaville, todos all inclusive, a <strong><a href=\"https:\/\/www.orinter.com.br\/\" target=\"_blank\" rel=\"noreferrer noopener\">Orinter<\/a><\/strong> est\u00e1 levando 40 agentes de viagem para o Caribe Mexicano e Punta Cana. A primeira parte do grupo j\u00e1 est\u00e1 na Riviera Maya, hospedada no Hotel El Dorado Royale e a outra parte se hospedar\u00e1 a partir do dia 16\/03 no Margaritaville, em Punta Cana.<\/p>\n\n\n\n<p>O programa faz parte do Educational Trips da operadora, que leva agentes de diferente partes do Brasil para aprender mais sobre as propriedades que vendem.<\/p>\n\n\n\n<p>\u201c<strong><em>Os hot\u00e9is Nickelodeon, que t\u00eam como um dos personagens o famoso Bob Esponja, foi um dos pontos altos da viagem. Com unidades tanto na Rep\u00fablica Dominicana quando na Riviera Maya, as propriedades podem ser encontradas no nosso sistema on-line, em contrato direto com a Rede<\/em><\/strong>\u201d informa <strong>Jorge Souza<\/strong>, Diretor de Marketing da Orinter.<\/p>\n\n\n\n<p>Os Agentes selecionados para o Megafam Rede Karisma e Orinter s\u00e3o do Rio de Janeiro, Vit\u00f3ria, Campinas, S\u00e3o Paulo, Santa Catarina, Goi\u00e1s, Minas Gerais, Mato Grosso e Mato Grosso do Sul.<\/p>\n\n\n\n<p class=\"has-text-align-center\">+ <strong><a href=\"https:\/\/www.travel3.com.br\/acontece-no-turismo\/orinter-lanca-programa-de-fidelidade\/\" target=\"_blank\" rel=\"noreferrer noopener\">Orinter lan\u00e7a seu programa de fidelidade<\/a><\/strong><\/p>\n","protected":false},"excerpt":{"rendered":"<p>Em parceria, operadora e rede hoteleira embarcam 40 agentes de viagem para o destino<\/p>\n","protected":false},"author":5,"featured_media":57692,"comment_status":"open","ping_status":"open","sticky":false,"template":"","format":"standard","meta":{"footnotes":""},"categories":[969,4],"tags":[4808,4807,262,5390,337,5428],"class_list":["post-57691","post","type-post","status-publish","format-standard","has-post-thumbnail","hentry","category-acontece-no-turismo","category-operadoras","tag-karisma-hotels-resorts","tag-margaritaville","tag-orinter","tag-orinter-club","tag-orinter-tour-travel","tag-rede-karisma"],"yoast_head":"<!-- This site is optimized with the Yoast SEO plugin v26.2 - https:\/\/yoast.com\/wordpress\/plugins\/seo\/ -->\n<title>Orinter e Rede Karisma promovem Megafam para o Caribe - Travel3<\/title>\n<meta name=\"description\" content=\"Orinter e Rede Karisma promovem Megafam para o Caribe; Em parceria, operadora e rede hoteleira embarcam 40 agentes de viagem para o destino\" \/>\n<meta name=\"robots\" content=\"index, follow, max-snippet:-1, max-image-preview:large, max-video-preview:-1\" \/>\n<link rel=\"canonical\" href=\"https:\/\/www.travel3.com.br\/site\/acontece-no-turismo\/operadoras\/orinter-e-rede-karisma-promovem-megafam-para-o-caribe\/\" \/>\n<meta property=\"og:locale\" content=\"pt_BR\" \/>\n<meta property=\"og:type\" content=\"article\" \/>\n<meta property=\"og:title\" content=\"Orinter e Rede Karisma promovem Megafam para o Caribe - Travel3\" \/>\n<meta property=\"og:description\" content=\"Orinter e Rede Karisma promovem Megafam para o Caribe; Em parceria, operadora e rede hoteleira embarcam 40 agentes de viagem para o destino\" \/>\n<meta property=\"og:url\" content=\"https:\/\/www.travel3.com.br\/site\/acontece-no-turismo\/operadoras\/orinter-e-rede-karisma-promovem-megafam-para-o-caribe\/\" \/>\n<meta property=\"og:site_name\" content=\"Travel3\" \/>\n<meta property=\"article:publisher\" content=\"https:\/\/www.facebook.com\/travel3media\/\" \/>\n<meta property=\"article:published_time\" content=\"2023-03-13T14:37:44+00:00\" \/>\n<meta property=\"article:modified_time\" content=\"2023-03-13T14:37:50+00:00\" \/>\n<meta property=\"og:image\" content=\"https:\/\/www.travel3.com.br\/site\/wp-content\/uploads\/2023\/03\/Megafam-Orinter_Easy-Resize.com_.jpg\" \/>\n\t<meta property=\"og:image:width\" content=\"1280\" \/>\n\t<meta property=\"og:image:height\" content=\"960\" \/>\n\t<meta property=\"og:image:type\" content=\"image\/jpeg\" \/>\n<meta name=\"author\" content=\"Reda\u00e7\u00e3o Travel3\" \/>\n<meta name=\"twitter:card\" content=\"summary_large_image\" \/>\n<meta name=\"twitter:label1\" content=\"Escrito por\" \/>\n\t<meta name=\"twitter:data1\" content=\"Reda\u00e7\u00e3o Travel3\" \/>\n\t<meta name=\"twitter:label2\" content=\"Est. tempo de leitura\" \/>\n\t<meta name=\"twitter:data2\" content=\"2 minutos\" \/>\n<script type=\"application\/ld+json\" class=\"yoast-schema-graph\">{\"@context\":\"https:\/\/schema.org\",\"@graph\":[{\"@type\":\"Article\",\"@id\":\"https:\/\/www.travel3.com.br\/site\/acontece-no-turismo\/operadoras\/orinter-e-rede-karisma-promovem-megafam-para-o-caribe\/#article\",\"isPartOf\":{\"@id\":\"https:\/\/www.travel3.com.br\/site\/acontece-no-turismo\/operadoras\/orinter-e-rede-karisma-promovem-megafam-para-o-caribe\/\"},\"author\":{\"name\":\"Reda\u00e7\u00e3o Travel3\",\"@id\":\"https:\/\/www.travel3.com.br\/site\/#\/schema\/person\/89251b0320bc67697de92249f97f3fdb\"},\"headline\":\"Orinter e Rede Karisma promovem Megafam para o Caribe\",\"datePublished\":\"2023-03-13T14:37:44+00:00\",\"dateModified\":\"2023-03-13T14:37:50+00:00\",\"mainEntityOfPage\":{\"@id\":\"https:\/\/www.travel3.com.br\/site\/acontece-no-turismo\/operadoras\/orinter-e-rede-karisma-promovem-megafam-para-o-caribe\/\"},\"wordCount\":209,\"commentCount\":0,\"publisher\":{\"@id\":\"https:\/\/www.travel3.com.br\/site\/#organization\"},\"image\":{\"@id\":\"https:\/\/www.travel3.com.br\/site\/acontece-no-turismo\/operadoras\/orinter-e-rede-karisma-promovem-megafam-para-o-caribe\/#primaryimage\"},\"thumbnailUrl\":\"https:\/\/www.travel3.com.br\/site\/wp-content\/uploads\/2023\/03\/Megafam-Orinter_Easy-Resize.com_.jpg\",\"keywords\":[\"Karisma Hotels &amp; Resorts\",\"Margaritaville\",\"Orinter\",\"Orinter Club\",\"Orinter Tour &amp; Travel\",\"Rede Karisma\"],\"articleSection\":[\"Acontece no Turismo\",\"Operadoras\"],\"inLanguage\":\"pt-BR\",\"potentialAction\":[{\"@type\":\"CommentAction\",\"name\":\"Comment\",\"target\":[\"https:\/\/www.travel3.com.br\/site\/acontece-no-turismo\/operadoras\/orinter-e-rede-karisma-promovem-megafam-para-o-caribe\/#respond\"]}]},{\"@type\":\"WebPage\",\"@id\":\"https:\/\/www.travel3.com.br\/site\/acontece-no-turismo\/operadoras\/orinter-e-rede-karisma-promovem-megafam-para-o-caribe\/\",\"url\":\"https:\/\/www.travel3.com.br\/site\/acontece-no-turismo\/operadoras\/orinter-e-rede-karisma-promovem-megafam-para-o-caribe\/\",\"name\":\"Orinter e Rede Karisma promovem Megafam para o Caribe - Travel3\",\"isPartOf\":{\"@id\":\"https:\/\/www.travel3.com.br\/site\/#website\"},\"primaryImageOfPage\":{\"@id\":\"https:\/\/www.travel3.com.br\/site\/acontece-no-turismo\/operadoras\/orinter-e-rede-karisma-promovem-megafam-para-o-caribe\/#primaryimage\"},\"image\":{\"@id\":\"https:\/\/www.travel3.com.br\/site\/acontece-no-turismo\/operadoras\/orinter-e-rede-karisma-promovem-megafam-para-o-caribe\/#primaryimage\"},\"thumbnailUrl\":\"https:\/\/www.travel3.com.br\/site\/wp-content\/uploads\/2023\/03\/Megafam-Orinter_Easy-Resize.com_.jpg\",\"datePublished\":\"2023-03-13T14:37:44+00:00\",\"dateModified\":\"2023-03-13T14:37:50+00:00\",\"description\":\"Orinter e Rede Karisma promovem Megafam para o Caribe; Em parceria, operadora e rede hoteleira embarcam 40 agentes de viagem para o destino\",\"breadcrumb\":{\"@id\":\"https:\/\/www.travel3.com.br\/site\/acontece-no-turismo\/operadoras\/orinter-e-rede-karisma-promovem-megafam-para-o-caribe\/#breadcrumb\"},\"inLanguage\":\"pt-BR\",\"potentialAction\":[{\"@type\":\"ReadAction\",\"target\":[\"https:\/\/www.travel3.com.br\/site\/acontece-no-turismo\/operadoras\/orinter-e-rede-karisma-promovem-megafam-para-o-caribe\/\"]}]},{\"@type\":\"ImageObject\",\"inLanguage\":\"pt-BR\",\"@id\":\"https:\/\/www.travel3.com.br\/site\/acontece-no-turismo\/operadoras\/orinter-e-rede-karisma-promovem-megafam-para-o-caribe\/#primaryimage\",\"url\":\"https:\/\/www.travel3.com.br\/site\/wp-content\/uploads\/2023\/03\/Megafam-Orinter_Easy-Resize.com_.jpg\",\"contentUrl\":\"https:\/\/www.travel3.com.br\/site\/wp-content\/uploads\/2023\/03\/Megafam-Orinter_Easy-Resize.com_.jpg\",\"width\":1280,\"height\":960,\"caption\":\"Parte do grupo de agentes convidados, no cenote Rio Secreto, na Riviera Maya (Foto: Divulga\u00e7\u00e3o)\"},{\"@type\":\"BreadcrumbList\",\"@id\":\"https:\/\/www.travel3.com.br\/site\/acontece-no-turismo\/operadoras\/orinter-e-rede-karisma-promovem-megafam-para-o-caribe\/#breadcrumb\",\"itemListElement\":[{\"@type\":\"ListItem\",\"position\":1,\"name\":\"In\u00edcio\",\"item\":\"https:\/\/www.travel3.com.br\/site\/\"},{\"@type\":\"ListItem\",\"position\":2,\"name\":\"Orinter e Rede Karisma promovem Megafam para o Caribe\"}]},{\"@type\":\"WebSite\",\"@id\":\"https:\/\/www.travel3.com.br\/site\/#website\",\"url\":\"https:\/\/www.travel3.com.br\/site\/\",\"name\":\"Travel3\",\"description\":\"Lazer + Neg&oacute;cios + Aventura\",\"publisher\":{\"@id\":\"https:\/\/www.travel3.com.br\/site\/#organization\"},\"potentialAction\":[{\"@type\":\"SearchAction\",\"target\":{\"@type\":\"EntryPoint\",\"urlTemplate\":\"https:\/\/www.travel3.com.br\/site\/?s={search_term_string}\"},\"query-input\":{\"@type\":\"PropertyValueSpecification\",\"valueRequired\":true,\"valueName\":\"search_term_string\"}}],\"inLanguage\":\"pt-BR\"},{\"@type\":\"Organization\",\"@id\":\"https:\/\/www.travel3.com.br\/site\/#organization\",\"name\":\"Travel3\",\"url\":\"https:\/\/www.travel3.com.br\/site\/\",\"logo\":{\"@type\":\"ImageObject\",\"inLanguage\":\"pt-BR\",\"@id\":\"https:\/\/www.travel3.com.br\/site\/#\/schema\/logo\/image\/\",\"url\":\"https:\/\/www.travel3.com.br\/site\/wp-content\/uploads\/2020\/01\/logo-travel3-2020.png\",\"contentUrl\":\"https:\/\/www.travel3.com.br\/site\/wp-content\/uploads\/2020\/01\/logo-travel3-2020.png\",\"width\":232,\"height\":79,\"caption\":\"Travel3\"},\"image\":{\"@id\":\"https:\/\/www.travel3.com.br\/site\/#\/schema\/logo\/image\/\"},\"sameAs\":[\"https:\/\/www.facebook.com\/travel3media\/\",\"https:\/\/www.instagram.com\/revistatravel3\/\",\"https:\/\/www.youtube.com\/channel\/UCno7J4paGBR3VbZQzvoJ9Eg\"]},{\"@type\":\"Person\",\"@id\":\"https:\/\/www.travel3.com.br\/site\/#\/schema\/person\/89251b0320bc67697de92249f97f3fdb\",\"name\":\"Reda\u00e7\u00e3o Travel3\",\"image\":{\"@type\":\"ImageObject\",\"inLanguage\":\"pt-BR\",\"@id\":\"https:\/\/www.travel3.com.br\/site\/#\/schema\/person\/image\/\",\"url\":\"https:\/\/secure.gravatar.com\/avatar\/85a5ec2ad99b1932f671ebf50c117db6?s=96&d=mm&r=g\",\"contentUrl\":\"https:\/\/secure.gravatar.com\/avatar\/85a5ec2ad99b1932f671ebf50c117db6?s=96&d=mm&r=g\",\"caption\":\"Reda\u00e7\u00e3o Travel3\"},\"sameAs\":[\"http:\/\/www.travel3.com.br\/\"],\"url\":\"https:\/\/www.travel3.com.br\/site\/author\/redacao\/\"}]}<\/script>\n<!-- \/ Yoast SEO plugin. -->","yoast_head_json":{"title":"Orinter e Rede Karisma promovem Megafam para o Caribe - Travel3","description":"Orinter e Rede Karisma promovem Megafam para o Caribe; Em parceria, operadora e rede hoteleira embarcam 40 agentes de viagem para o destino","robots":{"index":"index","follow":"follow","max-snippet":"max-snippet:-1","max-image-preview":"max-image-preview:large","max-video-preview":"max-video-preview:-1"},"canonical":"https:\/\/www.travel3.com.br\/site\/acontece-no-turismo\/operadoras\/orinter-e-rede-karisma-promovem-megafam-para-o-caribe\/","og_locale":"pt_BR","og_type":"article","og_title":"Orinter e Rede Karisma promovem Megafam para o Caribe - Travel3","og_description":"Orinter e Rede Karisma promovem Megafam para o Caribe; Em parceria, operadora e rede hoteleira embarcam 40 agentes de viagem para o destino","og_url":"https:\/\/www.travel3.com.br\/site\/acontece-no-turismo\/operadoras\/orinter-e-rede-karisma-promovem-megafam-para-o-caribe\/","og_site_name":"Travel3","article_publisher":"https:\/\/www.facebook.com\/travel3media\/","article_published_time":"2023-03-13T14:37:44+00:00","article_modified_time":"2023-03-13T14:37:50+00:00","og_image":[{"width":1280,"height":960,"url":"https:\/\/www.travel3.com.br\/site\/wp-content\/uploads\/2023\/03\/Megafam-Orinter_Easy-Resize.com_.jpg","type":"image\/jpeg"}],"author":"Reda\u00e7\u00e3o Travel3","twitter_card":"summary_large_image","twitter_misc":{"Escrito por":"Reda\u00e7\u00e3o Travel3","Est. tempo de leitura":"2 minutos"},"schema":{"@context":"https:\/\/schema.org","@graph":[{"@type":"Article","@id":"https:\/\/www.travel3.com.br\/site\/acontece-no-turismo\/operadoras\/orinter-e-rede-karisma-promovem-megafam-para-o-caribe\/#article","isPartOf":{"@id":"https:\/\/www.travel3.com.br\/site\/acontece-no-turismo\/operadoras\/orinter-e-rede-karisma-promovem-megafam-para-o-caribe\/"},"author":{"name":"Reda\u00e7\u00e3o Travel3","@id":"https:\/\/www.travel3.com.br\/site\/#\/schema\/person\/89251b0320bc67697de92249f97f3fdb"},"headline":"Orinter e Rede Karisma promovem Megafam para o Caribe","datePublished":"2023-03-13T14:37:44+00:00","dateModified":"2023-03-13T14:37:50+00:00","mainEntityOfPage":{"@id":"https:\/\/www.travel3.com.br\/site\/acontece-no-turismo\/operadoras\/orinter-e-rede-karisma-promovem-megafam-para-o-caribe\/"},"wordCount":209,"commentCount":0,"publisher":{"@id":"https:\/\/www.travel3.com.br\/site\/#organization"},"image":{"@id":"https:\/\/www.travel3.com.br\/site\/acontece-no-turismo\/operadoras\/orinter-e-rede-karisma-promovem-megafam-para-o-caribe\/#primaryimage"},"thumbnailUrl":"https:\/\/www.travel3.com.br\/site\/wp-content\/uploads\/2023\/03\/Megafam-Orinter_Easy-Resize.com_.jpg","keywords":["Karisma Hotels &amp; Resorts","Margaritaville","Orinter","Orinter Club","Orinter Tour &amp; Travel","Rede Karisma"],"articleSection":["Acontece no Turismo","Operadoras"],"inLanguage":"pt-BR","potentialAction":[{"@type":"CommentAction","name":"Comment","target":["https:\/\/www.travel3.com.br\/site\/acontece-no-turismo\/operadoras\/orinter-e-rede-karisma-promovem-megafam-para-o-caribe\/#respond"]}]},{"@type":"WebPage","@id":"https:\/\/www.travel3.com.br\/site\/acontece-no-turismo\/operadoras\/orinter-e-rede-karisma-promovem-megafam-para-o-caribe\/","url":"https:\/\/www.travel3.com.br\/site\/acontece-no-turismo\/operadoras\/orinter-e-rede-karisma-promovem-megafam-para-o-caribe\/","name":"Orinter e Rede Karisma promovem Megafam para o Caribe - Travel3","isPartOf":{"@id":"https:\/\/www.travel3.com.br\/site\/#website"},"primaryImageOfPage":{"@id":"https:\/\/www.travel3.com.br\/site\/acontece-no-turismo\/operadoras\/orinter-e-rede-karisma-promovem-megafam-para-o-caribe\/#primaryimage"},"image":{"@id":"https:\/\/www.travel3.com.br\/site\/acontece-no-turismo\/operadoras\/orinter-e-rede-karisma-promovem-megafam-para-o-caribe\/#primaryimage"},"thumbnailUrl":"https:\/\/www.travel3.com.br\/site\/wp-content\/uploads\/2023\/03\/Megafam-Orinter_Easy-Resize.com_.jpg","datePublished":"2023-03-13T14:37:44+00:00","dateModified":"2023-03-13T14:37:50+00:00","description":"Orinter e Rede Karisma promovem Megafam para o Caribe; Em parceria, operadora e rede hoteleira embarcam 40 agentes de viagem para o destino","breadcrumb":{"@id":"https:\/\/www.travel3.com.br\/site\/acontece-no-turismo\/operadoras\/orinter-e-rede-karisma-promovem-megafam-para-o-caribe\/#breadcrumb"},"inLanguage":"pt-BR","potentialAction":[{"@type":"ReadAction","target":["https:\/\/www.travel3.com.br\/site\/acontece-no-turismo\/operadoras\/orinter-e-rede-karisma-promovem-megafam-para-o-caribe\/"]}]},{"@type":"ImageObject","inLanguage":"pt-BR","@id":"https:\/\/www.travel3.com.br\/site\/acontece-no-turismo\/operadoras\/orinter-e-rede-karisma-promovem-megafam-para-o-caribe\/#primaryimage","url":"https:\/\/www.travel3.com.br\/site\/wp-content\/uploads\/2023\/03\/Megafam-Orinter_Easy-Resize.com_.jpg","contentUrl":"https:\/\/www.travel3.com.br\/site\/wp-content\/uploads\/2023\/03\/Megafam-Orinter_Easy-Resize.com_.jpg","width":1280,"height":960,"caption":"Parte do grupo de agentes convidados, no cenote Rio Secreto, na Riviera Maya (Foto: Divulga\u00e7\u00e3o)"},{"@type":"BreadcrumbList","@id":"https:\/\/www.travel3.com.br\/site\/acontece-no-turismo\/operadoras\/orinter-e-rede-karisma-promovem-megafam-para-o-caribe\/#breadcrumb","itemListElement":[{"@type":"ListItem","position":1,"name":"In\u00edcio","item":"https:\/\/www.travel3.com.br\/site\/"},{"@type":"ListItem","position":2,"name":"Orinter e Rede Karisma promovem Megafam para o Caribe"}]},{"@type":"WebSite","@id":"https:\/\/www.travel3.com.br\/site\/#website","url":"https:\/\/www.travel3.com.br\/site\/","name":"Travel3","description":"Lazer + Neg&oacute;cios + Aventura","publisher":{"@id":"https:\/\/www.travel3.com.br\/site\/#organization"},"potentialAction":[{"@type":"SearchAction","target":{"@type":"EntryPoint","urlTemplate":"https:\/\/www.travel3.com.br\/site\/?s={search_term_string}"},"query-input":{"@type":"PropertyValueSpecification","valueRequired":true,"valueName":"search_term_string"}}],"inLanguage":"pt-BR"},{"@type":"Organization","@id":"https:\/\/www.travel3.com.br\/site\/#organization","name":"Travel3","url":"https:\/\/www.travel3.com.br\/site\/","logo":{"@type":"ImageObject","inLanguage":"pt-BR","@id":"https:\/\/www.travel3.com.br\/site\/#\/schema\/logo\/image\/","url":"https:\/\/www.travel3.com.br\/site\/wp-content\/uploads\/2020\/01\/logo-travel3-2020.png","contentUrl":"https:\/\/www.travel3.com.br\/site\/wp-content\/uploads\/2020\/01\/logo-travel3-2020.png","width":232,"height":79,"caption":"Travel3"},"image":{"@id":"https:\/\/www.travel3.com.br\/site\/#\/schema\/logo\/image\/"},"sameAs":["https:\/\/www.facebook.com\/travel3media\/","https:\/\/www.instagram.com\/revistatravel3\/","https:\/\/www.youtube.com\/channel\/UCno7J4paGBR3VbZQzvoJ9Eg"]},{"@type":"Person","@id":"https:\/\/www.travel3.com.br\/site\/#\/schema\/person\/89251b0320bc67697de92249f97f3fdb","name":"Reda\u00e7\u00e3o Travel3","image":{"@type":"ImageObject","inLanguage":"pt-BR","@id":"https:\/\/www.travel3.com.br\/site\/#\/schema\/person\/image\/","url":"https:\/\/secure.gravatar.com\/avatar\/85a5ec2ad99b1932f671ebf50c117db6?s=96&d=mm&r=g","contentUrl":"https:\/\/secure.gravatar.com\/avatar\/85a5ec2ad99b1932f671ebf50c117db6?s=96&d=mm&r=g","caption":"Reda\u00e7\u00e3o Travel3"},"sameAs":["http:\/\/www.travel3.com.br\/"],"url":"https:\/\/www.travel3.com.br\/site\/author\/redacao\/"}]}},"_links":{"self":[{"href":"https:\/\/www.travel3.com.br\/site\/wp-json\/wp\/v2\/posts\/57691","targetHints":{"allow":["GET"]}}],"collection":[{"href":"https:\/\/www.travel3.com.br\/site\/wp-json\/wp\/v2\/posts"}],"about":[{"href":"https:\/\/www.travel3.com.br\/site\/wp-json\/wp\/v2\/types\/post"}],"author":[{"embeddable":true,"href":"https:\/\/www.travel3.com.br\/site\/wp-json\/wp\/v2\/users\/5"}],"replies":[{"embeddable":true,"href":"https:\/\/www.travel3.com.br\/site\/wp-json\/wp\/v2\/comments?post=57691"}],"version-history":[{"count":7,"href":"https:\/\/www.travel3.com.br\/site\/wp-json\/wp\/v2\/posts\/57691\/revisions"}],"predecessor-version":[{"id":57704,"href":"https:\/\/www.travel3.com.br\/site\/wp-json\/wp\/v2\/posts\/57691\/revisions\/57704"}],"wp:featuredmedia":[{"embeddable":true,"href":"https:\/\/www.travel3.com.br\/site\/wp-json\/wp\/v2\/media\/57692"}],"wp:attachment":[{"href":"https:\/\/www.travel3.com.br\/site\/wp-json\/wp\/v2\/media?parent=57691"}],"wp:term":[{"taxonomy":"category","embeddable":true,"href":"https:\/\/www.travel3.com.br\/site\/wp-json\/wp\/v2\/categories?post=57691"},{"taxonomy":"post_tag","embeddable":true,"href":"https:\/\/www.travel3.com.br\/site\/wp-json\/wp\/v2\/tags?post=57691"}],"curies":[{"name":"wp","href":"https:\/\/api.w.org\/{rel}","templated":true}]}}