{"id":57674,"date":"2023-03-14T13:01:00","date_gmt":"2023-03-14T16:01:00","guid":{"rendered":"https:\/\/www.travel3.com.br\/?p=57674"},"modified":"2023-03-14T13:01:06","modified_gmt":"2023-03-14T16:01:06","slug":"prepare-se-para-embarcar-no-tour-da-madonna","status":"publish","type":"post","link":"https:\/\/www.travel3.com.br\/site\/acontece-no-turismo\/eventos-e-feiras\/prepare-se-para-embarcar-no-tour-da-madonna\/","title":{"rendered":"Prepare-se para embarcar no Tour da Madonna"},"content":{"rendered":"\n<iframe loading=\"lazy\" width=\"100%\" height=\"300\" scrolling=\"no\" frameborder=\"no\" allow=\"autoplay\" src=\"https:\/\/w.soundcloud.com\/player\/?url=https%3A\/\/api.soundcloud.com\/tracks\/1430500147&amp;color=%23ff5500&amp;auto_play=false&amp;hide_related=false&amp;show_comments=true&amp;show_user=true&amp;show_reposts=false&amp;show_teaser=true&amp;visual=true\"><\/iframe><div style=\"font-size: 10px; color: #cccccc;line-break: anywhere;word-break: normal;overflow: hidden;white-space: nowrap;text-overflow: ellipsis; font-family: Interstate,Lucida Grande,Lucida Sans Unicode,Lucida Sans,Garuda,Verdana,Tahoma,sans-serif;font-weight: 100;\"><a href=\"https:\/\/soundcloud.com\/radiobandnewsbh\" title=\"R\u00e1dio BandNews BH\" target=\"_blank\" style=\"color: #cccccc; text-decoration: none;\" rel=\"noopener\">R\u00e1dio BandNews BH<\/a> \u00b7 <a href=\"https:\/\/soundcloud.com\/radiobandnewsbh\/turne-madonna-abertura-230123\" title=\"Turn\u00ea Madonna: Abertura - 23\/01\/23\" target=\"_blank\" style=\"color: #cccccc; text-decoration: none;\" rel=\"noopener\">Turn\u00ea Madonna: Abertura &#8211; 23\/01\/23<\/a><\/div>\n","protected":false},"excerpt":{"rendered":"<p>R\u00e1dio BandNews BH \u00b7 Turn\u00ea Madonna: Abertura &#8211; 23\/01\/23<\/p>\n","protected":false},"author":4,"featured_media":57676,"comment_status":"open","ping_status":"open","sticky":false,"template":"","format":"standard","meta":{"footnotes":""},"categories":[884,7,5],"tags":[],"class_list":["post-57674","post","type-post","status-publish","format-standard","has-post-thumbnail","hentry","category-comece-a-viajar","category-dicas","category-eventos-e-feiras"],"yoast_head":"<!-- This site is optimized with the Yoast SEO plugin v26.2 - https:\/\/yoast.com\/wordpress\/plugins\/seo\/ -->\n<title>Prepare-se para embarcar no Tour da Madonna - Travel3<\/title>\n<meta name=\"description\" content=\"A TRAVEL3 \u00e9 um portal de conte\u00fado voltado para o turismo, encontre destinos, viagens, hospedagem, passagens, guias, not\u00edcias sobre o mercado do turismo, dicas de viagem, v\u00eddeos e podcast.\" \/>\n<meta name=\"robots\" content=\"index, follow, max-snippet:-1, max-image-preview:large, max-video-preview:-1\" \/>\n<link rel=\"canonical\" href=\"https:\/\/www.travel3.com.br\/site\/acontece-no-turismo\/eventos-e-feiras\/prepare-se-para-embarcar-no-tour-da-madonna\/\" \/>\n<meta property=\"og:locale\" content=\"pt_BR\" \/>\n<meta property=\"og:type\" content=\"article\" \/>\n<meta property=\"og:title\" content=\"Prepare-se para embarcar no Tour da Madonna - Travel3\" \/>\n<meta property=\"og:description\" content=\"A TRAVEL3 \u00e9 um portal de conte\u00fado voltado para o turismo, encontre destinos, viagens, hospedagem, passagens, guias, not\u00edcias sobre o mercado do turismo, dicas de viagem, v\u00eddeos e podcast.\" \/>\n<meta property=\"og:url\" content=\"https:\/\/www.travel3.com.br\/site\/acontece-no-turismo\/eventos-e-feiras\/prepare-se-para-embarcar-no-tour-da-madonna\/\" \/>\n<meta property=\"og:site_name\" content=\"Travel3\" \/>\n<meta property=\"article:publisher\" content=\"https:\/\/www.facebook.com\/travel3media\/\" \/>\n<meta property=\"article:published_time\" content=\"2023-03-14T16:01:00+00:00\" \/>\n<meta property=\"article:modified_time\" content=\"2023-03-14T16:01:06+00:00\" \/>\n<meta property=\"og:image\" content=\"https:\/\/www.travel3.com.br\/site\/wp-content\/uploads\/2023\/03\/microphone-2574511_1920.jpg\" \/>\n\t<meta property=\"og:image:width\" content=\"1920\" \/>\n\t<meta property=\"og:image:height\" content=\"1314\" \/>\n\t<meta property=\"og:image:type\" content=\"image\/jpeg\" \/>\n<meta name=\"author\" content=\"Claudia Tonaco\" \/>\n<meta name=\"twitter:card\" content=\"summary_large_image\" \/>\n<meta name=\"twitter:label1\" content=\"Escrito por\" \/>\n\t<meta name=\"twitter:data1\" content=\"Claudia Tonaco\" \/>\n\t<meta name=\"twitter:label2\" content=\"Est. tempo de leitura\" \/>\n\t<meta name=\"twitter:data2\" content=\"1 minuto\" \/>\n<script type=\"application\/ld+json\" class=\"yoast-schema-graph\">{\"@context\":\"https:\/\/schema.org\",\"@graph\":[{\"@type\":\"Article\",\"@id\":\"https:\/\/www.travel3.com.br\/site\/acontece-no-turismo\/eventos-e-feiras\/prepare-se-para-embarcar-no-tour-da-madonna\/#article\",\"isPartOf\":{\"@id\":\"https:\/\/www.travel3.com.br\/site\/acontece-no-turismo\/eventos-e-feiras\/prepare-se-para-embarcar-no-tour-da-madonna\/\"},\"author\":{\"name\":\"Claudia Tonaco\",\"@id\":\"https:\/\/www.travel3.com.br\/site\/#\/schema\/person\/ad24a6ccba88dcd54877f3d2fb76c605\"},\"headline\":\"Prepare-se para embarcar no Tour da Madonna\",\"datePublished\":\"2023-03-14T16:01:00+00:00\",\"dateModified\":\"2023-03-14T16:01:06+00:00\",\"mainEntityOfPage\":{\"@id\":\"https:\/\/www.travel3.com.br\/site\/acontece-no-turismo\/eventos-e-feiras\/prepare-se-para-embarcar-no-tour-da-madonna\/\"},\"wordCount\":15,\"commentCount\":0,\"publisher\":{\"@id\":\"https:\/\/www.travel3.com.br\/site\/#organization\"},\"image\":{\"@id\":\"https:\/\/www.travel3.com.br\/site\/acontece-no-turismo\/eventos-e-feiras\/prepare-se-para-embarcar-no-tour-da-madonna\/#primaryimage\"},\"thumbnailUrl\":\"https:\/\/www.travel3.com.br\/site\/wp-content\/uploads\/2023\/03\/microphone-2574511_1920.jpg\",\"articleSection\":[\"Comece a Viajar\",\"Dicas\",\"Eventos e Feiras\"],\"inLanguage\":\"pt-BR\",\"potentialAction\":[{\"@type\":\"CommentAction\",\"name\":\"Comment\",\"target\":[\"https:\/\/www.travel3.com.br\/site\/acontece-no-turismo\/eventos-e-feiras\/prepare-se-para-embarcar-no-tour-da-madonna\/#respond\"]}]},{\"@type\":\"WebPage\",\"@id\":\"https:\/\/www.travel3.com.br\/site\/acontece-no-turismo\/eventos-e-feiras\/prepare-se-para-embarcar-no-tour-da-madonna\/\",\"url\":\"https:\/\/www.travel3.com.br\/site\/acontece-no-turismo\/eventos-e-feiras\/prepare-se-para-embarcar-no-tour-da-madonna\/\",\"name\":\"Prepare-se para embarcar no Tour da Madonna - Travel3\",\"isPartOf\":{\"@id\":\"https:\/\/www.travel3.com.br\/site\/#website\"},\"primaryImageOfPage\":{\"@id\":\"https:\/\/www.travel3.com.br\/site\/acontece-no-turismo\/eventos-e-feiras\/prepare-se-para-embarcar-no-tour-da-madonna\/#primaryimage\"},\"image\":{\"@id\":\"https:\/\/www.travel3.com.br\/site\/acontece-no-turismo\/eventos-e-feiras\/prepare-se-para-embarcar-no-tour-da-madonna\/#primaryimage\"},\"thumbnailUrl\":\"https:\/\/www.travel3.com.br\/site\/wp-content\/uploads\/2023\/03\/microphone-2574511_1920.jpg\",\"datePublished\":\"2023-03-14T16:01:00+00:00\",\"dateModified\":\"2023-03-14T16:01:06+00:00\",\"description\":\"A TRAVEL3 \u00e9 um portal de conte\u00fado voltado para o turismo, encontre destinos, viagens, hospedagem, passagens, guias, not\u00edcias sobre o mercado do turismo, dicas de viagem, v\u00eddeos e podcast.\",\"breadcrumb\":{\"@id\":\"https:\/\/www.travel3.com.br\/site\/acontece-no-turismo\/eventos-e-feiras\/prepare-se-para-embarcar-no-tour-da-madonna\/#breadcrumb\"},\"inLanguage\":\"pt-BR\",\"potentialAction\":[{\"@type\":\"ReadAction\",\"target\":[\"https:\/\/www.travel3.com.br\/site\/acontece-no-turismo\/eventos-e-feiras\/prepare-se-para-embarcar-no-tour-da-madonna\/\"]}]},{\"@type\":\"ImageObject\",\"inLanguage\":\"pt-BR\",\"@id\":\"https:\/\/www.travel3.com.br\/site\/acontece-no-turismo\/eventos-e-feiras\/prepare-se-para-embarcar-no-tour-da-madonna\/#primaryimage\",\"url\":\"https:\/\/www.travel3.com.br\/site\/wp-content\/uploads\/2023\/03\/microphone-2574511_1920.jpg\",\"contentUrl\":\"https:\/\/www.travel3.com.br\/site\/wp-content\/uploads\/2023\/03\/microphone-2574511_1920.jpg\",\"width\":1920,\"height\":1314,\"caption\":\"(Foto: Divulga\u00e7\u00e3o)\"},{\"@type\":\"BreadcrumbList\",\"@id\":\"https:\/\/www.travel3.com.br\/site\/acontece-no-turismo\/eventos-e-feiras\/prepare-se-para-embarcar-no-tour-da-madonna\/#breadcrumb\",\"itemListElement\":[{\"@type\":\"ListItem\",\"position\":1,\"name\":\"In\u00edcio\",\"item\":\"https:\/\/www.travel3.com.br\/site\/\"},{\"@type\":\"ListItem\",\"position\":2,\"name\":\"Prepare-se para embarcar no Tour da Madonna\"}]},{\"@type\":\"WebSite\",\"@id\":\"https:\/\/www.travel3.com.br\/site\/#website\",\"url\":\"https:\/\/www.travel3.com.br\/site\/\",\"name\":\"Travel3\",\"description\":\"Lazer + Neg&oacute;cios + Aventura\",\"publisher\":{\"@id\":\"https:\/\/www.travel3.com.br\/site\/#organization\"},\"potentialAction\":[{\"@type\":\"SearchAction\",\"target\":{\"@type\":\"EntryPoint\",\"urlTemplate\":\"https:\/\/www.travel3.com.br\/site\/?s={search_term_string}\"},\"query-input\":{\"@type\":\"PropertyValueSpecification\",\"valueRequired\":true,\"valueName\":\"search_term_string\"}}],\"inLanguage\":\"pt-BR\"},{\"@type\":\"Organization\",\"@id\":\"https:\/\/www.travel3.com.br\/site\/#organization\",\"name\":\"Travel3\",\"url\":\"https:\/\/www.travel3.com.br\/site\/\",\"logo\":{\"@type\":\"ImageObject\",\"inLanguage\":\"pt-BR\",\"@id\":\"https:\/\/www.travel3.com.br\/site\/#\/schema\/logo\/image\/\",\"url\":\"https:\/\/www.travel3.com.br\/site\/wp-content\/uploads\/2020\/01\/logo-travel3-2020.png\",\"contentUrl\":\"https:\/\/www.travel3.com.br\/site\/wp-content\/uploads\/2020\/01\/logo-travel3-2020.png\",\"width\":232,\"height\":79,\"caption\":\"Travel3\"},\"image\":{\"@id\":\"https:\/\/www.travel3.com.br\/site\/#\/schema\/logo\/image\/\"},\"sameAs\":[\"https:\/\/www.facebook.com\/travel3media\/\",\"https:\/\/www.instagram.com\/revistatravel3\/\",\"https:\/\/www.youtube.com\/channel\/UCno7J4paGBR3VbZQzvoJ9Eg\"]},{\"@type\":\"Person\",\"@id\":\"https:\/\/www.travel3.com.br\/site\/#\/schema\/person\/ad24a6ccba88dcd54877f3d2fb76c605\",\"name\":\"Claudia Tonaco\",\"image\":{\"@type\":\"ImageObject\",\"inLanguage\":\"pt-BR\",\"@id\":\"https:\/\/www.travel3.com.br\/site\/#\/schema\/person\/image\/\",\"url\":\"https:\/\/secure.gravatar.com\/avatar\/7c64bb31135bb8c28f49658a042f8b8a?s=96&d=mm&r=g\",\"contentUrl\":\"https:\/\/secure.gravatar.com\/avatar\/7c64bb31135bb8c28f49658a042f8b8a?s=96&d=mm&r=g\",\"caption\":\"Claudia Tonaco\"},\"sameAs\":[\"http:\/\/www.travel3.com.br\"],\"url\":\"https:\/\/www.travel3.com.br\/site\/author\/tonaco\/\"}]}<\/script>\n<!-- \/ Yoast SEO plugin. -->","yoast_head_json":{"title":"Prepare-se para embarcar no Tour da Madonna - Travel3","description":"A TRAVEL3 \u00e9 um portal de conte\u00fado voltado para o turismo, encontre destinos, viagens, hospedagem, passagens, guias, not\u00edcias sobre o mercado do turismo, dicas de viagem, v\u00eddeos e podcast.","robots":{"index":"index","follow":"follow","max-snippet":"max-snippet:-1","max-image-preview":"max-image-preview:large","max-video-preview":"max-video-preview:-1"},"canonical":"https:\/\/www.travel3.com.br\/site\/acontece-no-turismo\/eventos-e-feiras\/prepare-se-para-embarcar-no-tour-da-madonna\/","og_locale":"pt_BR","og_type":"article","og_title":"Prepare-se para embarcar no Tour da Madonna - Travel3","og_description":"A TRAVEL3 \u00e9 um portal de conte\u00fado voltado para o turismo, encontre destinos, viagens, hospedagem, passagens, guias, not\u00edcias sobre o mercado do turismo, dicas de viagem, v\u00eddeos e podcast.","og_url":"https:\/\/www.travel3.com.br\/site\/acontece-no-turismo\/eventos-e-feiras\/prepare-se-para-embarcar-no-tour-da-madonna\/","og_site_name":"Travel3","article_publisher":"https:\/\/www.facebook.com\/travel3media\/","article_published_time":"2023-03-14T16:01:00+00:00","article_modified_time":"2023-03-14T16:01:06+00:00","og_image":[{"width":1920,"height":1314,"url":"https:\/\/www.travel3.com.br\/site\/wp-content\/uploads\/2023\/03\/microphone-2574511_1920.jpg","type":"image\/jpeg"}],"author":"Claudia Tonaco","twitter_card":"summary_large_image","twitter_misc":{"Escrito por":"Claudia Tonaco","Est. tempo de leitura":"1 minuto"},"schema":{"@context":"https:\/\/schema.org","@graph":[{"@type":"Article","@id":"https:\/\/www.travel3.com.br\/site\/acontece-no-turismo\/eventos-e-feiras\/prepare-se-para-embarcar-no-tour-da-madonna\/#article","isPartOf":{"@id":"https:\/\/www.travel3.com.br\/site\/acontece-no-turismo\/eventos-e-feiras\/prepare-se-para-embarcar-no-tour-da-madonna\/"},"author":{"name":"Claudia Tonaco","@id":"https:\/\/www.travel3.com.br\/site\/#\/schema\/person\/ad24a6ccba88dcd54877f3d2fb76c605"},"headline":"Prepare-se para embarcar no Tour da Madonna","datePublished":"2023-03-14T16:01:00+00:00","dateModified":"2023-03-14T16:01:06+00:00","mainEntityOfPage":{"@id":"https:\/\/www.travel3.com.br\/site\/acontece-no-turismo\/eventos-e-feiras\/prepare-se-para-embarcar-no-tour-da-madonna\/"},"wordCount":15,"commentCount":0,"publisher":{"@id":"https:\/\/www.travel3.com.br\/site\/#organization"},"image":{"@id":"https:\/\/www.travel3.com.br\/site\/acontece-no-turismo\/eventos-e-feiras\/prepare-se-para-embarcar-no-tour-da-madonna\/#primaryimage"},"thumbnailUrl":"https:\/\/www.travel3.com.br\/site\/wp-content\/uploads\/2023\/03\/microphone-2574511_1920.jpg","articleSection":["Comece a Viajar","Dicas","Eventos e Feiras"],"inLanguage":"pt-BR","potentialAction":[{"@type":"CommentAction","name":"Comment","target":["https:\/\/www.travel3.com.br\/site\/acontece-no-turismo\/eventos-e-feiras\/prepare-se-para-embarcar-no-tour-da-madonna\/#respond"]}]},{"@type":"WebPage","@id":"https:\/\/www.travel3.com.br\/site\/acontece-no-turismo\/eventos-e-feiras\/prepare-se-para-embarcar-no-tour-da-madonna\/","url":"https:\/\/www.travel3.com.br\/site\/acontece-no-turismo\/eventos-e-feiras\/prepare-se-para-embarcar-no-tour-da-madonna\/","name":"Prepare-se para embarcar no Tour da Madonna - Travel3","isPartOf":{"@id":"https:\/\/www.travel3.com.br\/site\/#website"},"primaryImageOfPage":{"@id":"https:\/\/www.travel3.com.br\/site\/acontece-no-turismo\/eventos-e-feiras\/prepare-se-para-embarcar-no-tour-da-madonna\/#primaryimage"},"image":{"@id":"https:\/\/www.travel3.com.br\/site\/acontece-no-turismo\/eventos-e-feiras\/prepare-se-para-embarcar-no-tour-da-madonna\/#primaryimage"},"thumbnailUrl":"https:\/\/www.travel3.com.br\/site\/wp-content\/uploads\/2023\/03\/microphone-2574511_1920.jpg","datePublished":"2023-03-14T16:01:00+00:00","dateModified":"2023-03-14T16:01:06+00:00","description":"A TRAVEL3 \u00e9 um portal de conte\u00fado voltado para o turismo, encontre destinos, viagens, hospedagem, passagens, guias, not\u00edcias sobre o mercado do turismo, dicas de viagem, v\u00eddeos e podcast.","breadcrumb":{"@id":"https:\/\/www.travel3.com.br\/site\/acontece-no-turismo\/eventos-e-feiras\/prepare-se-para-embarcar-no-tour-da-madonna\/#breadcrumb"},"inLanguage":"pt-BR","potentialAction":[{"@type":"ReadAction","target":["https:\/\/www.travel3.com.br\/site\/acontece-no-turismo\/eventos-e-feiras\/prepare-se-para-embarcar-no-tour-da-madonna\/"]}]},{"@type":"ImageObject","inLanguage":"pt-BR","@id":"https:\/\/www.travel3.com.br\/site\/acontece-no-turismo\/eventos-e-feiras\/prepare-se-para-embarcar-no-tour-da-madonna\/#primaryimage","url":"https:\/\/www.travel3.com.br\/site\/wp-content\/uploads\/2023\/03\/microphone-2574511_1920.jpg","contentUrl":"https:\/\/www.travel3.com.br\/site\/wp-content\/uploads\/2023\/03\/microphone-2574511_1920.jpg","width":1920,"height":1314,"caption":"(Foto: Divulga\u00e7\u00e3o)"},{"@type":"BreadcrumbList","@id":"https:\/\/www.travel3.com.br\/site\/acontece-no-turismo\/eventos-e-feiras\/prepare-se-para-embarcar-no-tour-da-madonna\/#breadcrumb","itemListElement":[{"@type":"ListItem","position":1,"name":"In\u00edcio","item":"https:\/\/www.travel3.com.br\/site\/"},{"@type":"ListItem","position":2,"name":"Prepare-se para embarcar no Tour da Madonna"}]},{"@type":"WebSite","@id":"https:\/\/www.travel3.com.br\/site\/#website","url":"https:\/\/www.travel3.com.br\/site\/","name":"Travel3","description":"Lazer + Neg&oacute;cios + Aventura","publisher":{"@id":"https:\/\/www.travel3.com.br\/site\/#organization"},"potentialAction":[{"@type":"SearchAction","target":{"@type":"EntryPoint","urlTemplate":"https:\/\/www.travel3.com.br\/site\/?s={search_term_string}"},"query-input":{"@type":"PropertyValueSpecification","valueRequired":true,"valueName":"search_term_string"}}],"inLanguage":"pt-BR"},{"@type":"Organization","@id":"https:\/\/www.travel3.com.br\/site\/#organization","name":"Travel3","url":"https:\/\/www.travel3.com.br\/site\/","logo":{"@type":"ImageObject","inLanguage":"pt-BR","@id":"https:\/\/www.travel3.com.br\/site\/#\/schema\/logo\/image\/","url":"https:\/\/www.travel3.com.br\/site\/wp-content\/uploads\/2020\/01\/logo-travel3-2020.png","contentUrl":"https:\/\/www.travel3.com.br\/site\/wp-content\/uploads\/2020\/01\/logo-travel3-2020.png","width":232,"height":79,"caption":"Travel3"},"image":{"@id":"https:\/\/www.travel3.com.br\/site\/#\/schema\/logo\/image\/"},"sameAs":["https:\/\/www.facebook.com\/travel3media\/","https:\/\/www.instagram.com\/revistatravel3\/","https:\/\/www.youtube.com\/channel\/UCno7J4paGBR3VbZQzvoJ9Eg"]},{"@type":"Person","@id":"https:\/\/www.travel3.com.br\/site\/#\/schema\/person\/ad24a6ccba88dcd54877f3d2fb76c605","name":"Claudia Tonaco","image":{"@type":"ImageObject","inLanguage":"pt-BR","@id":"https:\/\/www.travel3.com.br\/site\/#\/schema\/person\/image\/","url":"https:\/\/secure.gravatar.com\/avatar\/7c64bb31135bb8c28f49658a042f8b8a?s=96&d=mm&r=g","contentUrl":"https:\/\/secure.gravatar.com\/avatar\/7c64bb31135bb8c28f49658a042f8b8a?s=96&d=mm&r=g","caption":"Claudia Tonaco"},"sameAs":["http:\/\/www.travel3.com.br"],"url":"https:\/\/www.travel3.com.br\/site\/author\/tonaco\/"}]}},"_links":{"self":[{"href":"https:\/\/www.travel3.com.br\/site\/wp-json\/wp\/v2\/posts\/57674","targetHints":{"allow":["GET"]}}],"collection":[{"href":"https:\/\/www.travel3.com.br\/site\/wp-json\/wp\/v2\/posts"}],"about":[{"href":"https:\/\/www.travel3.com.br\/site\/wp-json\/wp\/v2\/types\/post"}],"author":[{"embeddable":true,"href":"https:\/\/www.travel3.com.br\/site\/wp-json\/wp\/v2\/users\/4"}],"replies":[{"embeddable":true,"href":"https:\/\/www.travel3.com.br\/site\/wp-json\/wp\/v2\/comments?post=57674"}],"version-history":[{"count":2,"href":"https:\/\/www.travel3.com.br\/site\/wp-json\/wp\/v2\/posts\/57674\/revisions"}],"predecessor-version":[{"id":57742,"href":"https:\/\/www.travel3.com.br\/site\/wp-json\/wp\/v2\/posts\/57674\/revisions\/57742"}],"wp:featuredmedia":[{"embeddable":true,"href":"https:\/\/www.travel3.com.br\/site\/wp-json\/wp\/v2\/media\/57676"}],"wp:attachment":[{"href":"https:\/\/www.travel3.com.br\/site\/wp-json\/wp\/v2\/media?parent=57674"}],"wp:term":[{"taxonomy":"category","embeddable":true,"href":"https:\/\/www.travel3.com.br\/site\/wp-json\/wp\/v2\/categories?post=57674"},{"taxonomy":"post_tag","embeddable":true,"href":"https:\/\/www.travel3.com.br\/site\/wp-json\/wp\/v2\/tags?post=57674"}],"curies":[{"name":"wp","href":"https:\/\/api.w.org\/{rel}","templated":true}]}}