{"id":5743,"date":"2017-07-25T13:00:11","date_gmt":"2017-07-25T13:00:11","guid":{"rendered":"http:\/\/www.travel3.com.br\/site\/ir-e-vir\/ar\/inscricoes-para-participacao-em-seis-feiras-internacionais\/"},"modified":"2017-07-25T13:00:11","modified_gmt":"2017-07-25T13:00:11","slug":"inscricoes-para-participacao-em-seis-feiras-internacionais","status":"publish","type":"post","link":"https:\/\/www.travel3.com.br\/site\/sem-categoria\/inscricoes-para-participacao-em-seis-feiras-internacionais\/","title":{"rendered":"INSCRI\u00c7\u00d5ES PARA PARTICIPA\u00c7\u00c3O EM SEIS FEIRAS INTERNACIONAIS"},"content":{"rendered":"<p><span style=\"color: #40acad; font-family: -apple-system, system-ui, 'Segoe UI', Roboto, Oxygen-Sans, Ubuntu, Cantarell, 'Helvetica Neue', sans-serif; font-size: 12px; font-weight: bold;\"><\/p>\n<p>A Embratur (Instituto Brasileiro de Turismo) abre inscri\u00e7\u00f5es para a participa\u00e7\u00e3o de coexpositores em seis feiras internacionais contempladas na Agenda de Promo\u00e7\u00e3o Comercial do Turismo Brasileiro para 2016. Os eventos acontecer\u00e3o nos meses\u00a0de setembro\u00a0a novembro deste ano, na Fran\u00e7a, Jap\u00e3o, Argentina, Paraguai, Estados Unidos e Reino Unido. O per\u00edodo de inscri\u00e7\u00f5es vai de 02 a\u00a013 de maio.<\/p>\n<p>A oportunidade \u00e9 para empresas e entidades p\u00fablicas e privadas interessadas em divulgar produtos e destinos no exterior. A inscri\u00e7\u00e3o deve ser feita por meio do preenchimento completo do Formul\u00e1rio de Inscri\u00e7\u00e3o espec\u00edfico de cada evento de interesse, cujos detalhes constam na tabela abaixo:<\/p>\n<table align=\"left\" border=\"1\" cellpadding=\"0\" cellspacing=\"0\" style=\"width:1285px\">\n<tbody>\n<tr>\n<td rowspan=\"2\" style=\"height:24px; width:200px\">\n<p>FEIRA<\/p>\n<\/td>\n<td colspan=\"2\" style=\"height:24px; width:143px\">\n<p>PER\u00cdODO DA FEIRA<\/p>\n<\/td>\n<td rowspan=\"2\" style=\"height:24px; width:131px\">\n<p>CIDADE<\/p>\n<\/td>\n<td rowspan=\"2\" style=\"height:24px; width:103px\">\n<p>PA\u00cdS<\/p>\n<\/td>\n<td rowspan=\"2\" style=\"height:24px; width:147px\">\n<p>SEGMENTO<\/p>\n<\/td>\n<td rowspan=\"2\" style=\"height:24px; width:204px\">\n<p>P\u00daBLICO ALVO<\/p>\n<\/td>\n<td rowspan=\"2\" style=\"height:24px; width:356px\">\n<p>FORMUL\u00c1RIO DE INSCRI\u00c7\u00c3O<\/p>\n<p>(clique no link abaixo)<\/p>\n<\/td>\n<\/tr>\n<tr>\n<td style=\"height:24px; width:71px\">\n<p><strong>IN\u00cdCIO<\/strong><\/p>\n<\/td>\n<td style=\"height:24px; width:71px\">\n<p><strong>FIM<\/strong><\/p>\n<\/td>\n<\/tr>\n<tr>\n<td style=\"height:24px; width:200px\">\n<p><strong><a href=\"http:\/\/topresa.iftm.fr\/en\/\" target=\"_blank\">IFTM<\/a><\/strong><\/p>\n<p><strong><em><a href=\"http:\/\/topresa.iftm.fr\/en\/\" target=\"_blank\">Top Resa<\/a><\/em><\/strong><\/p>\n<\/td>\n<td style=\"height:24px; width:71px\">\n<p>20\/09\/16<\/p>\n<\/td>\n<td style=\"height:24px; width:71px\">\n<p>23\/09\/16<\/p>\n<\/td>\n<td style=\"height:24px; width:131px\">\n<p>PARIS<\/p>\n<\/td>\n<td style=\"height:24px; width:103px\">\n<p>FRAN\u00c7A<\/p>\n<\/td>\n<td style=\"height:24px; width:147px\">\n<p>MULTIPRODUTOS<\/p>\n<\/td>\n<td style=\"height:24px; width:204px\">\n<p>TRADE<\/p>\n<\/td>\n<td style=\"height:24px; width:356px\">\n<p><a href=\"https:\/\/docs.google.com\/forms\/d\/1lcHMNP4pHcO4x-ZBSoATf9rYrB-Is0W0Fg8SLdtDKlc\/edit\" target=\"_blank\">Formul\u00e1rio de Inscri\u00e7\u00e3o IFTM Top Resa 2016<\/a><\/p>\n<\/td>\n<\/tr>\n<tr>\n<td style=\"height:24px; width:200px\">\n<p><strong><a href=\"http:\/\/t-expo.jp\/en\/\" target=\"_blank\">JATA<\/a><\/strong><\/p>\n<p><strong><em><a href=\"http:\/\/t-expo.jp\/en\/\" target=\"_blank\">Tourism Expo Japan<\/a><\/em><\/strong><\/p>\n<\/td>\n<td style=\"height:24px; width:71px\">\n<p>22\/09\/16<\/p>\n<\/td>\n<td style=\"height:24px; width:71px\">\n<p>25\/09\/16<\/p>\n<\/td>\n<td style=\"height:24px; width:131px\">\n<p>T\u00d3QUIO<\/p>\n<\/td>\n<td style=\"height:24px; width:103px\">\n<p>JAP\u00c3O<\/p>\n<\/td>\n<td style=\"height:24px; width:147px\">\n<p>MULTIPRODUTOS<\/p>\n<\/td>\n<td style=\"height:24px; width:204px\">\n<p>TRADE E P\u00daBLICO FINAL<\/p>\n<\/td>\n<td style=\"height:24px; width:356px\">\n<p><a href=\"https:\/\/docs.google.com\/forms\/d\/1mBVZkv2C8ChFDhCtmmwmRFKz4Dn1I9WDIxiK7_2I-Bc\/edit\" target=\"_blank\">Formul\u00e1rio de Inscri\u00e7\u00e3o JATA 2016<\/a><\/p>\n<\/td>\n<\/tr>\n<tr>\n<td style=\"height:24px; width:200px\">\n<p><strong><a href=\"http:\/\/fit.org.ar\/\" target=\"_blank\">FIT<\/a><\/strong><\/p>\n<p><strong><em><a href=\"http:\/\/fit.org.ar\/\" target=\"_blank\">Feria Internacional de Turismo de Am\u00e9rica Latina<\/a><\/em><\/strong><\/p>\n<\/td>\n<td style=\"height:24px; width:71px\">\n<p>01\/10\/16<\/p>\n<\/td>\n<td style=\"height:24px; width:71px\">\n<p>04\/10\/16<\/p>\n<\/td>\n<td style=\"height:24px; width:131px\">\n<p>BUENOS AIRES<\/p>\n<\/td>\n<td style=\"height:24px; width:103px\">\n<p>ARGENTINA<\/p>\n<\/td>\n<td style=\"height:24px; width:147px\">\n<p>MULTIPRODUTOS<\/p>\n<\/td>\n<td style=\"height:24px; width:204px\">\n<p>TRADE E P\u00daBLICO FINAL<\/p>\n<\/td>\n<td style=\"height:24px; width:356px\">\n<p><a href=\"https:\/\/docs.google.com\/forms\/d\/1bdQqIDgnQwGsvAI95JlnKMugkFwMFmfC493wtU2jBMA\/edit\" target=\"_blank\">Formul\u00e1rio de Inscri\u00e7\u00e3o FIT Am\u00e9rica Latina 2016<\/a><\/p>\n<\/td>\n<\/tr>\n<tr>\n<td style=\"height:24px; width:200px\">\n<p><strong><a href=\"http:\/\/fitpar.org.py\/portal\/\" target=\"_blank\">FITPAR<\/a><\/strong><\/p>\n<p><strong><em><a href=\"http:\/\/fitpar.org.py\/portal\/\" target=\"_blank\">Feria Internacional de Turismo de Paraguay<\/a><\/em><\/strong><\/p>\n<\/td>\n<td style=\"height:24px; width:71px\">\n<p>07\/10\/16<\/p>\n<\/td>\n<td style=\"height:24px; width:71px\">\n<p>09\/10\/16<\/p>\n<\/td>\n<td style=\"height:24px; width:131px\">\n<p>ASSUN\u00c7\u00c3O<\/p>\n<\/td>\n<td style=\"height:24px; width:103px\">\n<p>PARAGUAI<\/p>\n<\/td>\n<td style=\"height:24px; width:147px\">\n<p>MULTIPRODUTOS<\/p>\n<\/td>\n<td style=\"height:24px; width:204px\">\n<p>TRADE E P\u00daBLICO FINAL<\/p>\n<\/td>\n<td style=\"height:24px; width:356px\">\n<p><a href=\"https:\/\/docs.google.com\/forms\/d\/1UZHwrVWIXe-GnTXtDjynYwHNyWseh_c3wtBjOyas1Fo\/edit\" target=\"_blank\">Formul\u00e1rio de Inscri\u00e7\u00e3o FITPAR 2016<\/a><\/p>\n<\/td>\n<\/tr>\n<tr>\n<td style=\"height:24px; width:200px\">\n<p><strong><a href=\"http:\/\/www.imexamerica.com\/\" target=\"_blank\">IMEX<\/a><\/strong><\/p>\n<p><strong><em><a href=\"http:\/\/www.imexamerica.com\/\" target=\"_blank\">America<\/a><\/em><\/strong><\/p>\n<\/td>\n<td style=\"height:24px; width:71px\">\n<p>18\/10\/16<\/p>\n<\/td>\n<td style=\"height:24px; width:71px\">\n<p>20\/10\/16<\/p>\n<\/td>\n<td style=\"height:24px; width:131px\">\n<p>LAS VEGAS<\/p>\n<\/td>\n<td style=\"height:24px; width:103px\">\n<p>EUA<\/p>\n<\/td>\n<td style=\"height:24px; width:147px\">\n<p>MICE<\/p>\n<\/td>\n<td style=\"height:24px; width:204px\">\n<p>TRADE<\/p>\n<\/td>\n<td style=\"height:24px; width:356px\">\n<p><a href=\"https:\/\/docs.google.com\/forms\/d\/1_YOqTX67RgO4CC3tinc7nPmSIcnD3stUYoMmxvAXhgQ\/edit\" target=\"_blank\">Formul\u00e1rio de Inscri\u00e7\u00e3o IMEX America 2016<\/a><\/p>\n<\/td>\n<\/tr>\n<tr>\n<td style=\"height:20px; width:200px\">\n<p><strong><a href=\"http:\/\/www.wtmlondon.com\/\" target=\"_blank\">WTM<\/a><\/strong><\/p>\n<p><strong><em><a href=\"http:\/\/www.wtmlondon.com\/\" target=\"_blank\">World Travel Market London<\/a><\/em><\/strong><\/p>\n<\/td>\n<td style=\"height:20px; width:71px\">\n<p>07\/11\/16<\/p>\n<\/td>\n<td style=\"height:20px; width:71px\">\n<p>09\/11\/16<\/p>\n<\/td>\n<td style=\"height:20px; width:131px\">\n<p>LONDRES<\/p>\n<\/td>\n<td style=\"height:20px; width:103px\">\n<p>REINO UNIDO<\/p>\n<\/td>\n<td style=\"height:20px; width:147px\">\n<p>MULTIPRODUTOS<\/p>\n<\/td>\n<td style=\"height:20px; width:204px\">\n<p>TRADE<\/p>\n<\/td>\n<td style=\"height:20px; width:356px\">\n<p><a href=\"https:\/\/docs.google.com\/forms\/d\/1kq4rNjJjfcjYhadOt2WUu5VPC1JOtQWaaQwwqgQAhUU\/edit\" target=\"_blank\">Formul\u00e1rio de Inscri\u00e7\u00e3o WTM 2016<\/a><\/p>\n<\/td>\n<\/tr>\n<\/tbody>\n<\/table>\n<p>\u00a0<\/p>\n<p>\u00a0<\/p>\n<p><u>Observa\u00e7\u00f5es<\/u><strong>:<\/strong><\/p>\n<p>\u00a0\u00a0\u00a0\u00a0\u00a0\u00a0\u00a0\u00a0\u00a0\u00a0\u00a0\u00a0\u00a0\u00a0\u00a0\u00a0\u00a0\u00a0\u00a0\u00a0\u00a0\u00a0\u00a0\u00a0\u00a0\u00a0\u00a0\u00a0\u00a0\u00a0\u00a0\u00a0\u00a0\u00a0\u00a0\u00a0\u00a0\u00a0\u00a0\u00a0\u00a0\u00a0\u00a0\u00a0\u00a0\u00a0\u00a0\u00a0\u00a0\u00a0\u00a0\u00a0\u00a0\u00a0\u00a0\u00a0\u00a0\u00a0\u00a0\u00a0\u00a0\u00a0\u00a0\u00a0\u00a0\u00a0\u00a0\u00a0\u00a0\u00a0\u00a0\u00a0\u00a0\u00a0\u00a0\u00a0\u00a0\u00a0\u00a0\u00a0\u00a0\u00a0\u00a0\u00a0\u00a0\u00a0\u00a0\u00a0\u00a0\u00a0\u00a0\u00a0\u00a0\u00a0\u00a0\u00a0\u00a0\u00a0\u00a0\u00a0\u00a0\u00a0\u00a0\u00a0\u00a0\u00a0\u00a0\u00a0\u00a0\u00a0\u00a0\u00a0\u00a0\u00a0\u00a0\u00a0\u00a0\u00a0\u00a0\u00a0\u00a0\u00a0\u00a0\u00a0\u00a0\u00a0\u00a0\u00a0\u00a0\u00a0\u00a0\u00a0\u00a0\u00a0\u00a0\u00a0\u00a0\u00a0\u00a0\u00a0\u00a0\u00a0\u00a0\u00a0\u00a0\u00a0\u00a0\u00a0\u00a0\u00a0\u00a0\u00a0\u00a0\u00a0\u00a0\u00a0\u00a0\u00a0\u00a0\u00a0\u00a0\u00a0\u00a0\u00a0\u00a0\u00a0\u00a0\u00a0\u00a0\u00a0\u00a0\u00a0\u00a0\u00a0\u00a0\u00a0\u00a0\u00a0\u00a0\u00a0\u00a0\u00a0\u00a0\u00a0\u00a0\u00a0\u00a0\u00a0\u00a0\u00a0\u00a0\u00a0\u00a0\u00a0\u00a0\u00a0\u00a0\u00a0\u00a0\u00a0\u00a0\u00a0\u00a0\u00a0\u00a0\u00a0\u00a0\u00a0\u00a0\u00a0\u00a0\u00a0\u00a0\u00a0<\/p>\n<ul>\n<li>O per\u00edodo de inscri\u00e7\u00f5es \u00e9\u00a0de<strong>\u00a002 a\u00a013 de maio\u00a0de 2016<\/strong>.<\/li>\n<li>A inscri\u00e7\u00e3o para cada feira deve ser feita por meio do preenchimentocompleto do\u00a0<strong>Formul\u00e1rio\u00a0de Inscri\u00e7\u00e3o<\/strong>\u00a0espec\u00edfico\u00a0da feira de interesse, cujo\u00a0<strong><em>link<\/em><\/strong>consta na\u00a0<strong>tabela acima<\/strong>.<\/li>\n<li>Para operadores\/ag\u00eancias de turismo, meios de hospedagem, transportadoras tur\u00edsticas, organizadoras de eventos, parques tem\u00e1ticos e acampamentos tur\u00edsticos,\u00a0<strong>al\u00e9m do preenchimento do Formul\u00e1rio de Inscri\u00e7\u00e3o<\/strong>(<em>links<\/em>\u00a0acima), \u00e9\u00a0<strong>OBRIGAT\u00d3RIO<\/strong>\u00a0o envio do Certificado do CADASTUR v\u00e1lido para o e-mail\u00a0<a href=\"mailto:inscricao.feiras@embratur.gov.br\" target=\"_blank\">inscricao.feiras@embratur.gov.br<\/a><\/li>\n<\/ul>\n<p style=\"margin-left:36pt\">Saiba mais sobre o CADASTUR em:<\/p>\n<ul>\n<li>Para o preenchimento das\u00a0vagas, a confirma\u00e7\u00e3o da participa\u00e7\u00e3o do inscrito depender\u00e1 da an\u00e1lise das inscri\u00e7\u00f5es e da aprova\u00e7\u00e3o\u00a0das \u00e1reas t\u00e9cnicas competentes da Embratur\u00a0e da disponibilidade de postos de trabalho nos estandes do Brasil\/Embratur\u00a0em cada feira.\u00a0A Embratur entrar\u00e1\u00a0em contato ap\u00f3s an\u00e1lise das inscri\u00e7\u00f5es para confirma\u00e7\u00e3o (ou n\u00e3o) da participa\u00e7\u00e3o do inscrito em cada feira.<\/li>\n<li>A Embratur solicita o preenchimento criterioso das informa\u00e7\u00f5es solicitadas, pois, caso sua institui\u00e7\u00e3o\/empresa seja selecionada para participar como coexpositor no estande do Brasil\/Embratur, essas informa\u00e7\u00f5es ser\u00e3o fundamentais para a triagem e o direcionamento eficientes dos atendimentos durante as feiras.<\/li>\n<li>Para informa\u00e7\u00f5es detalhadas sobre cada feira,\u00a0a Embratur sugere\u00a0que acessem a Agenda de Eventos\u00a0do Instituto:\n<ol>\n<li>no site promocional da EMBRATUR\u00a0<a href=\"http:\/\/www.visitbrasil.com\/\" target=\"_blank\">www.visitbrasil.com<\/a>\u00a0> aba TRADE > (fazer login para acesso) > aba AGENDA > m\u00eas a m\u00eas; ou<\/li>\n<li>no site institucional da EMBRATUR\u00a0<a href=\"http:\/\/www.embratur.gov.br\/\" target=\"_blank\">www.embratur.gov.br<\/a>\u00a0> AGENDA DE EVENTOS (canto inferior esquerdo da p\u00e1gina)<\/li>\n<\/ol>\n<\/li>\n<\/ul>\n<p><\/span><\/p>\n","protected":false},"excerpt":{"rendered":"<p>Embratur informa que empresas tem o prazo at\u00e9 13 de maio para garantir inscri\u00e7\u00f5es nos eventos entre setembro e novembro deste ano<\/p>\n","protected":false},"author":1,"featured_media":0,"comment_status":"open","ping_status":"open","sticky":false,"template":"","format":"standard","meta":{"footnotes":""},"categories":[],"tags":[],"class_list":["post-5743","post","type-post","status-publish","format-standard","hentry"],"yoast_head":"<!-- This site is optimized with the Yoast SEO plugin v26.2 - https:\/\/yoast.com\/wordpress\/plugins\/seo\/ -->\n<title>INSCRI\u00c7\u00d5ES PARA PARTICIPA\u00c7\u00c3O EM SEIS FEIRAS INTERNACIONAIS - Travel3<\/title>\n<meta name=\"description\" content=\"A TRAVEL3 \u00e9 um portal de conte\u00fado voltado para o turismo, encontre destinos, viagens, hospedagem, passagens, guias, not\u00edcias sobre o mercado do turismo, dicas de viagem, v\u00eddeos e podcast.\" \/>\n<meta name=\"robots\" content=\"index, follow, max-snippet:-1, max-image-preview:large, max-video-preview:-1\" \/>\n<link rel=\"canonical\" href=\"https:\/\/www.travel3.com.br\/site\/sem-categoria\/inscricoes-para-participacao-em-seis-feiras-internacionais\/\" \/>\n<meta property=\"og:locale\" content=\"pt_BR\" \/>\n<meta property=\"og:type\" content=\"article\" \/>\n<meta property=\"og:title\" content=\"INSCRI\u00c7\u00d5ES PARA PARTICIPA\u00c7\u00c3O EM SEIS FEIRAS INTERNACIONAIS - Travel3\" \/>\n<meta property=\"og:description\" content=\"A TRAVEL3 \u00e9 um portal de conte\u00fado voltado para o turismo, encontre destinos, viagens, hospedagem, passagens, guias, not\u00edcias sobre o mercado do turismo, dicas de viagem, v\u00eddeos e podcast.\" \/>\n<meta property=\"og:url\" content=\"https:\/\/www.travel3.com.br\/site\/sem-categoria\/inscricoes-para-participacao-em-seis-feiras-internacionais\/\" \/>\n<meta property=\"og:site_name\" content=\"Travel3\" \/>\n<meta property=\"article:publisher\" content=\"https:\/\/www.facebook.com\/travel3media\/\" \/>\n<meta property=\"article:published_time\" content=\"2017-07-25T13:00:11+00:00\" \/>\n<meta name=\"author\" content=\"admin\" \/>\n<meta name=\"twitter:card\" content=\"summary_large_image\" \/>\n<meta name=\"twitter:label1\" content=\"Escrito por\" \/>\n\t<meta name=\"twitter:data1\" content=\"admin\" \/>\n\t<meta name=\"twitter:label2\" content=\"Est. tempo de leitura\" \/>\n\t<meta name=\"twitter:data2\" content=\"3 minutos\" \/>\n<script type=\"application\/ld+json\" class=\"yoast-schema-graph\">{\"@context\":\"https:\/\/schema.org\",\"@graph\":[{\"@type\":\"Article\",\"@id\":\"https:\/\/www.travel3.com.br\/site\/sem-categoria\/inscricoes-para-participacao-em-seis-feiras-internacionais\/#article\",\"isPartOf\":{\"@id\":\"https:\/\/www.travel3.com.br\/site\/sem-categoria\/inscricoes-para-participacao-em-seis-feiras-internacionais\/\"},\"author\":{\"name\":\"admin\",\"@id\":\"https:\/\/www.travel3.com.br\/site\/#\/schema\/person\/a69d71e41a024999b6ab82369ac0bd1e\"},\"headline\":\"INSCRI\u00c7\u00d5ES PARA PARTICIPA\u00c7\u00c3O EM SEIS FEIRAS INTERNACIONAIS\",\"datePublished\":\"2017-07-25T13:00:11+00:00\",\"mainEntityOfPage\":{\"@id\":\"https:\/\/www.travel3.com.br\/site\/sem-categoria\/inscricoes-para-participacao-em-seis-feiras-internacionais\/\"},\"wordCount\":538,\"commentCount\":0,\"publisher\":{\"@id\":\"https:\/\/www.travel3.com.br\/site\/#organization\"},\"inLanguage\":\"pt-BR\",\"potentialAction\":[{\"@type\":\"CommentAction\",\"name\":\"Comment\",\"target\":[\"https:\/\/www.travel3.com.br\/site\/sem-categoria\/inscricoes-para-participacao-em-seis-feiras-internacionais\/#respond\"]}]},{\"@type\":\"WebPage\",\"@id\":\"https:\/\/www.travel3.com.br\/site\/sem-categoria\/inscricoes-para-participacao-em-seis-feiras-internacionais\/\",\"url\":\"https:\/\/www.travel3.com.br\/site\/sem-categoria\/inscricoes-para-participacao-em-seis-feiras-internacionais\/\",\"name\":\"INSCRI\u00c7\u00d5ES PARA PARTICIPA\u00c7\u00c3O EM SEIS FEIRAS INTERNACIONAIS - Travel3\",\"isPartOf\":{\"@id\":\"https:\/\/www.travel3.com.br\/site\/#website\"},\"datePublished\":\"2017-07-25T13:00:11+00:00\",\"description\":\"A TRAVEL3 \u00e9 um portal de conte\u00fado voltado para o turismo, encontre destinos, viagens, hospedagem, passagens, guias, not\u00edcias sobre o mercado do turismo, dicas de viagem, v\u00eddeos e podcast.\",\"breadcrumb\":{\"@id\":\"https:\/\/www.travel3.com.br\/site\/sem-categoria\/inscricoes-para-participacao-em-seis-feiras-internacionais\/#breadcrumb\"},\"inLanguage\":\"pt-BR\",\"potentialAction\":[{\"@type\":\"ReadAction\",\"target\":[\"https:\/\/www.travel3.com.br\/site\/sem-categoria\/inscricoes-para-participacao-em-seis-feiras-internacionais\/\"]}]},{\"@type\":\"BreadcrumbList\",\"@id\":\"https:\/\/www.travel3.com.br\/site\/sem-categoria\/inscricoes-para-participacao-em-seis-feiras-internacionais\/#breadcrumb\",\"itemListElement\":[{\"@type\":\"ListItem\",\"position\":1,\"name\":\"In\u00edcio\",\"item\":\"https:\/\/www.travel3.com.br\/site\/\"},{\"@type\":\"ListItem\",\"position\":2,\"name\":\"INSCRI\u00c7\u00d5ES PARA PARTICIPA\u00c7\u00c3O EM SEIS FEIRAS INTERNACIONAIS\"}]},{\"@type\":\"WebSite\",\"@id\":\"https:\/\/www.travel3.com.br\/site\/#website\",\"url\":\"https:\/\/www.travel3.com.br\/site\/\",\"name\":\"Travel3\",\"description\":\"Lazer + Neg&oacute;cios + Aventura\",\"publisher\":{\"@id\":\"https:\/\/www.travel3.com.br\/site\/#organization\"},\"potentialAction\":[{\"@type\":\"SearchAction\",\"target\":{\"@type\":\"EntryPoint\",\"urlTemplate\":\"https:\/\/www.travel3.com.br\/site\/?s={search_term_string}\"},\"query-input\":{\"@type\":\"PropertyValueSpecification\",\"valueRequired\":true,\"valueName\":\"search_term_string\"}}],\"inLanguage\":\"pt-BR\"},{\"@type\":\"Organization\",\"@id\":\"https:\/\/www.travel3.com.br\/site\/#organization\",\"name\":\"Travel3\",\"url\":\"https:\/\/www.travel3.com.br\/site\/\",\"logo\":{\"@type\":\"ImageObject\",\"inLanguage\":\"pt-BR\",\"@id\":\"https:\/\/www.travel3.com.br\/site\/#\/schema\/logo\/image\/\",\"url\":\"https:\/\/www.travel3.com.br\/site\/wp-content\/uploads\/2020\/01\/logo-travel3-2020.png\",\"contentUrl\":\"https:\/\/www.travel3.com.br\/site\/wp-content\/uploads\/2020\/01\/logo-travel3-2020.png\",\"width\":232,\"height\":79,\"caption\":\"Travel3\"},\"image\":{\"@id\":\"https:\/\/www.travel3.com.br\/site\/#\/schema\/logo\/image\/\"},\"sameAs\":[\"https:\/\/www.facebook.com\/travel3media\/\",\"https:\/\/www.instagram.com\/revistatravel3\/\",\"https:\/\/www.youtube.com\/channel\/UCno7J4paGBR3VbZQzvoJ9Eg\"]},{\"@type\":\"Person\",\"@id\":\"https:\/\/www.travel3.com.br\/site\/#\/schema\/person\/a69d71e41a024999b6ab82369ac0bd1e\",\"name\":\"admin\",\"image\":{\"@type\":\"ImageObject\",\"inLanguage\":\"pt-BR\",\"@id\":\"https:\/\/www.travel3.com.br\/site\/#\/schema\/person\/image\/\",\"url\":\"https:\/\/secure.gravatar.com\/avatar\/732a67adfd764da2a47ba10ce731c4c0?s=96&d=mm&r=g\",\"contentUrl\":\"https:\/\/secure.gravatar.com\/avatar\/732a67adfd764da2a47ba10ce731c4c0?s=96&d=mm&r=g\",\"caption\":\"admin\"},\"url\":\"https:\/\/www.travel3.com.br\/site\/author\/admin\/\"}]}<\/script>\n<!-- \/ Yoast SEO plugin. -->","yoast_head_json":{"title":"INSCRI\u00c7\u00d5ES PARA PARTICIPA\u00c7\u00c3O EM SEIS FEIRAS INTERNACIONAIS - Travel3","description":"A TRAVEL3 \u00e9 um portal de conte\u00fado voltado para o turismo, encontre destinos, viagens, hospedagem, passagens, guias, not\u00edcias sobre o mercado do turismo, dicas de viagem, v\u00eddeos e podcast.","robots":{"index":"index","follow":"follow","max-snippet":"max-snippet:-1","max-image-preview":"max-image-preview:large","max-video-preview":"max-video-preview:-1"},"canonical":"https:\/\/www.travel3.com.br\/site\/sem-categoria\/inscricoes-para-participacao-em-seis-feiras-internacionais\/","og_locale":"pt_BR","og_type":"article","og_title":"INSCRI\u00c7\u00d5ES PARA PARTICIPA\u00c7\u00c3O EM SEIS FEIRAS INTERNACIONAIS - Travel3","og_description":"A TRAVEL3 \u00e9 um portal de conte\u00fado voltado para o turismo, encontre destinos, viagens, hospedagem, passagens, guias, not\u00edcias sobre o mercado do turismo, dicas de viagem, v\u00eddeos e podcast.","og_url":"https:\/\/www.travel3.com.br\/site\/sem-categoria\/inscricoes-para-participacao-em-seis-feiras-internacionais\/","og_site_name":"Travel3","article_publisher":"https:\/\/www.facebook.com\/travel3media\/","article_published_time":"2017-07-25T13:00:11+00:00","author":"admin","twitter_card":"summary_large_image","twitter_misc":{"Escrito por":"admin","Est. tempo de leitura":"3 minutos"},"schema":{"@context":"https:\/\/schema.org","@graph":[{"@type":"Article","@id":"https:\/\/www.travel3.com.br\/site\/sem-categoria\/inscricoes-para-participacao-em-seis-feiras-internacionais\/#article","isPartOf":{"@id":"https:\/\/www.travel3.com.br\/site\/sem-categoria\/inscricoes-para-participacao-em-seis-feiras-internacionais\/"},"author":{"name":"admin","@id":"https:\/\/www.travel3.com.br\/site\/#\/schema\/person\/a69d71e41a024999b6ab82369ac0bd1e"},"headline":"INSCRI\u00c7\u00d5ES PARA PARTICIPA\u00c7\u00c3O EM SEIS FEIRAS INTERNACIONAIS","datePublished":"2017-07-25T13:00:11+00:00","mainEntityOfPage":{"@id":"https:\/\/www.travel3.com.br\/site\/sem-categoria\/inscricoes-para-participacao-em-seis-feiras-internacionais\/"},"wordCount":538,"commentCount":0,"publisher":{"@id":"https:\/\/www.travel3.com.br\/site\/#organization"},"inLanguage":"pt-BR","potentialAction":[{"@type":"CommentAction","name":"Comment","target":["https:\/\/www.travel3.com.br\/site\/sem-categoria\/inscricoes-para-participacao-em-seis-feiras-internacionais\/#respond"]}]},{"@type":"WebPage","@id":"https:\/\/www.travel3.com.br\/site\/sem-categoria\/inscricoes-para-participacao-em-seis-feiras-internacionais\/","url":"https:\/\/www.travel3.com.br\/site\/sem-categoria\/inscricoes-para-participacao-em-seis-feiras-internacionais\/","name":"INSCRI\u00c7\u00d5ES PARA PARTICIPA\u00c7\u00c3O EM SEIS FEIRAS INTERNACIONAIS - Travel3","isPartOf":{"@id":"https:\/\/www.travel3.com.br\/site\/#website"},"datePublished":"2017-07-25T13:00:11+00:00","description":"A TRAVEL3 \u00e9 um portal de conte\u00fado voltado para o turismo, encontre destinos, viagens, hospedagem, passagens, guias, not\u00edcias sobre o mercado do turismo, dicas de viagem, v\u00eddeos e podcast.","breadcrumb":{"@id":"https:\/\/www.travel3.com.br\/site\/sem-categoria\/inscricoes-para-participacao-em-seis-feiras-internacionais\/#breadcrumb"},"inLanguage":"pt-BR","potentialAction":[{"@type":"ReadAction","target":["https:\/\/www.travel3.com.br\/site\/sem-categoria\/inscricoes-para-participacao-em-seis-feiras-internacionais\/"]}]},{"@type":"BreadcrumbList","@id":"https:\/\/www.travel3.com.br\/site\/sem-categoria\/inscricoes-para-participacao-em-seis-feiras-internacionais\/#breadcrumb","itemListElement":[{"@type":"ListItem","position":1,"name":"In\u00edcio","item":"https:\/\/www.travel3.com.br\/site\/"},{"@type":"ListItem","position":2,"name":"INSCRI\u00c7\u00d5ES PARA PARTICIPA\u00c7\u00c3O EM SEIS FEIRAS INTERNACIONAIS"}]},{"@type":"WebSite","@id":"https:\/\/www.travel3.com.br\/site\/#website","url":"https:\/\/www.travel3.com.br\/site\/","name":"Travel3","description":"Lazer + Neg&oacute;cios + Aventura","publisher":{"@id":"https:\/\/www.travel3.com.br\/site\/#organization"},"potentialAction":[{"@type":"SearchAction","target":{"@type":"EntryPoint","urlTemplate":"https:\/\/www.travel3.com.br\/site\/?s={search_term_string}"},"query-input":{"@type":"PropertyValueSpecification","valueRequired":true,"valueName":"search_term_string"}}],"inLanguage":"pt-BR"},{"@type":"Organization","@id":"https:\/\/www.travel3.com.br\/site\/#organization","name":"Travel3","url":"https:\/\/www.travel3.com.br\/site\/","logo":{"@type":"ImageObject","inLanguage":"pt-BR","@id":"https:\/\/www.travel3.com.br\/site\/#\/schema\/logo\/image\/","url":"https:\/\/www.travel3.com.br\/site\/wp-content\/uploads\/2020\/01\/logo-travel3-2020.png","contentUrl":"https:\/\/www.travel3.com.br\/site\/wp-content\/uploads\/2020\/01\/logo-travel3-2020.png","width":232,"height":79,"caption":"Travel3"},"image":{"@id":"https:\/\/www.travel3.com.br\/site\/#\/schema\/logo\/image\/"},"sameAs":["https:\/\/www.facebook.com\/travel3media\/","https:\/\/www.instagram.com\/revistatravel3\/","https:\/\/www.youtube.com\/channel\/UCno7J4paGBR3VbZQzvoJ9Eg"]},{"@type":"Person","@id":"https:\/\/www.travel3.com.br\/site\/#\/schema\/person\/a69d71e41a024999b6ab82369ac0bd1e","name":"admin","image":{"@type":"ImageObject","inLanguage":"pt-BR","@id":"https:\/\/www.travel3.com.br\/site\/#\/schema\/person\/image\/","url":"https:\/\/secure.gravatar.com\/avatar\/732a67adfd764da2a47ba10ce731c4c0?s=96&d=mm&r=g","contentUrl":"https:\/\/secure.gravatar.com\/avatar\/732a67adfd764da2a47ba10ce731c4c0?s=96&d=mm&r=g","caption":"admin"},"url":"https:\/\/www.travel3.com.br\/site\/author\/admin\/"}]}},"_links":{"self":[{"href":"https:\/\/www.travel3.com.br\/site\/wp-json\/wp\/v2\/posts\/5743","targetHints":{"allow":["GET"]}}],"collection":[{"href":"https:\/\/www.travel3.com.br\/site\/wp-json\/wp\/v2\/posts"}],"about":[{"href":"https:\/\/www.travel3.com.br\/site\/wp-json\/wp\/v2\/types\/post"}],"author":[{"embeddable":true,"href":"https:\/\/www.travel3.com.br\/site\/wp-json\/wp\/v2\/users\/1"}],"replies":[{"embeddable":true,"href":"https:\/\/www.travel3.com.br\/site\/wp-json\/wp\/v2\/comments?post=5743"}],"version-history":[{"count":0,"href":"https:\/\/www.travel3.com.br\/site\/wp-json\/wp\/v2\/posts\/5743\/revisions"}],"wp:attachment":[{"href":"https:\/\/www.travel3.com.br\/site\/wp-json\/wp\/v2\/media?parent=5743"}],"wp:term":[{"taxonomy":"category","embeddable":true,"href":"https:\/\/www.travel3.com.br\/site\/wp-json\/wp\/v2\/categories?post=5743"},{"taxonomy":"post_tag","embeddable":true,"href":"https:\/\/www.travel3.com.br\/site\/wp-json\/wp\/v2\/tags?post=5743"}],"curies":[{"name":"wp","href":"https:\/\/api.w.org\/{rel}","templated":true}]}}