{"id":5724,"date":"2017-06-04T04:15:03","date_gmt":"2017-06-04T04:15:03","guid":{"rendered":"http:\/\/www.travel3.com.br\/site\/ir-e-vir\/ar\/redeplaza-assume-operacao-e-administracao-do-ecoresort-pr\/"},"modified":"2017-06-04T04:15:03","modified_gmt":"2017-06-04T04:15:03","slug":"redeplaza-assume-operacao-e-administracao-do-ecoresort-pr","status":"publish","type":"post","link":"https:\/\/www.travel3.com.br\/site\/sem-categoria\/redeplaza-assume-operacao-e-administracao-do-ecoresort-pr\/","title":{"rendered":"REDEPLAZA ASSUME OPERA\u00c7\u00c3O E ADMINISTRA\u00c7\u00c3O DO ECORESORT (PR)"},"content":{"rendered":"<p><span style=\"color: #40acad; font-family: -apple-system, system-ui, 'Segoe UI', Roboto, Oxygen-Sans, Ubuntu, Cantarell, 'Helvetica Neue', sans-serif; font-size: 12px; font-weight: bold;\"><\/p>\n<p style=\"text-align:justify\">A Rede Plaza de Hot\u00e9is, Resorts &#038; Spas anunciou mais um grande empreendimento sob sua responsabilidade. O grupo acertou todos os detalhes e assumiu a\u00a0administra\u00e7\u00e3o e opera\u00e7\u00e3o do Capivari Ecoresort, localizado no munic\u00edpio de Campina Grande do Sul, a 55 km de Curitiba, capital do Paran\u00e1.<br \/>\nMesmo em cen\u00e1rios adversos, econ\u00f4mica e politicamente,\u00a0a Rede Plaza n\u00e3o deixa de olhar o futuro com boas expectativas e lan\u00e7a, assim, sua\u00a0segunda\u00a0importante iniciativa nas \u00faltimas semanas. A primeira foi\u00a0o inovador projeto Plaza Senior Living, a ser instalado no Plazinha (Plaza Porto Alegre Hotel), uma iniciativa que trar\u00e1 imensos benef\u00edcios para um p\u00fablico especial.<\/p>\n<p style=\"text-align:justify\">O empreendimento paranaense passa a se chamar\u00a0<strong>Plaza Ecoresort Capivari<\/strong>\u00a0e chega para atender um p\u00fablico cada dia mais interessado em conex\u00e3o com a natureza, entrando, imediatamente, para o cat\u00e1logo de op\u00e7\u00f5es dos clientes Plaza Vacation Club que j\u00e1 conta com mais de\u00a03 mil op\u00e7\u00f5es diferentes no Brasil e Exterior.\u00a0A diretoria\u00a0confirma que a Rede segue com seu plano de expans\u00e3o e pretende chegar em 2020 com 15 \u00a0unidades pr\u00f3prias\u00a0e de terceiros.\u00a0<\/p>\n<p style=\"text-align:justify\">A paisagem bel\u00edssima e o clima de Serra \u00e9 garantido pela localiza\u00e7\u00e3o junto ao ponto mais alto do Sul do pa\u00eds, o Pico do Paran\u00e1. O Plaza Ecoresort Capivari garante o conv\u00edvio com a natureza, possui pequena\u00a0Fazenda,infraestrutura perfeita para quem busca descanso, divers\u00e3o e relaxamento al\u00e9m de atender empresas e grupos em \u00a0eventos corporativos e sociais.<\/p>\n<p style=\"text-align:justify\">A Gerente de Marketing do Grupo Cl\u00e1udia Peixoto H\u00f6rbe informa que o local \u00e9 perfeito para conex\u00e3o com o verde e para fugir da rotina e estresse do dia a dia. Com bela vista da Represa\u00a0do Capivari, possui 99 apartamentos equipados para o conforto e bem-estar dos h\u00f3spedes, su\u00edtes tem\u00e1ticas com banheiras e ofur\u00f4s, gastronomia especializada, \u00a0lagos para pesca, passeios a cavalo\u00a0e charrete, trilhas ecol\u00f3gicas, mini fazendinha, quadras esportivas, kids club, sala de jogos, adega, spa com tratamentos especiais, \u00a0al\u00e9m da infraestrutura completa para divers\u00e3o da fam\u00edlia, com piscina com tobo\u00e1gua, piscina t\u00e9rmica, sauna, fitness, parquinhos\u00a0infantis e muito mais.<\/p>\n<p><\/span><\/p>\n","protected":false},"excerpt":{"rendered":"<p>Possui 99 apartamentos equipados para o conforto e bem-estar dos h\u00f3spedes, su\u00edtes tem\u00e1ticas com banheiras e ofur\u00f4s e lagos<\/p>\n","protected":false},"author":1,"featured_media":0,"comment_status":"open","ping_status":"open","sticky":false,"template":"","format":"standard","meta":{"footnotes":""},"categories":[],"tags":[],"class_list":["post-5724","post","type-post","status-publish","format-standard","hentry"],"yoast_head":"<!-- This site is optimized with the Yoast SEO plugin v26.2 - https:\/\/yoast.com\/wordpress\/plugins\/seo\/ -->\n<title>REDEPLAZA ASSUME OPERA\u00c7\u00c3O E ADMINISTRA\u00c7\u00c3O DO ECORESORT (PR) - Travel3<\/title>\n<meta name=\"description\" content=\"A TRAVEL3 \u00e9 um portal de conte\u00fado voltado para o turismo, encontre destinos, viagens, hospedagem, passagens, guias, not\u00edcias sobre o mercado do turismo, dicas de viagem, v\u00eddeos e podcast.\" \/>\n<meta name=\"robots\" content=\"index, follow, max-snippet:-1, max-image-preview:large, max-video-preview:-1\" \/>\n<link rel=\"canonical\" href=\"https:\/\/www.travel3.com.br\/site\/sem-categoria\/redeplaza-assume-operacao-e-administracao-do-ecoresort-pr\/\" \/>\n<meta property=\"og:locale\" content=\"pt_BR\" \/>\n<meta property=\"og:type\" content=\"article\" \/>\n<meta property=\"og:title\" content=\"REDEPLAZA ASSUME OPERA\u00c7\u00c3O E ADMINISTRA\u00c7\u00c3O DO ECORESORT (PR) - Travel3\" \/>\n<meta property=\"og:description\" content=\"A TRAVEL3 \u00e9 um portal de conte\u00fado voltado para o turismo, encontre destinos, viagens, hospedagem, passagens, guias, not\u00edcias sobre o mercado do turismo, dicas de viagem, v\u00eddeos e podcast.\" \/>\n<meta property=\"og:url\" content=\"https:\/\/www.travel3.com.br\/site\/sem-categoria\/redeplaza-assume-operacao-e-administracao-do-ecoresort-pr\/\" \/>\n<meta property=\"og:site_name\" content=\"Travel3\" \/>\n<meta property=\"article:publisher\" content=\"https:\/\/www.facebook.com\/travel3media\/\" \/>\n<meta property=\"article:published_time\" content=\"2017-06-04T04:15:03+00:00\" \/>\n<meta name=\"author\" content=\"admin\" \/>\n<meta name=\"twitter:card\" content=\"summary_large_image\" \/>\n<meta name=\"twitter:label1\" content=\"Escrito por\" \/>\n\t<meta name=\"twitter:data1\" content=\"admin\" \/>\n\t<meta name=\"twitter:label2\" content=\"Est. tempo de leitura\" \/>\n\t<meta name=\"twitter:data2\" content=\"2 minutos\" \/>\n<script type=\"application\/ld+json\" class=\"yoast-schema-graph\">{\"@context\":\"https:\/\/schema.org\",\"@graph\":[{\"@type\":\"Article\",\"@id\":\"https:\/\/www.travel3.com.br\/site\/sem-categoria\/redeplaza-assume-operacao-e-administracao-do-ecoresort-pr\/#article\",\"isPartOf\":{\"@id\":\"https:\/\/www.travel3.com.br\/site\/sem-categoria\/redeplaza-assume-operacao-e-administracao-do-ecoresort-pr\/\"},\"author\":{\"name\":\"admin\",\"@id\":\"https:\/\/www.travel3.com.br\/site\/#\/schema\/person\/a69d71e41a024999b6ab82369ac0bd1e\"},\"headline\":\"REDEPLAZA ASSUME OPERA\u00c7\u00c3O E ADMINISTRA\u00c7\u00c3O DO ECORESORT (PR)\",\"datePublished\":\"2017-06-04T04:15:03+00:00\",\"mainEntityOfPage\":{\"@id\":\"https:\/\/www.travel3.com.br\/site\/sem-categoria\/redeplaza-assume-operacao-e-administracao-do-ecoresort-pr\/\"},\"wordCount\":377,\"commentCount\":0,\"publisher\":{\"@id\":\"https:\/\/www.travel3.com.br\/site\/#organization\"},\"inLanguage\":\"pt-BR\",\"potentialAction\":[{\"@type\":\"CommentAction\",\"name\":\"Comment\",\"target\":[\"https:\/\/www.travel3.com.br\/site\/sem-categoria\/redeplaza-assume-operacao-e-administracao-do-ecoresort-pr\/#respond\"]}]},{\"@type\":\"WebPage\",\"@id\":\"https:\/\/www.travel3.com.br\/site\/sem-categoria\/redeplaza-assume-operacao-e-administracao-do-ecoresort-pr\/\",\"url\":\"https:\/\/www.travel3.com.br\/site\/sem-categoria\/redeplaza-assume-operacao-e-administracao-do-ecoresort-pr\/\",\"name\":\"REDEPLAZA ASSUME OPERA\u00c7\u00c3O E ADMINISTRA\u00c7\u00c3O DO ECORESORT (PR) - Travel3\",\"isPartOf\":{\"@id\":\"https:\/\/www.travel3.com.br\/site\/#website\"},\"datePublished\":\"2017-06-04T04:15:03+00:00\",\"description\":\"A TRAVEL3 \u00e9 um portal de conte\u00fado voltado para o turismo, encontre destinos, viagens, hospedagem, passagens, guias, not\u00edcias sobre o mercado do turismo, dicas de viagem, v\u00eddeos e podcast.\",\"breadcrumb\":{\"@id\":\"https:\/\/www.travel3.com.br\/site\/sem-categoria\/redeplaza-assume-operacao-e-administracao-do-ecoresort-pr\/#breadcrumb\"},\"inLanguage\":\"pt-BR\",\"potentialAction\":[{\"@type\":\"ReadAction\",\"target\":[\"https:\/\/www.travel3.com.br\/site\/sem-categoria\/redeplaza-assume-operacao-e-administracao-do-ecoresort-pr\/\"]}]},{\"@type\":\"BreadcrumbList\",\"@id\":\"https:\/\/www.travel3.com.br\/site\/sem-categoria\/redeplaza-assume-operacao-e-administracao-do-ecoresort-pr\/#breadcrumb\",\"itemListElement\":[{\"@type\":\"ListItem\",\"position\":1,\"name\":\"In\u00edcio\",\"item\":\"https:\/\/www.travel3.com.br\/site\/\"},{\"@type\":\"ListItem\",\"position\":2,\"name\":\"REDEPLAZA ASSUME OPERA\u00c7\u00c3O E ADMINISTRA\u00c7\u00c3O DO ECORESORT (PR)\"}]},{\"@type\":\"WebSite\",\"@id\":\"https:\/\/www.travel3.com.br\/site\/#website\",\"url\":\"https:\/\/www.travel3.com.br\/site\/\",\"name\":\"Travel3\",\"description\":\"Lazer + Neg&oacute;cios + Aventura\",\"publisher\":{\"@id\":\"https:\/\/www.travel3.com.br\/site\/#organization\"},\"potentialAction\":[{\"@type\":\"SearchAction\",\"target\":{\"@type\":\"EntryPoint\",\"urlTemplate\":\"https:\/\/www.travel3.com.br\/site\/?s={search_term_string}\"},\"query-input\":{\"@type\":\"PropertyValueSpecification\",\"valueRequired\":true,\"valueName\":\"search_term_string\"}}],\"inLanguage\":\"pt-BR\"},{\"@type\":\"Organization\",\"@id\":\"https:\/\/www.travel3.com.br\/site\/#organization\",\"name\":\"Travel3\",\"url\":\"https:\/\/www.travel3.com.br\/site\/\",\"logo\":{\"@type\":\"ImageObject\",\"inLanguage\":\"pt-BR\",\"@id\":\"https:\/\/www.travel3.com.br\/site\/#\/schema\/logo\/image\/\",\"url\":\"https:\/\/www.travel3.com.br\/site\/wp-content\/uploads\/2020\/01\/logo-travel3-2020.png\",\"contentUrl\":\"https:\/\/www.travel3.com.br\/site\/wp-content\/uploads\/2020\/01\/logo-travel3-2020.png\",\"width\":232,\"height\":79,\"caption\":\"Travel3\"},\"image\":{\"@id\":\"https:\/\/www.travel3.com.br\/site\/#\/schema\/logo\/image\/\"},\"sameAs\":[\"https:\/\/www.facebook.com\/travel3media\/\",\"https:\/\/www.instagram.com\/revistatravel3\/\",\"https:\/\/www.youtube.com\/channel\/UCno7J4paGBR3VbZQzvoJ9Eg\"]},{\"@type\":\"Person\",\"@id\":\"https:\/\/www.travel3.com.br\/site\/#\/schema\/person\/a69d71e41a024999b6ab82369ac0bd1e\",\"name\":\"admin\",\"image\":{\"@type\":\"ImageObject\",\"inLanguage\":\"pt-BR\",\"@id\":\"https:\/\/www.travel3.com.br\/site\/#\/schema\/person\/image\/\",\"url\":\"https:\/\/secure.gravatar.com\/avatar\/732a67adfd764da2a47ba10ce731c4c0?s=96&d=mm&r=g\",\"contentUrl\":\"https:\/\/secure.gravatar.com\/avatar\/732a67adfd764da2a47ba10ce731c4c0?s=96&d=mm&r=g\",\"caption\":\"admin\"},\"url\":\"https:\/\/www.travel3.com.br\/site\/author\/admin\/\"}]}<\/script>\n<!-- \/ Yoast SEO plugin. -->","yoast_head_json":{"title":"REDEPLAZA ASSUME OPERA\u00c7\u00c3O E ADMINISTRA\u00c7\u00c3O DO ECORESORT (PR) - Travel3","description":"A TRAVEL3 \u00e9 um portal de conte\u00fado voltado para o turismo, encontre destinos, viagens, hospedagem, passagens, guias, not\u00edcias sobre o mercado do turismo, dicas de viagem, v\u00eddeos e podcast.","robots":{"index":"index","follow":"follow","max-snippet":"max-snippet:-1","max-image-preview":"max-image-preview:large","max-video-preview":"max-video-preview:-1"},"canonical":"https:\/\/www.travel3.com.br\/site\/sem-categoria\/redeplaza-assume-operacao-e-administracao-do-ecoresort-pr\/","og_locale":"pt_BR","og_type":"article","og_title":"REDEPLAZA ASSUME OPERA\u00c7\u00c3O E ADMINISTRA\u00c7\u00c3O DO ECORESORT (PR) - Travel3","og_description":"A TRAVEL3 \u00e9 um portal de conte\u00fado voltado para o turismo, encontre destinos, viagens, hospedagem, passagens, guias, not\u00edcias sobre o mercado do turismo, dicas de viagem, v\u00eddeos e podcast.","og_url":"https:\/\/www.travel3.com.br\/site\/sem-categoria\/redeplaza-assume-operacao-e-administracao-do-ecoresort-pr\/","og_site_name":"Travel3","article_publisher":"https:\/\/www.facebook.com\/travel3media\/","article_published_time":"2017-06-04T04:15:03+00:00","author":"admin","twitter_card":"summary_large_image","twitter_misc":{"Escrito por":"admin","Est. tempo de leitura":"2 minutos"},"schema":{"@context":"https:\/\/schema.org","@graph":[{"@type":"Article","@id":"https:\/\/www.travel3.com.br\/site\/sem-categoria\/redeplaza-assume-operacao-e-administracao-do-ecoresort-pr\/#article","isPartOf":{"@id":"https:\/\/www.travel3.com.br\/site\/sem-categoria\/redeplaza-assume-operacao-e-administracao-do-ecoresort-pr\/"},"author":{"name":"admin","@id":"https:\/\/www.travel3.com.br\/site\/#\/schema\/person\/a69d71e41a024999b6ab82369ac0bd1e"},"headline":"REDEPLAZA ASSUME OPERA\u00c7\u00c3O E ADMINISTRA\u00c7\u00c3O DO ECORESORT (PR)","datePublished":"2017-06-04T04:15:03+00:00","mainEntityOfPage":{"@id":"https:\/\/www.travel3.com.br\/site\/sem-categoria\/redeplaza-assume-operacao-e-administracao-do-ecoresort-pr\/"},"wordCount":377,"commentCount":0,"publisher":{"@id":"https:\/\/www.travel3.com.br\/site\/#organization"},"inLanguage":"pt-BR","potentialAction":[{"@type":"CommentAction","name":"Comment","target":["https:\/\/www.travel3.com.br\/site\/sem-categoria\/redeplaza-assume-operacao-e-administracao-do-ecoresort-pr\/#respond"]}]},{"@type":"WebPage","@id":"https:\/\/www.travel3.com.br\/site\/sem-categoria\/redeplaza-assume-operacao-e-administracao-do-ecoresort-pr\/","url":"https:\/\/www.travel3.com.br\/site\/sem-categoria\/redeplaza-assume-operacao-e-administracao-do-ecoresort-pr\/","name":"REDEPLAZA ASSUME OPERA\u00c7\u00c3O E ADMINISTRA\u00c7\u00c3O DO ECORESORT (PR) - Travel3","isPartOf":{"@id":"https:\/\/www.travel3.com.br\/site\/#website"},"datePublished":"2017-06-04T04:15:03+00:00","description":"A TRAVEL3 \u00e9 um portal de conte\u00fado voltado para o turismo, encontre destinos, viagens, hospedagem, passagens, guias, not\u00edcias sobre o mercado do turismo, dicas de viagem, v\u00eddeos e podcast.","breadcrumb":{"@id":"https:\/\/www.travel3.com.br\/site\/sem-categoria\/redeplaza-assume-operacao-e-administracao-do-ecoresort-pr\/#breadcrumb"},"inLanguage":"pt-BR","potentialAction":[{"@type":"ReadAction","target":["https:\/\/www.travel3.com.br\/site\/sem-categoria\/redeplaza-assume-operacao-e-administracao-do-ecoresort-pr\/"]}]},{"@type":"BreadcrumbList","@id":"https:\/\/www.travel3.com.br\/site\/sem-categoria\/redeplaza-assume-operacao-e-administracao-do-ecoresort-pr\/#breadcrumb","itemListElement":[{"@type":"ListItem","position":1,"name":"In\u00edcio","item":"https:\/\/www.travel3.com.br\/site\/"},{"@type":"ListItem","position":2,"name":"REDEPLAZA ASSUME OPERA\u00c7\u00c3O E ADMINISTRA\u00c7\u00c3O DO ECORESORT (PR)"}]},{"@type":"WebSite","@id":"https:\/\/www.travel3.com.br\/site\/#website","url":"https:\/\/www.travel3.com.br\/site\/","name":"Travel3","description":"Lazer + Neg&oacute;cios + Aventura","publisher":{"@id":"https:\/\/www.travel3.com.br\/site\/#organization"},"potentialAction":[{"@type":"SearchAction","target":{"@type":"EntryPoint","urlTemplate":"https:\/\/www.travel3.com.br\/site\/?s={search_term_string}"},"query-input":{"@type":"PropertyValueSpecification","valueRequired":true,"valueName":"search_term_string"}}],"inLanguage":"pt-BR"},{"@type":"Organization","@id":"https:\/\/www.travel3.com.br\/site\/#organization","name":"Travel3","url":"https:\/\/www.travel3.com.br\/site\/","logo":{"@type":"ImageObject","inLanguage":"pt-BR","@id":"https:\/\/www.travel3.com.br\/site\/#\/schema\/logo\/image\/","url":"https:\/\/www.travel3.com.br\/site\/wp-content\/uploads\/2020\/01\/logo-travel3-2020.png","contentUrl":"https:\/\/www.travel3.com.br\/site\/wp-content\/uploads\/2020\/01\/logo-travel3-2020.png","width":232,"height":79,"caption":"Travel3"},"image":{"@id":"https:\/\/www.travel3.com.br\/site\/#\/schema\/logo\/image\/"},"sameAs":["https:\/\/www.facebook.com\/travel3media\/","https:\/\/www.instagram.com\/revistatravel3\/","https:\/\/www.youtube.com\/channel\/UCno7J4paGBR3VbZQzvoJ9Eg"]},{"@type":"Person","@id":"https:\/\/www.travel3.com.br\/site\/#\/schema\/person\/a69d71e41a024999b6ab82369ac0bd1e","name":"admin","image":{"@type":"ImageObject","inLanguage":"pt-BR","@id":"https:\/\/www.travel3.com.br\/site\/#\/schema\/person\/image\/","url":"https:\/\/secure.gravatar.com\/avatar\/732a67adfd764da2a47ba10ce731c4c0?s=96&d=mm&r=g","contentUrl":"https:\/\/secure.gravatar.com\/avatar\/732a67adfd764da2a47ba10ce731c4c0?s=96&d=mm&r=g","caption":"admin"},"url":"https:\/\/www.travel3.com.br\/site\/author\/admin\/"}]}},"_links":{"self":[{"href":"https:\/\/www.travel3.com.br\/site\/wp-json\/wp\/v2\/posts\/5724","targetHints":{"allow":["GET"]}}],"collection":[{"href":"https:\/\/www.travel3.com.br\/site\/wp-json\/wp\/v2\/posts"}],"about":[{"href":"https:\/\/www.travel3.com.br\/site\/wp-json\/wp\/v2\/types\/post"}],"author":[{"embeddable":true,"href":"https:\/\/www.travel3.com.br\/site\/wp-json\/wp\/v2\/users\/1"}],"replies":[{"embeddable":true,"href":"https:\/\/www.travel3.com.br\/site\/wp-json\/wp\/v2\/comments?post=5724"}],"version-history":[{"count":0,"href":"https:\/\/www.travel3.com.br\/site\/wp-json\/wp\/v2\/posts\/5724\/revisions"}],"wp:attachment":[{"href":"https:\/\/www.travel3.com.br\/site\/wp-json\/wp\/v2\/media?parent=5724"}],"wp:term":[{"taxonomy":"category","embeddable":true,"href":"https:\/\/www.travel3.com.br\/site\/wp-json\/wp\/v2\/categories?post=5724"},{"taxonomy":"post_tag","embeddable":true,"href":"https:\/\/www.travel3.com.br\/site\/wp-json\/wp\/v2\/tags?post=5724"}],"curies":[{"name":"wp","href":"https:\/\/api.w.org\/{rel}","templated":true}]}}