{"id":57204,"date":"2023-03-02T08:14:00","date_gmt":"2023-03-02T11:14:00","guid":{"rendered":"https:\/\/www.travel3.com.br\/?p=57204"},"modified":"2023-03-01T21:45:25","modified_gmt":"2023-03-02T00:45:25","slug":"b2b-da-cvc-corp-reune-top-sellers-em-sao-paulo","status":"publish","type":"post","link":"https:\/\/www.travel3.com.br\/site\/acontece-no-turismo\/b2b-da-cvc-corp-reune-top-sellers-em-sao-paulo\/","title":{"rendered":"B2B da CVC Corp re\u00fane Top Sellers em S\u00e3o Paulo"},"content":{"rendered":"\n<h2 class=\"wp-block-heading\">Evento premiou 40 ag\u00eancias parceiras que se destacaram em 2022<\/h2>\n\n\n\n<p>O B2B da CVC Corp, formado pelas marcas <strong><a href=\"https:\/\/www.rexturadvance.com.br\/\" target=\"_blank\" rel=\"noreferrer noopener\">RexturAdvance<\/a><\/strong>, <strong><a href=\"https:\/\/new.trendviagens.com.br\/\" target=\"_blank\" rel=\"noreferrer noopener\">Trend<\/a><\/strong>, <strong><a href=\"https:\/\/www.visualturismo.com.br\/\" target=\"_blank\" rel=\"noreferrer noopener\">Visual<\/a><\/strong>, <strong><a href=\"https:\/\/hotsite.esferafacil.tur.br\/\" target=\"_blank\" rel=\"noreferrer noopener\">Esferatur<\/a><\/strong> e canal multimarcas da CVC, promoveu na \u00faltima ter\u00e7a (28\/2) o evento <strong>Top Sellers<\/strong>, para reconhecer as 40 ag\u00eancias de viagens parceiras que mais venderam os produtos do grupo em 2022.<\/p>\n\n\n\n<div class=\"wp-block-image\"><figure class=\"aligncenter size-large is-resized\"><img loading=\"lazy\" decoding=\"async\" src=\"https:\/\/www.travel3.com.br\/site\/wp-content\/uploads\/2023\/03\/MG-0065_Easy-Resize.com_-968x1024.jpg\" alt=\"Top Sellers B2B CVC Corp\" class=\"wp-image-57207\" width=\"686\" height=\"725\" srcset=\"https:\/\/www.travel3.com.br\/site\/wp-content\/uploads\/2023\/03\/MG-0065_Easy-Resize.com_-968x1024.jpg 968w, https:\/\/www.travel3.com.br\/site\/wp-content\/uploads\/2023\/03\/MG-0065_Easy-Resize.com_-284x300.jpg 284w, https:\/\/www.travel3.com.br\/site\/wp-content\/uploads\/2023\/03\/MG-0065_Easy-Resize.com_-768x812.jpg 768w, https:\/\/www.travel3.com.br\/site\/wp-content\/uploads\/2023\/03\/MG-0065_Easy-Resize.com_-150x159.jpg 150w, https:\/\/www.travel3.com.br\/site\/wp-content\/uploads\/2023\/03\/MG-0065_Easy-Resize.com_-750x793.jpg 750w, https:\/\/www.travel3.com.br\/site\/wp-content\/uploads\/2023\/03\/MG-0065_Easy-Resize.com_-1140x1206.jpg 1140w, https:\/\/www.travel3.com.br\/site\/wp-content\/uploads\/2023\/03\/MG-0065_Easy-Resize.com_.jpg 1210w\" sizes=\"auto, (max-width: 686px) 100vw, 686px\" \/><figcaption>Claudia Pinheiro e M\u00e1rvio Mansur (Foto: Almir Bonfim Jr\/Divulga\u00e7\u00e3o)<\/figcaption><\/figure><\/div>\n\n\n\n<p>O encontro foi realizado no <strong><a href=\"https:\/\/www.travel3.com.br\/hotel\/nacional\/tangara-house-e-o-espaco-para-eventos-corporativos-do-palacio-paulistano\/\" target=\"_blank\" rel=\"noreferrer noopener\">Pal\u00e1cio Tangar\u00e1<\/a><\/strong>, em S\u00e3o Paulo, e contou com a participa\u00e7\u00e3o do presidente da CVC Corp, <strong><a href=\"https:\/\/www.travel3.com.br\/acontece-no-turismo\/negocios\/cvc-apresenta-seu-programa-de-fidelidade\/\" target=\"_blank\" rel=\"noreferrer noopener\">Leonel Andrade<\/a><\/strong>, do diretor dos Neg\u00f3cios B2B da companhia, <strong><a href=\"https:\/\/www.travel3.com.br\/acontece-no-turismo\/operadoras\/rodrigo-sienra-assume-a-diretoria-b2b-da-cvc-corp\/\" target=\"_blank\" rel=\"noreferrer noopener\">Rodrigo Sienra<\/a><\/strong>, do diretor de Produtos e Opera\u00e7\u00f5es, <strong>Fabio Mader<\/strong>, do diretor de Tecnologia, <strong>Marcelo Clara<\/strong>, e demais executivos da empresa, al\u00e9m de participa\u00e7\u00e3o de fornecedores, parceiros de neg\u00f3cio e patrocinadores.<\/p>\n\n\n\n<p>As 40 ag\u00eancias premiadas foram: Advantage, 4BTS, Avipam, Bella Star Travel, Certa Viagens, Checkmate, Condor Turismo, Costa Brava Viagens E Eventos, Destaque Turismo, Dynamic Travel, Empresarial, Goa Viagens, Grupo Arbo, Grupo The Client Turismo, J\u00f4 Cintra, Lca Viagens, Loutours, Milessis, Mk Business, Monet Viagens, Mundial Turismo, Nix Travel, Onfly, Opus Viagens, Orleanstur, P&amp;P, Paytrack, Plantel Turismo, Pontual, Positivo Turismo, Premier, Primetour, Sb Travel, Sieben, Singularis, Sky Fly, Stop and Go, Tivolitur, Top Service e Wee Travel.<\/p>\n\n\n\n<figure class=\"wp-block-pullquote\"><blockquote><p>Os agentes de viagens s\u00e3o respons\u00e1veis por eternizar as melhores mem\u00f3rias de viagens em seus passageiros e nosso principal objetivo com o Top Sellers \u00e9 reconhecer todo esse empenho e homenagear as ag\u00eancias que nos apoiam durante todo o ano, levando as melhores oportunidades e experi\u00eancias aos viajantes. Foi um encontro para reconhecimento, troca e relacionamento com nossos principais parceiros, al\u00e9m de ser muito marcante, j\u00e1 que \u00e9 o primeiro desde que unificamos na estrutura B2B todas as marcas que atendem os agentes de viagens.<\/p><cite>Rodrigo Sienra &#8211; Diretor dos Neg\u00f3cios B2B da companhia<\/cite><\/blockquote><\/figure>\n\n\n\n<div class=\"wp-block-image\"><figure class=\"aligncenter size-large\"><img loading=\"lazy\" decoding=\"async\" width=\"1024\" height=\"682\" src=\"https:\/\/www.travel3.com.br\/site\/wp-content\/uploads\/2023\/03\/Premiacao-Top-Sellers-CVC-Corp-2022-1024x682.jpg\" alt=\"Premia\u00e7\u00e3o Top Sellers CVC Corp 2022\" class=\"wp-image-57208\" srcset=\"https:\/\/www.travel3.com.br\/site\/wp-content\/uploads\/2023\/03\/Premiacao-Top-Sellers-CVC-Corp-2022-1024x682.jpg 1024w, https:\/\/www.travel3.com.br\/site\/wp-content\/uploads\/2023\/03\/Premiacao-Top-Sellers-CVC-Corp-2022-300x200.jpg 300w, https:\/\/www.travel3.com.br\/site\/wp-content\/uploads\/2023\/03\/Premiacao-Top-Sellers-CVC-Corp-2022-768x512.jpg 768w, https:\/\/www.travel3.com.br\/site\/wp-content\/uploads\/2023\/03\/Premiacao-Top-Sellers-CVC-Corp-2022-150x100.jpg 150w, https:\/\/www.travel3.com.br\/site\/wp-content\/uploads\/2023\/03\/Premiacao-Top-Sellers-CVC-Corp-2022-750x500.jpg 750w, https:\/\/www.travel3.com.br\/site\/wp-content\/uploads\/2023\/03\/Premiacao-Top-Sellers-CVC-Corp-2022-1140x760.jpg 1140w, https:\/\/www.travel3.com.br\/site\/wp-content\/uploads\/2023\/03\/Premiacao-Top-Sellers-CVC-Corp-2022.jpg 1280w\" sizes=\"auto, (max-width: 1024px) 100vw, 1024px\" \/><figcaption>Premia\u00e7\u00e3o Top Sellers CVC Corp 2022 (Foto: Almir Bonfim Jr\/ Divulga\u00e7\u00e3o)<\/figcaption><\/figure><\/div>\n\n\n\n<p>Rodrigo Sienra aproveitou para refor\u00e7ar que ainda este ano ser\u00e1 lan\u00e7ada a nova marca do B2B da CVC Corp. Ainda destacou a import\u00e2ncia de 2023 para o setor, e como o ano come\u00e7ou forte. \u201c<strong><em>Esse ano marca a retomada definitiva do turismo, com muitas possibilidades de emendas de feriados, o que favorece o lazer, e tamb\u00e9m com a volta das grandes feiras e eventos corporativos. Come\u00e7amos o ano com alta demanda em todos os segmentos e as expectativas s\u00e3o as melhores poss\u00edveis<\/em><\/strong>\u201d, afirma.<\/p>\n\n\n\n<p>A programa\u00e7\u00e3o do encontro incluiu, al\u00e9m do coquetel com premia\u00e7\u00e3o, caf\u00e9 da tarde e site inspection pelo hotel. Foram patrocinadores os seguintes parceiros: as companhias a\u00e9reas Gol, Air France, KLM, Delta, Latam, British Airways, Iberia, Turkish Airlines, e tamb\u00e9m a rede Accor e a Movida.<\/p>\n\n\n\n<div class=\"wp-block-image\"><figure class=\"aligncenter size-large\"><img loading=\"lazy\" decoding=\"async\" width=\"1024\" height=\"692\" src=\"https:\/\/www.travel3.com.br\/site\/wp-content\/uploads\/2023\/03\/2Premiacao-Top-Sellers-CVC-Corp-2022_Easy-Resize.com_-1024x692.jpg\" alt=\"Premia\u00e7\u00e3o Top Sellers CVC Corp 2022\" class=\"wp-image-57210\" srcset=\"https:\/\/www.travel3.com.br\/site\/wp-content\/uploads\/2023\/03\/2Premiacao-Top-Sellers-CVC-Corp-2022_Easy-Resize.com_-1024x692.jpg 1024w, https:\/\/www.travel3.com.br\/site\/wp-content\/uploads\/2023\/03\/2Premiacao-Top-Sellers-CVC-Corp-2022_Easy-Resize.com_-300x203.jpg 300w, https:\/\/www.travel3.com.br\/site\/wp-content\/uploads\/2023\/03\/2Premiacao-Top-Sellers-CVC-Corp-2022_Easy-Resize.com_-768x519.jpg 768w, https:\/\/www.travel3.com.br\/site\/wp-content\/uploads\/2023\/03\/2Premiacao-Top-Sellers-CVC-Corp-2022_Easy-Resize.com_-150x101.jpg 150w, https:\/\/www.travel3.com.br\/site\/wp-content\/uploads\/2023\/03\/2Premiacao-Top-Sellers-CVC-Corp-2022_Easy-Resize.com_-750x507.jpg 750w, https:\/\/www.travel3.com.br\/site\/wp-content\/uploads\/2023\/03\/2Premiacao-Top-Sellers-CVC-Corp-2022_Easy-Resize.com_-1140x770.jpg 1140w, https:\/\/www.travel3.com.br\/site\/wp-content\/uploads\/2023\/03\/2Premiacao-Top-Sellers-CVC-Corp-2022_Easy-Resize.com_.jpg 1280w\" sizes=\"auto, (max-width: 1024px) 100vw, 1024px\" \/><figcaption>Foto: Almir Bonfim Jr\/Divulga\u00e7\u00e3o<\/figcaption><\/figure><\/div>\n","protected":false},"excerpt":{"rendered":"<p>Evento premiou 40 ag\u00eancias parceiras que se destacaram em 2022<\/p>\n","protected":false},"author":5,"featured_media":57205,"comment_status":"open","ping_status":"open","sticky":false,"template":"","format":"standard","meta":{"footnotes":""},"categories":[969],"tags":[4930,263,3077,5376,5377,5378,4524],"class_list":["post-57204","post","type-post","status-publish","format-standard","has-post-thumbnail","hentry","category-acontece-no-turismo","tag-b2b-da-cvc-corp","tag-cvc","tag-cvc-corp","tag-top-seller","tag-top-sellers-2022-cvc","tag-top-sellers-cvc","tag-unidade-b2b-da-cvc-corp"],"yoast_head":"<!-- This site is optimized with the Yoast SEO plugin v26.2 - https:\/\/yoast.com\/wordpress\/plugins\/seo\/ -->\n<title>B2B da CVC Corp re\u00fane Top Sellers em S\u00e3o Paulo - Travel3<\/title>\n<meta name=\"description\" content=\"B2B da CVC Corp re\u00fane Top Sellers em S\u00e3o Paulo; Evento premiou 40 ag\u00eancias parceiras que se destacaram em 2022\" \/>\n<meta name=\"robots\" content=\"index, follow, max-snippet:-1, max-image-preview:large, max-video-preview:-1\" \/>\n<link rel=\"canonical\" href=\"https:\/\/www.travel3.com.br\/site\/acontece-no-turismo\/b2b-da-cvc-corp-reune-top-sellers-em-sao-paulo\/\" \/>\n<meta property=\"og:locale\" content=\"pt_BR\" \/>\n<meta property=\"og:type\" content=\"article\" \/>\n<meta property=\"og:title\" content=\"B2B da CVC Corp re\u00fane Top Sellers em S\u00e3o Paulo - Travel3\" \/>\n<meta property=\"og:description\" content=\"B2B da CVC Corp re\u00fane Top Sellers em S\u00e3o Paulo; Evento premiou 40 ag\u00eancias parceiras que se destacaram em 2022\" \/>\n<meta property=\"og:url\" content=\"https:\/\/www.travel3.com.br\/site\/acontece-no-turismo\/b2b-da-cvc-corp-reune-top-sellers-em-sao-paulo\/\" \/>\n<meta property=\"og:site_name\" content=\"Travel3\" \/>\n<meta property=\"article:publisher\" content=\"https:\/\/www.facebook.com\/travel3media\/\" \/>\n<meta property=\"article:published_time\" content=\"2023-03-02T11:14:00+00:00\" \/>\n<meta property=\"og:image\" content=\"https:\/\/www.travel3.com.br\/site\/wp-content\/uploads\/2023\/03\/Rodrigo-Sienra-Leonel-Andrade-Claudia-Pinheiro-e-Marvio-Mansur.jpg\" \/>\n\t<meta property=\"og:image:width\" content=\"1280\" \/>\n\t<meta property=\"og:image:height\" content=\"853\" \/>\n\t<meta property=\"og:image:type\" content=\"image\/jpeg\" \/>\n<meta name=\"author\" content=\"Reda\u00e7\u00e3o Travel3\" \/>\n<meta name=\"twitter:card\" content=\"summary_large_image\" \/>\n<meta name=\"twitter:label1\" content=\"Escrito por\" \/>\n\t<meta name=\"twitter:data1\" content=\"Reda\u00e7\u00e3o Travel3\" \/>\n\t<meta name=\"twitter:label2\" content=\"Est. tempo de leitura\" \/>\n\t<meta name=\"twitter:data2\" content=\"3 minutos\" \/>\n<script type=\"application\/ld+json\" class=\"yoast-schema-graph\">{\"@context\":\"https:\/\/schema.org\",\"@graph\":[{\"@type\":\"Article\",\"@id\":\"https:\/\/www.travel3.com.br\/site\/acontece-no-turismo\/b2b-da-cvc-corp-reune-top-sellers-em-sao-paulo\/#article\",\"isPartOf\":{\"@id\":\"https:\/\/www.travel3.com.br\/site\/acontece-no-turismo\/b2b-da-cvc-corp-reune-top-sellers-em-sao-paulo\/\"},\"author\":{\"name\":\"Reda\u00e7\u00e3o Travel3\",\"@id\":\"https:\/\/www.travel3.com.br\/site\/#\/schema\/person\/89251b0320bc67697de92249f97f3fdb\"},\"headline\":\"B2B da CVC Corp re\u00fane Top Sellers em S\u00e3o Paulo\",\"datePublished\":\"2023-03-02T11:14:00+00:00\",\"mainEntityOfPage\":{\"@id\":\"https:\/\/www.travel3.com.br\/site\/acontece-no-turismo\/b2b-da-cvc-corp-reune-top-sellers-em-sao-paulo\/\"},\"wordCount\":484,\"commentCount\":0,\"publisher\":{\"@id\":\"https:\/\/www.travel3.com.br\/site\/#organization\"},\"image\":{\"@id\":\"https:\/\/www.travel3.com.br\/site\/acontece-no-turismo\/b2b-da-cvc-corp-reune-top-sellers-em-sao-paulo\/#primaryimage\"},\"thumbnailUrl\":\"https:\/\/www.travel3.com.br\/site\/wp-content\/uploads\/2023\/03\/Rodrigo-Sienra-Leonel-Andrade-Claudia-Pinheiro-e-Marvio-Mansur.jpg\",\"keywords\":[\"B2B da CVC Corp\",\"CVC\",\"cvc corp\",\"Top Seller\",\"Top Sellers 2022 CVC\",\"Top Sellers CVC\",\"Unidade B2B da CVC Corp\"],\"articleSection\":[\"Acontece no Turismo\"],\"inLanguage\":\"pt-BR\",\"potentialAction\":[{\"@type\":\"CommentAction\",\"name\":\"Comment\",\"target\":[\"https:\/\/www.travel3.com.br\/site\/acontece-no-turismo\/b2b-da-cvc-corp-reune-top-sellers-em-sao-paulo\/#respond\"]}]},{\"@type\":\"WebPage\",\"@id\":\"https:\/\/www.travel3.com.br\/site\/acontece-no-turismo\/b2b-da-cvc-corp-reune-top-sellers-em-sao-paulo\/\",\"url\":\"https:\/\/www.travel3.com.br\/site\/acontece-no-turismo\/b2b-da-cvc-corp-reune-top-sellers-em-sao-paulo\/\",\"name\":\"B2B da CVC Corp re\u00fane Top Sellers em S\u00e3o Paulo - Travel3\",\"isPartOf\":{\"@id\":\"https:\/\/www.travel3.com.br\/site\/#website\"},\"primaryImageOfPage\":{\"@id\":\"https:\/\/www.travel3.com.br\/site\/acontece-no-turismo\/b2b-da-cvc-corp-reune-top-sellers-em-sao-paulo\/#primaryimage\"},\"image\":{\"@id\":\"https:\/\/www.travel3.com.br\/site\/acontece-no-turismo\/b2b-da-cvc-corp-reune-top-sellers-em-sao-paulo\/#primaryimage\"},\"thumbnailUrl\":\"https:\/\/www.travel3.com.br\/site\/wp-content\/uploads\/2023\/03\/Rodrigo-Sienra-Leonel-Andrade-Claudia-Pinheiro-e-Marvio-Mansur.jpg\",\"datePublished\":\"2023-03-02T11:14:00+00:00\",\"description\":\"B2B da CVC Corp re\u00fane Top Sellers em S\u00e3o Paulo; Evento premiou 40 ag\u00eancias parceiras que se destacaram em 2022\",\"breadcrumb\":{\"@id\":\"https:\/\/www.travel3.com.br\/site\/acontece-no-turismo\/b2b-da-cvc-corp-reune-top-sellers-em-sao-paulo\/#breadcrumb\"},\"inLanguage\":\"pt-BR\",\"potentialAction\":[{\"@type\":\"ReadAction\",\"target\":[\"https:\/\/www.travel3.com.br\/site\/acontece-no-turismo\/b2b-da-cvc-corp-reune-top-sellers-em-sao-paulo\/\"]}]},{\"@type\":\"ImageObject\",\"inLanguage\":\"pt-BR\",\"@id\":\"https:\/\/www.travel3.com.br\/site\/acontece-no-turismo\/b2b-da-cvc-corp-reune-top-sellers-em-sao-paulo\/#primaryimage\",\"url\":\"https:\/\/www.travel3.com.br\/site\/wp-content\/uploads\/2023\/03\/Rodrigo-Sienra-Leonel-Andrade-Claudia-Pinheiro-e-Marvio-Mansur.jpg\",\"contentUrl\":\"https:\/\/www.travel3.com.br\/site\/wp-content\/uploads\/2023\/03\/Rodrigo-Sienra-Leonel-Andrade-Claudia-Pinheiro-e-Marvio-Mansur.jpg\",\"width\":1280,\"height\":853,\"caption\":\"Rodrigo Sienra, Leonel Andrade, Claudia Pinheiro e M\u00e1rvio Mansur - os anfiri\u00f5es do Top Sellers da CVC Corp (Foto: Almir Bonfim Jr\/Divulga\u00e7\u00e3o)\"},{\"@type\":\"BreadcrumbList\",\"@id\":\"https:\/\/www.travel3.com.br\/site\/acontece-no-turismo\/b2b-da-cvc-corp-reune-top-sellers-em-sao-paulo\/#breadcrumb\",\"itemListElement\":[{\"@type\":\"ListItem\",\"position\":1,\"name\":\"In\u00edcio\",\"item\":\"https:\/\/www.travel3.com.br\/site\/\"},{\"@type\":\"ListItem\",\"position\":2,\"name\":\"B2B da CVC Corp re\u00fane Top Sellers em S\u00e3o Paulo\"}]},{\"@type\":\"WebSite\",\"@id\":\"https:\/\/www.travel3.com.br\/site\/#website\",\"url\":\"https:\/\/www.travel3.com.br\/site\/\",\"name\":\"Travel3\",\"description\":\"Lazer + Neg&oacute;cios + Aventura\",\"publisher\":{\"@id\":\"https:\/\/www.travel3.com.br\/site\/#organization\"},\"potentialAction\":[{\"@type\":\"SearchAction\",\"target\":{\"@type\":\"EntryPoint\",\"urlTemplate\":\"https:\/\/www.travel3.com.br\/site\/?s={search_term_string}\"},\"query-input\":{\"@type\":\"PropertyValueSpecification\",\"valueRequired\":true,\"valueName\":\"search_term_string\"}}],\"inLanguage\":\"pt-BR\"},{\"@type\":\"Organization\",\"@id\":\"https:\/\/www.travel3.com.br\/site\/#organization\",\"name\":\"Travel3\",\"url\":\"https:\/\/www.travel3.com.br\/site\/\",\"logo\":{\"@type\":\"ImageObject\",\"inLanguage\":\"pt-BR\",\"@id\":\"https:\/\/www.travel3.com.br\/site\/#\/schema\/logo\/image\/\",\"url\":\"https:\/\/www.travel3.com.br\/site\/wp-content\/uploads\/2020\/01\/logo-travel3-2020.png\",\"contentUrl\":\"https:\/\/www.travel3.com.br\/site\/wp-content\/uploads\/2020\/01\/logo-travel3-2020.png\",\"width\":232,\"height\":79,\"caption\":\"Travel3\"},\"image\":{\"@id\":\"https:\/\/www.travel3.com.br\/site\/#\/schema\/logo\/image\/\"},\"sameAs\":[\"https:\/\/www.facebook.com\/travel3media\/\",\"https:\/\/www.instagram.com\/revistatravel3\/\",\"https:\/\/www.youtube.com\/channel\/UCno7J4paGBR3VbZQzvoJ9Eg\"]},{\"@type\":\"Person\",\"@id\":\"https:\/\/www.travel3.com.br\/site\/#\/schema\/person\/89251b0320bc67697de92249f97f3fdb\",\"name\":\"Reda\u00e7\u00e3o Travel3\",\"image\":{\"@type\":\"ImageObject\",\"inLanguage\":\"pt-BR\",\"@id\":\"https:\/\/www.travel3.com.br\/site\/#\/schema\/person\/image\/\",\"url\":\"https:\/\/secure.gravatar.com\/avatar\/85a5ec2ad99b1932f671ebf50c117db6?s=96&d=mm&r=g\",\"contentUrl\":\"https:\/\/secure.gravatar.com\/avatar\/85a5ec2ad99b1932f671ebf50c117db6?s=96&d=mm&r=g\",\"caption\":\"Reda\u00e7\u00e3o Travel3\"},\"sameAs\":[\"http:\/\/www.travel3.com.br\/\"],\"url\":\"https:\/\/www.travel3.com.br\/site\/author\/redacao\/\"}]}<\/script>\n<!-- \/ Yoast SEO plugin. -->","yoast_head_json":{"title":"B2B da CVC Corp re\u00fane Top Sellers em S\u00e3o Paulo - Travel3","description":"B2B da CVC Corp re\u00fane Top Sellers em S\u00e3o Paulo; Evento premiou 40 ag\u00eancias parceiras que se destacaram em 2022","robots":{"index":"index","follow":"follow","max-snippet":"max-snippet:-1","max-image-preview":"max-image-preview:large","max-video-preview":"max-video-preview:-1"},"canonical":"https:\/\/www.travel3.com.br\/site\/acontece-no-turismo\/b2b-da-cvc-corp-reune-top-sellers-em-sao-paulo\/","og_locale":"pt_BR","og_type":"article","og_title":"B2B da CVC Corp re\u00fane Top Sellers em S\u00e3o Paulo - Travel3","og_description":"B2B da CVC Corp re\u00fane Top Sellers em S\u00e3o Paulo; Evento premiou 40 ag\u00eancias parceiras que se destacaram em 2022","og_url":"https:\/\/www.travel3.com.br\/site\/acontece-no-turismo\/b2b-da-cvc-corp-reune-top-sellers-em-sao-paulo\/","og_site_name":"Travel3","article_publisher":"https:\/\/www.facebook.com\/travel3media\/","article_published_time":"2023-03-02T11:14:00+00:00","og_image":[{"width":1280,"height":853,"url":"https:\/\/www.travel3.com.br\/site\/wp-content\/uploads\/2023\/03\/Rodrigo-Sienra-Leonel-Andrade-Claudia-Pinheiro-e-Marvio-Mansur.jpg","type":"image\/jpeg"}],"author":"Reda\u00e7\u00e3o Travel3","twitter_card":"summary_large_image","twitter_misc":{"Escrito por":"Reda\u00e7\u00e3o Travel3","Est. tempo de leitura":"3 minutos"},"schema":{"@context":"https:\/\/schema.org","@graph":[{"@type":"Article","@id":"https:\/\/www.travel3.com.br\/site\/acontece-no-turismo\/b2b-da-cvc-corp-reune-top-sellers-em-sao-paulo\/#article","isPartOf":{"@id":"https:\/\/www.travel3.com.br\/site\/acontece-no-turismo\/b2b-da-cvc-corp-reune-top-sellers-em-sao-paulo\/"},"author":{"name":"Reda\u00e7\u00e3o Travel3","@id":"https:\/\/www.travel3.com.br\/site\/#\/schema\/person\/89251b0320bc67697de92249f97f3fdb"},"headline":"B2B da CVC Corp re\u00fane Top Sellers em S\u00e3o Paulo","datePublished":"2023-03-02T11:14:00+00:00","mainEntityOfPage":{"@id":"https:\/\/www.travel3.com.br\/site\/acontece-no-turismo\/b2b-da-cvc-corp-reune-top-sellers-em-sao-paulo\/"},"wordCount":484,"commentCount":0,"publisher":{"@id":"https:\/\/www.travel3.com.br\/site\/#organization"},"image":{"@id":"https:\/\/www.travel3.com.br\/site\/acontece-no-turismo\/b2b-da-cvc-corp-reune-top-sellers-em-sao-paulo\/#primaryimage"},"thumbnailUrl":"https:\/\/www.travel3.com.br\/site\/wp-content\/uploads\/2023\/03\/Rodrigo-Sienra-Leonel-Andrade-Claudia-Pinheiro-e-Marvio-Mansur.jpg","keywords":["B2B da CVC Corp","CVC","cvc corp","Top Seller","Top Sellers 2022 CVC","Top Sellers CVC","Unidade B2B da CVC Corp"],"articleSection":["Acontece no Turismo"],"inLanguage":"pt-BR","potentialAction":[{"@type":"CommentAction","name":"Comment","target":["https:\/\/www.travel3.com.br\/site\/acontece-no-turismo\/b2b-da-cvc-corp-reune-top-sellers-em-sao-paulo\/#respond"]}]},{"@type":"WebPage","@id":"https:\/\/www.travel3.com.br\/site\/acontece-no-turismo\/b2b-da-cvc-corp-reune-top-sellers-em-sao-paulo\/","url":"https:\/\/www.travel3.com.br\/site\/acontece-no-turismo\/b2b-da-cvc-corp-reune-top-sellers-em-sao-paulo\/","name":"B2B da CVC Corp re\u00fane Top Sellers em S\u00e3o Paulo - Travel3","isPartOf":{"@id":"https:\/\/www.travel3.com.br\/site\/#website"},"primaryImageOfPage":{"@id":"https:\/\/www.travel3.com.br\/site\/acontece-no-turismo\/b2b-da-cvc-corp-reune-top-sellers-em-sao-paulo\/#primaryimage"},"image":{"@id":"https:\/\/www.travel3.com.br\/site\/acontece-no-turismo\/b2b-da-cvc-corp-reune-top-sellers-em-sao-paulo\/#primaryimage"},"thumbnailUrl":"https:\/\/www.travel3.com.br\/site\/wp-content\/uploads\/2023\/03\/Rodrigo-Sienra-Leonel-Andrade-Claudia-Pinheiro-e-Marvio-Mansur.jpg","datePublished":"2023-03-02T11:14:00+00:00","description":"B2B da CVC Corp re\u00fane Top Sellers em S\u00e3o Paulo; Evento premiou 40 ag\u00eancias parceiras que se destacaram em 2022","breadcrumb":{"@id":"https:\/\/www.travel3.com.br\/site\/acontece-no-turismo\/b2b-da-cvc-corp-reune-top-sellers-em-sao-paulo\/#breadcrumb"},"inLanguage":"pt-BR","potentialAction":[{"@type":"ReadAction","target":["https:\/\/www.travel3.com.br\/site\/acontece-no-turismo\/b2b-da-cvc-corp-reune-top-sellers-em-sao-paulo\/"]}]},{"@type":"ImageObject","inLanguage":"pt-BR","@id":"https:\/\/www.travel3.com.br\/site\/acontece-no-turismo\/b2b-da-cvc-corp-reune-top-sellers-em-sao-paulo\/#primaryimage","url":"https:\/\/www.travel3.com.br\/site\/wp-content\/uploads\/2023\/03\/Rodrigo-Sienra-Leonel-Andrade-Claudia-Pinheiro-e-Marvio-Mansur.jpg","contentUrl":"https:\/\/www.travel3.com.br\/site\/wp-content\/uploads\/2023\/03\/Rodrigo-Sienra-Leonel-Andrade-Claudia-Pinheiro-e-Marvio-Mansur.jpg","width":1280,"height":853,"caption":"Rodrigo Sienra, Leonel Andrade, Claudia Pinheiro e M\u00e1rvio Mansur - os anfiri\u00f5es do Top Sellers da CVC Corp (Foto: Almir Bonfim Jr\/Divulga\u00e7\u00e3o)"},{"@type":"BreadcrumbList","@id":"https:\/\/www.travel3.com.br\/site\/acontece-no-turismo\/b2b-da-cvc-corp-reune-top-sellers-em-sao-paulo\/#breadcrumb","itemListElement":[{"@type":"ListItem","position":1,"name":"In\u00edcio","item":"https:\/\/www.travel3.com.br\/site\/"},{"@type":"ListItem","position":2,"name":"B2B da CVC Corp re\u00fane Top Sellers em S\u00e3o Paulo"}]},{"@type":"WebSite","@id":"https:\/\/www.travel3.com.br\/site\/#website","url":"https:\/\/www.travel3.com.br\/site\/","name":"Travel3","description":"Lazer + Neg&oacute;cios + Aventura","publisher":{"@id":"https:\/\/www.travel3.com.br\/site\/#organization"},"potentialAction":[{"@type":"SearchAction","target":{"@type":"EntryPoint","urlTemplate":"https:\/\/www.travel3.com.br\/site\/?s={search_term_string}"},"query-input":{"@type":"PropertyValueSpecification","valueRequired":true,"valueName":"search_term_string"}}],"inLanguage":"pt-BR"},{"@type":"Organization","@id":"https:\/\/www.travel3.com.br\/site\/#organization","name":"Travel3","url":"https:\/\/www.travel3.com.br\/site\/","logo":{"@type":"ImageObject","inLanguage":"pt-BR","@id":"https:\/\/www.travel3.com.br\/site\/#\/schema\/logo\/image\/","url":"https:\/\/www.travel3.com.br\/site\/wp-content\/uploads\/2020\/01\/logo-travel3-2020.png","contentUrl":"https:\/\/www.travel3.com.br\/site\/wp-content\/uploads\/2020\/01\/logo-travel3-2020.png","width":232,"height":79,"caption":"Travel3"},"image":{"@id":"https:\/\/www.travel3.com.br\/site\/#\/schema\/logo\/image\/"},"sameAs":["https:\/\/www.facebook.com\/travel3media\/","https:\/\/www.instagram.com\/revistatravel3\/","https:\/\/www.youtube.com\/channel\/UCno7J4paGBR3VbZQzvoJ9Eg"]},{"@type":"Person","@id":"https:\/\/www.travel3.com.br\/site\/#\/schema\/person\/89251b0320bc67697de92249f97f3fdb","name":"Reda\u00e7\u00e3o Travel3","image":{"@type":"ImageObject","inLanguage":"pt-BR","@id":"https:\/\/www.travel3.com.br\/site\/#\/schema\/person\/image\/","url":"https:\/\/secure.gravatar.com\/avatar\/85a5ec2ad99b1932f671ebf50c117db6?s=96&d=mm&r=g","contentUrl":"https:\/\/secure.gravatar.com\/avatar\/85a5ec2ad99b1932f671ebf50c117db6?s=96&d=mm&r=g","caption":"Reda\u00e7\u00e3o Travel3"},"sameAs":["http:\/\/www.travel3.com.br\/"],"url":"https:\/\/www.travel3.com.br\/site\/author\/redacao\/"}]}},"_links":{"self":[{"href":"https:\/\/www.travel3.com.br\/site\/wp-json\/wp\/v2\/posts\/57204","targetHints":{"allow":["GET"]}}],"collection":[{"href":"https:\/\/www.travel3.com.br\/site\/wp-json\/wp\/v2\/posts"}],"about":[{"href":"https:\/\/www.travel3.com.br\/site\/wp-json\/wp\/v2\/types\/post"}],"author":[{"embeddable":true,"href":"https:\/\/www.travel3.com.br\/site\/wp-json\/wp\/v2\/users\/5"}],"replies":[{"embeddable":true,"href":"https:\/\/www.travel3.com.br\/site\/wp-json\/wp\/v2\/comments?post=57204"}],"version-history":[{"count":7,"href":"https:\/\/www.travel3.com.br\/site\/wp-json\/wp\/v2\/posts\/57204\/revisions"}],"predecessor-version":[{"id":57217,"href":"https:\/\/www.travel3.com.br\/site\/wp-json\/wp\/v2\/posts\/57204\/revisions\/57217"}],"wp:featuredmedia":[{"embeddable":true,"href":"https:\/\/www.travel3.com.br\/site\/wp-json\/wp\/v2\/media\/57205"}],"wp:attachment":[{"href":"https:\/\/www.travel3.com.br\/site\/wp-json\/wp\/v2\/media?parent=57204"}],"wp:term":[{"taxonomy":"category","embeddable":true,"href":"https:\/\/www.travel3.com.br\/site\/wp-json\/wp\/v2\/categories?post=57204"},{"taxonomy":"post_tag","embeddable":true,"href":"https:\/\/www.travel3.com.br\/site\/wp-json\/wp\/v2\/tags?post=57204"}],"curies":[{"name":"wp","href":"https:\/\/api.w.org\/{rel}","templated":true}]}}