{"id":5719,"date":"2017-09-09T16:49:52","date_gmt":"2017-09-09T16:49:52","guid":{"rendered":"http:\/\/www.travel3.com.br\/site\/ir-e-vir\/ar\/abav-e-braztoa-renovam-parceria-e-apresentam-novidades-da-expo\/"},"modified":"2017-09-09T16:49:52","modified_gmt":"2017-09-09T16:49:52","slug":"abav-e-braztoa-renovam-parceria-e-apresentam-novidades-da-expo","status":"publish","type":"post","link":"https:\/\/www.travel3.com.br\/site\/sem-categoria\/abav-e-braztoa-renovam-parceria-e-apresentam-novidades-da-expo\/","title":{"rendered":"ABAV E BRAZTOA RENOVAM PARCERIA E APRESENTAM NOVIDADES DA EXPO"},"content":{"rendered":"<p><span style=\"color: #40acad; font-family: -apple-system, system-ui, 'Segoe UI', Roboto, Oxygen-Sans, Ubuntu, Cantarell, 'Helvetica Neue', sans-serif; font-size: 12px; font-weight: bold;\"><\/p>\n<p style=\"text-align:justify\">A renova\u00e7\u00e3o da parceria entre a ABAV Nacional e a BRAZTOA foi um dos destaques\u00a0 anunciados na coletiva que aconteceu na\u00a0 tarde desta ter\u00e7a (3), na sede da associa\u00e7\u00e3o dos agentes de viagem. Este novo acordo combina a realiza\u00e7\u00e3o conjunta da 44\u00aa. Abav Expo, a feira que ser\u00e1 de 28 a 30 de setembro, no Expo Center Norte, em S\u00e3o Paulo.<\/p>\n<p style=\"text-align:justify\">Negocia\u00e7\u00f5es especiais marcam este acordo, e a\u00a0 Braztoa ter\u00e1 uma localiza\u00e7\u00e3o ainda mais privilegiada dentro da\u00a0 exposi\u00e7\u00e3o. Espa\u00e7o central, de 1 mil m2, um dos maiores da\u00a0 feira. Ser\u00e1 tamb\u00e9m a respons\u00e1vel pelas caravanas a\u00e9reas e rodovi\u00e1rias, facilitando a vinda dos agentes de diferentes pontos do Brasil.<\/p>\n<p style=\"text-align:justify\"><a class=\"fancybox-media\" href=\"..\/_uploads\/_noticia\/2016-05\/dscn5176--2-.jpg\" rel=\"portfolio\"><img decoding=\"async\" alt=\"\" src=\"..\/_uploads\/_noticia\/2016-05\/dscn5176--2-.jpg\" \/><\/a><\/p>\n<p style=\"text-align:justify\">Feira e Congresso da Braztoa em 44a. edi\u00e7\u00e3o, Encontro Comercial Braztoa em sua 26a. versao. Com estes dois pilares conjuntos, a renova\u00e7\u00e3o do acordo &#8211; que existia h\u00e1 tres anos entre as duas entidades e agora ganha uma nova configura\u00e7\u00e3o, como foi explicado pelos presidentes Edmar Bull e Magda Nassar.<\/p>\n<p style=\"text-align:justify\">A edi\u00e7\u00e3o deste ano ser\u00e1 de muito lazer, corporativo e Mice, como ficou demonstrado na apresenta\u00e7\u00e3o conjunta entre os dirigentes da Abav, Braztoa, Abracorpp, Air Ticket e tamb\u00e9m nos primeiros detalhes mostrados por Gisele Lima, da Promo, mai uma vez a respons\u00e1vel pela comercializa\u00e7\u00e3o da feira.<\/p>\n<p style=\"text-align:justify\"><a class=\"fancybox-media\" href=\"..\/_uploads\/_noticia\/2016-05\/dscn5180--2-.jpg\" rel=\"portfolio\"><img decoding=\"async\" alt=\"\" src=\"..\/_uploads\/_noticia\/2016-05\/dscn5180--2-.jpg\" \/><\/a><\/p>\n<p style=\"text-align:justify\">Uma das principais novidades anunciadas foi para a revitaliza\u00e7\u00e3o da Vila do Saber que agora ser\u00e1 Arena do Conhecimento, como espa\u00e7o dedicado a debates do setor e confer\u00eancias, al\u00e9m da estrutura diferenciada para \u00e1reas tem\u00e1ticas.<\/p>\n<p style=\"text-align:justify\">Tambem confirmada esta a ilha corporativa com o encontro de neg\u00f3cios da Abracorp, reunindo os fornecedores do segmento corporativo.<\/p>\n<p style=\"text-align:justify\">Quem est\u00e1 marcando presen\u00e7a como novo parceiro deste ano \u00e9 a Air Tkt, associa\u00e7\u00e3o dos consolidadores de passagens a\u00e9reas e servi\u00e7os de viagens.<\/p>\n<p style=\"text-align:justify\">Com muita tecnologia, a feira da Abav nesta 44a. edi\u00e7\u00e3o promete facilidades e novidades. Uma delas estar\u00e1 no sistema de credenciamento que abrir\u00e1 a possibilidade\u00a0 ao publico visitante de apenas com o login e senha agendar reuni\u00f5es pr\u00e9vias com os expositores. At\u00e9 o ano passado isto era exclusivo dos hosted buyers.<\/p>\n<p style=\"text-align:justify\">Estes ter\u00e3o aumento de presen\u00e7a em rela\u00e7\u00e3o ao ano passado. Segundo Gisele, dever\u00e3o estar na faixa de 1.200 buyers no programa de compradores profissionais, 80% deles do mercado brasileiro.<\/p>\n<p style=\"text-align:justify\">No espa\u00e7o de circula\u00e7\u00e3o pelos pavilh\u00f5es do Center Norte, o visitante contar\u00e1 tamb\u00e9m com v\u00e1rios recursos para a localiza\u00e7\u00e3o e r\u00e1pido acesso aos expositores, seja por ordem alfab\u00e9tica ou segmento, com itens interativos.<\/p>\n<p style=\"text-align:justify\">A feira ja tem 83% do seu espa\u00e7o reservado, sendo que 37% j\u00e1 efetivamente confirmado com os contratos assinados. Al\u00e9m do espa\u00e7o maior da Braztoa, a ilha corporativa Abracorp-GOL ter\u00e1 338 m2, a Bahia contar\u00e1 com 400 m2 e Portugal com 300 m2, s\u00e3o destaques entre os principais estandes.<\/p>\n<p style=\"text-align:justify\">As informa\u00e7\u00f5es detalhadas &#8211; bem como a planta geral da feira &#8211; estar\u00e3o disponiveis no aplicativo para smartphones e online no portal www.abavexpo.com.br, totalmente repaginado.<\/p>\n<p style=\"text-align:justify\"><a class=\"fancybox-media\" href=\"..\/_uploads\/_noticia\/2016-05\/abavexpofotogeralapresentacao.jpg\" rel=\"portfolio\"><img decoding=\"async\" alt=\"\" src=\"..\/_uploads\/_noticia\/2016-05\/abavexpofotogeralapresentacao.jpg\" \/><\/a><\/p>\n<p><strong>Edmar Bull, Magda Nassar, Carlos Vasquez, Rubens Schartzmann e Gisele Lima, na foto grupal da coletiva realizada na sede da Abav Nacional, em S\u00e3o Paulo<\/strong><\/p>\n<p>\u00a0<\/p>\n<p>\u00a0<\/p>\n<p><\/span><\/p>\n","protected":false},"excerpt":{"rendered":"<p>Coletiva apresenta novidades para a feira de setembro no Center Norte que ter\u00e1 nova configura\u00e7\u00e3o e atra\u00e7\u00f5es especiais<\/p>\n","protected":false},"author":1,"featured_media":0,"comment_status":"open","ping_status":"open","sticky":false,"template":"","format":"standard","meta":{"footnotes":""},"categories":[],"tags":[],"class_list":["post-5719","post","type-post","status-publish","format-standard","hentry"],"yoast_head":"<!-- This site is optimized with the Yoast SEO plugin v26.2 - https:\/\/yoast.com\/wordpress\/plugins\/seo\/ -->\n<title>ABAV E BRAZTOA RENOVAM PARCERIA E APRESENTAM NOVIDADES DA EXPO - Travel3<\/title>\n<meta name=\"description\" content=\"A TRAVEL3 \u00e9 um portal de conte\u00fado voltado para o turismo, encontre destinos, viagens, hospedagem, passagens, guias, not\u00edcias sobre o mercado do turismo, dicas de viagem, v\u00eddeos e podcast.\" \/>\n<meta name=\"robots\" content=\"index, follow, max-snippet:-1, max-image-preview:large, max-video-preview:-1\" \/>\n<link rel=\"canonical\" href=\"https:\/\/www.travel3.com.br\/site\/sem-categoria\/abav-e-braztoa-renovam-parceria-e-apresentam-novidades-da-expo\/\" \/>\n<meta property=\"og:locale\" content=\"pt_BR\" \/>\n<meta property=\"og:type\" content=\"article\" \/>\n<meta property=\"og:title\" content=\"ABAV E BRAZTOA RENOVAM PARCERIA E APRESENTAM NOVIDADES DA EXPO - Travel3\" \/>\n<meta property=\"og:description\" content=\"A TRAVEL3 \u00e9 um portal de conte\u00fado voltado para o turismo, encontre destinos, viagens, hospedagem, passagens, guias, not\u00edcias sobre o mercado do turismo, dicas de viagem, v\u00eddeos e podcast.\" \/>\n<meta property=\"og:url\" content=\"https:\/\/www.travel3.com.br\/site\/sem-categoria\/abav-e-braztoa-renovam-parceria-e-apresentam-novidades-da-expo\/\" \/>\n<meta property=\"og:site_name\" content=\"Travel3\" \/>\n<meta property=\"article:publisher\" content=\"https:\/\/www.facebook.com\/travel3media\/\" \/>\n<meta property=\"article:published_time\" content=\"2017-09-09T16:49:52+00:00\" \/>\n<meta name=\"author\" content=\"admin\" \/>\n<meta name=\"twitter:card\" content=\"summary_large_image\" \/>\n<meta name=\"twitter:label1\" content=\"Escrito por\" \/>\n\t<meta name=\"twitter:data1\" content=\"admin\" \/>\n\t<meta name=\"twitter:label2\" content=\"Est. tempo de leitura\" \/>\n\t<meta name=\"twitter:data2\" content=\"3 minutos\" \/>\n<script type=\"application\/ld+json\" class=\"yoast-schema-graph\">{\"@context\":\"https:\/\/schema.org\",\"@graph\":[{\"@type\":\"Article\",\"@id\":\"https:\/\/www.travel3.com.br\/site\/sem-categoria\/abav-e-braztoa-renovam-parceria-e-apresentam-novidades-da-expo\/#article\",\"isPartOf\":{\"@id\":\"https:\/\/www.travel3.com.br\/site\/sem-categoria\/abav-e-braztoa-renovam-parceria-e-apresentam-novidades-da-expo\/\"},\"author\":{\"name\":\"admin\",\"@id\":\"https:\/\/www.travel3.com.br\/site\/#\/schema\/person\/a69d71e41a024999b6ab82369ac0bd1e\"},\"headline\":\"ABAV E BRAZTOA RENOVAM PARCERIA E APRESENTAM NOVIDADES DA EXPO\",\"datePublished\":\"2017-09-09T16:49:52+00:00\",\"mainEntityOfPage\":{\"@id\":\"https:\/\/www.travel3.com.br\/site\/sem-categoria\/abav-e-braztoa-renovam-parceria-e-apresentam-novidades-da-expo\/\"},\"wordCount\":546,\"commentCount\":0,\"publisher\":{\"@id\":\"https:\/\/www.travel3.com.br\/site\/#organization\"},\"inLanguage\":\"pt-BR\",\"potentialAction\":[{\"@type\":\"CommentAction\",\"name\":\"Comment\",\"target\":[\"https:\/\/www.travel3.com.br\/site\/sem-categoria\/abav-e-braztoa-renovam-parceria-e-apresentam-novidades-da-expo\/#respond\"]}]},{\"@type\":\"WebPage\",\"@id\":\"https:\/\/www.travel3.com.br\/site\/sem-categoria\/abav-e-braztoa-renovam-parceria-e-apresentam-novidades-da-expo\/\",\"url\":\"https:\/\/www.travel3.com.br\/site\/sem-categoria\/abav-e-braztoa-renovam-parceria-e-apresentam-novidades-da-expo\/\",\"name\":\"ABAV E BRAZTOA RENOVAM PARCERIA E APRESENTAM NOVIDADES DA EXPO - Travel3\",\"isPartOf\":{\"@id\":\"https:\/\/www.travel3.com.br\/site\/#website\"},\"datePublished\":\"2017-09-09T16:49:52+00:00\",\"description\":\"A TRAVEL3 \u00e9 um portal de conte\u00fado voltado para o turismo, encontre destinos, viagens, hospedagem, passagens, guias, not\u00edcias sobre o mercado do turismo, dicas de viagem, v\u00eddeos e podcast.\",\"breadcrumb\":{\"@id\":\"https:\/\/www.travel3.com.br\/site\/sem-categoria\/abav-e-braztoa-renovam-parceria-e-apresentam-novidades-da-expo\/#breadcrumb\"},\"inLanguage\":\"pt-BR\",\"potentialAction\":[{\"@type\":\"ReadAction\",\"target\":[\"https:\/\/www.travel3.com.br\/site\/sem-categoria\/abav-e-braztoa-renovam-parceria-e-apresentam-novidades-da-expo\/\"]}]},{\"@type\":\"BreadcrumbList\",\"@id\":\"https:\/\/www.travel3.com.br\/site\/sem-categoria\/abav-e-braztoa-renovam-parceria-e-apresentam-novidades-da-expo\/#breadcrumb\",\"itemListElement\":[{\"@type\":\"ListItem\",\"position\":1,\"name\":\"In\u00edcio\",\"item\":\"https:\/\/www.travel3.com.br\/site\/\"},{\"@type\":\"ListItem\",\"position\":2,\"name\":\"ABAV E BRAZTOA RENOVAM PARCERIA E APRESENTAM NOVIDADES DA EXPO\"}]},{\"@type\":\"WebSite\",\"@id\":\"https:\/\/www.travel3.com.br\/site\/#website\",\"url\":\"https:\/\/www.travel3.com.br\/site\/\",\"name\":\"Travel3\",\"description\":\"Lazer + Neg&oacute;cios + Aventura\",\"publisher\":{\"@id\":\"https:\/\/www.travel3.com.br\/site\/#organization\"},\"potentialAction\":[{\"@type\":\"SearchAction\",\"target\":{\"@type\":\"EntryPoint\",\"urlTemplate\":\"https:\/\/www.travel3.com.br\/site\/?s={search_term_string}\"},\"query-input\":{\"@type\":\"PropertyValueSpecification\",\"valueRequired\":true,\"valueName\":\"search_term_string\"}}],\"inLanguage\":\"pt-BR\"},{\"@type\":\"Organization\",\"@id\":\"https:\/\/www.travel3.com.br\/site\/#organization\",\"name\":\"Travel3\",\"url\":\"https:\/\/www.travel3.com.br\/site\/\",\"logo\":{\"@type\":\"ImageObject\",\"inLanguage\":\"pt-BR\",\"@id\":\"https:\/\/www.travel3.com.br\/site\/#\/schema\/logo\/image\/\",\"url\":\"https:\/\/www.travel3.com.br\/site\/wp-content\/uploads\/2020\/01\/logo-travel3-2020.png\",\"contentUrl\":\"https:\/\/www.travel3.com.br\/site\/wp-content\/uploads\/2020\/01\/logo-travel3-2020.png\",\"width\":232,\"height\":79,\"caption\":\"Travel3\"},\"image\":{\"@id\":\"https:\/\/www.travel3.com.br\/site\/#\/schema\/logo\/image\/\"},\"sameAs\":[\"https:\/\/www.facebook.com\/travel3media\/\",\"https:\/\/www.instagram.com\/revistatravel3\/\",\"https:\/\/www.youtube.com\/channel\/UCno7J4paGBR3VbZQzvoJ9Eg\"]},{\"@type\":\"Person\",\"@id\":\"https:\/\/www.travel3.com.br\/site\/#\/schema\/person\/a69d71e41a024999b6ab82369ac0bd1e\",\"name\":\"admin\",\"image\":{\"@type\":\"ImageObject\",\"inLanguage\":\"pt-BR\",\"@id\":\"https:\/\/www.travel3.com.br\/site\/#\/schema\/person\/image\/\",\"url\":\"https:\/\/secure.gravatar.com\/avatar\/732a67adfd764da2a47ba10ce731c4c0?s=96&d=mm&r=g\",\"contentUrl\":\"https:\/\/secure.gravatar.com\/avatar\/732a67adfd764da2a47ba10ce731c4c0?s=96&d=mm&r=g\",\"caption\":\"admin\"},\"url\":\"https:\/\/www.travel3.com.br\/site\/author\/admin\/\"}]}<\/script>\n<!-- \/ Yoast SEO plugin. -->","yoast_head_json":{"title":"ABAV E BRAZTOA RENOVAM PARCERIA E APRESENTAM NOVIDADES DA EXPO - Travel3","description":"A TRAVEL3 \u00e9 um portal de conte\u00fado voltado para o turismo, encontre destinos, viagens, hospedagem, passagens, guias, not\u00edcias sobre o mercado do turismo, dicas de viagem, v\u00eddeos e podcast.","robots":{"index":"index","follow":"follow","max-snippet":"max-snippet:-1","max-image-preview":"max-image-preview:large","max-video-preview":"max-video-preview:-1"},"canonical":"https:\/\/www.travel3.com.br\/site\/sem-categoria\/abav-e-braztoa-renovam-parceria-e-apresentam-novidades-da-expo\/","og_locale":"pt_BR","og_type":"article","og_title":"ABAV E BRAZTOA RENOVAM PARCERIA E APRESENTAM NOVIDADES DA EXPO - Travel3","og_description":"A TRAVEL3 \u00e9 um portal de conte\u00fado voltado para o turismo, encontre destinos, viagens, hospedagem, passagens, guias, not\u00edcias sobre o mercado do turismo, dicas de viagem, v\u00eddeos e podcast.","og_url":"https:\/\/www.travel3.com.br\/site\/sem-categoria\/abav-e-braztoa-renovam-parceria-e-apresentam-novidades-da-expo\/","og_site_name":"Travel3","article_publisher":"https:\/\/www.facebook.com\/travel3media\/","article_published_time":"2017-09-09T16:49:52+00:00","author":"admin","twitter_card":"summary_large_image","twitter_misc":{"Escrito por":"admin","Est. tempo de leitura":"3 minutos"},"schema":{"@context":"https:\/\/schema.org","@graph":[{"@type":"Article","@id":"https:\/\/www.travel3.com.br\/site\/sem-categoria\/abav-e-braztoa-renovam-parceria-e-apresentam-novidades-da-expo\/#article","isPartOf":{"@id":"https:\/\/www.travel3.com.br\/site\/sem-categoria\/abav-e-braztoa-renovam-parceria-e-apresentam-novidades-da-expo\/"},"author":{"name":"admin","@id":"https:\/\/www.travel3.com.br\/site\/#\/schema\/person\/a69d71e41a024999b6ab82369ac0bd1e"},"headline":"ABAV E BRAZTOA RENOVAM PARCERIA E APRESENTAM NOVIDADES DA EXPO","datePublished":"2017-09-09T16:49:52+00:00","mainEntityOfPage":{"@id":"https:\/\/www.travel3.com.br\/site\/sem-categoria\/abav-e-braztoa-renovam-parceria-e-apresentam-novidades-da-expo\/"},"wordCount":546,"commentCount":0,"publisher":{"@id":"https:\/\/www.travel3.com.br\/site\/#organization"},"inLanguage":"pt-BR","potentialAction":[{"@type":"CommentAction","name":"Comment","target":["https:\/\/www.travel3.com.br\/site\/sem-categoria\/abav-e-braztoa-renovam-parceria-e-apresentam-novidades-da-expo\/#respond"]}]},{"@type":"WebPage","@id":"https:\/\/www.travel3.com.br\/site\/sem-categoria\/abav-e-braztoa-renovam-parceria-e-apresentam-novidades-da-expo\/","url":"https:\/\/www.travel3.com.br\/site\/sem-categoria\/abav-e-braztoa-renovam-parceria-e-apresentam-novidades-da-expo\/","name":"ABAV E BRAZTOA RENOVAM PARCERIA E APRESENTAM NOVIDADES DA EXPO - Travel3","isPartOf":{"@id":"https:\/\/www.travel3.com.br\/site\/#website"},"datePublished":"2017-09-09T16:49:52+00:00","description":"A TRAVEL3 \u00e9 um portal de conte\u00fado voltado para o turismo, encontre destinos, viagens, hospedagem, passagens, guias, not\u00edcias sobre o mercado do turismo, dicas de viagem, v\u00eddeos e podcast.","breadcrumb":{"@id":"https:\/\/www.travel3.com.br\/site\/sem-categoria\/abav-e-braztoa-renovam-parceria-e-apresentam-novidades-da-expo\/#breadcrumb"},"inLanguage":"pt-BR","potentialAction":[{"@type":"ReadAction","target":["https:\/\/www.travel3.com.br\/site\/sem-categoria\/abav-e-braztoa-renovam-parceria-e-apresentam-novidades-da-expo\/"]}]},{"@type":"BreadcrumbList","@id":"https:\/\/www.travel3.com.br\/site\/sem-categoria\/abav-e-braztoa-renovam-parceria-e-apresentam-novidades-da-expo\/#breadcrumb","itemListElement":[{"@type":"ListItem","position":1,"name":"In\u00edcio","item":"https:\/\/www.travel3.com.br\/site\/"},{"@type":"ListItem","position":2,"name":"ABAV E BRAZTOA RENOVAM PARCERIA E APRESENTAM NOVIDADES DA EXPO"}]},{"@type":"WebSite","@id":"https:\/\/www.travel3.com.br\/site\/#website","url":"https:\/\/www.travel3.com.br\/site\/","name":"Travel3","description":"Lazer + Neg&oacute;cios + Aventura","publisher":{"@id":"https:\/\/www.travel3.com.br\/site\/#organization"},"potentialAction":[{"@type":"SearchAction","target":{"@type":"EntryPoint","urlTemplate":"https:\/\/www.travel3.com.br\/site\/?s={search_term_string}"},"query-input":{"@type":"PropertyValueSpecification","valueRequired":true,"valueName":"search_term_string"}}],"inLanguage":"pt-BR"},{"@type":"Organization","@id":"https:\/\/www.travel3.com.br\/site\/#organization","name":"Travel3","url":"https:\/\/www.travel3.com.br\/site\/","logo":{"@type":"ImageObject","inLanguage":"pt-BR","@id":"https:\/\/www.travel3.com.br\/site\/#\/schema\/logo\/image\/","url":"https:\/\/www.travel3.com.br\/site\/wp-content\/uploads\/2020\/01\/logo-travel3-2020.png","contentUrl":"https:\/\/www.travel3.com.br\/site\/wp-content\/uploads\/2020\/01\/logo-travel3-2020.png","width":232,"height":79,"caption":"Travel3"},"image":{"@id":"https:\/\/www.travel3.com.br\/site\/#\/schema\/logo\/image\/"},"sameAs":["https:\/\/www.facebook.com\/travel3media\/","https:\/\/www.instagram.com\/revistatravel3\/","https:\/\/www.youtube.com\/channel\/UCno7J4paGBR3VbZQzvoJ9Eg"]},{"@type":"Person","@id":"https:\/\/www.travel3.com.br\/site\/#\/schema\/person\/a69d71e41a024999b6ab82369ac0bd1e","name":"admin","image":{"@type":"ImageObject","inLanguage":"pt-BR","@id":"https:\/\/www.travel3.com.br\/site\/#\/schema\/person\/image\/","url":"https:\/\/secure.gravatar.com\/avatar\/732a67adfd764da2a47ba10ce731c4c0?s=96&d=mm&r=g","contentUrl":"https:\/\/secure.gravatar.com\/avatar\/732a67adfd764da2a47ba10ce731c4c0?s=96&d=mm&r=g","caption":"admin"},"url":"https:\/\/www.travel3.com.br\/site\/author\/admin\/"}]}},"_links":{"self":[{"href":"https:\/\/www.travel3.com.br\/site\/wp-json\/wp\/v2\/posts\/5719","targetHints":{"allow":["GET"]}}],"collection":[{"href":"https:\/\/www.travel3.com.br\/site\/wp-json\/wp\/v2\/posts"}],"about":[{"href":"https:\/\/www.travel3.com.br\/site\/wp-json\/wp\/v2\/types\/post"}],"author":[{"embeddable":true,"href":"https:\/\/www.travel3.com.br\/site\/wp-json\/wp\/v2\/users\/1"}],"replies":[{"embeddable":true,"href":"https:\/\/www.travel3.com.br\/site\/wp-json\/wp\/v2\/comments?post=5719"}],"version-history":[{"count":0,"href":"https:\/\/www.travel3.com.br\/site\/wp-json\/wp\/v2\/posts\/5719\/revisions"}],"wp:attachment":[{"href":"https:\/\/www.travel3.com.br\/site\/wp-json\/wp\/v2\/media?parent=5719"}],"wp:term":[{"taxonomy":"category","embeddable":true,"href":"https:\/\/www.travel3.com.br\/site\/wp-json\/wp\/v2\/categories?post=5719"},{"taxonomy":"post_tag","embeddable":true,"href":"https:\/\/www.travel3.com.br\/site\/wp-json\/wp\/v2\/tags?post=5719"}],"curies":[{"name":"wp","href":"https:\/\/api.w.org\/{rel}","templated":true}]}}