{"id":56633,"date":"2023-02-15T15:32:18","date_gmt":"2023-02-15T18:32:18","guid":{"rendered":"https:\/\/www.travel3.com.br\/?p=56633"},"modified":"2023-02-15T15:32:24","modified_gmt":"2023-02-15T18:32:24","slug":"monte-verde-e-destino-ideal-para-quem-quer-fugir-da-folia","status":"publish","type":"post","link":"https:\/\/www.travel3.com.br\/site\/comece-a-viajar\/monte-verde-e-destino-ideal-para-quem-quer-fugir-da-folia\/","title":{"rendered":"Monte Verde \u00e9 destino ideal para quem quer fugir da folia"},"content":{"rendered":"\n<h2 class=\"wp-block-heading\">Distrito proporciona conforto, atmosfera tranquila e oferece descontos no carnaval<\/h2>\n\n\n\n<p>Famoso pela hist\u00f3ria cultural, clima ameno, natureza exuberante e requintada gastronomia, <strong><a href=\"https:\/\/www.travel3.com.br\/destinos\/brasil\/confira-6-motivos-para-visitar-monte-verde-no-outono\/\">Monte Verde<\/a><\/strong>, em Minas Gerais, \u00e9 o destino ideal para quem busca tranquilidade e pretende fugir da folia neste Carnaval, oferecendo ao visitante uma atmosfera calma na Serra da Mantiqueira e sem a agita\u00e7\u00e3o dos principais destinos tur\u00edsticos desta \u00e9poca.<\/p>\n\n\n\n<blockquote class=\"wp-block-quote is-layout-flow wp-block-quote-is-layout-flow\"><p>O distrito de Monte Verde \u00e9 buscado tradicionalmente por pessoas que est\u00e3o fugindo da folia, dos grandes centros, querendo se conectar um pouco com a natureza e passar dias de descanso e tranquilidade com a fam\u00edlia. Aqui temos um pequeno bloquinho, que \u00e9 organizado pela Prefeitura Municipal de Camanducaia e passa festejando pela avenida principal, tocando marchinhas, mas n\u00e3o temos a folia das grandes cidades. Ent\u00e3o, se voc\u00ea est\u00e1 procurando um lugar tranquilo para aproveitar dias agrad\u00e1veis neste feriado, esse \u00e9 o destino perfeito<\/p><cite>Rebecca Wagner, presidente da MOVE (Ag\u00eancia de Desenvolvimento de Monte Verde e Regi\u00e3o)<\/cite><\/blockquote>\n\n\n\n<p>O clima ameno \u00e9 outra atra\u00e7\u00e3o para quem quer fugir do calor. \u201c<em><strong>Nesta \u00e9poca, o clima \u00e9 muito gostoso aqui, sem calor, e com noites fresquinhas que nos motivam at\u00e9 a acender a lareira<\/strong><\/em>\u201d, complementa Rebecca Wagner. Segundo o Clima Tempo, a previs\u00e3o \u00e9 que a temperatura no distrito n\u00e3o ultrapasse os 24\u00baC durante o Carnaval.<\/p>\n\n\n\n<p>Para quem pretende visitar o distrito de Camanducaia, que foi o 6\u00ba lugar mais acolhedor do mundo e o 1\u00ba do Brasil no Traveller Review Awards 2022, pr\u00eamio promovido pelo site de reservas Booking, compartilhamos aqui algumas dicas de hospedagens, bares, restaurantes e passeios para este feriado, cuidadosamente selecionadas pela <strong><a href=\"https:\/\/monteverde.org.br\/move\/\" target=\"_blank\" rel=\"noreferrer noopener\">MOVE<\/a><\/strong>. Confira.<\/p>\n\n\n\n<div class=\"wp-block-image\"><figure class=\"aligncenter size-large is-resized\"><img loading=\"lazy\" decoding=\"async\" src=\"https:\/\/www.travel3.com.br\/site\/wp-content\/uploads\/2023\/02\/Boteco-do-Lago-Monte-Verde_Easy-Resize.com_-818x1024.jpg\" alt=\"Boteco do Lago - Monte Verde\" class=\"wp-image-56634\" width=\"528\" height=\"661\" srcset=\"https:\/\/www.travel3.com.br\/site\/wp-content\/uploads\/2023\/02\/Boteco-do-Lago-Monte-Verde_Easy-Resize.com_-818x1024.jpg 818w, https:\/\/www.travel3.com.br\/site\/wp-content\/uploads\/2023\/02\/Boteco-do-Lago-Monte-Verde_Easy-Resize.com_-240x300.jpg 240w, https:\/\/www.travel3.com.br\/site\/wp-content\/uploads\/2023\/02\/Boteco-do-Lago-Monte-Verde_Easy-Resize.com_-768x961.jpg 768w, https:\/\/www.travel3.com.br\/site\/wp-content\/uploads\/2023\/02\/Boteco-do-Lago-Monte-Verde_Easy-Resize.com_-150x188.jpg 150w, https:\/\/www.travel3.com.br\/site\/wp-content\/uploads\/2023\/02\/Boteco-do-Lago-Monte-Verde_Easy-Resize.com_-750x938.jpg 750w, https:\/\/www.travel3.com.br\/site\/wp-content\/uploads\/2023\/02\/Boteco-do-Lago-Monte-Verde_Easy-Resize.com_.jpg 1023w\" sizes=\"auto, (max-width: 528px) 100vw, 528px\" \/><figcaption>Boteco do Lago (Foto: Divulga\u00e7\u00e3o)<\/figcaption><\/figure><\/div>\n\n\n\n<h2 class=\"wp-block-heading\">Boteco do Lago<\/h2>\n\n\n\n<p>Com amplo espa\u00e7o interno e localizado na beira de um pequeno lago, o local \u00e9 um dos principais points da avenida principal e uma boa combina\u00e7\u00e3o de bar e restaurante, com ambiente familiar e um card\u00e1pio que traz entre os seus destaques pratos alem\u00e3es e su\u00ed\u00e7os. No Carnaval, a casa ter\u00e1 tr\u00eas novos drinks, inspirados na tradicional festa popular, al\u00e9m de som ao vivo durante todos os dias do feriado, com a banda Head Fox tocando can\u00e7\u00f5es de MPB, pop e rock nacional e internacional. Mais informa\u00e7\u00f5es podem ser conferidas na p\u00e1gina oficial do estabelecimento no Instagram: <a href=\"https:\/\/www.instagram.com\/botecodolago\/\" target=\"_blank\" rel=\"noreferrer noopener\">@botecodolago<\/a>.<\/p>\n\n\n\n<div class=\"wp-block-image\"><figure class=\"aligncenter size-large is-resized\"><img loading=\"lazy\" decoding=\"async\" src=\"https:\/\/www.travel3.com.br\/site\/wp-content\/uploads\/2023\/02\/Confraria-da-Mila-Mverde_Easy-Resize.com_-820x1024.jpg\" alt=\"Confraria da Mila - Mverde\" class=\"wp-image-56635\" width=\"476\" height=\"595\" srcset=\"https:\/\/www.travel3.com.br\/site\/wp-content\/uploads\/2023\/02\/Confraria-da-Mila-Mverde_Easy-Resize.com_-820x1024.jpg 820w, https:\/\/www.travel3.com.br\/site\/wp-content\/uploads\/2023\/02\/Confraria-da-Mila-Mverde_Easy-Resize.com_-240x300.jpg 240w, https:\/\/www.travel3.com.br\/site\/wp-content\/uploads\/2023\/02\/Confraria-da-Mila-Mverde_Easy-Resize.com_-768x959.jpg 768w, https:\/\/www.travel3.com.br\/site\/wp-content\/uploads\/2023\/02\/Confraria-da-Mila-Mverde_Easy-Resize.com_-150x187.jpg 150w, https:\/\/www.travel3.com.br\/site\/wp-content\/uploads\/2023\/02\/Confraria-da-Mila-Mverde_Easy-Resize.com_-750x937.jpg 750w, https:\/\/www.travel3.com.br\/site\/wp-content\/uploads\/2023\/02\/Confraria-da-Mila-Mverde_Easy-Resize.com_.jpg 1025w\" sizes=\"auto, (max-width: 476px) 100vw, 476px\" \/><figcaption>Confraria da Mila (Foto: Divulga\u00e7\u00e3o)<\/figcaption><\/figure><\/div>\n\n\n\n<h2 class=\"wp-block-heading\">Confraria da Villa<\/h2>\n\n\n\n<p>O local, que se chamava Confraria Paulist\u00e2nia e acaba de mudar de nome, \u00e9 outra boa alternativa gastron\u00f4mica que mistura o perfil de bar e restaurante na Avenida Monte Verde. Com culin\u00e1ria contempor\u00e2nea, cervejas especiais, adega de vinhos, pizzas feitas com massa de fermenta\u00e7\u00e3o natural, petiscos e pratos com salm\u00e3o e trutas defumados artesanalmente, o estabelecimento tamb\u00e9m \u00e9 100% pet friendly e possui um card\u00e1pio exclusivo preparado para os animais de estima\u00e7\u00e3o. Mais detalhes podem ser conferidos no Instagram: <a href=\"https:\/\/www.instagram.com\/confrariadavillamv\/\" target=\"_blank\" rel=\"noreferrer noopener\">@confrariadavillamv<\/a>.<\/p>\n\n\n\n<div class=\"wp-block-image\"><figure class=\"aligncenter size-full is-resized\"><img loading=\"lazy\" decoding=\"async\" src=\"https:\/\/www.travel3.com.br\/site\/wp-content\/uploads\/2023\/02\/Pousada-Alto-da-Neblina-MVerde.jpg\" alt=\"Pousada Alto da Neblina - MVerde\" class=\"wp-image-56644\" width=\"476\" height=\"335\" srcset=\"https:\/\/www.travel3.com.br\/site\/wp-content\/uploads\/2023\/02\/Pousada-Alto-da-Neblina-MVerde.jpg 426w, https:\/\/www.travel3.com.br\/site\/wp-content\/uploads\/2023\/02\/Pousada-Alto-da-Neblina-MVerde-300x211.jpg 300w, https:\/\/www.travel3.com.br\/site\/wp-content\/uploads\/2023\/02\/Pousada-Alto-da-Neblina-MVerde-150x106.jpg 150w\" sizes=\"auto, (max-width: 476px) 100vw, 476px\" \/><figcaption>Pousada Alto da Neblina (Foto: Divulga\u00e7\u00e3o)<\/figcaption><\/figure><\/div>\n\n\n\n<h2 class=\"wp-block-heading\">Pousada Alto da Neblina<\/h2>\n\n\n\n<p>Situado em uma \u00e1rea preservada da Mata Atl\u00e2ntica, a hospedagem proporciona contato intenso com a natureza exuberante ao redor dos seus chal\u00e9s e conta com uma decora\u00e7\u00e3o com espelhos, mosaicos e obras de artes. O local tamb\u00e9m est\u00e1 inaugurando um spa, chamado Monalisa, e oferece uma bebida frisante para pessoas que fizerem massagens no espa\u00e7o. Para os casais que fecharem reservas antecipadamente, um desses procedimentos ser\u00e1 gratuito e a estadia sair\u00e1 com 5% de desconto. Mais informa\u00e7\u00f5es pelos telefones: (35) 3438-1950, (11) 4858-5840 e (11) 99617-9187.<\/p>\n\n\n\n<div class=\"wp-block-image\"><figure class=\"aligncenter size-large is-resized\"><img loading=\"lazy\" decoding=\"async\" src=\"https:\/\/www.travel3.com.br\/site\/wp-content\/uploads\/2023\/02\/Pousada-Bucaneve-Monte-Verde_Easy-Resize.com_-1024x765.jpg\" alt=\"Pousada Bucaneve - Monte Verde\" class=\"wp-image-56642\" width=\"510\" height=\"380\" srcset=\"https:\/\/www.travel3.com.br\/site\/wp-content\/uploads\/2023\/02\/Pousada-Bucaneve-Monte-Verde_Easy-Resize.com_-1024x765.jpg 1024w, https:\/\/www.travel3.com.br\/site\/wp-content\/uploads\/2023\/02\/Pousada-Bucaneve-Monte-Verde_Easy-Resize.com_-300x224.jpg 300w, https:\/\/www.travel3.com.br\/site\/wp-content\/uploads\/2023\/02\/Pousada-Bucaneve-Monte-Verde_Easy-Resize.com_-768x574.jpg 768w, https:\/\/www.travel3.com.br\/site\/wp-content\/uploads\/2023\/02\/Pousada-Bucaneve-Monte-Verde_Easy-Resize.com_-150x112.jpg 150w, https:\/\/www.travel3.com.br\/site\/wp-content\/uploads\/2023\/02\/Pousada-Bucaneve-Monte-Verde_Easy-Resize.com_-750x560.jpg 750w, https:\/\/www.travel3.com.br\/site\/wp-content\/uploads\/2023\/02\/Pousada-Bucaneve-Monte-Verde_Easy-Resize.com_-1140x851.jpg 1140w, https:\/\/www.travel3.com.br\/site\/wp-content\/uploads\/2023\/02\/Pousada-Bucaneve-Monte-Verde_Easy-Resize.com_.jpg 1280w\" sizes=\"auto, (max-width: 510px) 100vw, 510px\" \/><figcaption>Pousada Bucaneve (Foto: Divulga\u00e7\u00e3o)<\/figcaption><\/figure><\/div>\n\n\n\n<h2 class=\"wp-block-heading\">Pousada Bucaneve<\/h2>\n\n\n\n<p>Localizada a 1.200 metros do centro de Monte Verde, dentro de uma bela \u00e1rea verde com bosques de arauc\u00e1rias e vegeta\u00e7\u00e3o nativa, a hospedagem possui chal\u00e9s amplos e aconchegantes, equipados com hidromassagem. Com estacionamento pr\u00f3prio, sal\u00e3o de jogos, spa com espa\u00e7o para massagens e sauna seca, a pousada est\u00e1 disponibilizando para esse Carnaval <strong>descontos de 13%<\/strong> para pagamento \u00e0 vista e de <strong>5% no cart\u00e3o de cr\u00e9dito<\/strong>, com parcelamento em at\u00e9 tr\u00eas vezes, para as reservas realizadas pelo <a href=\"https:\/\/www.pousadabucaneve.com.br\/\" target=\"_blank\" rel=\"noreferrer noopener\">site da pousada<\/a>. E quem fech\u00e1-las diretamente pelo portal da <strong><a href=\"https:\/\/monteverde.org.br\/move\/\" target=\"_blank\" rel=\"noreferrer noopener\">MOVE<\/a><\/strong>, tamb\u00e9m ganhar\u00e1 de presente um espumante em sua chegada. Mais informa\u00e7\u00f5es podem ser encontradas por meio do telefone (35) 98861-6566.<\/p>\n\n\n\n<div class=\"wp-block-image\"><figure class=\"aligncenter size-large is-resized\"><img loading=\"lazy\" decoding=\"async\" src=\"https:\/\/www.travel3.com.br\/site\/wp-content\/uploads\/2023\/02\/Hotel-Meissner-Hof-Monte-Verde_Easy-Resize.com_-1024x768.jpg\" alt=\"Hotel Meissner Hof - Monte Verde\" class=\"wp-image-56636\" width=\"549\" height=\"411\" srcset=\"https:\/\/www.travel3.com.br\/site\/wp-content\/uploads\/2023\/02\/Hotel-Meissner-Hof-Monte-Verde_Easy-Resize.com_-1024x768.jpg 1024w, https:\/\/www.travel3.com.br\/site\/wp-content\/uploads\/2023\/02\/Hotel-Meissner-Hof-Monte-Verde_Easy-Resize.com_-300x225.jpg 300w, https:\/\/www.travel3.com.br\/site\/wp-content\/uploads\/2023\/02\/Hotel-Meissner-Hof-Monte-Verde_Easy-Resize.com_-768x576.jpg 768w, https:\/\/www.travel3.com.br\/site\/wp-content\/uploads\/2023\/02\/Hotel-Meissner-Hof-Monte-Verde_Easy-Resize.com_-150x113.jpg 150w, https:\/\/www.travel3.com.br\/site\/wp-content\/uploads\/2023\/02\/Hotel-Meissner-Hof-Monte-Verde_Easy-Resize.com_-750x563.jpg 750w, https:\/\/www.travel3.com.br\/site\/wp-content\/uploads\/2023\/02\/Hotel-Meissner-Hof-Monte-Verde_Easy-Resize.com_-1140x855.jpg 1140w, https:\/\/www.travel3.com.br\/site\/wp-content\/uploads\/2023\/02\/Hotel-Meissner-Hof-Monte-Verde_Easy-Resize.com_.jpg 1280w\" sizes=\"auto, (max-width: 549px) 100vw, 549px\" \/><figcaption>Hotel Meissner Hof (Foto: Divulga\u00e7\u00e3o)<\/figcaption><\/figure><\/div>\n\n\n\n<h2 class=\"wp-block-heading\">Hotel Meissner Hof<\/h2>\n\n\n\n<p>Projetado com arquitetura bavariana, a hospedagem est\u00e1 dentro de um jardim com mais de 30 mil m\u00b2, onde ficam belos bosques de arauc\u00e1rias e hort\u00eansias, al\u00e9m de um terra\u00e7o com vista panor\u00e2mica para poder acompanhar o lindo p\u00f4r do sol de Monte Verde. O local tamb\u00e9m possui piscinas aquecida e externa, campo de minigolfe, quadra poliesportiva, sal\u00e3o de jogos e um spa com espa\u00e7os para massagens e tratamentos corporais. Para este Carnaval, o estabelecimento est\u00e1 dando <strong>30% de desconto <\/strong>para quem fizer reserva para pelo menos tr\u00eas di\u00e1rias. Mais informa\u00e7\u00f5es pelo telefone: (35) 99856-2682.<\/p>\n\n\n\n<div class=\"wp-block-image\"><figure class=\"aligncenter size-large is-resized\"><img loading=\"lazy\" decoding=\"async\" src=\"https:\/\/www.travel3.com.br\/site\/wp-content\/uploads\/2023\/02\/Parque-Oschin-MVerde_Easy-Resize.com_-1024x768.jpg\" alt=\"Parque Oschin - MVerde\" class=\"wp-image-56637\" width=\"554\" height=\"415\" srcset=\"https:\/\/www.travel3.com.br\/site\/wp-content\/uploads\/2023\/02\/Parque-Oschin-MVerde_Easy-Resize.com_-1024x768.jpg 1024w, https:\/\/www.travel3.com.br\/site\/wp-content\/uploads\/2023\/02\/Parque-Oschin-MVerde_Easy-Resize.com_-300x225.jpg 300w, https:\/\/www.travel3.com.br\/site\/wp-content\/uploads\/2023\/02\/Parque-Oschin-MVerde_Easy-Resize.com_-768x576.jpg 768w, https:\/\/www.travel3.com.br\/site\/wp-content\/uploads\/2023\/02\/Parque-Oschin-MVerde_Easy-Resize.com_-150x113.jpg 150w, https:\/\/www.travel3.com.br\/site\/wp-content\/uploads\/2023\/02\/Parque-Oschin-MVerde_Easy-Resize.com_-750x563.jpg 750w, https:\/\/www.travel3.com.br\/site\/wp-content\/uploads\/2023\/02\/Parque-Oschin-MVerde_Easy-Resize.com_-1140x855.jpg 1140w, https:\/\/www.travel3.com.br\/site\/wp-content\/uploads\/2023\/02\/Parque-Oschin-MVerde_Easy-Resize.com_.jpg 1280w\" sizes=\"auto, (max-width: 554px) 100vw, 554px\" \/><figcaption>Parque Oschin (Foto: Divulga\u00e7\u00e3o)<\/figcaption><\/figure><\/div>\n\n\n\n<h2 class=\"wp-block-heading\">Parque Oschin<\/h2>\n\n\n\n<p>Com mais de 50 mil m2 de muita natureza, o parque permite ao visitante observar diferentes esp\u00e9cies de p\u00e1ssaros e caminhar em volta de nascentes, arauc\u00e1rias e xaxins centen\u00e1rios, al\u00e9m de ter contato com lhamas criadas no local. Em sua estrutura h\u00e1 um restaurante e food trucks para a alimenta\u00e7\u00e3o dos visitantes. At\u00e9 mar\u00e7o, o Parque Oschin est\u00e1 com <strong>valores promocionais<\/strong>: R\uff04 25 crian\u00e7as de 3 a 11 anos, e R\uff04 40 para pessoas acima de 12 anos. Mais informa\u00e7\u00f5es pelo WhatsApp: (35) 99753-4333.<\/p>\n\n\n\n<div class=\"wp-block-image\"><figure class=\"aligncenter size-large is-resized\"><img loading=\"lazy\" decoding=\"async\" src=\"https:\/\/www.travel3.com.br\/site\/wp-content\/uploads\/2023\/02\/Passeios-Monte-Verde_Easy-Resize.com_-1024x682.jpg\" alt=\"Passeios Monte Verde\" class=\"wp-image-56639\" width=\"613\" height=\"407\" srcset=\"https:\/\/www.travel3.com.br\/site\/wp-content\/uploads\/2023\/02\/Passeios-Monte-Verde_Easy-Resize.com_-1024x682.jpg 1024w, https:\/\/www.travel3.com.br\/site\/wp-content\/uploads\/2023\/02\/Passeios-Monte-Verde_Easy-Resize.com_-300x200.jpg 300w, https:\/\/www.travel3.com.br\/site\/wp-content\/uploads\/2023\/02\/Passeios-Monte-Verde_Easy-Resize.com_-150x100.jpg 150w\" sizes=\"auto, (max-width: 613px) 100vw, 613px\" \/><figcaption>Trilha da Pedra Redonda, um dos principais pontos tur\u00edsticos de Monte Verde (Foto: Divulga\u00e7\u00e3o)<\/figcaption><\/figure><\/div>\n\n\n\n<h2 class=\"wp-block-heading\">Passeios de carro 4&#215;4, UTV, quadriciclo e bicicleta<\/h2>\n\n\n\n<p>Com mais de 50 ag\u00eancias que oferecem passeios guiados, Monte Verde tem diversas op\u00e7\u00f5es interessantes para quem pretende desfrutar da natureza exuberante do distrito mineiro durante o Carnaval. Com dura\u00e7\u00e3o m\u00e9dia de tr\u00eas horas, o City Tour \u00e9 a melhor forma de conhecer o destino e o seu trajeto percorre os principais pontos tur\u00edsticos, como a trilha da Pedra Redonda (na foto), o alambique, a f\u00e1brica de chocolates, a cacha\u00e7aria, a loja de doces e queijos, entre outros locais. <\/p>\n\n\n\n<p>A taxa de entrada na Pedra Redonda, hoje administrada pela <strong>MOVE<\/strong>, j\u00e1 est\u00e1 inclu\u00edda no valor do programa, que \u00e9 realizado com um carro de tra\u00e7\u00e3o 4&#215;4. H\u00e1 outras alternativas de transporte para curtir passeios guiados, como o UTV, o quadriciclo e a bicicleta. As ag\u00eancias de Monte Verde est\u00e3o promovendo descontos para todos os passeios deste tipo e, devido \u00e0 alta procura para o feriado prolongado, a MOVE recomenda que os turistas fa\u00e7am reservas com anteced\u00eancia por meio <a href=\"https:\/\/mymento.com.br\/move\/agencias\" target=\"_blank\" rel=\"noreferrer noopener\">deste site<\/a>.<\/p>\n","protected":false},"excerpt":{"rendered":"<p>Distrito proporciona conforto, atmosfera tranquila e oferece descontos no carnaval<\/p>\n","protected":false},"author":6,"featured_media":56638,"comment_status":"open","ping_status":"open","sticky":false,"template":"","format":"standard","meta":{"footnotes":""},"categories":[178,884,226,4882],"tags":[2693,1704,355,3965,3369,4562],"class_list":["post-56633","post","type-post","status-publish","format-standard","has-post-thumbnail","hentry","category-brasil","category-comece-a-viajar","category-destaque","category-home","tag-destino-romantico","tag-feriados","tag-minas-gerais","tag-monte-verde","tag-move","tag-visite-minas-gerais"],"yoast_head":"<!-- This site is optimized with the Yoast SEO plugin v26.2 - https:\/\/yoast.com\/wordpress\/plugins\/seo\/ -->\n<title>Monte Verde \u00e9 destino ideal para quem quer fugir da folia - Travel3<\/title>\n<meta name=\"description\" content=\"Monte Verde \u00e9 destino ideal para quem quer fugir da folia; Distrito proporciona conforto, atmosfera tranquila e oferece descontos no carnaval\" \/>\n<meta name=\"robots\" content=\"index, follow, max-snippet:-1, max-image-preview:large, max-video-preview:-1\" \/>\n<link rel=\"canonical\" href=\"https:\/\/www.travel3.com.br\/site\/comece-a-viajar\/monte-verde-e-destino-ideal-para-quem-quer-fugir-da-folia\/\" \/>\n<meta property=\"og:locale\" content=\"pt_BR\" \/>\n<meta property=\"og:type\" content=\"article\" \/>\n<meta property=\"og:title\" content=\"Monte Verde \u00e9 destino ideal para quem quer fugir da folia - Travel3\" \/>\n<meta property=\"og:description\" content=\"Monte Verde \u00e9 destino ideal para quem quer fugir da folia; Distrito proporciona conforto, atmosfera tranquila e oferece descontos no carnaval\" \/>\n<meta property=\"og:url\" content=\"https:\/\/www.travel3.com.br\/site\/comece-a-viajar\/monte-verde-e-destino-ideal-para-quem-quer-fugir-da-folia\/\" \/>\n<meta property=\"og:site_name\" content=\"Travel3\" \/>\n<meta property=\"article:publisher\" content=\"https:\/\/www.facebook.com\/travel3media\/\" \/>\n<meta property=\"article:published_time\" content=\"2023-02-15T18:32:18+00:00\" \/>\n<meta property=\"article:modified_time\" content=\"2023-02-15T18:32:24+00:00\" \/>\n<meta property=\"og:image\" content=\"https:\/\/www.travel3.com.br\/site\/wp-content\/uploads\/2023\/02\/Passeio-quadriciclo-Monte-Verde_Easy-Resize.com_.jpg\" \/>\n\t<meta property=\"og:image:width\" content=\"1280\" \/>\n\t<meta property=\"og:image:height\" content=\"799\" \/>\n\t<meta property=\"og:image:type\" content=\"image\/jpeg\" \/>\n<meta name=\"author\" content=\"Reda\u00e7\u00e3o Travel3\" \/>\n<meta name=\"twitter:card\" content=\"summary_large_image\" \/>\n<meta name=\"twitter:label1\" content=\"Escrito por\" \/>\n\t<meta name=\"twitter:data1\" content=\"Reda\u00e7\u00e3o Travel3\" \/>\n\t<meta name=\"twitter:label2\" content=\"Est. tempo de leitura\" \/>\n\t<meta name=\"twitter:data2\" content=\"8 minutos\" \/>\n<script type=\"application\/ld+json\" class=\"yoast-schema-graph\">{\"@context\":\"https:\/\/schema.org\",\"@graph\":[{\"@type\":\"Article\",\"@id\":\"https:\/\/www.travel3.com.br\/site\/comece-a-viajar\/monte-verde-e-destino-ideal-para-quem-quer-fugir-da-folia\/#article\",\"isPartOf\":{\"@id\":\"https:\/\/www.travel3.com.br\/site\/comece-a-viajar\/monte-verde-e-destino-ideal-para-quem-quer-fugir-da-folia\/\"},\"author\":{\"name\":\"Reda\u00e7\u00e3o Travel3\",\"@id\":\"https:\/\/www.travel3.com.br\/site\/#\/schema\/person\/9cff8daac0a2f1aa0799f827b8aa8308\"},\"headline\":\"Monte Verde \u00e9 destino ideal para quem quer fugir da folia\",\"datePublished\":\"2023-02-15T18:32:18+00:00\",\"dateModified\":\"2023-02-15T18:32:24+00:00\",\"mainEntityOfPage\":{\"@id\":\"https:\/\/www.travel3.com.br\/site\/comece-a-viajar\/monte-verde-e-destino-ideal-para-quem-quer-fugir-da-folia\/\"},\"wordCount\":1112,\"commentCount\":0,\"publisher\":{\"@id\":\"https:\/\/www.travel3.com.br\/site\/#organization\"},\"image\":{\"@id\":\"https:\/\/www.travel3.com.br\/site\/comece-a-viajar\/monte-verde-e-destino-ideal-para-quem-quer-fugir-da-folia\/#primaryimage\"},\"thumbnailUrl\":\"https:\/\/www.travel3.com.br\/site\/wp-content\/uploads\/2023\/02\/Passeio-quadriciclo-Monte-Verde_Easy-Resize.com_.jpg\",\"keywords\":[\"destino rom\u00e2ntico\",\"feriados\",\"Minas Gerais\",\"Monte Verde\",\"Move\",\"visite minas gerais\"],\"articleSection\":[\"Brasil\",\"Comece a Viajar\",\"Destaque\",\"Home\"],\"inLanguage\":\"pt-BR\",\"potentialAction\":[{\"@type\":\"CommentAction\",\"name\":\"Comment\",\"target\":[\"https:\/\/www.travel3.com.br\/site\/comece-a-viajar\/monte-verde-e-destino-ideal-para-quem-quer-fugir-da-folia\/#respond\"]}]},{\"@type\":\"WebPage\",\"@id\":\"https:\/\/www.travel3.com.br\/site\/comece-a-viajar\/monte-verde-e-destino-ideal-para-quem-quer-fugir-da-folia\/\",\"url\":\"https:\/\/www.travel3.com.br\/site\/comece-a-viajar\/monte-verde-e-destino-ideal-para-quem-quer-fugir-da-folia\/\",\"name\":\"Monte Verde \u00e9 destino ideal para quem quer fugir da folia - Travel3\",\"isPartOf\":{\"@id\":\"https:\/\/www.travel3.com.br\/site\/#website\"},\"primaryImageOfPage\":{\"@id\":\"https:\/\/www.travel3.com.br\/site\/comece-a-viajar\/monte-verde-e-destino-ideal-para-quem-quer-fugir-da-folia\/#primaryimage\"},\"image\":{\"@id\":\"https:\/\/www.travel3.com.br\/site\/comece-a-viajar\/monte-verde-e-destino-ideal-para-quem-quer-fugir-da-folia\/#primaryimage\"},\"thumbnailUrl\":\"https:\/\/www.travel3.com.br\/site\/wp-content\/uploads\/2023\/02\/Passeio-quadriciclo-Monte-Verde_Easy-Resize.com_.jpg\",\"datePublished\":\"2023-02-15T18:32:18+00:00\",\"dateModified\":\"2023-02-15T18:32:24+00:00\",\"description\":\"Monte Verde \u00e9 destino ideal para quem quer fugir da folia; Distrito proporciona conforto, atmosfera tranquila e oferece descontos no carnaval\",\"breadcrumb\":{\"@id\":\"https:\/\/www.travel3.com.br\/site\/comece-a-viajar\/monte-verde-e-destino-ideal-para-quem-quer-fugir-da-folia\/#breadcrumb\"},\"inLanguage\":\"pt-BR\",\"potentialAction\":[{\"@type\":\"ReadAction\",\"target\":[\"https:\/\/www.travel3.com.br\/site\/comece-a-viajar\/monte-verde-e-destino-ideal-para-quem-quer-fugir-da-folia\/\"]}]},{\"@type\":\"ImageObject\",\"inLanguage\":\"pt-BR\",\"@id\":\"https:\/\/www.travel3.com.br\/site\/comece-a-viajar\/monte-verde-e-destino-ideal-para-quem-quer-fugir-da-folia\/#primaryimage\",\"url\":\"https:\/\/www.travel3.com.br\/site\/wp-content\/uploads\/2023\/02\/Passeio-quadriciclo-Monte-Verde_Easy-Resize.com_.jpg\",\"contentUrl\":\"https:\/\/www.travel3.com.br\/site\/wp-content\/uploads\/2023\/02\/Passeio-quadriciclo-Monte-Verde_Easy-Resize.com_.jpg\",\"width\":1280,\"height\":799,\"caption\":\"Passeio de Quadriciclo em Monte Verde\"},{\"@type\":\"BreadcrumbList\",\"@id\":\"https:\/\/www.travel3.com.br\/site\/comece-a-viajar\/monte-verde-e-destino-ideal-para-quem-quer-fugir-da-folia\/#breadcrumb\",\"itemListElement\":[{\"@type\":\"ListItem\",\"position\":1,\"name\":\"In\u00edcio\",\"item\":\"https:\/\/www.travel3.com.br\/site\/\"},{\"@type\":\"ListItem\",\"position\":2,\"name\":\"Monte Verde \u00e9 destino ideal para quem quer fugir da folia\"}]},{\"@type\":\"WebSite\",\"@id\":\"https:\/\/www.travel3.com.br\/site\/#website\",\"url\":\"https:\/\/www.travel3.com.br\/site\/\",\"name\":\"Travel3\",\"description\":\"Lazer + Neg&oacute;cios + Aventura\",\"publisher\":{\"@id\":\"https:\/\/www.travel3.com.br\/site\/#organization\"},\"potentialAction\":[{\"@type\":\"SearchAction\",\"target\":{\"@type\":\"EntryPoint\",\"urlTemplate\":\"https:\/\/www.travel3.com.br\/site\/?s={search_term_string}\"},\"query-input\":{\"@type\":\"PropertyValueSpecification\",\"valueRequired\":true,\"valueName\":\"search_term_string\"}}],\"inLanguage\":\"pt-BR\"},{\"@type\":\"Organization\",\"@id\":\"https:\/\/www.travel3.com.br\/site\/#organization\",\"name\":\"Travel3\",\"url\":\"https:\/\/www.travel3.com.br\/site\/\",\"logo\":{\"@type\":\"ImageObject\",\"inLanguage\":\"pt-BR\",\"@id\":\"https:\/\/www.travel3.com.br\/site\/#\/schema\/logo\/image\/\",\"url\":\"https:\/\/www.travel3.com.br\/site\/wp-content\/uploads\/2020\/01\/logo-travel3-2020.png\",\"contentUrl\":\"https:\/\/www.travel3.com.br\/site\/wp-content\/uploads\/2020\/01\/logo-travel3-2020.png\",\"width\":232,\"height\":79,\"caption\":\"Travel3\"},\"image\":{\"@id\":\"https:\/\/www.travel3.com.br\/site\/#\/schema\/logo\/image\/\"},\"sameAs\":[\"https:\/\/www.facebook.com\/travel3media\/\",\"https:\/\/www.instagram.com\/revistatravel3\/\",\"https:\/\/www.youtube.com\/channel\/UCno7J4paGBR3VbZQzvoJ9Eg\"]},{\"@type\":\"Person\",\"@id\":\"https:\/\/www.travel3.com.br\/site\/#\/schema\/person\/9cff8daac0a2f1aa0799f827b8aa8308\",\"name\":\"Reda\u00e7\u00e3o Travel3\",\"image\":{\"@type\":\"ImageObject\",\"inLanguage\":\"pt-BR\",\"@id\":\"https:\/\/www.travel3.com.br\/site\/#\/schema\/person\/image\/\",\"url\":\"https:\/\/secure.gravatar.com\/avatar\/6e6125525e1f04b7b8c607d71556e490?s=96&d=mm&r=g\",\"contentUrl\":\"https:\/\/secure.gravatar.com\/avatar\/6e6125525e1f04b7b8c607d71556e490?s=96&d=mm&r=g\",\"caption\":\"Reda\u00e7\u00e3o Travel3\"},\"sameAs\":[\"http:\/\/www.travel3.com.br\"],\"url\":\"https:\/\/www.travel3.com.br\/site\/author\/redacao2\/\"}]}<\/script>\n<!-- \/ Yoast SEO plugin. -->","yoast_head_json":{"title":"Monte Verde \u00e9 destino ideal para quem quer fugir da folia - Travel3","description":"Monte Verde \u00e9 destino ideal para quem quer fugir da folia; Distrito proporciona conforto, atmosfera tranquila e oferece descontos no carnaval","robots":{"index":"index","follow":"follow","max-snippet":"max-snippet:-1","max-image-preview":"max-image-preview:large","max-video-preview":"max-video-preview:-1"},"canonical":"https:\/\/www.travel3.com.br\/site\/comece-a-viajar\/monte-verde-e-destino-ideal-para-quem-quer-fugir-da-folia\/","og_locale":"pt_BR","og_type":"article","og_title":"Monte Verde \u00e9 destino ideal para quem quer fugir da folia - Travel3","og_description":"Monte Verde \u00e9 destino ideal para quem quer fugir da folia; Distrito proporciona conforto, atmosfera tranquila e oferece descontos no carnaval","og_url":"https:\/\/www.travel3.com.br\/site\/comece-a-viajar\/monte-verde-e-destino-ideal-para-quem-quer-fugir-da-folia\/","og_site_name":"Travel3","article_publisher":"https:\/\/www.facebook.com\/travel3media\/","article_published_time":"2023-02-15T18:32:18+00:00","article_modified_time":"2023-02-15T18:32:24+00:00","og_image":[{"width":1280,"height":799,"url":"https:\/\/www.travel3.com.br\/site\/wp-content\/uploads\/2023\/02\/Passeio-quadriciclo-Monte-Verde_Easy-Resize.com_.jpg","type":"image\/jpeg"}],"author":"Reda\u00e7\u00e3o Travel3","twitter_card":"summary_large_image","twitter_misc":{"Escrito por":"Reda\u00e7\u00e3o Travel3","Est. tempo de leitura":"8 minutos"},"schema":{"@context":"https:\/\/schema.org","@graph":[{"@type":"Article","@id":"https:\/\/www.travel3.com.br\/site\/comece-a-viajar\/monte-verde-e-destino-ideal-para-quem-quer-fugir-da-folia\/#article","isPartOf":{"@id":"https:\/\/www.travel3.com.br\/site\/comece-a-viajar\/monte-verde-e-destino-ideal-para-quem-quer-fugir-da-folia\/"},"author":{"name":"Reda\u00e7\u00e3o Travel3","@id":"https:\/\/www.travel3.com.br\/site\/#\/schema\/person\/9cff8daac0a2f1aa0799f827b8aa8308"},"headline":"Monte Verde \u00e9 destino ideal para quem quer fugir da folia","datePublished":"2023-02-15T18:32:18+00:00","dateModified":"2023-02-15T18:32:24+00:00","mainEntityOfPage":{"@id":"https:\/\/www.travel3.com.br\/site\/comece-a-viajar\/monte-verde-e-destino-ideal-para-quem-quer-fugir-da-folia\/"},"wordCount":1112,"commentCount":0,"publisher":{"@id":"https:\/\/www.travel3.com.br\/site\/#organization"},"image":{"@id":"https:\/\/www.travel3.com.br\/site\/comece-a-viajar\/monte-verde-e-destino-ideal-para-quem-quer-fugir-da-folia\/#primaryimage"},"thumbnailUrl":"https:\/\/www.travel3.com.br\/site\/wp-content\/uploads\/2023\/02\/Passeio-quadriciclo-Monte-Verde_Easy-Resize.com_.jpg","keywords":["destino rom\u00e2ntico","feriados","Minas Gerais","Monte Verde","Move","visite minas gerais"],"articleSection":["Brasil","Comece a Viajar","Destaque","Home"],"inLanguage":"pt-BR","potentialAction":[{"@type":"CommentAction","name":"Comment","target":["https:\/\/www.travel3.com.br\/site\/comece-a-viajar\/monte-verde-e-destino-ideal-para-quem-quer-fugir-da-folia\/#respond"]}]},{"@type":"WebPage","@id":"https:\/\/www.travel3.com.br\/site\/comece-a-viajar\/monte-verde-e-destino-ideal-para-quem-quer-fugir-da-folia\/","url":"https:\/\/www.travel3.com.br\/site\/comece-a-viajar\/monte-verde-e-destino-ideal-para-quem-quer-fugir-da-folia\/","name":"Monte Verde \u00e9 destino ideal para quem quer fugir da folia - Travel3","isPartOf":{"@id":"https:\/\/www.travel3.com.br\/site\/#website"},"primaryImageOfPage":{"@id":"https:\/\/www.travel3.com.br\/site\/comece-a-viajar\/monte-verde-e-destino-ideal-para-quem-quer-fugir-da-folia\/#primaryimage"},"image":{"@id":"https:\/\/www.travel3.com.br\/site\/comece-a-viajar\/monte-verde-e-destino-ideal-para-quem-quer-fugir-da-folia\/#primaryimage"},"thumbnailUrl":"https:\/\/www.travel3.com.br\/site\/wp-content\/uploads\/2023\/02\/Passeio-quadriciclo-Monte-Verde_Easy-Resize.com_.jpg","datePublished":"2023-02-15T18:32:18+00:00","dateModified":"2023-02-15T18:32:24+00:00","description":"Monte Verde \u00e9 destino ideal para quem quer fugir da folia; Distrito proporciona conforto, atmosfera tranquila e oferece descontos no carnaval","breadcrumb":{"@id":"https:\/\/www.travel3.com.br\/site\/comece-a-viajar\/monte-verde-e-destino-ideal-para-quem-quer-fugir-da-folia\/#breadcrumb"},"inLanguage":"pt-BR","potentialAction":[{"@type":"ReadAction","target":["https:\/\/www.travel3.com.br\/site\/comece-a-viajar\/monte-verde-e-destino-ideal-para-quem-quer-fugir-da-folia\/"]}]},{"@type":"ImageObject","inLanguage":"pt-BR","@id":"https:\/\/www.travel3.com.br\/site\/comece-a-viajar\/monte-verde-e-destino-ideal-para-quem-quer-fugir-da-folia\/#primaryimage","url":"https:\/\/www.travel3.com.br\/site\/wp-content\/uploads\/2023\/02\/Passeio-quadriciclo-Monte-Verde_Easy-Resize.com_.jpg","contentUrl":"https:\/\/www.travel3.com.br\/site\/wp-content\/uploads\/2023\/02\/Passeio-quadriciclo-Monte-Verde_Easy-Resize.com_.jpg","width":1280,"height":799,"caption":"Passeio de Quadriciclo em Monte Verde"},{"@type":"BreadcrumbList","@id":"https:\/\/www.travel3.com.br\/site\/comece-a-viajar\/monte-verde-e-destino-ideal-para-quem-quer-fugir-da-folia\/#breadcrumb","itemListElement":[{"@type":"ListItem","position":1,"name":"In\u00edcio","item":"https:\/\/www.travel3.com.br\/site\/"},{"@type":"ListItem","position":2,"name":"Monte Verde \u00e9 destino ideal para quem quer fugir da folia"}]},{"@type":"WebSite","@id":"https:\/\/www.travel3.com.br\/site\/#website","url":"https:\/\/www.travel3.com.br\/site\/","name":"Travel3","description":"Lazer + Neg&oacute;cios + Aventura","publisher":{"@id":"https:\/\/www.travel3.com.br\/site\/#organization"},"potentialAction":[{"@type":"SearchAction","target":{"@type":"EntryPoint","urlTemplate":"https:\/\/www.travel3.com.br\/site\/?s={search_term_string}"},"query-input":{"@type":"PropertyValueSpecification","valueRequired":true,"valueName":"search_term_string"}}],"inLanguage":"pt-BR"},{"@type":"Organization","@id":"https:\/\/www.travel3.com.br\/site\/#organization","name":"Travel3","url":"https:\/\/www.travel3.com.br\/site\/","logo":{"@type":"ImageObject","inLanguage":"pt-BR","@id":"https:\/\/www.travel3.com.br\/site\/#\/schema\/logo\/image\/","url":"https:\/\/www.travel3.com.br\/site\/wp-content\/uploads\/2020\/01\/logo-travel3-2020.png","contentUrl":"https:\/\/www.travel3.com.br\/site\/wp-content\/uploads\/2020\/01\/logo-travel3-2020.png","width":232,"height":79,"caption":"Travel3"},"image":{"@id":"https:\/\/www.travel3.com.br\/site\/#\/schema\/logo\/image\/"},"sameAs":["https:\/\/www.facebook.com\/travel3media\/","https:\/\/www.instagram.com\/revistatravel3\/","https:\/\/www.youtube.com\/channel\/UCno7J4paGBR3VbZQzvoJ9Eg"]},{"@type":"Person","@id":"https:\/\/www.travel3.com.br\/site\/#\/schema\/person\/9cff8daac0a2f1aa0799f827b8aa8308","name":"Reda\u00e7\u00e3o Travel3","image":{"@type":"ImageObject","inLanguage":"pt-BR","@id":"https:\/\/www.travel3.com.br\/site\/#\/schema\/person\/image\/","url":"https:\/\/secure.gravatar.com\/avatar\/6e6125525e1f04b7b8c607d71556e490?s=96&d=mm&r=g","contentUrl":"https:\/\/secure.gravatar.com\/avatar\/6e6125525e1f04b7b8c607d71556e490?s=96&d=mm&r=g","caption":"Reda\u00e7\u00e3o Travel3"},"sameAs":["http:\/\/www.travel3.com.br"],"url":"https:\/\/www.travel3.com.br\/site\/author\/redacao2\/"}]}},"_links":{"self":[{"href":"https:\/\/www.travel3.com.br\/site\/wp-json\/wp\/v2\/posts\/56633","targetHints":{"allow":["GET"]}}],"collection":[{"href":"https:\/\/www.travel3.com.br\/site\/wp-json\/wp\/v2\/posts"}],"about":[{"href":"https:\/\/www.travel3.com.br\/site\/wp-json\/wp\/v2\/types\/post"}],"author":[{"embeddable":true,"href":"https:\/\/www.travel3.com.br\/site\/wp-json\/wp\/v2\/users\/6"}],"replies":[{"embeddable":true,"href":"https:\/\/www.travel3.com.br\/site\/wp-json\/wp\/v2\/comments?post=56633"}],"version-history":[{"count":13,"href":"https:\/\/www.travel3.com.br\/site\/wp-json\/wp\/v2\/posts\/56633\/revisions"}],"predecessor-version":[{"id":56710,"href":"https:\/\/www.travel3.com.br\/site\/wp-json\/wp\/v2\/posts\/56633\/revisions\/56710"}],"wp:featuredmedia":[{"embeddable":true,"href":"https:\/\/www.travel3.com.br\/site\/wp-json\/wp\/v2\/media\/56638"}],"wp:attachment":[{"href":"https:\/\/www.travel3.com.br\/site\/wp-json\/wp\/v2\/media?parent=56633"}],"wp:term":[{"taxonomy":"category","embeddable":true,"href":"https:\/\/www.travel3.com.br\/site\/wp-json\/wp\/v2\/categories?post=56633"},{"taxonomy":"post_tag","embeddable":true,"href":"https:\/\/www.travel3.com.br\/site\/wp-json\/wp\/v2\/tags?post=56633"}],"curies":[{"name":"wp","href":"https:\/\/api.w.org\/{rel}","templated":true}]}}