{"id":5648,"date":"2017-05-11T03:32:27","date_gmt":"2017-05-11T03:32:27","guid":{"rendered":"http:\/\/www.travel3.com.br\/site\/ir-e-vir\/ar\/russia-comemora-71o-aniversario-de-vitoria-sobre-alemanha-nazista\/"},"modified":"2017-05-11T03:32:27","modified_gmt":"2017-05-11T03:32:27","slug":"russia-comemora-71o-aniversario-de-vitoria-sobre-alemanha-nazista","status":"publish","type":"post","link":"https:\/\/www.travel3.com.br\/site\/sem-categoria\/russia-comemora-71o-aniversario-de-vitoria-sobre-alemanha-nazista\/","title":{"rendered":"R\u00daSSIA COMEMORA 71\u00ba ANIVERS\u00c1RIO DE VIT\u00d3RIA SOBRE ALEMANHA NAZISTA"},"content":{"rendered":"<p><span style=\"color: #40acad; font-family: -apple-system, system-ui, 'Segoe UI', Roboto, Oxygen-Sans, Ubuntu, Cantarell, 'Helvetica Neue', sans-serif; font-size: 12px; font-weight: bold;\"><\/p>\n<p style=\"text-align: center;\"><a class=\"fancybox-media\" href=\"..\/_uploads\/_noticia\/2016-05\/05296111.jpg\" rel=\"portfolio\"><img decoding=\"async\" alt=\"\" src=\"..\/_uploads\/_noticia\/2016-05\/05296111.jpg\" \/><\/a><br \/>\n<em><strong>O presidente da R\u00fassia, Vladmir Putin, e o presidente do Cazaquist\u00e3o, Nursultan Nazarbayev, assistem ao desfile militar na Pra\u00e7a Vermelha, em Moscou, na R\u00fassia\u00a0Sergei Chirikio\/Ag\u00eancia Lusa\/direitos reservados<\/strong><\/em><\/p>\n<p style=\"text-align:justify\">Mais de 10 mil militares marcham pela Pra\u00e7a Vermelha, em Moscou, no tradicional Desfile da Vit\u00f3ria sobre a Alemanha nazista, que se celebra hoje (9) na R\u00fassia.<\/p>\n<p style=\"text-align:justify\">Pela primeira vez nesta festa, que lembra os 26 milh\u00f5es de sovi\u00e9ticos mortos no conflito, participam militares das for\u00e7as aeroespaciais russas, da Guarda Nacional e um esquadr\u00e3o feminino de cadetes.<\/p>\n<p style=\"text-align:justify\">Nesta celebra\u00e7\u00e3o do 71\u00ba anivers\u00e1rio da vit\u00f3ria sobre a Alemanha nazista desfilam mais de 200 ve\u00edculos blindados e sistemas de armamento, al\u00e9m de helic\u00f3pteros e dos avi\u00f5es que fazem a parada a\u00e9rea sobre os c\u00e9us da capital russa.<\/p>\n<p style=\"text-align:justify\">O presidente russo, Vladimir Putin, presente na pra\u00e7a, fez um paralelo entre a luta contra os nazistas e o novo desafio para o mundo que \u00e9 o terrorismo internacional.<\/p>\n<p style=\"text-align:justify\">\u201cNeste momento, a civiliza\u00e7\u00e3o enfrenta uma nova amea\u00e7a. Por isso, estamos dispostos a construir um novo bloco de seguran\u00e7a internacional para derrotar o terrorismo\u201d, disse.<\/p>\n<p style=\"text-align:justify\">O chefe de Estado russo afirmou ainda que a comemora\u00e7\u00e3o se transformou no s\u00edmbolo da unidade entre a R\u00fassia e o seu povo. \u201cA nossa for\u00e7a e a nossa dignidade residem nesta unidade: na lealdade \u00e0 p\u00e1tria\u201d, concluiu.A parada militar come\u00e7ou com um minuto de sil\u00eancio em mem\u00f3ria dos mortos na Segunda Guerra mundial.<\/p>\n<p><\/span><\/p>\n","protected":false},"excerpt":{"rendered":"<p>Desfilam mais de 200 ve\u00edculos blindados e sistemas de armamento, al\u00e9m de helic\u00f3pteros e dos avi\u00f5es que fazem a parada a\u00e9rea<\/p>\n","protected":false},"author":1,"featured_media":0,"comment_status":"open","ping_status":"open","sticky":false,"template":"","format":"standard","meta":{"footnotes":""},"categories":[],"tags":[],"class_list":["post-5648","post","type-post","status-publish","format-standard","hentry"],"yoast_head":"<!-- This site is optimized with the Yoast SEO plugin v26.2 - https:\/\/yoast.com\/wordpress\/plugins\/seo\/ -->\n<title>R\u00daSSIA COMEMORA 71\u00ba ANIVERS\u00c1RIO DE VIT\u00d3RIA SOBRE ALEMANHA NAZISTA - Travel3<\/title>\n<meta name=\"description\" content=\"A TRAVEL3 \u00e9 um portal de conte\u00fado voltado para o turismo, encontre destinos, viagens, hospedagem, passagens, guias, not\u00edcias sobre o mercado do turismo, dicas de viagem, v\u00eddeos e podcast.\" \/>\n<meta name=\"robots\" content=\"index, follow, max-snippet:-1, max-image-preview:large, max-video-preview:-1\" \/>\n<link rel=\"canonical\" href=\"https:\/\/www.travel3.com.br\/site\/sem-categoria\/russia-comemora-71o-aniversario-de-vitoria-sobre-alemanha-nazista\/\" \/>\n<meta property=\"og:locale\" content=\"pt_BR\" \/>\n<meta property=\"og:type\" content=\"article\" \/>\n<meta property=\"og:title\" content=\"R\u00daSSIA COMEMORA 71\u00ba ANIVERS\u00c1RIO DE VIT\u00d3RIA SOBRE ALEMANHA NAZISTA - Travel3\" \/>\n<meta property=\"og:description\" content=\"A TRAVEL3 \u00e9 um portal de conte\u00fado voltado para o turismo, encontre destinos, viagens, hospedagem, passagens, guias, not\u00edcias sobre o mercado do turismo, dicas de viagem, v\u00eddeos e podcast.\" \/>\n<meta property=\"og:url\" content=\"https:\/\/www.travel3.com.br\/site\/sem-categoria\/russia-comemora-71o-aniversario-de-vitoria-sobre-alemanha-nazista\/\" \/>\n<meta property=\"og:site_name\" content=\"Travel3\" \/>\n<meta property=\"article:publisher\" content=\"https:\/\/www.facebook.com\/travel3media\/\" \/>\n<meta property=\"article:published_time\" content=\"2017-05-11T03:32:27+00:00\" \/>\n<meta name=\"author\" content=\"admin\" \/>\n<meta name=\"twitter:card\" content=\"summary_large_image\" \/>\n<meta name=\"twitter:label1\" content=\"Escrito por\" \/>\n\t<meta name=\"twitter:data1\" content=\"admin\" \/>\n\t<meta name=\"twitter:label2\" content=\"Est. tempo de leitura\" \/>\n\t<meta name=\"twitter:data2\" content=\"1 minuto\" \/>\n<script type=\"application\/ld+json\" class=\"yoast-schema-graph\">{\"@context\":\"https:\/\/schema.org\",\"@graph\":[{\"@type\":\"Article\",\"@id\":\"https:\/\/www.travel3.com.br\/site\/sem-categoria\/russia-comemora-71o-aniversario-de-vitoria-sobre-alemanha-nazista\/#article\",\"isPartOf\":{\"@id\":\"https:\/\/www.travel3.com.br\/site\/sem-categoria\/russia-comemora-71o-aniversario-de-vitoria-sobre-alemanha-nazista\/\"},\"author\":{\"name\":\"admin\",\"@id\":\"https:\/\/www.travel3.com.br\/site\/#\/schema\/person\/a69d71e41a024999b6ab82369ac0bd1e\"},\"headline\":\"R\u00daSSIA COMEMORA 71\u00ba ANIVERS\u00c1RIO DE VIT\u00d3RIA SOBRE ALEMANHA NAZISTA\",\"datePublished\":\"2017-05-11T03:32:27+00:00\",\"mainEntityOfPage\":{\"@id\":\"https:\/\/www.travel3.com.br\/site\/sem-categoria\/russia-comemora-71o-aniversario-de-vitoria-sobre-alemanha-nazista\/\"},\"wordCount\":271,\"commentCount\":0,\"publisher\":{\"@id\":\"https:\/\/www.travel3.com.br\/site\/#organization\"},\"inLanguage\":\"pt-BR\",\"potentialAction\":[{\"@type\":\"CommentAction\",\"name\":\"Comment\",\"target\":[\"https:\/\/www.travel3.com.br\/site\/sem-categoria\/russia-comemora-71o-aniversario-de-vitoria-sobre-alemanha-nazista\/#respond\"]}]},{\"@type\":\"WebPage\",\"@id\":\"https:\/\/www.travel3.com.br\/site\/sem-categoria\/russia-comemora-71o-aniversario-de-vitoria-sobre-alemanha-nazista\/\",\"url\":\"https:\/\/www.travel3.com.br\/site\/sem-categoria\/russia-comemora-71o-aniversario-de-vitoria-sobre-alemanha-nazista\/\",\"name\":\"R\u00daSSIA COMEMORA 71\u00ba ANIVERS\u00c1RIO DE VIT\u00d3RIA SOBRE ALEMANHA NAZISTA - Travel3\",\"isPartOf\":{\"@id\":\"https:\/\/www.travel3.com.br\/site\/#website\"},\"datePublished\":\"2017-05-11T03:32:27+00:00\",\"description\":\"A TRAVEL3 \u00e9 um portal de conte\u00fado voltado para o turismo, encontre destinos, viagens, hospedagem, passagens, guias, not\u00edcias sobre o mercado do turismo, dicas de viagem, v\u00eddeos e podcast.\",\"breadcrumb\":{\"@id\":\"https:\/\/www.travel3.com.br\/site\/sem-categoria\/russia-comemora-71o-aniversario-de-vitoria-sobre-alemanha-nazista\/#breadcrumb\"},\"inLanguage\":\"pt-BR\",\"potentialAction\":[{\"@type\":\"ReadAction\",\"target\":[\"https:\/\/www.travel3.com.br\/site\/sem-categoria\/russia-comemora-71o-aniversario-de-vitoria-sobre-alemanha-nazista\/\"]}]},{\"@type\":\"BreadcrumbList\",\"@id\":\"https:\/\/www.travel3.com.br\/site\/sem-categoria\/russia-comemora-71o-aniversario-de-vitoria-sobre-alemanha-nazista\/#breadcrumb\",\"itemListElement\":[{\"@type\":\"ListItem\",\"position\":1,\"name\":\"In\u00edcio\",\"item\":\"https:\/\/www.travel3.com.br\/site\/\"},{\"@type\":\"ListItem\",\"position\":2,\"name\":\"R\u00daSSIA COMEMORA 71\u00ba ANIVERS\u00c1RIO DE VIT\u00d3RIA SOBRE ALEMANHA NAZISTA\"}]},{\"@type\":\"WebSite\",\"@id\":\"https:\/\/www.travel3.com.br\/site\/#website\",\"url\":\"https:\/\/www.travel3.com.br\/site\/\",\"name\":\"Travel3\",\"description\":\"Lazer + Neg&oacute;cios + Aventura\",\"publisher\":{\"@id\":\"https:\/\/www.travel3.com.br\/site\/#organization\"},\"potentialAction\":[{\"@type\":\"SearchAction\",\"target\":{\"@type\":\"EntryPoint\",\"urlTemplate\":\"https:\/\/www.travel3.com.br\/site\/?s={search_term_string}\"},\"query-input\":{\"@type\":\"PropertyValueSpecification\",\"valueRequired\":true,\"valueName\":\"search_term_string\"}}],\"inLanguage\":\"pt-BR\"},{\"@type\":\"Organization\",\"@id\":\"https:\/\/www.travel3.com.br\/site\/#organization\",\"name\":\"Travel3\",\"url\":\"https:\/\/www.travel3.com.br\/site\/\",\"logo\":{\"@type\":\"ImageObject\",\"inLanguage\":\"pt-BR\",\"@id\":\"https:\/\/www.travel3.com.br\/site\/#\/schema\/logo\/image\/\",\"url\":\"https:\/\/www.travel3.com.br\/site\/wp-content\/uploads\/2020\/01\/logo-travel3-2020.png\",\"contentUrl\":\"https:\/\/www.travel3.com.br\/site\/wp-content\/uploads\/2020\/01\/logo-travel3-2020.png\",\"width\":232,\"height\":79,\"caption\":\"Travel3\"},\"image\":{\"@id\":\"https:\/\/www.travel3.com.br\/site\/#\/schema\/logo\/image\/\"},\"sameAs\":[\"https:\/\/www.facebook.com\/travel3media\/\",\"https:\/\/www.instagram.com\/revistatravel3\/\",\"https:\/\/www.youtube.com\/channel\/UCno7J4paGBR3VbZQzvoJ9Eg\"]},{\"@type\":\"Person\",\"@id\":\"https:\/\/www.travel3.com.br\/site\/#\/schema\/person\/a69d71e41a024999b6ab82369ac0bd1e\",\"name\":\"admin\",\"image\":{\"@type\":\"ImageObject\",\"inLanguage\":\"pt-BR\",\"@id\":\"https:\/\/www.travel3.com.br\/site\/#\/schema\/person\/image\/\",\"url\":\"https:\/\/secure.gravatar.com\/avatar\/732a67adfd764da2a47ba10ce731c4c0?s=96&d=mm&r=g\",\"contentUrl\":\"https:\/\/secure.gravatar.com\/avatar\/732a67adfd764da2a47ba10ce731c4c0?s=96&d=mm&r=g\",\"caption\":\"admin\"},\"url\":\"https:\/\/www.travel3.com.br\/site\/author\/admin\/\"}]}<\/script>\n<!-- \/ Yoast SEO plugin. -->","yoast_head_json":{"title":"R\u00daSSIA COMEMORA 71\u00ba ANIVERS\u00c1RIO DE VIT\u00d3RIA SOBRE ALEMANHA NAZISTA - Travel3","description":"A TRAVEL3 \u00e9 um portal de conte\u00fado voltado para o turismo, encontre destinos, viagens, hospedagem, passagens, guias, not\u00edcias sobre o mercado do turismo, dicas de viagem, v\u00eddeos e podcast.","robots":{"index":"index","follow":"follow","max-snippet":"max-snippet:-1","max-image-preview":"max-image-preview:large","max-video-preview":"max-video-preview:-1"},"canonical":"https:\/\/www.travel3.com.br\/site\/sem-categoria\/russia-comemora-71o-aniversario-de-vitoria-sobre-alemanha-nazista\/","og_locale":"pt_BR","og_type":"article","og_title":"R\u00daSSIA COMEMORA 71\u00ba ANIVERS\u00c1RIO DE VIT\u00d3RIA SOBRE ALEMANHA NAZISTA - Travel3","og_description":"A TRAVEL3 \u00e9 um portal de conte\u00fado voltado para o turismo, encontre destinos, viagens, hospedagem, passagens, guias, not\u00edcias sobre o mercado do turismo, dicas de viagem, v\u00eddeos e podcast.","og_url":"https:\/\/www.travel3.com.br\/site\/sem-categoria\/russia-comemora-71o-aniversario-de-vitoria-sobre-alemanha-nazista\/","og_site_name":"Travel3","article_publisher":"https:\/\/www.facebook.com\/travel3media\/","article_published_time":"2017-05-11T03:32:27+00:00","author":"admin","twitter_card":"summary_large_image","twitter_misc":{"Escrito por":"admin","Est. tempo de leitura":"1 minuto"},"schema":{"@context":"https:\/\/schema.org","@graph":[{"@type":"Article","@id":"https:\/\/www.travel3.com.br\/site\/sem-categoria\/russia-comemora-71o-aniversario-de-vitoria-sobre-alemanha-nazista\/#article","isPartOf":{"@id":"https:\/\/www.travel3.com.br\/site\/sem-categoria\/russia-comemora-71o-aniversario-de-vitoria-sobre-alemanha-nazista\/"},"author":{"name":"admin","@id":"https:\/\/www.travel3.com.br\/site\/#\/schema\/person\/a69d71e41a024999b6ab82369ac0bd1e"},"headline":"R\u00daSSIA COMEMORA 71\u00ba ANIVERS\u00c1RIO DE VIT\u00d3RIA SOBRE ALEMANHA NAZISTA","datePublished":"2017-05-11T03:32:27+00:00","mainEntityOfPage":{"@id":"https:\/\/www.travel3.com.br\/site\/sem-categoria\/russia-comemora-71o-aniversario-de-vitoria-sobre-alemanha-nazista\/"},"wordCount":271,"commentCount":0,"publisher":{"@id":"https:\/\/www.travel3.com.br\/site\/#organization"},"inLanguage":"pt-BR","potentialAction":[{"@type":"CommentAction","name":"Comment","target":["https:\/\/www.travel3.com.br\/site\/sem-categoria\/russia-comemora-71o-aniversario-de-vitoria-sobre-alemanha-nazista\/#respond"]}]},{"@type":"WebPage","@id":"https:\/\/www.travel3.com.br\/site\/sem-categoria\/russia-comemora-71o-aniversario-de-vitoria-sobre-alemanha-nazista\/","url":"https:\/\/www.travel3.com.br\/site\/sem-categoria\/russia-comemora-71o-aniversario-de-vitoria-sobre-alemanha-nazista\/","name":"R\u00daSSIA COMEMORA 71\u00ba ANIVERS\u00c1RIO DE VIT\u00d3RIA SOBRE ALEMANHA NAZISTA - Travel3","isPartOf":{"@id":"https:\/\/www.travel3.com.br\/site\/#website"},"datePublished":"2017-05-11T03:32:27+00:00","description":"A TRAVEL3 \u00e9 um portal de conte\u00fado voltado para o turismo, encontre destinos, viagens, hospedagem, passagens, guias, not\u00edcias sobre o mercado do turismo, dicas de viagem, v\u00eddeos e podcast.","breadcrumb":{"@id":"https:\/\/www.travel3.com.br\/site\/sem-categoria\/russia-comemora-71o-aniversario-de-vitoria-sobre-alemanha-nazista\/#breadcrumb"},"inLanguage":"pt-BR","potentialAction":[{"@type":"ReadAction","target":["https:\/\/www.travel3.com.br\/site\/sem-categoria\/russia-comemora-71o-aniversario-de-vitoria-sobre-alemanha-nazista\/"]}]},{"@type":"BreadcrumbList","@id":"https:\/\/www.travel3.com.br\/site\/sem-categoria\/russia-comemora-71o-aniversario-de-vitoria-sobre-alemanha-nazista\/#breadcrumb","itemListElement":[{"@type":"ListItem","position":1,"name":"In\u00edcio","item":"https:\/\/www.travel3.com.br\/site\/"},{"@type":"ListItem","position":2,"name":"R\u00daSSIA COMEMORA 71\u00ba ANIVERS\u00c1RIO DE VIT\u00d3RIA SOBRE ALEMANHA NAZISTA"}]},{"@type":"WebSite","@id":"https:\/\/www.travel3.com.br\/site\/#website","url":"https:\/\/www.travel3.com.br\/site\/","name":"Travel3","description":"Lazer + Neg&oacute;cios + Aventura","publisher":{"@id":"https:\/\/www.travel3.com.br\/site\/#organization"},"potentialAction":[{"@type":"SearchAction","target":{"@type":"EntryPoint","urlTemplate":"https:\/\/www.travel3.com.br\/site\/?s={search_term_string}"},"query-input":{"@type":"PropertyValueSpecification","valueRequired":true,"valueName":"search_term_string"}}],"inLanguage":"pt-BR"},{"@type":"Organization","@id":"https:\/\/www.travel3.com.br\/site\/#organization","name":"Travel3","url":"https:\/\/www.travel3.com.br\/site\/","logo":{"@type":"ImageObject","inLanguage":"pt-BR","@id":"https:\/\/www.travel3.com.br\/site\/#\/schema\/logo\/image\/","url":"https:\/\/www.travel3.com.br\/site\/wp-content\/uploads\/2020\/01\/logo-travel3-2020.png","contentUrl":"https:\/\/www.travel3.com.br\/site\/wp-content\/uploads\/2020\/01\/logo-travel3-2020.png","width":232,"height":79,"caption":"Travel3"},"image":{"@id":"https:\/\/www.travel3.com.br\/site\/#\/schema\/logo\/image\/"},"sameAs":["https:\/\/www.facebook.com\/travel3media\/","https:\/\/www.instagram.com\/revistatravel3\/","https:\/\/www.youtube.com\/channel\/UCno7J4paGBR3VbZQzvoJ9Eg"]},{"@type":"Person","@id":"https:\/\/www.travel3.com.br\/site\/#\/schema\/person\/a69d71e41a024999b6ab82369ac0bd1e","name":"admin","image":{"@type":"ImageObject","inLanguage":"pt-BR","@id":"https:\/\/www.travel3.com.br\/site\/#\/schema\/person\/image\/","url":"https:\/\/secure.gravatar.com\/avatar\/732a67adfd764da2a47ba10ce731c4c0?s=96&d=mm&r=g","contentUrl":"https:\/\/secure.gravatar.com\/avatar\/732a67adfd764da2a47ba10ce731c4c0?s=96&d=mm&r=g","caption":"admin"},"url":"https:\/\/www.travel3.com.br\/site\/author\/admin\/"}]}},"_links":{"self":[{"href":"https:\/\/www.travel3.com.br\/site\/wp-json\/wp\/v2\/posts\/5648","targetHints":{"allow":["GET"]}}],"collection":[{"href":"https:\/\/www.travel3.com.br\/site\/wp-json\/wp\/v2\/posts"}],"about":[{"href":"https:\/\/www.travel3.com.br\/site\/wp-json\/wp\/v2\/types\/post"}],"author":[{"embeddable":true,"href":"https:\/\/www.travel3.com.br\/site\/wp-json\/wp\/v2\/users\/1"}],"replies":[{"embeddable":true,"href":"https:\/\/www.travel3.com.br\/site\/wp-json\/wp\/v2\/comments?post=5648"}],"version-history":[{"count":0,"href":"https:\/\/www.travel3.com.br\/site\/wp-json\/wp\/v2\/posts\/5648\/revisions"}],"wp:attachment":[{"href":"https:\/\/www.travel3.com.br\/site\/wp-json\/wp\/v2\/media?parent=5648"}],"wp:term":[{"taxonomy":"category","embeddable":true,"href":"https:\/\/www.travel3.com.br\/site\/wp-json\/wp\/v2\/categories?post=5648"},{"taxonomy":"post_tag","embeddable":true,"href":"https:\/\/www.travel3.com.br\/site\/wp-json\/wp\/v2\/tags?post=5648"}],"curies":[{"name":"wp","href":"https:\/\/api.w.org\/{rel}","templated":true}]}}