{"id":5647,"date":"2017-08-19T10:41:45","date_gmt":"2017-08-19T10:41:45","guid":{"rendered":"http:\/\/www.travel3.com.br\/site\/ir-e-vir\/ar\/saida-do-reino-unido-da-ue-ameacara-a-paz-na-europa-diz-cameron\/"},"modified":"2017-08-19T10:41:45","modified_gmt":"2017-08-19T10:41:45","slug":"saida-do-reino-unido-da-ue-ameacara-a-paz-na-europa-diz-cameron","status":"publish","type":"post","link":"https:\/\/www.travel3.com.br\/site\/sem-categoria\/saida-do-reino-unido-da-ue-ameacara-a-paz-na-europa-diz-cameron\/","title":{"rendered":"&#8220;SA\u00cdDA DO REINO UNIDO DA UE AMEA\u00c7AR\u00c1 A PAZ NA EUROPA&#8221; DIZ CAMERON"},"content":{"rendered":"<p><span style=\"color: #40acad; font-family: -apple-system, system-ui, 'Segoe UI', Roboto, Oxygen-Sans, Ubuntu, Cantarell, 'Helvetica Neue', sans-serif; font-size: 12px; font-weight: bold;\"><\/p>\n<p style=\"text-align: justify;\">O Reino Unido estar\u00e1 em maior seguran\u00e7a na Uni\u00e3o Europeia (UE) e se o referendo de 23 de junho estabelecer a sa\u00edda dos &#8220;28&#8221;, a paz na Europa poder\u00e1 ficar amea\u00e7ada, afirmou hoje (9) o primeiro-ministro brit\u00e2nico, David Cameron.<\/p>\n<p style=\"text-align: justify;\">&#8220;A Uni\u00e3o Europeia tem contribu\u00eddo para reconciliar pa\u00edses que tiveram problemas durante d\u00e9cadas&#8221;, acrescentou Cameron em discurso no Museu Brit\u00e2nico, em Londres, lembrando os conflitos que sacudiram a Europa nos \u00faltimos s\u00e9culos.<\/p>\n<p style=\"text-align: justify;\">Para o primeiro-ministro, \u00e9 do &#8220;interesse do Reino Unido manter o objetivo comum na Europa&#8221;, de forma a evitar futuros conflitos entre pa\u00edses europeus. Ele defendeu que o Reino Unido se mantenha como Estad0-Membro da UE para que esse esse objetivo seja alcan\u00e7ado.<\/p>\n<p style=\"text-align: justify;\">&#8220;Cada vez que fechamos a porta \u00e0 Europa, mais cedo ou mais tarde acabamos por lamentar, quer sejamos n\u00f3s a influenciar a Europa ou ela a nos influenciar&#8221;, destacou.<\/p>\n<p style=\"text-align: justify;\">O primeiro-ministro brit\u00e2nico insistiu no fato de que a UE amplia os poderes do Reino Unido no mundo, ideia contrariada pelos que defendem a sa\u00edda dos &#8220;28&#8221;, que sustentam que a influ\u00eancia do pa\u00eds ser\u00e1 maior fora da comunidade europeia.<\/p>\n<p style=\"text-align: justify;\">&#8220;Nesta perigosa situa\u00e7\u00e3o atual, a maior coopera\u00e7\u00e3o poss\u00edvel com os vizinhos europeus \u00e9 essencial&#8221;, insistiu Cameron, lembrando os desafios que representam o grupo Estado Isl\u00e2mico, a R\u00fassia e a crise dos refugiados.<\/p>\n<p>Cameron tamb\u00e9m lembrou Winston Churchill, primeiro-ministro brit\u00e2nico durante a 2\u00aa Guerra Mundial. &#8220;No p\u00f3s-guerra, apoiava com paix\u00e3o a aproxima\u00e7\u00e3o dos pa\u00edses da Europa Ocidental, a promo\u00e7\u00e3o das livres trocas e a cria\u00e7\u00e3o de institui\u00e7\u00f5es duradouras para que o continente nunca mais revivesse um conflito sangrento&#8221;.<\/p>\n<p style=\"text-align: justify;\">No pr\u00f3ximo dia 23 de junho, os brit\u00e2nicos v\u00e3o se manifestar, em um referendo, sobre a perman\u00eancia do Reino Unido na Uni\u00e3o Europeia. At\u00e9 agora, as pesquisas mostram indefini\u00e7\u00e3o.<\/p>\n<p><\/span><\/p>\n","protected":false},"excerpt":{"rendered":"<p>&#8220;A Uni\u00e3o Europeia tem contribu\u00eddo para reconciliar pa\u00edses que tiveram problemas durante d\u00e9cadas&#8221;, acrescentou Cameron<\/p>\n","protected":false},"author":1,"featured_media":0,"comment_status":"open","ping_status":"open","sticky":false,"template":"","format":"standard","meta":{"footnotes":""},"categories":[],"tags":[],"class_list":["post-5647","post","type-post","status-publish","format-standard","hentry"],"yoast_head":"<!-- This site is optimized with the Yoast SEO plugin v26.2 - https:\/\/yoast.com\/wordpress\/plugins\/seo\/ -->\n<title>&quot;SA\u00cdDA DO REINO UNIDO DA UE AMEA\u00c7AR\u00c1 A PAZ NA EUROPA&quot; DIZ CAMERON - Travel3<\/title>\n<meta name=\"description\" content=\"A TRAVEL3 \u00e9 um portal de conte\u00fado voltado para o turismo, encontre destinos, viagens, hospedagem, passagens, guias, not\u00edcias sobre o mercado do turismo, dicas de viagem, v\u00eddeos e podcast.\" \/>\n<meta name=\"robots\" content=\"index, follow, max-snippet:-1, max-image-preview:large, max-video-preview:-1\" \/>\n<link rel=\"canonical\" href=\"https:\/\/www.travel3.com.br\/site\/sem-categoria\/saida-do-reino-unido-da-ue-ameacara-a-paz-na-europa-diz-cameron\/\" \/>\n<meta property=\"og:locale\" content=\"pt_BR\" \/>\n<meta property=\"og:type\" content=\"article\" \/>\n<meta property=\"og:title\" content=\"&quot;SA\u00cdDA DO REINO UNIDO DA UE AMEA\u00c7AR\u00c1 A PAZ NA EUROPA&quot; DIZ CAMERON - Travel3\" \/>\n<meta property=\"og:description\" content=\"A TRAVEL3 \u00e9 um portal de conte\u00fado voltado para o turismo, encontre destinos, viagens, hospedagem, passagens, guias, not\u00edcias sobre o mercado do turismo, dicas de viagem, v\u00eddeos e podcast.\" \/>\n<meta property=\"og:url\" content=\"https:\/\/www.travel3.com.br\/site\/sem-categoria\/saida-do-reino-unido-da-ue-ameacara-a-paz-na-europa-diz-cameron\/\" \/>\n<meta property=\"og:site_name\" content=\"Travel3\" \/>\n<meta property=\"article:publisher\" content=\"https:\/\/www.facebook.com\/travel3media\/\" \/>\n<meta property=\"article:published_time\" content=\"2017-08-19T10:41:45+00:00\" \/>\n<meta name=\"author\" content=\"admin\" \/>\n<meta name=\"twitter:card\" content=\"summary_large_image\" \/>\n<meta name=\"twitter:label1\" content=\"Escrito por\" \/>\n\t<meta name=\"twitter:data1\" content=\"admin\" \/>\n\t<meta name=\"twitter:label2\" content=\"Est. tempo de leitura\" \/>\n\t<meta name=\"twitter:data2\" content=\"2 minutos\" \/>\n<script type=\"application\/ld+json\" class=\"yoast-schema-graph\">{\"@context\":\"https:\/\/schema.org\",\"@graph\":[{\"@type\":\"Article\",\"@id\":\"https:\/\/www.travel3.com.br\/site\/sem-categoria\/saida-do-reino-unido-da-ue-ameacara-a-paz-na-europa-diz-cameron\/#article\",\"isPartOf\":{\"@id\":\"https:\/\/www.travel3.com.br\/site\/sem-categoria\/saida-do-reino-unido-da-ue-ameacara-a-paz-na-europa-diz-cameron\/\"},\"author\":{\"name\":\"admin\",\"@id\":\"https:\/\/www.travel3.com.br\/site\/#\/schema\/person\/a69d71e41a024999b6ab82369ac0bd1e\"},\"headline\":\"&#8220;SA\u00cdDA DO REINO UNIDO DA UE AMEA\u00c7AR\u00c1 A PAZ NA EUROPA&#8221; DIZ CAMERON\",\"datePublished\":\"2017-08-19T10:41:45+00:00\",\"mainEntityOfPage\":{\"@id\":\"https:\/\/www.travel3.com.br\/site\/sem-categoria\/saida-do-reino-unido-da-ue-ameacara-a-paz-na-europa-diz-cameron\/\"},\"wordCount\":334,\"commentCount\":0,\"publisher\":{\"@id\":\"https:\/\/www.travel3.com.br\/site\/#organization\"},\"inLanguage\":\"pt-BR\",\"potentialAction\":[{\"@type\":\"CommentAction\",\"name\":\"Comment\",\"target\":[\"https:\/\/www.travel3.com.br\/site\/sem-categoria\/saida-do-reino-unido-da-ue-ameacara-a-paz-na-europa-diz-cameron\/#respond\"]}]},{\"@type\":\"WebPage\",\"@id\":\"https:\/\/www.travel3.com.br\/site\/sem-categoria\/saida-do-reino-unido-da-ue-ameacara-a-paz-na-europa-diz-cameron\/\",\"url\":\"https:\/\/www.travel3.com.br\/site\/sem-categoria\/saida-do-reino-unido-da-ue-ameacara-a-paz-na-europa-diz-cameron\/\",\"name\":\"\\\"SA\u00cdDA DO REINO UNIDO DA UE AMEA\u00c7AR\u00c1 A PAZ NA EUROPA\\\" DIZ CAMERON - Travel3\",\"isPartOf\":{\"@id\":\"https:\/\/www.travel3.com.br\/site\/#website\"},\"datePublished\":\"2017-08-19T10:41:45+00:00\",\"description\":\"A TRAVEL3 \u00e9 um portal de conte\u00fado voltado para o turismo, encontre destinos, viagens, hospedagem, passagens, guias, not\u00edcias sobre o mercado do turismo, dicas de viagem, v\u00eddeos e podcast.\",\"breadcrumb\":{\"@id\":\"https:\/\/www.travel3.com.br\/site\/sem-categoria\/saida-do-reino-unido-da-ue-ameacara-a-paz-na-europa-diz-cameron\/#breadcrumb\"},\"inLanguage\":\"pt-BR\",\"potentialAction\":[{\"@type\":\"ReadAction\",\"target\":[\"https:\/\/www.travel3.com.br\/site\/sem-categoria\/saida-do-reino-unido-da-ue-ameacara-a-paz-na-europa-diz-cameron\/\"]}]},{\"@type\":\"BreadcrumbList\",\"@id\":\"https:\/\/www.travel3.com.br\/site\/sem-categoria\/saida-do-reino-unido-da-ue-ameacara-a-paz-na-europa-diz-cameron\/#breadcrumb\",\"itemListElement\":[{\"@type\":\"ListItem\",\"position\":1,\"name\":\"In\u00edcio\",\"item\":\"https:\/\/www.travel3.com.br\/site\/\"},{\"@type\":\"ListItem\",\"position\":2,\"name\":\"&#8220;SA\u00cdDA DO REINO UNIDO DA UE AMEA\u00c7AR\u00c1 A PAZ NA EUROPA&#8221; DIZ CAMERON\"}]},{\"@type\":\"WebSite\",\"@id\":\"https:\/\/www.travel3.com.br\/site\/#website\",\"url\":\"https:\/\/www.travel3.com.br\/site\/\",\"name\":\"Travel3\",\"description\":\"Lazer + Neg&oacute;cios + Aventura\",\"publisher\":{\"@id\":\"https:\/\/www.travel3.com.br\/site\/#organization\"},\"potentialAction\":[{\"@type\":\"SearchAction\",\"target\":{\"@type\":\"EntryPoint\",\"urlTemplate\":\"https:\/\/www.travel3.com.br\/site\/?s={search_term_string}\"},\"query-input\":{\"@type\":\"PropertyValueSpecification\",\"valueRequired\":true,\"valueName\":\"search_term_string\"}}],\"inLanguage\":\"pt-BR\"},{\"@type\":\"Organization\",\"@id\":\"https:\/\/www.travel3.com.br\/site\/#organization\",\"name\":\"Travel3\",\"url\":\"https:\/\/www.travel3.com.br\/site\/\",\"logo\":{\"@type\":\"ImageObject\",\"inLanguage\":\"pt-BR\",\"@id\":\"https:\/\/www.travel3.com.br\/site\/#\/schema\/logo\/image\/\",\"url\":\"https:\/\/www.travel3.com.br\/site\/wp-content\/uploads\/2020\/01\/logo-travel3-2020.png\",\"contentUrl\":\"https:\/\/www.travel3.com.br\/site\/wp-content\/uploads\/2020\/01\/logo-travel3-2020.png\",\"width\":232,\"height\":79,\"caption\":\"Travel3\"},\"image\":{\"@id\":\"https:\/\/www.travel3.com.br\/site\/#\/schema\/logo\/image\/\"},\"sameAs\":[\"https:\/\/www.facebook.com\/travel3media\/\",\"https:\/\/www.instagram.com\/revistatravel3\/\",\"https:\/\/www.youtube.com\/channel\/UCno7J4paGBR3VbZQzvoJ9Eg\"]},{\"@type\":\"Person\",\"@id\":\"https:\/\/www.travel3.com.br\/site\/#\/schema\/person\/a69d71e41a024999b6ab82369ac0bd1e\",\"name\":\"admin\",\"image\":{\"@type\":\"ImageObject\",\"inLanguage\":\"pt-BR\",\"@id\":\"https:\/\/www.travel3.com.br\/site\/#\/schema\/person\/image\/\",\"url\":\"https:\/\/secure.gravatar.com\/avatar\/732a67adfd764da2a47ba10ce731c4c0?s=96&d=mm&r=g\",\"contentUrl\":\"https:\/\/secure.gravatar.com\/avatar\/732a67adfd764da2a47ba10ce731c4c0?s=96&d=mm&r=g\",\"caption\":\"admin\"},\"url\":\"https:\/\/www.travel3.com.br\/site\/author\/admin\/\"}]}<\/script>\n<!-- \/ Yoast SEO plugin. -->","yoast_head_json":{"title":"\"SA\u00cdDA DO REINO UNIDO DA UE AMEA\u00c7AR\u00c1 A PAZ NA EUROPA\" DIZ CAMERON - Travel3","description":"A TRAVEL3 \u00e9 um portal de conte\u00fado voltado para o turismo, encontre destinos, viagens, hospedagem, passagens, guias, not\u00edcias sobre o mercado do turismo, dicas de viagem, v\u00eddeos e podcast.","robots":{"index":"index","follow":"follow","max-snippet":"max-snippet:-1","max-image-preview":"max-image-preview:large","max-video-preview":"max-video-preview:-1"},"canonical":"https:\/\/www.travel3.com.br\/site\/sem-categoria\/saida-do-reino-unido-da-ue-ameacara-a-paz-na-europa-diz-cameron\/","og_locale":"pt_BR","og_type":"article","og_title":"\"SA\u00cdDA DO REINO UNIDO DA UE AMEA\u00c7AR\u00c1 A PAZ NA EUROPA\" DIZ CAMERON - Travel3","og_description":"A TRAVEL3 \u00e9 um portal de conte\u00fado voltado para o turismo, encontre destinos, viagens, hospedagem, passagens, guias, not\u00edcias sobre o mercado do turismo, dicas de viagem, v\u00eddeos e podcast.","og_url":"https:\/\/www.travel3.com.br\/site\/sem-categoria\/saida-do-reino-unido-da-ue-ameacara-a-paz-na-europa-diz-cameron\/","og_site_name":"Travel3","article_publisher":"https:\/\/www.facebook.com\/travel3media\/","article_published_time":"2017-08-19T10:41:45+00:00","author":"admin","twitter_card":"summary_large_image","twitter_misc":{"Escrito por":"admin","Est. tempo de leitura":"2 minutos"},"schema":{"@context":"https:\/\/schema.org","@graph":[{"@type":"Article","@id":"https:\/\/www.travel3.com.br\/site\/sem-categoria\/saida-do-reino-unido-da-ue-ameacara-a-paz-na-europa-diz-cameron\/#article","isPartOf":{"@id":"https:\/\/www.travel3.com.br\/site\/sem-categoria\/saida-do-reino-unido-da-ue-ameacara-a-paz-na-europa-diz-cameron\/"},"author":{"name":"admin","@id":"https:\/\/www.travel3.com.br\/site\/#\/schema\/person\/a69d71e41a024999b6ab82369ac0bd1e"},"headline":"&#8220;SA\u00cdDA DO REINO UNIDO DA UE AMEA\u00c7AR\u00c1 A PAZ NA EUROPA&#8221; DIZ CAMERON","datePublished":"2017-08-19T10:41:45+00:00","mainEntityOfPage":{"@id":"https:\/\/www.travel3.com.br\/site\/sem-categoria\/saida-do-reino-unido-da-ue-ameacara-a-paz-na-europa-diz-cameron\/"},"wordCount":334,"commentCount":0,"publisher":{"@id":"https:\/\/www.travel3.com.br\/site\/#organization"},"inLanguage":"pt-BR","potentialAction":[{"@type":"CommentAction","name":"Comment","target":["https:\/\/www.travel3.com.br\/site\/sem-categoria\/saida-do-reino-unido-da-ue-ameacara-a-paz-na-europa-diz-cameron\/#respond"]}]},{"@type":"WebPage","@id":"https:\/\/www.travel3.com.br\/site\/sem-categoria\/saida-do-reino-unido-da-ue-ameacara-a-paz-na-europa-diz-cameron\/","url":"https:\/\/www.travel3.com.br\/site\/sem-categoria\/saida-do-reino-unido-da-ue-ameacara-a-paz-na-europa-diz-cameron\/","name":"\"SA\u00cdDA DO REINO UNIDO DA UE AMEA\u00c7AR\u00c1 A PAZ NA EUROPA\" DIZ CAMERON - Travel3","isPartOf":{"@id":"https:\/\/www.travel3.com.br\/site\/#website"},"datePublished":"2017-08-19T10:41:45+00:00","description":"A TRAVEL3 \u00e9 um portal de conte\u00fado voltado para o turismo, encontre destinos, viagens, hospedagem, passagens, guias, not\u00edcias sobre o mercado do turismo, dicas de viagem, v\u00eddeos e podcast.","breadcrumb":{"@id":"https:\/\/www.travel3.com.br\/site\/sem-categoria\/saida-do-reino-unido-da-ue-ameacara-a-paz-na-europa-diz-cameron\/#breadcrumb"},"inLanguage":"pt-BR","potentialAction":[{"@type":"ReadAction","target":["https:\/\/www.travel3.com.br\/site\/sem-categoria\/saida-do-reino-unido-da-ue-ameacara-a-paz-na-europa-diz-cameron\/"]}]},{"@type":"BreadcrumbList","@id":"https:\/\/www.travel3.com.br\/site\/sem-categoria\/saida-do-reino-unido-da-ue-ameacara-a-paz-na-europa-diz-cameron\/#breadcrumb","itemListElement":[{"@type":"ListItem","position":1,"name":"In\u00edcio","item":"https:\/\/www.travel3.com.br\/site\/"},{"@type":"ListItem","position":2,"name":"&#8220;SA\u00cdDA DO REINO UNIDO DA UE AMEA\u00c7AR\u00c1 A PAZ NA EUROPA&#8221; DIZ CAMERON"}]},{"@type":"WebSite","@id":"https:\/\/www.travel3.com.br\/site\/#website","url":"https:\/\/www.travel3.com.br\/site\/","name":"Travel3","description":"Lazer + Neg&oacute;cios + Aventura","publisher":{"@id":"https:\/\/www.travel3.com.br\/site\/#organization"},"potentialAction":[{"@type":"SearchAction","target":{"@type":"EntryPoint","urlTemplate":"https:\/\/www.travel3.com.br\/site\/?s={search_term_string}"},"query-input":{"@type":"PropertyValueSpecification","valueRequired":true,"valueName":"search_term_string"}}],"inLanguage":"pt-BR"},{"@type":"Organization","@id":"https:\/\/www.travel3.com.br\/site\/#organization","name":"Travel3","url":"https:\/\/www.travel3.com.br\/site\/","logo":{"@type":"ImageObject","inLanguage":"pt-BR","@id":"https:\/\/www.travel3.com.br\/site\/#\/schema\/logo\/image\/","url":"https:\/\/www.travel3.com.br\/site\/wp-content\/uploads\/2020\/01\/logo-travel3-2020.png","contentUrl":"https:\/\/www.travel3.com.br\/site\/wp-content\/uploads\/2020\/01\/logo-travel3-2020.png","width":232,"height":79,"caption":"Travel3"},"image":{"@id":"https:\/\/www.travel3.com.br\/site\/#\/schema\/logo\/image\/"},"sameAs":["https:\/\/www.facebook.com\/travel3media\/","https:\/\/www.instagram.com\/revistatravel3\/","https:\/\/www.youtube.com\/channel\/UCno7J4paGBR3VbZQzvoJ9Eg"]},{"@type":"Person","@id":"https:\/\/www.travel3.com.br\/site\/#\/schema\/person\/a69d71e41a024999b6ab82369ac0bd1e","name":"admin","image":{"@type":"ImageObject","inLanguage":"pt-BR","@id":"https:\/\/www.travel3.com.br\/site\/#\/schema\/person\/image\/","url":"https:\/\/secure.gravatar.com\/avatar\/732a67adfd764da2a47ba10ce731c4c0?s=96&d=mm&r=g","contentUrl":"https:\/\/secure.gravatar.com\/avatar\/732a67adfd764da2a47ba10ce731c4c0?s=96&d=mm&r=g","caption":"admin"},"url":"https:\/\/www.travel3.com.br\/site\/author\/admin\/"}]}},"_links":{"self":[{"href":"https:\/\/www.travel3.com.br\/site\/wp-json\/wp\/v2\/posts\/5647","targetHints":{"allow":["GET"]}}],"collection":[{"href":"https:\/\/www.travel3.com.br\/site\/wp-json\/wp\/v2\/posts"}],"about":[{"href":"https:\/\/www.travel3.com.br\/site\/wp-json\/wp\/v2\/types\/post"}],"author":[{"embeddable":true,"href":"https:\/\/www.travel3.com.br\/site\/wp-json\/wp\/v2\/users\/1"}],"replies":[{"embeddable":true,"href":"https:\/\/www.travel3.com.br\/site\/wp-json\/wp\/v2\/comments?post=5647"}],"version-history":[{"count":0,"href":"https:\/\/www.travel3.com.br\/site\/wp-json\/wp\/v2\/posts\/5647\/revisions"}],"wp:attachment":[{"href":"https:\/\/www.travel3.com.br\/site\/wp-json\/wp\/v2\/media?parent=5647"}],"wp:term":[{"taxonomy":"category","embeddable":true,"href":"https:\/\/www.travel3.com.br\/site\/wp-json\/wp\/v2\/categories?post=5647"},{"taxonomy":"post_tag","embeddable":true,"href":"https:\/\/www.travel3.com.br\/site\/wp-json\/wp\/v2\/tags?post=5647"}],"curies":[{"name":"wp","href":"https:\/\/api.w.org\/{rel}","templated":true}]}}